{"id":40685,"date":"2023-12-07T10:55:28","date_gmt":"2023-12-07T09:55:28","guid":{"rendered":"https:\/\/progettotouring.it\/radiotouring104\/?p=40685"},"modified":"2023-12-07T14:19:16","modified_gmt":"2023-12-07T13:19:16","slug":"calabria-losservatorio-regionale-per-lo-sport-incontra-la-vicepresidente-princi","status":"publish","type":"post","link":"https:\/\/progettotouring.it\/radiotouring104\/2023\/12\/07\/calabria-losservatorio-regionale-per-lo-sport-incontra-la-vicepresidente-princi\/","title":{"rendered":"Calabria: l&#8217;Osservatorio regionale per lo sport incontra la vicepresidente Princi"},"content":{"rendered":"<p style=\"text-align: justify\">L\u2019osservatorio regionale per lo sport con tutti i suoi componenti ha incontrato presso la sede dell\u2019assessorato allo sport della regione Calabria l\u2019assessore, nonch\u00e9 vicepresidente della <strong>Giunta regionale Prof.ssa Giusy Princi. <\/strong>Durante l\u2019incontro il presidente dell\u2019Osservatorio, Avv. <strong>Fabio<\/strong> <strong>Colella<\/strong>, ha illustrato gli ambiti di intervento entro i quali l\u2019organismo neocostituito si muover\u00e0, a contatto con le federazioni Sportive e con tutto il mondo dello sport. Tra gli argomenti trattati non sono mancate interlocuzioni sulla promozione del processo di monitoraggio della domanda di impiantistica sportiva con l\u2019individuazione del fabbisogno in relazione alla pratica sportiva nei diversi contesti territoriali e della necessit\u00e0 di svolgere studi, ricerche, promozione e consulenza per i programmi regionali relativi al mondo sportivo<\/p>\n<p style=\"text-align: justify\">Nel particolare l\u2019avv. <strong>Fabio Colella<\/strong> ha dichiarato:<em> \u201cringrazio l\u2019assessore <strong>Princi<\/strong> per l\u2019attenzione che mette nello sport calabrese: in tal senso, l\u2019ultimo progetto presentato alla <strong>Cittadella \u201cLa Calabria per i giovani\u201d<\/strong> che prevede la creazione di voucher per permettere l\u2019accesso alla pratica sportiva a tutti i giovani calabresi, si muove verso la direzione che auspichiamo come osservatorio\u201d. <\/em><\/p>\n<p style=\"text-align: justify\">Il presidente dell\u2019organismo ha proseguito: \u201c<em>l\u2019altro tassello non di meno conto \u00e8 sistemare l\u2019impiantistica sportiva regionale avviando dapprima un monitoraggio dell\u2019esistente e di ci\u00f2 che ancora deve concludersi; poi, promuovendo impianti sportivi che servano il territorio e soddisfino la domanda sportiva. In tale prospettiva, gli impianti pubblici e privati devono avere le stesse attenzioni per affrontare le sfide del futuro.\u201d<\/em><\/p>\n<p>La vicepresidente prof.ssa Princi dal canto suo, ringraziando il presidente Colella e tutti i componenti dell\u2019osservatorio, si \u00e8 dimostrata soddisfatta dell\u2019incontro e si \u00e8 dichiarata molto disponibile a collaborare con questo importante organismo per elevare la qualit\u00e0 dello sport calabrese e le opportunit\u00e0 che in tale senso si vorranno garantire ai giovani e ai meno giovani.<\/p>\n<p style=\"text-align: justify\">Presenti all\u2019incontro, oltre al presidente Fabio Colella, i componenti dell\u2019osservatorio: Salvatore Cropanise (segretario), Trimboli Francesco, Starace Maria, Zicarelli Michele e l\u2019Avv. Giovanni Fedele (Dirigente Area Processo legislativo e Assistenza giuridica del Consiglio regionale).<\/p>\n","protected":false},"excerpt":{"rendered":"<p>L\u2019osservatorio regionale per lo sport con tutti i suoi componenti ha incontrato presso la sede dell\u2019assessorato allo sport della regione Calabria l\u2019assessore, nonch\u00e9 vicepresidente della Giunta regionale Prof.ssa Giusy Princi.&hellip;<\/p>\n","protected":false},"author":8,"featured_media":40686,"comment_status":"closed","ping_status":"open","sticky":false,"template":"","format":"standard","meta":{"_jetpack_memberships_contains_paid_content":false,"footnotes":"","jetpack_publicize_message":"","jetpack_publicize_feature_enabled":true,"jetpack_social_post_already_shared":false,"jetpack_social_options":{"image_generator_settings":{"template":"highway","default_image_id":0,"font":"","enabled":false},"version":2}},"categories":[142,196,144],"tags":[6084,1839,25270],"class_list":["post-40685","post","type-post","status-publish","format-standard","has-post-thumbnail","hentry","category-calabria","category-news","category-sport","tag-giunta-regionale","tag-giusy-princi","tag-osservatorio-regionale-per-lo-sport"],"yoast_head":"<!-- This site is optimized with the Yoast SEO plugin v27.2 - https:\/\/yoast.com\/product\/yoast-seo-wordpress\/ -->\n<title>Calabria: l&#039;Osservatorio regionale per lo sport incontra la vicepresidente Princi - Radio Touring 104<\/title>\n<meta name=\"description\" content=\"L\u2019osservatorio regionale per lo sport con tutti i suoi componenti ha incontrato nella sede dell\u2019assessorato allo sport l&#039;assessore Princi.\" \/>\n<meta name=\"robots\" content=\"index, follow, max-snippet:-1, max-image-preview:large, max-video-preview:-1\" \/>\n<link rel=\"canonical\" href=\"https:\/\/progettotouring.it\/radiotouring104\/2023\/12\/07\/calabria-losservatorio-regionale-per-lo-sport-incontra-la-vicepresidente-princi\/\" \/>\n<meta property=\"og:locale\" content=\"it_IT\" \/>\n<meta property=\"og:type\" content=\"article\" \/>\n<meta property=\"og:title\" content=\"Calabria: l&#039;Osservatorio regionale per lo sport incontra la vicepresidente Princi - Radio Touring 104\" \/>\n<meta property=\"og:description\" content=\"L\u2019osservatorio regionale per lo sport con tutti i suoi componenti ha incontrato nella sede dell\u2019assessorato allo sport l&#039;assessore Princi.\" \/>\n<meta property=\"og:url\" content=\"https:\/\/progettotouring.it\/radiotouring104\/2023\/12\/07\/calabria-losservatorio-regionale-per-lo-sport-incontra-la-vicepresidente-princi\/\" \/>\n<meta property=\"og:site_name\" content=\"Radio Touring 104\" \/>\n<meta property=\"article:published_time\" content=\"2023-12-07T09:55:28+00:00\" \/>\n<meta property=\"article:modified_time\" content=\"2023-12-07T13:19:16+00:00\" \/>\n<meta property=\"og:image\" content=\"https:\/\/progettotouring.it\/radiotouring104\/wp-content\/uploads\/sites\/6\/2023\/12\/princi.jpg\" \/>\n\t<meta property=\"og:image:width\" content=\"2000\" \/>\n\t<meta property=\"og:image:height\" content=\"1500\" \/>\n\t<meta property=\"og:image:type\" content=\"image\/jpeg\" \/>\n<meta name=\"author\" content=\"Filippo Francesco Idone\" \/>\n<meta name=\"twitter:card\" content=\"summary_large_image\" \/>\n<meta name=\"twitter:label1\" content=\"Scritto da\" \/>\n\t<meta name=\"twitter:data1\" content=\"Filippo Francesco Idone\" \/>\n\t<meta name=\"twitter:label2\" content=\"Tempo di lettura stimato\" \/>\n\t<meta name=\"twitter:data2\" content=\"2 minuti\" \/>\n<script type=\"application\/ld+json\" class=\"yoast-schema-graph\">{\"@context\":\"https:\/\/schema.org\",\"@graph\":[{\"@type\":\"Article\",\"@id\":\"https:\/\/progettotouring.it\/radiotouring104\/2023\/12\/07\/calabria-losservatorio-regionale-per-lo-sport-incontra-la-vicepresidente-princi\/#article\",\"isPartOf\":{\"@id\":\"https:\/\/progettotouring.it\/radiotouring104\/2023\/12\/07\/calabria-losservatorio-regionale-per-lo-sport-incontra-la-vicepresidente-princi\/\"},\"author\":{\"name\":\"Filippo Francesco Idone\",\"@id\":\"https:\/\/progettotouring.it\/radiotouring104\/#\/schema\/person\/4a82259ca52ac8702ad1a8f9e5a3120b\"},\"headline\":\"Calabria: l&#8217;Osservatorio regionale per lo sport incontra la vicepresidente Princi\",\"datePublished\":\"2023-12-07T09:55:28+00:00\",\"dateModified\":\"2023-12-07T13:19:16+00:00\",\"mainEntityOfPage\":{\"@id\":\"https:\/\/progettotouring.it\/radiotouring104\/2023\/12\/07\/calabria-losservatorio-regionale-per-lo-sport-incontra-la-vicepresidente-princi\/\"},\"wordCount\":349,\"publisher\":{\"@id\":\"https:\/\/progettotouring.it\/radiotouring104\/#organization\"},\"image\":{\"@id\":\"https:\/\/progettotouring.it\/radiotouring104\/2023\/12\/07\/calabria-losservatorio-regionale-per-lo-sport-incontra-la-vicepresidente-princi\/#primaryimage\"},\"thumbnailUrl\":\"https:\/\/progettotouring.it\/radiotouring104\/wp-content\/uploads\/sites\/6\/2023\/12\/princi.jpg\",\"keywords\":[\"giunta regionale\",\"Giusy Princi\",\"Osservatorio regionale per lo sport\"],\"articleSection\":[\"Calabria\",\"News\",\"Sport\"],\"inLanguage\":\"it-IT\"},{\"@type\":\"WebPage\",\"@id\":\"https:\/\/progettotouring.it\/radiotouring104\/2023\/12\/07\/calabria-losservatorio-regionale-per-lo-sport-incontra-la-vicepresidente-princi\/\",\"url\":\"https:\/\/progettotouring.it\/radiotouring104\/2023\/12\/07\/calabria-losservatorio-regionale-per-lo-sport-incontra-la-vicepresidente-princi\/\",\"name\":\"Calabria: l'Osservatorio regionale per lo sport incontra la vicepresidente Princi - Radio Touring 104\",\"isPartOf\":{\"@id\":\"https:\/\/progettotouring.it\/radiotouring104\/#website\"},\"primaryImageOfPage\":{\"@id\":\"https:\/\/progettotouring.it\/radiotouring104\/2023\/12\/07\/calabria-losservatorio-regionale-per-lo-sport-incontra-la-vicepresidente-princi\/#primaryimage\"},\"image\":{\"@id\":\"https:\/\/progettotouring.it\/radiotouring104\/2023\/12\/07\/calabria-losservatorio-regionale-per-lo-sport-incontra-la-vicepresidente-princi\/#primaryimage\"},\"thumbnailUrl\":\"https:\/\/progettotouring.it\/radiotouring104\/wp-content\/uploads\/sites\/6\/2023\/12\/princi.jpg\",\"datePublished\":\"2023-12-07T09:55:28+00:00\",\"dateModified\":\"2023-12-07T13:19:16+00:00\",\"description\":\"L\u2019osservatorio regionale per lo sport con tutti i suoi componenti ha incontrato nella sede dell\u2019assessorato allo sport l'assessore Princi.\",\"breadcrumb\":{\"@id\":\"https:\/\/progettotouring.it\/radiotouring104\/2023\/12\/07\/calabria-losservatorio-regionale-per-lo-sport-incontra-la-vicepresidente-princi\/#breadcrumb\"},\"inLanguage\":\"it-IT\",\"potentialAction\":[{\"@type\":\"ReadAction\",\"target\":[\"https:\/\/progettotouring.it\/radiotouring104\/2023\/12\/07\/calabria-losservatorio-regionale-per-lo-sport-incontra-la-vicepresidente-princi\/\"]}]},{\"@type\":\"ImageObject\",\"inLanguage\":\"it-IT\",\"@id\":\"https:\/\/progettotouring.it\/radiotouring104\/2023\/12\/07\/calabria-losservatorio-regionale-per-lo-sport-incontra-la-vicepresidente-princi\/#primaryimage\",\"url\":\"https:\/\/progettotouring.it\/radiotouring104\/wp-content\/uploads\/sites\/6\/2023\/12\/princi.jpg\",\"contentUrl\":\"https:\/\/progettotouring.it\/radiotouring104\/wp-content\/uploads\/sites\/6\/2023\/12\/princi.jpg\",\"width\":2000,\"height\":1500},{\"@type\":\"BreadcrumbList\",\"@id\":\"https:\/\/progettotouring.it\/radiotouring104\/2023\/12\/07\/calabria-losservatorio-regionale-per-lo-sport-incontra-la-vicepresidente-princi\/#breadcrumb\",\"itemListElement\":[{\"@type\":\"ListItem\",\"position\":1,\"name\":\"Home\",\"item\":\"https:\/\/progettotouring.it\/radiotouring104\/\"},{\"@type\":\"ListItem\",\"position\":2,\"name\":\"Calabria: l&#8217;Osservatorio regionale per lo sport incontra la vicepresidente Princi\"}]},{\"@type\":\"WebSite\",\"@id\":\"https:\/\/progettotouring.it\/radiotouring104\/#website\",\"url\":\"https:\/\/progettotouring.it\/radiotouring104\/\",\"name\":\"Radio Touring 104\",\"description\":\"La prima radio Reggina\",\"publisher\":{\"@id\":\"https:\/\/progettotouring.it\/radiotouring104\/#organization\"},\"potentialAction\":[{\"@type\":\"SearchAction\",\"target\":{\"@type\":\"EntryPoint\",\"urlTemplate\":\"https:\/\/progettotouring.it\/radiotouring104\/?s={search_term_string}\"},\"query-input\":{\"@type\":\"PropertyValueSpecification\",\"valueRequired\":true,\"valueName\":\"search_term_string\"}}],\"inLanguage\":\"it-IT\"},{\"@type\":\"Organization\",\"@id\":\"https:\/\/progettotouring.it\/radiotouring104\/#organization\",\"name\":\"Radio Touring 104\",\"url\":\"https:\/\/progettotouring.it\/radiotouring104\/\",\"logo\":{\"@type\":\"ImageObject\",\"inLanguage\":\"it-IT\",\"@id\":\"https:\/\/progettotouring.it\/radiotouring104\/#\/schema\/logo\/image\/\",\"url\":\"https:\/\/progettotouring.it\/radiotouring104\/wp-content\/uploads\/sites\/6\/2022\/02\/cropped-logo-radio-touring-104.png\",\"contentUrl\":\"https:\/\/progettotouring.it\/radiotouring104\/wp-content\/uploads\/sites\/6\/2022\/02\/cropped-logo-radio-touring-104.png\",\"width\":377,\"height\":182,\"caption\":\"Radio Touring 104\"},\"image\":{\"@id\":\"https:\/\/progettotouring.it\/radiotouring104\/#\/schema\/logo\/image\/\"}},{\"@type\":\"Person\",\"@id\":\"https:\/\/progettotouring.it\/radiotouring104\/#\/schema\/person\/4a82259ca52ac8702ad1a8f9e5a3120b\",\"name\":\"Filippo Francesco Idone\",\"image\":{\"@type\":\"ImageObject\",\"inLanguage\":\"it-IT\",\"@id\":\"https:\/\/secure.gravatar.com\/avatar\/7268715d2366395c3dd314385670e6484117d44f5c442e61e230f7008b7b62d3?s=96&d=mm&r=g\",\"url\":\"https:\/\/secure.gravatar.com\/avatar\/7268715d2366395c3dd314385670e6484117d44f5c442e61e230f7008b7b62d3?s=96&d=mm&r=g\",\"contentUrl\":\"https:\/\/secure.gravatar.com\/avatar\/7268715d2366395c3dd314385670e6484117d44f5c442e61e230f7008b7b62d3?s=96&d=mm&r=g\",\"caption\":\"Filippo Francesco Idone\"},\"url\":\"https:\/\/progettotouring.it\/radiotouring104\/author\/filippoidone\/\"}]}<\/script>\n<!-- \/ Yoast SEO plugin. -->","yoast_head_json":{"title":"Calabria: l'Osservatorio regionale per lo sport incontra la vicepresidente Princi - Radio Touring 104","description":"L\u2019osservatorio regionale per lo sport con tutti i suoi componenti ha incontrato nella sede dell\u2019assessorato allo sport l'assessore Princi.","robots":{"index":"index","follow":"follow","max-snippet":"max-snippet:-1","max-image-preview":"max-image-preview:large","max-video-preview":"max-video-preview:-1"},"canonical":"https:\/\/progettotouring.it\/radiotouring104\/2023\/12\/07\/calabria-losservatorio-regionale-per-lo-sport-incontra-la-vicepresidente-princi\/","og_locale":"it_IT","og_type":"article","og_title":"Calabria: l'Osservatorio regionale per lo sport incontra la vicepresidente Princi - Radio Touring 104","og_description":"L\u2019osservatorio regionale per lo sport con tutti i suoi componenti ha incontrato nella sede dell\u2019assessorato allo sport l'assessore Princi.","og_url":"https:\/\/progettotouring.it\/radiotouring104\/2023\/12\/07\/calabria-losservatorio-regionale-per-lo-sport-incontra-la-vicepresidente-princi\/","og_site_name":"Radio Touring 104","article_published_time":"2023-12-07T09:55:28+00:00","article_modified_time":"2023-12-07T13:19:16+00:00","og_image":[{"width":2000,"height":1500,"url":"https:\/\/progettotouring.it\/radiotouring104\/wp-content\/uploads\/sites\/6\/2023\/12\/princi.jpg","type":"image\/jpeg"}],"author":"Filippo Francesco Idone","twitter_card":"summary_large_image","twitter_misc":{"Scritto da":"Filippo Francesco Idone","Tempo di lettura stimato":"2 minuti"},"schema":{"@context":"https:\/\/schema.org","@graph":[{"@type":"Article","@id":"https:\/\/progettotouring.it\/radiotouring104\/2023\/12\/07\/calabria-losservatorio-regionale-per-lo-sport-incontra-la-vicepresidente-princi\/#article","isPartOf":{"@id":"https:\/\/progettotouring.it\/radiotouring104\/2023\/12\/07\/calabria-losservatorio-regionale-per-lo-sport-incontra-la-vicepresidente-princi\/"},"author":{"name":"Filippo Francesco Idone","@id":"https:\/\/progettotouring.it\/radiotouring104\/#\/schema\/person\/4a82259ca52ac8702ad1a8f9e5a3120b"},"headline":"Calabria: l&#8217;Osservatorio regionale per lo sport incontra la vicepresidente Princi","datePublished":"2023-12-07T09:55:28+00:00","dateModified":"2023-12-07T13:19:16+00:00","mainEntityOfPage":{"@id":"https:\/\/progettotouring.it\/radiotouring104\/2023\/12\/07\/calabria-losservatorio-regionale-per-lo-sport-incontra-la-vicepresidente-princi\/"},"wordCount":349,"publisher":{"@id":"https:\/\/progettotouring.it\/radiotouring104\/#organization"},"image":{"@id":"https:\/\/progettotouring.it\/radiotouring104\/2023\/12\/07\/calabria-losservatorio-regionale-per-lo-sport-incontra-la-vicepresidente-princi\/#primaryimage"},"thumbnailUrl":"https:\/\/progettotouring.it\/radiotouring104\/wp-content\/uploads\/sites\/6\/2023\/12\/princi.jpg","keywords":["giunta regionale","Giusy Princi","Osservatorio regionale per lo sport"],"articleSection":["Calabria","News","Sport"],"inLanguage":"it-IT"},{"@type":"WebPage","@id":"https:\/\/progettotouring.it\/radiotouring104\/2023\/12\/07\/calabria-losservatorio-regionale-per-lo-sport-incontra-la-vicepresidente-princi\/","url":"https:\/\/progettotouring.it\/radiotouring104\/2023\/12\/07\/calabria-losservatorio-regionale-per-lo-sport-incontra-la-vicepresidente-princi\/","name":"Calabria: l'Osservatorio regionale per lo sport incontra la vicepresidente Princi - Radio Touring 104","isPartOf":{"@id":"https:\/\/progettotouring.it\/radiotouring104\/#website"},"primaryImageOfPage":{"@id":"https:\/\/progettotouring.it\/radiotouring104\/2023\/12\/07\/calabria-losservatorio-regionale-per-lo-sport-incontra-la-vicepresidente-princi\/#primaryimage"},"image":{"@id":"https:\/\/progettotouring.it\/radiotouring104\/2023\/12\/07\/calabria-losservatorio-regionale-per-lo-sport-incontra-la-vicepresidente-princi\/#primaryimage"},"thumbnailUrl":"https:\/\/progettotouring.it\/radiotouring104\/wp-content\/uploads\/sites\/6\/2023\/12\/princi.jpg","datePublished":"2023-12-07T09:55:28+00:00","dateModified":"2023-12-07T13:19:16+00:00","description":"L\u2019osservatorio regionale per lo sport con tutti i suoi componenti ha incontrato nella sede dell\u2019assessorato allo sport l'assessore Princi.","breadcrumb":{"@id":"https:\/\/progettotouring.it\/radiotouring104\/2023\/12\/07\/calabria-losservatorio-regionale-per-lo-sport-incontra-la-vicepresidente-princi\/#breadcrumb"},"inLanguage":"it-IT","potentialAction":[{"@type":"ReadAction","target":["https:\/\/progettotouring.it\/radiotouring104\/2023\/12\/07\/calabria-losservatorio-regionale-per-lo-sport-incontra-la-vicepresidente-princi\/"]}]},{"@type":"ImageObject","inLanguage":"it-IT","@id":"https:\/\/progettotouring.it\/radiotouring104\/2023\/12\/07\/calabria-losservatorio-regionale-per-lo-sport-incontra-la-vicepresidente-princi\/#primaryimage","url":"https:\/\/progettotouring.it\/radiotouring104\/wp-content\/uploads\/sites\/6\/2023\/12\/princi.jpg","contentUrl":"https:\/\/progettotouring.it\/radiotouring104\/wp-content\/uploads\/sites\/6\/2023\/12\/princi.jpg","width":2000,"height":1500},{"@type":"BreadcrumbList","@id":"https:\/\/progettotouring.it\/radiotouring104\/2023\/12\/07\/calabria-losservatorio-regionale-per-lo-sport-incontra-la-vicepresidente-princi\/#breadcrumb","itemListElement":[{"@type":"ListItem","position":1,"name":"Home","item":"https:\/\/progettotouring.it\/radiotouring104\/"},{"@type":"ListItem","position":2,"name":"Calabria: l&#8217;Osservatorio regionale per lo sport incontra la vicepresidente Princi"}]},{"@type":"WebSite","@id":"https:\/\/progettotouring.it\/radiotouring104\/#website","url":"https:\/\/progettotouring.it\/radiotouring104\/","name":"Radio Touring 104","description":"La prima radio Reggina","publisher":{"@id":"https:\/\/progettotouring.it\/radiotouring104\/#organization"},"potentialAction":[{"@type":"SearchAction","target":{"@type":"EntryPoint","urlTemplate":"https:\/\/progettotouring.it\/radiotouring104\/?s={search_term_string}"},"query-input":{"@type":"PropertyValueSpecification","valueRequired":true,"valueName":"search_term_string"}}],"inLanguage":"it-IT"},{"@type":"Organization","@id":"https:\/\/progettotouring.it\/radiotouring104\/#organization","name":"Radio Touring 104","url":"https:\/\/progettotouring.it\/radiotouring104\/","logo":{"@type":"ImageObject","inLanguage":"it-IT","@id":"https:\/\/progettotouring.it\/radiotouring104\/#\/schema\/logo\/image\/","url":"https:\/\/progettotouring.it\/radiotouring104\/wp-content\/uploads\/sites\/6\/2022\/02\/cropped-logo-radio-touring-104.png","contentUrl":"https:\/\/progettotouring.it\/radiotouring104\/wp-content\/uploads\/sites\/6\/2022\/02\/cropped-logo-radio-touring-104.png","width":377,"height":182,"caption":"Radio Touring 104"},"image":{"@id":"https:\/\/progettotouring.it\/radiotouring104\/#\/schema\/logo\/image\/"}},{"@type":"Person","@id":"https:\/\/progettotouring.it\/radiotouring104\/#\/schema\/person\/4a82259ca52ac8702ad1a8f9e5a3120b","name":"Filippo Francesco Idone","image":{"@type":"ImageObject","inLanguage":"it-IT","@id":"https:\/\/secure.gravatar.com\/avatar\/7268715d2366395c3dd314385670e6484117d44f5c442e61e230f7008b7b62d3?s=96&d=mm&r=g","url":"https:\/\/secure.gravatar.com\/avatar\/7268715d2366395c3dd314385670e6484117d44f5c442e61e230f7008b7b62d3?s=96&d=mm&r=g","contentUrl":"https:\/\/secure.gravatar.com\/avatar\/7268715d2366395c3dd314385670e6484117d44f5c442e61e230f7008b7b62d3?s=96&d=mm&r=g","caption":"Filippo Francesco Idone"},"url":"https:\/\/progettotouring.it\/radiotouring104\/author\/filippoidone\/"}]}},"jetpack_publicize_connections":[],"jetpack_featured_media_url":"https:\/\/progettotouring.it\/radiotouring104\/wp-content\/uploads\/sites\/6\/2023\/12\/princi.jpg","jetpack_sharing_enabled":true,"_links":{"self":[{"href":"https:\/\/progettotouring.it\/radiotouring104\/wp-json\/wp\/v2\/posts\/40685","targetHints":{"allow":["GET"]}}],"collection":[{"href":"https:\/\/progettotouring.it\/radiotouring104\/wp-json\/wp\/v2\/posts"}],"about":[{"href":"https:\/\/progettotouring.it\/radiotouring104\/wp-json\/wp\/v2\/types\/post"}],"author":[{"embeddable":true,"href":"https:\/\/progettotouring.it\/radiotouring104\/wp-json\/wp\/v2\/users\/8"}],"replies":[{"embeddable":true,"href":"https:\/\/progettotouring.it\/radiotouring104\/wp-json\/wp\/v2\/comments?post=40685"}],"version-history":[{"count":1,"href":"https:\/\/progettotouring.it\/radiotouring104\/wp-json\/wp\/v2\/posts\/40685\/revisions"}],"predecessor-version":[{"id":40687,"href":"https:\/\/progettotouring.it\/radiotouring104\/wp-json\/wp\/v2\/posts\/40685\/revisions\/40687"}],"wp:featuredmedia":[{"embeddable":true,"href":"https:\/\/progettotouring.it\/radiotouring104\/wp-json\/wp\/v2\/media\/40686"}],"wp:attachment":[{"href":"https:\/\/progettotouring.it\/radiotouring104\/wp-json\/wp\/v2\/media?parent=40685"}],"wp:term":[{"taxonomy":"category","embeddable":true,"href":"https:\/\/progettotouring.it\/radiotouring104\/wp-json\/wp\/v2\/categories?post=40685"},{"taxonomy":"post_tag","embeddable":true,"href":"https:\/\/progettotouring.it\/radiotouring104\/wp-json\/wp\/v2\/tags?post=40685"}],"curies":[{"name":"wp","href":"https:\/\/api.w.org\/{rel}","templated":true}]}}