{"id":40689,"date":"2023-12-07T12:21:11","date_gmt":"2023-12-07T11:21:11","guid":{"rendered":"https:\/\/progettotouring.it\/radiotouring104\/?p=40689"},"modified":"2023-12-07T14:24:24","modified_gmt":"2023-12-07T13:24:24","slug":"premio-muricello-due-eventi-con-protagonista-donne-e-professioniste-calabresi","status":"publish","type":"post","link":"https:\/\/progettotouring.it\/radiotouring104\/2023\/12\/07\/premio-muricello-due-eventi-con-protagonista-donne-e-professioniste-calabresi\/","title":{"rendered":"Premio Muricello: due eventi con protagonista donne e professioniste calabresi"},"content":{"rendered":"<p class=\"xmprfx_MsoNormal\" style=\"text-align: justify\">Si avvia alla conclusione l\u2019edizione 2023 del <strong>Premio<\/strong> <strong>Muricello<\/strong> e ha scelto di farlo con due eventi con protagonista due donne e professioniste di Calabria. Lo scorso 25 novembre ad Aiello Calabro la presentazione del libro di Annita Vitale \u201cZero\u201d allo scopo di raccontare in modo diverso la giornata dedicata al contrasto alla violenza di genere, mentre il due dicembre a Pizzo Calabro, nello scenografico Castello Aragonese, quella di<\/p>\n<p class=\"xmprfx_MsoNormal\">\u201cStelle meccaniche\u201d di Alessia Principe.<\/p>\n<p class=\"xmprfx_MsoNormal\" style=\"text-align: justify\"><em><strong>\u201cLa via tracciata \u00e8 chiara<\/strong> <\/em>\u2013 afferma l\u2019ideatore e promotore del Premio Antonio Chieffallo <em>&#8211; si sono succedute in scena donne professioniste <strong>della comunicazione e dello spettacolo per presentare altre donne.<\/strong> Inutile sottolineare la caratura delle due scrittrici che sono state protagoniste delle serate, la Vitale e la Principe, scelte per l\u2019originalit\u00e0 e la qualit\u00e0 della scrittura, nonch\u00e9 per l\u2019impegno sociale di cui i libri sono impregnati. Consta, invece, sottolineare la presenza di Giuliana Tenuta, la soprano che ha raccontato alcuni momenti emotivi nella serata dedicata ad Annita Vitale, di Maria Teresa Pedace, esperta di comunicazione, blogger e segretaria dell\u2019Associazione \u201cVenti\u201d, Ilaria Amodio, poetessa e performer che lancia un progetto di \u201cPoetry slam\u201d quasi un free style della poesia che si \u00e8 sviluppato negli ambiti delle grandi city e tocca oggi anche la <strong>Calabria<\/strong>, e Angelica Artemisia Pedatella, artista poliedrica, regista, attrice, autrice, performer fondatrice della <strong>Compagnia Teatrale BA17<\/strong> che rappresenta una realt\u00e0 di eccellenza della regione. Professioniste della cultura che il Premio Muricello ha portato in scena, rappresentanti di settori affini che stanno rinnovando i settori di cui si occupano\u201d.<\/em><\/p>\n<p class=\"xmprfx_MsoNormal\" style=\"text-align: justify\"><em>\u201cTra il 25 novembre e il 2 dicembre, che \u00e8 la data di nascita della Callas, una donna celebrata in tutto il mondo, il <strong>Premio Muricello<\/strong> ha voluto raccontare un\u2019altra Calabria<\/em> \u2013 aggiunge Chieffallo <em>&#8211; quella in cui davvero le donne sono protagoniste, e non perch\u00e9 ce le mettiamo noi, ma perch\u00e9 si sono create da sole uno spazio di professionalit\u00e0 che va riconosciuto. La promozione del sociale \u00e8 entrata con forza nel programma del <strong>Muricello<\/strong> perch\u00e9 oggi la promozione della lettura passa dalla promozione della persona\u201d.<\/em><\/p>\n<p class=\"xmprfx_MsoNormal\" style=\"text-align: justify\"><em>\u201cI lettori<\/em>\u00a0 &#8211; continua &#8211;\u00a0 <em>sono prima di tutto persone e aver trascurato le persone significa aver trascurato i libri, che sono da secoli la fonte principale della trasmissione del sapere sociale. E insieme ai libri sono state trascurate le donne, che sono le prime lettrici. Anzi, la letteratura commerciale si \u00e8 sviluppata grazie alle donne. Allora, il Muricello oggi rilancia le donne, per rilanciare in Calabria la lettura. Non ci piace fare le cose a caso&#8221;.<\/em> Plauso e soddisfazione da parte dei sindaci, Luca Lepore per Aiello Calabro e Sergio Pititto per Pizzo Calabro, che hanno assistito ad eventi di spessore, hanno potuto vedere i luoghi di cultura delle loro citt\u00e0 valorizzati dalla presenza preziosa di volti e parole che esprimono un nuovo modo di stare in Calabria, in una dimensione di recupero dell\u2019orgoglio di appartenere a questa terra e di avere radici che da qui possono proiettare oltre i tanti talenti che questa regione vanta. I libri raccontano le persone da ogni punto di vista ed il <strong>Premio<\/strong> <strong>Muricello<\/strong>, che racconta i libri, si \u00e8 soffermato a contemplare le persone.<\/p>\n","protected":false},"excerpt":{"rendered":"<p>Si avvia alla conclusione l\u2019edizione 2023 del Premio Muricello e ha scelto di farlo con due eventi con protagonista due donne e professioniste di Calabria. Lo scorso 25 novembre ad&hellip;<\/p>\n","protected":false},"author":8,"featured_media":40690,"comment_status":"closed","ping_status":"open","sticky":false,"template":"","format":"standard","meta":{"_jetpack_memberships_contains_paid_content":false,"footnotes":"","jetpack_publicize_message":"","jetpack_publicize_feature_enabled":true,"jetpack_social_post_already_shared":false,"jetpack_social_options":{"image_generator_settings":{"template":"highway","default_image_id":0,"font":"","enabled":false},"version":2}},"categories":[142,921,196],"tags":[25271,25272],"class_list":["post-40689","post","type-post","status-publish","format-standard","has-post-thumbnail","hentry","category-calabria","category-home","category-news","tag-compagnia-teatrale-ba17","tag-premio-muricello"],"yoast_head":"<!-- This site is optimized with the Yoast SEO plugin v27.2 - https:\/\/yoast.com\/product\/yoast-seo-wordpress\/ -->\n<title>Premio Muricello: due eventi con protagonista donne e professioniste calabresi - Radio Touring 104<\/title>\n<meta name=\"description\" content=\"Si avvia alla conclusione il Premio Muricello con due eventi che avranno protagoniste donne e professioniste della regione Calabria\" \/>\n<meta name=\"robots\" content=\"index, follow, max-snippet:-1, max-image-preview:large, max-video-preview:-1\" \/>\n<link rel=\"canonical\" href=\"https:\/\/progettotouring.it\/radiotouring104\/2023\/12\/07\/premio-muricello-due-eventi-con-protagonista-donne-e-professioniste-calabresi\/\" \/>\n<meta property=\"og:locale\" content=\"it_IT\" \/>\n<meta property=\"og:type\" content=\"article\" \/>\n<meta property=\"og:title\" content=\"Premio Muricello: due eventi con protagonista donne e professioniste calabresi - Radio Touring 104\" \/>\n<meta property=\"og:description\" content=\"Si avvia alla conclusione il Premio Muricello con due eventi che avranno protagoniste donne e professioniste della regione Calabria\" \/>\n<meta property=\"og:url\" content=\"https:\/\/progettotouring.it\/radiotouring104\/2023\/12\/07\/premio-muricello-due-eventi-con-protagonista-donne-e-professioniste-calabresi\/\" \/>\n<meta property=\"og:site_name\" content=\"Radio Touring 104\" \/>\n<meta property=\"article:published_time\" content=\"2023-12-07T11:21:11+00:00\" \/>\n<meta property=\"article:modified_time\" content=\"2023-12-07T13:24:24+00:00\" \/>\n<meta property=\"og:image\" content=\"https:\/\/progettotouring.it\/radiotouring104\/wp-content\/uploads\/sites\/6\/2023\/12\/muricello1.jpeg\" \/>\n\t<meta property=\"og:image:width\" content=\"1600\" \/>\n\t<meta property=\"og:image:height\" content=\"1066\" \/>\n\t<meta property=\"og:image:type\" content=\"image\/jpeg\" \/>\n<meta name=\"author\" content=\"Filippo Francesco Idone\" \/>\n<meta name=\"twitter:card\" content=\"summary_large_image\" \/>\n<meta name=\"twitter:label1\" content=\"Scritto da\" \/>\n\t<meta name=\"twitter:data1\" content=\"Filippo Francesco Idone\" \/>\n\t<meta name=\"twitter:label2\" content=\"Tempo di lettura stimato\" \/>\n\t<meta name=\"twitter:data2\" content=\"3 minuti\" \/>\n<script type=\"application\/ld+json\" class=\"yoast-schema-graph\">{\"@context\":\"https:\/\/schema.org\",\"@graph\":[{\"@type\":\"Article\",\"@id\":\"https:\/\/progettotouring.it\/radiotouring104\/2023\/12\/07\/premio-muricello-due-eventi-con-protagonista-donne-e-professioniste-calabresi\/#article\",\"isPartOf\":{\"@id\":\"https:\/\/progettotouring.it\/radiotouring104\/2023\/12\/07\/premio-muricello-due-eventi-con-protagonista-donne-e-professioniste-calabresi\/\"},\"author\":{\"name\":\"Filippo Francesco Idone\",\"@id\":\"https:\/\/progettotouring.it\/radiotouring104\/#\/schema\/person\/4a82259ca52ac8702ad1a8f9e5a3120b\"},\"headline\":\"Premio Muricello: due eventi con protagonista donne e professioniste calabresi\",\"datePublished\":\"2023-12-07T11:21:11+00:00\",\"dateModified\":\"2023-12-07T13:24:24+00:00\",\"mainEntityOfPage\":{\"@id\":\"https:\/\/progettotouring.it\/radiotouring104\/2023\/12\/07\/premio-muricello-due-eventi-con-protagonista-donne-e-professioniste-calabresi\/\"},\"wordCount\":529,\"publisher\":{\"@id\":\"https:\/\/progettotouring.it\/radiotouring104\/#organization\"},\"image\":{\"@id\":\"https:\/\/progettotouring.it\/radiotouring104\/2023\/12\/07\/premio-muricello-due-eventi-con-protagonista-donne-e-professioniste-calabresi\/#primaryimage\"},\"thumbnailUrl\":\"https:\/\/progettotouring.it\/radiotouring104\/wp-content\/uploads\/sites\/6\/2023\/12\/muricello1.jpeg\",\"keywords\":[\"Compagnia Teatrale BA17\",\"Premio Muricello\"],\"articleSection\":[\"Calabria\",\"Home\",\"News\"],\"inLanguage\":\"it-IT\"},{\"@type\":\"WebPage\",\"@id\":\"https:\/\/progettotouring.it\/radiotouring104\/2023\/12\/07\/premio-muricello-due-eventi-con-protagonista-donne-e-professioniste-calabresi\/\",\"url\":\"https:\/\/progettotouring.it\/radiotouring104\/2023\/12\/07\/premio-muricello-due-eventi-con-protagonista-donne-e-professioniste-calabresi\/\",\"name\":\"Premio Muricello: due eventi con protagonista donne e professioniste calabresi - Radio Touring 104\",\"isPartOf\":{\"@id\":\"https:\/\/progettotouring.it\/radiotouring104\/#website\"},\"primaryImageOfPage\":{\"@id\":\"https:\/\/progettotouring.it\/radiotouring104\/2023\/12\/07\/premio-muricello-due-eventi-con-protagonista-donne-e-professioniste-calabresi\/#primaryimage\"},\"image\":{\"@id\":\"https:\/\/progettotouring.it\/radiotouring104\/2023\/12\/07\/premio-muricello-due-eventi-con-protagonista-donne-e-professioniste-calabresi\/#primaryimage\"},\"thumbnailUrl\":\"https:\/\/progettotouring.it\/radiotouring104\/wp-content\/uploads\/sites\/6\/2023\/12\/muricello1.jpeg\",\"datePublished\":\"2023-12-07T11:21:11+00:00\",\"dateModified\":\"2023-12-07T13:24:24+00:00\",\"description\":\"Si avvia alla conclusione il Premio Muricello con due eventi che avranno protagoniste donne e professioniste della regione Calabria\",\"breadcrumb\":{\"@id\":\"https:\/\/progettotouring.it\/radiotouring104\/2023\/12\/07\/premio-muricello-due-eventi-con-protagonista-donne-e-professioniste-calabresi\/#breadcrumb\"},\"inLanguage\":\"it-IT\",\"potentialAction\":[{\"@type\":\"ReadAction\",\"target\":[\"https:\/\/progettotouring.it\/radiotouring104\/2023\/12\/07\/premio-muricello-due-eventi-con-protagonista-donne-e-professioniste-calabresi\/\"]}]},{\"@type\":\"ImageObject\",\"inLanguage\":\"it-IT\",\"@id\":\"https:\/\/progettotouring.it\/radiotouring104\/2023\/12\/07\/premio-muricello-due-eventi-con-protagonista-donne-e-professioniste-calabresi\/#primaryimage\",\"url\":\"https:\/\/progettotouring.it\/radiotouring104\/wp-content\/uploads\/sites\/6\/2023\/12\/muricello1.jpeg\",\"contentUrl\":\"https:\/\/progettotouring.it\/radiotouring104\/wp-content\/uploads\/sites\/6\/2023\/12\/muricello1.jpeg\",\"width\":1600,\"height\":1066},{\"@type\":\"BreadcrumbList\",\"@id\":\"https:\/\/progettotouring.it\/radiotouring104\/2023\/12\/07\/premio-muricello-due-eventi-con-protagonista-donne-e-professioniste-calabresi\/#breadcrumb\",\"itemListElement\":[{\"@type\":\"ListItem\",\"position\":1,\"name\":\"Home\",\"item\":\"https:\/\/progettotouring.it\/radiotouring104\/\"},{\"@type\":\"ListItem\",\"position\":2,\"name\":\"Premio Muricello: due eventi con protagonista donne e professioniste calabresi\"}]},{\"@type\":\"WebSite\",\"@id\":\"https:\/\/progettotouring.it\/radiotouring104\/#website\",\"url\":\"https:\/\/progettotouring.it\/radiotouring104\/\",\"name\":\"Radio Touring 104\",\"description\":\"La prima radio Reggina\",\"publisher\":{\"@id\":\"https:\/\/progettotouring.it\/radiotouring104\/#organization\"},\"potentialAction\":[{\"@type\":\"SearchAction\",\"target\":{\"@type\":\"EntryPoint\",\"urlTemplate\":\"https:\/\/progettotouring.it\/radiotouring104\/?s={search_term_string}\"},\"query-input\":{\"@type\":\"PropertyValueSpecification\",\"valueRequired\":true,\"valueName\":\"search_term_string\"}}],\"inLanguage\":\"it-IT\"},{\"@type\":\"Organization\",\"@id\":\"https:\/\/progettotouring.it\/radiotouring104\/#organization\",\"name\":\"Radio Touring 104\",\"url\":\"https:\/\/progettotouring.it\/radiotouring104\/\",\"logo\":{\"@type\":\"ImageObject\",\"inLanguage\":\"it-IT\",\"@id\":\"https:\/\/progettotouring.it\/radiotouring104\/#\/schema\/logo\/image\/\",\"url\":\"https:\/\/progettotouring.it\/radiotouring104\/wp-content\/uploads\/sites\/6\/2022\/02\/cropped-logo-radio-touring-104.png\",\"contentUrl\":\"https:\/\/progettotouring.it\/radiotouring104\/wp-content\/uploads\/sites\/6\/2022\/02\/cropped-logo-radio-touring-104.png\",\"width\":377,\"height\":182,\"caption\":\"Radio Touring 104\"},\"image\":{\"@id\":\"https:\/\/progettotouring.it\/radiotouring104\/#\/schema\/logo\/image\/\"}},{\"@type\":\"Person\",\"@id\":\"https:\/\/progettotouring.it\/radiotouring104\/#\/schema\/person\/4a82259ca52ac8702ad1a8f9e5a3120b\",\"name\":\"Filippo Francesco Idone\",\"image\":{\"@type\":\"ImageObject\",\"inLanguage\":\"it-IT\",\"@id\":\"https:\/\/secure.gravatar.com\/avatar\/7268715d2366395c3dd314385670e6484117d44f5c442e61e230f7008b7b62d3?s=96&d=mm&r=g\",\"url\":\"https:\/\/secure.gravatar.com\/avatar\/7268715d2366395c3dd314385670e6484117d44f5c442e61e230f7008b7b62d3?s=96&d=mm&r=g\",\"contentUrl\":\"https:\/\/secure.gravatar.com\/avatar\/7268715d2366395c3dd314385670e6484117d44f5c442e61e230f7008b7b62d3?s=96&d=mm&r=g\",\"caption\":\"Filippo Francesco Idone\"},\"url\":\"https:\/\/progettotouring.it\/radiotouring104\/author\/filippoidone\/\"}]}<\/script>\n<!-- \/ Yoast SEO plugin. -->","yoast_head_json":{"title":"Premio Muricello: due eventi con protagonista donne e professioniste calabresi - Radio Touring 104","description":"Si avvia alla conclusione il Premio Muricello con due eventi che avranno protagoniste donne e professioniste della regione Calabria","robots":{"index":"index","follow":"follow","max-snippet":"max-snippet:-1","max-image-preview":"max-image-preview:large","max-video-preview":"max-video-preview:-1"},"canonical":"https:\/\/progettotouring.it\/radiotouring104\/2023\/12\/07\/premio-muricello-due-eventi-con-protagonista-donne-e-professioniste-calabresi\/","og_locale":"it_IT","og_type":"article","og_title":"Premio Muricello: due eventi con protagonista donne e professioniste calabresi - Radio Touring 104","og_description":"Si avvia alla conclusione il Premio Muricello con due eventi che avranno protagoniste donne e professioniste della regione Calabria","og_url":"https:\/\/progettotouring.it\/radiotouring104\/2023\/12\/07\/premio-muricello-due-eventi-con-protagonista-donne-e-professioniste-calabresi\/","og_site_name":"Radio Touring 104","article_published_time":"2023-12-07T11:21:11+00:00","article_modified_time":"2023-12-07T13:24:24+00:00","og_image":[{"width":1600,"height":1066,"url":"https:\/\/progettotouring.it\/radiotouring104\/wp-content\/uploads\/sites\/6\/2023\/12\/muricello1.jpeg","type":"image\/jpeg"}],"author":"Filippo Francesco Idone","twitter_card":"summary_large_image","twitter_misc":{"Scritto da":"Filippo Francesco Idone","Tempo di lettura stimato":"3 minuti"},"schema":{"@context":"https:\/\/schema.org","@graph":[{"@type":"Article","@id":"https:\/\/progettotouring.it\/radiotouring104\/2023\/12\/07\/premio-muricello-due-eventi-con-protagonista-donne-e-professioniste-calabresi\/#article","isPartOf":{"@id":"https:\/\/progettotouring.it\/radiotouring104\/2023\/12\/07\/premio-muricello-due-eventi-con-protagonista-donne-e-professioniste-calabresi\/"},"author":{"name":"Filippo Francesco Idone","@id":"https:\/\/progettotouring.it\/radiotouring104\/#\/schema\/person\/4a82259ca52ac8702ad1a8f9e5a3120b"},"headline":"Premio Muricello: due eventi con protagonista donne e professioniste calabresi","datePublished":"2023-12-07T11:21:11+00:00","dateModified":"2023-12-07T13:24:24+00:00","mainEntityOfPage":{"@id":"https:\/\/progettotouring.it\/radiotouring104\/2023\/12\/07\/premio-muricello-due-eventi-con-protagonista-donne-e-professioniste-calabresi\/"},"wordCount":529,"publisher":{"@id":"https:\/\/progettotouring.it\/radiotouring104\/#organization"},"image":{"@id":"https:\/\/progettotouring.it\/radiotouring104\/2023\/12\/07\/premio-muricello-due-eventi-con-protagonista-donne-e-professioniste-calabresi\/#primaryimage"},"thumbnailUrl":"https:\/\/progettotouring.it\/radiotouring104\/wp-content\/uploads\/sites\/6\/2023\/12\/muricello1.jpeg","keywords":["Compagnia Teatrale BA17","Premio Muricello"],"articleSection":["Calabria","Home","News"],"inLanguage":"it-IT"},{"@type":"WebPage","@id":"https:\/\/progettotouring.it\/radiotouring104\/2023\/12\/07\/premio-muricello-due-eventi-con-protagonista-donne-e-professioniste-calabresi\/","url":"https:\/\/progettotouring.it\/radiotouring104\/2023\/12\/07\/premio-muricello-due-eventi-con-protagonista-donne-e-professioniste-calabresi\/","name":"Premio Muricello: due eventi con protagonista donne e professioniste calabresi - Radio Touring 104","isPartOf":{"@id":"https:\/\/progettotouring.it\/radiotouring104\/#website"},"primaryImageOfPage":{"@id":"https:\/\/progettotouring.it\/radiotouring104\/2023\/12\/07\/premio-muricello-due-eventi-con-protagonista-donne-e-professioniste-calabresi\/#primaryimage"},"image":{"@id":"https:\/\/progettotouring.it\/radiotouring104\/2023\/12\/07\/premio-muricello-due-eventi-con-protagonista-donne-e-professioniste-calabresi\/#primaryimage"},"thumbnailUrl":"https:\/\/progettotouring.it\/radiotouring104\/wp-content\/uploads\/sites\/6\/2023\/12\/muricello1.jpeg","datePublished":"2023-12-07T11:21:11+00:00","dateModified":"2023-12-07T13:24:24+00:00","description":"Si avvia alla conclusione il Premio Muricello con due eventi che avranno protagoniste donne e professioniste della regione Calabria","breadcrumb":{"@id":"https:\/\/progettotouring.it\/radiotouring104\/2023\/12\/07\/premio-muricello-due-eventi-con-protagonista-donne-e-professioniste-calabresi\/#breadcrumb"},"inLanguage":"it-IT","potentialAction":[{"@type":"ReadAction","target":["https:\/\/progettotouring.it\/radiotouring104\/2023\/12\/07\/premio-muricello-due-eventi-con-protagonista-donne-e-professioniste-calabresi\/"]}]},{"@type":"ImageObject","inLanguage":"it-IT","@id":"https:\/\/progettotouring.it\/radiotouring104\/2023\/12\/07\/premio-muricello-due-eventi-con-protagonista-donne-e-professioniste-calabresi\/#primaryimage","url":"https:\/\/progettotouring.it\/radiotouring104\/wp-content\/uploads\/sites\/6\/2023\/12\/muricello1.jpeg","contentUrl":"https:\/\/progettotouring.it\/radiotouring104\/wp-content\/uploads\/sites\/6\/2023\/12\/muricello1.jpeg","width":1600,"height":1066},{"@type":"BreadcrumbList","@id":"https:\/\/progettotouring.it\/radiotouring104\/2023\/12\/07\/premio-muricello-due-eventi-con-protagonista-donne-e-professioniste-calabresi\/#breadcrumb","itemListElement":[{"@type":"ListItem","position":1,"name":"Home","item":"https:\/\/progettotouring.it\/radiotouring104\/"},{"@type":"ListItem","position":2,"name":"Premio Muricello: due eventi con protagonista donne e professioniste calabresi"}]},{"@type":"WebSite","@id":"https:\/\/progettotouring.it\/radiotouring104\/#website","url":"https:\/\/progettotouring.it\/radiotouring104\/","name":"Radio Touring 104","description":"La prima radio Reggina","publisher":{"@id":"https:\/\/progettotouring.it\/radiotouring104\/#organization"},"potentialAction":[{"@type":"SearchAction","target":{"@type":"EntryPoint","urlTemplate":"https:\/\/progettotouring.it\/radiotouring104\/?s={search_term_string}"},"query-input":{"@type":"PropertyValueSpecification","valueRequired":true,"valueName":"search_term_string"}}],"inLanguage":"it-IT"},{"@type":"Organization","@id":"https:\/\/progettotouring.it\/radiotouring104\/#organization","name":"Radio Touring 104","url":"https:\/\/progettotouring.it\/radiotouring104\/","logo":{"@type":"ImageObject","inLanguage":"it-IT","@id":"https:\/\/progettotouring.it\/radiotouring104\/#\/schema\/logo\/image\/","url":"https:\/\/progettotouring.it\/radiotouring104\/wp-content\/uploads\/sites\/6\/2022\/02\/cropped-logo-radio-touring-104.png","contentUrl":"https:\/\/progettotouring.it\/radiotouring104\/wp-content\/uploads\/sites\/6\/2022\/02\/cropped-logo-radio-touring-104.png","width":377,"height":182,"caption":"Radio Touring 104"},"image":{"@id":"https:\/\/progettotouring.it\/radiotouring104\/#\/schema\/logo\/image\/"}},{"@type":"Person","@id":"https:\/\/progettotouring.it\/radiotouring104\/#\/schema\/person\/4a82259ca52ac8702ad1a8f9e5a3120b","name":"Filippo Francesco Idone","image":{"@type":"ImageObject","inLanguage":"it-IT","@id":"https:\/\/secure.gravatar.com\/avatar\/7268715d2366395c3dd314385670e6484117d44f5c442e61e230f7008b7b62d3?s=96&d=mm&r=g","url":"https:\/\/secure.gravatar.com\/avatar\/7268715d2366395c3dd314385670e6484117d44f5c442e61e230f7008b7b62d3?s=96&d=mm&r=g","contentUrl":"https:\/\/secure.gravatar.com\/avatar\/7268715d2366395c3dd314385670e6484117d44f5c442e61e230f7008b7b62d3?s=96&d=mm&r=g","caption":"Filippo Francesco Idone"},"url":"https:\/\/progettotouring.it\/radiotouring104\/author\/filippoidone\/"}]}},"jetpack_publicize_connections":[],"jetpack_featured_media_url":"https:\/\/progettotouring.it\/radiotouring104\/wp-content\/uploads\/sites\/6\/2023\/12\/muricello1.jpeg","jetpack_sharing_enabled":true,"_links":{"self":[{"href":"https:\/\/progettotouring.it\/radiotouring104\/wp-json\/wp\/v2\/posts\/40689","targetHints":{"allow":["GET"]}}],"collection":[{"href":"https:\/\/progettotouring.it\/radiotouring104\/wp-json\/wp\/v2\/posts"}],"about":[{"href":"https:\/\/progettotouring.it\/radiotouring104\/wp-json\/wp\/v2\/types\/post"}],"author":[{"embeddable":true,"href":"https:\/\/progettotouring.it\/radiotouring104\/wp-json\/wp\/v2\/users\/8"}],"replies":[{"embeddable":true,"href":"https:\/\/progettotouring.it\/radiotouring104\/wp-json\/wp\/v2\/comments?post=40689"}],"version-history":[{"count":1,"href":"https:\/\/progettotouring.it\/radiotouring104\/wp-json\/wp\/v2\/posts\/40689\/revisions"}],"predecessor-version":[{"id":40691,"href":"https:\/\/progettotouring.it\/radiotouring104\/wp-json\/wp\/v2\/posts\/40689\/revisions\/40691"}],"wp:featuredmedia":[{"embeddable":true,"href":"https:\/\/progettotouring.it\/radiotouring104\/wp-json\/wp\/v2\/media\/40690"}],"wp:attachment":[{"href":"https:\/\/progettotouring.it\/radiotouring104\/wp-json\/wp\/v2\/media?parent=40689"}],"wp:term":[{"taxonomy":"category","embeddable":true,"href":"https:\/\/progettotouring.it\/radiotouring104\/wp-json\/wp\/v2\/categories?post=40689"},{"taxonomy":"post_tag","embeddable":true,"href":"https:\/\/progettotouring.it\/radiotouring104\/wp-json\/wp\/v2\/tags?post=40689"}],"curies":[{"name":"wp","href":"https:\/\/api.w.org\/{rel}","templated":true}]}}