{"id":40707,"date":"2023-12-07T14:57:13","date_gmt":"2023-12-07T13:57:13","guid":{"rendered":"https:\/\/progettotouring.it\/radiotouring104\/?p=40707"},"modified":"2023-12-07T15:11:26","modified_gmt":"2023-12-07T14:11:26","slug":"calabria-la-senatrice-minasi-presenta-interrogazione-al-ministro-lollobrigida","status":"publish","type":"post","link":"https:\/\/progettotouring.it\/radiotouring104\/2023\/12\/07\/calabria-la-senatrice-minasi-presenta-interrogazione-al-ministro-lollobrigida\/","title":{"rendered":"Calabria: la senatrice Minasi presenta interrogazione al ministro Lollobrigida"},"content":{"rendered":"<p class=\"xmprfx_MsoNormal\" style=\"text-align: justify\">&#8220;<em>Ho presentato in nona Commissione attivit\u00e0 produttive un\u2019interrogazione al <strong>Ministro dell\u2019Agricoltura,<\/strong> a tutela dei produttori di bergamotto di <strong>Reggio<\/strong> <strong>Calabria<\/strong>, frutto unico dell\u2019area reggina, che rappresenta un importantissimo indotto, oltre che un prodotto identitario, per il territorio.<span class=\"xmprfx_gmail-Apple-converted-space\"> \u00a0<\/span><\/em><em>I coltivatori sono stati pesantemente danneggiati, come l\u2019intero comparto agricolo, dalla siccit\u00e0 e dalle alte temperature, tanto che quest\u2019anno \u00e8 stata calcolata una disponibilit\u00e0 del solo 10-20% dei bergamotti normalmente previsti. Dunque ho voluto chiedere al Ministro come intenda agire, ricevendo gi\u00e0 una serie di indicazioni e la piena disponibilit\u00e0 a ulteriori misure.<span class=\"xmprfx_gmail-Apple-converted-space\">\u00a0<\/span><\/em><em>Il Ministro ha, infatti, ricordato, tra i vari interventi, l\u2019assegnazione,<span class=\"xmprfx_gmail-Apple-converted-space\">\u00a0<\/span>ai <strong>Consorzi di Bonifica dell&#8217;Area reggina,<\/strong> con fondi PNRR e della legge 145\/2018, di due finanziamenti per un totale di oltre 16 milioni di euro e, alla <strong>Regione Calabria,<\/strong> di una quota del Fondo di solidariet\u00e0 nazionale per fronteggiare la siccit\u00e0 del 2022, che verr\u00e0 prorogato.<span class=\"xmprfx_gmail-Apple-converted-space\">\u00a0<\/span><\/em><em>Ha anche ricordato azioni di carattere pi\u00f9 generale, come i prestiti per le imprese agricole per 20 milioni di euro, previsti nella legge di bilancio, e gli interventi, da un lato, per sostenere la produzione<span class=\"xmprfx_gmail-Apple-converted-space\">\u00a0<\/span>di cultivar pi\u00f9 resistenti ai cambiamenti climatici e, dall\u2019altro, per diffondere le regole di una buona educazione alimentare basata su frutta e verdura di qualit\u00e0&#8221;.<span class=\"xmprfx_gmail-Apple-converted-space\">\u00a0<\/span><\/em><\/p>\n<p class=\"xmprfx_MsoNormal\" style=\"text-align: justify\">&#8220;<em>Ma soprattutto mi ha dato, come dicevo, completa disponibilit\u00e0 a un dialogo per approfondire il tema e le specifiche esigenze dei produttori del settore, comprendendo l\u2019eccellenza di un frutto come il nostro agrume tipico,<span class=\"xmprfx_gmail-Apple-converted-space\">\u00a0<\/span>tanto che abbiamo gi\u00e0 concordato un primo appuntamento a breve. <\/em><em>Con i suoi quasi 3 secoli di storia e le sue propriet\u00e0 nutraceutiche ed antiossidanti, il bergamotto \u00e8 un frutto esclusivo del territorio reggino, che, ricordo, \u00e8 l\u2019unico su cui nasce, sulla fascia costiera tra circa 50 Comuni<strong>, Villa San Giovanni a Monasterace,<\/strong> per circa 2000 ettari su 150 km di costa.<span class=\"xmprfx_gmail-Apple-converted-space\"> \u00a0<\/span><\/em><em>Identifica, dunque, Reggio e la sua provincia e genera un indotto strategico per centinaia di aziende e lavoratori, che per generazioni hanno tratto un\u2019importante fonte di reddito dalla filiera dell&#8217;olio essenziale, usato in profumeria e cosmetica, e, negli ultimi trent&#8217;anni, anche dalla filiera del food. <\/em><em>Il bergamotto va dunque protetto, tutelato e conservato, anche per le future generazioni, anche grazie al marchio <strong>Dop<\/strong>, che \u00e8 in corso di riconoscimento. <\/em><em>Dunque non posso che ringraziare il Ministro per la sua attenzione e il Governo per le azioni messe fin qui in campo per fronteggiare l\u2019emergenza, ribadendo agli operatori del settore la mia vicinanza e il mio supporto anche per il futuro&#8221;.<span class=\"xmprfx_gmail-Apple-converted-space\">\u00a0<\/span>\u00a0<\/em><\/p>\n","protected":false},"excerpt":{"rendered":"<p>&#8220;Ho presentato in nona Commissione attivit\u00e0 produttive un\u2019interrogazione al Ministro dell\u2019Agricoltura, a tutela dei produttori di bergamotto di Reggio Calabria, frutto unico dell\u2019area reggina, che rappresenta un importantissimo indotto, oltre&hellip;<\/p>\n","protected":false},"author":8,"featured_media":10212,"comment_status":"closed","ping_status":"open","sticky":false,"template":"","format":"standard","meta":{"_jetpack_memberships_contains_paid_content":false,"footnotes":"","jetpack_publicize_message":"","jetpack_publicize_feature_enabled":true,"jetpack_social_post_already_shared":false,"jetpack_social_options":{"image_generator_settings":{"template":"highway","default_image_id":0,"font":"","enabled":false},"version":2}},"categories":[142,921,196,195],"tags":[3987,25278,4832,19067,364],"class_list":["post-40707","post","type-post","status-publish","format-standard","has-post-thumbnail","hentry","category-calabria","category-home","category-news","category-politica","tag-bergamotto","tag-lollobrigida","tag-minasi","tag-monasterace","tag-villa-san-giovanni"],"yoast_head":"<!-- This site is optimized with the Yoast SEO plugin v27.2 - https:\/\/yoast.com\/product\/yoast-seo-wordpress\/ -->\n<title>Calabria: la senatrice Minasi presenta interrogazione al ministro Lollobrigida - Radio Touring 104<\/title>\n<meta name=\"description\" content=\"La senatrice Tilde Minasi in una nota ha presentato un&#039;accurata interrogazione al ministro dell&#039;Agricoltura per tutelare il Bergamotto\" \/>\n<meta name=\"robots\" content=\"index, follow, max-snippet:-1, max-image-preview:large, max-video-preview:-1\" \/>\n<link rel=\"canonical\" href=\"https:\/\/progettotouring.it\/radiotouring104\/2023\/12\/07\/calabria-la-senatrice-minasi-presenta-interrogazione-al-ministro-lollobrigida\/\" \/>\n<meta property=\"og:locale\" content=\"it_IT\" \/>\n<meta property=\"og:type\" content=\"article\" \/>\n<meta property=\"og:title\" content=\"Calabria: la senatrice Minasi presenta interrogazione al ministro Lollobrigida - Radio Touring 104\" \/>\n<meta property=\"og:description\" content=\"La senatrice Tilde Minasi in una nota ha presentato un&#039;accurata interrogazione al ministro dell&#039;Agricoltura per tutelare il Bergamotto\" \/>\n<meta property=\"og:url\" content=\"https:\/\/progettotouring.it\/radiotouring104\/2023\/12\/07\/calabria-la-senatrice-minasi-presenta-interrogazione-al-ministro-lollobrigida\/\" \/>\n<meta property=\"og:site_name\" content=\"Radio Touring 104\" \/>\n<meta property=\"article:published_time\" content=\"2023-12-07T13:57:13+00:00\" \/>\n<meta property=\"article:modified_time\" content=\"2023-12-07T14:11:26+00:00\" \/>\n<meta property=\"og:image\" content=\"https:\/\/progettotouring.it\/radiotouring104\/wp-content\/uploads\/sites\/6\/2022\/10\/tilde-minasi.jpg\" \/>\n\t<meta property=\"og:image:width\" content=\"932\" \/>\n\t<meta property=\"og:image:height\" content=\"716\" \/>\n\t<meta property=\"og:image:type\" content=\"image\/jpeg\" \/>\n<meta name=\"author\" content=\"Filippo Francesco Idone\" \/>\n<meta name=\"twitter:card\" content=\"summary_large_image\" \/>\n<meta name=\"twitter:label1\" content=\"Scritto da\" \/>\n\t<meta name=\"twitter:data1\" content=\"Filippo Francesco Idone\" \/>\n\t<meta name=\"twitter:label2\" content=\"Tempo di lettura stimato\" \/>\n\t<meta name=\"twitter:data2\" content=\"2 minuti\" \/>\n<script type=\"application\/ld+json\" class=\"yoast-schema-graph\">{\"@context\":\"https:\/\/schema.org\",\"@graph\":[{\"@type\":\"Article\",\"@id\":\"https:\/\/progettotouring.it\/radiotouring104\/2023\/12\/07\/calabria-la-senatrice-minasi-presenta-interrogazione-al-ministro-lollobrigida\/#article\",\"isPartOf\":{\"@id\":\"https:\/\/progettotouring.it\/radiotouring104\/2023\/12\/07\/calabria-la-senatrice-minasi-presenta-interrogazione-al-ministro-lollobrigida\/\"},\"author\":{\"name\":\"Filippo Francesco Idone\",\"@id\":\"https:\/\/progettotouring.it\/radiotouring104\/#\/schema\/person\/4a82259ca52ac8702ad1a8f9e5a3120b\"},\"headline\":\"Calabria: la senatrice Minasi presenta interrogazione al ministro Lollobrigida\",\"datePublished\":\"2023-12-07T13:57:13+00:00\",\"dateModified\":\"2023-12-07T14:11:26+00:00\",\"mainEntityOfPage\":{\"@id\":\"https:\/\/progettotouring.it\/radiotouring104\/2023\/12\/07\/calabria-la-senatrice-minasi-presenta-interrogazione-al-ministro-lollobrigida\/\"},\"wordCount\":420,\"publisher\":{\"@id\":\"https:\/\/progettotouring.it\/radiotouring104\/#organization\"},\"image\":{\"@id\":\"https:\/\/progettotouring.it\/radiotouring104\/2023\/12\/07\/calabria-la-senatrice-minasi-presenta-interrogazione-al-ministro-lollobrigida\/#primaryimage\"},\"thumbnailUrl\":\"https:\/\/progettotouring.it\/radiotouring104\/wp-content\/uploads\/sites\/6\/2022\/10\/tilde-minasi.jpg\",\"keywords\":[\"Bergamotto\",\"lollobrigida\",\"minasi\",\"Monasterace\",\"villa san giovanni\"],\"articleSection\":[\"Calabria\",\"Home\",\"News\",\"Politica\"],\"inLanguage\":\"it-IT\"},{\"@type\":\"WebPage\",\"@id\":\"https:\/\/progettotouring.it\/radiotouring104\/2023\/12\/07\/calabria-la-senatrice-minasi-presenta-interrogazione-al-ministro-lollobrigida\/\",\"url\":\"https:\/\/progettotouring.it\/radiotouring104\/2023\/12\/07\/calabria-la-senatrice-minasi-presenta-interrogazione-al-ministro-lollobrigida\/\",\"name\":\"Calabria: la senatrice Minasi presenta interrogazione al ministro Lollobrigida - Radio Touring 104\",\"isPartOf\":{\"@id\":\"https:\/\/progettotouring.it\/radiotouring104\/#website\"},\"primaryImageOfPage\":{\"@id\":\"https:\/\/progettotouring.it\/radiotouring104\/2023\/12\/07\/calabria-la-senatrice-minasi-presenta-interrogazione-al-ministro-lollobrigida\/#primaryimage\"},\"image\":{\"@id\":\"https:\/\/progettotouring.it\/radiotouring104\/2023\/12\/07\/calabria-la-senatrice-minasi-presenta-interrogazione-al-ministro-lollobrigida\/#primaryimage\"},\"thumbnailUrl\":\"https:\/\/progettotouring.it\/radiotouring104\/wp-content\/uploads\/sites\/6\/2022\/10\/tilde-minasi.jpg\",\"datePublished\":\"2023-12-07T13:57:13+00:00\",\"dateModified\":\"2023-12-07T14:11:26+00:00\",\"description\":\"La senatrice Tilde Minasi in una nota ha presentato un'accurata interrogazione al ministro dell'Agricoltura per tutelare il Bergamotto\",\"breadcrumb\":{\"@id\":\"https:\/\/progettotouring.it\/radiotouring104\/2023\/12\/07\/calabria-la-senatrice-minasi-presenta-interrogazione-al-ministro-lollobrigida\/#breadcrumb\"},\"inLanguage\":\"it-IT\",\"potentialAction\":[{\"@type\":\"ReadAction\",\"target\":[\"https:\/\/progettotouring.it\/radiotouring104\/2023\/12\/07\/calabria-la-senatrice-minasi-presenta-interrogazione-al-ministro-lollobrigida\/\"]}]},{\"@type\":\"ImageObject\",\"inLanguage\":\"it-IT\",\"@id\":\"https:\/\/progettotouring.it\/radiotouring104\/2023\/12\/07\/calabria-la-senatrice-minasi-presenta-interrogazione-al-ministro-lollobrigida\/#primaryimage\",\"url\":\"https:\/\/progettotouring.it\/radiotouring104\/wp-content\/uploads\/sites\/6\/2022\/10\/tilde-minasi.jpg\",\"contentUrl\":\"https:\/\/progettotouring.it\/radiotouring104\/wp-content\/uploads\/sites\/6\/2022\/10\/tilde-minasi.jpg\",\"width\":932,\"height\":716},{\"@type\":\"BreadcrumbList\",\"@id\":\"https:\/\/progettotouring.it\/radiotouring104\/2023\/12\/07\/calabria-la-senatrice-minasi-presenta-interrogazione-al-ministro-lollobrigida\/#breadcrumb\",\"itemListElement\":[{\"@type\":\"ListItem\",\"position\":1,\"name\":\"Home\",\"item\":\"https:\/\/progettotouring.it\/radiotouring104\/\"},{\"@type\":\"ListItem\",\"position\":2,\"name\":\"Calabria: la senatrice Minasi presenta interrogazione al ministro Lollobrigida\"}]},{\"@type\":\"WebSite\",\"@id\":\"https:\/\/progettotouring.it\/radiotouring104\/#website\",\"url\":\"https:\/\/progettotouring.it\/radiotouring104\/\",\"name\":\"Radio Touring 104\",\"description\":\"La prima radio Reggina\",\"publisher\":{\"@id\":\"https:\/\/progettotouring.it\/radiotouring104\/#organization\"},\"potentialAction\":[{\"@type\":\"SearchAction\",\"target\":{\"@type\":\"EntryPoint\",\"urlTemplate\":\"https:\/\/progettotouring.it\/radiotouring104\/?s={search_term_string}\"},\"query-input\":{\"@type\":\"PropertyValueSpecification\",\"valueRequired\":true,\"valueName\":\"search_term_string\"}}],\"inLanguage\":\"it-IT\"},{\"@type\":\"Organization\",\"@id\":\"https:\/\/progettotouring.it\/radiotouring104\/#organization\",\"name\":\"Radio Touring 104\",\"url\":\"https:\/\/progettotouring.it\/radiotouring104\/\",\"logo\":{\"@type\":\"ImageObject\",\"inLanguage\":\"it-IT\",\"@id\":\"https:\/\/progettotouring.it\/radiotouring104\/#\/schema\/logo\/image\/\",\"url\":\"https:\/\/progettotouring.it\/radiotouring104\/wp-content\/uploads\/sites\/6\/2022\/02\/cropped-logo-radio-touring-104.png\",\"contentUrl\":\"https:\/\/progettotouring.it\/radiotouring104\/wp-content\/uploads\/sites\/6\/2022\/02\/cropped-logo-radio-touring-104.png\",\"width\":377,\"height\":182,\"caption\":\"Radio Touring 104\"},\"image\":{\"@id\":\"https:\/\/progettotouring.it\/radiotouring104\/#\/schema\/logo\/image\/\"}},{\"@type\":\"Person\",\"@id\":\"https:\/\/progettotouring.it\/radiotouring104\/#\/schema\/person\/4a82259ca52ac8702ad1a8f9e5a3120b\",\"name\":\"Filippo Francesco Idone\",\"image\":{\"@type\":\"ImageObject\",\"inLanguage\":\"it-IT\",\"@id\":\"https:\/\/secure.gravatar.com\/avatar\/7268715d2366395c3dd314385670e6484117d44f5c442e61e230f7008b7b62d3?s=96&d=mm&r=g\",\"url\":\"https:\/\/secure.gravatar.com\/avatar\/7268715d2366395c3dd314385670e6484117d44f5c442e61e230f7008b7b62d3?s=96&d=mm&r=g\",\"contentUrl\":\"https:\/\/secure.gravatar.com\/avatar\/7268715d2366395c3dd314385670e6484117d44f5c442e61e230f7008b7b62d3?s=96&d=mm&r=g\",\"caption\":\"Filippo Francesco Idone\"},\"url\":\"https:\/\/progettotouring.it\/radiotouring104\/author\/filippoidone\/\"}]}<\/script>\n<!-- \/ Yoast SEO plugin. -->","yoast_head_json":{"title":"Calabria: la senatrice Minasi presenta interrogazione al ministro Lollobrigida - Radio Touring 104","description":"La senatrice Tilde Minasi in una nota ha presentato un'accurata interrogazione al ministro dell'Agricoltura per tutelare il Bergamotto","robots":{"index":"index","follow":"follow","max-snippet":"max-snippet:-1","max-image-preview":"max-image-preview:large","max-video-preview":"max-video-preview:-1"},"canonical":"https:\/\/progettotouring.it\/radiotouring104\/2023\/12\/07\/calabria-la-senatrice-minasi-presenta-interrogazione-al-ministro-lollobrigida\/","og_locale":"it_IT","og_type":"article","og_title":"Calabria: la senatrice Minasi presenta interrogazione al ministro Lollobrigida - Radio Touring 104","og_description":"La senatrice Tilde Minasi in una nota ha presentato un'accurata interrogazione al ministro dell'Agricoltura per tutelare il Bergamotto","og_url":"https:\/\/progettotouring.it\/radiotouring104\/2023\/12\/07\/calabria-la-senatrice-minasi-presenta-interrogazione-al-ministro-lollobrigida\/","og_site_name":"Radio Touring 104","article_published_time":"2023-12-07T13:57:13+00:00","article_modified_time":"2023-12-07T14:11:26+00:00","og_image":[{"width":932,"height":716,"url":"https:\/\/progettotouring.it\/radiotouring104\/wp-content\/uploads\/sites\/6\/2022\/10\/tilde-minasi.jpg","type":"image\/jpeg"}],"author":"Filippo Francesco Idone","twitter_card":"summary_large_image","twitter_misc":{"Scritto da":"Filippo Francesco Idone","Tempo di lettura stimato":"2 minuti"},"schema":{"@context":"https:\/\/schema.org","@graph":[{"@type":"Article","@id":"https:\/\/progettotouring.it\/radiotouring104\/2023\/12\/07\/calabria-la-senatrice-minasi-presenta-interrogazione-al-ministro-lollobrigida\/#article","isPartOf":{"@id":"https:\/\/progettotouring.it\/radiotouring104\/2023\/12\/07\/calabria-la-senatrice-minasi-presenta-interrogazione-al-ministro-lollobrigida\/"},"author":{"name":"Filippo Francesco Idone","@id":"https:\/\/progettotouring.it\/radiotouring104\/#\/schema\/person\/4a82259ca52ac8702ad1a8f9e5a3120b"},"headline":"Calabria: la senatrice Minasi presenta interrogazione al ministro Lollobrigida","datePublished":"2023-12-07T13:57:13+00:00","dateModified":"2023-12-07T14:11:26+00:00","mainEntityOfPage":{"@id":"https:\/\/progettotouring.it\/radiotouring104\/2023\/12\/07\/calabria-la-senatrice-minasi-presenta-interrogazione-al-ministro-lollobrigida\/"},"wordCount":420,"publisher":{"@id":"https:\/\/progettotouring.it\/radiotouring104\/#organization"},"image":{"@id":"https:\/\/progettotouring.it\/radiotouring104\/2023\/12\/07\/calabria-la-senatrice-minasi-presenta-interrogazione-al-ministro-lollobrigida\/#primaryimage"},"thumbnailUrl":"https:\/\/progettotouring.it\/radiotouring104\/wp-content\/uploads\/sites\/6\/2022\/10\/tilde-minasi.jpg","keywords":["Bergamotto","lollobrigida","minasi","Monasterace","villa san giovanni"],"articleSection":["Calabria","Home","News","Politica"],"inLanguage":"it-IT"},{"@type":"WebPage","@id":"https:\/\/progettotouring.it\/radiotouring104\/2023\/12\/07\/calabria-la-senatrice-minasi-presenta-interrogazione-al-ministro-lollobrigida\/","url":"https:\/\/progettotouring.it\/radiotouring104\/2023\/12\/07\/calabria-la-senatrice-minasi-presenta-interrogazione-al-ministro-lollobrigida\/","name":"Calabria: la senatrice Minasi presenta interrogazione al ministro Lollobrigida - Radio Touring 104","isPartOf":{"@id":"https:\/\/progettotouring.it\/radiotouring104\/#website"},"primaryImageOfPage":{"@id":"https:\/\/progettotouring.it\/radiotouring104\/2023\/12\/07\/calabria-la-senatrice-minasi-presenta-interrogazione-al-ministro-lollobrigida\/#primaryimage"},"image":{"@id":"https:\/\/progettotouring.it\/radiotouring104\/2023\/12\/07\/calabria-la-senatrice-minasi-presenta-interrogazione-al-ministro-lollobrigida\/#primaryimage"},"thumbnailUrl":"https:\/\/progettotouring.it\/radiotouring104\/wp-content\/uploads\/sites\/6\/2022\/10\/tilde-minasi.jpg","datePublished":"2023-12-07T13:57:13+00:00","dateModified":"2023-12-07T14:11:26+00:00","description":"La senatrice Tilde Minasi in una nota ha presentato un'accurata interrogazione al ministro dell'Agricoltura per tutelare il Bergamotto","breadcrumb":{"@id":"https:\/\/progettotouring.it\/radiotouring104\/2023\/12\/07\/calabria-la-senatrice-minasi-presenta-interrogazione-al-ministro-lollobrigida\/#breadcrumb"},"inLanguage":"it-IT","potentialAction":[{"@type":"ReadAction","target":["https:\/\/progettotouring.it\/radiotouring104\/2023\/12\/07\/calabria-la-senatrice-minasi-presenta-interrogazione-al-ministro-lollobrigida\/"]}]},{"@type":"ImageObject","inLanguage":"it-IT","@id":"https:\/\/progettotouring.it\/radiotouring104\/2023\/12\/07\/calabria-la-senatrice-minasi-presenta-interrogazione-al-ministro-lollobrigida\/#primaryimage","url":"https:\/\/progettotouring.it\/radiotouring104\/wp-content\/uploads\/sites\/6\/2022\/10\/tilde-minasi.jpg","contentUrl":"https:\/\/progettotouring.it\/radiotouring104\/wp-content\/uploads\/sites\/6\/2022\/10\/tilde-minasi.jpg","width":932,"height":716},{"@type":"BreadcrumbList","@id":"https:\/\/progettotouring.it\/radiotouring104\/2023\/12\/07\/calabria-la-senatrice-minasi-presenta-interrogazione-al-ministro-lollobrigida\/#breadcrumb","itemListElement":[{"@type":"ListItem","position":1,"name":"Home","item":"https:\/\/progettotouring.it\/radiotouring104\/"},{"@type":"ListItem","position":2,"name":"Calabria: la senatrice Minasi presenta interrogazione al ministro Lollobrigida"}]},{"@type":"WebSite","@id":"https:\/\/progettotouring.it\/radiotouring104\/#website","url":"https:\/\/progettotouring.it\/radiotouring104\/","name":"Radio Touring 104","description":"La prima radio Reggina","publisher":{"@id":"https:\/\/progettotouring.it\/radiotouring104\/#organization"},"potentialAction":[{"@type":"SearchAction","target":{"@type":"EntryPoint","urlTemplate":"https:\/\/progettotouring.it\/radiotouring104\/?s={search_term_string}"},"query-input":{"@type":"PropertyValueSpecification","valueRequired":true,"valueName":"search_term_string"}}],"inLanguage":"it-IT"},{"@type":"Organization","@id":"https:\/\/progettotouring.it\/radiotouring104\/#organization","name":"Radio Touring 104","url":"https:\/\/progettotouring.it\/radiotouring104\/","logo":{"@type":"ImageObject","inLanguage":"it-IT","@id":"https:\/\/progettotouring.it\/radiotouring104\/#\/schema\/logo\/image\/","url":"https:\/\/progettotouring.it\/radiotouring104\/wp-content\/uploads\/sites\/6\/2022\/02\/cropped-logo-radio-touring-104.png","contentUrl":"https:\/\/progettotouring.it\/radiotouring104\/wp-content\/uploads\/sites\/6\/2022\/02\/cropped-logo-radio-touring-104.png","width":377,"height":182,"caption":"Radio Touring 104"},"image":{"@id":"https:\/\/progettotouring.it\/radiotouring104\/#\/schema\/logo\/image\/"}},{"@type":"Person","@id":"https:\/\/progettotouring.it\/radiotouring104\/#\/schema\/person\/4a82259ca52ac8702ad1a8f9e5a3120b","name":"Filippo Francesco Idone","image":{"@type":"ImageObject","inLanguage":"it-IT","@id":"https:\/\/secure.gravatar.com\/avatar\/7268715d2366395c3dd314385670e6484117d44f5c442e61e230f7008b7b62d3?s=96&d=mm&r=g","url":"https:\/\/secure.gravatar.com\/avatar\/7268715d2366395c3dd314385670e6484117d44f5c442e61e230f7008b7b62d3?s=96&d=mm&r=g","contentUrl":"https:\/\/secure.gravatar.com\/avatar\/7268715d2366395c3dd314385670e6484117d44f5c442e61e230f7008b7b62d3?s=96&d=mm&r=g","caption":"Filippo Francesco Idone"},"url":"https:\/\/progettotouring.it\/radiotouring104\/author\/filippoidone\/"}]}},"jetpack_publicize_connections":[],"jetpack_featured_media_url":"https:\/\/progettotouring.it\/radiotouring104\/wp-content\/uploads\/sites\/6\/2022\/10\/tilde-minasi.jpg","jetpack_sharing_enabled":true,"_links":{"self":[{"href":"https:\/\/progettotouring.it\/radiotouring104\/wp-json\/wp\/v2\/posts\/40707","targetHints":{"allow":["GET"]}}],"collection":[{"href":"https:\/\/progettotouring.it\/radiotouring104\/wp-json\/wp\/v2\/posts"}],"about":[{"href":"https:\/\/progettotouring.it\/radiotouring104\/wp-json\/wp\/v2\/types\/post"}],"author":[{"embeddable":true,"href":"https:\/\/progettotouring.it\/radiotouring104\/wp-json\/wp\/v2\/users\/8"}],"replies":[{"embeddable":true,"href":"https:\/\/progettotouring.it\/radiotouring104\/wp-json\/wp\/v2\/comments?post=40707"}],"version-history":[{"count":1,"href":"https:\/\/progettotouring.it\/radiotouring104\/wp-json\/wp\/v2\/posts\/40707\/revisions"}],"predecessor-version":[{"id":40708,"href":"https:\/\/progettotouring.it\/radiotouring104\/wp-json\/wp\/v2\/posts\/40707\/revisions\/40708"}],"wp:featuredmedia":[{"embeddable":true,"href":"https:\/\/progettotouring.it\/radiotouring104\/wp-json\/wp\/v2\/media\/10212"}],"wp:attachment":[{"href":"https:\/\/progettotouring.it\/radiotouring104\/wp-json\/wp\/v2\/media?parent=40707"}],"wp:term":[{"taxonomy":"category","embeddable":true,"href":"https:\/\/progettotouring.it\/radiotouring104\/wp-json\/wp\/v2\/categories?post=40707"},{"taxonomy":"post_tag","embeddable":true,"href":"https:\/\/progettotouring.it\/radiotouring104\/wp-json\/wp\/v2\/tags?post=40707"}],"curies":[{"name":"wp","href":"https:\/\/api.w.org\/{rel}","templated":true}]}}