{"id":4094,"date":"2022-04-12T17:06:26","date_gmt":"2022-04-12T15:06:26","guid":{"rendered":"https:\/\/progettotouring.it\/radiotouring104\/?p=4094"},"modified":"2022-04-12T17:19:25","modified_gmt":"2022-04-12T15:19:25","slug":"addio-a-wanni-perazzo-giornalista-e-titolare-di-telereggio","status":"publish","type":"post","link":"https:\/\/progettotouring.it\/radiotouring104\/2022\/04\/12\/addio-a-wanni-perazzo-giornalista-e-titolare-di-telereggio\/","title":{"rendered":"Addio a Wanni Perazzo, giornalista e titolare di TeleReggio"},"content":{"rendered":"<p><em>Il saluto di Radio e Video Touring a Wanni Perazzo, giornalista e titolare di TeleReggio scomparso nella notte, affidato alla penna di Gianluca Del Gaiso.<\/em><\/p>\n<p>&nbsp;<\/p>\n<p>Caro mio questa volta hai proprio ragione, il pezzo non va bene affatto. L\u2019attacco \u00e8 praticamente il finale ed \u00e8 scritto in prima persona. Ma non saprei come altro fare. Quindi iniziamo da qui: \u201cBuon viaggio Wanni, che tu possa avere quella gioia leggera che non ti \u00e8 appartenuta su questa terra\u201d. Non so come sia dall\u2019altra parte delle nuvole ma voglio immaginare che ti sia venuto incontro Santo con quel sorriso che ci ricordava sempre che lui veniva dal mare, dalla sua Scilla. Magari c\u2019era pure Pino con la sua telecamera. Ti voleva bene, sai. Ho la stessa sensazione di ingiustizia e smarrimento che avevo in quei giorni, ma di una cosa sono certo, eri un\u2019anima troppo pura per non essere ora nell\u2019abbraccio della Misericordia di \u201cPap\u00e0\/Mamma\/Cielo\u201d. Certo magari potevi avvisare, per\u00f2 tu al solito tuo quando qualcosa non va non protesti, ti chiudi in una stanza in silenzio. E anche questa volta te ne sei andato cos\u00ec, senza nemmeno salutare. O forse s\u00ec, magari per questo ci siamo incontrati per caso dopo tanto tempo. Comunque sia volevo ringraziarti perch\u00e9 Telereggio \u00e8 stata una palestra professionale ma soprattutto una famiglia per noi e per la Citt\u00e0. E per questo mi viene difficile pensare al dolore di tua madre. Mi hai aperto le porte della Tv senza battere ciglio, non sempre l\u2019abbiamo vista allo stesso modo ma mi hai dato fiducia fino in fondo anche nell\u2019azzardo e nell\u2019errore. Resta il ricordo professionale pi\u00f9 bello, di quelli che lasciano prima di tutto qualcosa di umano; a cui \u00e8 difficile dare voce quando cala il sipario. Certo, la cronaca ti insegna che la telecamera potrebbe un giorno inquadrare anche un amico, un parente; e che la vita detta le sue leggi in una cucina, in mezzo alla strada, nei giorni di festa o un luned\u00ec qualsiasi. Ma credo non si sia mai pronti a scrivere il \u201ccoccodrillo\u201d, come lo chiamiamo noi, di un affetto. \u201cS\u00ec\u201d, scusa hai ragione sto divagando, altro che giornalismo inglese, cerco di chiudere. Senti, quella cosa a Santo, il nostro editore di Touring, mi sono dimenticato di dirla, ma forse adesso non \u00e8 pi\u00f9 importante. Ti saluta. Mi dicono che sta cercando di ricordarsi quante telefonate gli hai fatto agli orari pi\u00f9 improbabili per le scenografie da rifare. Ti saluta anche Pasquale che nel frattempo \u00e8 diventato direttore. Aggiungo il pensiero di quanti non possono pubblicamente dirti \u201cciao\u201d. \u00a0Mi resta una domanda a cui non so rispondere: perch\u00e9 il cuore di un uomo si spezzi a 50 anni. Non credo nell\u2019improvviso ma nel peso delle conseguenze, forse dei sogni che faticano a esprimersi e trovare forma. Magari dei tanti non detto che te lo avrebbero alleggerito un po\u2019, ma tu sei stato coerente fino alla fine. Ciao bello mio.<\/p>\n<p>Ps: N.C.N<\/p>\n<p>Gianluca<\/p>\n","protected":false},"excerpt":{"rendered":"<p>Il saluto di Radio e Video Touring a Wanni Perazzo, giornalista e titolare di TeleReggio scomparso nella notte, affidato alla penna di Gianluca Del Gaiso. &nbsp; Caro mio questa volta&hellip;<\/p>\n","protected":false},"author":6,"featured_media":4099,"comment_status":"open","ping_status":"open","sticky":false,"template":"","format":"standard","meta":{"_jetpack_memberships_contains_paid_content":false,"footnotes":"","jetpack_publicize_message":"","jetpack_publicize_feature_enabled":true,"jetpack_social_post_already_shared":false,"jetpack_social_options":{"image_generator_settings":{"template":"highway","default_image_id":0,"font":"","enabled":false},"version":2}},"categories":[921,150,196],"tags":[],"class_list":["post-4094","post","type-post","status-publish","format-standard","has-post-thumbnail","hentry","category-home","category-in-primo-piano","category-news"],"yoast_head":"<!-- This site is optimized with the Yoast SEO plugin v27.2 - https:\/\/yoast.com\/product\/yoast-seo-wordpress\/ -->\n<title>Addio a Wanni Perazzo, giornalista e titolare di TeleReggio - Radio Touring 104<\/title>\n<meta name=\"description\" content=\"Il sentito addio di un collega e amico a Wanni Perazzo, giornalista e titolare di TeleReggio, emittente TV reggina per eccellenza.\" \/>\n<meta name=\"robots\" content=\"index, follow, max-snippet:-1, max-image-preview:large, max-video-preview:-1\" \/>\n<link rel=\"canonical\" href=\"https:\/\/progettotouring.it\/radiotouring104\/2022\/04\/12\/addio-a-wanni-perazzo-giornalista-e-titolare-di-telereggio\/\" \/>\n<meta property=\"og:locale\" content=\"it_IT\" \/>\n<meta property=\"og:type\" content=\"article\" \/>\n<meta property=\"og:title\" content=\"Addio a Wanni Perazzo, giornalista e titolare di TeleReggio - Radio Touring 104\" \/>\n<meta property=\"og:description\" content=\"Il sentito addio di un collega e amico a Wanni Perazzo, giornalista e titolare di TeleReggio, emittente TV reggina per eccellenza.\" \/>\n<meta property=\"og:url\" content=\"https:\/\/progettotouring.it\/radiotouring104\/2022\/04\/12\/addio-a-wanni-perazzo-giornalista-e-titolare-di-telereggio\/\" \/>\n<meta property=\"og:site_name\" content=\"Radio Touring 104\" \/>\n<meta property=\"article:published_time\" content=\"2022-04-12T15:06:26+00:00\" \/>\n<meta property=\"article:modified_time\" content=\"2022-04-12T15:19:25+00:00\" \/>\n<meta property=\"og:image\" content=\"https:\/\/progettotouring.it\/radiotouring104\/wp-content\/uploads\/sites\/6\/2022\/04\/Wanni-Perazzo.jpg\" \/>\n\t<meta property=\"og:image:width\" content=\"1920\" \/>\n\t<meta property=\"og:image:height\" content=\"1080\" \/>\n\t<meta property=\"og:image:type\" content=\"image\/jpeg\" \/>\n<meta name=\"twitter:card\" content=\"summary_large_image\" \/>\n<meta name=\"twitter:label1\" content=\"Scritto da\" \/>\n\t<meta name=\"twitter:data1\" content=\"\" \/>\n\t<meta name=\"twitter:label2\" content=\"Tempo di lettura stimato\" \/>\n\t<meta name=\"twitter:data2\" content=\"2 minuti\" \/>\n<script type=\"application\/ld+json\" class=\"yoast-schema-graph\">{\"@context\":\"https:\/\/schema.org\",\"@graph\":[{\"@type\":\"Article\",\"@id\":\"https:\/\/progettotouring.it\/radiotouring104\/2022\/04\/12\/addio-a-wanni-perazzo-giornalista-e-titolare-di-telereggio\/#article\",\"isPartOf\":{\"@id\":\"https:\/\/progettotouring.it\/radiotouring104\/2022\/04\/12\/addio-a-wanni-perazzo-giornalista-e-titolare-di-telereggio\/\"},\"author\":{\"name\":\"\",\"@id\":\"\"},\"headline\":\"Addio a Wanni Perazzo, giornalista e titolare di TeleReggio\",\"datePublished\":\"2022-04-12T15:06:26+00:00\",\"dateModified\":\"2022-04-12T15:19:25+00:00\",\"mainEntityOfPage\":{\"@id\":\"https:\/\/progettotouring.it\/radiotouring104\/2022\/04\/12\/addio-a-wanni-perazzo-giornalista-e-titolare-di-telereggio\/\"},\"wordCount\":504,\"commentCount\":0,\"publisher\":{\"@id\":\"https:\/\/progettotouring.it\/radiotouring104\/#organization\"},\"image\":{\"@id\":\"https:\/\/progettotouring.it\/radiotouring104\/2022\/04\/12\/addio-a-wanni-perazzo-giornalista-e-titolare-di-telereggio\/#primaryimage\"},\"thumbnailUrl\":\"https:\/\/progettotouring.it\/radiotouring104\/wp-content\/uploads\/sites\/6\/2022\/04\/Wanni-Perazzo.jpg\",\"articleSection\":[\"Home\",\"In primo piano\",\"News\"],\"inLanguage\":\"it-IT\",\"potentialAction\":[{\"@type\":\"CommentAction\",\"name\":\"Comment\",\"target\":[\"https:\/\/progettotouring.it\/radiotouring104\/2022\/04\/12\/addio-a-wanni-perazzo-giornalista-e-titolare-di-telereggio\/#respond\"]}]},{\"@type\":\"WebPage\",\"@id\":\"https:\/\/progettotouring.it\/radiotouring104\/2022\/04\/12\/addio-a-wanni-perazzo-giornalista-e-titolare-di-telereggio\/\",\"url\":\"https:\/\/progettotouring.it\/radiotouring104\/2022\/04\/12\/addio-a-wanni-perazzo-giornalista-e-titolare-di-telereggio\/\",\"name\":\"Addio a Wanni Perazzo, giornalista e titolare di TeleReggio - Radio Touring 104\",\"isPartOf\":{\"@id\":\"https:\/\/progettotouring.it\/radiotouring104\/#website\"},\"primaryImageOfPage\":{\"@id\":\"https:\/\/progettotouring.it\/radiotouring104\/2022\/04\/12\/addio-a-wanni-perazzo-giornalista-e-titolare-di-telereggio\/#primaryimage\"},\"image\":{\"@id\":\"https:\/\/progettotouring.it\/radiotouring104\/2022\/04\/12\/addio-a-wanni-perazzo-giornalista-e-titolare-di-telereggio\/#primaryimage\"},\"thumbnailUrl\":\"https:\/\/progettotouring.it\/radiotouring104\/wp-content\/uploads\/sites\/6\/2022\/04\/Wanni-Perazzo.jpg\",\"datePublished\":\"2022-04-12T15:06:26+00:00\",\"dateModified\":\"2022-04-12T15:19:25+00:00\",\"description\":\"Il sentito addio di un collega e amico a Wanni Perazzo, giornalista e titolare di TeleReggio, emittente TV reggina per eccellenza.\",\"breadcrumb\":{\"@id\":\"https:\/\/progettotouring.it\/radiotouring104\/2022\/04\/12\/addio-a-wanni-perazzo-giornalista-e-titolare-di-telereggio\/#breadcrumb\"},\"inLanguage\":\"it-IT\",\"potentialAction\":[{\"@type\":\"ReadAction\",\"target\":[\"https:\/\/progettotouring.it\/radiotouring104\/2022\/04\/12\/addio-a-wanni-perazzo-giornalista-e-titolare-di-telereggio\/\"]}]},{\"@type\":\"ImageObject\",\"inLanguage\":\"it-IT\",\"@id\":\"https:\/\/progettotouring.it\/radiotouring104\/2022\/04\/12\/addio-a-wanni-perazzo-giornalista-e-titolare-di-telereggio\/#primaryimage\",\"url\":\"https:\/\/progettotouring.it\/radiotouring104\/wp-content\/uploads\/sites\/6\/2022\/04\/Wanni-Perazzo.jpg\",\"contentUrl\":\"https:\/\/progettotouring.it\/radiotouring104\/wp-content\/uploads\/sites\/6\/2022\/04\/Wanni-Perazzo.jpg\",\"width\":1920,\"height\":1080},{\"@type\":\"BreadcrumbList\",\"@id\":\"https:\/\/progettotouring.it\/radiotouring104\/2022\/04\/12\/addio-a-wanni-perazzo-giornalista-e-titolare-di-telereggio\/#breadcrumb\",\"itemListElement\":[{\"@type\":\"ListItem\",\"position\":1,\"name\":\"Home\",\"item\":\"https:\/\/progettotouring.it\/radiotouring104\/\"},{\"@type\":\"ListItem\",\"position\":2,\"name\":\"Addio a Wanni Perazzo, giornalista e titolare di TeleReggio\"}]},{\"@type\":\"WebSite\",\"@id\":\"https:\/\/progettotouring.it\/radiotouring104\/#website\",\"url\":\"https:\/\/progettotouring.it\/radiotouring104\/\",\"name\":\"Radio Touring 104\",\"description\":\"La prima radio Reggina\",\"publisher\":{\"@id\":\"https:\/\/progettotouring.it\/radiotouring104\/#organization\"},\"potentialAction\":[{\"@type\":\"SearchAction\",\"target\":{\"@type\":\"EntryPoint\",\"urlTemplate\":\"https:\/\/progettotouring.it\/radiotouring104\/?s={search_term_string}\"},\"query-input\":{\"@type\":\"PropertyValueSpecification\",\"valueRequired\":true,\"valueName\":\"search_term_string\"}}],\"inLanguage\":\"it-IT\"},{\"@type\":\"Organization\",\"@id\":\"https:\/\/progettotouring.it\/radiotouring104\/#organization\",\"name\":\"Radio Touring 104\",\"url\":\"https:\/\/progettotouring.it\/radiotouring104\/\",\"logo\":{\"@type\":\"ImageObject\",\"inLanguage\":\"it-IT\",\"@id\":\"https:\/\/progettotouring.it\/radiotouring104\/#\/schema\/logo\/image\/\",\"url\":\"https:\/\/progettotouring.it\/radiotouring104\/wp-content\/uploads\/sites\/6\/2022\/02\/cropped-logo-radio-touring-104.png\",\"contentUrl\":\"https:\/\/progettotouring.it\/radiotouring104\/wp-content\/uploads\/sites\/6\/2022\/02\/cropped-logo-radio-touring-104.png\",\"width\":377,\"height\":182,\"caption\":\"Radio Touring 104\"},\"image\":{\"@id\":\"https:\/\/progettotouring.it\/radiotouring104\/#\/schema\/logo\/image\/\"}},{\"@type\":\"Person\",\"@id\":\"\",\"url\":\"https:\/\/progettotouring.it\/radiotouring104\/author\/\"}]}<\/script>\n<!-- \/ Yoast SEO plugin. -->","yoast_head_json":{"title":"Addio a Wanni Perazzo, giornalista e titolare di TeleReggio - Radio Touring 104","description":"Il sentito addio di un collega e amico a Wanni Perazzo, giornalista e titolare di TeleReggio, emittente TV reggina per eccellenza.","robots":{"index":"index","follow":"follow","max-snippet":"max-snippet:-1","max-image-preview":"max-image-preview:large","max-video-preview":"max-video-preview:-1"},"canonical":"https:\/\/progettotouring.it\/radiotouring104\/2022\/04\/12\/addio-a-wanni-perazzo-giornalista-e-titolare-di-telereggio\/","og_locale":"it_IT","og_type":"article","og_title":"Addio a Wanni Perazzo, giornalista e titolare di TeleReggio - Radio Touring 104","og_description":"Il sentito addio di un collega e amico a Wanni Perazzo, giornalista e titolare di TeleReggio, emittente TV reggina per eccellenza.","og_url":"https:\/\/progettotouring.it\/radiotouring104\/2022\/04\/12\/addio-a-wanni-perazzo-giornalista-e-titolare-di-telereggio\/","og_site_name":"Radio Touring 104","article_published_time":"2022-04-12T15:06:26+00:00","article_modified_time":"2022-04-12T15:19:25+00:00","og_image":[{"width":1920,"height":1080,"url":"https:\/\/progettotouring.it\/radiotouring104\/wp-content\/uploads\/sites\/6\/2022\/04\/Wanni-Perazzo.jpg","type":"image\/jpeg"}],"twitter_card":"summary_large_image","twitter_misc":{"Scritto da":"","Tempo di lettura stimato":"2 minuti"},"schema":{"@context":"https:\/\/schema.org","@graph":[{"@type":"Article","@id":"https:\/\/progettotouring.it\/radiotouring104\/2022\/04\/12\/addio-a-wanni-perazzo-giornalista-e-titolare-di-telereggio\/#article","isPartOf":{"@id":"https:\/\/progettotouring.it\/radiotouring104\/2022\/04\/12\/addio-a-wanni-perazzo-giornalista-e-titolare-di-telereggio\/"},"author":{"name":"","@id":""},"headline":"Addio a Wanni Perazzo, giornalista e titolare di TeleReggio","datePublished":"2022-04-12T15:06:26+00:00","dateModified":"2022-04-12T15:19:25+00:00","mainEntityOfPage":{"@id":"https:\/\/progettotouring.it\/radiotouring104\/2022\/04\/12\/addio-a-wanni-perazzo-giornalista-e-titolare-di-telereggio\/"},"wordCount":504,"commentCount":0,"publisher":{"@id":"https:\/\/progettotouring.it\/radiotouring104\/#organization"},"image":{"@id":"https:\/\/progettotouring.it\/radiotouring104\/2022\/04\/12\/addio-a-wanni-perazzo-giornalista-e-titolare-di-telereggio\/#primaryimage"},"thumbnailUrl":"https:\/\/progettotouring.it\/radiotouring104\/wp-content\/uploads\/sites\/6\/2022\/04\/Wanni-Perazzo.jpg","articleSection":["Home","In primo piano","News"],"inLanguage":"it-IT","potentialAction":[{"@type":"CommentAction","name":"Comment","target":["https:\/\/progettotouring.it\/radiotouring104\/2022\/04\/12\/addio-a-wanni-perazzo-giornalista-e-titolare-di-telereggio\/#respond"]}]},{"@type":"WebPage","@id":"https:\/\/progettotouring.it\/radiotouring104\/2022\/04\/12\/addio-a-wanni-perazzo-giornalista-e-titolare-di-telereggio\/","url":"https:\/\/progettotouring.it\/radiotouring104\/2022\/04\/12\/addio-a-wanni-perazzo-giornalista-e-titolare-di-telereggio\/","name":"Addio a Wanni Perazzo, giornalista e titolare di TeleReggio - Radio Touring 104","isPartOf":{"@id":"https:\/\/progettotouring.it\/radiotouring104\/#website"},"primaryImageOfPage":{"@id":"https:\/\/progettotouring.it\/radiotouring104\/2022\/04\/12\/addio-a-wanni-perazzo-giornalista-e-titolare-di-telereggio\/#primaryimage"},"image":{"@id":"https:\/\/progettotouring.it\/radiotouring104\/2022\/04\/12\/addio-a-wanni-perazzo-giornalista-e-titolare-di-telereggio\/#primaryimage"},"thumbnailUrl":"https:\/\/progettotouring.it\/radiotouring104\/wp-content\/uploads\/sites\/6\/2022\/04\/Wanni-Perazzo.jpg","datePublished":"2022-04-12T15:06:26+00:00","dateModified":"2022-04-12T15:19:25+00:00","description":"Il sentito addio di un collega e amico a Wanni Perazzo, giornalista e titolare di TeleReggio, emittente TV reggina per eccellenza.","breadcrumb":{"@id":"https:\/\/progettotouring.it\/radiotouring104\/2022\/04\/12\/addio-a-wanni-perazzo-giornalista-e-titolare-di-telereggio\/#breadcrumb"},"inLanguage":"it-IT","potentialAction":[{"@type":"ReadAction","target":["https:\/\/progettotouring.it\/radiotouring104\/2022\/04\/12\/addio-a-wanni-perazzo-giornalista-e-titolare-di-telereggio\/"]}]},{"@type":"ImageObject","inLanguage":"it-IT","@id":"https:\/\/progettotouring.it\/radiotouring104\/2022\/04\/12\/addio-a-wanni-perazzo-giornalista-e-titolare-di-telereggio\/#primaryimage","url":"https:\/\/progettotouring.it\/radiotouring104\/wp-content\/uploads\/sites\/6\/2022\/04\/Wanni-Perazzo.jpg","contentUrl":"https:\/\/progettotouring.it\/radiotouring104\/wp-content\/uploads\/sites\/6\/2022\/04\/Wanni-Perazzo.jpg","width":1920,"height":1080},{"@type":"BreadcrumbList","@id":"https:\/\/progettotouring.it\/radiotouring104\/2022\/04\/12\/addio-a-wanni-perazzo-giornalista-e-titolare-di-telereggio\/#breadcrumb","itemListElement":[{"@type":"ListItem","position":1,"name":"Home","item":"https:\/\/progettotouring.it\/radiotouring104\/"},{"@type":"ListItem","position":2,"name":"Addio a Wanni Perazzo, giornalista e titolare di TeleReggio"}]},{"@type":"WebSite","@id":"https:\/\/progettotouring.it\/radiotouring104\/#website","url":"https:\/\/progettotouring.it\/radiotouring104\/","name":"Radio Touring 104","description":"La prima radio Reggina","publisher":{"@id":"https:\/\/progettotouring.it\/radiotouring104\/#organization"},"potentialAction":[{"@type":"SearchAction","target":{"@type":"EntryPoint","urlTemplate":"https:\/\/progettotouring.it\/radiotouring104\/?s={search_term_string}"},"query-input":{"@type":"PropertyValueSpecification","valueRequired":true,"valueName":"search_term_string"}}],"inLanguage":"it-IT"},{"@type":"Organization","@id":"https:\/\/progettotouring.it\/radiotouring104\/#organization","name":"Radio Touring 104","url":"https:\/\/progettotouring.it\/radiotouring104\/","logo":{"@type":"ImageObject","inLanguage":"it-IT","@id":"https:\/\/progettotouring.it\/radiotouring104\/#\/schema\/logo\/image\/","url":"https:\/\/progettotouring.it\/radiotouring104\/wp-content\/uploads\/sites\/6\/2022\/02\/cropped-logo-radio-touring-104.png","contentUrl":"https:\/\/progettotouring.it\/radiotouring104\/wp-content\/uploads\/sites\/6\/2022\/02\/cropped-logo-radio-touring-104.png","width":377,"height":182,"caption":"Radio Touring 104"},"image":{"@id":"https:\/\/progettotouring.it\/radiotouring104\/#\/schema\/logo\/image\/"}},{"@type":"Person","@id":"","url":"https:\/\/progettotouring.it\/radiotouring104\/author\/"}]}},"jetpack_publicize_connections":[],"jetpack_featured_media_url":"https:\/\/progettotouring.it\/radiotouring104\/wp-content\/uploads\/sites\/6\/2022\/04\/Wanni-Perazzo.jpg","jetpack_sharing_enabled":true,"_links":{"self":[{"href":"https:\/\/progettotouring.it\/radiotouring104\/wp-json\/wp\/v2\/posts\/4094","targetHints":{"allow":["GET"]}}],"collection":[{"href":"https:\/\/progettotouring.it\/radiotouring104\/wp-json\/wp\/v2\/posts"}],"about":[{"href":"https:\/\/progettotouring.it\/radiotouring104\/wp-json\/wp\/v2\/types\/post"}],"author":[{"embeddable":true,"href":"https:\/\/progettotouring.it\/radiotouring104\/wp-json\/wp\/v2\/users\/6"}],"replies":[{"embeddable":true,"href":"https:\/\/progettotouring.it\/radiotouring104\/wp-json\/wp\/v2\/comments?post=4094"}],"version-history":[{"count":1,"href":"https:\/\/progettotouring.it\/radiotouring104\/wp-json\/wp\/v2\/posts\/4094\/revisions"}],"predecessor-version":[{"id":4100,"href":"https:\/\/progettotouring.it\/radiotouring104\/wp-json\/wp\/v2\/posts\/4094\/revisions\/4100"}],"wp:featuredmedia":[{"embeddable":true,"href":"https:\/\/progettotouring.it\/radiotouring104\/wp-json\/wp\/v2\/media\/4099"}],"wp:attachment":[{"href":"https:\/\/progettotouring.it\/radiotouring104\/wp-json\/wp\/v2\/media?parent=4094"}],"wp:term":[{"taxonomy":"category","embeddable":true,"href":"https:\/\/progettotouring.it\/radiotouring104\/wp-json\/wp\/v2\/categories?post=4094"},{"taxonomy":"post_tag","embeddable":true,"href":"https:\/\/progettotouring.it\/radiotouring104\/wp-json\/wp\/v2\/tags?post=4094"}],"curies":[{"name":"wp","href":"https:\/\/api.w.org\/{rel}","templated":true}]}}