{"id":4098,"date":"2022-04-12T17:08:13","date_gmt":"2022-04-12T15:08:13","guid":{"rendered":"https:\/\/progettotouring.it\/radiotouring104\/?p=4098"},"modified":"2022-04-12T17:08:13","modified_gmt":"2022-04-12T15:08:13","slug":"reggina-andrea-gianni-sul-suo-possibile-ritorno-a-reggio-calabria","status":"publish","type":"post","link":"https:\/\/progettotouring.it\/radiotouring104\/2022\/04\/12\/reggina-andrea-gianni-sul-suo-possibile-ritorno-a-reggio-calabria\/","title":{"rendered":"Reggina, Andrea Gianni sul suo possibile ritorno a Reggio Calabria"},"content":{"rendered":"<p><strong>Andrea Gianni<\/strong>, avvocato e uomo di fiducia del presidente Luca Gallo \u00e8 intervenuto ai microfoni del canale ufficiale, toccando diversi argomenti e ripercorrendo il suo <strong>percorso<\/strong> alla Reggina.<\/p>\n<h3>Il suo ricordo di Reggio Calabria<\/h3>\n<blockquote><p>Con i tifosi ho tutt&#8217;oggi un rapporto meraviglioso. Ricordo la partita vinta contro il Catanzaro con 19 mila persone allo stadio. L&#8217;immagine pi\u00f9 bella \u00e8 quella della Curva Sud che ho posto anche alle mie spalle nell&#8217;ufficio. Senza dubbio la <strong>promozione<\/strong> \u00e8 stata una delle soddisfazioni pi\u00f9 belle della mia carriera.<\/p><\/blockquote>\n<h3>I rapporti con Luca Gallo<\/h3>\n<blockquote><p>Lavoro ancora con il presidente nelle sua aziende. Tra noi c&#8217;\u00e8 sempre stata stima e amicizia. Ero presente ad Ascoli perch\u00e8 non ho mai smesso di seguire la Reggina e quando posso vado anche allo stadio. Ho ancora tanti amici nel mondo del calcio.<\/p><\/blockquote>\n<h3>Progetti futuri e il ritorno in amaranto<\/h3>\n<blockquote><p>In questo momento io mi occupo esclusivamente del mio lavoro. Sono un uomo di calcio ma la Reggina sta facendo bene grazie a tanta gente, Taibi in primis, e non ha bisogno di me. Sto bene cos\u00ec per adesso. Attualmente \u00e8 difficile fare calcio ed ogni presidente fa un grande sacrificio anche nel togliere un euro dalla propria tasca per portare avanti una squadra di calcio. La Reggina sta facendo bene ed anche nei momenti negativi ha saputo come uscirne.<\/p>\n<p><em>In questa squadra ci sono giovani che lavorano in maniera costante. Credo nell&#8217;autodeterminazione della societ\u00e0 perch\u00e8 nei momenti come quello attuale bisogna avere la capacit\u00e0 di gestirli in maniera autonoma attraverso <strong>plusvalenze reali.<\/strong><\/em><\/p><\/blockquote>\n<p>&nbsp;<\/p>\n","protected":false},"excerpt":{"rendered":"<p>Andrea Gianni, avvocato e uomo di fiducia del presidente Luca Gallo \u00e8 intervenuto ai microfoni del canale ufficiale, toccando diversi argomenti e ripercorrendo il suo percorso alla Reggina. Il suo&hellip;<\/p>\n","protected":false},"author":7,"featured_media":4101,"comment_status":"open","ping_status":"open","sticky":false,"template":"","format":"standard","meta":{"_jetpack_memberships_contains_paid_content":false,"footnotes":"","jetpack_publicize_message":"","jetpack_publicize_feature_enabled":true,"jetpack_social_post_already_shared":false,"jetpack_social_options":{"image_generator_settings":{"template":"highway","default_image_id":0,"font":"","enabled":false},"version":2}},"categories":[196,144],"tags":[927,698,352,210,591,419],"class_list":["post-4098","post","type-post","status-publish","format-standard","has-post-thumbnail","hentry","category-news","category-sport","tag-andrea-gianni","tag-catanzaro","tag-luca-gallo","tag-reggina","tag-roma","tag-serie-b"],"yoast_head":"<!-- This site is optimized with the Yoast SEO plugin v27.2 - https:\/\/yoast.com\/product\/yoast-seo-wordpress\/ -->\n<title>Reggina, Andrea Gianni sul suo possibile ritorno a Reggio Calabria - Radio Touring 104<\/title>\n<meta name=\"description\" content=\"L&#039;ex direttore generale della Reggina \u00e8 intervenuto a Passione Amaranto dove ha toccato diversi argomenti sul suo passato.\" \/>\n<meta name=\"robots\" content=\"index, follow, max-snippet:-1, max-image-preview:large, max-video-preview:-1\" \/>\n<link rel=\"canonical\" href=\"https:\/\/progettotouring.it\/radiotouring104\/2022\/04\/12\/reggina-andrea-gianni-sul-suo-possibile-ritorno-a-reggio-calabria\/\" \/>\n<meta property=\"og:locale\" content=\"it_IT\" \/>\n<meta property=\"og:type\" content=\"article\" \/>\n<meta property=\"og:title\" content=\"Reggina, Andrea Gianni sul suo possibile ritorno a Reggio Calabria - Radio Touring 104\" \/>\n<meta property=\"og:description\" content=\"L&#039;ex direttore generale della Reggina \u00e8 intervenuto a Passione Amaranto dove ha toccato diversi argomenti sul suo passato.\" \/>\n<meta property=\"og:url\" content=\"https:\/\/progettotouring.it\/radiotouring104\/2022\/04\/12\/reggina-andrea-gianni-sul-suo-possibile-ritorno-a-reggio-calabria\/\" \/>\n<meta property=\"og:site_name\" content=\"Radio Touring 104\" \/>\n<meta property=\"article:published_time\" content=\"2022-04-12T15:08:13+00:00\" \/>\n<meta property=\"og:image\" content=\"https:\/\/progettotouring.it\/radiotouring104\/wp-content\/uploads\/sites\/6\/2022\/04\/download-47-1.jpg\" \/>\n\t<meta property=\"og:image:width\" content=\"850\" \/>\n\t<meta property=\"og:image:height\" content=\"550\" \/>\n\t<meta property=\"og:image:type\" content=\"image\/jpeg\" \/>\n<meta name=\"author\" content=\"Giorgia Rieto\" \/>\n<meta name=\"twitter:card\" content=\"summary_large_image\" \/>\n<meta name=\"twitter:label1\" content=\"Scritto da\" \/>\n\t<meta name=\"twitter:data1\" content=\"Giorgia Rieto\" \/>\n\t<meta name=\"twitter:label2\" content=\"Tempo di lettura stimato\" \/>\n\t<meta name=\"twitter:data2\" content=\"2 minuti\" \/>\n<script type=\"application\/ld+json\" class=\"yoast-schema-graph\">{\"@context\":\"https:\/\/schema.org\",\"@graph\":[{\"@type\":\"Article\",\"@id\":\"https:\/\/progettotouring.it\/radiotouring104\/2022\/04\/12\/reggina-andrea-gianni-sul-suo-possibile-ritorno-a-reggio-calabria\/#article\",\"isPartOf\":{\"@id\":\"https:\/\/progettotouring.it\/radiotouring104\/2022\/04\/12\/reggina-andrea-gianni-sul-suo-possibile-ritorno-a-reggio-calabria\/\"},\"author\":{\"name\":\"Giorgia Rieto\",\"@id\":\"https:\/\/progettotouring.it\/radiotouring104\/#\/schema\/person\/9ccc0b52172b63cecf68b33c9d183f2f\"},\"headline\":\"Reggina, Andrea Gianni sul suo possibile ritorno a Reggio Calabria\",\"datePublished\":\"2022-04-12T15:08:13+00:00\",\"mainEntityOfPage\":{\"@id\":\"https:\/\/progettotouring.it\/radiotouring104\/2022\/04\/12\/reggina-andrea-gianni-sul-suo-possibile-ritorno-a-reggio-calabria\/\"},\"wordCount\":260,\"commentCount\":0,\"publisher\":{\"@id\":\"https:\/\/progettotouring.it\/radiotouring104\/#organization\"},\"image\":{\"@id\":\"https:\/\/progettotouring.it\/radiotouring104\/2022\/04\/12\/reggina-andrea-gianni-sul-suo-possibile-ritorno-a-reggio-calabria\/#primaryimage\"},\"thumbnailUrl\":\"https:\/\/progettotouring.it\/radiotouring104\/wp-content\/uploads\/sites\/6\/2022\/04\/download-47-1.jpg\",\"keywords\":[\"Andrea Gianni\",\"catanzaro\",\"Luca Gallo\",\"reggina\",\"Roma\",\"serie b\"],\"articleSection\":[\"News\",\"Sport\"],\"inLanguage\":\"it-IT\",\"potentialAction\":[{\"@type\":\"CommentAction\",\"name\":\"Comment\",\"target\":[\"https:\/\/progettotouring.it\/radiotouring104\/2022\/04\/12\/reggina-andrea-gianni-sul-suo-possibile-ritorno-a-reggio-calabria\/#respond\"]}]},{\"@type\":\"WebPage\",\"@id\":\"https:\/\/progettotouring.it\/radiotouring104\/2022\/04\/12\/reggina-andrea-gianni-sul-suo-possibile-ritorno-a-reggio-calabria\/\",\"url\":\"https:\/\/progettotouring.it\/radiotouring104\/2022\/04\/12\/reggina-andrea-gianni-sul-suo-possibile-ritorno-a-reggio-calabria\/\",\"name\":\"Reggina, Andrea Gianni sul suo possibile ritorno a Reggio Calabria - Radio Touring 104\",\"isPartOf\":{\"@id\":\"https:\/\/progettotouring.it\/radiotouring104\/#website\"},\"primaryImageOfPage\":{\"@id\":\"https:\/\/progettotouring.it\/radiotouring104\/2022\/04\/12\/reggina-andrea-gianni-sul-suo-possibile-ritorno-a-reggio-calabria\/#primaryimage\"},\"image\":{\"@id\":\"https:\/\/progettotouring.it\/radiotouring104\/2022\/04\/12\/reggina-andrea-gianni-sul-suo-possibile-ritorno-a-reggio-calabria\/#primaryimage\"},\"thumbnailUrl\":\"https:\/\/progettotouring.it\/radiotouring104\/wp-content\/uploads\/sites\/6\/2022\/04\/download-47-1.jpg\",\"datePublished\":\"2022-04-12T15:08:13+00:00\",\"description\":\"L'ex direttore generale della Reggina \u00e8 intervenuto a Passione Amaranto dove ha toccato diversi argomenti sul suo passato.\",\"breadcrumb\":{\"@id\":\"https:\/\/progettotouring.it\/radiotouring104\/2022\/04\/12\/reggina-andrea-gianni-sul-suo-possibile-ritorno-a-reggio-calabria\/#breadcrumb\"},\"inLanguage\":\"it-IT\",\"potentialAction\":[{\"@type\":\"ReadAction\",\"target\":[\"https:\/\/progettotouring.it\/radiotouring104\/2022\/04\/12\/reggina-andrea-gianni-sul-suo-possibile-ritorno-a-reggio-calabria\/\"]}]},{\"@type\":\"ImageObject\",\"inLanguage\":\"it-IT\",\"@id\":\"https:\/\/progettotouring.it\/radiotouring104\/2022\/04\/12\/reggina-andrea-gianni-sul-suo-possibile-ritorno-a-reggio-calabria\/#primaryimage\",\"url\":\"https:\/\/progettotouring.it\/radiotouring104\/wp-content\/uploads\/sites\/6\/2022\/04\/download-47-1.jpg\",\"contentUrl\":\"https:\/\/progettotouring.it\/radiotouring104\/wp-content\/uploads\/sites\/6\/2022\/04\/download-47-1.jpg\",\"width\":850,\"height\":550,\"caption\":\"Foto Reggina 1914 Lillo D'Ascola\"},{\"@type\":\"BreadcrumbList\",\"@id\":\"https:\/\/progettotouring.it\/radiotouring104\/2022\/04\/12\/reggina-andrea-gianni-sul-suo-possibile-ritorno-a-reggio-calabria\/#breadcrumb\",\"itemListElement\":[{\"@type\":\"ListItem\",\"position\":1,\"name\":\"Home\",\"item\":\"https:\/\/progettotouring.it\/radiotouring104\/\"},{\"@type\":\"ListItem\",\"position\":2,\"name\":\"Reggina, Andrea Gianni sul suo possibile ritorno a Reggio Calabria\"}]},{\"@type\":\"WebSite\",\"@id\":\"https:\/\/progettotouring.it\/radiotouring104\/#website\",\"url\":\"https:\/\/progettotouring.it\/radiotouring104\/\",\"name\":\"Radio Touring 104\",\"description\":\"La prima radio Reggina\",\"publisher\":{\"@id\":\"https:\/\/progettotouring.it\/radiotouring104\/#organization\"},\"potentialAction\":[{\"@type\":\"SearchAction\",\"target\":{\"@type\":\"EntryPoint\",\"urlTemplate\":\"https:\/\/progettotouring.it\/radiotouring104\/?s={search_term_string}\"},\"query-input\":{\"@type\":\"PropertyValueSpecification\",\"valueRequired\":true,\"valueName\":\"search_term_string\"}}],\"inLanguage\":\"it-IT\"},{\"@type\":\"Organization\",\"@id\":\"https:\/\/progettotouring.it\/radiotouring104\/#organization\",\"name\":\"Radio Touring 104\",\"url\":\"https:\/\/progettotouring.it\/radiotouring104\/\",\"logo\":{\"@type\":\"ImageObject\",\"inLanguage\":\"it-IT\",\"@id\":\"https:\/\/progettotouring.it\/radiotouring104\/#\/schema\/logo\/image\/\",\"url\":\"https:\/\/progettotouring.it\/radiotouring104\/wp-content\/uploads\/sites\/6\/2022\/02\/cropped-logo-radio-touring-104.png\",\"contentUrl\":\"https:\/\/progettotouring.it\/radiotouring104\/wp-content\/uploads\/sites\/6\/2022\/02\/cropped-logo-radio-touring-104.png\",\"width\":377,\"height\":182,\"caption\":\"Radio Touring 104\"},\"image\":{\"@id\":\"https:\/\/progettotouring.it\/radiotouring104\/#\/schema\/logo\/image\/\"}},{\"@type\":\"Person\",\"@id\":\"https:\/\/progettotouring.it\/radiotouring104\/#\/schema\/person\/9ccc0b52172b63cecf68b33c9d183f2f\",\"name\":\"Giorgia Rieto\",\"image\":{\"@type\":\"ImageObject\",\"inLanguage\":\"it-IT\",\"@id\":\"https:\/\/secure.gravatar.com\/avatar\/29782858e8bd52f2032ad567b71353a557e5033da26f3c4f64c94d32ebd8855d?s=96&d=mm&r=g\",\"url\":\"https:\/\/secure.gravatar.com\/avatar\/29782858e8bd52f2032ad567b71353a557e5033da26f3c4f64c94d32ebd8855d?s=96&d=mm&r=g\",\"contentUrl\":\"https:\/\/secure.gravatar.com\/avatar\/29782858e8bd52f2032ad567b71353a557e5033da26f3c4f64c94d32ebd8855d?s=96&d=mm&r=g\",\"caption\":\"Giorgia Rieto\"},\"url\":\"https:\/\/progettotouring.it\/radiotouring104\/author\/giorgiarieto\/\"}]}<\/script>\n<!-- \/ Yoast SEO plugin. -->","yoast_head_json":{"title":"Reggina, Andrea Gianni sul suo possibile ritorno a Reggio Calabria - Radio Touring 104","description":"L'ex direttore generale della Reggina \u00e8 intervenuto a Passione Amaranto dove ha toccato diversi argomenti sul suo passato.","robots":{"index":"index","follow":"follow","max-snippet":"max-snippet:-1","max-image-preview":"max-image-preview:large","max-video-preview":"max-video-preview:-1"},"canonical":"https:\/\/progettotouring.it\/radiotouring104\/2022\/04\/12\/reggina-andrea-gianni-sul-suo-possibile-ritorno-a-reggio-calabria\/","og_locale":"it_IT","og_type":"article","og_title":"Reggina, Andrea Gianni sul suo possibile ritorno a Reggio Calabria - Radio Touring 104","og_description":"L'ex direttore generale della Reggina \u00e8 intervenuto a Passione Amaranto dove ha toccato diversi argomenti sul suo passato.","og_url":"https:\/\/progettotouring.it\/radiotouring104\/2022\/04\/12\/reggina-andrea-gianni-sul-suo-possibile-ritorno-a-reggio-calabria\/","og_site_name":"Radio Touring 104","article_published_time":"2022-04-12T15:08:13+00:00","og_image":[{"width":850,"height":550,"url":"https:\/\/progettotouring.it\/radiotouring104\/wp-content\/uploads\/sites\/6\/2022\/04\/download-47-1.jpg","type":"image\/jpeg"}],"author":"Giorgia Rieto","twitter_card":"summary_large_image","twitter_misc":{"Scritto da":"Giorgia Rieto","Tempo di lettura stimato":"2 minuti"},"schema":{"@context":"https:\/\/schema.org","@graph":[{"@type":"Article","@id":"https:\/\/progettotouring.it\/radiotouring104\/2022\/04\/12\/reggina-andrea-gianni-sul-suo-possibile-ritorno-a-reggio-calabria\/#article","isPartOf":{"@id":"https:\/\/progettotouring.it\/radiotouring104\/2022\/04\/12\/reggina-andrea-gianni-sul-suo-possibile-ritorno-a-reggio-calabria\/"},"author":{"name":"Giorgia Rieto","@id":"https:\/\/progettotouring.it\/radiotouring104\/#\/schema\/person\/9ccc0b52172b63cecf68b33c9d183f2f"},"headline":"Reggina, Andrea Gianni sul suo possibile ritorno a Reggio Calabria","datePublished":"2022-04-12T15:08:13+00:00","mainEntityOfPage":{"@id":"https:\/\/progettotouring.it\/radiotouring104\/2022\/04\/12\/reggina-andrea-gianni-sul-suo-possibile-ritorno-a-reggio-calabria\/"},"wordCount":260,"commentCount":0,"publisher":{"@id":"https:\/\/progettotouring.it\/radiotouring104\/#organization"},"image":{"@id":"https:\/\/progettotouring.it\/radiotouring104\/2022\/04\/12\/reggina-andrea-gianni-sul-suo-possibile-ritorno-a-reggio-calabria\/#primaryimage"},"thumbnailUrl":"https:\/\/progettotouring.it\/radiotouring104\/wp-content\/uploads\/sites\/6\/2022\/04\/download-47-1.jpg","keywords":["Andrea Gianni","catanzaro","Luca Gallo","reggina","Roma","serie b"],"articleSection":["News","Sport"],"inLanguage":"it-IT","potentialAction":[{"@type":"CommentAction","name":"Comment","target":["https:\/\/progettotouring.it\/radiotouring104\/2022\/04\/12\/reggina-andrea-gianni-sul-suo-possibile-ritorno-a-reggio-calabria\/#respond"]}]},{"@type":"WebPage","@id":"https:\/\/progettotouring.it\/radiotouring104\/2022\/04\/12\/reggina-andrea-gianni-sul-suo-possibile-ritorno-a-reggio-calabria\/","url":"https:\/\/progettotouring.it\/radiotouring104\/2022\/04\/12\/reggina-andrea-gianni-sul-suo-possibile-ritorno-a-reggio-calabria\/","name":"Reggina, Andrea Gianni sul suo possibile ritorno a Reggio Calabria - Radio Touring 104","isPartOf":{"@id":"https:\/\/progettotouring.it\/radiotouring104\/#website"},"primaryImageOfPage":{"@id":"https:\/\/progettotouring.it\/radiotouring104\/2022\/04\/12\/reggina-andrea-gianni-sul-suo-possibile-ritorno-a-reggio-calabria\/#primaryimage"},"image":{"@id":"https:\/\/progettotouring.it\/radiotouring104\/2022\/04\/12\/reggina-andrea-gianni-sul-suo-possibile-ritorno-a-reggio-calabria\/#primaryimage"},"thumbnailUrl":"https:\/\/progettotouring.it\/radiotouring104\/wp-content\/uploads\/sites\/6\/2022\/04\/download-47-1.jpg","datePublished":"2022-04-12T15:08:13+00:00","description":"L'ex direttore generale della Reggina \u00e8 intervenuto a Passione Amaranto dove ha toccato diversi argomenti sul suo passato.","breadcrumb":{"@id":"https:\/\/progettotouring.it\/radiotouring104\/2022\/04\/12\/reggina-andrea-gianni-sul-suo-possibile-ritorno-a-reggio-calabria\/#breadcrumb"},"inLanguage":"it-IT","potentialAction":[{"@type":"ReadAction","target":["https:\/\/progettotouring.it\/radiotouring104\/2022\/04\/12\/reggina-andrea-gianni-sul-suo-possibile-ritorno-a-reggio-calabria\/"]}]},{"@type":"ImageObject","inLanguage":"it-IT","@id":"https:\/\/progettotouring.it\/radiotouring104\/2022\/04\/12\/reggina-andrea-gianni-sul-suo-possibile-ritorno-a-reggio-calabria\/#primaryimage","url":"https:\/\/progettotouring.it\/radiotouring104\/wp-content\/uploads\/sites\/6\/2022\/04\/download-47-1.jpg","contentUrl":"https:\/\/progettotouring.it\/radiotouring104\/wp-content\/uploads\/sites\/6\/2022\/04\/download-47-1.jpg","width":850,"height":550,"caption":"Foto Reggina 1914 Lillo D'Ascola"},{"@type":"BreadcrumbList","@id":"https:\/\/progettotouring.it\/radiotouring104\/2022\/04\/12\/reggina-andrea-gianni-sul-suo-possibile-ritorno-a-reggio-calabria\/#breadcrumb","itemListElement":[{"@type":"ListItem","position":1,"name":"Home","item":"https:\/\/progettotouring.it\/radiotouring104\/"},{"@type":"ListItem","position":2,"name":"Reggina, Andrea Gianni sul suo possibile ritorno a Reggio Calabria"}]},{"@type":"WebSite","@id":"https:\/\/progettotouring.it\/radiotouring104\/#website","url":"https:\/\/progettotouring.it\/radiotouring104\/","name":"Radio Touring 104","description":"La prima radio Reggina","publisher":{"@id":"https:\/\/progettotouring.it\/radiotouring104\/#organization"},"potentialAction":[{"@type":"SearchAction","target":{"@type":"EntryPoint","urlTemplate":"https:\/\/progettotouring.it\/radiotouring104\/?s={search_term_string}"},"query-input":{"@type":"PropertyValueSpecification","valueRequired":true,"valueName":"search_term_string"}}],"inLanguage":"it-IT"},{"@type":"Organization","@id":"https:\/\/progettotouring.it\/radiotouring104\/#organization","name":"Radio Touring 104","url":"https:\/\/progettotouring.it\/radiotouring104\/","logo":{"@type":"ImageObject","inLanguage":"it-IT","@id":"https:\/\/progettotouring.it\/radiotouring104\/#\/schema\/logo\/image\/","url":"https:\/\/progettotouring.it\/radiotouring104\/wp-content\/uploads\/sites\/6\/2022\/02\/cropped-logo-radio-touring-104.png","contentUrl":"https:\/\/progettotouring.it\/radiotouring104\/wp-content\/uploads\/sites\/6\/2022\/02\/cropped-logo-radio-touring-104.png","width":377,"height":182,"caption":"Radio Touring 104"},"image":{"@id":"https:\/\/progettotouring.it\/radiotouring104\/#\/schema\/logo\/image\/"}},{"@type":"Person","@id":"https:\/\/progettotouring.it\/radiotouring104\/#\/schema\/person\/9ccc0b52172b63cecf68b33c9d183f2f","name":"Giorgia Rieto","image":{"@type":"ImageObject","inLanguage":"it-IT","@id":"https:\/\/secure.gravatar.com\/avatar\/29782858e8bd52f2032ad567b71353a557e5033da26f3c4f64c94d32ebd8855d?s=96&d=mm&r=g","url":"https:\/\/secure.gravatar.com\/avatar\/29782858e8bd52f2032ad567b71353a557e5033da26f3c4f64c94d32ebd8855d?s=96&d=mm&r=g","contentUrl":"https:\/\/secure.gravatar.com\/avatar\/29782858e8bd52f2032ad567b71353a557e5033da26f3c4f64c94d32ebd8855d?s=96&d=mm&r=g","caption":"Giorgia Rieto"},"url":"https:\/\/progettotouring.it\/radiotouring104\/author\/giorgiarieto\/"}]}},"jetpack_publicize_connections":[],"jetpack_featured_media_url":"https:\/\/progettotouring.it\/radiotouring104\/wp-content\/uploads\/sites\/6\/2022\/04\/download-47-1.jpg","jetpack_sharing_enabled":true,"_links":{"self":[{"href":"https:\/\/progettotouring.it\/radiotouring104\/wp-json\/wp\/v2\/posts\/4098","targetHints":{"allow":["GET"]}}],"collection":[{"href":"https:\/\/progettotouring.it\/radiotouring104\/wp-json\/wp\/v2\/posts"}],"about":[{"href":"https:\/\/progettotouring.it\/radiotouring104\/wp-json\/wp\/v2\/types\/post"}],"author":[{"embeddable":true,"href":"https:\/\/progettotouring.it\/radiotouring104\/wp-json\/wp\/v2\/users\/7"}],"replies":[{"embeddable":true,"href":"https:\/\/progettotouring.it\/radiotouring104\/wp-json\/wp\/v2\/comments?post=4098"}],"version-history":[{"count":2,"href":"https:\/\/progettotouring.it\/radiotouring104\/wp-json\/wp\/v2\/posts\/4098\/revisions"}],"predecessor-version":[{"id":4103,"href":"https:\/\/progettotouring.it\/radiotouring104\/wp-json\/wp\/v2\/posts\/4098\/revisions\/4103"}],"wp:featuredmedia":[{"embeddable":true,"href":"https:\/\/progettotouring.it\/radiotouring104\/wp-json\/wp\/v2\/media\/4101"}],"wp:attachment":[{"href":"https:\/\/progettotouring.it\/radiotouring104\/wp-json\/wp\/v2\/media?parent=4098"}],"wp:term":[{"taxonomy":"category","embeddable":true,"href":"https:\/\/progettotouring.it\/radiotouring104\/wp-json\/wp\/v2\/categories?post=4098"},{"taxonomy":"post_tag","embeddable":true,"href":"https:\/\/progettotouring.it\/radiotouring104\/wp-json\/wp\/v2\/tags?post=4098"}],"curies":[{"name":"wp","href":"https:\/\/api.w.org\/{rel}","templated":true}]}}