{"id":41195,"date":"2023-12-15T15:52:18","date_gmt":"2023-12-15T14:52:18","guid":{"rendered":"https:\/\/progettotouring.it\/radiotouring104\/?p=41195"},"modified":"2023-12-15T15:52:18","modified_gmt":"2023-12-15T14:52:18","slug":"analisi-critica-e-proposte-di-miglioramento-sulla-situazione-giovanile-nel-mezzogiorno-e-la-zes-unica","status":"publish","type":"post","link":"https:\/\/progettotouring.it\/radiotouring104\/2023\/12\/15\/analisi-critica-e-proposte-di-miglioramento-sulla-situazione-giovanile-nel-mezzogiorno-e-la-zes-unica\/","title":{"rendered":"Analisi Critica e Proposte di Miglioramento sulla Situazione Giovanile nel Mezzogiorno e la ZES Unica"},"content":{"rendered":"<p style=\"text-align: justify\">I dati degli ultimi vent&#8217;anni rivelano un quadro allarmante, con una crescente problematica giovanile che richiede un punto di svolta cruciale. La centralit\u00e0 dei giovani nelle politiche nazionali e comunitarie, specialmente nel Mezzogiorno, sottolinea la necessit\u00e0 di affrontare fattori di svantaggio demografico e generazionale che minacciano lo sviluppo di questa regione gi\u00e0 in difficolt\u00e0. Tra il 2002 e il 2021, 808.000 giovani sotto i 35 anni hanno abbandonato il Mezzogiorno, di cui 263.000 laureati. Le stime dell&#8217;ISTAT indicano una preoccupante perdita demografica nel lungo periodo, con gli ultrasettantenni che costituiranno il 30,7% della popolazione meridionale nel 2061, rispetto al 18,5% nel centro-nord. Il fenomeno, denominato &#8220;de-giovanimento&#8221;, riflette un&#8217;erosione progressiva delle nuove generazioni a causa della denatalit\u00e0 e di un flusso migratorio significativo. La carenza di opportunit\u00e0 lavorative stabili, in particolare per i millennials, peggiora ulteriormente la situazione.<\/p>\n<p style=\"text-align: justify\">I dati evidenziano una diminuzione del tasso di attivit\u00e0 e occupazione, insieme a un elevato tasso di disoccupazione nel Mezzogiorno. La crescente incertezza nella transizione lavorativa influisce negativamente sulla qualit\u00e0 della vita dei giovani meridionali, con oltre il 50% insoddisfatto della situazione economica e un terzo che la considera peggiorata. Uno su cinque si sente insicuro riguardo al proprio futuro. In questo contesto di deterioramento progressivo, \u00e8 cruciale intervenire per invertire il trend. L&#8217;integrazione tra settore pubblico e privato, coinvolgendo tutti i settori dell&#8217;economia italiana, \u00e8 essenziale. Il recupero del patrimonio esistente \u00e8 fondamentale per creare valore e assorbire almeno una parte dei laureati disoccupati.<\/p>\n<p style=\"text-align: justify\"><strong>ZES: CREARE UN MODELLO VINCENTE<\/strong><\/p>\n<p style=\"text-align: justify\">La proposta della <strong>Zona Economica Speciale Unica<\/strong> (ZES Unica) <strong>per il Mezzogiorno,<\/strong> che inizier\u00e0 il 1\u00b0 gennaio 2024, offre opportunit\u00e0 fiscali e amministrative alle imprese. La sfida \u00e8 duplice: superare le inefficienze delle zone speciali precedenti e costruire un modello efficace per concretizzare i benefici. Tuttavia, il successo richiede non solo condizioni politiche adeguate ma anche un coinvolgimento attivo della comunit\u00e0 meridionale, che per troppo tempo \u00e8 stata discriminata economicamente. \u00c8 essenziale un cambiamento mentale, un impegno interno e la mobilitazione degli attori locali per valorizzare appieno il territorio ricco di bellezza e potenzialit\u00e0 finora inutilizzate al 100%. A renderlo noto \u00e8 <strong>Salvatore Ferra\u00f9,<\/strong> dott. in economia e Co-founder di Sud Zes Consulting (societ\u00e0 di consulenza per le imprese del Sud.<\/p>\n","protected":false},"excerpt":{"rendered":"<p>I dati degli ultimi vent&#8217;anni rivelano un quadro allarmante, con una crescente problematica giovanile che richiede un punto di svolta cruciale. La centralit\u00e0 dei giovani nelle politiche nazionali e comunitarie,&hellip;<\/p>\n","protected":false},"author":8,"featured_media":19586,"comment_status":"closed","ping_status":"open","sticky":false,"template":"","format":"standard","meta":{"_jetpack_memberships_contains_paid_content":false,"footnotes":"","jetpack_publicize_message":"","jetpack_publicize_feature_enabled":true,"jetpack_social_post_already_shared":false,"jetpack_social_options":{"image_generator_settings":{"template":"highway","default_image_id":0,"font":"","enabled":false},"version":2}},"categories":[142,921,196],"tags":[9617,21756],"class_list":["post-41195","post","type-post","status-publish","format-standard","has-post-thumbnail","hentry","category-calabria","category-home","category-news","tag-zes","tag-zes-unica"],"yoast_head":"<!-- This site is optimized with the Yoast SEO plugin v27.2 - https:\/\/yoast.com\/product\/yoast-seo-wordpress\/ -->\n<title>Analisi Critica e Proposte di Miglioramento sulla Situazione Giovanile nel Mezzogiorno e la ZES Unica - Radio Touring 104<\/title>\n<meta name=\"description\" content=\"Salvatore Ferra\u00f9, dott. in economia e Co-founder di Sud Zes Consulting ha svelato le potenzialit\u00e0 della ZES Unica\" \/>\n<meta name=\"robots\" content=\"index, follow, max-snippet:-1, max-image-preview:large, max-video-preview:-1\" \/>\n<link rel=\"canonical\" href=\"https:\/\/progettotouring.it\/radiotouring104\/2023\/12\/15\/analisi-critica-e-proposte-di-miglioramento-sulla-situazione-giovanile-nel-mezzogiorno-e-la-zes-unica\/\" \/>\n<meta property=\"og:locale\" content=\"it_IT\" \/>\n<meta property=\"og:type\" content=\"article\" \/>\n<meta property=\"og:title\" content=\"Analisi Critica e Proposte di Miglioramento sulla Situazione Giovanile nel Mezzogiorno e la ZES Unica - Radio Touring 104\" \/>\n<meta property=\"og:description\" content=\"Salvatore Ferra\u00f9, dott. in economia e Co-founder di Sud Zes Consulting ha svelato le potenzialit\u00e0 della ZES Unica\" \/>\n<meta property=\"og:url\" content=\"https:\/\/progettotouring.it\/radiotouring104\/2023\/12\/15\/analisi-critica-e-proposte-di-miglioramento-sulla-situazione-giovanile-nel-mezzogiorno-e-la-zes-unica\/\" \/>\n<meta property=\"og:site_name\" content=\"Radio Touring 104\" \/>\n<meta property=\"article:published_time\" content=\"2023-12-15T14:52:18+00:00\" \/>\n<meta property=\"og:image\" content=\"https:\/\/progettotouring.it\/radiotouring104\/wp-content\/uploads\/sites\/6\/2023\/02\/ZES.png\" \/>\n\t<meta property=\"og:image:width\" content=\"923\" \/>\n\t<meta property=\"og:image:height\" content=\"528\" \/>\n\t<meta property=\"og:image:type\" content=\"image\/png\" \/>\n<meta name=\"author\" content=\"Filippo Francesco Idone\" \/>\n<meta name=\"twitter:card\" content=\"summary_large_image\" \/>\n<meta name=\"twitter:label1\" content=\"Scritto da\" \/>\n\t<meta name=\"twitter:data1\" content=\"Filippo Francesco Idone\" \/>\n\t<meta name=\"twitter:label2\" content=\"Tempo di lettura stimato\" \/>\n\t<meta name=\"twitter:data2\" content=\"2 minuti\" \/>\n<script type=\"application\/ld+json\" class=\"yoast-schema-graph\">{\"@context\":\"https:\/\/schema.org\",\"@graph\":[{\"@type\":\"Article\",\"@id\":\"https:\/\/progettotouring.it\/radiotouring104\/2023\/12\/15\/analisi-critica-e-proposte-di-miglioramento-sulla-situazione-giovanile-nel-mezzogiorno-e-la-zes-unica\/#article\",\"isPartOf\":{\"@id\":\"https:\/\/progettotouring.it\/radiotouring104\/2023\/12\/15\/analisi-critica-e-proposte-di-miglioramento-sulla-situazione-giovanile-nel-mezzogiorno-e-la-zes-unica\/\"},\"author\":{\"name\":\"Filippo Francesco Idone\",\"@id\":\"https:\/\/progettotouring.it\/radiotouring104\/#\/schema\/person\/4a82259ca52ac8702ad1a8f9e5a3120b\"},\"headline\":\"Analisi Critica e Proposte di Miglioramento sulla Situazione Giovanile nel Mezzogiorno e la ZES Unica\",\"datePublished\":\"2023-12-15T14:52:18+00:00\",\"mainEntityOfPage\":{\"@id\":\"https:\/\/progettotouring.it\/radiotouring104\/2023\/12\/15\/analisi-critica-e-proposte-di-miglioramento-sulla-situazione-giovanile-nel-mezzogiorno-e-la-zes-unica\/\"},\"wordCount\":364,\"publisher\":{\"@id\":\"https:\/\/progettotouring.it\/radiotouring104\/#organization\"},\"image\":{\"@id\":\"https:\/\/progettotouring.it\/radiotouring104\/2023\/12\/15\/analisi-critica-e-proposte-di-miglioramento-sulla-situazione-giovanile-nel-mezzogiorno-e-la-zes-unica\/#primaryimage\"},\"thumbnailUrl\":\"https:\/\/progettotouring.it\/radiotouring104\/wp-content\/uploads\/sites\/6\/2023\/02\/ZES.png\",\"keywords\":[\"Zes\",\"ZES unica\"],\"articleSection\":[\"Calabria\",\"Home\",\"News\"],\"inLanguage\":\"it-IT\"},{\"@type\":\"WebPage\",\"@id\":\"https:\/\/progettotouring.it\/radiotouring104\/2023\/12\/15\/analisi-critica-e-proposte-di-miglioramento-sulla-situazione-giovanile-nel-mezzogiorno-e-la-zes-unica\/\",\"url\":\"https:\/\/progettotouring.it\/radiotouring104\/2023\/12\/15\/analisi-critica-e-proposte-di-miglioramento-sulla-situazione-giovanile-nel-mezzogiorno-e-la-zes-unica\/\",\"name\":\"Analisi Critica e Proposte di Miglioramento sulla Situazione Giovanile nel Mezzogiorno e la ZES Unica - Radio Touring 104\",\"isPartOf\":{\"@id\":\"https:\/\/progettotouring.it\/radiotouring104\/#website\"},\"primaryImageOfPage\":{\"@id\":\"https:\/\/progettotouring.it\/radiotouring104\/2023\/12\/15\/analisi-critica-e-proposte-di-miglioramento-sulla-situazione-giovanile-nel-mezzogiorno-e-la-zes-unica\/#primaryimage\"},\"image\":{\"@id\":\"https:\/\/progettotouring.it\/radiotouring104\/2023\/12\/15\/analisi-critica-e-proposte-di-miglioramento-sulla-situazione-giovanile-nel-mezzogiorno-e-la-zes-unica\/#primaryimage\"},\"thumbnailUrl\":\"https:\/\/progettotouring.it\/radiotouring104\/wp-content\/uploads\/sites\/6\/2023\/02\/ZES.png\",\"datePublished\":\"2023-12-15T14:52:18+00:00\",\"description\":\"Salvatore Ferra\u00f9, dott. in economia e Co-founder di Sud Zes Consulting ha svelato le potenzialit\u00e0 della ZES Unica\",\"breadcrumb\":{\"@id\":\"https:\/\/progettotouring.it\/radiotouring104\/2023\/12\/15\/analisi-critica-e-proposte-di-miglioramento-sulla-situazione-giovanile-nel-mezzogiorno-e-la-zes-unica\/#breadcrumb\"},\"inLanguage\":\"it-IT\",\"potentialAction\":[{\"@type\":\"ReadAction\",\"target\":[\"https:\/\/progettotouring.it\/radiotouring104\/2023\/12\/15\/analisi-critica-e-proposte-di-miglioramento-sulla-situazione-giovanile-nel-mezzogiorno-e-la-zes-unica\/\"]}]},{\"@type\":\"ImageObject\",\"inLanguage\":\"it-IT\",\"@id\":\"https:\/\/progettotouring.it\/radiotouring104\/2023\/12\/15\/analisi-critica-e-proposte-di-miglioramento-sulla-situazione-giovanile-nel-mezzogiorno-e-la-zes-unica\/#primaryimage\",\"url\":\"https:\/\/progettotouring.it\/radiotouring104\/wp-content\/uploads\/sites\/6\/2023\/02\/ZES.png\",\"contentUrl\":\"https:\/\/progettotouring.it\/radiotouring104\/wp-content\/uploads\/sites\/6\/2023\/02\/ZES.png\",\"width\":923,\"height\":528},{\"@type\":\"BreadcrumbList\",\"@id\":\"https:\/\/progettotouring.it\/radiotouring104\/2023\/12\/15\/analisi-critica-e-proposte-di-miglioramento-sulla-situazione-giovanile-nel-mezzogiorno-e-la-zes-unica\/#breadcrumb\",\"itemListElement\":[{\"@type\":\"ListItem\",\"position\":1,\"name\":\"Home\",\"item\":\"https:\/\/progettotouring.it\/radiotouring104\/\"},{\"@type\":\"ListItem\",\"position\":2,\"name\":\"Analisi Critica e Proposte di Miglioramento sulla Situazione Giovanile nel Mezzogiorno e la ZES Unica\"}]},{\"@type\":\"WebSite\",\"@id\":\"https:\/\/progettotouring.it\/radiotouring104\/#website\",\"url\":\"https:\/\/progettotouring.it\/radiotouring104\/\",\"name\":\"Radio Touring 104\",\"description\":\"La prima radio Reggina\",\"publisher\":{\"@id\":\"https:\/\/progettotouring.it\/radiotouring104\/#organization\"},\"potentialAction\":[{\"@type\":\"SearchAction\",\"target\":{\"@type\":\"EntryPoint\",\"urlTemplate\":\"https:\/\/progettotouring.it\/radiotouring104\/?s={search_term_string}\"},\"query-input\":{\"@type\":\"PropertyValueSpecification\",\"valueRequired\":true,\"valueName\":\"search_term_string\"}}],\"inLanguage\":\"it-IT\"},{\"@type\":\"Organization\",\"@id\":\"https:\/\/progettotouring.it\/radiotouring104\/#organization\",\"name\":\"Radio Touring 104\",\"url\":\"https:\/\/progettotouring.it\/radiotouring104\/\",\"logo\":{\"@type\":\"ImageObject\",\"inLanguage\":\"it-IT\",\"@id\":\"https:\/\/progettotouring.it\/radiotouring104\/#\/schema\/logo\/image\/\",\"url\":\"https:\/\/progettotouring.it\/radiotouring104\/wp-content\/uploads\/sites\/6\/2022\/02\/cropped-logo-radio-touring-104.png\",\"contentUrl\":\"https:\/\/progettotouring.it\/radiotouring104\/wp-content\/uploads\/sites\/6\/2022\/02\/cropped-logo-radio-touring-104.png\",\"width\":377,\"height\":182,\"caption\":\"Radio Touring 104\"},\"image\":{\"@id\":\"https:\/\/progettotouring.it\/radiotouring104\/#\/schema\/logo\/image\/\"}},{\"@type\":\"Person\",\"@id\":\"https:\/\/progettotouring.it\/radiotouring104\/#\/schema\/person\/4a82259ca52ac8702ad1a8f9e5a3120b\",\"name\":\"Filippo Francesco Idone\",\"image\":{\"@type\":\"ImageObject\",\"inLanguage\":\"it-IT\",\"@id\":\"https:\/\/secure.gravatar.com\/avatar\/7268715d2366395c3dd314385670e6484117d44f5c442e61e230f7008b7b62d3?s=96&d=mm&r=g\",\"url\":\"https:\/\/secure.gravatar.com\/avatar\/7268715d2366395c3dd314385670e6484117d44f5c442e61e230f7008b7b62d3?s=96&d=mm&r=g\",\"contentUrl\":\"https:\/\/secure.gravatar.com\/avatar\/7268715d2366395c3dd314385670e6484117d44f5c442e61e230f7008b7b62d3?s=96&d=mm&r=g\",\"caption\":\"Filippo Francesco Idone\"},\"url\":\"https:\/\/progettotouring.it\/radiotouring104\/author\/filippoidone\/\"}]}<\/script>\n<!-- \/ Yoast SEO plugin. -->","yoast_head_json":{"title":"Analisi Critica e Proposte di Miglioramento sulla Situazione Giovanile nel Mezzogiorno e la ZES Unica - Radio Touring 104","description":"Salvatore Ferra\u00f9, dott. in economia e Co-founder di Sud Zes Consulting ha svelato le potenzialit\u00e0 della ZES Unica","robots":{"index":"index","follow":"follow","max-snippet":"max-snippet:-1","max-image-preview":"max-image-preview:large","max-video-preview":"max-video-preview:-1"},"canonical":"https:\/\/progettotouring.it\/radiotouring104\/2023\/12\/15\/analisi-critica-e-proposte-di-miglioramento-sulla-situazione-giovanile-nel-mezzogiorno-e-la-zes-unica\/","og_locale":"it_IT","og_type":"article","og_title":"Analisi Critica e Proposte di Miglioramento sulla Situazione Giovanile nel Mezzogiorno e la ZES Unica - Radio Touring 104","og_description":"Salvatore Ferra\u00f9, dott. in economia e Co-founder di Sud Zes Consulting ha svelato le potenzialit\u00e0 della ZES Unica","og_url":"https:\/\/progettotouring.it\/radiotouring104\/2023\/12\/15\/analisi-critica-e-proposte-di-miglioramento-sulla-situazione-giovanile-nel-mezzogiorno-e-la-zes-unica\/","og_site_name":"Radio Touring 104","article_published_time":"2023-12-15T14:52:18+00:00","og_image":[{"width":923,"height":528,"url":"https:\/\/progettotouring.it\/radiotouring104\/wp-content\/uploads\/sites\/6\/2023\/02\/ZES.png","type":"image\/png"}],"author":"Filippo Francesco Idone","twitter_card":"summary_large_image","twitter_misc":{"Scritto da":"Filippo Francesco Idone","Tempo di lettura stimato":"2 minuti"},"schema":{"@context":"https:\/\/schema.org","@graph":[{"@type":"Article","@id":"https:\/\/progettotouring.it\/radiotouring104\/2023\/12\/15\/analisi-critica-e-proposte-di-miglioramento-sulla-situazione-giovanile-nel-mezzogiorno-e-la-zes-unica\/#article","isPartOf":{"@id":"https:\/\/progettotouring.it\/radiotouring104\/2023\/12\/15\/analisi-critica-e-proposte-di-miglioramento-sulla-situazione-giovanile-nel-mezzogiorno-e-la-zes-unica\/"},"author":{"name":"Filippo Francesco Idone","@id":"https:\/\/progettotouring.it\/radiotouring104\/#\/schema\/person\/4a82259ca52ac8702ad1a8f9e5a3120b"},"headline":"Analisi Critica e Proposte di Miglioramento sulla Situazione Giovanile nel Mezzogiorno e la ZES Unica","datePublished":"2023-12-15T14:52:18+00:00","mainEntityOfPage":{"@id":"https:\/\/progettotouring.it\/radiotouring104\/2023\/12\/15\/analisi-critica-e-proposte-di-miglioramento-sulla-situazione-giovanile-nel-mezzogiorno-e-la-zes-unica\/"},"wordCount":364,"publisher":{"@id":"https:\/\/progettotouring.it\/radiotouring104\/#organization"},"image":{"@id":"https:\/\/progettotouring.it\/radiotouring104\/2023\/12\/15\/analisi-critica-e-proposte-di-miglioramento-sulla-situazione-giovanile-nel-mezzogiorno-e-la-zes-unica\/#primaryimage"},"thumbnailUrl":"https:\/\/progettotouring.it\/radiotouring104\/wp-content\/uploads\/sites\/6\/2023\/02\/ZES.png","keywords":["Zes","ZES unica"],"articleSection":["Calabria","Home","News"],"inLanguage":"it-IT"},{"@type":"WebPage","@id":"https:\/\/progettotouring.it\/radiotouring104\/2023\/12\/15\/analisi-critica-e-proposte-di-miglioramento-sulla-situazione-giovanile-nel-mezzogiorno-e-la-zes-unica\/","url":"https:\/\/progettotouring.it\/radiotouring104\/2023\/12\/15\/analisi-critica-e-proposte-di-miglioramento-sulla-situazione-giovanile-nel-mezzogiorno-e-la-zes-unica\/","name":"Analisi Critica e Proposte di Miglioramento sulla Situazione Giovanile nel Mezzogiorno e la ZES Unica - Radio Touring 104","isPartOf":{"@id":"https:\/\/progettotouring.it\/radiotouring104\/#website"},"primaryImageOfPage":{"@id":"https:\/\/progettotouring.it\/radiotouring104\/2023\/12\/15\/analisi-critica-e-proposte-di-miglioramento-sulla-situazione-giovanile-nel-mezzogiorno-e-la-zes-unica\/#primaryimage"},"image":{"@id":"https:\/\/progettotouring.it\/radiotouring104\/2023\/12\/15\/analisi-critica-e-proposte-di-miglioramento-sulla-situazione-giovanile-nel-mezzogiorno-e-la-zes-unica\/#primaryimage"},"thumbnailUrl":"https:\/\/progettotouring.it\/radiotouring104\/wp-content\/uploads\/sites\/6\/2023\/02\/ZES.png","datePublished":"2023-12-15T14:52:18+00:00","description":"Salvatore Ferra\u00f9, dott. in economia e Co-founder di Sud Zes Consulting ha svelato le potenzialit\u00e0 della ZES Unica","breadcrumb":{"@id":"https:\/\/progettotouring.it\/radiotouring104\/2023\/12\/15\/analisi-critica-e-proposte-di-miglioramento-sulla-situazione-giovanile-nel-mezzogiorno-e-la-zes-unica\/#breadcrumb"},"inLanguage":"it-IT","potentialAction":[{"@type":"ReadAction","target":["https:\/\/progettotouring.it\/radiotouring104\/2023\/12\/15\/analisi-critica-e-proposte-di-miglioramento-sulla-situazione-giovanile-nel-mezzogiorno-e-la-zes-unica\/"]}]},{"@type":"ImageObject","inLanguage":"it-IT","@id":"https:\/\/progettotouring.it\/radiotouring104\/2023\/12\/15\/analisi-critica-e-proposte-di-miglioramento-sulla-situazione-giovanile-nel-mezzogiorno-e-la-zes-unica\/#primaryimage","url":"https:\/\/progettotouring.it\/radiotouring104\/wp-content\/uploads\/sites\/6\/2023\/02\/ZES.png","contentUrl":"https:\/\/progettotouring.it\/radiotouring104\/wp-content\/uploads\/sites\/6\/2023\/02\/ZES.png","width":923,"height":528},{"@type":"BreadcrumbList","@id":"https:\/\/progettotouring.it\/radiotouring104\/2023\/12\/15\/analisi-critica-e-proposte-di-miglioramento-sulla-situazione-giovanile-nel-mezzogiorno-e-la-zes-unica\/#breadcrumb","itemListElement":[{"@type":"ListItem","position":1,"name":"Home","item":"https:\/\/progettotouring.it\/radiotouring104\/"},{"@type":"ListItem","position":2,"name":"Analisi Critica e Proposte di Miglioramento sulla Situazione Giovanile nel Mezzogiorno e la ZES Unica"}]},{"@type":"WebSite","@id":"https:\/\/progettotouring.it\/radiotouring104\/#website","url":"https:\/\/progettotouring.it\/radiotouring104\/","name":"Radio Touring 104","description":"La prima radio Reggina","publisher":{"@id":"https:\/\/progettotouring.it\/radiotouring104\/#organization"},"potentialAction":[{"@type":"SearchAction","target":{"@type":"EntryPoint","urlTemplate":"https:\/\/progettotouring.it\/radiotouring104\/?s={search_term_string}"},"query-input":{"@type":"PropertyValueSpecification","valueRequired":true,"valueName":"search_term_string"}}],"inLanguage":"it-IT"},{"@type":"Organization","@id":"https:\/\/progettotouring.it\/radiotouring104\/#organization","name":"Radio Touring 104","url":"https:\/\/progettotouring.it\/radiotouring104\/","logo":{"@type":"ImageObject","inLanguage":"it-IT","@id":"https:\/\/progettotouring.it\/radiotouring104\/#\/schema\/logo\/image\/","url":"https:\/\/progettotouring.it\/radiotouring104\/wp-content\/uploads\/sites\/6\/2022\/02\/cropped-logo-radio-touring-104.png","contentUrl":"https:\/\/progettotouring.it\/radiotouring104\/wp-content\/uploads\/sites\/6\/2022\/02\/cropped-logo-radio-touring-104.png","width":377,"height":182,"caption":"Radio Touring 104"},"image":{"@id":"https:\/\/progettotouring.it\/radiotouring104\/#\/schema\/logo\/image\/"}},{"@type":"Person","@id":"https:\/\/progettotouring.it\/radiotouring104\/#\/schema\/person\/4a82259ca52ac8702ad1a8f9e5a3120b","name":"Filippo Francesco Idone","image":{"@type":"ImageObject","inLanguage":"it-IT","@id":"https:\/\/secure.gravatar.com\/avatar\/7268715d2366395c3dd314385670e6484117d44f5c442e61e230f7008b7b62d3?s=96&d=mm&r=g","url":"https:\/\/secure.gravatar.com\/avatar\/7268715d2366395c3dd314385670e6484117d44f5c442e61e230f7008b7b62d3?s=96&d=mm&r=g","contentUrl":"https:\/\/secure.gravatar.com\/avatar\/7268715d2366395c3dd314385670e6484117d44f5c442e61e230f7008b7b62d3?s=96&d=mm&r=g","caption":"Filippo Francesco Idone"},"url":"https:\/\/progettotouring.it\/radiotouring104\/author\/filippoidone\/"}]}},"jetpack_publicize_connections":[],"jetpack_featured_media_url":"https:\/\/progettotouring.it\/radiotouring104\/wp-content\/uploads\/sites\/6\/2023\/02\/ZES.png","jetpack_sharing_enabled":true,"_links":{"self":[{"href":"https:\/\/progettotouring.it\/radiotouring104\/wp-json\/wp\/v2\/posts\/41195","targetHints":{"allow":["GET"]}}],"collection":[{"href":"https:\/\/progettotouring.it\/radiotouring104\/wp-json\/wp\/v2\/posts"}],"about":[{"href":"https:\/\/progettotouring.it\/radiotouring104\/wp-json\/wp\/v2\/types\/post"}],"author":[{"embeddable":true,"href":"https:\/\/progettotouring.it\/radiotouring104\/wp-json\/wp\/v2\/users\/8"}],"replies":[{"embeddable":true,"href":"https:\/\/progettotouring.it\/radiotouring104\/wp-json\/wp\/v2\/comments?post=41195"}],"version-history":[{"count":1,"href":"https:\/\/progettotouring.it\/radiotouring104\/wp-json\/wp\/v2\/posts\/41195\/revisions"}],"predecessor-version":[{"id":41196,"href":"https:\/\/progettotouring.it\/radiotouring104\/wp-json\/wp\/v2\/posts\/41195\/revisions\/41196"}],"wp:featuredmedia":[{"embeddable":true,"href":"https:\/\/progettotouring.it\/radiotouring104\/wp-json\/wp\/v2\/media\/19586"}],"wp:attachment":[{"href":"https:\/\/progettotouring.it\/radiotouring104\/wp-json\/wp\/v2\/media?parent=41195"}],"wp:term":[{"taxonomy":"category","embeddable":true,"href":"https:\/\/progettotouring.it\/radiotouring104\/wp-json\/wp\/v2\/categories?post=41195"},{"taxonomy":"post_tag","embeddable":true,"href":"https:\/\/progettotouring.it\/radiotouring104\/wp-json\/wp\/v2\/tags?post=41195"}],"curies":[{"name":"wp","href":"https:\/\/api.w.org\/{rel}","templated":true}]}}