{"id":4151,"date":"2022-04-13T15:54:30","date_gmt":"2022-04-13T13:54:30","guid":{"rendered":"https:\/\/progettotouring.it\/radiotouring104\/?p=4151"},"modified":"2024-01-02T21:18:17","modified_gmt":"2024-01-02T20:18:17","slug":"pallacanestro-viola-bolignano-ho-visto-negli-occhi-dei-ragazzi-la-determinazione","status":"publish","type":"post","link":"https:\/\/progettotouring.it\/radiotouring104\/2022\/04\/13\/pallacanestro-viola-bolignano-ho-visto-negli-occhi-dei-ragazzi-la-determinazione\/","title":{"rendered":"Pallacanestro Viola, Bolignano: &#8220;Ho visto negli occhi dei ragazzi la determinazione&#8221;"},"content":{"rendered":"<h3>A quattro giornate dalla fine della regular season, a tracciare una riga in casa Viola \u00e8 stato Coach Bolignano<\/h3>\n<blockquote><p>\u00a0Credo sia importante fare il punto della situazione. Questa estate con la societ\u00e0 abbiamo programmato una stagione che ci portasse a raggiungere l\u2019obiettivo della salvezza diretta. Ad oggi questa squadra dimostra di essere una squadra viva e in salute, capace di lottare su ogni pallone in ogni occasione e di uscire sempre a testa alta sul parquet aldil\u00e0 del risultato finale. Vogliamo provare gi\u00e0 questo sabato ad ottenere a tutti i costi la salvezza aritmetica, e perch\u00e9 no provare a ad aggiungere quella che per noi sarebbe la ciliegina sulla torta, ovvero il raggiungimento dei playoff. Credo che ci siano tutte le condizioni possibili per poterlo fare. Abbiamo una voglia matta di farlo, abbiamo voglia di regalare ai nostri tifosi un qualcosa in pi\u00f9. Noi ci crediamo, l\u2019ho visto negli occhi dei miei giocatori, l\u2019ho visto negli occhi del mio staff, l\u2019ho visto negli occhi dei miei dirigenti. Vogliamo raggiungere un obiettivo importante, non preventivato. Ovvio che non dipender\u00e0 solo da noi, ma ce la metteremo tutta per provare a coronare questo sogno. Per farlo per\u00f2 abbiamo bisogno del vostro sostegno sabato alle 19:30 contro Ragusa al PalaCalafiore. Vogliamo e dobbiamo lottare insieme per raggiungere un grande risultato, quindi vi aspettiamo numerosi!<\/p><\/blockquote>\n","protected":false},"excerpt":{"rendered":"<p>A quattro giornate dalla fine della regular season, a tracciare una riga in casa Viola \u00e8 stato Coach Bolignano \u00a0Credo sia importante fare il punto della situazione. Questa estate con&hellip;<\/p>\n","protected":false},"author":9,"featured_media":4152,"comment_status":"open","ping_status":"open","sticky":false,"template":"","format":"standard","meta":{"_jetpack_memberships_contains_paid_content":false,"footnotes":"","jetpack_publicize_message":"","jetpack_publicize_feature_enabled":true,"jetpack_social_post_already_shared":false,"jetpack_social_options":{"image_generator_settings":{"template":"highway","default_image_id":0,"font":"","enabled":false},"version":2}},"categories":[196,144],"tags":[769,955,767],"class_list":["post-4151","post","type-post","status-publish","format-standard","has-post-thumbnail","hentry","category-news","category-sport","tag-basket","tag-bolignano","tag-pallacanestro-viola"],"yoast_head":"<!-- This site is optimized with the Yoast SEO plugin v27.2 - https:\/\/yoast.com\/product\/yoast-seo-wordpress\/ -->\n<title>Pallacanestro Viola, Bolignano: &quot;Ho visto negli occhi dei ragazzi la determinazione&quot; - Radio Touring 104<\/title>\n<meta name=\"robots\" content=\"index, follow, max-snippet:-1, max-image-preview:large, max-video-preview:-1\" \/>\n<link rel=\"canonical\" href=\"https:\/\/progettotouring.it\/radiotouring104\/2022\/04\/13\/pallacanestro-viola-bolignano-ho-visto-negli-occhi-dei-ragazzi-la-determinazione\/\" \/>\n<meta property=\"og:locale\" content=\"it_IT\" \/>\n<meta property=\"og:type\" content=\"article\" \/>\n<meta property=\"og:title\" content=\"Pallacanestro Viola, Bolignano: &quot;Ho visto negli occhi dei ragazzi la determinazione&quot; - Radio Touring 104\" \/>\n<meta property=\"og:description\" content=\"A quattro giornate dalla fine della regular season, a tracciare una riga in casa Viola \u00e8 stato Coach Bolignano \u00a0Credo sia importante fare il punto della situazione. Questa estate con&hellip;\" \/>\n<meta property=\"og:url\" content=\"https:\/\/progettotouring.it\/radiotouring104\/2022\/04\/13\/pallacanestro-viola-bolignano-ho-visto-negli-occhi-dei-ragazzi-la-determinazione\/\" \/>\n<meta property=\"og:site_name\" content=\"Radio Touring 104\" \/>\n<meta property=\"article:published_time\" content=\"2022-04-13T13:54:30+00:00\" \/>\n<meta property=\"article:modified_time\" content=\"2024-01-02T20:18:17+00:00\" \/>\n<meta property=\"og:image\" content=\"https:\/\/progettotouring.it\/radiotouring104\/wp-content\/uploads\/sites\/6\/2022\/04\/WhatsApp-Image-2022-04-13-at-11.28.35.jpeg\" \/>\n\t<meta property=\"og:image:width\" content=\"1600\" \/>\n\t<meta property=\"og:image:height\" content=\"892\" \/>\n\t<meta property=\"og:image:type\" content=\"image\/jpeg\" \/>\n<meta name=\"author\" content=\"Simone Bellantone\" \/>\n<meta name=\"twitter:card\" content=\"summary_large_image\" \/>\n<meta name=\"twitter:label1\" content=\"Scritto da\" \/>\n\t<meta name=\"twitter:data1\" content=\"Simone Bellantone\" \/>\n\t<meta name=\"twitter:label2\" content=\"Tempo di lettura stimato\" \/>\n\t<meta name=\"twitter:data2\" content=\"1 minuto\" \/>\n<script type=\"application\/ld+json\" class=\"yoast-schema-graph\">{\"@context\":\"https:\/\/schema.org\",\"@graph\":[{\"@type\":\"Article\",\"@id\":\"https:\/\/progettotouring.it\/radiotouring104\/2022\/04\/13\/pallacanestro-viola-bolignano-ho-visto-negli-occhi-dei-ragazzi-la-determinazione\/#article\",\"isPartOf\":{\"@id\":\"https:\/\/progettotouring.it\/radiotouring104\/2022\/04\/13\/pallacanestro-viola-bolignano-ho-visto-negli-occhi-dei-ragazzi-la-determinazione\/\"},\"author\":{\"name\":\"Simone Bellantone\",\"@id\":\"https:\/\/progettotouring.it\/radiotouring104\/#\/schema\/person\/b02b4a64cc703d21ea2057af8a329b6b\"},\"headline\":\"Pallacanestro Viola, Bolignano: &#8220;Ho visto negli occhi dei ragazzi la determinazione&#8221;\",\"datePublished\":\"2022-04-13T13:54:30+00:00\",\"dateModified\":\"2024-01-02T20:18:17+00:00\",\"mainEntityOfPage\":{\"@id\":\"https:\/\/progettotouring.it\/radiotouring104\/2022\/04\/13\/pallacanestro-viola-bolignano-ho-visto-negli-occhi-dei-ragazzi-la-determinazione\/\"},\"wordCount\":234,\"commentCount\":0,\"publisher\":{\"@id\":\"https:\/\/progettotouring.it\/radiotouring104\/#organization\"},\"image\":{\"@id\":\"https:\/\/progettotouring.it\/radiotouring104\/2022\/04\/13\/pallacanestro-viola-bolignano-ho-visto-negli-occhi-dei-ragazzi-la-determinazione\/#primaryimage\"},\"thumbnailUrl\":\"https:\/\/progettotouring.it\/radiotouring104\/wp-content\/uploads\/sites\/6\/2022\/04\/WhatsApp-Image-2022-04-13-at-11.28.35.jpeg\",\"keywords\":[\"basket\",\"Bolignano\",\"Pallacanestro Viola\"],\"articleSection\":[\"News\",\"Sport\"],\"inLanguage\":\"it-IT\",\"potentialAction\":[{\"@type\":\"CommentAction\",\"name\":\"Comment\",\"target\":[\"https:\/\/progettotouring.it\/radiotouring104\/2022\/04\/13\/pallacanestro-viola-bolignano-ho-visto-negli-occhi-dei-ragazzi-la-determinazione\/#respond\"]}]},{\"@type\":\"WebPage\",\"@id\":\"https:\/\/progettotouring.it\/radiotouring104\/2022\/04\/13\/pallacanestro-viola-bolignano-ho-visto-negli-occhi-dei-ragazzi-la-determinazione\/\",\"url\":\"https:\/\/progettotouring.it\/radiotouring104\/2022\/04\/13\/pallacanestro-viola-bolignano-ho-visto-negli-occhi-dei-ragazzi-la-determinazione\/\",\"name\":\"Pallacanestro Viola, Bolignano: \\\"Ho visto negli occhi dei ragazzi la determinazione\\\" - Radio Touring 104\",\"isPartOf\":{\"@id\":\"https:\/\/progettotouring.it\/radiotouring104\/#website\"},\"primaryImageOfPage\":{\"@id\":\"https:\/\/progettotouring.it\/radiotouring104\/2022\/04\/13\/pallacanestro-viola-bolignano-ho-visto-negli-occhi-dei-ragazzi-la-determinazione\/#primaryimage\"},\"image\":{\"@id\":\"https:\/\/progettotouring.it\/radiotouring104\/2022\/04\/13\/pallacanestro-viola-bolignano-ho-visto-negli-occhi-dei-ragazzi-la-determinazione\/#primaryimage\"},\"thumbnailUrl\":\"https:\/\/progettotouring.it\/radiotouring104\/wp-content\/uploads\/sites\/6\/2022\/04\/WhatsApp-Image-2022-04-13-at-11.28.35.jpeg\",\"datePublished\":\"2022-04-13T13:54:30+00:00\",\"dateModified\":\"2024-01-02T20:18:17+00:00\",\"breadcrumb\":{\"@id\":\"https:\/\/progettotouring.it\/radiotouring104\/2022\/04\/13\/pallacanestro-viola-bolignano-ho-visto-negli-occhi-dei-ragazzi-la-determinazione\/#breadcrumb\"},\"inLanguage\":\"it-IT\",\"potentialAction\":[{\"@type\":\"ReadAction\",\"target\":[\"https:\/\/progettotouring.it\/radiotouring104\/2022\/04\/13\/pallacanestro-viola-bolignano-ho-visto-negli-occhi-dei-ragazzi-la-determinazione\/\"]}]},{\"@type\":\"ImageObject\",\"inLanguage\":\"it-IT\",\"@id\":\"https:\/\/progettotouring.it\/radiotouring104\/2022\/04\/13\/pallacanestro-viola-bolignano-ho-visto-negli-occhi-dei-ragazzi-la-determinazione\/#primaryimage\",\"url\":\"https:\/\/progettotouring.it\/radiotouring104\/wp-content\/uploads\/sites\/6\/2022\/04\/WhatsApp-Image-2022-04-13-at-11.28.35.jpeg\",\"contentUrl\":\"https:\/\/progettotouring.it\/radiotouring104\/wp-content\/uploads\/sites\/6\/2022\/04\/WhatsApp-Image-2022-04-13-at-11.28.35.jpeg\",\"width\":1600,\"height\":892},{\"@type\":\"BreadcrumbList\",\"@id\":\"https:\/\/progettotouring.it\/radiotouring104\/2022\/04\/13\/pallacanestro-viola-bolignano-ho-visto-negli-occhi-dei-ragazzi-la-determinazione\/#breadcrumb\",\"itemListElement\":[{\"@type\":\"ListItem\",\"position\":1,\"name\":\"Home\",\"item\":\"https:\/\/progettotouring.it\/radiotouring104\/\"},{\"@type\":\"ListItem\",\"position\":2,\"name\":\"Pallacanestro Viola, Bolignano: &#8220;Ho visto negli occhi dei ragazzi la determinazione&#8221;\"}]},{\"@type\":\"WebSite\",\"@id\":\"https:\/\/progettotouring.it\/radiotouring104\/#website\",\"url\":\"https:\/\/progettotouring.it\/radiotouring104\/\",\"name\":\"Radio Touring 104\",\"description\":\"La prima radio Reggina\",\"publisher\":{\"@id\":\"https:\/\/progettotouring.it\/radiotouring104\/#organization\"},\"potentialAction\":[{\"@type\":\"SearchAction\",\"target\":{\"@type\":\"EntryPoint\",\"urlTemplate\":\"https:\/\/progettotouring.it\/radiotouring104\/?s={search_term_string}\"},\"query-input\":{\"@type\":\"PropertyValueSpecification\",\"valueRequired\":true,\"valueName\":\"search_term_string\"}}],\"inLanguage\":\"it-IT\"},{\"@type\":\"Organization\",\"@id\":\"https:\/\/progettotouring.it\/radiotouring104\/#organization\",\"name\":\"Radio Touring 104\",\"url\":\"https:\/\/progettotouring.it\/radiotouring104\/\",\"logo\":{\"@type\":\"ImageObject\",\"inLanguage\":\"it-IT\",\"@id\":\"https:\/\/progettotouring.it\/radiotouring104\/#\/schema\/logo\/image\/\",\"url\":\"https:\/\/progettotouring.it\/radiotouring104\/wp-content\/uploads\/sites\/6\/2022\/02\/cropped-logo-radio-touring-104.png\",\"contentUrl\":\"https:\/\/progettotouring.it\/radiotouring104\/wp-content\/uploads\/sites\/6\/2022\/02\/cropped-logo-radio-touring-104.png\",\"width\":377,\"height\":182,\"caption\":\"Radio Touring 104\"},\"image\":{\"@id\":\"https:\/\/progettotouring.it\/radiotouring104\/#\/schema\/logo\/image\/\"}},{\"@type\":\"Person\",\"@id\":\"https:\/\/progettotouring.it\/radiotouring104\/#\/schema\/person\/b02b4a64cc703d21ea2057af8a329b6b\",\"name\":\"Simone Bellantone\",\"image\":{\"@type\":\"ImageObject\",\"inLanguage\":\"it-IT\",\"@id\":\"https:\/\/secure.gravatar.com\/avatar\/c0fd4786b23723d384ae03466de926437b7f96aff3085f28bdb1144f02798375?s=96&d=mm&r=g\",\"url\":\"https:\/\/secure.gravatar.com\/avatar\/c0fd4786b23723d384ae03466de926437b7f96aff3085f28bdb1144f02798375?s=96&d=mm&r=g\",\"contentUrl\":\"https:\/\/secure.gravatar.com\/avatar\/c0fd4786b23723d384ae03466de926437b7f96aff3085f28bdb1144f02798375?s=96&d=mm&r=g\",\"caption\":\"Simone Bellantone\"},\"url\":\"https:\/\/progettotouring.it\/radiotouring104\/author\/simonebellantone\/\"}]}<\/script>\n<!-- \/ Yoast SEO plugin. -->","yoast_head_json":{"title":"Pallacanestro Viola, Bolignano: \"Ho visto negli occhi dei ragazzi la determinazione\" - Radio Touring 104","robots":{"index":"index","follow":"follow","max-snippet":"max-snippet:-1","max-image-preview":"max-image-preview:large","max-video-preview":"max-video-preview:-1"},"canonical":"https:\/\/progettotouring.it\/radiotouring104\/2022\/04\/13\/pallacanestro-viola-bolignano-ho-visto-negli-occhi-dei-ragazzi-la-determinazione\/","og_locale":"it_IT","og_type":"article","og_title":"Pallacanestro Viola, Bolignano: \"Ho visto negli occhi dei ragazzi la determinazione\" - Radio Touring 104","og_description":"A quattro giornate dalla fine della regular season, a tracciare una riga in casa Viola \u00e8 stato Coach Bolignano \u00a0Credo sia importante fare il punto della situazione. Questa estate con&hellip;","og_url":"https:\/\/progettotouring.it\/radiotouring104\/2022\/04\/13\/pallacanestro-viola-bolignano-ho-visto-negli-occhi-dei-ragazzi-la-determinazione\/","og_site_name":"Radio Touring 104","article_published_time":"2022-04-13T13:54:30+00:00","article_modified_time":"2024-01-02T20:18:17+00:00","og_image":[{"width":1600,"height":892,"url":"https:\/\/progettotouring.it\/radiotouring104\/wp-content\/uploads\/sites\/6\/2022\/04\/WhatsApp-Image-2022-04-13-at-11.28.35.jpeg","type":"image\/jpeg"}],"author":"Simone Bellantone","twitter_card":"summary_large_image","twitter_misc":{"Scritto da":"Simone Bellantone","Tempo di lettura stimato":"1 minuto"},"schema":{"@context":"https:\/\/schema.org","@graph":[{"@type":"Article","@id":"https:\/\/progettotouring.it\/radiotouring104\/2022\/04\/13\/pallacanestro-viola-bolignano-ho-visto-negli-occhi-dei-ragazzi-la-determinazione\/#article","isPartOf":{"@id":"https:\/\/progettotouring.it\/radiotouring104\/2022\/04\/13\/pallacanestro-viola-bolignano-ho-visto-negli-occhi-dei-ragazzi-la-determinazione\/"},"author":{"name":"Simone Bellantone","@id":"https:\/\/progettotouring.it\/radiotouring104\/#\/schema\/person\/b02b4a64cc703d21ea2057af8a329b6b"},"headline":"Pallacanestro Viola, Bolignano: &#8220;Ho visto negli occhi dei ragazzi la determinazione&#8221;","datePublished":"2022-04-13T13:54:30+00:00","dateModified":"2024-01-02T20:18:17+00:00","mainEntityOfPage":{"@id":"https:\/\/progettotouring.it\/radiotouring104\/2022\/04\/13\/pallacanestro-viola-bolignano-ho-visto-negli-occhi-dei-ragazzi-la-determinazione\/"},"wordCount":234,"commentCount":0,"publisher":{"@id":"https:\/\/progettotouring.it\/radiotouring104\/#organization"},"image":{"@id":"https:\/\/progettotouring.it\/radiotouring104\/2022\/04\/13\/pallacanestro-viola-bolignano-ho-visto-negli-occhi-dei-ragazzi-la-determinazione\/#primaryimage"},"thumbnailUrl":"https:\/\/progettotouring.it\/radiotouring104\/wp-content\/uploads\/sites\/6\/2022\/04\/WhatsApp-Image-2022-04-13-at-11.28.35.jpeg","keywords":["basket","Bolignano","Pallacanestro Viola"],"articleSection":["News","Sport"],"inLanguage":"it-IT","potentialAction":[{"@type":"CommentAction","name":"Comment","target":["https:\/\/progettotouring.it\/radiotouring104\/2022\/04\/13\/pallacanestro-viola-bolignano-ho-visto-negli-occhi-dei-ragazzi-la-determinazione\/#respond"]}]},{"@type":"WebPage","@id":"https:\/\/progettotouring.it\/radiotouring104\/2022\/04\/13\/pallacanestro-viola-bolignano-ho-visto-negli-occhi-dei-ragazzi-la-determinazione\/","url":"https:\/\/progettotouring.it\/radiotouring104\/2022\/04\/13\/pallacanestro-viola-bolignano-ho-visto-negli-occhi-dei-ragazzi-la-determinazione\/","name":"Pallacanestro Viola, Bolignano: \"Ho visto negli occhi dei ragazzi la determinazione\" - Radio Touring 104","isPartOf":{"@id":"https:\/\/progettotouring.it\/radiotouring104\/#website"},"primaryImageOfPage":{"@id":"https:\/\/progettotouring.it\/radiotouring104\/2022\/04\/13\/pallacanestro-viola-bolignano-ho-visto-negli-occhi-dei-ragazzi-la-determinazione\/#primaryimage"},"image":{"@id":"https:\/\/progettotouring.it\/radiotouring104\/2022\/04\/13\/pallacanestro-viola-bolignano-ho-visto-negli-occhi-dei-ragazzi-la-determinazione\/#primaryimage"},"thumbnailUrl":"https:\/\/progettotouring.it\/radiotouring104\/wp-content\/uploads\/sites\/6\/2022\/04\/WhatsApp-Image-2022-04-13-at-11.28.35.jpeg","datePublished":"2022-04-13T13:54:30+00:00","dateModified":"2024-01-02T20:18:17+00:00","breadcrumb":{"@id":"https:\/\/progettotouring.it\/radiotouring104\/2022\/04\/13\/pallacanestro-viola-bolignano-ho-visto-negli-occhi-dei-ragazzi-la-determinazione\/#breadcrumb"},"inLanguage":"it-IT","potentialAction":[{"@type":"ReadAction","target":["https:\/\/progettotouring.it\/radiotouring104\/2022\/04\/13\/pallacanestro-viola-bolignano-ho-visto-negli-occhi-dei-ragazzi-la-determinazione\/"]}]},{"@type":"ImageObject","inLanguage":"it-IT","@id":"https:\/\/progettotouring.it\/radiotouring104\/2022\/04\/13\/pallacanestro-viola-bolignano-ho-visto-negli-occhi-dei-ragazzi-la-determinazione\/#primaryimage","url":"https:\/\/progettotouring.it\/radiotouring104\/wp-content\/uploads\/sites\/6\/2022\/04\/WhatsApp-Image-2022-04-13-at-11.28.35.jpeg","contentUrl":"https:\/\/progettotouring.it\/radiotouring104\/wp-content\/uploads\/sites\/6\/2022\/04\/WhatsApp-Image-2022-04-13-at-11.28.35.jpeg","width":1600,"height":892},{"@type":"BreadcrumbList","@id":"https:\/\/progettotouring.it\/radiotouring104\/2022\/04\/13\/pallacanestro-viola-bolignano-ho-visto-negli-occhi-dei-ragazzi-la-determinazione\/#breadcrumb","itemListElement":[{"@type":"ListItem","position":1,"name":"Home","item":"https:\/\/progettotouring.it\/radiotouring104\/"},{"@type":"ListItem","position":2,"name":"Pallacanestro Viola, Bolignano: &#8220;Ho visto negli occhi dei ragazzi la determinazione&#8221;"}]},{"@type":"WebSite","@id":"https:\/\/progettotouring.it\/radiotouring104\/#website","url":"https:\/\/progettotouring.it\/radiotouring104\/","name":"Radio Touring 104","description":"La prima radio Reggina","publisher":{"@id":"https:\/\/progettotouring.it\/radiotouring104\/#organization"},"potentialAction":[{"@type":"SearchAction","target":{"@type":"EntryPoint","urlTemplate":"https:\/\/progettotouring.it\/radiotouring104\/?s={search_term_string}"},"query-input":{"@type":"PropertyValueSpecification","valueRequired":true,"valueName":"search_term_string"}}],"inLanguage":"it-IT"},{"@type":"Organization","@id":"https:\/\/progettotouring.it\/radiotouring104\/#organization","name":"Radio Touring 104","url":"https:\/\/progettotouring.it\/radiotouring104\/","logo":{"@type":"ImageObject","inLanguage":"it-IT","@id":"https:\/\/progettotouring.it\/radiotouring104\/#\/schema\/logo\/image\/","url":"https:\/\/progettotouring.it\/radiotouring104\/wp-content\/uploads\/sites\/6\/2022\/02\/cropped-logo-radio-touring-104.png","contentUrl":"https:\/\/progettotouring.it\/radiotouring104\/wp-content\/uploads\/sites\/6\/2022\/02\/cropped-logo-radio-touring-104.png","width":377,"height":182,"caption":"Radio Touring 104"},"image":{"@id":"https:\/\/progettotouring.it\/radiotouring104\/#\/schema\/logo\/image\/"}},{"@type":"Person","@id":"https:\/\/progettotouring.it\/radiotouring104\/#\/schema\/person\/b02b4a64cc703d21ea2057af8a329b6b","name":"Simone Bellantone","image":{"@type":"ImageObject","inLanguage":"it-IT","@id":"https:\/\/secure.gravatar.com\/avatar\/c0fd4786b23723d384ae03466de926437b7f96aff3085f28bdb1144f02798375?s=96&d=mm&r=g","url":"https:\/\/secure.gravatar.com\/avatar\/c0fd4786b23723d384ae03466de926437b7f96aff3085f28bdb1144f02798375?s=96&d=mm&r=g","contentUrl":"https:\/\/secure.gravatar.com\/avatar\/c0fd4786b23723d384ae03466de926437b7f96aff3085f28bdb1144f02798375?s=96&d=mm&r=g","caption":"Simone Bellantone"},"url":"https:\/\/progettotouring.it\/radiotouring104\/author\/simonebellantone\/"}]}},"jetpack_publicize_connections":[],"jetpack_featured_media_url":"https:\/\/progettotouring.it\/radiotouring104\/wp-content\/uploads\/sites\/6\/2022\/04\/WhatsApp-Image-2022-04-13-at-11.28.35.jpeg","jetpack_sharing_enabled":true,"_links":{"self":[{"href":"https:\/\/progettotouring.it\/radiotouring104\/wp-json\/wp\/v2\/posts\/4151","targetHints":{"allow":["GET"]}}],"collection":[{"href":"https:\/\/progettotouring.it\/radiotouring104\/wp-json\/wp\/v2\/posts"}],"about":[{"href":"https:\/\/progettotouring.it\/radiotouring104\/wp-json\/wp\/v2\/types\/post"}],"author":[{"embeddable":true,"href":"https:\/\/progettotouring.it\/radiotouring104\/wp-json\/wp\/v2\/users\/9"}],"replies":[{"embeddable":true,"href":"https:\/\/progettotouring.it\/radiotouring104\/wp-json\/wp\/v2\/comments?post=4151"}],"version-history":[{"count":1,"href":"https:\/\/progettotouring.it\/radiotouring104\/wp-json\/wp\/v2\/posts\/4151\/revisions"}],"predecessor-version":[{"id":4153,"href":"https:\/\/progettotouring.it\/radiotouring104\/wp-json\/wp\/v2\/posts\/4151\/revisions\/4153"}],"wp:featuredmedia":[{"embeddable":true,"href":"https:\/\/progettotouring.it\/radiotouring104\/wp-json\/wp\/v2\/media\/4152"}],"wp:attachment":[{"href":"https:\/\/progettotouring.it\/radiotouring104\/wp-json\/wp\/v2\/media?parent=4151"}],"wp:term":[{"taxonomy":"category","embeddable":true,"href":"https:\/\/progettotouring.it\/radiotouring104\/wp-json\/wp\/v2\/categories?post=4151"},{"taxonomy":"post_tag","embeddable":true,"href":"https:\/\/progettotouring.it\/radiotouring104\/wp-json\/wp\/v2\/tags?post=4151"}],"curies":[{"name":"wp","href":"https:\/\/api.w.org\/{rel}","templated":true}]}}