{"id":4156,"date":"2022-04-14T09:46:17","date_gmt":"2022-04-14T07:46:17","guid":{"rendered":"https:\/\/progettotouring.it\/radiotouring104\/?p=4156"},"modified":"2022-04-14T09:54:59","modified_gmt":"2022-04-14T07:54:59","slug":"giro-di-sicilia-al-cospetto-delle-prime-montagne-percorso-e-altimetria-della-terza-frazione","status":"publish","type":"post","link":"https:\/\/progettotouring.it\/radiotouring104\/2022\/04\/14\/giro-di-sicilia-al-cospetto-delle-prime-montagne-percorso-e-altimetria-della-terza-frazione\/","title":{"rendered":"Giro di Sicilia, al cospetto delle prime montagne: percorso e altimetria della terza frazione"},"content":{"rendered":"<p style=\"text-align: justify;\">La terza tappa del <strong>Giro di Sicilia<\/strong> metter\u00e0 alla prova le qualit\u00e0 dei corridori che hanno intenzione di vincere la classifica generale. Si partir\u00e0 da <strong>Realmonte<\/strong> per raggiungere <strong>Piazza<\/strong> <strong>Armerina<\/strong> dopo 171 chilometri intensi e pieni di insidie. La tappa si presenta con un&#8217;altimetria molto mossa, senza salite particolarmente impegnative, ma segnata da un susseguirsi di salite e discese pi\u00f9 o meno lunghe con due soli attraversamenti cittadini: il primo, a <strong>Canicatt\u00ec,<\/strong> con carreggiate ristrette in alcuni tratti, e il secondo, pi\u00f9 agevole, a Caltagirone in cima a una breve salita dove verr\u00e0 assegnato il <strong>Traguardo<\/strong> <strong>Volante<\/strong> di giornata. Finale tutto leggermente in salita fino a <strong>Piazza<\/strong> <strong>Armerina: <\/strong>gli ultimi 3 km che portano all\u2019abitato di <strong>Piazza Armerina (media 5%),<\/strong> per arrivare infine agli ultimi 1500 m, caratterizzati da due ondulazioni che portano agli ultimi 200 m in piano.<\/p>\n<p style=\"text-align: justify;\"><strong>Damiano Caruso<\/strong> partir\u00e0 con la maglia di leader della classifica e oggi dovr\u00e0 stare molto attento a difendersi dagli attacchi che ci saranno lungo il tragitto. Per l&#8217;ex corridore della<strong> Bahrein Victorius<\/strong> la frazione odierna e quella di domani saranno molto importanti per la vittoria finale della maglia giallo-rossa.<\/p>\n","protected":false},"excerpt":{"rendered":"<p>La terza tappa del Giro di Sicilia metter\u00e0 alla prova le qualit\u00e0 dei corridori che hanno intenzione di vincere la classifica generale. Si partir\u00e0 da Realmonte per raggiungere Piazza Armerina&hellip;<\/p>\n","protected":false},"author":8,"featured_media":4157,"comment_status":"open","ping_status":"open","sticky":false,"template":"","format":"standard","meta":{"_jetpack_memberships_contains_paid_content":false,"footnotes":"","jetpack_publicize_message":"","jetpack_publicize_feature_enabled":true,"jetpack_social_post_already_shared":false,"jetpack_social_options":{"image_generator_settings":{"template":"highway","default_image_id":0,"font":"","enabled":false},"version":2}},"categories":[196,143,144],"tags":[957,960,956,911,959,958,961],"class_list":["post-4156","post","type-post","status-publish","format-standard","has-post-thumbnail","hentry","category-news","category-sicilia","category-sport","tag-bahrein-victorius","tag-canicatti","tag-damiano-caruso","tag-giro-di-sicilia","tag-piazza-armerina","tag-realmonte","tag-traguardo-volante"],"yoast_head":"<!-- This site is optimized with the Yoast SEO plugin v27.2 - https:\/\/yoast.com\/product\/yoast-seo-wordpress\/ -->\n<title>Giro di Sicilia, ecco le prime montagne: percorso e altimetria terza frazione<\/title>\n<meta name=\"description\" content=\"Tutto pronto per la terza tappa del Giro di Sicilia che partir\u00e0 da Realmonte per raggiungere Piazza Armerina dopo 171 km intensi\" \/>\n<meta name=\"robots\" content=\"index, follow, max-snippet:-1, max-image-preview:large, max-video-preview:-1\" \/>\n<link rel=\"canonical\" href=\"https:\/\/progettotouring.it\/radiotouring104\/2022\/04\/14\/giro-di-sicilia-al-cospetto-delle-prime-montagne-percorso-e-altimetria-della-terza-frazione\/\" \/>\n<meta property=\"og:locale\" content=\"it_IT\" \/>\n<meta property=\"og:type\" content=\"article\" \/>\n<meta property=\"og:title\" content=\"Giro di Sicilia, ecco le prime montagne: percorso e altimetria terza frazione\" \/>\n<meta property=\"og:description\" content=\"Tutto pronto per la terza tappa del Giro di Sicilia che partir\u00e0 da Realmonte per raggiungere Piazza Armerina dopo 171 km intensi\" \/>\n<meta property=\"og:url\" content=\"https:\/\/progettotouring.it\/radiotouring104\/2022\/04\/14\/giro-di-sicilia-al-cospetto-delle-prime-montagne-percorso-e-altimetria-della-terza-frazione\/\" \/>\n<meta property=\"og:site_name\" content=\"Radio Touring 104\" \/>\n<meta property=\"article:published_time\" content=\"2022-04-14T07:46:17+00:00\" \/>\n<meta property=\"article:modified_time\" content=\"2022-04-14T07:54:59+00:00\" \/>\n<meta property=\"og:image\" content=\"https:\/\/progettotouring.it\/radiotouring104\/wp-content\/uploads\/sites\/6\/2022\/04\/giro-di-sicilia.jpg\" \/>\n\t<meta property=\"og:image:width\" content=\"2513\" \/>\n\t<meta property=\"og:image:height\" content=\"1436\" \/>\n\t<meta property=\"og:image:type\" content=\"image\/jpeg\" \/>\n<meta name=\"author\" content=\"Filippo Francesco Idone\" \/>\n<meta name=\"twitter:card\" content=\"summary_large_image\" \/>\n<meta name=\"twitter:label1\" content=\"Scritto da\" \/>\n\t<meta name=\"twitter:data1\" content=\"Filippo Francesco Idone\" \/>\n\t<meta name=\"twitter:label2\" content=\"Tempo di lettura stimato\" \/>\n\t<meta name=\"twitter:data2\" content=\"1 minuto\" \/>\n<script type=\"application\/ld+json\" class=\"yoast-schema-graph\">{\"@context\":\"https:\/\/schema.org\",\"@graph\":[{\"@type\":\"Article\",\"@id\":\"https:\/\/progettotouring.it\/radiotouring104\/2022\/04\/14\/giro-di-sicilia-al-cospetto-delle-prime-montagne-percorso-e-altimetria-della-terza-frazione\/#article\",\"isPartOf\":{\"@id\":\"https:\/\/progettotouring.it\/radiotouring104\/2022\/04\/14\/giro-di-sicilia-al-cospetto-delle-prime-montagne-percorso-e-altimetria-della-terza-frazione\/\"},\"author\":{\"name\":\"Filippo Francesco Idone\",\"@id\":\"https:\/\/progettotouring.it\/radiotouring104\/#\/schema\/person\/4a82259ca52ac8702ad1a8f9e5a3120b\"},\"headline\":\"Giro di Sicilia, al cospetto delle prime montagne: percorso e altimetria della terza frazione\",\"datePublished\":\"2022-04-14T07:46:17+00:00\",\"dateModified\":\"2022-04-14T07:54:59+00:00\",\"mainEntityOfPage\":{\"@id\":\"https:\/\/progettotouring.it\/radiotouring104\/2022\/04\/14\/giro-di-sicilia-al-cospetto-delle-prime-montagne-percorso-e-altimetria-della-terza-frazione\/\"},\"wordCount\":198,\"commentCount\":0,\"publisher\":{\"@id\":\"https:\/\/progettotouring.it\/radiotouring104\/#organization\"},\"image\":{\"@id\":\"https:\/\/progettotouring.it\/radiotouring104\/2022\/04\/14\/giro-di-sicilia-al-cospetto-delle-prime-montagne-percorso-e-altimetria-della-terza-frazione\/#primaryimage\"},\"thumbnailUrl\":\"https:\/\/progettotouring.it\/radiotouring104\/wp-content\/uploads\/sites\/6\/2022\/04\/giro-di-sicilia.jpg\",\"keywords\":[\"bahrein victorius\",\"Canicatt\u00ec\",\"damiano caruso\",\"giro di sicilia\",\"Piazza Armerina\",\"Realmonte\",\"Traguardo Volante\"],\"articleSection\":[\"News\",\"Sicilia\",\"Sport\"],\"inLanguage\":\"it-IT\",\"potentialAction\":[{\"@type\":\"CommentAction\",\"name\":\"Comment\",\"target\":[\"https:\/\/progettotouring.it\/radiotouring104\/2022\/04\/14\/giro-di-sicilia-al-cospetto-delle-prime-montagne-percorso-e-altimetria-della-terza-frazione\/#respond\"]}]},{\"@type\":\"WebPage\",\"@id\":\"https:\/\/progettotouring.it\/radiotouring104\/2022\/04\/14\/giro-di-sicilia-al-cospetto-delle-prime-montagne-percorso-e-altimetria-della-terza-frazione\/\",\"url\":\"https:\/\/progettotouring.it\/radiotouring104\/2022\/04\/14\/giro-di-sicilia-al-cospetto-delle-prime-montagne-percorso-e-altimetria-della-terza-frazione\/\",\"name\":\"Giro di Sicilia, ecco le prime montagne: percorso e altimetria terza frazione\",\"isPartOf\":{\"@id\":\"https:\/\/progettotouring.it\/radiotouring104\/#website\"},\"primaryImageOfPage\":{\"@id\":\"https:\/\/progettotouring.it\/radiotouring104\/2022\/04\/14\/giro-di-sicilia-al-cospetto-delle-prime-montagne-percorso-e-altimetria-della-terza-frazione\/#primaryimage\"},\"image\":{\"@id\":\"https:\/\/progettotouring.it\/radiotouring104\/2022\/04\/14\/giro-di-sicilia-al-cospetto-delle-prime-montagne-percorso-e-altimetria-della-terza-frazione\/#primaryimage\"},\"thumbnailUrl\":\"https:\/\/progettotouring.it\/radiotouring104\/wp-content\/uploads\/sites\/6\/2022\/04\/giro-di-sicilia.jpg\",\"datePublished\":\"2022-04-14T07:46:17+00:00\",\"dateModified\":\"2022-04-14T07:54:59+00:00\",\"description\":\"Tutto pronto per la terza tappa del Giro di Sicilia che partir\u00e0 da Realmonte per raggiungere Piazza Armerina dopo 171 km intensi\",\"breadcrumb\":{\"@id\":\"https:\/\/progettotouring.it\/radiotouring104\/2022\/04\/14\/giro-di-sicilia-al-cospetto-delle-prime-montagne-percorso-e-altimetria-della-terza-frazione\/#breadcrumb\"},\"inLanguage\":\"it-IT\",\"potentialAction\":[{\"@type\":\"ReadAction\",\"target\":[\"https:\/\/progettotouring.it\/radiotouring104\/2022\/04\/14\/giro-di-sicilia-al-cospetto-delle-prime-montagne-percorso-e-altimetria-della-terza-frazione\/\"]}]},{\"@type\":\"ImageObject\",\"inLanguage\":\"it-IT\",\"@id\":\"https:\/\/progettotouring.it\/radiotouring104\/2022\/04\/14\/giro-di-sicilia-al-cospetto-delle-prime-montagne-percorso-e-altimetria-della-terza-frazione\/#primaryimage\",\"url\":\"https:\/\/progettotouring.it\/radiotouring104\/wp-content\/uploads\/sites\/6\/2022\/04\/giro-di-sicilia.jpg\",\"contentUrl\":\"https:\/\/progettotouring.it\/radiotouring104\/wp-content\/uploads\/sites\/6\/2022\/04\/giro-di-sicilia.jpg\",\"width\":2513,\"height\":1436},{\"@type\":\"BreadcrumbList\",\"@id\":\"https:\/\/progettotouring.it\/radiotouring104\/2022\/04\/14\/giro-di-sicilia-al-cospetto-delle-prime-montagne-percorso-e-altimetria-della-terza-frazione\/#breadcrumb\",\"itemListElement\":[{\"@type\":\"ListItem\",\"position\":1,\"name\":\"Home\",\"item\":\"https:\/\/progettotouring.it\/radiotouring104\/\"},{\"@type\":\"ListItem\",\"position\":2,\"name\":\"Giro di Sicilia, al cospetto delle prime montagne: percorso e altimetria della terza frazione\"}]},{\"@type\":\"WebSite\",\"@id\":\"https:\/\/progettotouring.it\/radiotouring104\/#website\",\"url\":\"https:\/\/progettotouring.it\/radiotouring104\/\",\"name\":\"Radio Touring 104\",\"description\":\"La prima radio Reggina\",\"publisher\":{\"@id\":\"https:\/\/progettotouring.it\/radiotouring104\/#organization\"},\"potentialAction\":[{\"@type\":\"SearchAction\",\"target\":{\"@type\":\"EntryPoint\",\"urlTemplate\":\"https:\/\/progettotouring.it\/radiotouring104\/?s={search_term_string}\"},\"query-input\":{\"@type\":\"PropertyValueSpecification\",\"valueRequired\":true,\"valueName\":\"search_term_string\"}}],\"inLanguage\":\"it-IT\"},{\"@type\":\"Organization\",\"@id\":\"https:\/\/progettotouring.it\/radiotouring104\/#organization\",\"name\":\"Radio Touring 104\",\"url\":\"https:\/\/progettotouring.it\/radiotouring104\/\",\"logo\":{\"@type\":\"ImageObject\",\"inLanguage\":\"it-IT\",\"@id\":\"https:\/\/progettotouring.it\/radiotouring104\/#\/schema\/logo\/image\/\",\"url\":\"https:\/\/progettotouring.it\/radiotouring104\/wp-content\/uploads\/sites\/6\/2022\/02\/cropped-logo-radio-touring-104.png\",\"contentUrl\":\"https:\/\/progettotouring.it\/radiotouring104\/wp-content\/uploads\/sites\/6\/2022\/02\/cropped-logo-radio-touring-104.png\",\"width\":377,\"height\":182,\"caption\":\"Radio Touring 104\"},\"image\":{\"@id\":\"https:\/\/progettotouring.it\/radiotouring104\/#\/schema\/logo\/image\/\"}},{\"@type\":\"Person\",\"@id\":\"https:\/\/progettotouring.it\/radiotouring104\/#\/schema\/person\/4a82259ca52ac8702ad1a8f9e5a3120b\",\"name\":\"Filippo Francesco Idone\",\"image\":{\"@type\":\"ImageObject\",\"inLanguage\":\"it-IT\",\"@id\":\"https:\/\/secure.gravatar.com\/avatar\/7268715d2366395c3dd314385670e6484117d44f5c442e61e230f7008b7b62d3?s=96&d=mm&r=g\",\"url\":\"https:\/\/secure.gravatar.com\/avatar\/7268715d2366395c3dd314385670e6484117d44f5c442e61e230f7008b7b62d3?s=96&d=mm&r=g\",\"contentUrl\":\"https:\/\/secure.gravatar.com\/avatar\/7268715d2366395c3dd314385670e6484117d44f5c442e61e230f7008b7b62d3?s=96&d=mm&r=g\",\"caption\":\"Filippo Francesco Idone\"},\"url\":\"https:\/\/progettotouring.it\/radiotouring104\/author\/filippoidone\/\"}]}<\/script>\n<!-- \/ Yoast SEO plugin. -->","yoast_head_json":{"title":"Giro di Sicilia, ecco le prime montagne: percorso e altimetria terza frazione","description":"Tutto pronto per la terza tappa del Giro di Sicilia che partir\u00e0 da Realmonte per raggiungere Piazza Armerina dopo 171 km intensi","robots":{"index":"index","follow":"follow","max-snippet":"max-snippet:-1","max-image-preview":"max-image-preview:large","max-video-preview":"max-video-preview:-1"},"canonical":"https:\/\/progettotouring.it\/radiotouring104\/2022\/04\/14\/giro-di-sicilia-al-cospetto-delle-prime-montagne-percorso-e-altimetria-della-terza-frazione\/","og_locale":"it_IT","og_type":"article","og_title":"Giro di Sicilia, ecco le prime montagne: percorso e altimetria terza frazione","og_description":"Tutto pronto per la terza tappa del Giro di Sicilia che partir\u00e0 da Realmonte per raggiungere Piazza Armerina dopo 171 km intensi","og_url":"https:\/\/progettotouring.it\/radiotouring104\/2022\/04\/14\/giro-di-sicilia-al-cospetto-delle-prime-montagne-percorso-e-altimetria-della-terza-frazione\/","og_site_name":"Radio Touring 104","article_published_time":"2022-04-14T07:46:17+00:00","article_modified_time":"2022-04-14T07:54:59+00:00","og_image":[{"width":2513,"height":1436,"url":"https:\/\/progettotouring.it\/radiotouring104\/wp-content\/uploads\/sites\/6\/2022\/04\/giro-di-sicilia.jpg","type":"image\/jpeg"}],"author":"Filippo Francesco Idone","twitter_card":"summary_large_image","twitter_misc":{"Scritto da":"Filippo Francesco Idone","Tempo di lettura stimato":"1 minuto"},"schema":{"@context":"https:\/\/schema.org","@graph":[{"@type":"Article","@id":"https:\/\/progettotouring.it\/radiotouring104\/2022\/04\/14\/giro-di-sicilia-al-cospetto-delle-prime-montagne-percorso-e-altimetria-della-terza-frazione\/#article","isPartOf":{"@id":"https:\/\/progettotouring.it\/radiotouring104\/2022\/04\/14\/giro-di-sicilia-al-cospetto-delle-prime-montagne-percorso-e-altimetria-della-terza-frazione\/"},"author":{"name":"Filippo Francesco Idone","@id":"https:\/\/progettotouring.it\/radiotouring104\/#\/schema\/person\/4a82259ca52ac8702ad1a8f9e5a3120b"},"headline":"Giro di Sicilia, al cospetto delle prime montagne: percorso e altimetria della terza frazione","datePublished":"2022-04-14T07:46:17+00:00","dateModified":"2022-04-14T07:54:59+00:00","mainEntityOfPage":{"@id":"https:\/\/progettotouring.it\/radiotouring104\/2022\/04\/14\/giro-di-sicilia-al-cospetto-delle-prime-montagne-percorso-e-altimetria-della-terza-frazione\/"},"wordCount":198,"commentCount":0,"publisher":{"@id":"https:\/\/progettotouring.it\/radiotouring104\/#organization"},"image":{"@id":"https:\/\/progettotouring.it\/radiotouring104\/2022\/04\/14\/giro-di-sicilia-al-cospetto-delle-prime-montagne-percorso-e-altimetria-della-terza-frazione\/#primaryimage"},"thumbnailUrl":"https:\/\/progettotouring.it\/radiotouring104\/wp-content\/uploads\/sites\/6\/2022\/04\/giro-di-sicilia.jpg","keywords":["bahrein victorius","Canicatt\u00ec","damiano caruso","giro di sicilia","Piazza Armerina","Realmonte","Traguardo Volante"],"articleSection":["News","Sicilia","Sport"],"inLanguage":"it-IT","potentialAction":[{"@type":"CommentAction","name":"Comment","target":["https:\/\/progettotouring.it\/radiotouring104\/2022\/04\/14\/giro-di-sicilia-al-cospetto-delle-prime-montagne-percorso-e-altimetria-della-terza-frazione\/#respond"]}]},{"@type":"WebPage","@id":"https:\/\/progettotouring.it\/radiotouring104\/2022\/04\/14\/giro-di-sicilia-al-cospetto-delle-prime-montagne-percorso-e-altimetria-della-terza-frazione\/","url":"https:\/\/progettotouring.it\/radiotouring104\/2022\/04\/14\/giro-di-sicilia-al-cospetto-delle-prime-montagne-percorso-e-altimetria-della-terza-frazione\/","name":"Giro di Sicilia, ecco le prime montagne: percorso e altimetria terza frazione","isPartOf":{"@id":"https:\/\/progettotouring.it\/radiotouring104\/#website"},"primaryImageOfPage":{"@id":"https:\/\/progettotouring.it\/radiotouring104\/2022\/04\/14\/giro-di-sicilia-al-cospetto-delle-prime-montagne-percorso-e-altimetria-della-terza-frazione\/#primaryimage"},"image":{"@id":"https:\/\/progettotouring.it\/radiotouring104\/2022\/04\/14\/giro-di-sicilia-al-cospetto-delle-prime-montagne-percorso-e-altimetria-della-terza-frazione\/#primaryimage"},"thumbnailUrl":"https:\/\/progettotouring.it\/radiotouring104\/wp-content\/uploads\/sites\/6\/2022\/04\/giro-di-sicilia.jpg","datePublished":"2022-04-14T07:46:17+00:00","dateModified":"2022-04-14T07:54:59+00:00","description":"Tutto pronto per la terza tappa del Giro di Sicilia che partir\u00e0 da Realmonte per raggiungere Piazza Armerina dopo 171 km intensi","breadcrumb":{"@id":"https:\/\/progettotouring.it\/radiotouring104\/2022\/04\/14\/giro-di-sicilia-al-cospetto-delle-prime-montagne-percorso-e-altimetria-della-terza-frazione\/#breadcrumb"},"inLanguage":"it-IT","potentialAction":[{"@type":"ReadAction","target":["https:\/\/progettotouring.it\/radiotouring104\/2022\/04\/14\/giro-di-sicilia-al-cospetto-delle-prime-montagne-percorso-e-altimetria-della-terza-frazione\/"]}]},{"@type":"ImageObject","inLanguage":"it-IT","@id":"https:\/\/progettotouring.it\/radiotouring104\/2022\/04\/14\/giro-di-sicilia-al-cospetto-delle-prime-montagne-percorso-e-altimetria-della-terza-frazione\/#primaryimage","url":"https:\/\/progettotouring.it\/radiotouring104\/wp-content\/uploads\/sites\/6\/2022\/04\/giro-di-sicilia.jpg","contentUrl":"https:\/\/progettotouring.it\/radiotouring104\/wp-content\/uploads\/sites\/6\/2022\/04\/giro-di-sicilia.jpg","width":2513,"height":1436},{"@type":"BreadcrumbList","@id":"https:\/\/progettotouring.it\/radiotouring104\/2022\/04\/14\/giro-di-sicilia-al-cospetto-delle-prime-montagne-percorso-e-altimetria-della-terza-frazione\/#breadcrumb","itemListElement":[{"@type":"ListItem","position":1,"name":"Home","item":"https:\/\/progettotouring.it\/radiotouring104\/"},{"@type":"ListItem","position":2,"name":"Giro di Sicilia, al cospetto delle prime montagne: percorso e altimetria della terza frazione"}]},{"@type":"WebSite","@id":"https:\/\/progettotouring.it\/radiotouring104\/#website","url":"https:\/\/progettotouring.it\/radiotouring104\/","name":"Radio Touring 104","description":"La prima radio Reggina","publisher":{"@id":"https:\/\/progettotouring.it\/radiotouring104\/#organization"},"potentialAction":[{"@type":"SearchAction","target":{"@type":"EntryPoint","urlTemplate":"https:\/\/progettotouring.it\/radiotouring104\/?s={search_term_string}"},"query-input":{"@type":"PropertyValueSpecification","valueRequired":true,"valueName":"search_term_string"}}],"inLanguage":"it-IT"},{"@type":"Organization","@id":"https:\/\/progettotouring.it\/radiotouring104\/#organization","name":"Radio Touring 104","url":"https:\/\/progettotouring.it\/radiotouring104\/","logo":{"@type":"ImageObject","inLanguage":"it-IT","@id":"https:\/\/progettotouring.it\/radiotouring104\/#\/schema\/logo\/image\/","url":"https:\/\/progettotouring.it\/radiotouring104\/wp-content\/uploads\/sites\/6\/2022\/02\/cropped-logo-radio-touring-104.png","contentUrl":"https:\/\/progettotouring.it\/radiotouring104\/wp-content\/uploads\/sites\/6\/2022\/02\/cropped-logo-radio-touring-104.png","width":377,"height":182,"caption":"Radio Touring 104"},"image":{"@id":"https:\/\/progettotouring.it\/radiotouring104\/#\/schema\/logo\/image\/"}},{"@type":"Person","@id":"https:\/\/progettotouring.it\/radiotouring104\/#\/schema\/person\/4a82259ca52ac8702ad1a8f9e5a3120b","name":"Filippo Francesco Idone","image":{"@type":"ImageObject","inLanguage":"it-IT","@id":"https:\/\/secure.gravatar.com\/avatar\/7268715d2366395c3dd314385670e6484117d44f5c442e61e230f7008b7b62d3?s=96&d=mm&r=g","url":"https:\/\/secure.gravatar.com\/avatar\/7268715d2366395c3dd314385670e6484117d44f5c442e61e230f7008b7b62d3?s=96&d=mm&r=g","contentUrl":"https:\/\/secure.gravatar.com\/avatar\/7268715d2366395c3dd314385670e6484117d44f5c442e61e230f7008b7b62d3?s=96&d=mm&r=g","caption":"Filippo Francesco Idone"},"url":"https:\/\/progettotouring.it\/radiotouring104\/author\/filippoidone\/"}]}},"jetpack_publicize_connections":[],"jetpack_featured_media_url":"https:\/\/progettotouring.it\/radiotouring104\/wp-content\/uploads\/sites\/6\/2022\/04\/giro-di-sicilia.jpg","jetpack_sharing_enabled":true,"_links":{"self":[{"href":"https:\/\/progettotouring.it\/radiotouring104\/wp-json\/wp\/v2\/posts\/4156","targetHints":{"allow":["GET"]}}],"collection":[{"href":"https:\/\/progettotouring.it\/radiotouring104\/wp-json\/wp\/v2\/posts"}],"about":[{"href":"https:\/\/progettotouring.it\/radiotouring104\/wp-json\/wp\/v2\/types\/post"}],"author":[{"embeddable":true,"href":"https:\/\/progettotouring.it\/radiotouring104\/wp-json\/wp\/v2\/users\/8"}],"replies":[{"embeddable":true,"href":"https:\/\/progettotouring.it\/radiotouring104\/wp-json\/wp\/v2\/comments?post=4156"}],"version-history":[{"count":3,"href":"https:\/\/progettotouring.it\/radiotouring104\/wp-json\/wp\/v2\/posts\/4156\/revisions"}],"predecessor-version":[{"id":4160,"href":"https:\/\/progettotouring.it\/radiotouring104\/wp-json\/wp\/v2\/posts\/4156\/revisions\/4160"}],"wp:featuredmedia":[{"embeddable":true,"href":"https:\/\/progettotouring.it\/radiotouring104\/wp-json\/wp\/v2\/media\/4157"}],"wp:attachment":[{"href":"https:\/\/progettotouring.it\/radiotouring104\/wp-json\/wp\/v2\/media?parent=4156"}],"wp:term":[{"taxonomy":"category","embeddable":true,"href":"https:\/\/progettotouring.it\/radiotouring104\/wp-json\/wp\/v2\/categories?post=4156"},{"taxonomy":"post_tag","embeddable":true,"href":"https:\/\/progettotouring.it\/radiotouring104\/wp-json\/wp\/v2\/tags?post=4156"}],"curies":[{"name":"wp","href":"https:\/\/api.w.org\/{rel}","templated":true}]}}