{"id":4163,"date":"2022-04-14T14:14:38","date_gmt":"2022-04-14T12:14:38","guid":{"rendered":"https:\/\/progettotouring.it\/radiotouring104\/?p=4163"},"modified":"2022-04-14T14:14:38","modified_gmt":"2022-04-14T12:14:38","slug":"dieci-anni-dalla-morte-di-piermario-morosini-lomaggio-della-reggina","status":"publish","type":"post","link":"https:\/\/progettotouring.it\/radiotouring104\/2022\/04\/14\/dieci-anni-dalla-morte-di-piermario-morosini-lomaggio-della-reggina\/","title":{"rendered":"Dieci anni dalla morte di Piermario Morosini, l&#8217;omaggio della Reggina"},"content":{"rendered":"<p>Dieci anni senza <strong>Piermario Morosini<\/strong>. Una data indimenticabile che cambi\u00f2 il calcio italiano e non solo. Il 14 aprile 2012 il 25enne calciatore del Livorno perdeva la vita in seguito ad un malore nel corso del match contro il Pescara. Una rara malattia ereditaria, la<strong> cardiomiopatia aritmogena<\/strong>, a provocare la morte del ragazzo. Ci\u00f2 che avvenne da quel giorno cambi\u00f2 per\u00f2 il mondo del pallone. Tanti punti interrogativi ed il mancato uso del <strong>defibrillatore<\/strong> sul corpo del calciatore. L&#8217;ingresso in ritardo dell&#8217;ambulanza sul terreno di gioco e tante, troppe domande rimaste tutt&#8217;oggi senza risposta.<\/p>\n<p>Domande che avrebbe dovuto fare la <strong>famiglia<\/strong> se non fosse che Morosini la famiglia non l&#8217;aveva pi\u00f9. Rimasto orfano all&#8217;et\u00e0 di 17 anni. La morte della madre poi quella del padre e la tragedia con il suicidio del fratello.<\/p>\n<p>Nella sua carriera il calciatore ha indossato anche la casacca della Reggina nella stagione<strong> 2009-2010<\/strong>, collezionando 17 presenze. Oggi, il club amaranto ha scelto di omaggiarlo con una grafica. Scelta condivisa anche dalla <strong>Lega B<\/strong> che ha collezionato in grafica tutte le maglie indossate dal calciatore in carriera.<\/p>\n<p><img fetchpriority=\"high\" decoding=\"async\" class=\"alignnone size-medium wp-image-4164\" src=\"https:\/\/progettotouring.it\/radiotouring104\/wp-content\/uploads\/sites\/6\/2022\/04\/278573488_537324131077487_1699948331835307862_n-300x300.jpg\" alt=\"\" width=\"300\" height=\"300\" srcset=\"https:\/\/progettotouring.it\/radiotouring104\/wp-content\/uploads\/sites\/6\/2022\/04\/278573488_537324131077487_1699948331835307862_n-300x300.jpg 300w, https:\/\/progettotouring.it\/radiotouring104\/wp-content\/uploads\/sites\/6\/2022\/04\/278573488_537324131077487_1699948331835307862_n-1024x1024.jpg 1024w, https:\/\/progettotouring.it\/radiotouring104\/wp-content\/uploads\/sites\/6\/2022\/04\/278573488_537324131077487_1699948331835307862_n-150x150.jpg 150w, https:\/\/progettotouring.it\/radiotouring104\/wp-content\/uploads\/sites\/6\/2022\/04\/278573488_537324131077487_1699948331835307862_n-768x768.jpg 768w, https:\/\/progettotouring.it\/radiotouring104\/wp-content\/uploads\/sites\/6\/2022\/04\/278573488_537324131077487_1699948331835307862_n-1170x1170.jpg 1170w, https:\/\/progettotouring.it\/radiotouring104\/wp-content\/uploads\/sites\/6\/2022\/04\/278573488_537324131077487_1699948331835307862_n-585x585.jpg 585w, https:\/\/progettotouring.it\/radiotouring104\/wp-content\/uploads\/sites\/6\/2022\/04\/278573488_537324131077487_1699948331835307862_n.jpg 1440w\" sizes=\"(max-width: 300px) 100vw, 300px\" \/><\/p>\n<p>&nbsp;<\/p>\n","protected":false},"excerpt":{"rendered":"<p>Dieci anni senza Piermario Morosini. Una data indimenticabile che cambi\u00f2 il calcio italiano e non solo. Il 14 aprile 2012 il 25enne calciatore del Livorno perdeva la vita in seguito&hellip;<\/p>\n","protected":false},"author":7,"featured_media":4165,"comment_status":"open","ping_status":"open","sticky":false,"template":"","format":"standard","meta":{"_jetpack_memberships_contains_paid_content":false,"footnotes":"","jetpack_publicize_message":"","jetpack_publicize_feature_enabled":true,"jetpack_social_post_already_shared":false,"jetpack_social_options":{"image_generator_settings":{"template":"highway","default_image_id":0,"font":"","enabled":false},"version":2}},"categories":[196,144],"tags":[962,210,419],"class_list":["post-4163","post","type-post","status-publish","format-standard","has-post-thumbnail","hentry","category-news","category-sport","tag-morosini","tag-reggina","tag-serie-b"],"yoast_head":"<!-- This site is optimized with the Yoast SEO plugin v27.2 - https:\/\/yoast.com\/product\/yoast-seo-wordpress\/ -->\n<title>Dieci anni dalla morte di Piermario Morosini, l&#039;omaggio della Reggina - Radio Touring 104<\/title>\n<meta name=\"description\" content=\"L&#039;omaggio della Reggina a dieci anni dalla scomparsa di Piermario Morosini, in amaranto nella stagione 2009-2010.\" \/>\n<meta name=\"robots\" content=\"index, follow, max-snippet:-1, max-image-preview:large, max-video-preview:-1\" \/>\n<link rel=\"canonical\" href=\"https:\/\/progettotouring.it\/radiotouring104\/2022\/04\/14\/dieci-anni-dalla-morte-di-piermario-morosini-lomaggio-della-reggina\/\" \/>\n<meta property=\"og:locale\" content=\"it_IT\" \/>\n<meta property=\"og:type\" content=\"article\" \/>\n<meta property=\"og:title\" content=\"Dieci anni dalla morte di Piermario Morosini, l&#039;omaggio della Reggina - Radio Touring 104\" \/>\n<meta property=\"og:description\" content=\"L&#039;omaggio della Reggina a dieci anni dalla scomparsa di Piermario Morosini, in amaranto nella stagione 2009-2010.\" \/>\n<meta property=\"og:url\" content=\"https:\/\/progettotouring.it\/radiotouring104\/2022\/04\/14\/dieci-anni-dalla-morte-di-piermario-morosini-lomaggio-della-reggina\/\" \/>\n<meta property=\"og:site_name\" content=\"Radio Touring 104\" \/>\n<meta property=\"article:published_time\" content=\"2022-04-14T12:14:38+00:00\" \/>\n<meta property=\"og:image\" content=\"https:\/\/progettotouring.it\/radiotouring104\/wp-content\/uploads\/sites\/6\/2022\/04\/278495703_5026691257368781_1139604776647063990_n.jpg\" \/>\n\t<meta property=\"og:image:width\" content=\"1440\" \/>\n\t<meta property=\"og:image:height\" content=\"1440\" \/>\n\t<meta property=\"og:image:type\" content=\"image\/jpeg\" \/>\n<meta name=\"author\" content=\"Giorgia Rieto\" \/>\n<meta name=\"twitter:card\" content=\"summary_large_image\" \/>\n<meta name=\"twitter:label1\" content=\"Scritto da\" \/>\n\t<meta name=\"twitter:data1\" content=\"Giorgia Rieto\" \/>\n\t<meta name=\"twitter:label2\" content=\"Tempo di lettura stimato\" \/>\n\t<meta name=\"twitter:data2\" content=\"2 minuti\" \/>\n<script type=\"application\/ld+json\" class=\"yoast-schema-graph\">{\"@context\":\"https:\/\/schema.org\",\"@graph\":[{\"@type\":\"Article\",\"@id\":\"https:\/\/progettotouring.it\/radiotouring104\/2022\/04\/14\/dieci-anni-dalla-morte-di-piermario-morosini-lomaggio-della-reggina\/#article\",\"isPartOf\":{\"@id\":\"https:\/\/progettotouring.it\/radiotouring104\/2022\/04\/14\/dieci-anni-dalla-morte-di-piermario-morosini-lomaggio-della-reggina\/\"},\"author\":{\"name\":\"Giorgia Rieto\",\"@id\":\"https:\/\/progettotouring.it\/radiotouring104\/#\/schema\/person\/9ccc0b52172b63cecf68b33c9d183f2f\"},\"headline\":\"Dieci anni dalla morte di Piermario Morosini, l&#8217;omaggio della Reggina\",\"datePublished\":\"2022-04-14T12:14:38+00:00\",\"mainEntityOfPage\":{\"@id\":\"https:\/\/progettotouring.it\/radiotouring104\/2022\/04\/14\/dieci-anni-dalla-morte-di-piermario-morosini-lomaggio-della-reggina\/\"},\"wordCount\":188,\"commentCount\":0,\"publisher\":{\"@id\":\"https:\/\/progettotouring.it\/radiotouring104\/#organization\"},\"image\":{\"@id\":\"https:\/\/progettotouring.it\/radiotouring104\/2022\/04\/14\/dieci-anni-dalla-morte-di-piermario-morosini-lomaggio-della-reggina\/#primaryimage\"},\"thumbnailUrl\":\"https:\/\/progettotouring.it\/radiotouring104\/wp-content\/uploads\/sites\/6\/2022\/04\/278495703_5026691257368781_1139604776647063990_n.jpg\",\"keywords\":[\"Morosini\",\"reggina\",\"serie b\"],\"articleSection\":[\"News\",\"Sport\"],\"inLanguage\":\"it-IT\",\"potentialAction\":[{\"@type\":\"CommentAction\",\"name\":\"Comment\",\"target\":[\"https:\/\/progettotouring.it\/radiotouring104\/2022\/04\/14\/dieci-anni-dalla-morte-di-piermario-morosini-lomaggio-della-reggina\/#respond\"]}]},{\"@type\":\"WebPage\",\"@id\":\"https:\/\/progettotouring.it\/radiotouring104\/2022\/04\/14\/dieci-anni-dalla-morte-di-piermario-morosini-lomaggio-della-reggina\/\",\"url\":\"https:\/\/progettotouring.it\/radiotouring104\/2022\/04\/14\/dieci-anni-dalla-morte-di-piermario-morosini-lomaggio-della-reggina\/\",\"name\":\"Dieci anni dalla morte di Piermario Morosini, l'omaggio della Reggina - Radio Touring 104\",\"isPartOf\":{\"@id\":\"https:\/\/progettotouring.it\/radiotouring104\/#website\"},\"primaryImageOfPage\":{\"@id\":\"https:\/\/progettotouring.it\/radiotouring104\/2022\/04\/14\/dieci-anni-dalla-morte-di-piermario-morosini-lomaggio-della-reggina\/#primaryimage\"},\"image\":{\"@id\":\"https:\/\/progettotouring.it\/radiotouring104\/2022\/04\/14\/dieci-anni-dalla-morte-di-piermario-morosini-lomaggio-della-reggina\/#primaryimage\"},\"thumbnailUrl\":\"https:\/\/progettotouring.it\/radiotouring104\/wp-content\/uploads\/sites\/6\/2022\/04\/278495703_5026691257368781_1139604776647063990_n.jpg\",\"datePublished\":\"2022-04-14T12:14:38+00:00\",\"description\":\"L'omaggio della Reggina a dieci anni dalla scomparsa di Piermario Morosini, in amaranto nella stagione 2009-2010.\",\"breadcrumb\":{\"@id\":\"https:\/\/progettotouring.it\/radiotouring104\/2022\/04\/14\/dieci-anni-dalla-morte-di-piermario-morosini-lomaggio-della-reggina\/#breadcrumb\"},\"inLanguage\":\"it-IT\",\"potentialAction\":[{\"@type\":\"ReadAction\",\"target\":[\"https:\/\/progettotouring.it\/radiotouring104\/2022\/04\/14\/dieci-anni-dalla-morte-di-piermario-morosini-lomaggio-della-reggina\/\"]}]},{\"@type\":\"ImageObject\",\"inLanguage\":\"it-IT\",\"@id\":\"https:\/\/progettotouring.it\/radiotouring104\/2022\/04\/14\/dieci-anni-dalla-morte-di-piermario-morosini-lomaggio-della-reggina\/#primaryimage\",\"url\":\"https:\/\/progettotouring.it\/radiotouring104\/wp-content\/uploads\/sites\/6\/2022\/04\/278495703_5026691257368781_1139604776647063990_n.jpg\",\"contentUrl\":\"https:\/\/progettotouring.it\/radiotouring104\/wp-content\/uploads\/sites\/6\/2022\/04\/278495703_5026691257368781_1139604776647063990_n.jpg\",\"width\":1440,\"height\":1440},{\"@type\":\"BreadcrumbList\",\"@id\":\"https:\/\/progettotouring.it\/radiotouring104\/2022\/04\/14\/dieci-anni-dalla-morte-di-piermario-morosini-lomaggio-della-reggina\/#breadcrumb\",\"itemListElement\":[{\"@type\":\"ListItem\",\"position\":1,\"name\":\"Home\",\"item\":\"https:\/\/progettotouring.it\/radiotouring104\/\"},{\"@type\":\"ListItem\",\"position\":2,\"name\":\"Dieci anni dalla morte di Piermario Morosini, l&#8217;omaggio della Reggina\"}]},{\"@type\":\"WebSite\",\"@id\":\"https:\/\/progettotouring.it\/radiotouring104\/#website\",\"url\":\"https:\/\/progettotouring.it\/radiotouring104\/\",\"name\":\"Radio Touring 104\",\"description\":\"La prima radio Reggina\",\"publisher\":{\"@id\":\"https:\/\/progettotouring.it\/radiotouring104\/#organization\"},\"potentialAction\":[{\"@type\":\"SearchAction\",\"target\":{\"@type\":\"EntryPoint\",\"urlTemplate\":\"https:\/\/progettotouring.it\/radiotouring104\/?s={search_term_string}\"},\"query-input\":{\"@type\":\"PropertyValueSpecification\",\"valueRequired\":true,\"valueName\":\"search_term_string\"}}],\"inLanguage\":\"it-IT\"},{\"@type\":\"Organization\",\"@id\":\"https:\/\/progettotouring.it\/radiotouring104\/#organization\",\"name\":\"Radio Touring 104\",\"url\":\"https:\/\/progettotouring.it\/radiotouring104\/\",\"logo\":{\"@type\":\"ImageObject\",\"inLanguage\":\"it-IT\",\"@id\":\"https:\/\/progettotouring.it\/radiotouring104\/#\/schema\/logo\/image\/\",\"url\":\"https:\/\/progettotouring.it\/radiotouring104\/wp-content\/uploads\/sites\/6\/2022\/02\/cropped-logo-radio-touring-104.png\",\"contentUrl\":\"https:\/\/progettotouring.it\/radiotouring104\/wp-content\/uploads\/sites\/6\/2022\/02\/cropped-logo-radio-touring-104.png\",\"width\":377,\"height\":182,\"caption\":\"Radio Touring 104\"},\"image\":{\"@id\":\"https:\/\/progettotouring.it\/radiotouring104\/#\/schema\/logo\/image\/\"}},{\"@type\":\"Person\",\"@id\":\"https:\/\/progettotouring.it\/radiotouring104\/#\/schema\/person\/9ccc0b52172b63cecf68b33c9d183f2f\",\"name\":\"Giorgia Rieto\",\"image\":{\"@type\":\"ImageObject\",\"inLanguage\":\"it-IT\",\"@id\":\"https:\/\/secure.gravatar.com\/avatar\/29782858e8bd52f2032ad567b71353a557e5033da26f3c4f64c94d32ebd8855d?s=96&d=mm&r=g\",\"url\":\"https:\/\/secure.gravatar.com\/avatar\/29782858e8bd52f2032ad567b71353a557e5033da26f3c4f64c94d32ebd8855d?s=96&d=mm&r=g\",\"contentUrl\":\"https:\/\/secure.gravatar.com\/avatar\/29782858e8bd52f2032ad567b71353a557e5033da26f3c4f64c94d32ebd8855d?s=96&d=mm&r=g\",\"caption\":\"Giorgia Rieto\"},\"url\":\"https:\/\/progettotouring.it\/radiotouring104\/author\/giorgiarieto\/\"}]}<\/script>\n<!-- \/ Yoast SEO plugin. -->","yoast_head_json":{"title":"Dieci anni dalla morte di Piermario Morosini, l'omaggio della Reggina - Radio Touring 104","description":"L'omaggio della Reggina a dieci anni dalla scomparsa di Piermario Morosini, in amaranto nella stagione 2009-2010.","robots":{"index":"index","follow":"follow","max-snippet":"max-snippet:-1","max-image-preview":"max-image-preview:large","max-video-preview":"max-video-preview:-1"},"canonical":"https:\/\/progettotouring.it\/radiotouring104\/2022\/04\/14\/dieci-anni-dalla-morte-di-piermario-morosini-lomaggio-della-reggina\/","og_locale":"it_IT","og_type":"article","og_title":"Dieci anni dalla morte di Piermario Morosini, l'omaggio della Reggina - Radio Touring 104","og_description":"L'omaggio della Reggina a dieci anni dalla scomparsa di Piermario Morosini, in amaranto nella stagione 2009-2010.","og_url":"https:\/\/progettotouring.it\/radiotouring104\/2022\/04\/14\/dieci-anni-dalla-morte-di-piermario-morosini-lomaggio-della-reggina\/","og_site_name":"Radio Touring 104","article_published_time":"2022-04-14T12:14:38+00:00","og_image":[{"width":1440,"height":1440,"url":"https:\/\/progettotouring.it\/radiotouring104\/wp-content\/uploads\/sites\/6\/2022\/04\/278495703_5026691257368781_1139604776647063990_n.jpg","type":"image\/jpeg"}],"author":"Giorgia Rieto","twitter_card":"summary_large_image","twitter_misc":{"Scritto da":"Giorgia Rieto","Tempo di lettura stimato":"2 minuti"},"schema":{"@context":"https:\/\/schema.org","@graph":[{"@type":"Article","@id":"https:\/\/progettotouring.it\/radiotouring104\/2022\/04\/14\/dieci-anni-dalla-morte-di-piermario-morosini-lomaggio-della-reggina\/#article","isPartOf":{"@id":"https:\/\/progettotouring.it\/radiotouring104\/2022\/04\/14\/dieci-anni-dalla-morte-di-piermario-morosini-lomaggio-della-reggina\/"},"author":{"name":"Giorgia Rieto","@id":"https:\/\/progettotouring.it\/radiotouring104\/#\/schema\/person\/9ccc0b52172b63cecf68b33c9d183f2f"},"headline":"Dieci anni dalla morte di Piermario Morosini, l&#8217;omaggio della Reggina","datePublished":"2022-04-14T12:14:38+00:00","mainEntityOfPage":{"@id":"https:\/\/progettotouring.it\/radiotouring104\/2022\/04\/14\/dieci-anni-dalla-morte-di-piermario-morosini-lomaggio-della-reggina\/"},"wordCount":188,"commentCount":0,"publisher":{"@id":"https:\/\/progettotouring.it\/radiotouring104\/#organization"},"image":{"@id":"https:\/\/progettotouring.it\/radiotouring104\/2022\/04\/14\/dieci-anni-dalla-morte-di-piermario-morosini-lomaggio-della-reggina\/#primaryimage"},"thumbnailUrl":"https:\/\/progettotouring.it\/radiotouring104\/wp-content\/uploads\/sites\/6\/2022\/04\/278495703_5026691257368781_1139604776647063990_n.jpg","keywords":["Morosini","reggina","serie b"],"articleSection":["News","Sport"],"inLanguage":"it-IT","potentialAction":[{"@type":"CommentAction","name":"Comment","target":["https:\/\/progettotouring.it\/radiotouring104\/2022\/04\/14\/dieci-anni-dalla-morte-di-piermario-morosini-lomaggio-della-reggina\/#respond"]}]},{"@type":"WebPage","@id":"https:\/\/progettotouring.it\/radiotouring104\/2022\/04\/14\/dieci-anni-dalla-morte-di-piermario-morosini-lomaggio-della-reggina\/","url":"https:\/\/progettotouring.it\/radiotouring104\/2022\/04\/14\/dieci-anni-dalla-morte-di-piermario-morosini-lomaggio-della-reggina\/","name":"Dieci anni dalla morte di Piermario Morosini, l'omaggio della Reggina - Radio Touring 104","isPartOf":{"@id":"https:\/\/progettotouring.it\/radiotouring104\/#website"},"primaryImageOfPage":{"@id":"https:\/\/progettotouring.it\/radiotouring104\/2022\/04\/14\/dieci-anni-dalla-morte-di-piermario-morosini-lomaggio-della-reggina\/#primaryimage"},"image":{"@id":"https:\/\/progettotouring.it\/radiotouring104\/2022\/04\/14\/dieci-anni-dalla-morte-di-piermario-morosini-lomaggio-della-reggina\/#primaryimage"},"thumbnailUrl":"https:\/\/progettotouring.it\/radiotouring104\/wp-content\/uploads\/sites\/6\/2022\/04\/278495703_5026691257368781_1139604776647063990_n.jpg","datePublished":"2022-04-14T12:14:38+00:00","description":"L'omaggio della Reggina a dieci anni dalla scomparsa di Piermario Morosini, in amaranto nella stagione 2009-2010.","breadcrumb":{"@id":"https:\/\/progettotouring.it\/radiotouring104\/2022\/04\/14\/dieci-anni-dalla-morte-di-piermario-morosini-lomaggio-della-reggina\/#breadcrumb"},"inLanguage":"it-IT","potentialAction":[{"@type":"ReadAction","target":["https:\/\/progettotouring.it\/radiotouring104\/2022\/04\/14\/dieci-anni-dalla-morte-di-piermario-morosini-lomaggio-della-reggina\/"]}]},{"@type":"ImageObject","inLanguage":"it-IT","@id":"https:\/\/progettotouring.it\/radiotouring104\/2022\/04\/14\/dieci-anni-dalla-morte-di-piermario-morosini-lomaggio-della-reggina\/#primaryimage","url":"https:\/\/progettotouring.it\/radiotouring104\/wp-content\/uploads\/sites\/6\/2022\/04\/278495703_5026691257368781_1139604776647063990_n.jpg","contentUrl":"https:\/\/progettotouring.it\/radiotouring104\/wp-content\/uploads\/sites\/6\/2022\/04\/278495703_5026691257368781_1139604776647063990_n.jpg","width":1440,"height":1440},{"@type":"BreadcrumbList","@id":"https:\/\/progettotouring.it\/radiotouring104\/2022\/04\/14\/dieci-anni-dalla-morte-di-piermario-morosini-lomaggio-della-reggina\/#breadcrumb","itemListElement":[{"@type":"ListItem","position":1,"name":"Home","item":"https:\/\/progettotouring.it\/radiotouring104\/"},{"@type":"ListItem","position":2,"name":"Dieci anni dalla morte di Piermario Morosini, l&#8217;omaggio della Reggina"}]},{"@type":"WebSite","@id":"https:\/\/progettotouring.it\/radiotouring104\/#website","url":"https:\/\/progettotouring.it\/radiotouring104\/","name":"Radio Touring 104","description":"La prima radio Reggina","publisher":{"@id":"https:\/\/progettotouring.it\/radiotouring104\/#organization"},"potentialAction":[{"@type":"SearchAction","target":{"@type":"EntryPoint","urlTemplate":"https:\/\/progettotouring.it\/radiotouring104\/?s={search_term_string}"},"query-input":{"@type":"PropertyValueSpecification","valueRequired":true,"valueName":"search_term_string"}}],"inLanguage":"it-IT"},{"@type":"Organization","@id":"https:\/\/progettotouring.it\/radiotouring104\/#organization","name":"Radio Touring 104","url":"https:\/\/progettotouring.it\/radiotouring104\/","logo":{"@type":"ImageObject","inLanguage":"it-IT","@id":"https:\/\/progettotouring.it\/radiotouring104\/#\/schema\/logo\/image\/","url":"https:\/\/progettotouring.it\/radiotouring104\/wp-content\/uploads\/sites\/6\/2022\/02\/cropped-logo-radio-touring-104.png","contentUrl":"https:\/\/progettotouring.it\/radiotouring104\/wp-content\/uploads\/sites\/6\/2022\/02\/cropped-logo-radio-touring-104.png","width":377,"height":182,"caption":"Radio Touring 104"},"image":{"@id":"https:\/\/progettotouring.it\/radiotouring104\/#\/schema\/logo\/image\/"}},{"@type":"Person","@id":"https:\/\/progettotouring.it\/radiotouring104\/#\/schema\/person\/9ccc0b52172b63cecf68b33c9d183f2f","name":"Giorgia Rieto","image":{"@type":"ImageObject","inLanguage":"it-IT","@id":"https:\/\/secure.gravatar.com\/avatar\/29782858e8bd52f2032ad567b71353a557e5033da26f3c4f64c94d32ebd8855d?s=96&d=mm&r=g","url":"https:\/\/secure.gravatar.com\/avatar\/29782858e8bd52f2032ad567b71353a557e5033da26f3c4f64c94d32ebd8855d?s=96&d=mm&r=g","contentUrl":"https:\/\/secure.gravatar.com\/avatar\/29782858e8bd52f2032ad567b71353a557e5033da26f3c4f64c94d32ebd8855d?s=96&d=mm&r=g","caption":"Giorgia Rieto"},"url":"https:\/\/progettotouring.it\/radiotouring104\/author\/giorgiarieto\/"}]}},"jetpack_publicize_connections":[],"jetpack_featured_media_url":"https:\/\/progettotouring.it\/radiotouring104\/wp-content\/uploads\/sites\/6\/2022\/04\/278495703_5026691257368781_1139604776647063990_n.jpg","jetpack_sharing_enabled":true,"_links":{"self":[{"href":"https:\/\/progettotouring.it\/radiotouring104\/wp-json\/wp\/v2\/posts\/4163","targetHints":{"allow":["GET"]}}],"collection":[{"href":"https:\/\/progettotouring.it\/radiotouring104\/wp-json\/wp\/v2\/posts"}],"about":[{"href":"https:\/\/progettotouring.it\/radiotouring104\/wp-json\/wp\/v2\/types\/post"}],"author":[{"embeddable":true,"href":"https:\/\/progettotouring.it\/radiotouring104\/wp-json\/wp\/v2\/users\/7"}],"replies":[{"embeddable":true,"href":"https:\/\/progettotouring.it\/radiotouring104\/wp-json\/wp\/v2\/comments?post=4163"}],"version-history":[{"count":1,"href":"https:\/\/progettotouring.it\/radiotouring104\/wp-json\/wp\/v2\/posts\/4163\/revisions"}],"predecessor-version":[{"id":4166,"href":"https:\/\/progettotouring.it\/radiotouring104\/wp-json\/wp\/v2\/posts\/4163\/revisions\/4166"}],"wp:featuredmedia":[{"embeddable":true,"href":"https:\/\/progettotouring.it\/radiotouring104\/wp-json\/wp\/v2\/media\/4165"}],"wp:attachment":[{"href":"https:\/\/progettotouring.it\/radiotouring104\/wp-json\/wp\/v2\/media?parent=4163"}],"wp:term":[{"taxonomy":"category","embeddable":true,"href":"https:\/\/progettotouring.it\/radiotouring104\/wp-json\/wp\/v2\/categories?post=4163"},{"taxonomy":"post_tag","embeddable":true,"href":"https:\/\/progettotouring.it\/radiotouring104\/wp-json\/wp\/v2\/tags?post=4163"}],"curies":[{"name":"wp","href":"https:\/\/api.w.org\/{rel}","templated":true}]}}