{"id":41674,"date":"2023-12-23T10:39:11","date_gmt":"2023-12-23T09:39:11","guid":{"rendered":"https:\/\/progettotouring.it\/radiotouring104\/?p=41674"},"modified":"2023-12-23T10:41:11","modified_gmt":"2023-12-23T09:41:11","slug":"reggio-christmas-city-oltre-100-persone-per-il-pranzo-solidale-a-gallico","status":"publish","type":"post","link":"https:\/\/progettotouring.it\/radiotouring104\/2023\/12\/23\/reggio-christmas-city-oltre-100-persone-per-il-pranzo-solidale-a-gallico\/","title":{"rendered":"Reggio Christmas City: oltre 100 persone per il pranzo solidale a Gallico"},"content":{"rendered":"<p style=\"text-align: justify\"><strong>Cinque lunghe tavolate rosse addobbate a festa con oltre cento posti a sedere,<\/strong> le melodie del Natale in sottofondo e il profumo di funghi, salsiccia e patate che rapisce i sensi e inebria i numerosi ospiti.<\/p>\n<p style=\"text-align: justify\"><strong>E\u2019 il clima che si respirava all\u2019interno dei locali della Cooperativa sociale<\/strong><em> \u2018Collina del Sole\u2019<\/em><strong> a Gallico, in occasione del terzo incontro solidale di<\/strong> <em>\u2018Reggio Christmas City\u2019.<\/em> <strong>Prima il ricco pranzo solidale, poi una lunga tombolata.<\/strong><\/p>\n<p style=\"text-align: justify\"><em>\u201cCreiamo da sempre un\u2019occasione di incontro nel periodo del Natale. Per molti la fine dell\u2019anno rappresenta un momento triste e pieno di difficolt\u00e0<\/em> \u2013 spiega Mariella Quattrone della Cooperativa sociale \u2018Collina del Sole\u2019 \u2013 <em>Abbiamo pensato all\u2019incontro di oggi come un pranzo dell\u2019amicizia, in cui la persona \u00e8 protagonista. La nostra attenzione \u00e8 massima nei confronti dei giovani ma non solo. Aiutiamo anche soggetti adulti in difficolt\u00e0 nella zona nord di Reggio Calabria. Interagire con i ragazzi significa renderli protagonisti. Ringraziamo la Metrocity per aver supportato e potenziato il nostro consueto appuntamento coinvolgendo quest\u2019anno un numero maggiore di ragazzi e persone bisognose\u201d.<\/em><\/p>\n<p style=\"text-align: justify\">Una mano tesa alle persone sole e in difficolt\u00e0 sostenute, in occasione del \u2018Natale diffuso\u2019, anche grazie alle tante aziende del territorio metropolitano coinvolte. Gli ospiti accolti all\u2019interno della struttura di Gallico sono stati oltre cento (50 adulti e 50 minori), serviti da una flotta di decine di volontari.<\/p>\n<p style=\"text-align: justify\">L\u2019iniziativa di alto valore sociale \u00e8 stata ideata dalla\u00a0<a href=\"http:\/\/svi.pro.re\/\" target=\"_blank\" rel=\"noopener noreferrer\">Svi.Pro.Re<\/a>., la societ\u00e0 in house della Citt\u00e0 Metropolitana, nell&#8217;ambito degli appuntamenti previsti nel calendario degli eventi natalizi.<\/p>\n<p style=\"text-align: justify\"><em>\u201cOltre ad alcune iniziative di tipo ludico e ricreativo abbiamo dato molto spazio alla solidariet\u00e0 \u2013<\/em><strong> spiega l\u2019amministratore unico di\u00a0<a href=\"http:\/\/svi.pro.re\/\" target=\"_blank\" rel=\"noopener noreferrer\">Svi.Pro.Re<\/a>. Michele Rizzo \u2013<\/strong> <em>E\u2019 un momento bellissimo perch\u00e9 vedere decine e decine di bambini e ragazzi ridere e scherzare uniti attorno ad un tavolo con gli enormi problemi alle spalle che hanno e di cui noi nemmeno immaginiamo \u00e8 davvero emozionante. Accolgo con orgoglio i ringraziamenti della Cooperativa sociale ma quello che abbiamo fatto \u00e8 ancora poco. Spero che il prossimo anno, attraverso una pi\u00f9 tempestiva programmazione, si possa fare molto di<\/em> pi\u00f9\u2019.<\/p>\n<p style=\"text-align: justify\"><strong>Un messaggio profondo e sentito \u00e8 arrivato<\/strong> poi dal parroco del quartiere <strong>don Francesco Megale.\u00a0<\/strong><\/p>\n<p style=\"text-align: justify\"><em>\u201cLe cose possono cambiare se tutti noi facciamo la nostra parte. Aiutiamoci a non perdere la speranza, ricordiamoci che da soli non possiamo fare nulla ma se abbiamo l\u2019appoggio di persone amiche possiamo andare molto lontano. La Calabria ha tante e ottime risorse umane e professionali e non ha, come spesso si dice, solo problemi\u201d.<\/em><\/p>\n","protected":false},"excerpt":{"rendered":"<p>Cinque lunghe tavolate rosse addobbate a festa con oltre cento posti a sedere, le melodie del Natale in sottofondo e il profumo di funghi, salsiccia e patate che rapisce i&hellip;<\/p>\n","protected":false},"author":12,"featured_media":41675,"comment_status":"closed","ping_status":"open","sticky":false,"template":"","format":"standard","meta":{"_jetpack_memberships_contains_paid_content":false,"footnotes":"","jetpack_publicize_message":"","jetpack_publicize_feature_enabled":true,"jetpack_social_post_already_shared":false,"jetpack_social_options":{"image_generator_settings":{"template":"highway","default_image_id":0,"font":"","enabled":false},"version":2}},"categories":[921,150,196,140],"tags":[25861,17819,9218,25863,25862,25571,25679],"class_list":["post-41674","post","type-post","status-publish","format-standard","has-post-thumbnail","hentry","category-home","category-in-primo-piano","category-news","category-reggio-calabria","tag-cooperativa-sociale-collina-del-sole","tag-don-francesco-megale","tag-michele-rizzo","tag-oltre-100-persone","tag-pranzo-solidale","tag-reggio-christmas-city","tag-svipore"],"yoast_head":"<!-- This site is optimized with the Yoast SEO plugin v27.2 - https:\/\/yoast.com\/product\/yoast-seo-wordpress\/ -->\n<title>Gallico, Reggio Christmas City: oltre 100 persone a pranzo solidale<\/title>\n<meta name=\"description\" content=\"\u2018Natale diffuso\u2019, concluso il terzo appuntamento solidale all\u2019interno della Cooperativa sociale \u2018Collina del Sole\u2019\" \/>\n<meta name=\"robots\" content=\"index, follow, max-snippet:-1, max-image-preview:large, max-video-preview:-1\" \/>\n<link rel=\"canonical\" href=\"https:\/\/progettotouring.it\/radiotouring104\/2023\/12\/23\/reggio-christmas-city-oltre-100-persone-per-il-pranzo-solidale-a-gallico\/\" \/>\n<meta property=\"og:locale\" content=\"it_IT\" \/>\n<meta property=\"og:type\" content=\"article\" \/>\n<meta property=\"og:title\" content=\"Gallico, Reggio Christmas City: oltre 100 persone a pranzo solidale\" \/>\n<meta property=\"og:description\" content=\"\u2018Natale diffuso\u2019, concluso il terzo appuntamento solidale all\u2019interno della Cooperativa sociale \u2018Collina del Sole\u2019\" \/>\n<meta property=\"og:url\" content=\"https:\/\/progettotouring.it\/radiotouring104\/2023\/12\/23\/reggio-christmas-city-oltre-100-persone-per-il-pranzo-solidale-a-gallico\/\" \/>\n<meta property=\"og:site_name\" content=\"Radio Touring 104\" \/>\n<meta property=\"article:published_time\" content=\"2023-12-23T09:39:11+00:00\" \/>\n<meta property=\"article:modified_time\" content=\"2023-12-23T09:41:11+00:00\" \/>\n<meta property=\"og:image\" content=\"https:\/\/progettotouring.it\/radiotouring104\/wp-content\/uploads\/sites\/6\/2023\/12\/Reggio-Christmas-City-Gallico-Pranzo-solidale-natale-2023.jpeg\" \/>\n\t<meta property=\"og:image:width\" content=\"1600\" \/>\n\t<meta property=\"og:image:height\" content=\"720\" \/>\n\t<meta property=\"og:image:type\" content=\"image\/jpeg\" \/>\n<meta name=\"author\" content=\"Sebastiano Plutino\" \/>\n<meta name=\"twitter:card\" content=\"summary_large_image\" \/>\n<meta name=\"twitter:label1\" content=\"Scritto da\" \/>\n\t<meta name=\"twitter:data1\" content=\"Sebastiano Plutino\" \/>\n\t<meta name=\"twitter:label2\" content=\"Tempo di lettura stimato\" \/>\n\t<meta name=\"twitter:data2\" content=\"2 minuti\" \/>\n<script type=\"application\/ld+json\" class=\"yoast-schema-graph\">{\"@context\":\"https:\/\/schema.org\",\"@graph\":[{\"@type\":\"Article\",\"@id\":\"https:\/\/progettotouring.it\/radiotouring104\/2023\/12\/23\/reggio-christmas-city-oltre-100-persone-per-il-pranzo-solidale-a-gallico\/#article\",\"isPartOf\":{\"@id\":\"https:\/\/progettotouring.it\/radiotouring104\/2023\/12\/23\/reggio-christmas-city-oltre-100-persone-per-il-pranzo-solidale-a-gallico\/\"},\"author\":{\"name\":\"Sebastiano Plutino\",\"@id\":\"https:\/\/progettotouring.it\/radiotouring104\/#\/schema\/person\/78613917f1851f041f7483f5af1d422e\"},\"headline\":\"Reggio Christmas City: oltre 100 persone per il pranzo solidale a Gallico\",\"datePublished\":\"2023-12-23T09:39:11+00:00\",\"dateModified\":\"2023-12-23T09:41:11+00:00\",\"mainEntityOfPage\":{\"@id\":\"https:\/\/progettotouring.it\/radiotouring104\/2023\/12\/23\/reggio-christmas-city-oltre-100-persone-per-il-pranzo-solidale-a-gallico\/\"},\"wordCount\":426,\"publisher\":{\"@id\":\"https:\/\/progettotouring.it\/radiotouring104\/#organization\"},\"image\":{\"@id\":\"https:\/\/progettotouring.it\/radiotouring104\/2023\/12\/23\/reggio-christmas-city-oltre-100-persone-per-il-pranzo-solidale-a-gallico\/#primaryimage\"},\"thumbnailUrl\":\"https:\/\/progettotouring.it\/radiotouring104\/wp-content\/uploads\/sites\/6\/2023\/12\/Reggio-Christmas-City-Gallico-Pranzo-solidale-natale-2023.jpeg\",\"keywords\":[\"Cooperativa sociale \u2018Collina del Sole\u2019\",\"Don Francesco Megale\",\"Michele Rizzo\",\"oltre 100 persone\",\"pranzo solidale\",\"Reggio Christmas City\",\"Svipore\"],\"articleSection\":[\"Home\",\"In primo piano\",\"News\",\"Reggio Calabria\"],\"inLanguage\":\"it-IT\"},{\"@type\":\"WebPage\",\"@id\":\"https:\/\/progettotouring.it\/radiotouring104\/2023\/12\/23\/reggio-christmas-city-oltre-100-persone-per-il-pranzo-solidale-a-gallico\/\",\"url\":\"https:\/\/progettotouring.it\/radiotouring104\/2023\/12\/23\/reggio-christmas-city-oltre-100-persone-per-il-pranzo-solidale-a-gallico\/\",\"name\":\"Gallico, Reggio Christmas City: oltre 100 persone a pranzo solidale\",\"isPartOf\":{\"@id\":\"https:\/\/progettotouring.it\/radiotouring104\/#website\"},\"primaryImageOfPage\":{\"@id\":\"https:\/\/progettotouring.it\/radiotouring104\/2023\/12\/23\/reggio-christmas-city-oltre-100-persone-per-il-pranzo-solidale-a-gallico\/#primaryimage\"},\"image\":{\"@id\":\"https:\/\/progettotouring.it\/radiotouring104\/2023\/12\/23\/reggio-christmas-city-oltre-100-persone-per-il-pranzo-solidale-a-gallico\/#primaryimage\"},\"thumbnailUrl\":\"https:\/\/progettotouring.it\/radiotouring104\/wp-content\/uploads\/sites\/6\/2023\/12\/Reggio-Christmas-City-Gallico-Pranzo-solidale-natale-2023.jpeg\",\"datePublished\":\"2023-12-23T09:39:11+00:00\",\"dateModified\":\"2023-12-23T09:41:11+00:00\",\"description\":\"\u2018Natale diffuso\u2019, concluso il terzo appuntamento solidale all\u2019interno della Cooperativa sociale \u2018Collina del Sole\u2019\",\"breadcrumb\":{\"@id\":\"https:\/\/progettotouring.it\/radiotouring104\/2023\/12\/23\/reggio-christmas-city-oltre-100-persone-per-il-pranzo-solidale-a-gallico\/#breadcrumb\"},\"inLanguage\":\"it-IT\",\"potentialAction\":[{\"@type\":\"ReadAction\",\"target\":[\"https:\/\/progettotouring.it\/radiotouring104\/2023\/12\/23\/reggio-christmas-city-oltre-100-persone-per-il-pranzo-solidale-a-gallico\/\"]}]},{\"@type\":\"ImageObject\",\"inLanguage\":\"it-IT\",\"@id\":\"https:\/\/progettotouring.it\/radiotouring104\/2023\/12\/23\/reggio-christmas-city-oltre-100-persone-per-il-pranzo-solidale-a-gallico\/#primaryimage\",\"url\":\"https:\/\/progettotouring.it\/radiotouring104\/wp-content\/uploads\/sites\/6\/2023\/12\/Reggio-Christmas-City-Gallico-Pranzo-solidale-natale-2023.jpeg\",\"contentUrl\":\"https:\/\/progettotouring.it\/radiotouring104\/wp-content\/uploads\/sites\/6\/2023\/12\/Reggio-Christmas-City-Gallico-Pranzo-solidale-natale-2023.jpeg\",\"width\":1600,\"height\":720},{\"@type\":\"BreadcrumbList\",\"@id\":\"https:\/\/progettotouring.it\/radiotouring104\/2023\/12\/23\/reggio-christmas-city-oltre-100-persone-per-il-pranzo-solidale-a-gallico\/#breadcrumb\",\"itemListElement\":[{\"@type\":\"ListItem\",\"position\":1,\"name\":\"Home\",\"item\":\"https:\/\/progettotouring.it\/radiotouring104\/\"},{\"@type\":\"ListItem\",\"position\":2,\"name\":\"Reggio Christmas City: oltre 100 persone per il pranzo solidale a Gallico\"}]},{\"@type\":\"WebSite\",\"@id\":\"https:\/\/progettotouring.it\/radiotouring104\/#website\",\"url\":\"https:\/\/progettotouring.it\/radiotouring104\/\",\"name\":\"Radio Touring 104\",\"description\":\"La prima radio Reggina\",\"publisher\":{\"@id\":\"https:\/\/progettotouring.it\/radiotouring104\/#organization\"},\"potentialAction\":[{\"@type\":\"SearchAction\",\"target\":{\"@type\":\"EntryPoint\",\"urlTemplate\":\"https:\/\/progettotouring.it\/radiotouring104\/?s={search_term_string}\"},\"query-input\":{\"@type\":\"PropertyValueSpecification\",\"valueRequired\":true,\"valueName\":\"search_term_string\"}}],\"inLanguage\":\"it-IT\"},{\"@type\":\"Organization\",\"@id\":\"https:\/\/progettotouring.it\/radiotouring104\/#organization\",\"name\":\"Radio Touring 104\",\"url\":\"https:\/\/progettotouring.it\/radiotouring104\/\",\"logo\":{\"@type\":\"ImageObject\",\"inLanguage\":\"it-IT\",\"@id\":\"https:\/\/progettotouring.it\/radiotouring104\/#\/schema\/logo\/image\/\",\"url\":\"https:\/\/progettotouring.it\/radiotouring104\/wp-content\/uploads\/sites\/6\/2022\/02\/cropped-logo-radio-touring-104.png\",\"contentUrl\":\"https:\/\/progettotouring.it\/radiotouring104\/wp-content\/uploads\/sites\/6\/2022\/02\/cropped-logo-radio-touring-104.png\",\"width\":377,\"height\":182,\"caption\":\"Radio Touring 104\"},\"image\":{\"@id\":\"https:\/\/progettotouring.it\/radiotouring104\/#\/schema\/logo\/image\/\"}},{\"@type\":\"Person\",\"@id\":\"https:\/\/progettotouring.it\/radiotouring104\/#\/schema\/person\/78613917f1851f041f7483f5af1d422e\",\"name\":\"Sebastiano Plutino\",\"image\":{\"@type\":\"ImageObject\",\"inLanguage\":\"it-IT\",\"@id\":\"https:\/\/secure.gravatar.com\/avatar\/0546ffaa9b79224faf9f2a156b67a529ae861d3287c66c1d8ccfdf909bcba78d?s=96&d=mm&r=g\",\"url\":\"https:\/\/secure.gravatar.com\/avatar\/0546ffaa9b79224faf9f2a156b67a529ae861d3287c66c1d8ccfdf909bcba78d?s=96&d=mm&r=g\",\"contentUrl\":\"https:\/\/secure.gravatar.com\/avatar\/0546ffaa9b79224faf9f2a156b67a529ae861d3287c66c1d8ccfdf909bcba78d?s=96&d=mm&r=g\",\"caption\":\"Sebastiano Plutino\"},\"url\":\"https:\/\/progettotouring.it\/radiotouring104\/author\/sebastiano\/\"}]}<\/script>\n<!-- \/ Yoast SEO plugin. -->","yoast_head_json":{"title":"Gallico, Reggio Christmas City: oltre 100 persone a pranzo solidale","description":"\u2018Natale diffuso\u2019, concluso il terzo appuntamento solidale all\u2019interno della Cooperativa sociale \u2018Collina del Sole\u2019","robots":{"index":"index","follow":"follow","max-snippet":"max-snippet:-1","max-image-preview":"max-image-preview:large","max-video-preview":"max-video-preview:-1"},"canonical":"https:\/\/progettotouring.it\/radiotouring104\/2023\/12\/23\/reggio-christmas-city-oltre-100-persone-per-il-pranzo-solidale-a-gallico\/","og_locale":"it_IT","og_type":"article","og_title":"Gallico, Reggio Christmas City: oltre 100 persone a pranzo solidale","og_description":"\u2018Natale diffuso\u2019, concluso il terzo appuntamento solidale all\u2019interno della Cooperativa sociale \u2018Collina del Sole\u2019","og_url":"https:\/\/progettotouring.it\/radiotouring104\/2023\/12\/23\/reggio-christmas-city-oltre-100-persone-per-il-pranzo-solidale-a-gallico\/","og_site_name":"Radio Touring 104","article_published_time":"2023-12-23T09:39:11+00:00","article_modified_time":"2023-12-23T09:41:11+00:00","og_image":[{"width":1600,"height":720,"url":"https:\/\/progettotouring.it\/radiotouring104\/wp-content\/uploads\/sites\/6\/2023\/12\/Reggio-Christmas-City-Gallico-Pranzo-solidale-natale-2023.jpeg","type":"image\/jpeg"}],"author":"Sebastiano Plutino","twitter_card":"summary_large_image","twitter_misc":{"Scritto da":"Sebastiano Plutino","Tempo di lettura stimato":"2 minuti"},"schema":{"@context":"https:\/\/schema.org","@graph":[{"@type":"Article","@id":"https:\/\/progettotouring.it\/radiotouring104\/2023\/12\/23\/reggio-christmas-city-oltre-100-persone-per-il-pranzo-solidale-a-gallico\/#article","isPartOf":{"@id":"https:\/\/progettotouring.it\/radiotouring104\/2023\/12\/23\/reggio-christmas-city-oltre-100-persone-per-il-pranzo-solidale-a-gallico\/"},"author":{"name":"Sebastiano Plutino","@id":"https:\/\/progettotouring.it\/radiotouring104\/#\/schema\/person\/78613917f1851f041f7483f5af1d422e"},"headline":"Reggio Christmas City: oltre 100 persone per il pranzo solidale a Gallico","datePublished":"2023-12-23T09:39:11+00:00","dateModified":"2023-12-23T09:41:11+00:00","mainEntityOfPage":{"@id":"https:\/\/progettotouring.it\/radiotouring104\/2023\/12\/23\/reggio-christmas-city-oltre-100-persone-per-il-pranzo-solidale-a-gallico\/"},"wordCount":426,"publisher":{"@id":"https:\/\/progettotouring.it\/radiotouring104\/#organization"},"image":{"@id":"https:\/\/progettotouring.it\/radiotouring104\/2023\/12\/23\/reggio-christmas-city-oltre-100-persone-per-il-pranzo-solidale-a-gallico\/#primaryimage"},"thumbnailUrl":"https:\/\/progettotouring.it\/radiotouring104\/wp-content\/uploads\/sites\/6\/2023\/12\/Reggio-Christmas-City-Gallico-Pranzo-solidale-natale-2023.jpeg","keywords":["Cooperativa sociale \u2018Collina del Sole\u2019","Don Francesco Megale","Michele Rizzo","oltre 100 persone","pranzo solidale","Reggio Christmas City","Svipore"],"articleSection":["Home","In primo piano","News","Reggio Calabria"],"inLanguage":"it-IT"},{"@type":"WebPage","@id":"https:\/\/progettotouring.it\/radiotouring104\/2023\/12\/23\/reggio-christmas-city-oltre-100-persone-per-il-pranzo-solidale-a-gallico\/","url":"https:\/\/progettotouring.it\/radiotouring104\/2023\/12\/23\/reggio-christmas-city-oltre-100-persone-per-il-pranzo-solidale-a-gallico\/","name":"Gallico, Reggio Christmas City: oltre 100 persone a pranzo solidale","isPartOf":{"@id":"https:\/\/progettotouring.it\/radiotouring104\/#website"},"primaryImageOfPage":{"@id":"https:\/\/progettotouring.it\/radiotouring104\/2023\/12\/23\/reggio-christmas-city-oltre-100-persone-per-il-pranzo-solidale-a-gallico\/#primaryimage"},"image":{"@id":"https:\/\/progettotouring.it\/radiotouring104\/2023\/12\/23\/reggio-christmas-city-oltre-100-persone-per-il-pranzo-solidale-a-gallico\/#primaryimage"},"thumbnailUrl":"https:\/\/progettotouring.it\/radiotouring104\/wp-content\/uploads\/sites\/6\/2023\/12\/Reggio-Christmas-City-Gallico-Pranzo-solidale-natale-2023.jpeg","datePublished":"2023-12-23T09:39:11+00:00","dateModified":"2023-12-23T09:41:11+00:00","description":"\u2018Natale diffuso\u2019, concluso il terzo appuntamento solidale all\u2019interno della Cooperativa sociale \u2018Collina del Sole\u2019","breadcrumb":{"@id":"https:\/\/progettotouring.it\/radiotouring104\/2023\/12\/23\/reggio-christmas-city-oltre-100-persone-per-il-pranzo-solidale-a-gallico\/#breadcrumb"},"inLanguage":"it-IT","potentialAction":[{"@type":"ReadAction","target":["https:\/\/progettotouring.it\/radiotouring104\/2023\/12\/23\/reggio-christmas-city-oltre-100-persone-per-il-pranzo-solidale-a-gallico\/"]}]},{"@type":"ImageObject","inLanguage":"it-IT","@id":"https:\/\/progettotouring.it\/radiotouring104\/2023\/12\/23\/reggio-christmas-city-oltre-100-persone-per-il-pranzo-solidale-a-gallico\/#primaryimage","url":"https:\/\/progettotouring.it\/radiotouring104\/wp-content\/uploads\/sites\/6\/2023\/12\/Reggio-Christmas-City-Gallico-Pranzo-solidale-natale-2023.jpeg","contentUrl":"https:\/\/progettotouring.it\/radiotouring104\/wp-content\/uploads\/sites\/6\/2023\/12\/Reggio-Christmas-City-Gallico-Pranzo-solidale-natale-2023.jpeg","width":1600,"height":720},{"@type":"BreadcrumbList","@id":"https:\/\/progettotouring.it\/radiotouring104\/2023\/12\/23\/reggio-christmas-city-oltre-100-persone-per-il-pranzo-solidale-a-gallico\/#breadcrumb","itemListElement":[{"@type":"ListItem","position":1,"name":"Home","item":"https:\/\/progettotouring.it\/radiotouring104\/"},{"@type":"ListItem","position":2,"name":"Reggio Christmas City: oltre 100 persone per il pranzo solidale a Gallico"}]},{"@type":"WebSite","@id":"https:\/\/progettotouring.it\/radiotouring104\/#website","url":"https:\/\/progettotouring.it\/radiotouring104\/","name":"Radio Touring 104","description":"La prima radio Reggina","publisher":{"@id":"https:\/\/progettotouring.it\/radiotouring104\/#organization"},"potentialAction":[{"@type":"SearchAction","target":{"@type":"EntryPoint","urlTemplate":"https:\/\/progettotouring.it\/radiotouring104\/?s={search_term_string}"},"query-input":{"@type":"PropertyValueSpecification","valueRequired":true,"valueName":"search_term_string"}}],"inLanguage":"it-IT"},{"@type":"Organization","@id":"https:\/\/progettotouring.it\/radiotouring104\/#organization","name":"Radio Touring 104","url":"https:\/\/progettotouring.it\/radiotouring104\/","logo":{"@type":"ImageObject","inLanguage":"it-IT","@id":"https:\/\/progettotouring.it\/radiotouring104\/#\/schema\/logo\/image\/","url":"https:\/\/progettotouring.it\/radiotouring104\/wp-content\/uploads\/sites\/6\/2022\/02\/cropped-logo-radio-touring-104.png","contentUrl":"https:\/\/progettotouring.it\/radiotouring104\/wp-content\/uploads\/sites\/6\/2022\/02\/cropped-logo-radio-touring-104.png","width":377,"height":182,"caption":"Radio Touring 104"},"image":{"@id":"https:\/\/progettotouring.it\/radiotouring104\/#\/schema\/logo\/image\/"}},{"@type":"Person","@id":"https:\/\/progettotouring.it\/radiotouring104\/#\/schema\/person\/78613917f1851f041f7483f5af1d422e","name":"Sebastiano Plutino","image":{"@type":"ImageObject","inLanguage":"it-IT","@id":"https:\/\/secure.gravatar.com\/avatar\/0546ffaa9b79224faf9f2a156b67a529ae861d3287c66c1d8ccfdf909bcba78d?s=96&d=mm&r=g","url":"https:\/\/secure.gravatar.com\/avatar\/0546ffaa9b79224faf9f2a156b67a529ae861d3287c66c1d8ccfdf909bcba78d?s=96&d=mm&r=g","contentUrl":"https:\/\/secure.gravatar.com\/avatar\/0546ffaa9b79224faf9f2a156b67a529ae861d3287c66c1d8ccfdf909bcba78d?s=96&d=mm&r=g","caption":"Sebastiano Plutino"},"url":"https:\/\/progettotouring.it\/radiotouring104\/author\/sebastiano\/"}]}},"jetpack_publicize_connections":[],"jetpack_featured_media_url":"https:\/\/progettotouring.it\/radiotouring104\/wp-content\/uploads\/sites\/6\/2023\/12\/Reggio-Christmas-City-Gallico-Pranzo-solidale-natale-2023.jpeg","jetpack_sharing_enabled":true,"_links":{"self":[{"href":"https:\/\/progettotouring.it\/radiotouring104\/wp-json\/wp\/v2\/posts\/41674","targetHints":{"allow":["GET"]}}],"collection":[{"href":"https:\/\/progettotouring.it\/radiotouring104\/wp-json\/wp\/v2\/posts"}],"about":[{"href":"https:\/\/progettotouring.it\/radiotouring104\/wp-json\/wp\/v2\/types\/post"}],"author":[{"embeddable":true,"href":"https:\/\/progettotouring.it\/radiotouring104\/wp-json\/wp\/v2\/users\/12"}],"replies":[{"embeddable":true,"href":"https:\/\/progettotouring.it\/radiotouring104\/wp-json\/wp\/v2\/comments?post=41674"}],"version-history":[{"count":2,"href":"https:\/\/progettotouring.it\/radiotouring104\/wp-json\/wp\/v2\/posts\/41674\/revisions"}],"predecessor-version":[{"id":41677,"href":"https:\/\/progettotouring.it\/radiotouring104\/wp-json\/wp\/v2\/posts\/41674\/revisions\/41677"}],"wp:featuredmedia":[{"embeddable":true,"href":"https:\/\/progettotouring.it\/radiotouring104\/wp-json\/wp\/v2\/media\/41675"}],"wp:attachment":[{"href":"https:\/\/progettotouring.it\/radiotouring104\/wp-json\/wp\/v2\/media?parent=41674"}],"wp:term":[{"taxonomy":"category","embeddable":true,"href":"https:\/\/progettotouring.it\/radiotouring104\/wp-json\/wp\/v2\/categories?post=41674"},{"taxonomy":"post_tag","embeddable":true,"href":"https:\/\/progettotouring.it\/radiotouring104\/wp-json\/wp\/v2\/tags?post=41674"}],"curies":[{"name":"wp","href":"https:\/\/api.w.org\/{rel}","templated":true}]}}