{"id":41765,"date":"2023-12-29T15:28:20","date_gmt":"2023-12-29T14:28:20","guid":{"rendered":"https:\/\/progettotouring.it\/radiotouring104\/?p=41765"},"modified":"2023-12-29T17:17:14","modified_gmt":"2023-12-29T16:17:14","slug":"reggio-calabria-furto-e-danneggiamenti-allhub-per-la-famiglia-di-sbarre","status":"publish","type":"post","link":"https:\/\/progettotouring.it\/radiotouring104\/2023\/12\/29\/reggio-calabria-furto-e-danneggiamenti-allhub-per-la-famiglia-di-sbarre\/","title":{"rendered":"Reggio Calabria: furto e danneggiamenti all&#8217;Hub per la Famiglia di Sbarre"},"content":{"rendered":"<p style=\"text-align: justify\"><em>\u201cNella notte, alcuni balordi hanno fatto irruzione nella sede <strong>dell&#8217;Hub<\/strong> per la famiglia di Sbarre danneggiando parte della struttura e rubando supporti informatici molto importanti per lo svolgimento delle attivit\u00e0 del centro. E\u2019 un attacco alle persone deboli, ad un presidio di assistenza e supporto ai fragili, voluto fortemente dal sindaco Giuseppe Falcomat\u00e0 per erogare servizi di informazione e orientamento alle famiglie, sostegno alle competenze genitoriali e sviluppo delle risorse familiari e di comunit\u00e0. Ma, soprattutto, il <strong>Centro<\/strong> <strong>di<\/strong> <strong>Sbarre<\/strong>, a due anni dalla sua inaugurazione, si \u00e8 distinto quale punto di riferimento per la citt\u00e0 per attenuare il disagio sociale attraverso la promozione del benessere\u201d.<\/em><\/p>\n<p style=\"text-align: justify\">L\u2019assessore al Welfare, <strong>Demetrio Delfino,<\/strong> in una nota stampa, denuncia <em>\u201cun atto vile e meschino, compiuto nell&#8217;arroganza pi\u00f9 totale di chi agisce nonostante i numerosi impianti di illuminazione che costeggiano il <strong>civico 139 di via Sbarre Inferiori<\/strong>, sede del bene comunale tornato a rivivere, nel 2021, grazie all\u2019utilizzo dei fondi del <strong>Pon Metro e diventando<\/strong> uno spazio molto utile alla comunit\u00e0\u201d.<\/em><\/p>\n<p style=\"text-align: justify\"><em>\u201cQuesto episodio increscioso &#8211;<\/em> ha continuato l\u2019assessore <em>&#8211; si inserisce all&#8217;interno di un quadro preoccupante che vede i beni pubblici a scopo sociale, presenti sul territorio di Sbarre, finire nel mirino di ignoti criminali. Quanto accaduto all\u2019Hub per le famiglie, infatti, \u00e8 gi\u00e0 successo, ripetutamente, al<strong> Centro per anziani di via Graziella<\/strong>\u201d.\u00a0<\/em><em>\u201cIn questo clima intollerabile &#8211; ha concluso Delfino &#8211; rinnoviamo l\u2019invito alle forze dell&#8217;ordine perch\u00e9 riescano, nel pi\u00f9 breve tempo possibile, ad identificare i responsabili di azioni cos\u00ec spregevoli che offendono le pi\u00f9 basilari regole del vivere civile\u201d. <\/em><em>\u201cAgli utenti ed agli operatori <strong>dell\u2019Hub<\/strong> per la famiglia <\/em>&#8211; ha concluso il delegato alle Politiche sociali <em>&#8211; ribadiamo tutto il nostro sostegno affinch\u00e9 continuino sulla strada percorsa fino ad oggi e che sta producendo risultati significativi sul piano del welfare cittadino\u201d.<\/em><\/p>\n","protected":false},"excerpt":{"rendered":"<p>\u201cNella notte, alcuni balordi hanno fatto irruzione nella sede dell&#8217;Hub per la famiglia di Sbarre danneggiando parte della struttura e rubando supporti informatici molto importanti per lo svolgimento delle attivit\u00e0&hellip;<\/p>\n","protected":false},"author":8,"featured_media":41766,"comment_status":"closed","ping_status":"open","sticky":false,"template":"","format":"standard","meta":{"_jetpack_memberships_contains_paid_content":false,"footnotes":"","jetpack_publicize_message":"","jetpack_publicize_feature_enabled":true,"jetpack_social_post_already_shared":false,"jetpack_social_options":{"image_generator_settings":{"template":"highway","default_image_id":0,"font":"","enabled":false},"version":2}},"categories":[921,196,140],"tags":[2526,25905,25906,236],"class_list":["post-41765","post","type-post","status-publish","format-standard","has-post-thumbnail","hentry","category-home","category-news","category-reggio-calabria","tag-delfino","tag-famiglia-di-sbarre","tag-hub","tag-reggio-calabria"],"yoast_head":"<!-- This site is optimized with the Yoast SEO plugin v27.2 - https:\/\/yoast.com\/product\/yoast-seo-wordpress\/ -->\n<title>Reggio Calabria: furto e danneggiamenti all&#039;Hub per la Famiglia di Sbarre - Radio Touring 104<\/title>\n<meta name=\"description\" content=\"L&#039;Assessore al Welfare, Delfino, denuncia l&#039;ennesimo raid contro le strutture comunali dopo il furto al centro per anziani di Sbarre\" \/>\n<meta name=\"robots\" content=\"index, follow, max-snippet:-1, max-image-preview:large, max-video-preview:-1\" \/>\n<link rel=\"canonical\" href=\"https:\/\/progettotouring.it\/radiotouring104\/2023\/12\/29\/reggio-calabria-furto-e-danneggiamenti-allhub-per-la-famiglia-di-sbarre\/\" \/>\n<meta property=\"og:locale\" content=\"it_IT\" \/>\n<meta property=\"og:type\" content=\"article\" \/>\n<meta property=\"og:title\" content=\"Reggio Calabria: furto e danneggiamenti all&#039;Hub per la Famiglia di Sbarre - Radio Touring 104\" \/>\n<meta property=\"og:description\" content=\"L&#039;Assessore al Welfare, Delfino, denuncia l&#039;ennesimo raid contro le strutture comunali dopo il furto al centro per anziani di Sbarre\" \/>\n<meta property=\"og:url\" content=\"https:\/\/progettotouring.it\/radiotouring104\/2023\/12\/29\/reggio-calabria-furto-e-danneggiamenti-allhub-per-la-famiglia-di-sbarre\/\" \/>\n<meta property=\"og:site_name\" content=\"Radio Touring 104\" \/>\n<meta property=\"article:published_time\" content=\"2023-12-29T14:28:20+00:00\" \/>\n<meta property=\"article:modified_time\" content=\"2023-12-29T16:17:14+00:00\" \/>\n<meta property=\"og:image\" content=\"https:\/\/progettotouring.it\/radiotouring104\/wp-content\/uploads\/sites\/6\/2023\/12\/hub-famiglia-2.jpeg\" \/>\n\t<meta property=\"og:image:width\" content=\"1080\" \/>\n\t<meta property=\"og:image:height\" content=\"829\" \/>\n\t<meta property=\"og:image:type\" content=\"image\/jpeg\" \/>\n<meta name=\"author\" content=\"Filippo Francesco Idone\" \/>\n<meta name=\"twitter:card\" content=\"summary_large_image\" \/>\n<meta name=\"twitter:label1\" content=\"Scritto da\" \/>\n\t<meta name=\"twitter:data1\" content=\"Filippo Francesco Idone\" \/>\n\t<meta name=\"twitter:label2\" content=\"Tempo di lettura stimato\" \/>\n\t<meta name=\"twitter:data2\" content=\"2 minuti\" \/>\n<script type=\"application\/ld+json\" class=\"yoast-schema-graph\">{\"@context\":\"https:\/\/schema.org\",\"@graph\":[{\"@type\":\"Article\",\"@id\":\"https:\/\/progettotouring.it\/radiotouring104\/2023\/12\/29\/reggio-calabria-furto-e-danneggiamenti-allhub-per-la-famiglia-di-sbarre\/#article\",\"isPartOf\":{\"@id\":\"https:\/\/progettotouring.it\/radiotouring104\/2023\/12\/29\/reggio-calabria-furto-e-danneggiamenti-allhub-per-la-famiglia-di-sbarre\/\"},\"author\":{\"name\":\"Filippo Francesco Idone\",\"@id\":\"https:\/\/progettotouring.it\/radiotouring104\/#\/schema\/person\/4a82259ca52ac8702ad1a8f9e5a3120b\"},\"headline\":\"Reggio Calabria: furto e danneggiamenti all&#8217;Hub per la Famiglia di Sbarre\",\"datePublished\":\"2023-12-29T14:28:20+00:00\",\"dateModified\":\"2023-12-29T16:17:14+00:00\",\"mainEntityOfPage\":{\"@id\":\"https:\/\/progettotouring.it\/radiotouring104\/2023\/12\/29\/reggio-calabria-furto-e-danneggiamenti-allhub-per-la-famiglia-di-sbarre\/\"},\"wordCount\":312,\"publisher\":{\"@id\":\"https:\/\/progettotouring.it\/radiotouring104\/#organization\"},\"image\":{\"@id\":\"https:\/\/progettotouring.it\/radiotouring104\/2023\/12\/29\/reggio-calabria-furto-e-danneggiamenti-allhub-per-la-famiglia-di-sbarre\/#primaryimage\"},\"thumbnailUrl\":\"https:\/\/progettotouring.it\/radiotouring104\/wp-content\/uploads\/sites\/6\/2023\/12\/hub-famiglia-2.jpeg\",\"keywords\":[\"delfino\",\"Famiglia di Sbarre\",\"hub\",\"reggio calabria\"],\"articleSection\":[\"Home\",\"News\",\"Reggio Calabria\"],\"inLanguage\":\"it-IT\"},{\"@type\":\"WebPage\",\"@id\":\"https:\/\/progettotouring.it\/radiotouring104\/2023\/12\/29\/reggio-calabria-furto-e-danneggiamenti-allhub-per-la-famiglia-di-sbarre\/\",\"url\":\"https:\/\/progettotouring.it\/radiotouring104\/2023\/12\/29\/reggio-calabria-furto-e-danneggiamenti-allhub-per-la-famiglia-di-sbarre\/\",\"name\":\"Reggio Calabria: furto e danneggiamenti all'Hub per la Famiglia di Sbarre - Radio Touring 104\",\"isPartOf\":{\"@id\":\"https:\/\/progettotouring.it\/radiotouring104\/#website\"},\"primaryImageOfPage\":{\"@id\":\"https:\/\/progettotouring.it\/radiotouring104\/2023\/12\/29\/reggio-calabria-furto-e-danneggiamenti-allhub-per-la-famiglia-di-sbarre\/#primaryimage\"},\"image\":{\"@id\":\"https:\/\/progettotouring.it\/radiotouring104\/2023\/12\/29\/reggio-calabria-furto-e-danneggiamenti-allhub-per-la-famiglia-di-sbarre\/#primaryimage\"},\"thumbnailUrl\":\"https:\/\/progettotouring.it\/radiotouring104\/wp-content\/uploads\/sites\/6\/2023\/12\/hub-famiglia-2.jpeg\",\"datePublished\":\"2023-12-29T14:28:20+00:00\",\"dateModified\":\"2023-12-29T16:17:14+00:00\",\"description\":\"L'Assessore al Welfare, Delfino, denuncia l'ennesimo raid contro le strutture comunali dopo il furto al centro per anziani di Sbarre\",\"breadcrumb\":{\"@id\":\"https:\/\/progettotouring.it\/radiotouring104\/2023\/12\/29\/reggio-calabria-furto-e-danneggiamenti-allhub-per-la-famiglia-di-sbarre\/#breadcrumb\"},\"inLanguage\":\"it-IT\",\"potentialAction\":[{\"@type\":\"ReadAction\",\"target\":[\"https:\/\/progettotouring.it\/radiotouring104\/2023\/12\/29\/reggio-calabria-furto-e-danneggiamenti-allhub-per-la-famiglia-di-sbarre\/\"]}]},{\"@type\":\"ImageObject\",\"inLanguage\":\"it-IT\",\"@id\":\"https:\/\/progettotouring.it\/radiotouring104\/2023\/12\/29\/reggio-calabria-furto-e-danneggiamenti-allhub-per-la-famiglia-di-sbarre\/#primaryimage\",\"url\":\"https:\/\/progettotouring.it\/radiotouring104\/wp-content\/uploads\/sites\/6\/2023\/12\/hub-famiglia-2.jpeg\",\"contentUrl\":\"https:\/\/progettotouring.it\/radiotouring104\/wp-content\/uploads\/sites\/6\/2023\/12\/hub-famiglia-2.jpeg\",\"width\":1080,\"height\":829},{\"@type\":\"BreadcrumbList\",\"@id\":\"https:\/\/progettotouring.it\/radiotouring104\/2023\/12\/29\/reggio-calabria-furto-e-danneggiamenti-allhub-per-la-famiglia-di-sbarre\/#breadcrumb\",\"itemListElement\":[{\"@type\":\"ListItem\",\"position\":1,\"name\":\"Home\",\"item\":\"https:\/\/progettotouring.it\/radiotouring104\/\"},{\"@type\":\"ListItem\",\"position\":2,\"name\":\"Reggio Calabria: furto e danneggiamenti all&#8217;Hub per la Famiglia di Sbarre\"}]},{\"@type\":\"WebSite\",\"@id\":\"https:\/\/progettotouring.it\/radiotouring104\/#website\",\"url\":\"https:\/\/progettotouring.it\/radiotouring104\/\",\"name\":\"Radio Touring 104\",\"description\":\"La prima radio Reggina\",\"publisher\":{\"@id\":\"https:\/\/progettotouring.it\/radiotouring104\/#organization\"},\"potentialAction\":[{\"@type\":\"SearchAction\",\"target\":{\"@type\":\"EntryPoint\",\"urlTemplate\":\"https:\/\/progettotouring.it\/radiotouring104\/?s={search_term_string}\"},\"query-input\":{\"@type\":\"PropertyValueSpecification\",\"valueRequired\":true,\"valueName\":\"search_term_string\"}}],\"inLanguage\":\"it-IT\"},{\"@type\":\"Organization\",\"@id\":\"https:\/\/progettotouring.it\/radiotouring104\/#organization\",\"name\":\"Radio Touring 104\",\"url\":\"https:\/\/progettotouring.it\/radiotouring104\/\",\"logo\":{\"@type\":\"ImageObject\",\"inLanguage\":\"it-IT\",\"@id\":\"https:\/\/progettotouring.it\/radiotouring104\/#\/schema\/logo\/image\/\",\"url\":\"https:\/\/progettotouring.it\/radiotouring104\/wp-content\/uploads\/sites\/6\/2022\/02\/cropped-logo-radio-touring-104.png\",\"contentUrl\":\"https:\/\/progettotouring.it\/radiotouring104\/wp-content\/uploads\/sites\/6\/2022\/02\/cropped-logo-radio-touring-104.png\",\"width\":377,\"height\":182,\"caption\":\"Radio Touring 104\"},\"image\":{\"@id\":\"https:\/\/progettotouring.it\/radiotouring104\/#\/schema\/logo\/image\/\"}},{\"@type\":\"Person\",\"@id\":\"https:\/\/progettotouring.it\/radiotouring104\/#\/schema\/person\/4a82259ca52ac8702ad1a8f9e5a3120b\",\"name\":\"Filippo Francesco Idone\",\"image\":{\"@type\":\"ImageObject\",\"inLanguage\":\"it-IT\",\"@id\":\"https:\/\/secure.gravatar.com\/avatar\/7268715d2366395c3dd314385670e6484117d44f5c442e61e230f7008b7b62d3?s=96&d=mm&r=g\",\"url\":\"https:\/\/secure.gravatar.com\/avatar\/7268715d2366395c3dd314385670e6484117d44f5c442e61e230f7008b7b62d3?s=96&d=mm&r=g\",\"contentUrl\":\"https:\/\/secure.gravatar.com\/avatar\/7268715d2366395c3dd314385670e6484117d44f5c442e61e230f7008b7b62d3?s=96&d=mm&r=g\",\"caption\":\"Filippo Francesco Idone\"},\"url\":\"https:\/\/progettotouring.it\/radiotouring104\/author\/filippoidone\/\"}]}<\/script>\n<!-- \/ Yoast SEO plugin. -->","yoast_head_json":{"title":"Reggio Calabria: furto e danneggiamenti all'Hub per la Famiglia di Sbarre - Radio Touring 104","description":"L'Assessore al Welfare, Delfino, denuncia l'ennesimo raid contro le strutture comunali dopo il furto al centro per anziani di Sbarre","robots":{"index":"index","follow":"follow","max-snippet":"max-snippet:-1","max-image-preview":"max-image-preview:large","max-video-preview":"max-video-preview:-1"},"canonical":"https:\/\/progettotouring.it\/radiotouring104\/2023\/12\/29\/reggio-calabria-furto-e-danneggiamenti-allhub-per-la-famiglia-di-sbarre\/","og_locale":"it_IT","og_type":"article","og_title":"Reggio Calabria: furto e danneggiamenti all'Hub per la Famiglia di Sbarre - Radio Touring 104","og_description":"L'Assessore al Welfare, Delfino, denuncia l'ennesimo raid contro le strutture comunali dopo il furto al centro per anziani di Sbarre","og_url":"https:\/\/progettotouring.it\/radiotouring104\/2023\/12\/29\/reggio-calabria-furto-e-danneggiamenti-allhub-per-la-famiglia-di-sbarre\/","og_site_name":"Radio Touring 104","article_published_time":"2023-12-29T14:28:20+00:00","article_modified_time":"2023-12-29T16:17:14+00:00","og_image":[{"width":1080,"height":829,"url":"https:\/\/progettotouring.it\/radiotouring104\/wp-content\/uploads\/sites\/6\/2023\/12\/hub-famiglia-2.jpeg","type":"image\/jpeg"}],"author":"Filippo Francesco Idone","twitter_card":"summary_large_image","twitter_misc":{"Scritto da":"Filippo Francesco Idone","Tempo di lettura stimato":"2 minuti"},"schema":{"@context":"https:\/\/schema.org","@graph":[{"@type":"Article","@id":"https:\/\/progettotouring.it\/radiotouring104\/2023\/12\/29\/reggio-calabria-furto-e-danneggiamenti-allhub-per-la-famiglia-di-sbarre\/#article","isPartOf":{"@id":"https:\/\/progettotouring.it\/radiotouring104\/2023\/12\/29\/reggio-calabria-furto-e-danneggiamenti-allhub-per-la-famiglia-di-sbarre\/"},"author":{"name":"Filippo Francesco Idone","@id":"https:\/\/progettotouring.it\/radiotouring104\/#\/schema\/person\/4a82259ca52ac8702ad1a8f9e5a3120b"},"headline":"Reggio Calabria: furto e danneggiamenti all&#8217;Hub per la Famiglia di Sbarre","datePublished":"2023-12-29T14:28:20+00:00","dateModified":"2023-12-29T16:17:14+00:00","mainEntityOfPage":{"@id":"https:\/\/progettotouring.it\/radiotouring104\/2023\/12\/29\/reggio-calabria-furto-e-danneggiamenti-allhub-per-la-famiglia-di-sbarre\/"},"wordCount":312,"publisher":{"@id":"https:\/\/progettotouring.it\/radiotouring104\/#organization"},"image":{"@id":"https:\/\/progettotouring.it\/radiotouring104\/2023\/12\/29\/reggio-calabria-furto-e-danneggiamenti-allhub-per-la-famiglia-di-sbarre\/#primaryimage"},"thumbnailUrl":"https:\/\/progettotouring.it\/radiotouring104\/wp-content\/uploads\/sites\/6\/2023\/12\/hub-famiglia-2.jpeg","keywords":["delfino","Famiglia di Sbarre","hub","reggio calabria"],"articleSection":["Home","News","Reggio Calabria"],"inLanguage":"it-IT"},{"@type":"WebPage","@id":"https:\/\/progettotouring.it\/radiotouring104\/2023\/12\/29\/reggio-calabria-furto-e-danneggiamenti-allhub-per-la-famiglia-di-sbarre\/","url":"https:\/\/progettotouring.it\/radiotouring104\/2023\/12\/29\/reggio-calabria-furto-e-danneggiamenti-allhub-per-la-famiglia-di-sbarre\/","name":"Reggio Calabria: furto e danneggiamenti all'Hub per la Famiglia di Sbarre - Radio Touring 104","isPartOf":{"@id":"https:\/\/progettotouring.it\/radiotouring104\/#website"},"primaryImageOfPage":{"@id":"https:\/\/progettotouring.it\/radiotouring104\/2023\/12\/29\/reggio-calabria-furto-e-danneggiamenti-allhub-per-la-famiglia-di-sbarre\/#primaryimage"},"image":{"@id":"https:\/\/progettotouring.it\/radiotouring104\/2023\/12\/29\/reggio-calabria-furto-e-danneggiamenti-allhub-per-la-famiglia-di-sbarre\/#primaryimage"},"thumbnailUrl":"https:\/\/progettotouring.it\/radiotouring104\/wp-content\/uploads\/sites\/6\/2023\/12\/hub-famiglia-2.jpeg","datePublished":"2023-12-29T14:28:20+00:00","dateModified":"2023-12-29T16:17:14+00:00","description":"L'Assessore al Welfare, Delfino, denuncia l'ennesimo raid contro le strutture comunali dopo il furto al centro per anziani di Sbarre","breadcrumb":{"@id":"https:\/\/progettotouring.it\/radiotouring104\/2023\/12\/29\/reggio-calabria-furto-e-danneggiamenti-allhub-per-la-famiglia-di-sbarre\/#breadcrumb"},"inLanguage":"it-IT","potentialAction":[{"@type":"ReadAction","target":["https:\/\/progettotouring.it\/radiotouring104\/2023\/12\/29\/reggio-calabria-furto-e-danneggiamenti-allhub-per-la-famiglia-di-sbarre\/"]}]},{"@type":"ImageObject","inLanguage":"it-IT","@id":"https:\/\/progettotouring.it\/radiotouring104\/2023\/12\/29\/reggio-calabria-furto-e-danneggiamenti-allhub-per-la-famiglia-di-sbarre\/#primaryimage","url":"https:\/\/progettotouring.it\/radiotouring104\/wp-content\/uploads\/sites\/6\/2023\/12\/hub-famiglia-2.jpeg","contentUrl":"https:\/\/progettotouring.it\/radiotouring104\/wp-content\/uploads\/sites\/6\/2023\/12\/hub-famiglia-2.jpeg","width":1080,"height":829},{"@type":"BreadcrumbList","@id":"https:\/\/progettotouring.it\/radiotouring104\/2023\/12\/29\/reggio-calabria-furto-e-danneggiamenti-allhub-per-la-famiglia-di-sbarre\/#breadcrumb","itemListElement":[{"@type":"ListItem","position":1,"name":"Home","item":"https:\/\/progettotouring.it\/radiotouring104\/"},{"@type":"ListItem","position":2,"name":"Reggio Calabria: furto e danneggiamenti all&#8217;Hub per la Famiglia di Sbarre"}]},{"@type":"WebSite","@id":"https:\/\/progettotouring.it\/radiotouring104\/#website","url":"https:\/\/progettotouring.it\/radiotouring104\/","name":"Radio Touring 104","description":"La prima radio Reggina","publisher":{"@id":"https:\/\/progettotouring.it\/radiotouring104\/#organization"},"potentialAction":[{"@type":"SearchAction","target":{"@type":"EntryPoint","urlTemplate":"https:\/\/progettotouring.it\/radiotouring104\/?s={search_term_string}"},"query-input":{"@type":"PropertyValueSpecification","valueRequired":true,"valueName":"search_term_string"}}],"inLanguage":"it-IT"},{"@type":"Organization","@id":"https:\/\/progettotouring.it\/radiotouring104\/#organization","name":"Radio Touring 104","url":"https:\/\/progettotouring.it\/radiotouring104\/","logo":{"@type":"ImageObject","inLanguage":"it-IT","@id":"https:\/\/progettotouring.it\/radiotouring104\/#\/schema\/logo\/image\/","url":"https:\/\/progettotouring.it\/radiotouring104\/wp-content\/uploads\/sites\/6\/2022\/02\/cropped-logo-radio-touring-104.png","contentUrl":"https:\/\/progettotouring.it\/radiotouring104\/wp-content\/uploads\/sites\/6\/2022\/02\/cropped-logo-radio-touring-104.png","width":377,"height":182,"caption":"Radio Touring 104"},"image":{"@id":"https:\/\/progettotouring.it\/radiotouring104\/#\/schema\/logo\/image\/"}},{"@type":"Person","@id":"https:\/\/progettotouring.it\/radiotouring104\/#\/schema\/person\/4a82259ca52ac8702ad1a8f9e5a3120b","name":"Filippo Francesco Idone","image":{"@type":"ImageObject","inLanguage":"it-IT","@id":"https:\/\/secure.gravatar.com\/avatar\/7268715d2366395c3dd314385670e6484117d44f5c442e61e230f7008b7b62d3?s=96&d=mm&r=g","url":"https:\/\/secure.gravatar.com\/avatar\/7268715d2366395c3dd314385670e6484117d44f5c442e61e230f7008b7b62d3?s=96&d=mm&r=g","contentUrl":"https:\/\/secure.gravatar.com\/avatar\/7268715d2366395c3dd314385670e6484117d44f5c442e61e230f7008b7b62d3?s=96&d=mm&r=g","caption":"Filippo Francesco Idone"},"url":"https:\/\/progettotouring.it\/radiotouring104\/author\/filippoidone\/"}]}},"jetpack_publicize_connections":[],"jetpack_featured_media_url":"https:\/\/progettotouring.it\/radiotouring104\/wp-content\/uploads\/sites\/6\/2023\/12\/hub-famiglia-2.jpeg","jetpack_sharing_enabled":true,"_links":{"self":[{"href":"https:\/\/progettotouring.it\/radiotouring104\/wp-json\/wp\/v2\/posts\/41765","targetHints":{"allow":["GET"]}}],"collection":[{"href":"https:\/\/progettotouring.it\/radiotouring104\/wp-json\/wp\/v2\/posts"}],"about":[{"href":"https:\/\/progettotouring.it\/radiotouring104\/wp-json\/wp\/v2\/types\/post"}],"author":[{"embeddable":true,"href":"https:\/\/progettotouring.it\/radiotouring104\/wp-json\/wp\/v2\/users\/8"}],"replies":[{"embeddable":true,"href":"https:\/\/progettotouring.it\/radiotouring104\/wp-json\/wp\/v2\/comments?post=41765"}],"version-history":[{"count":1,"href":"https:\/\/progettotouring.it\/radiotouring104\/wp-json\/wp\/v2\/posts\/41765\/revisions"}],"predecessor-version":[{"id":41767,"href":"https:\/\/progettotouring.it\/radiotouring104\/wp-json\/wp\/v2\/posts\/41765\/revisions\/41767"}],"wp:featuredmedia":[{"embeddable":true,"href":"https:\/\/progettotouring.it\/radiotouring104\/wp-json\/wp\/v2\/media\/41766"}],"wp:attachment":[{"href":"https:\/\/progettotouring.it\/radiotouring104\/wp-json\/wp\/v2\/media?parent=41765"}],"wp:term":[{"taxonomy":"category","embeddable":true,"href":"https:\/\/progettotouring.it\/radiotouring104\/wp-json\/wp\/v2\/categories?post=41765"},{"taxonomy":"post_tag","embeddable":true,"href":"https:\/\/progettotouring.it\/radiotouring104\/wp-json\/wp\/v2\/tags?post=41765"}],"curies":[{"name":"wp","href":"https:\/\/api.w.org\/{rel}","templated":true}]}}