{"id":41768,"date":"2023-12-29T15:17:30","date_gmt":"2023-12-29T14:17:30","guid":{"rendered":"https:\/\/progettotouring.it\/radiotouring104\/?p=41768"},"modified":"2023-12-29T17:21:01","modified_gmt":"2023-12-29T16:21:01","slug":"orti-grande-successo-per-il-presepe-vivente-medioevale","status":"publish","type":"post","link":"https:\/\/progettotouring.it\/radiotouring104\/2023\/12\/29\/orti-grande-successo-per-il-presepe-vivente-medioevale\/","title":{"rendered":"Ort\u00ec: grande successo per il Presepe Vivente Medioevale"},"content":{"rendered":"<p style=\"text-align: justify\">Il<strong> borgo di Ort\u00ec,<\/strong> lo scorso marted\u00ec 26 dicembre, si \u00e8 trasformato in un suggestivo scenario medioevale attraverso musiche, colori e personaggi come artigiani, pastori, musicanti, giullari, popolani, mangiafuoco e sbandieratori, che hanno animato il borgo e incantato i visitatori, ricreando la magia dell\u2019 antico medioevo per rappresentare il \u201c<strong>Presepe Vivente Medioevale<\/strong>\u201d.<br \/>\nOltre 2000 visitatori sono stati riportati indietro nel tempo al <strong>1223<\/strong>: a partire dalla consegna delle monete del tempo all\u2019 ingresso del percorso, la degustazione del cibo di un tempo e le danze e giochi di fuoco, sono stati immersi in un suggestivo scenario del medioevo.<\/p>\n<p style=\"text-align: justify\">Un evento che ha superato ogni aspettativa anche del Parroco della Parrocchia, Don Giovanni Zappal\u00e0: <em>\u201cA nome mio e di tutta la comunit\u00e0, desidero esprimere i pi\u00f9 sentiti ringraziamenti per il lavoro svolto durante l\u2019 organizzazione di questo evento. <\/em><br \/>\n<em>Ogni contributo \u00e8 stato prezioso, se non indispensabile, per il raggiungimento di questo importante evento che ha superato ogni aspettativa e che rappresenta il giusto presupposto per far s\u00ec che prossimamente si possano organizzare altri eventi e manifestazioni per avvicinare ancora di pi\u00f9 i cittadini a questo magnifico borgo. <\/em><em>Un ringraziamento particolare ai fedeli di Ort\u00ec, che si sono spesi molto per questo progetto con grande collaborazione e sono molto grato e ne vado fiero perch\u00e9 questo vuol dire che c\u2019\u00e8 una grande propensione al voler far comunit\u00e0. <\/em><em><strong>La presenza di oltre 2000 persone,<\/strong> \u00e8 stata una delle migliori occasioni per far visitare questo antico borgo pieno di cultura e tradizioni. Non eravamo pronti a una cos\u00ec grande affluenza di persone, ma questa prima esperienza ha permesso a me e tutti coloro che collaborano a questo evento, di progettare ulteriori migliorie per la chiusura finale del Presepe che si terr\u00e0 sabato 6 gennaio 2024: sia per la gestione dell\u2019 ingresso al percorso che per l\u2019 aumento delle postazioni ristoro dedicate ai fedeli&#8221;.<\/em><\/p>\n<p style=\"text-align: justify\"><em>&#8220;Porgo un caloroso ringraziamento all\u2019 Arcivescovo Mons. Fortunato Morrone per averci incoraggiato a organizzare questo evento, facendo s\u00ec che la comunit\u00e0 si unisse ancora di pi\u00f9 in un gesto di amore e solidariet\u00e0. Ringrazio con grande affetto i tantissimi confratelli e sacerdoti che si sono uniti a noi per vivere insieme questo evento, il direttore artistico Pino Bruzzese con la sua sartoria, per averci incantato con i piccoli e grandi dettagli e ancora, ringrazio Gerardo Sacco per averci omaggiato dei suoi gioielli, indossati dai figuranti durante l\u2019 evento. <\/em><em>Infine, ringrazio il Sindaco, gli assessori e tutte le autorit\u00e0 per la grande collaborazione, affinch\u00e9 si potesse realizzare questo evento in totale sicurezza. Colgo l\u2019 occasione per augurare a tutti voi e le vostre famiglie un <strong>Felice<\/strong> <strong>Anno<\/strong> ricco di serenit\u00e0 e sorrisi\u201d. <\/em>Sar\u00e0 possibile rivivere la magia del \u201c<strong>Presepe Vivente Medioevale\u201d<\/strong> di Ort\u00ec sabato 6 gennaio 2024 dalle ore 16:30 alle 21:00.<\/p>\n","protected":false},"excerpt":{"rendered":"<p>Il borgo di Ort\u00ec, lo scorso marted\u00ec 26 dicembre, si \u00e8 trasformato in un suggestivo scenario medioevale attraverso musiche, colori e personaggi come artigiani, pastori, musicanti, giullari, popolani, mangiafuoco e&hellip;<\/p>\n","protected":false},"author":8,"featured_media":41769,"comment_status":"closed","ping_status":"open","sticky":false,"template":"","format":"standard","meta":{"_jetpack_memberships_contains_paid_content":false,"footnotes":"","jetpack_publicize_message":"","jetpack_publicize_feature_enabled":true,"jetpack_social_post_already_shared":false,"jetpack_social_options":{"image_generator_settings":{"template":"highway","default_image_id":0,"font":"","enabled":false},"version":2}},"categories":[921,196,140],"tags":[10311,25907],"class_list":["post-41768","post","type-post","status-publish","format-standard","has-post-thumbnail","hentry","category-home","category-news","category-reggio-calabria","tag-orti","tag-presepe-vivente-medioevale"],"yoast_head":"<!-- This site is optimized with the Yoast SEO plugin v27.2 - https:\/\/yoast.com\/product\/yoast-seo-wordpress\/ -->\n<title>Ort\u00ec: grande successo per il Presepe Vivente Medioevale - Radio Touring 104<\/title>\n<meta name=\"description\" content=\"Grande partecipazione per il Presepe Vivente Medioevale di Ort\u00ec: una gran folla di gente ha assistito all&#039;evento del borgo\" \/>\n<meta name=\"robots\" content=\"index, follow, max-snippet:-1, max-image-preview:large, max-video-preview:-1\" \/>\n<link rel=\"canonical\" href=\"https:\/\/progettotouring.it\/radiotouring104\/2023\/12\/29\/orti-grande-successo-per-il-presepe-vivente-medioevale\/\" \/>\n<meta property=\"og:locale\" content=\"it_IT\" \/>\n<meta property=\"og:type\" content=\"article\" \/>\n<meta property=\"og:title\" content=\"Ort\u00ec: grande successo per il Presepe Vivente Medioevale - Radio Touring 104\" \/>\n<meta property=\"og:description\" content=\"Grande partecipazione per il Presepe Vivente Medioevale di Ort\u00ec: una gran folla di gente ha assistito all&#039;evento del borgo\" \/>\n<meta property=\"og:url\" content=\"https:\/\/progettotouring.it\/radiotouring104\/2023\/12\/29\/orti-grande-successo-per-il-presepe-vivente-medioevale\/\" \/>\n<meta property=\"og:site_name\" content=\"Radio Touring 104\" \/>\n<meta property=\"article:published_time\" content=\"2023-12-29T14:17:30+00:00\" \/>\n<meta property=\"article:modified_time\" content=\"2023-12-29T16:21:01+00:00\" \/>\n<meta property=\"og:image\" content=\"https:\/\/progettotouring.it\/radiotouring104\/wp-content\/uploads\/sites\/6\/2023\/12\/presepe-orti.jpg\" \/>\n\t<meta property=\"og:image:width\" content=\"1920\" \/>\n\t<meta property=\"og:image:height\" content=\"1080\" \/>\n\t<meta property=\"og:image:type\" content=\"image\/jpeg\" \/>\n<meta name=\"author\" content=\"Filippo Francesco Idone\" \/>\n<meta name=\"twitter:card\" content=\"summary_large_image\" \/>\n<meta name=\"twitter:label1\" content=\"Scritto da\" \/>\n\t<meta name=\"twitter:data1\" content=\"Filippo Francesco Idone\" \/>\n\t<meta name=\"twitter:label2\" content=\"Tempo di lettura stimato\" \/>\n\t<meta name=\"twitter:data2\" content=\"2 minuti\" \/>\n<script type=\"application\/ld+json\" class=\"yoast-schema-graph\">{\"@context\":\"https:\/\/schema.org\",\"@graph\":[{\"@type\":\"Article\",\"@id\":\"https:\/\/progettotouring.it\/radiotouring104\/2023\/12\/29\/orti-grande-successo-per-il-presepe-vivente-medioevale\/#article\",\"isPartOf\":{\"@id\":\"https:\/\/progettotouring.it\/radiotouring104\/2023\/12\/29\/orti-grande-successo-per-il-presepe-vivente-medioevale\/\"},\"author\":{\"name\":\"Filippo Francesco Idone\",\"@id\":\"https:\/\/progettotouring.it\/radiotouring104\/#\/schema\/person\/4a82259ca52ac8702ad1a8f9e5a3120b\"},\"headline\":\"Ort\u00ec: grande successo per il Presepe Vivente Medioevale\",\"datePublished\":\"2023-12-29T14:17:30+00:00\",\"dateModified\":\"2023-12-29T16:21:01+00:00\",\"mainEntityOfPage\":{\"@id\":\"https:\/\/progettotouring.it\/radiotouring104\/2023\/12\/29\/orti-grande-successo-per-il-presepe-vivente-medioevale\/\"},\"wordCount\":455,\"publisher\":{\"@id\":\"https:\/\/progettotouring.it\/radiotouring104\/#organization\"},\"image\":{\"@id\":\"https:\/\/progettotouring.it\/radiotouring104\/2023\/12\/29\/orti-grande-successo-per-il-presepe-vivente-medioevale\/#primaryimage\"},\"thumbnailUrl\":\"https:\/\/progettotouring.it\/radiotouring104\/wp-content\/uploads\/sites\/6\/2023\/12\/presepe-orti.jpg\",\"keywords\":[\"Ort\u00ec\",\"Presepe Vivente Medioevale\"],\"articleSection\":[\"Home\",\"News\",\"Reggio Calabria\"],\"inLanguage\":\"it-IT\"},{\"@type\":\"WebPage\",\"@id\":\"https:\/\/progettotouring.it\/radiotouring104\/2023\/12\/29\/orti-grande-successo-per-il-presepe-vivente-medioevale\/\",\"url\":\"https:\/\/progettotouring.it\/radiotouring104\/2023\/12\/29\/orti-grande-successo-per-il-presepe-vivente-medioevale\/\",\"name\":\"Ort\u00ec: grande successo per il Presepe Vivente Medioevale - Radio Touring 104\",\"isPartOf\":{\"@id\":\"https:\/\/progettotouring.it\/radiotouring104\/#website\"},\"primaryImageOfPage\":{\"@id\":\"https:\/\/progettotouring.it\/radiotouring104\/2023\/12\/29\/orti-grande-successo-per-il-presepe-vivente-medioevale\/#primaryimage\"},\"image\":{\"@id\":\"https:\/\/progettotouring.it\/radiotouring104\/2023\/12\/29\/orti-grande-successo-per-il-presepe-vivente-medioevale\/#primaryimage\"},\"thumbnailUrl\":\"https:\/\/progettotouring.it\/radiotouring104\/wp-content\/uploads\/sites\/6\/2023\/12\/presepe-orti.jpg\",\"datePublished\":\"2023-12-29T14:17:30+00:00\",\"dateModified\":\"2023-12-29T16:21:01+00:00\",\"description\":\"Grande partecipazione per il Presepe Vivente Medioevale di Ort\u00ec: una gran folla di gente ha assistito all'evento del borgo\",\"breadcrumb\":{\"@id\":\"https:\/\/progettotouring.it\/radiotouring104\/2023\/12\/29\/orti-grande-successo-per-il-presepe-vivente-medioevale\/#breadcrumb\"},\"inLanguage\":\"it-IT\",\"potentialAction\":[{\"@type\":\"ReadAction\",\"target\":[\"https:\/\/progettotouring.it\/radiotouring104\/2023\/12\/29\/orti-grande-successo-per-il-presepe-vivente-medioevale\/\"]}]},{\"@type\":\"ImageObject\",\"inLanguage\":\"it-IT\",\"@id\":\"https:\/\/progettotouring.it\/radiotouring104\/2023\/12\/29\/orti-grande-successo-per-il-presepe-vivente-medioevale\/#primaryimage\",\"url\":\"https:\/\/progettotouring.it\/radiotouring104\/wp-content\/uploads\/sites\/6\/2023\/12\/presepe-orti.jpg\",\"contentUrl\":\"https:\/\/progettotouring.it\/radiotouring104\/wp-content\/uploads\/sites\/6\/2023\/12\/presepe-orti.jpg\",\"width\":1920,\"height\":1080},{\"@type\":\"BreadcrumbList\",\"@id\":\"https:\/\/progettotouring.it\/radiotouring104\/2023\/12\/29\/orti-grande-successo-per-il-presepe-vivente-medioevale\/#breadcrumb\",\"itemListElement\":[{\"@type\":\"ListItem\",\"position\":1,\"name\":\"Home\",\"item\":\"https:\/\/progettotouring.it\/radiotouring104\/\"},{\"@type\":\"ListItem\",\"position\":2,\"name\":\"Ort\u00ec: grande successo per il Presepe Vivente Medioevale\"}]},{\"@type\":\"WebSite\",\"@id\":\"https:\/\/progettotouring.it\/radiotouring104\/#website\",\"url\":\"https:\/\/progettotouring.it\/radiotouring104\/\",\"name\":\"Radio Touring 104\",\"description\":\"La prima radio Reggina\",\"publisher\":{\"@id\":\"https:\/\/progettotouring.it\/radiotouring104\/#organization\"},\"potentialAction\":[{\"@type\":\"SearchAction\",\"target\":{\"@type\":\"EntryPoint\",\"urlTemplate\":\"https:\/\/progettotouring.it\/radiotouring104\/?s={search_term_string}\"},\"query-input\":{\"@type\":\"PropertyValueSpecification\",\"valueRequired\":true,\"valueName\":\"search_term_string\"}}],\"inLanguage\":\"it-IT\"},{\"@type\":\"Organization\",\"@id\":\"https:\/\/progettotouring.it\/radiotouring104\/#organization\",\"name\":\"Radio Touring 104\",\"url\":\"https:\/\/progettotouring.it\/radiotouring104\/\",\"logo\":{\"@type\":\"ImageObject\",\"inLanguage\":\"it-IT\",\"@id\":\"https:\/\/progettotouring.it\/radiotouring104\/#\/schema\/logo\/image\/\",\"url\":\"https:\/\/progettotouring.it\/radiotouring104\/wp-content\/uploads\/sites\/6\/2022\/02\/cropped-logo-radio-touring-104.png\",\"contentUrl\":\"https:\/\/progettotouring.it\/radiotouring104\/wp-content\/uploads\/sites\/6\/2022\/02\/cropped-logo-radio-touring-104.png\",\"width\":377,\"height\":182,\"caption\":\"Radio Touring 104\"},\"image\":{\"@id\":\"https:\/\/progettotouring.it\/radiotouring104\/#\/schema\/logo\/image\/\"}},{\"@type\":\"Person\",\"@id\":\"https:\/\/progettotouring.it\/radiotouring104\/#\/schema\/person\/4a82259ca52ac8702ad1a8f9e5a3120b\",\"name\":\"Filippo Francesco Idone\",\"image\":{\"@type\":\"ImageObject\",\"inLanguage\":\"it-IT\",\"@id\":\"https:\/\/secure.gravatar.com\/avatar\/7268715d2366395c3dd314385670e6484117d44f5c442e61e230f7008b7b62d3?s=96&d=mm&r=g\",\"url\":\"https:\/\/secure.gravatar.com\/avatar\/7268715d2366395c3dd314385670e6484117d44f5c442e61e230f7008b7b62d3?s=96&d=mm&r=g\",\"contentUrl\":\"https:\/\/secure.gravatar.com\/avatar\/7268715d2366395c3dd314385670e6484117d44f5c442e61e230f7008b7b62d3?s=96&d=mm&r=g\",\"caption\":\"Filippo Francesco Idone\"},\"url\":\"https:\/\/progettotouring.it\/radiotouring104\/author\/filippoidone\/\"}]}<\/script>\n<!-- \/ Yoast SEO plugin. -->","yoast_head_json":{"title":"Ort\u00ec: grande successo per il Presepe Vivente Medioevale - Radio Touring 104","description":"Grande partecipazione per il Presepe Vivente Medioevale di Ort\u00ec: una gran folla di gente ha assistito all'evento del borgo","robots":{"index":"index","follow":"follow","max-snippet":"max-snippet:-1","max-image-preview":"max-image-preview:large","max-video-preview":"max-video-preview:-1"},"canonical":"https:\/\/progettotouring.it\/radiotouring104\/2023\/12\/29\/orti-grande-successo-per-il-presepe-vivente-medioevale\/","og_locale":"it_IT","og_type":"article","og_title":"Ort\u00ec: grande successo per il Presepe Vivente Medioevale - Radio Touring 104","og_description":"Grande partecipazione per il Presepe Vivente Medioevale di Ort\u00ec: una gran folla di gente ha assistito all'evento del borgo","og_url":"https:\/\/progettotouring.it\/radiotouring104\/2023\/12\/29\/orti-grande-successo-per-il-presepe-vivente-medioevale\/","og_site_name":"Radio Touring 104","article_published_time":"2023-12-29T14:17:30+00:00","article_modified_time":"2023-12-29T16:21:01+00:00","og_image":[{"width":1920,"height":1080,"url":"https:\/\/progettotouring.it\/radiotouring104\/wp-content\/uploads\/sites\/6\/2023\/12\/presepe-orti.jpg","type":"image\/jpeg"}],"author":"Filippo Francesco Idone","twitter_card":"summary_large_image","twitter_misc":{"Scritto da":"Filippo Francesco Idone","Tempo di lettura stimato":"2 minuti"},"schema":{"@context":"https:\/\/schema.org","@graph":[{"@type":"Article","@id":"https:\/\/progettotouring.it\/radiotouring104\/2023\/12\/29\/orti-grande-successo-per-il-presepe-vivente-medioevale\/#article","isPartOf":{"@id":"https:\/\/progettotouring.it\/radiotouring104\/2023\/12\/29\/orti-grande-successo-per-il-presepe-vivente-medioevale\/"},"author":{"name":"Filippo Francesco Idone","@id":"https:\/\/progettotouring.it\/radiotouring104\/#\/schema\/person\/4a82259ca52ac8702ad1a8f9e5a3120b"},"headline":"Ort\u00ec: grande successo per il Presepe Vivente Medioevale","datePublished":"2023-12-29T14:17:30+00:00","dateModified":"2023-12-29T16:21:01+00:00","mainEntityOfPage":{"@id":"https:\/\/progettotouring.it\/radiotouring104\/2023\/12\/29\/orti-grande-successo-per-il-presepe-vivente-medioevale\/"},"wordCount":455,"publisher":{"@id":"https:\/\/progettotouring.it\/radiotouring104\/#organization"},"image":{"@id":"https:\/\/progettotouring.it\/radiotouring104\/2023\/12\/29\/orti-grande-successo-per-il-presepe-vivente-medioevale\/#primaryimage"},"thumbnailUrl":"https:\/\/progettotouring.it\/radiotouring104\/wp-content\/uploads\/sites\/6\/2023\/12\/presepe-orti.jpg","keywords":["Ort\u00ec","Presepe Vivente Medioevale"],"articleSection":["Home","News","Reggio Calabria"],"inLanguage":"it-IT"},{"@type":"WebPage","@id":"https:\/\/progettotouring.it\/radiotouring104\/2023\/12\/29\/orti-grande-successo-per-il-presepe-vivente-medioevale\/","url":"https:\/\/progettotouring.it\/radiotouring104\/2023\/12\/29\/orti-grande-successo-per-il-presepe-vivente-medioevale\/","name":"Ort\u00ec: grande successo per il Presepe Vivente Medioevale - Radio Touring 104","isPartOf":{"@id":"https:\/\/progettotouring.it\/radiotouring104\/#website"},"primaryImageOfPage":{"@id":"https:\/\/progettotouring.it\/radiotouring104\/2023\/12\/29\/orti-grande-successo-per-il-presepe-vivente-medioevale\/#primaryimage"},"image":{"@id":"https:\/\/progettotouring.it\/radiotouring104\/2023\/12\/29\/orti-grande-successo-per-il-presepe-vivente-medioevale\/#primaryimage"},"thumbnailUrl":"https:\/\/progettotouring.it\/radiotouring104\/wp-content\/uploads\/sites\/6\/2023\/12\/presepe-orti.jpg","datePublished":"2023-12-29T14:17:30+00:00","dateModified":"2023-12-29T16:21:01+00:00","description":"Grande partecipazione per il Presepe Vivente Medioevale di Ort\u00ec: una gran folla di gente ha assistito all'evento del borgo","breadcrumb":{"@id":"https:\/\/progettotouring.it\/radiotouring104\/2023\/12\/29\/orti-grande-successo-per-il-presepe-vivente-medioevale\/#breadcrumb"},"inLanguage":"it-IT","potentialAction":[{"@type":"ReadAction","target":["https:\/\/progettotouring.it\/radiotouring104\/2023\/12\/29\/orti-grande-successo-per-il-presepe-vivente-medioevale\/"]}]},{"@type":"ImageObject","inLanguage":"it-IT","@id":"https:\/\/progettotouring.it\/radiotouring104\/2023\/12\/29\/orti-grande-successo-per-il-presepe-vivente-medioevale\/#primaryimage","url":"https:\/\/progettotouring.it\/radiotouring104\/wp-content\/uploads\/sites\/6\/2023\/12\/presepe-orti.jpg","contentUrl":"https:\/\/progettotouring.it\/radiotouring104\/wp-content\/uploads\/sites\/6\/2023\/12\/presepe-orti.jpg","width":1920,"height":1080},{"@type":"BreadcrumbList","@id":"https:\/\/progettotouring.it\/radiotouring104\/2023\/12\/29\/orti-grande-successo-per-il-presepe-vivente-medioevale\/#breadcrumb","itemListElement":[{"@type":"ListItem","position":1,"name":"Home","item":"https:\/\/progettotouring.it\/radiotouring104\/"},{"@type":"ListItem","position":2,"name":"Ort\u00ec: grande successo per il Presepe Vivente Medioevale"}]},{"@type":"WebSite","@id":"https:\/\/progettotouring.it\/radiotouring104\/#website","url":"https:\/\/progettotouring.it\/radiotouring104\/","name":"Radio Touring 104","description":"La prima radio Reggina","publisher":{"@id":"https:\/\/progettotouring.it\/radiotouring104\/#organization"},"potentialAction":[{"@type":"SearchAction","target":{"@type":"EntryPoint","urlTemplate":"https:\/\/progettotouring.it\/radiotouring104\/?s={search_term_string}"},"query-input":{"@type":"PropertyValueSpecification","valueRequired":true,"valueName":"search_term_string"}}],"inLanguage":"it-IT"},{"@type":"Organization","@id":"https:\/\/progettotouring.it\/radiotouring104\/#organization","name":"Radio Touring 104","url":"https:\/\/progettotouring.it\/radiotouring104\/","logo":{"@type":"ImageObject","inLanguage":"it-IT","@id":"https:\/\/progettotouring.it\/radiotouring104\/#\/schema\/logo\/image\/","url":"https:\/\/progettotouring.it\/radiotouring104\/wp-content\/uploads\/sites\/6\/2022\/02\/cropped-logo-radio-touring-104.png","contentUrl":"https:\/\/progettotouring.it\/radiotouring104\/wp-content\/uploads\/sites\/6\/2022\/02\/cropped-logo-radio-touring-104.png","width":377,"height":182,"caption":"Radio Touring 104"},"image":{"@id":"https:\/\/progettotouring.it\/radiotouring104\/#\/schema\/logo\/image\/"}},{"@type":"Person","@id":"https:\/\/progettotouring.it\/radiotouring104\/#\/schema\/person\/4a82259ca52ac8702ad1a8f9e5a3120b","name":"Filippo Francesco Idone","image":{"@type":"ImageObject","inLanguage":"it-IT","@id":"https:\/\/secure.gravatar.com\/avatar\/7268715d2366395c3dd314385670e6484117d44f5c442e61e230f7008b7b62d3?s=96&d=mm&r=g","url":"https:\/\/secure.gravatar.com\/avatar\/7268715d2366395c3dd314385670e6484117d44f5c442e61e230f7008b7b62d3?s=96&d=mm&r=g","contentUrl":"https:\/\/secure.gravatar.com\/avatar\/7268715d2366395c3dd314385670e6484117d44f5c442e61e230f7008b7b62d3?s=96&d=mm&r=g","caption":"Filippo Francesco Idone"},"url":"https:\/\/progettotouring.it\/radiotouring104\/author\/filippoidone\/"}]}},"jetpack_publicize_connections":[],"jetpack_featured_media_url":"https:\/\/progettotouring.it\/radiotouring104\/wp-content\/uploads\/sites\/6\/2023\/12\/presepe-orti.jpg","jetpack_sharing_enabled":true,"_links":{"self":[{"href":"https:\/\/progettotouring.it\/radiotouring104\/wp-json\/wp\/v2\/posts\/41768","targetHints":{"allow":["GET"]}}],"collection":[{"href":"https:\/\/progettotouring.it\/radiotouring104\/wp-json\/wp\/v2\/posts"}],"about":[{"href":"https:\/\/progettotouring.it\/radiotouring104\/wp-json\/wp\/v2\/types\/post"}],"author":[{"embeddable":true,"href":"https:\/\/progettotouring.it\/radiotouring104\/wp-json\/wp\/v2\/users\/8"}],"replies":[{"embeddable":true,"href":"https:\/\/progettotouring.it\/radiotouring104\/wp-json\/wp\/v2\/comments?post=41768"}],"version-history":[{"count":1,"href":"https:\/\/progettotouring.it\/radiotouring104\/wp-json\/wp\/v2\/posts\/41768\/revisions"}],"predecessor-version":[{"id":41770,"href":"https:\/\/progettotouring.it\/radiotouring104\/wp-json\/wp\/v2\/posts\/41768\/revisions\/41770"}],"wp:featuredmedia":[{"embeddable":true,"href":"https:\/\/progettotouring.it\/radiotouring104\/wp-json\/wp\/v2\/media\/41769"}],"wp:attachment":[{"href":"https:\/\/progettotouring.it\/radiotouring104\/wp-json\/wp\/v2\/media?parent=41768"}],"wp:term":[{"taxonomy":"category","embeddable":true,"href":"https:\/\/progettotouring.it\/radiotouring104\/wp-json\/wp\/v2\/categories?post=41768"},{"taxonomy":"post_tag","embeddable":true,"href":"https:\/\/progettotouring.it\/radiotouring104\/wp-json\/wp\/v2\/tags?post=41768"}],"curies":[{"name":"wp","href":"https:\/\/api.w.org\/{rel}","templated":true}]}}