{"id":41774,"date":"2023-12-29T17:33:51","date_gmt":"2023-12-29T16:33:51","guid":{"rendered":"https:\/\/progettotouring.it\/radiotouring104\/?p=41774"},"modified":"2023-12-29T17:33:51","modified_gmt":"2023-12-29T16:33:51","slug":"reggio-calabria-consegnati-gli-attestati-ai-nuovi-tecnici-turistici","status":"publish","type":"post","link":"https:\/\/progettotouring.it\/radiotouring104\/2023\/12\/29\/reggio-calabria-consegnati-gli-attestati-ai-nuovi-tecnici-turistici\/","title":{"rendered":"Reggio Calabria: consegnati gli attestati ai nuovi tecnici turistici"},"content":{"rendered":"<p style=\"text-align: justify\">Con la consegna degli attestati di formazione professionale si \u00e8 concluso, a Palazzo Alvaro, sede della Citt\u00e0 metropolitana di Reggio Calabria, il percorso per nove persone che hanno conseguito la qualifica di: Tecnico della gestione dell\u2019accoglienza ai passeggeri porti\/diporti e dell\u2019informazione e promozione dei servizio del porto turistico, porto passeggeri e del territorio locale. Il corso, organizzato dalla<strong> Citt\u00e0 metropolitana, settore Formazione professionale,<\/strong> \u00e8 stato gestito dall\u2019ente di formazione professionale Aulinas di Bagnara Calabra con il supporto della Lega Navale sezione di <strong>Reggio<\/strong> <strong>Calabria<\/strong> nella persona dell\u2019architetto Sandro Dattilo ed il sig. Rosario Ventura. Alla consegna degli attestati hanno preso parte, il vicesindaco metropolitano <strong>Carmelo<\/strong> <strong>Versace<\/strong>, il consigliere delegato <strong>Domenico<\/strong> <strong>Mantegna<\/strong> e il dirigente del settore <strong>Fortunato<\/strong> <strong>Battaglia<\/strong>.<\/p>\n<p><em>\u201cIl percorso formativo, della durata di <strong>600 ore,<\/strong> ha portato alla nascita di una nuova figura che mancava nella nostra area metropolitana e che, grazie ai nuovi progetti di riqualificazione dell\u2019area portuale, potr\u00e0 trovare presto un luogo in cui operare. Un plauso al settore 5 Formazione professionale della Citt\u00e0 metropolitana di Reggio Calabria che continua a spingere sempre di pi\u00f9 sui corsi, consentendo un accesso al mondo del lavoro a tutti coloro che, dopo un periodo di formazione, conseguono un attestato spendibile su tutto il territorio Europeo\u201d<\/em>. Cos\u00ec il vicesindaco metropolitano <strong>Carmelo Versace.<\/strong><\/p>\n<p>Per il consigliere metropolitano delegato, <strong>Domenico Mantegna<\/strong> \u201c<em>Il nostro territorio metropolitano ha una naturale vocazione alle attivit\u00e0 legate al mare, ecco perch\u00e9\u00a0riteniamo di incentivare ulteriormente questi corsi che puntano ad offrire servizi di qualit\u00e0 per i servizi portuali, diportisti, ed in futuro, ci auguriamo al settore della crocieristica. Siamo davvero soddisfatti per il percorso appena concluso per questi nove professionisti che avranno una qualifica specifica. Non ci fermeremo qui &#8211; ha aggiunto Mantegna &#8211; perch\u00e9 riteniamo che questa formazione possa proseguire, offrendo maggiori occasioni di inserimento lavorativo, sfruttando proprio le potenzialit\u00e0 del nostro mare\u201d.<\/em><\/p>\n<div><\/div>\n","protected":false},"excerpt":{"rendered":"<p>Con la consegna degli attestati di formazione professionale si \u00e8 concluso, a Palazzo Alvaro, sede della Citt\u00e0 metropolitana di Reggio Calabria, il percorso per nove persone che hanno conseguito la&hellip;<\/p>\n","protected":false},"author":8,"featured_media":41775,"comment_status":"closed","ping_status":"open","sticky":false,"template":"","format":"standard","meta":{"_jetpack_memberships_contains_paid_content":false,"footnotes":"","jetpack_publicize_message":"","jetpack_publicize_feature_enabled":true,"jetpack_social_post_already_shared":false,"jetpack_social_options":{"image_generator_settings":{"template":"highway","default_image_id":0,"font":"","enabled":false},"version":2}},"categories":[921,196,140],"tags":[4242,20269,11231,236,765],"class_list":["post-41774","post","type-post","status-publish","format-standard","has-post-thumbnail","hentry","category-home","category-news","category-reggio-calabria","tag-battaglia","tag-cittametropolitana","tag-mantegna","tag-reggio-calabria","tag-versace"],"yoast_head":"<!-- This site is optimized with the Yoast SEO plugin v27.2 - https:\/\/yoast.com\/product\/yoast-seo-wordpress\/ -->\n<title>Reggio Calabria: consegnati gli attestati ai nuovi tecnici turistici - Radio Touring 104<\/title>\n<meta name=\"description\" content=\"Consegnati a Palazzo Alvaro gli attestati ai nuovi tecnici della gestione dell\u2019accoglienza ai passeggeri porti\/diporti\" \/>\n<meta name=\"robots\" content=\"index, follow, max-snippet:-1, max-image-preview:large, max-video-preview:-1\" \/>\n<link rel=\"canonical\" href=\"https:\/\/progettotouring.it\/radiotouring104\/2023\/12\/29\/reggio-calabria-consegnati-gli-attestati-ai-nuovi-tecnici-turistici\/\" \/>\n<meta property=\"og:locale\" content=\"it_IT\" \/>\n<meta property=\"og:type\" content=\"article\" \/>\n<meta property=\"og:title\" content=\"Reggio Calabria: consegnati gli attestati ai nuovi tecnici turistici - Radio Touring 104\" \/>\n<meta property=\"og:description\" content=\"Consegnati a Palazzo Alvaro gli attestati ai nuovi tecnici della gestione dell\u2019accoglienza ai passeggeri porti\/diporti\" \/>\n<meta property=\"og:url\" content=\"https:\/\/progettotouring.it\/radiotouring104\/2023\/12\/29\/reggio-calabria-consegnati-gli-attestati-ai-nuovi-tecnici-turistici\/\" \/>\n<meta property=\"og:site_name\" content=\"Radio Touring 104\" \/>\n<meta property=\"article:published_time\" content=\"2023-12-29T16:33:51+00:00\" \/>\n<meta property=\"og:image\" content=\"https:\/\/progettotouring.it\/radiotouring104\/wp-content\/uploads\/sites\/6\/2023\/12\/corso-formazione-1.jpeg\" \/>\n\t<meta property=\"og:image:width\" content=\"1024\" \/>\n\t<meta property=\"og:image:height\" content=\"768\" \/>\n\t<meta property=\"og:image:type\" content=\"image\/jpeg\" \/>\n<meta name=\"author\" content=\"Filippo Francesco Idone\" \/>\n<meta name=\"twitter:card\" content=\"summary_large_image\" \/>\n<meta name=\"twitter:label1\" content=\"Scritto da\" \/>\n\t<meta name=\"twitter:data1\" content=\"Filippo Francesco Idone\" \/>\n\t<meta name=\"twitter:label2\" content=\"Tempo di lettura stimato\" \/>\n\t<meta name=\"twitter:data2\" content=\"2 minuti\" \/>\n<script type=\"application\/ld+json\" class=\"yoast-schema-graph\">{\"@context\":\"https:\/\/schema.org\",\"@graph\":[{\"@type\":\"Article\",\"@id\":\"https:\/\/progettotouring.it\/radiotouring104\/2023\/12\/29\/reggio-calabria-consegnati-gli-attestati-ai-nuovi-tecnici-turistici\/#article\",\"isPartOf\":{\"@id\":\"https:\/\/progettotouring.it\/radiotouring104\/2023\/12\/29\/reggio-calabria-consegnati-gli-attestati-ai-nuovi-tecnici-turistici\/\"},\"author\":{\"name\":\"Filippo Francesco Idone\",\"@id\":\"https:\/\/progettotouring.it\/radiotouring104\/#\/schema\/person\/4a82259ca52ac8702ad1a8f9e5a3120b\"},\"headline\":\"Reggio Calabria: consegnati gli attestati ai nuovi tecnici turistici\",\"datePublished\":\"2023-12-29T16:33:51+00:00\",\"mainEntityOfPage\":{\"@id\":\"https:\/\/progettotouring.it\/radiotouring104\/2023\/12\/29\/reggio-calabria-consegnati-gli-attestati-ai-nuovi-tecnici-turistici\/\"},\"wordCount\":317,\"publisher\":{\"@id\":\"https:\/\/progettotouring.it\/radiotouring104\/#organization\"},\"image\":{\"@id\":\"https:\/\/progettotouring.it\/radiotouring104\/2023\/12\/29\/reggio-calabria-consegnati-gli-attestati-ai-nuovi-tecnici-turistici\/#primaryimage\"},\"thumbnailUrl\":\"https:\/\/progettotouring.it\/radiotouring104\/wp-content\/uploads\/sites\/6\/2023\/12\/corso-formazione-1.jpeg\",\"keywords\":[\"Battaglia\",\"citt\u00e0Metropolitana\",\"mantegna\",\"reggio calabria\",\"versace\"],\"articleSection\":[\"Home\",\"News\",\"Reggio Calabria\"],\"inLanguage\":\"it-IT\"},{\"@type\":\"WebPage\",\"@id\":\"https:\/\/progettotouring.it\/radiotouring104\/2023\/12\/29\/reggio-calabria-consegnati-gli-attestati-ai-nuovi-tecnici-turistici\/\",\"url\":\"https:\/\/progettotouring.it\/radiotouring104\/2023\/12\/29\/reggio-calabria-consegnati-gli-attestati-ai-nuovi-tecnici-turistici\/\",\"name\":\"Reggio Calabria: consegnati gli attestati ai nuovi tecnici turistici - Radio Touring 104\",\"isPartOf\":{\"@id\":\"https:\/\/progettotouring.it\/radiotouring104\/#website\"},\"primaryImageOfPage\":{\"@id\":\"https:\/\/progettotouring.it\/radiotouring104\/2023\/12\/29\/reggio-calabria-consegnati-gli-attestati-ai-nuovi-tecnici-turistici\/#primaryimage\"},\"image\":{\"@id\":\"https:\/\/progettotouring.it\/radiotouring104\/2023\/12\/29\/reggio-calabria-consegnati-gli-attestati-ai-nuovi-tecnici-turistici\/#primaryimage\"},\"thumbnailUrl\":\"https:\/\/progettotouring.it\/radiotouring104\/wp-content\/uploads\/sites\/6\/2023\/12\/corso-formazione-1.jpeg\",\"datePublished\":\"2023-12-29T16:33:51+00:00\",\"description\":\"Consegnati a Palazzo Alvaro gli attestati ai nuovi tecnici della gestione dell\u2019accoglienza ai passeggeri porti\/diporti\",\"breadcrumb\":{\"@id\":\"https:\/\/progettotouring.it\/radiotouring104\/2023\/12\/29\/reggio-calabria-consegnati-gli-attestati-ai-nuovi-tecnici-turistici\/#breadcrumb\"},\"inLanguage\":\"it-IT\",\"potentialAction\":[{\"@type\":\"ReadAction\",\"target\":[\"https:\/\/progettotouring.it\/radiotouring104\/2023\/12\/29\/reggio-calabria-consegnati-gli-attestati-ai-nuovi-tecnici-turistici\/\"]}]},{\"@type\":\"ImageObject\",\"inLanguage\":\"it-IT\",\"@id\":\"https:\/\/progettotouring.it\/radiotouring104\/2023\/12\/29\/reggio-calabria-consegnati-gli-attestati-ai-nuovi-tecnici-turistici\/#primaryimage\",\"url\":\"https:\/\/progettotouring.it\/radiotouring104\/wp-content\/uploads\/sites\/6\/2023\/12\/corso-formazione-1.jpeg\",\"contentUrl\":\"https:\/\/progettotouring.it\/radiotouring104\/wp-content\/uploads\/sites\/6\/2023\/12\/corso-formazione-1.jpeg\",\"width\":1024,\"height\":768},{\"@type\":\"BreadcrumbList\",\"@id\":\"https:\/\/progettotouring.it\/radiotouring104\/2023\/12\/29\/reggio-calabria-consegnati-gli-attestati-ai-nuovi-tecnici-turistici\/#breadcrumb\",\"itemListElement\":[{\"@type\":\"ListItem\",\"position\":1,\"name\":\"Home\",\"item\":\"https:\/\/progettotouring.it\/radiotouring104\/\"},{\"@type\":\"ListItem\",\"position\":2,\"name\":\"Reggio Calabria: consegnati gli attestati ai nuovi tecnici turistici\"}]},{\"@type\":\"WebSite\",\"@id\":\"https:\/\/progettotouring.it\/radiotouring104\/#website\",\"url\":\"https:\/\/progettotouring.it\/radiotouring104\/\",\"name\":\"Radio Touring 104\",\"description\":\"La prima radio Reggina\",\"publisher\":{\"@id\":\"https:\/\/progettotouring.it\/radiotouring104\/#organization\"},\"potentialAction\":[{\"@type\":\"SearchAction\",\"target\":{\"@type\":\"EntryPoint\",\"urlTemplate\":\"https:\/\/progettotouring.it\/radiotouring104\/?s={search_term_string}\"},\"query-input\":{\"@type\":\"PropertyValueSpecification\",\"valueRequired\":true,\"valueName\":\"search_term_string\"}}],\"inLanguage\":\"it-IT\"},{\"@type\":\"Organization\",\"@id\":\"https:\/\/progettotouring.it\/radiotouring104\/#organization\",\"name\":\"Radio Touring 104\",\"url\":\"https:\/\/progettotouring.it\/radiotouring104\/\",\"logo\":{\"@type\":\"ImageObject\",\"inLanguage\":\"it-IT\",\"@id\":\"https:\/\/progettotouring.it\/radiotouring104\/#\/schema\/logo\/image\/\",\"url\":\"https:\/\/progettotouring.it\/radiotouring104\/wp-content\/uploads\/sites\/6\/2022\/02\/cropped-logo-radio-touring-104.png\",\"contentUrl\":\"https:\/\/progettotouring.it\/radiotouring104\/wp-content\/uploads\/sites\/6\/2022\/02\/cropped-logo-radio-touring-104.png\",\"width\":377,\"height\":182,\"caption\":\"Radio Touring 104\"},\"image\":{\"@id\":\"https:\/\/progettotouring.it\/radiotouring104\/#\/schema\/logo\/image\/\"}},{\"@type\":\"Person\",\"@id\":\"https:\/\/progettotouring.it\/radiotouring104\/#\/schema\/person\/4a82259ca52ac8702ad1a8f9e5a3120b\",\"name\":\"Filippo Francesco Idone\",\"image\":{\"@type\":\"ImageObject\",\"inLanguage\":\"it-IT\",\"@id\":\"https:\/\/secure.gravatar.com\/avatar\/7268715d2366395c3dd314385670e6484117d44f5c442e61e230f7008b7b62d3?s=96&d=mm&r=g\",\"url\":\"https:\/\/secure.gravatar.com\/avatar\/7268715d2366395c3dd314385670e6484117d44f5c442e61e230f7008b7b62d3?s=96&d=mm&r=g\",\"contentUrl\":\"https:\/\/secure.gravatar.com\/avatar\/7268715d2366395c3dd314385670e6484117d44f5c442e61e230f7008b7b62d3?s=96&d=mm&r=g\",\"caption\":\"Filippo Francesco Idone\"},\"url\":\"https:\/\/progettotouring.it\/radiotouring104\/author\/filippoidone\/\"}]}<\/script>\n<!-- \/ Yoast SEO plugin. -->","yoast_head_json":{"title":"Reggio Calabria: consegnati gli attestati ai nuovi tecnici turistici - Radio Touring 104","description":"Consegnati a Palazzo Alvaro gli attestati ai nuovi tecnici della gestione dell\u2019accoglienza ai passeggeri porti\/diporti","robots":{"index":"index","follow":"follow","max-snippet":"max-snippet:-1","max-image-preview":"max-image-preview:large","max-video-preview":"max-video-preview:-1"},"canonical":"https:\/\/progettotouring.it\/radiotouring104\/2023\/12\/29\/reggio-calabria-consegnati-gli-attestati-ai-nuovi-tecnici-turistici\/","og_locale":"it_IT","og_type":"article","og_title":"Reggio Calabria: consegnati gli attestati ai nuovi tecnici turistici - Radio Touring 104","og_description":"Consegnati a Palazzo Alvaro gli attestati ai nuovi tecnici della gestione dell\u2019accoglienza ai passeggeri porti\/diporti","og_url":"https:\/\/progettotouring.it\/radiotouring104\/2023\/12\/29\/reggio-calabria-consegnati-gli-attestati-ai-nuovi-tecnici-turistici\/","og_site_name":"Radio Touring 104","article_published_time":"2023-12-29T16:33:51+00:00","og_image":[{"width":1024,"height":768,"url":"https:\/\/progettotouring.it\/radiotouring104\/wp-content\/uploads\/sites\/6\/2023\/12\/corso-formazione-1.jpeg","type":"image\/jpeg"}],"author":"Filippo Francesco Idone","twitter_card":"summary_large_image","twitter_misc":{"Scritto da":"Filippo Francesco Idone","Tempo di lettura stimato":"2 minuti"},"schema":{"@context":"https:\/\/schema.org","@graph":[{"@type":"Article","@id":"https:\/\/progettotouring.it\/radiotouring104\/2023\/12\/29\/reggio-calabria-consegnati-gli-attestati-ai-nuovi-tecnici-turistici\/#article","isPartOf":{"@id":"https:\/\/progettotouring.it\/radiotouring104\/2023\/12\/29\/reggio-calabria-consegnati-gli-attestati-ai-nuovi-tecnici-turistici\/"},"author":{"name":"Filippo Francesco Idone","@id":"https:\/\/progettotouring.it\/radiotouring104\/#\/schema\/person\/4a82259ca52ac8702ad1a8f9e5a3120b"},"headline":"Reggio Calabria: consegnati gli attestati ai nuovi tecnici turistici","datePublished":"2023-12-29T16:33:51+00:00","mainEntityOfPage":{"@id":"https:\/\/progettotouring.it\/radiotouring104\/2023\/12\/29\/reggio-calabria-consegnati-gli-attestati-ai-nuovi-tecnici-turistici\/"},"wordCount":317,"publisher":{"@id":"https:\/\/progettotouring.it\/radiotouring104\/#organization"},"image":{"@id":"https:\/\/progettotouring.it\/radiotouring104\/2023\/12\/29\/reggio-calabria-consegnati-gli-attestati-ai-nuovi-tecnici-turistici\/#primaryimage"},"thumbnailUrl":"https:\/\/progettotouring.it\/radiotouring104\/wp-content\/uploads\/sites\/6\/2023\/12\/corso-formazione-1.jpeg","keywords":["Battaglia","citt\u00e0Metropolitana","mantegna","reggio calabria","versace"],"articleSection":["Home","News","Reggio Calabria"],"inLanguage":"it-IT"},{"@type":"WebPage","@id":"https:\/\/progettotouring.it\/radiotouring104\/2023\/12\/29\/reggio-calabria-consegnati-gli-attestati-ai-nuovi-tecnici-turistici\/","url":"https:\/\/progettotouring.it\/radiotouring104\/2023\/12\/29\/reggio-calabria-consegnati-gli-attestati-ai-nuovi-tecnici-turistici\/","name":"Reggio Calabria: consegnati gli attestati ai nuovi tecnici turistici - Radio Touring 104","isPartOf":{"@id":"https:\/\/progettotouring.it\/radiotouring104\/#website"},"primaryImageOfPage":{"@id":"https:\/\/progettotouring.it\/radiotouring104\/2023\/12\/29\/reggio-calabria-consegnati-gli-attestati-ai-nuovi-tecnici-turistici\/#primaryimage"},"image":{"@id":"https:\/\/progettotouring.it\/radiotouring104\/2023\/12\/29\/reggio-calabria-consegnati-gli-attestati-ai-nuovi-tecnici-turistici\/#primaryimage"},"thumbnailUrl":"https:\/\/progettotouring.it\/radiotouring104\/wp-content\/uploads\/sites\/6\/2023\/12\/corso-formazione-1.jpeg","datePublished":"2023-12-29T16:33:51+00:00","description":"Consegnati a Palazzo Alvaro gli attestati ai nuovi tecnici della gestione dell\u2019accoglienza ai passeggeri porti\/diporti","breadcrumb":{"@id":"https:\/\/progettotouring.it\/radiotouring104\/2023\/12\/29\/reggio-calabria-consegnati-gli-attestati-ai-nuovi-tecnici-turistici\/#breadcrumb"},"inLanguage":"it-IT","potentialAction":[{"@type":"ReadAction","target":["https:\/\/progettotouring.it\/radiotouring104\/2023\/12\/29\/reggio-calabria-consegnati-gli-attestati-ai-nuovi-tecnici-turistici\/"]}]},{"@type":"ImageObject","inLanguage":"it-IT","@id":"https:\/\/progettotouring.it\/radiotouring104\/2023\/12\/29\/reggio-calabria-consegnati-gli-attestati-ai-nuovi-tecnici-turistici\/#primaryimage","url":"https:\/\/progettotouring.it\/radiotouring104\/wp-content\/uploads\/sites\/6\/2023\/12\/corso-formazione-1.jpeg","contentUrl":"https:\/\/progettotouring.it\/radiotouring104\/wp-content\/uploads\/sites\/6\/2023\/12\/corso-formazione-1.jpeg","width":1024,"height":768},{"@type":"BreadcrumbList","@id":"https:\/\/progettotouring.it\/radiotouring104\/2023\/12\/29\/reggio-calabria-consegnati-gli-attestati-ai-nuovi-tecnici-turistici\/#breadcrumb","itemListElement":[{"@type":"ListItem","position":1,"name":"Home","item":"https:\/\/progettotouring.it\/radiotouring104\/"},{"@type":"ListItem","position":2,"name":"Reggio Calabria: consegnati gli attestati ai nuovi tecnici turistici"}]},{"@type":"WebSite","@id":"https:\/\/progettotouring.it\/radiotouring104\/#website","url":"https:\/\/progettotouring.it\/radiotouring104\/","name":"Radio Touring 104","description":"La prima radio Reggina","publisher":{"@id":"https:\/\/progettotouring.it\/radiotouring104\/#organization"},"potentialAction":[{"@type":"SearchAction","target":{"@type":"EntryPoint","urlTemplate":"https:\/\/progettotouring.it\/radiotouring104\/?s={search_term_string}"},"query-input":{"@type":"PropertyValueSpecification","valueRequired":true,"valueName":"search_term_string"}}],"inLanguage":"it-IT"},{"@type":"Organization","@id":"https:\/\/progettotouring.it\/radiotouring104\/#organization","name":"Radio Touring 104","url":"https:\/\/progettotouring.it\/radiotouring104\/","logo":{"@type":"ImageObject","inLanguage":"it-IT","@id":"https:\/\/progettotouring.it\/radiotouring104\/#\/schema\/logo\/image\/","url":"https:\/\/progettotouring.it\/radiotouring104\/wp-content\/uploads\/sites\/6\/2022\/02\/cropped-logo-radio-touring-104.png","contentUrl":"https:\/\/progettotouring.it\/radiotouring104\/wp-content\/uploads\/sites\/6\/2022\/02\/cropped-logo-radio-touring-104.png","width":377,"height":182,"caption":"Radio Touring 104"},"image":{"@id":"https:\/\/progettotouring.it\/radiotouring104\/#\/schema\/logo\/image\/"}},{"@type":"Person","@id":"https:\/\/progettotouring.it\/radiotouring104\/#\/schema\/person\/4a82259ca52ac8702ad1a8f9e5a3120b","name":"Filippo Francesco Idone","image":{"@type":"ImageObject","inLanguage":"it-IT","@id":"https:\/\/secure.gravatar.com\/avatar\/7268715d2366395c3dd314385670e6484117d44f5c442e61e230f7008b7b62d3?s=96&d=mm&r=g","url":"https:\/\/secure.gravatar.com\/avatar\/7268715d2366395c3dd314385670e6484117d44f5c442e61e230f7008b7b62d3?s=96&d=mm&r=g","contentUrl":"https:\/\/secure.gravatar.com\/avatar\/7268715d2366395c3dd314385670e6484117d44f5c442e61e230f7008b7b62d3?s=96&d=mm&r=g","caption":"Filippo Francesco Idone"},"url":"https:\/\/progettotouring.it\/radiotouring104\/author\/filippoidone\/"}]}},"jetpack_publicize_connections":[],"jetpack_featured_media_url":"https:\/\/progettotouring.it\/radiotouring104\/wp-content\/uploads\/sites\/6\/2023\/12\/corso-formazione-1.jpeg","jetpack_sharing_enabled":true,"_links":{"self":[{"href":"https:\/\/progettotouring.it\/radiotouring104\/wp-json\/wp\/v2\/posts\/41774","targetHints":{"allow":["GET"]}}],"collection":[{"href":"https:\/\/progettotouring.it\/radiotouring104\/wp-json\/wp\/v2\/posts"}],"about":[{"href":"https:\/\/progettotouring.it\/radiotouring104\/wp-json\/wp\/v2\/types\/post"}],"author":[{"embeddable":true,"href":"https:\/\/progettotouring.it\/radiotouring104\/wp-json\/wp\/v2\/users\/8"}],"replies":[{"embeddable":true,"href":"https:\/\/progettotouring.it\/radiotouring104\/wp-json\/wp\/v2\/comments?post=41774"}],"version-history":[{"count":1,"href":"https:\/\/progettotouring.it\/radiotouring104\/wp-json\/wp\/v2\/posts\/41774\/revisions"}],"predecessor-version":[{"id":41776,"href":"https:\/\/progettotouring.it\/radiotouring104\/wp-json\/wp\/v2\/posts\/41774\/revisions\/41776"}],"wp:featuredmedia":[{"embeddable":true,"href":"https:\/\/progettotouring.it\/radiotouring104\/wp-json\/wp\/v2\/media\/41775"}],"wp:attachment":[{"href":"https:\/\/progettotouring.it\/radiotouring104\/wp-json\/wp\/v2\/media?parent=41774"}],"wp:term":[{"taxonomy":"category","embeddable":true,"href":"https:\/\/progettotouring.it\/radiotouring104\/wp-json\/wp\/v2\/categories?post=41774"},{"taxonomy":"post_tag","embeddable":true,"href":"https:\/\/progettotouring.it\/radiotouring104\/wp-json\/wp\/v2\/tags?post=41774"}],"curies":[{"name":"wp","href":"https:\/\/api.w.org\/{rel}","templated":true}]}}