{"id":41781,"date":"2023-12-29T17:47:06","date_gmt":"2023-12-29T16:47:06","guid":{"rendered":"https:\/\/progettotouring.it\/radiotouring104\/?p=41781"},"modified":"2023-12-29T17:47:06","modified_gmt":"2023-12-29T16:47:06","slug":"reggio-calabria-falcomata-abbiamo-attraversato-il-deserto-ma-ci-abbiamo-sempre-creduto","status":"publish","type":"post","link":"https:\/\/progettotouring.it\/radiotouring104\/2023\/12\/29\/reggio-calabria-falcomata-abbiamo-attraversato-il-deserto-ma-ci-abbiamo-sempre-creduto\/","title":{"rendered":"Reggio Calabria, Falcomat\u00e0: &#8220;Abbiamo attraversato il deserto, ma ci abbiamo sempre creduto&#8221;"},"content":{"rendered":"<p style=\"text-align: justify\">I 130 vincitori dei Concorsi pubblici messi a bando dall\u2019amministrazione comunale, nell\u2019Auditorium \u201c<strong>Gianni<\/strong> <strong>Versace<\/strong>\u201d del Centro direzionale, hanno firmato il proprio contratto di assunzione in servizio. Si chiude, cos\u00ec, la prima fase della stagione delle selezioni pubbliche promossa dalla giunta del sindaco Giuseppe Falcomat\u00e0, presente, insieme a numerosi membri dell\u2019esecutivo, al presidente del consiglio, Enzo Marra, al direttore generale, Demetrio Barreca, e ai dirigenti dei vari settori, per complimentarsi con i neo dipendenti di Palazzo San Giorgio.<\/p>\n<p><em><strong>&#8220;Era un momento atteso da 24 anni<\/strong> &#8211;<\/em> ha detto Falcomat\u00e0 <em>&#8211; ovvero, dai tempi dell\u2019ultimo concorso pubblico indetto dal Comune di <strong>Reggio Calabria.<\/strong> la grande famiglia del <strong>Comune di Reggio Calabria<\/strong> torna ad allargarsi, non solo numericamente in qualit\u00e0 e professionalit\u00e0. Queste firme significano molto perch\u00e9, in questi anni, abbiamo attraversato il deserto in una fase di contrazione del personale dovuta al turn-over ed al blocco delle assunzioni a causa del piano in equilibrio&#8221;.<\/em><\/p>\n<p><em>&#8220;Non ci siamo tirati indietro &#8211;<\/em> ha ricordato il primo cittadino <em>&#8211; come non lo abbiamo mai fatto, soprattutto, sulle questioni che hanno riguardato il lavoro. Nella nostra citt\u00e0 oggi si completa un piano assunzionale che porta nuova linfa al Comune di Reggio Calabria con 130 nuovi assunti&#8221;.<\/em><\/p>\n<p style=\"text-align: justify\"><em>&#8220;A proposito di concorsi pubblici <\/em>&#8211; ha ricordato il sindaco &#8211;<em><strong> quando ci siamo insediati, avevo dichiarato che questa doveva tornare<\/strong> ad essere la citt\u00e0 nella quale si va avanti non perch\u00e9 si conosce qualcuno, ma perch\u00e9 si conosce qualcosa. Questi concorsi ne sono la dimostrazione. I nuovi assunti non devono ringraziare nessuno, se non loro stessi, perch\u00e9 questo traguardo \u00e8 frutto soltanto di impegno, lavoro, sacrificio&#8221;. &#8220;Sono contento<\/em> &#8211; ha affermato ancora &#8211; <em>perch\u00e9, fra queste persone, magari ci sono anche tanti ragazzi che pensavano non ne valesse pi\u00f9 la pena di tentare o di continuare a studiare. Quindi, a loro do il benvenuto in questa che \u00e8 una famiglia allargata che cresce non soltanto nei numeri, ma anche nella qualit\u00e0 e nella professionalit\u00e0&#8221;.<\/em><\/p>\n<p style=\"text-align: justify\"><em>&#8220;La graduatoria, per legge <\/em>&#8211; ha concluso il sindaco Giuseppe Falcomat\u00e0 &#8211;<em><strong> rimane aperta e, con il nuovo piano assunzionale,<\/strong> scorrer\u00e0 inglobando anche coloro i quali sono risultati idonei nelle varie selezioni. Un ringraziamento particolare, in questa giornata cos\u00ec importante, lo rivolgo all\u2019assessore al Personale, Francesco Gangemi, al vicesindaco Paolo Brunetti, ai dirigenti ed al direttore generale, <strong>Demetrio Barreca<\/strong>, che, con determinazione e dedizione, hanno perseguito un obiettivo che \u00e8, probabilmente, la migliore risposta a quanti sostenevano che non ce l\u2019avremmo mai fatta&#8221;.<\/em><\/p>\n","protected":false},"excerpt":{"rendered":"<p>I 130 vincitori dei Concorsi pubblici messi a bando dall\u2019amministrazione comunale, nell\u2019Auditorium \u201cGianni Versace\u201d del Centro direzionale, hanno firmato il proprio contratto di assunzione in servizio. Si chiude, cos\u00ec, la&hellip;<\/p>\n","protected":false},"author":8,"featured_media":41782,"comment_status":"closed","ping_status":"open","sticky":false,"template":"","format":"standard","meta":{"_jetpack_memberships_contains_paid_content":false,"footnotes":"","jetpack_publicize_message":"","jetpack_publicize_feature_enabled":true,"jetpack_social_post_already_shared":false,"jetpack_social_options":{"image_generator_settings":{"template":"highway","default_image_id":0,"font":"","enabled":false},"version":2}},"categories":[921,196,140],"tags":[660,1770,236],"class_list":["post-41781","post","type-post","status-publish","format-standard","has-post-thumbnail","hentry","category-home","category-news","category-reggio-calabria","tag-comune","tag-falcomata","tag-reggio-calabria"],"yoast_head":"<!-- This site is optimized with the Yoast SEO plugin v27.2 - https:\/\/yoast.com\/product\/yoast-seo-wordpress\/ -->\n<title>Reggio Calabria, Falcomat\u00e0: &quot;Abbiamo attraversato il deserto, ma ci abbiamo sempre creduto&quot; - Radio Touring 104<\/title>\n<meta name=\"description\" content=\"Il sindaco di Reggio Calabria ha parlato di fronte alla platea dei neo assunti al Comune. Conclusa la procedura concorsuale per il 2023\" \/>\n<meta name=\"robots\" content=\"index, follow, max-snippet:-1, max-image-preview:large, max-video-preview:-1\" \/>\n<link rel=\"canonical\" href=\"https:\/\/progettotouring.it\/radiotouring104\/2023\/12\/29\/reggio-calabria-falcomata-abbiamo-attraversato-il-deserto-ma-ci-abbiamo-sempre-creduto\/\" \/>\n<meta property=\"og:locale\" content=\"it_IT\" \/>\n<meta property=\"og:type\" content=\"article\" \/>\n<meta property=\"og:title\" content=\"Reggio Calabria, Falcomat\u00e0: &quot;Abbiamo attraversato il deserto, ma ci abbiamo sempre creduto&quot; - Radio Touring 104\" \/>\n<meta property=\"og:description\" content=\"Il sindaco di Reggio Calabria ha parlato di fronte alla platea dei neo assunti al Comune. Conclusa la procedura concorsuale per il 2023\" \/>\n<meta property=\"og:url\" content=\"https:\/\/progettotouring.it\/radiotouring104\/2023\/12\/29\/reggio-calabria-falcomata-abbiamo-attraversato-il-deserto-ma-ci-abbiamo-sempre-creduto\/\" \/>\n<meta property=\"og:site_name\" content=\"Radio Touring 104\" \/>\n<meta property=\"article:published_time\" content=\"2023-12-29T16:47:06+00:00\" \/>\n<meta property=\"og:image\" content=\"https:\/\/progettotouring.it\/radiotouring104\/wp-content\/uploads\/sites\/6\/2023\/12\/falcomata-3.jpeg\" \/>\n\t<meta property=\"og:image:width\" content=\"1599\" \/>\n\t<meta property=\"og:image:height\" content=\"899\" \/>\n\t<meta property=\"og:image:type\" content=\"image\/jpeg\" \/>\n<meta name=\"author\" content=\"Filippo Francesco Idone\" \/>\n<meta name=\"twitter:card\" content=\"summary_large_image\" \/>\n<meta name=\"twitter:label1\" content=\"Scritto da\" \/>\n\t<meta name=\"twitter:data1\" content=\"Filippo Francesco Idone\" \/>\n\t<meta name=\"twitter:label2\" content=\"Tempo di lettura stimato\" \/>\n\t<meta name=\"twitter:data2\" content=\"2 minuti\" \/>\n<script type=\"application\/ld+json\" class=\"yoast-schema-graph\">{\"@context\":\"https:\/\/schema.org\",\"@graph\":[{\"@type\":\"Article\",\"@id\":\"https:\/\/progettotouring.it\/radiotouring104\/2023\/12\/29\/reggio-calabria-falcomata-abbiamo-attraversato-il-deserto-ma-ci-abbiamo-sempre-creduto\/#article\",\"isPartOf\":{\"@id\":\"https:\/\/progettotouring.it\/radiotouring104\/2023\/12\/29\/reggio-calabria-falcomata-abbiamo-attraversato-il-deserto-ma-ci-abbiamo-sempre-creduto\/\"},\"author\":{\"name\":\"Filippo Francesco Idone\",\"@id\":\"https:\/\/progettotouring.it\/radiotouring104\/#\/schema\/person\/4a82259ca52ac8702ad1a8f9e5a3120b\"},\"headline\":\"Reggio Calabria, Falcomat\u00e0: &#8220;Abbiamo attraversato il deserto, ma ci abbiamo sempre creduto&#8221;\",\"datePublished\":\"2023-12-29T16:47:06+00:00\",\"mainEntityOfPage\":{\"@id\":\"https:\/\/progettotouring.it\/radiotouring104\/2023\/12\/29\/reggio-calabria-falcomata-abbiamo-attraversato-il-deserto-ma-ci-abbiamo-sempre-creduto\/\"},\"wordCount\":420,\"publisher\":{\"@id\":\"https:\/\/progettotouring.it\/radiotouring104\/#organization\"},\"image\":{\"@id\":\"https:\/\/progettotouring.it\/radiotouring104\/2023\/12\/29\/reggio-calabria-falcomata-abbiamo-attraversato-il-deserto-ma-ci-abbiamo-sempre-creduto\/#primaryimage\"},\"thumbnailUrl\":\"https:\/\/progettotouring.it\/radiotouring104\/wp-content\/uploads\/sites\/6\/2023\/12\/falcomata-3.jpeg\",\"keywords\":[\"comune\",\"Falcomat\u00e0\",\"reggio calabria\"],\"articleSection\":[\"Home\",\"News\",\"Reggio Calabria\"],\"inLanguage\":\"it-IT\"},{\"@type\":\"WebPage\",\"@id\":\"https:\/\/progettotouring.it\/radiotouring104\/2023\/12\/29\/reggio-calabria-falcomata-abbiamo-attraversato-il-deserto-ma-ci-abbiamo-sempre-creduto\/\",\"url\":\"https:\/\/progettotouring.it\/radiotouring104\/2023\/12\/29\/reggio-calabria-falcomata-abbiamo-attraversato-il-deserto-ma-ci-abbiamo-sempre-creduto\/\",\"name\":\"Reggio Calabria, Falcomat\u00e0: \\\"Abbiamo attraversato il deserto, ma ci abbiamo sempre creduto\\\" - Radio Touring 104\",\"isPartOf\":{\"@id\":\"https:\/\/progettotouring.it\/radiotouring104\/#website\"},\"primaryImageOfPage\":{\"@id\":\"https:\/\/progettotouring.it\/radiotouring104\/2023\/12\/29\/reggio-calabria-falcomata-abbiamo-attraversato-il-deserto-ma-ci-abbiamo-sempre-creduto\/#primaryimage\"},\"image\":{\"@id\":\"https:\/\/progettotouring.it\/radiotouring104\/2023\/12\/29\/reggio-calabria-falcomata-abbiamo-attraversato-il-deserto-ma-ci-abbiamo-sempre-creduto\/#primaryimage\"},\"thumbnailUrl\":\"https:\/\/progettotouring.it\/radiotouring104\/wp-content\/uploads\/sites\/6\/2023\/12\/falcomata-3.jpeg\",\"datePublished\":\"2023-12-29T16:47:06+00:00\",\"description\":\"Il sindaco di Reggio Calabria ha parlato di fronte alla platea dei neo assunti al Comune. Conclusa la procedura concorsuale per il 2023\",\"breadcrumb\":{\"@id\":\"https:\/\/progettotouring.it\/radiotouring104\/2023\/12\/29\/reggio-calabria-falcomata-abbiamo-attraversato-il-deserto-ma-ci-abbiamo-sempre-creduto\/#breadcrumb\"},\"inLanguage\":\"it-IT\",\"potentialAction\":[{\"@type\":\"ReadAction\",\"target\":[\"https:\/\/progettotouring.it\/radiotouring104\/2023\/12\/29\/reggio-calabria-falcomata-abbiamo-attraversato-il-deserto-ma-ci-abbiamo-sempre-creduto\/\"]}]},{\"@type\":\"ImageObject\",\"inLanguage\":\"it-IT\",\"@id\":\"https:\/\/progettotouring.it\/radiotouring104\/2023\/12\/29\/reggio-calabria-falcomata-abbiamo-attraversato-il-deserto-ma-ci-abbiamo-sempre-creduto\/#primaryimage\",\"url\":\"https:\/\/progettotouring.it\/radiotouring104\/wp-content\/uploads\/sites\/6\/2023\/12\/falcomata-3.jpeg\",\"contentUrl\":\"https:\/\/progettotouring.it\/radiotouring104\/wp-content\/uploads\/sites\/6\/2023\/12\/falcomata-3.jpeg\",\"width\":1599,\"height\":899},{\"@type\":\"BreadcrumbList\",\"@id\":\"https:\/\/progettotouring.it\/radiotouring104\/2023\/12\/29\/reggio-calabria-falcomata-abbiamo-attraversato-il-deserto-ma-ci-abbiamo-sempre-creduto\/#breadcrumb\",\"itemListElement\":[{\"@type\":\"ListItem\",\"position\":1,\"name\":\"Home\",\"item\":\"https:\/\/progettotouring.it\/radiotouring104\/\"},{\"@type\":\"ListItem\",\"position\":2,\"name\":\"Reggio Calabria, Falcomat\u00e0: &#8220;Abbiamo attraversato il deserto, ma ci abbiamo sempre creduto&#8221;\"}]},{\"@type\":\"WebSite\",\"@id\":\"https:\/\/progettotouring.it\/radiotouring104\/#website\",\"url\":\"https:\/\/progettotouring.it\/radiotouring104\/\",\"name\":\"Radio Touring 104\",\"description\":\"La prima radio Reggina\",\"publisher\":{\"@id\":\"https:\/\/progettotouring.it\/radiotouring104\/#organization\"},\"potentialAction\":[{\"@type\":\"SearchAction\",\"target\":{\"@type\":\"EntryPoint\",\"urlTemplate\":\"https:\/\/progettotouring.it\/radiotouring104\/?s={search_term_string}\"},\"query-input\":{\"@type\":\"PropertyValueSpecification\",\"valueRequired\":true,\"valueName\":\"search_term_string\"}}],\"inLanguage\":\"it-IT\"},{\"@type\":\"Organization\",\"@id\":\"https:\/\/progettotouring.it\/radiotouring104\/#organization\",\"name\":\"Radio Touring 104\",\"url\":\"https:\/\/progettotouring.it\/radiotouring104\/\",\"logo\":{\"@type\":\"ImageObject\",\"inLanguage\":\"it-IT\",\"@id\":\"https:\/\/progettotouring.it\/radiotouring104\/#\/schema\/logo\/image\/\",\"url\":\"https:\/\/progettotouring.it\/radiotouring104\/wp-content\/uploads\/sites\/6\/2022\/02\/cropped-logo-radio-touring-104.png\",\"contentUrl\":\"https:\/\/progettotouring.it\/radiotouring104\/wp-content\/uploads\/sites\/6\/2022\/02\/cropped-logo-radio-touring-104.png\",\"width\":377,\"height\":182,\"caption\":\"Radio Touring 104\"},\"image\":{\"@id\":\"https:\/\/progettotouring.it\/radiotouring104\/#\/schema\/logo\/image\/\"}},{\"@type\":\"Person\",\"@id\":\"https:\/\/progettotouring.it\/radiotouring104\/#\/schema\/person\/4a82259ca52ac8702ad1a8f9e5a3120b\",\"name\":\"Filippo Francesco Idone\",\"image\":{\"@type\":\"ImageObject\",\"inLanguage\":\"it-IT\",\"@id\":\"https:\/\/secure.gravatar.com\/avatar\/7268715d2366395c3dd314385670e6484117d44f5c442e61e230f7008b7b62d3?s=96&d=mm&r=g\",\"url\":\"https:\/\/secure.gravatar.com\/avatar\/7268715d2366395c3dd314385670e6484117d44f5c442e61e230f7008b7b62d3?s=96&d=mm&r=g\",\"contentUrl\":\"https:\/\/secure.gravatar.com\/avatar\/7268715d2366395c3dd314385670e6484117d44f5c442e61e230f7008b7b62d3?s=96&d=mm&r=g\",\"caption\":\"Filippo Francesco Idone\"},\"url\":\"https:\/\/progettotouring.it\/radiotouring104\/author\/filippoidone\/\"}]}<\/script>\n<!-- \/ Yoast SEO plugin. -->","yoast_head_json":{"title":"Reggio Calabria, Falcomat\u00e0: \"Abbiamo attraversato il deserto, ma ci abbiamo sempre creduto\" - Radio Touring 104","description":"Il sindaco di Reggio Calabria ha parlato di fronte alla platea dei neo assunti al Comune. Conclusa la procedura concorsuale per il 2023","robots":{"index":"index","follow":"follow","max-snippet":"max-snippet:-1","max-image-preview":"max-image-preview:large","max-video-preview":"max-video-preview:-1"},"canonical":"https:\/\/progettotouring.it\/radiotouring104\/2023\/12\/29\/reggio-calabria-falcomata-abbiamo-attraversato-il-deserto-ma-ci-abbiamo-sempre-creduto\/","og_locale":"it_IT","og_type":"article","og_title":"Reggio Calabria, Falcomat\u00e0: \"Abbiamo attraversato il deserto, ma ci abbiamo sempre creduto\" - Radio Touring 104","og_description":"Il sindaco di Reggio Calabria ha parlato di fronte alla platea dei neo assunti al Comune. Conclusa la procedura concorsuale per il 2023","og_url":"https:\/\/progettotouring.it\/radiotouring104\/2023\/12\/29\/reggio-calabria-falcomata-abbiamo-attraversato-il-deserto-ma-ci-abbiamo-sempre-creduto\/","og_site_name":"Radio Touring 104","article_published_time":"2023-12-29T16:47:06+00:00","og_image":[{"width":1599,"height":899,"url":"https:\/\/progettotouring.it\/radiotouring104\/wp-content\/uploads\/sites\/6\/2023\/12\/falcomata-3.jpeg","type":"image\/jpeg"}],"author":"Filippo Francesco Idone","twitter_card":"summary_large_image","twitter_misc":{"Scritto da":"Filippo Francesco Idone","Tempo di lettura stimato":"2 minuti"},"schema":{"@context":"https:\/\/schema.org","@graph":[{"@type":"Article","@id":"https:\/\/progettotouring.it\/radiotouring104\/2023\/12\/29\/reggio-calabria-falcomata-abbiamo-attraversato-il-deserto-ma-ci-abbiamo-sempre-creduto\/#article","isPartOf":{"@id":"https:\/\/progettotouring.it\/radiotouring104\/2023\/12\/29\/reggio-calabria-falcomata-abbiamo-attraversato-il-deserto-ma-ci-abbiamo-sempre-creduto\/"},"author":{"name":"Filippo Francesco Idone","@id":"https:\/\/progettotouring.it\/radiotouring104\/#\/schema\/person\/4a82259ca52ac8702ad1a8f9e5a3120b"},"headline":"Reggio Calabria, Falcomat\u00e0: &#8220;Abbiamo attraversato il deserto, ma ci abbiamo sempre creduto&#8221;","datePublished":"2023-12-29T16:47:06+00:00","mainEntityOfPage":{"@id":"https:\/\/progettotouring.it\/radiotouring104\/2023\/12\/29\/reggio-calabria-falcomata-abbiamo-attraversato-il-deserto-ma-ci-abbiamo-sempre-creduto\/"},"wordCount":420,"publisher":{"@id":"https:\/\/progettotouring.it\/radiotouring104\/#organization"},"image":{"@id":"https:\/\/progettotouring.it\/radiotouring104\/2023\/12\/29\/reggio-calabria-falcomata-abbiamo-attraversato-il-deserto-ma-ci-abbiamo-sempre-creduto\/#primaryimage"},"thumbnailUrl":"https:\/\/progettotouring.it\/radiotouring104\/wp-content\/uploads\/sites\/6\/2023\/12\/falcomata-3.jpeg","keywords":["comune","Falcomat\u00e0","reggio calabria"],"articleSection":["Home","News","Reggio Calabria"],"inLanguage":"it-IT"},{"@type":"WebPage","@id":"https:\/\/progettotouring.it\/radiotouring104\/2023\/12\/29\/reggio-calabria-falcomata-abbiamo-attraversato-il-deserto-ma-ci-abbiamo-sempre-creduto\/","url":"https:\/\/progettotouring.it\/radiotouring104\/2023\/12\/29\/reggio-calabria-falcomata-abbiamo-attraversato-il-deserto-ma-ci-abbiamo-sempre-creduto\/","name":"Reggio Calabria, Falcomat\u00e0: \"Abbiamo attraversato il deserto, ma ci abbiamo sempre creduto\" - Radio Touring 104","isPartOf":{"@id":"https:\/\/progettotouring.it\/radiotouring104\/#website"},"primaryImageOfPage":{"@id":"https:\/\/progettotouring.it\/radiotouring104\/2023\/12\/29\/reggio-calabria-falcomata-abbiamo-attraversato-il-deserto-ma-ci-abbiamo-sempre-creduto\/#primaryimage"},"image":{"@id":"https:\/\/progettotouring.it\/radiotouring104\/2023\/12\/29\/reggio-calabria-falcomata-abbiamo-attraversato-il-deserto-ma-ci-abbiamo-sempre-creduto\/#primaryimage"},"thumbnailUrl":"https:\/\/progettotouring.it\/radiotouring104\/wp-content\/uploads\/sites\/6\/2023\/12\/falcomata-3.jpeg","datePublished":"2023-12-29T16:47:06+00:00","description":"Il sindaco di Reggio Calabria ha parlato di fronte alla platea dei neo assunti al Comune. Conclusa la procedura concorsuale per il 2023","breadcrumb":{"@id":"https:\/\/progettotouring.it\/radiotouring104\/2023\/12\/29\/reggio-calabria-falcomata-abbiamo-attraversato-il-deserto-ma-ci-abbiamo-sempre-creduto\/#breadcrumb"},"inLanguage":"it-IT","potentialAction":[{"@type":"ReadAction","target":["https:\/\/progettotouring.it\/radiotouring104\/2023\/12\/29\/reggio-calabria-falcomata-abbiamo-attraversato-il-deserto-ma-ci-abbiamo-sempre-creduto\/"]}]},{"@type":"ImageObject","inLanguage":"it-IT","@id":"https:\/\/progettotouring.it\/radiotouring104\/2023\/12\/29\/reggio-calabria-falcomata-abbiamo-attraversato-il-deserto-ma-ci-abbiamo-sempre-creduto\/#primaryimage","url":"https:\/\/progettotouring.it\/radiotouring104\/wp-content\/uploads\/sites\/6\/2023\/12\/falcomata-3.jpeg","contentUrl":"https:\/\/progettotouring.it\/radiotouring104\/wp-content\/uploads\/sites\/6\/2023\/12\/falcomata-3.jpeg","width":1599,"height":899},{"@type":"BreadcrumbList","@id":"https:\/\/progettotouring.it\/radiotouring104\/2023\/12\/29\/reggio-calabria-falcomata-abbiamo-attraversato-il-deserto-ma-ci-abbiamo-sempre-creduto\/#breadcrumb","itemListElement":[{"@type":"ListItem","position":1,"name":"Home","item":"https:\/\/progettotouring.it\/radiotouring104\/"},{"@type":"ListItem","position":2,"name":"Reggio Calabria, Falcomat\u00e0: &#8220;Abbiamo attraversato il deserto, ma ci abbiamo sempre creduto&#8221;"}]},{"@type":"WebSite","@id":"https:\/\/progettotouring.it\/radiotouring104\/#website","url":"https:\/\/progettotouring.it\/radiotouring104\/","name":"Radio Touring 104","description":"La prima radio Reggina","publisher":{"@id":"https:\/\/progettotouring.it\/radiotouring104\/#organization"},"potentialAction":[{"@type":"SearchAction","target":{"@type":"EntryPoint","urlTemplate":"https:\/\/progettotouring.it\/radiotouring104\/?s={search_term_string}"},"query-input":{"@type":"PropertyValueSpecification","valueRequired":true,"valueName":"search_term_string"}}],"inLanguage":"it-IT"},{"@type":"Organization","@id":"https:\/\/progettotouring.it\/radiotouring104\/#organization","name":"Radio Touring 104","url":"https:\/\/progettotouring.it\/radiotouring104\/","logo":{"@type":"ImageObject","inLanguage":"it-IT","@id":"https:\/\/progettotouring.it\/radiotouring104\/#\/schema\/logo\/image\/","url":"https:\/\/progettotouring.it\/radiotouring104\/wp-content\/uploads\/sites\/6\/2022\/02\/cropped-logo-radio-touring-104.png","contentUrl":"https:\/\/progettotouring.it\/radiotouring104\/wp-content\/uploads\/sites\/6\/2022\/02\/cropped-logo-radio-touring-104.png","width":377,"height":182,"caption":"Radio Touring 104"},"image":{"@id":"https:\/\/progettotouring.it\/radiotouring104\/#\/schema\/logo\/image\/"}},{"@type":"Person","@id":"https:\/\/progettotouring.it\/radiotouring104\/#\/schema\/person\/4a82259ca52ac8702ad1a8f9e5a3120b","name":"Filippo Francesco Idone","image":{"@type":"ImageObject","inLanguage":"it-IT","@id":"https:\/\/secure.gravatar.com\/avatar\/7268715d2366395c3dd314385670e6484117d44f5c442e61e230f7008b7b62d3?s=96&d=mm&r=g","url":"https:\/\/secure.gravatar.com\/avatar\/7268715d2366395c3dd314385670e6484117d44f5c442e61e230f7008b7b62d3?s=96&d=mm&r=g","contentUrl":"https:\/\/secure.gravatar.com\/avatar\/7268715d2366395c3dd314385670e6484117d44f5c442e61e230f7008b7b62d3?s=96&d=mm&r=g","caption":"Filippo Francesco Idone"},"url":"https:\/\/progettotouring.it\/radiotouring104\/author\/filippoidone\/"}]}},"jetpack_publicize_connections":[],"jetpack_featured_media_url":"https:\/\/progettotouring.it\/radiotouring104\/wp-content\/uploads\/sites\/6\/2023\/12\/falcomata-3.jpeg","jetpack_sharing_enabled":true,"_links":{"self":[{"href":"https:\/\/progettotouring.it\/radiotouring104\/wp-json\/wp\/v2\/posts\/41781","targetHints":{"allow":["GET"]}}],"collection":[{"href":"https:\/\/progettotouring.it\/radiotouring104\/wp-json\/wp\/v2\/posts"}],"about":[{"href":"https:\/\/progettotouring.it\/radiotouring104\/wp-json\/wp\/v2\/types\/post"}],"author":[{"embeddable":true,"href":"https:\/\/progettotouring.it\/radiotouring104\/wp-json\/wp\/v2\/users\/8"}],"replies":[{"embeddable":true,"href":"https:\/\/progettotouring.it\/radiotouring104\/wp-json\/wp\/v2\/comments?post=41781"}],"version-history":[{"count":1,"href":"https:\/\/progettotouring.it\/radiotouring104\/wp-json\/wp\/v2\/posts\/41781\/revisions"}],"predecessor-version":[{"id":41783,"href":"https:\/\/progettotouring.it\/radiotouring104\/wp-json\/wp\/v2\/posts\/41781\/revisions\/41783"}],"wp:featuredmedia":[{"embeddable":true,"href":"https:\/\/progettotouring.it\/radiotouring104\/wp-json\/wp\/v2\/media\/41782"}],"wp:attachment":[{"href":"https:\/\/progettotouring.it\/radiotouring104\/wp-json\/wp\/v2\/media?parent=41781"}],"wp:term":[{"taxonomy":"category","embeddable":true,"href":"https:\/\/progettotouring.it\/radiotouring104\/wp-json\/wp\/v2\/categories?post=41781"},{"taxonomy":"post_tag","embeddable":true,"href":"https:\/\/progettotouring.it\/radiotouring104\/wp-json\/wp\/v2\/tags?post=41781"}],"curies":[{"name":"wp","href":"https:\/\/api.w.org\/{rel}","templated":true}]}}