{"id":41786,"date":"2023-12-29T14:24:48","date_gmt":"2023-12-29T13:24:48","guid":{"rendered":"https:\/\/progettotouring.it\/radiotouring104\/?p=41786"},"modified":"2023-12-29T17:55:35","modified_gmt":"2023-12-29T16:55:35","slug":"calabria-marziale-soddisfatto-per-il-ritiro-della-proposta-di-legge-per-concedere-fucili-da-caccia-ai-sedicenni","status":"publish","type":"post","link":"https:\/\/progettotouring.it\/radiotouring104\/2023\/12\/29\/calabria-marziale-soddisfatto-per-il-ritiro-della-proposta-di-legge-per-concedere-fucili-da-caccia-ai-sedicenni\/","title":{"rendered":"Calabria: Marziale soddisfatto per il ritiro della proposta di legge per concedere fucili da caccia ai sedicenni"},"content":{"rendered":"<p class=\"xmprfx_MsoNormal\" style=\"text-align: justify\"><span class=\"xmprfx_ContentPasted2\">Plaudo all\u2019iniziativa del ministro Lollobrigida di far ritirare al senatore <strong>Amidei<\/strong> la proposta di legge che contemplava il permesso per il fucile da caccia ai sedicenni\u201d: \u00e8 quanto dichiara il sociologo <strong>Antonio Marziale, Garante per l\u2019Infanzia e l\u2019Adolescenza della Regione Calabria<\/strong>.\u00a0 <\/span><em><span class=\"xmprfx_ContentPasted2\">\u201cIn questo Paese, ogni tanto,\u00a0motu proprio, a qualcuno viene in mente di rubare due anni preziosi all\u2019adolescenza \u2013<\/span><\/em><span class=\"xmprfx_ContentPasted2\"> sottolinea Marziale \u2013<\/span><em><span class=\"xmprfx_ContentPasted2\"> vuoi per farli votare, vuoi per fargli avere la patente dell\u2019auto, ora mancava pure il permesso di caccia. Proposte che non tengono minimamente in considerazione quando delicata sia quell\u2019et\u00e0, sotto ogni profilo\u201d.\u00a0\u00a0<\/span><\/em><\/p>\n<p class=\"xmprfx_MsoNormal\" style=\"text-align: justify\"><span class=\"xmprfx_ContentPasted2\">Per il Garante: \u201c<em>L\u2019iniziativa del ministro Lollobrigida, al di la di ogni considerazione e comunque la si pensi, denota buonsenso e rispetto per i minorenni, per il diritto a vivere pienamente il loro tempo di maturazione e anche per la cultura di un Paese che ha ratificato la Convenzione Onu sui Diritti dell\u2019Infanzia e dell\u2019Adolescenza, che fissa il raggiungimento della maturit\u00e0 a 18 anni, non certo per un discorso cabalistico, ma perch\u00e9 \u00e8 il tempo minimo necessario ad assumere consapevolezza e responsabilit\u00e0\u201d.\u00a0\u00a0<\/em><\/span><\/p>\n","protected":false},"excerpt":{"rendered":"<p>Plaudo all\u2019iniziativa del ministro Lollobrigida di far ritirare al senatore Amidei la proposta di legge che contemplava il permesso per il fucile da caccia ai sedicenni\u201d: \u00e8 quanto dichiara il&hellip;<\/p>\n","protected":false},"author":8,"featured_media":17771,"comment_status":"closed","ping_status":"open","sticky":false,"template":"","format":"standard","meta":{"_jetpack_memberships_contains_paid_content":false,"footnotes":"","jetpack_publicize_message":"","jetpack_publicize_feature_enabled":true,"jetpack_social_post_already_shared":false,"jetpack_social_options":{"image_generator_settings":{"template":"highway","default_image_id":0,"font":"","enabled":false},"version":2}},"categories":[142,921,196],"tags":[25909,12777,219],"class_list":["post-41786","post","type-post","status-publish","format-standard","has-post-thumbnail","hentry","category-calabria","category-home","category-news","tag-garante-infanzia","tag-marziale","tag-regione-calabria"],"yoast_head":"<!-- This site is optimized with the Yoast SEO plugin v27.2 - https:\/\/yoast.com\/product\/yoast-seo-wordpress\/ -->\n<title>Calabria: Marziale soddisfatto per il ritiro della proposta di legge per concedere fucili da caccia ai sedicenni - Radio Touring 104<\/title>\n<meta name=\"description\" content=\"Antonio Marziale, Garante per l\u2019Infanzia e l\u2019Adolescenza della Regione Calabria, plaude l&#039;iniziativa del ministro Lollobrigida\" \/>\n<meta name=\"robots\" content=\"index, follow, max-snippet:-1, max-image-preview:large, max-video-preview:-1\" \/>\n<link rel=\"canonical\" href=\"https:\/\/progettotouring.it\/radiotouring104\/2023\/12\/29\/calabria-marziale-soddisfatto-per-il-ritiro-della-proposta-di-legge-per-concedere-fucili-da-caccia-ai-sedicenni\/\" \/>\n<meta property=\"og:locale\" content=\"it_IT\" \/>\n<meta property=\"og:type\" content=\"article\" \/>\n<meta property=\"og:title\" content=\"Calabria: Marziale soddisfatto per il ritiro della proposta di legge per concedere fucili da caccia ai sedicenni - Radio Touring 104\" \/>\n<meta property=\"og:description\" content=\"Antonio Marziale, Garante per l\u2019Infanzia e l\u2019Adolescenza della Regione Calabria, plaude l&#039;iniziativa del ministro Lollobrigida\" \/>\n<meta property=\"og:url\" content=\"https:\/\/progettotouring.it\/radiotouring104\/2023\/12\/29\/calabria-marziale-soddisfatto-per-il-ritiro-della-proposta-di-legge-per-concedere-fucili-da-caccia-ai-sedicenni\/\" \/>\n<meta property=\"og:site_name\" content=\"Radio Touring 104\" \/>\n<meta property=\"article:published_time\" content=\"2023-12-29T13:24:48+00:00\" \/>\n<meta property=\"article:modified_time\" content=\"2023-12-29T16:55:35+00:00\" \/>\n<meta property=\"og:image\" content=\"https:\/\/progettotouring.it\/radiotouring104\/wp-content\/uploads\/sites\/6\/2023\/01\/Marziale.jpg\" \/>\n\t<meta property=\"og:image:width\" content=\"640\" \/>\n\t<meta property=\"og:image:height\" content=\"640\" \/>\n\t<meta property=\"og:image:type\" content=\"image\/jpeg\" \/>\n<meta name=\"author\" content=\"Filippo Francesco Idone\" \/>\n<meta name=\"twitter:card\" content=\"summary_large_image\" \/>\n<meta name=\"twitter:label1\" content=\"Scritto da\" \/>\n\t<meta name=\"twitter:data1\" content=\"Filippo Francesco Idone\" \/>\n\t<meta name=\"twitter:label2\" content=\"Tempo di lettura stimato\" \/>\n\t<meta name=\"twitter:data2\" content=\"1 minuto\" \/>\n<script type=\"application\/ld+json\" class=\"yoast-schema-graph\">{\"@context\":\"https:\/\/schema.org\",\"@graph\":[{\"@type\":\"Article\",\"@id\":\"https:\/\/progettotouring.it\/radiotouring104\/2023\/12\/29\/calabria-marziale-soddisfatto-per-il-ritiro-della-proposta-di-legge-per-concedere-fucili-da-caccia-ai-sedicenni\/#article\",\"isPartOf\":{\"@id\":\"https:\/\/progettotouring.it\/radiotouring104\/2023\/12\/29\/calabria-marziale-soddisfatto-per-il-ritiro-della-proposta-di-legge-per-concedere-fucili-da-caccia-ai-sedicenni\/\"},\"author\":{\"name\":\"Filippo Francesco Idone\",\"@id\":\"https:\/\/progettotouring.it\/radiotouring104\/#\/schema\/person\/4a82259ca52ac8702ad1a8f9e5a3120b\"},\"headline\":\"Calabria: Marziale soddisfatto per il ritiro della proposta di legge per concedere fucili da caccia ai sedicenni\",\"datePublished\":\"2023-12-29T13:24:48+00:00\",\"dateModified\":\"2023-12-29T16:55:35+00:00\",\"mainEntityOfPage\":{\"@id\":\"https:\/\/progettotouring.it\/radiotouring104\/2023\/12\/29\/calabria-marziale-soddisfatto-per-il-ritiro-della-proposta-di-legge-per-concedere-fucili-da-caccia-ai-sedicenni\/\"},\"wordCount\":198,\"publisher\":{\"@id\":\"https:\/\/progettotouring.it\/radiotouring104\/#organization\"},\"image\":{\"@id\":\"https:\/\/progettotouring.it\/radiotouring104\/2023\/12\/29\/calabria-marziale-soddisfatto-per-il-ritiro-della-proposta-di-legge-per-concedere-fucili-da-caccia-ai-sedicenni\/#primaryimage\"},\"thumbnailUrl\":\"https:\/\/progettotouring.it\/radiotouring104\/wp-content\/uploads\/sites\/6\/2023\/01\/Marziale.jpg\",\"keywords\":[\"garante infanzia\",\"marziale\",\"regione calabria\"],\"articleSection\":[\"Calabria\",\"Home\",\"News\"],\"inLanguage\":\"it-IT\"},{\"@type\":\"WebPage\",\"@id\":\"https:\/\/progettotouring.it\/radiotouring104\/2023\/12\/29\/calabria-marziale-soddisfatto-per-il-ritiro-della-proposta-di-legge-per-concedere-fucili-da-caccia-ai-sedicenni\/\",\"url\":\"https:\/\/progettotouring.it\/radiotouring104\/2023\/12\/29\/calabria-marziale-soddisfatto-per-il-ritiro-della-proposta-di-legge-per-concedere-fucili-da-caccia-ai-sedicenni\/\",\"name\":\"Calabria: Marziale soddisfatto per il ritiro della proposta di legge per concedere fucili da caccia ai sedicenni - Radio Touring 104\",\"isPartOf\":{\"@id\":\"https:\/\/progettotouring.it\/radiotouring104\/#website\"},\"primaryImageOfPage\":{\"@id\":\"https:\/\/progettotouring.it\/radiotouring104\/2023\/12\/29\/calabria-marziale-soddisfatto-per-il-ritiro-della-proposta-di-legge-per-concedere-fucili-da-caccia-ai-sedicenni\/#primaryimage\"},\"image\":{\"@id\":\"https:\/\/progettotouring.it\/radiotouring104\/2023\/12\/29\/calabria-marziale-soddisfatto-per-il-ritiro-della-proposta-di-legge-per-concedere-fucili-da-caccia-ai-sedicenni\/#primaryimage\"},\"thumbnailUrl\":\"https:\/\/progettotouring.it\/radiotouring104\/wp-content\/uploads\/sites\/6\/2023\/01\/Marziale.jpg\",\"datePublished\":\"2023-12-29T13:24:48+00:00\",\"dateModified\":\"2023-12-29T16:55:35+00:00\",\"description\":\"Antonio Marziale, Garante per l\u2019Infanzia e l\u2019Adolescenza della Regione Calabria, plaude l'iniziativa del ministro Lollobrigida\",\"breadcrumb\":{\"@id\":\"https:\/\/progettotouring.it\/radiotouring104\/2023\/12\/29\/calabria-marziale-soddisfatto-per-il-ritiro-della-proposta-di-legge-per-concedere-fucili-da-caccia-ai-sedicenni\/#breadcrumb\"},\"inLanguage\":\"it-IT\",\"potentialAction\":[{\"@type\":\"ReadAction\",\"target\":[\"https:\/\/progettotouring.it\/radiotouring104\/2023\/12\/29\/calabria-marziale-soddisfatto-per-il-ritiro-della-proposta-di-legge-per-concedere-fucili-da-caccia-ai-sedicenni\/\"]}]},{\"@type\":\"ImageObject\",\"inLanguage\":\"it-IT\",\"@id\":\"https:\/\/progettotouring.it\/radiotouring104\/2023\/12\/29\/calabria-marziale-soddisfatto-per-il-ritiro-della-proposta-di-legge-per-concedere-fucili-da-caccia-ai-sedicenni\/#primaryimage\",\"url\":\"https:\/\/progettotouring.it\/radiotouring104\/wp-content\/uploads\/sites\/6\/2023\/01\/Marziale.jpg\",\"contentUrl\":\"https:\/\/progettotouring.it\/radiotouring104\/wp-content\/uploads\/sites\/6\/2023\/01\/Marziale.jpg\",\"width\":640,\"height\":640},{\"@type\":\"BreadcrumbList\",\"@id\":\"https:\/\/progettotouring.it\/radiotouring104\/2023\/12\/29\/calabria-marziale-soddisfatto-per-il-ritiro-della-proposta-di-legge-per-concedere-fucili-da-caccia-ai-sedicenni\/#breadcrumb\",\"itemListElement\":[{\"@type\":\"ListItem\",\"position\":1,\"name\":\"Home\",\"item\":\"https:\/\/progettotouring.it\/radiotouring104\/\"},{\"@type\":\"ListItem\",\"position\":2,\"name\":\"Calabria: Marziale soddisfatto per il ritiro della proposta di legge per concedere fucili da caccia ai sedicenni\"}]},{\"@type\":\"WebSite\",\"@id\":\"https:\/\/progettotouring.it\/radiotouring104\/#website\",\"url\":\"https:\/\/progettotouring.it\/radiotouring104\/\",\"name\":\"Radio Touring 104\",\"description\":\"La prima radio Reggina\",\"publisher\":{\"@id\":\"https:\/\/progettotouring.it\/radiotouring104\/#organization\"},\"potentialAction\":[{\"@type\":\"SearchAction\",\"target\":{\"@type\":\"EntryPoint\",\"urlTemplate\":\"https:\/\/progettotouring.it\/radiotouring104\/?s={search_term_string}\"},\"query-input\":{\"@type\":\"PropertyValueSpecification\",\"valueRequired\":true,\"valueName\":\"search_term_string\"}}],\"inLanguage\":\"it-IT\"},{\"@type\":\"Organization\",\"@id\":\"https:\/\/progettotouring.it\/radiotouring104\/#organization\",\"name\":\"Radio Touring 104\",\"url\":\"https:\/\/progettotouring.it\/radiotouring104\/\",\"logo\":{\"@type\":\"ImageObject\",\"inLanguage\":\"it-IT\",\"@id\":\"https:\/\/progettotouring.it\/radiotouring104\/#\/schema\/logo\/image\/\",\"url\":\"https:\/\/progettotouring.it\/radiotouring104\/wp-content\/uploads\/sites\/6\/2022\/02\/cropped-logo-radio-touring-104.png\",\"contentUrl\":\"https:\/\/progettotouring.it\/radiotouring104\/wp-content\/uploads\/sites\/6\/2022\/02\/cropped-logo-radio-touring-104.png\",\"width\":377,\"height\":182,\"caption\":\"Radio Touring 104\"},\"image\":{\"@id\":\"https:\/\/progettotouring.it\/radiotouring104\/#\/schema\/logo\/image\/\"}},{\"@type\":\"Person\",\"@id\":\"https:\/\/progettotouring.it\/radiotouring104\/#\/schema\/person\/4a82259ca52ac8702ad1a8f9e5a3120b\",\"name\":\"Filippo Francesco Idone\",\"image\":{\"@type\":\"ImageObject\",\"inLanguage\":\"it-IT\",\"@id\":\"https:\/\/secure.gravatar.com\/avatar\/7268715d2366395c3dd314385670e6484117d44f5c442e61e230f7008b7b62d3?s=96&d=mm&r=g\",\"url\":\"https:\/\/secure.gravatar.com\/avatar\/7268715d2366395c3dd314385670e6484117d44f5c442e61e230f7008b7b62d3?s=96&d=mm&r=g\",\"contentUrl\":\"https:\/\/secure.gravatar.com\/avatar\/7268715d2366395c3dd314385670e6484117d44f5c442e61e230f7008b7b62d3?s=96&d=mm&r=g\",\"caption\":\"Filippo Francesco Idone\"},\"url\":\"https:\/\/progettotouring.it\/radiotouring104\/author\/filippoidone\/\"}]}<\/script>\n<!-- \/ Yoast SEO plugin. -->","yoast_head_json":{"title":"Calabria: Marziale soddisfatto per il ritiro della proposta di legge per concedere fucili da caccia ai sedicenni - Radio Touring 104","description":"Antonio Marziale, Garante per l\u2019Infanzia e l\u2019Adolescenza della Regione Calabria, plaude l'iniziativa del ministro Lollobrigida","robots":{"index":"index","follow":"follow","max-snippet":"max-snippet:-1","max-image-preview":"max-image-preview:large","max-video-preview":"max-video-preview:-1"},"canonical":"https:\/\/progettotouring.it\/radiotouring104\/2023\/12\/29\/calabria-marziale-soddisfatto-per-il-ritiro-della-proposta-di-legge-per-concedere-fucili-da-caccia-ai-sedicenni\/","og_locale":"it_IT","og_type":"article","og_title":"Calabria: Marziale soddisfatto per il ritiro della proposta di legge per concedere fucili da caccia ai sedicenni - Radio Touring 104","og_description":"Antonio Marziale, Garante per l\u2019Infanzia e l\u2019Adolescenza della Regione Calabria, plaude l'iniziativa del ministro Lollobrigida","og_url":"https:\/\/progettotouring.it\/radiotouring104\/2023\/12\/29\/calabria-marziale-soddisfatto-per-il-ritiro-della-proposta-di-legge-per-concedere-fucili-da-caccia-ai-sedicenni\/","og_site_name":"Radio Touring 104","article_published_time":"2023-12-29T13:24:48+00:00","article_modified_time":"2023-12-29T16:55:35+00:00","og_image":[{"width":640,"height":640,"url":"https:\/\/progettotouring.it\/radiotouring104\/wp-content\/uploads\/sites\/6\/2023\/01\/Marziale.jpg","type":"image\/jpeg"}],"author":"Filippo Francesco Idone","twitter_card":"summary_large_image","twitter_misc":{"Scritto da":"Filippo Francesco Idone","Tempo di lettura stimato":"1 minuto"},"schema":{"@context":"https:\/\/schema.org","@graph":[{"@type":"Article","@id":"https:\/\/progettotouring.it\/radiotouring104\/2023\/12\/29\/calabria-marziale-soddisfatto-per-il-ritiro-della-proposta-di-legge-per-concedere-fucili-da-caccia-ai-sedicenni\/#article","isPartOf":{"@id":"https:\/\/progettotouring.it\/radiotouring104\/2023\/12\/29\/calabria-marziale-soddisfatto-per-il-ritiro-della-proposta-di-legge-per-concedere-fucili-da-caccia-ai-sedicenni\/"},"author":{"name":"Filippo Francesco Idone","@id":"https:\/\/progettotouring.it\/radiotouring104\/#\/schema\/person\/4a82259ca52ac8702ad1a8f9e5a3120b"},"headline":"Calabria: Marziale soddisfatto per il ritiro della proposta di legge per concedere fucili da caccia ai sedicenni","datePublished":"2023-12-29T13:24:48+00:00","dateModified":"2023-12-29T16:55:35+00:00","mainEntityOfPage":{"@id":"https:\/\/progettotouring.it\/radiotouring104\/2023\/12\/29\/calabria-marziale-soddisfatto-per-il-ritiro-della-proposta-di-legge-per-concedere-fucili-da-caccia-ai-sedicenni\/"},"wordCount":198,"publisher":{"@id":"https:\/\/progettotouring.it\/radiotouring104\/#organization"},"image":{"@id":"https:\/\/progettotouring.it\/radiotouring104\/2023\/12\/29\/calabria-marziale-soddisfatto-per-il-ritiro-della-proposta-di-legge-per-concedere-fucili-da-caccia-ai-sedicenni\/#primaryimage"},"thumbnailUrl":"https:\/\/progettotouring.it\/radiotouring104\/wp-content\/uploads\/sites\/6\/2023\/01\/Marziale.jpg","keywords":["garante infanzia","marziale","regione calabria"],"articleSection":["Calabria","Home","News"],"inLanguage":"it-IT"},{"@type":"WebPage","@id":"https:\/\/progettotouring.it\/radiotouring104\/2023\/12\/29\/calabria-marziale-soddisfatto-per-il-ritiro-della-proposta-di-legge-per-concedere-fucili-da-caccia-ai-sedicenni\/","url":"https:\/\/progettotouring.it\/radiotouring104\/2023\/12\/29\/calabria-marziale-soddisfatto-per-il-ritiro-della-proposta-di-legge-per-concedere-fucili-da-caccia-ai-sedicenni\/","name":"Calabria: Marziale soddisfatto per il ritiro della proposta di legge per concedere fucili da caccia ai sedicenni - Radio Touring 104","isPartOf":{"@id":"https:\/\/progettotouring.it\/radiotouring104\/#website"},"primaryImageOfPage":{"@id":"https:\/\/progettotouring.it\/radiotouring104\/2023\/12\/29\/calabria-marziale-soddisfatto-per-il-ritiro-della-proposta-di-legge-per-concedere-fucili-da-caccia-ai-sedicenni\/#primaryimage"},"image":{"@id":"https:\/\/progettotouring.it\/radiotouring104\/2023\/12\/29\/calabria-marziale-soddisfatto-per-il-ritiro-della-proposta-di-legge-per-concedere-fucili-da-caccia-ai-sedicenni\/#primaryimage"},"thumbnailUrl":"https:\/\/progettotouring.it\/radiotouring104\/wp-content\/uploads\/sites\/6\/2023\/01\/Marziale.jpg","datePublished":"2023-12-29T13:24:48+00:00","dateModified":"2023-12-29T16:55:35+00:00","description":"Antonio Marziale, Garante per l\u2019Infanzia e l\u2019Adolescenza della Regione Calabria, plaude l'iniziativa del ministro Lollobrigida","breadcrumb":{"@id":"https:\/\/progettotouring.it\/radiotouring104\/2023\/12\/29\/calabria-marziale-soddisfatto-per-il-ritiro-della-proposta-di-legge-per-concedere-fucili-da-caccia-ai-sedicenni\/#breadcrumb"},"inLanguage":"it-IT","potentialAction":[{"@type":"ReadAction","target":["https:\/\/progettotouring.it\/radiotouring104\/2023\/12\/29\/calabria-marziale-soddisfatto-per-il-ritiro-della-proposta-di-legge-per-concedere-fucili-da-caccia-ai-sedicenni\/"]}]},{"@type":"ImageObject","inLanguage":"it-IT","@id":"https:\/\/progettotouring.it\/radiotouring104\/2023\/12\/29\/calabria-marziale-soddisfatto-per-il-ritiro-della-proposta-di-legge-per-concedere-fucili-da-caccia-ai-sedicenni\/#primaryimage","url":"https:\/\/progettotouring.it\/radiotouring104\/wp-content\/uploads\/sites\/6\/2023\/01\/Marziale.jpg","contentUrl":"https:\/\/progettotouring.it\/radiotouring104\/wp-content\/uploads\/sites\/6\/2023\/01\/Marziale.jpg","width":640,"height":640},{"@type":"BreadcrumbList","@id":"https:\/\/progettotouring.it\/radiotouring104\/2023\/12\/29\/calabria-marziale-soddisfatto-per-il-ritiro-della-proposta-di-legge-per-concedere-fucili-da-caccia-ai-sedicenni\/#breadcrumb","itemListElement":[{"@type":"ListItem","position":1,"name":"Home","item":"https:\/\/progettotouring.it\/radiotouring104\/"},{"@type":"ListItem","position":2,"name":"Calabria: Marziale soddisfatto per il ritiro della proposta di legge per concedere fucili da caccia ai sedicenni"}]},{"@type":"WebSite","@id":"https:\/\/progettotouring.it\/radiotouring104\/#website","url":"https:\/\/progettotouring.it\/radiotouring104\/","name":"Radio Touring 104","description":"La prima radio Reggina","publisher":{"@id":"https:\/\/progettotouring.it\/radiotouring104\/#organization"},"potentialAction":[{"@type":"SearchAction","target":{"@type":"EntryPoint","urlTemplate":"https:\/\/progettotouring.it\/radiotouring104\/?s={search_term_string}"},"query-input":{"@type":"PropertyValueSpecification","valueRequired":true,"valueName":"search_term_string"}}],"inLanguage":"it-IT"},{"@type":"Organization","@id":"https:\/\/progettotouring.it\/radiotouring104\/#organization","name":"Radio Touring 104","url":"https:\/\/progettotouring.it\/radiotouring104\/","logo":{"@type":"ImageObject","inLanguage":"it-IT","@id":"https:\/\/progettotouring.it\/radiotouring104\/#\/schema\/logo\/image\/","url":"https:\/\/progettotouring.it\/radiotouring104\/wp-content\/uploads\/sites\/6\/2022\/02\/cropped-logo-radio-touring-104.png","contentUrl":"https:\/\/progettotouring.it\/radiotouring104\/wp-content\/uploads\/sites\/6\/2022\/02\/cropped-logo-radio-touring-104.png","width":377,"height":182,"caption":"Radio Touring 104"},"image":{"@id":"https:\/\/progettotouring.it\/radiotouring104\/#\/schema\/logo\/image\/"}},{"@type":"Person","@id":"https:\/\/progettotouring.it\/radiotouring104\/#\/schema\/person\/4a82259ca52ac8702ad1a8f9e5a3120b","name":"Filippo Francesco Idone","image":{"@type":"ImageObject","inLanguage":"it-IT","@id":"https:\/\/secure.gravatar.com\/avatar\/7268715d2366395c3dd314385670e6484117d44f5c442e61e230f7008b7b62d3?s=96&d=mm&r=g","url":"https:\/\/secure.gravatar.com\/avatar\/7268715d2366395c3dd314385670e6484117d44f5c442e61e230f7008b7b62d3?s=96&d=mm&r=g","contentUrl":"https:\/\/secure.gravatar.com\/avatar\/7268715d2366395c3dd314385670e6484117d44f5c442e61e230f7008b7b62d3?s=96&d=mm&r=g","caption":"Filippo Francesco Idone"},"url":"https:\/\/progettotouring.it\/radiotouring104\/author\/filippoidone\/"}]}},"jetpack_publicize_connections":[],"jetpack_featured_media_url":"https:\/\/progettotouring.it\/radiotouring104\/wp-content\/uploads\/sites\/6\/2023\/01\/Marziale.jpg","jetpack_sharing_enabled":true,"_links":{"self":[{"href":"https:\/\/progettotouring.it\/radiotouring104\/wp-json\/wp\/v2\/posts\/41786","targetHints":{"allow":["GET"]}}],"collection":[{"href":"https:\/\/progettotouring.it\/radiotouring104\/wp-json\/wp\/v2\/posts"}],"about":[{"href":"https:\/\/progettotouring.it\/radiotouring104\/wp-json\/wp\/v2\/types\/post"}],"author":[{"embeddable":true,"href":"https:\/\/progettotouring.it\/radiotouring104\/wp-json\/wp\/v2\/users\/8"}],"replies":[{"embeddable":true,"href":"https:\/\/progettotouring.it\/radiotouring104\/wp-json\/wp\/v2\/comments?post=41786"}],"version-history":[{"count":1,"href":"https:\/\/progettotouring.it\/radiotouring104\/wp-json\/wp\/v2\/posts\/41786\/revisions"}],"predecessor-version":[{"id":41787,"href":"https:\/\/progettotouring.it\/radiotouring104\/wp-json\/wp\/v2\/posts\/41786\/revisions\/41787"}],"wp:featuredmedia":[{"embeddable":true,"href":"https:\/\/progettotouring.it\/radiotouring104\/wp-json\/wp\/v2\/media\/17771"}],"wp:attachment":[{"href":"https:\/\/progettotouring.it\/radiotouring104\/wp-json\/wp\/v2\/media?parent=41786"}],"wp:term":[{"taxonomy":"category","embeddable":true,"href":"https:\/\/progettotouring.it\/radiotouring104\/wp-json\/wp\/v2\/categories?post=41786"},{"taxonomy":"post_tag","embeddable":true,"href":"https:\/\/progettotouring.it\/radiotouring104\/wp-json\/wp\/v2\/tags?post=41786"}],"curies":[{"name":"wp","href":"https:\/\/api.w.org\/{rel}","templated":true}]}}