{"id":4179,"date":"2022-04-14T15:38:45","date_gmt":"2022-04-14T13:38:45","guid":{"rendered":"https:\/\/progettotouring.it\/radiotouring104\/?p=4179"},"modified":"2022-04-15T22:11:34","modified_gmt":"2022-04-15T20:11:34","slug":"50-anniversario-del-ritrovamento-dei-bronzi-di-riace-il-programma-completo","status":"publish","type":"post","link":"https:\/\/progettotouring.it\/radiotouring104\/2022\/04\/14\/50-anniversario-del-ritrovamento-dei-bronzi-di-riace-il-programma-completo\/","title":{"rendered":"50\u00b0 anniversario\u00a0del\u00a0ritrovamento dei Bronzi di Riace, il programma completo [Video]"},"content":{"rendered":"<p><iframe title=\"Reggio C.: presentato il programma di eventi &quot;Bronzi50&quot;\" width=\"1170\" height=\"658\" src=\"https:\/\/www.youtube.com\/embed\/kOqu2Xj1es0?feature=oembed\" frameborder=\"0\" allow=\"accelerometer; autoplay; clipboard-write; encrypted-media; gyroscope; picture-in-picture\" allowfullscreen><\/iframe><\/p>\n<p>Tutto pronto per l&#8217;evento del <strong>50\u00b0 anniversario<\/strong>\u00a0del\u00a0<strong>ritrovamento<\/strong> dei Bronzi di Riace. Nella prima conferenza stampa tenuta questa mattina con la presenza di Giusy Princi, Ninni Tramontana, Paolo Brunetti, Carmelo Versace, Antonio Trifoli e Carmelo Malacrino, sono stati mostrati gli eventi in programma.<\/p>\n<p><strong>A LIVELLO LOCALE<\/strong>: attivit\u00e0 culturali e scientifiche, nonch\u00e9 di promozione e accoglienza rivolte a visitatori e turisti e finalizzate a rendere il territorio pi\u00f9 accogliente e a dare visibilit\u00e0 alle eccellenze territoriali, attraverso eventi che vedranno il territorio protagonista.<\/p>\n<p><strong>A LIVELLO NAZIONALE E INTERNAZIONALE<\/strong>: intensa attivit\u00e0 di eventi, marketing e comunicazione finalizzata ad accrescere la notoriet\u00e0 della Calabria turistica e culturale, con particolare riferimento ai Bronzi di Riace e alla Magna Graecia, in un\u2019ottica di crescita dei flussi turistici.<\/p>\n<p>A questa prima conferenza stampa ne seguir\u00e0 un\u2019ulteriore a Roma, estesa alla stampa nazionale ed estera, alla presenza dei Ministri dei settori coinvolti, nella quale sar\u00e0 presentato un articolato piano di promozione, comunicazione ed eventi internazionali, che si concluderanno nel mese di dicembre 2022.<\/p>\n<p><strong>Attivit\u00e0 di valorizzazione culturale<\/strong><\/p>\n<p>Le MOSTRE a cura del Museo Archeologico Nazionale di Reggio Calabria:<\/p>\n<ul>\n<li>\u00a0SALVATI DALL\u2019OBLIO TESORI D\u2019ARCHEOLOGIA RECUPERATI DAI CARABINIERI PER LA TUTELA DEL PATRIMONIO CULTURALE<\/li>\n<li>GLI EROI E LA MAGNA GRECIA INSIEME PER I BRONZI DI RIACE<\/li>\n<li>\u00a0I BRONZI DI RIACE CINQUANTA ANNI DI STORIA<\/li>\n<li>\u00a0TRA ORIENTE E OCCIDENTE GLI EBREI E LA CALABRIA<\/li>\n<li>OLTRE L\u2019EMERGENZA : ATTIVIT\u00c0 E RESTAURI DOPO L\u2019ALLUVIONE DEL 2018<\/li>\n<li>PER GLI DEI E PER GLI UOMINI MUSICA E DANZA NELL\u2019ANTICHIT\u00c0<\/li>\n<li>\u00a0GLI IBERI ARTE E CULTURA NEL MEDITERRANEO OCCIDENTALE<\/li>\n<li>\u00a0IL VASO SUI VASI CAPOLAVORI DEL MUSEO JATTA DI RUVO<\/li>\n<li>L\u2019ALTRA ISOLA LA SARDEGNA TRA ANTICHIT\u00c0 E MEDIOEVO<\/li>\n<li>ITINERARI CULTURALI DEL CONSIGLIO DI EUROPA IN ITALIA: un patrimonio europeo<\/li>\n<li>MOSTRA FOTOGRAFICA. Touring club italiano<\/li>\n<li>NAKED c\/o Piazzale Orsi del Marc Mostra fotografica di Oliviero Toscani su proposta<br \/>\ndel Comitato Paralimpico<\/li>\n<\/ul>\n<p><strong>Promozione di EVENTI culturali nel territorio della CITTA\u2019 METROPOLITANA<\/strong><\/p>\n<ul>\n<li>Campagna di diffusione della cultura e dell\u2019arte nella Citt\u00e0 Metropolitana di Reggio Calabria: TRAGEDIE GRECHE con il coinvolgimento delle associazioni culturali del territorio;<\/li>\n<li>\u2022 MOSTRA ARTISTA OBEY \u201cMAKE ART NOT WAR\u201d c\/o Palazzo della Cultura<\/li>\n<li>Mostra a cura della Metamorfosi Eventi S.r.l. dal 15 aprile al 05 giugno 2022;<\/li>\n<li>\u00a0MOSTRA \u201cI BRONZI DI RIACE E I MITI DELLA MAGNA GRECIA) c\/o Palazzo della Cultura Mostra a cura del Maestro Raffaele De Rosa dal 13 giugno al 5 settembre 2022<\/li>\n<li>MOSTRA \u201cMEDITERRANEO\u201d c\/o il Palazzo della Cultura Mostra collettiva a cura del direttore artistico Giammarco Puntelli dal 10 settembre al 10 novembre 2022<\/li>\n<li>\u2022 MOSTRA ARAZZO ANANIAS E SAPHIRA Mostra itinerante di una arazzo di Raffaello presso il Marc a cura della Diocesi di Locri Gerace dal 6 settembre al 6 ottobre 2022<\/li>\n<li>\u00a0ANIMAZIONE TERRITORIALE dedicata ai Bronzi nel corso degli eventi gi\u00e0 programmati dalla Citt\u00e0 Metropolitana: Feste Mariane, Roccella Jazz, Caulonia tarantella festival, Varia di Palmi, Concorso Metropolitano Francesco Cilea, I Tesori del Mediterraneo, Traversata dello Stretto , Raduno nazionale Vespa Club, Premio letterario Reghium Julii;<\/li>\n<li>\u00a0PROMOZIONE DI EVENTI culturali e scientifici ludici e artistici che interesseranno particolarmente i comuni di Reggio Calabria e Riace, per il 16 agosto in occasione del giorno del ritrovamento dei Bronzi.<\/li>\n<\/ul>\n<p><strong>Attivit\u00e0 di divulgazione storico &#8211; culturale<\/strong><\/p>\n<ul>\n<li>GRAN GAL\u00c0 &#8221; I BRONZI DI RIACE A VIENNA, Settembre 2022 &#8211; Ambasciata Italiana a Vienna<\/li>\n<li>MOSTRA REGHION KIOSK. La Piazza, il Museo, la Citt\u00e0. -Ottobre 2022 &#8211; Universit\u00e0 Mediterranea di Reggio Calabria<\/li>\n<li>IL CONVEGNO DI STUDI \u00abNEL SEGNO DEI BRONZI\u00bb -Settembre 2022 &#8211; Riace e Reggio Calabria<\/li>\n<li>CONVEGNO INTERNAZIONALE \u00abI Bronzi di Riace, 50 anni di studi e ricerche\u00bb -Settembre 2022<\/li>\n<li>REALIZZAZIONE DEL VOLUME ILLUSTRATO \u201cBRONZI DI RIACE \u2013 50 anni\u201d A cura di: Comune di Reggio Calabria e Citt\u00e0 Metropolitana, in collaborazione con il Touring Editore ed il Museo Archeologico di Reggio Calabria. Data di consegna prevista: 30 giugno 2022<\/li>\n<li>CAMPAGNA DI SCAVI PIAZZA GARIBALDI con cantiere didattico e di studio scientifico<br \/>\nSEMINARIO INTERNAZIONALE sul tema \u00abArchitettura\/ Archeologia: Il progetto di tutela e valorizzazione del patrimonio storico\u00bb- Settembre 2022 \u2013 Riace e Reggio Calabria<\/li>\n<li>VIAGGI DI ISTRUZIONE INTRAREGIONALI per gli istituti scolastici calabresi con meta privilegiata la Citt\u00e0<br \/>\nMetropolitana di Reggio Calabria, su pacchetti turistici integrati elaborati da operatori turistici qualificati<br \/>\n(Contributo destinato ai partecipanti nell\u2019ambito del<br \/>\nTurismo scolastico regionale)<\/li>\n<li>\u00a0DIVULGAZIONE IN TUTTE LE SCUOLE D\u2019ITALIA dei pacchetti turistici con itinerari culturali legati ai bronzi di<br \/>\nriace e alla magna grecia per il tramite del ministero dell\u2019istruzione<\/li>\n<li>\u00a0ISTITUZIONALIZZAZIONE DELLA \u00abBRONZI DAY SCHOOL AND UNIVERSITY \u00bb \u2013 giornata interamente dedicata<br \/>\nalla promozione dei Bronzi di Riace all\u2019interno di tutte le scuole e universit\u00e0 presenti sul territorio nazionale \u2013 con il coinvolgimento del Ministero dell\u2019Istruzione e dell\u2019Universit\u00e0<\/li>\n<\/ul>\n<p><strong>CONTEST di progettazione promosso dall\u2019Universit\u00e0 Mediterranea di Reggio Calabria rivolto a studenti universitari (Maggio-Luglio 2022)<\/strong><\/p>\n<p>CONCORSO DI IDEE in Collaborazione con Poste Italiane.<br \/>\nIl Concorso \u00e8 rivolto ai giovani under 20, chiamati a riflettere sul tema del \u201critrovamento\u201d e a produrre le \u201ccartoline dei<br \/>\nmillennials\u201d, utilizzando i social di foto-video scrittura pi\u00f9\u0300 famosi.<\/p>\n<p><strong>Servizi per visitatori e turisti<\/strong><\/p>\n<p>Il Comune di Reggio Calabria attiver\u00e0 i seguenti servizi:<br \/>\n\u2022 Video mapping animato effetto 3d su palazzi istituzionali presenti nella Citt\u00e0<br \/>\n\u2022 Intensificazione delle corse del bus cabrio<br \/>\n\u2022 Servizi di informazione, accoglienza ed assistenza turistica nella Citt\u00e0<br \/>\n\u2022 Progetto Sunoicheo &#8211; animazione del circuito delle aree archeologiche con visite guidate<\/p>\n<p>La Citt\u00e0 Metropolitana promuover\u00e0 la brandizzazione dei bus cittadini e metropolitani, acquisizione video del territorio con<br \/>\nfocus su siti culturali e sul MArRC. La Camera di Commercio di Reggio Calabria ha coordinato i lavori dei club di prodotto per la costruzione di PACCHETTI TURISTICI dedicati ai Bronzi. Sono 20 gli itinerari di varia durata, resi gi\u00e0 disponibili, dedicati ai Bronzi di Riace e finalizzati a far conoscere le grandi ricchezze culturali, naturalistiche ed enogastronomiche del territorio reggino.<br \/>\nNOTTI D\u2019ESTATE AL MArRC. A partire dal 2 luglio e per tutta l\u2019estate riprenderanno le aperture serali per tre ore in continuit\u00e0, ogni gioved\u00ec e sabato dalle 20.00 alle 23.00<\/p>\n<p><strong>Coinvolgimento delle attivit\u00e0 produttive locali<\/strong><\/p>\n<p>BRANDIZZAZIONE E PERSONALIZZAZIONE delle attivit\u00e0 ristorative e commerciali, a cura della camera di commercio di Reggio Calabria, prevalentemente nelle citt\u00e0 di Reggio Calabria e Riace, con allestimenti dedicati alle celebrazioni. La Camera di Commercio promuover\u00e0 inoltre, in collaborazione con associazioni di categoria, consorzi di tutela, consorzi di associazioni tra produttori di beni identitari del territorio metropolitano di Reggio Calabria (a titolo esemplificativo, prodotti tipici enogastronomici, prodotti dell&#8217;artigianato artistico, ecc.) EVENTI che abbiano la finalit\u00e0 di valorizzare la ricorrenza del cinquantenario dei Bronzi di Riace.<br \/>\nL\u2019intento \u00e8 quello di rendere il territorio, e in particolar modo le Citt\u00e0 di Reggio Calabria e Riace, una cassa di risonanza capace di amplificare l\u2019effetto promozionale del logo celebrativo dei Bronzi di Riace<\/p>\n<p><strong>ATTIVIT\u00c0 COLLATERALI al piano di promozione e comunicazione, nazionale e internazionale. Maggio &#8211; Dicembre 2022<\/strong><\/p>\n<ul>\n<li>\u00a0PROIEZIONI IN GRANDI STAZIONI dei Bronzi su video-wall. Maggio -Dicembre 2022 (Roma \u2013 Milano)<\/li>\n<li>\u00a0SCREEN PROMOZIONALE DEI BRONZI NEI GRANDI AEROPORTI Maggio<br \/>\n\u2013 Dicembre 2022;<\/li>\n<li>\u00a0BRANDIZZAZIONE DELLE 21 TAPPE DEL GIRO D\u2019ITALIA Maggio 2022;<\/li>\n<li>SALONE DEL LIBRO DI TORINO ( 19 \/23 Maggio 2022) \u2013 Stand dedicato ai Bronzi di Riace ed eventi culturali mirati all\u2019interno del padiglione Calabria nell\u2019ambito delle cinque giornate.<\/li>\n<li>\u00a0OPERA LIRICA CAPOLAVORO DI FRANCESCO CILEA, ADRIANA LECOUVREUR Interpreti principali : Maria Agresta, reduce dalla Scala di Milano con la stessa opera; Michele Fabiano, tenore di fama internazionale (originario di Scilla) \u2013 Teatro Francesco Cilea, Reggio Calabria &#8211; Dicembre 2022<\/li>\n<li>Promozione di eventi dedicati ai Bronzi di Riace IN TEXAS \u2013 INGHILTERRA -GERMANIA \u2013 FRANCIA, con il coinvolgimento delle Camere di commercio esteree delle Ambasciate.<\/li>\n<\/ul>\n<p>&nbsp;<\/p>\n<p>&nbsp;<\/p>\n<p>&nbsp;<\/p>\n<p>&nbsp;<\/p>\n","protected":false},"excerpt":{"rendered":"<p>Tutto pronto per l&#8217;evento del 50\u00b0 anniversario\u00a0del\u00a0ritrovamento dei Bronzi di Riace. Nella prima conferenza stampa tenuta questa mattina con la presenza di Giusy Princi, Ninni Tramontana, Paolo Brunetti, Carmelo Versace,&hellip;<\/p>\n","protected":false},"author":7,"featured_media":4182,"comment_status":"open","ping_status":"open","sticky":false,"template":"","format":"standard","meta":{"_jetpack_memberships_contains_paid_content":false,"footnotes":"","jetpack_publicize_message":"","jetpack_publicize_feature_enabled":true,"jetpack_social_post_already_shared":false,"jetpack_social_options":{"image_generator_settings":{"template":"highway","default_image_id":0,"font":"","enabled":false},"version":2}},"categories":[145,150,196,140],"tags":[970,853,388,269,236],"class_list":["post-4179","post","type-post","status-publish","format-standard","has-post-thumbnail","hentry","category-cultura","category-in-primo-piano","category-news","category-reggio-calabria","tag-50-anniversario-bronzi","tag-bronzi","tag-bronzi-di-riace","tag-cultura","tag-reggio-calabria"],"yoast_head":"<!-- This site is optimized with the Yoast SEO plugin v27.2 - https:\/\/yoast.com\/product\/yoast-seo-wordpress\/ -->\n<title>50\u00b0 anniversario\u00a0del\u00a0ritrovamento dei Bronzi di Riace, il programma completo [Video] - Radio Touring 104<\/title>\n<meta name=\"description\" content=\"Presentato il programma per il 50 anniversario dal ritrovamento dei Bronzi di Riace. Eventi per tutto il territorio.\" \/>\n<meta name=\"robots\" content=\"index, follow, max-snippet:-1, max-image-preview:large, max-video-preview:-1\" \/>\n<link rel=\"canonical\" href=\"https:\/\/progettotouring.it\/radiotouring104\/2022\/04\/14\/50-anniversario-del-ritrovamento-dei-bronzi-di-riace-il-programma-completo\/\" \/>\n<meta property=\"og:locale\" content=\"it_IT\" \/>\n<meta property=\"og:type\" content=\"article\" \/>\n<meta property=\"og:title\" content=\"50\u00b0 anniversario\u00a0del\u00a0ritrovamento dei Bronzi di Riace, il programma completo [Video] - Radio Touring 104\" \/>\n<meta property=\"og:description\" content=\"Presentato il programma per il 50 anniversario dal ritrovamento dei Bronzi di Riace. Eventi per tutto il territorio.\" \/>\n<meta property=\"og:url\" content=\"https:\/\/progettotouring.it\/radiotouring104\/2022\/04\/14\/50-anniversario-del-ritrovamento-dei-bronzi-di-riace-il-programma-completo\/\" \/>\n<meta property=\"og:site_name\" content=\"Radio Touring 104\" \/>\n<meta property=\"article:published_time\" content=\"2022-04-14T13:38:45+00:00\" \/>\n<meta property=\"article:modified_time\" content=\"2022-04-15T20:11:34+00:00\" \/>\n<meta property=\"og:image\" content=\"https:\/\/progettotouring.it\/radiotouring104\/wp-content\/uploads\/sites\/6\/2022\/04\/download-50-1.jpg\" \/>\n\t<meta property=\"og:image:width\" content=\"550\" \/>\n\t<meta property=\"og:image:height\" content=\"350\" \/>\n\t<meta property=\"og:image:type\" content=\"image\/jpeg\" \/>\n<meta name=\"author\" content=\"Giorgia Rieto\" \/>\n<meta name=\"twitter:card\" content=\"summary_large_image\" \/>\n<meta name=\"twitter:label1\" content=\"Scritto da\" \/>\n\t<meta name=\"twitter:data1\" content=\"Giorgia Rieto\" \/>\n\t<meta name=\"twitter:label2\" content=\"Tempo di lettura stimato\" \/>\n\t<meta name=\"twitter:data2\" content=\"7 minuti\" \/>\n<script type=\"application\/ld+json\" class=\"yoast-schema-graph\">{\"@context\":\"https:\/\/schema.org\",\"@graph\":[{\"@type\":\"Article\",\"@id\":\"https:\/\/progettotouring.it\/radiotouring104\/2022\/04\/14\/50-anniversario-del-ritrovamento-dei-bronzi-di-riace-il-programma-completo\/#article\",\"isPartOf\":{\"@id\":\"https:\/\/progettotouring.it\/radiotouring104\/2022\/04\/14\/50-anniversario-del-ritrovamento-dei-bronzi-di-riace-il-programma-completo\/\"},\"author\":{\"name\":\"Giorgia Rieto\",\"@id\":\"https:\/\/progettotouring.it\/radiotouring104\/#\/schema\/person\/9ccc0b52172b63cecf68b33c9d183f2f\"},\"headline\":\"50\u00b0 anniversario\u00a0del\u00a0ritrovamento dei Bronzi di Riace, il programma completo [Video]\",\"datePublished\":\"2022-04-14T13:38:45+00:00\",\"dateModified\":\"2022-04-15T20:11:34+00:00\",\"mainEntityOfPage\":{\"@id\":\"https:\/\/progettotouring.it\/radiotouring104\/2022\/04\/14\/50-anniversario-del-ritrovamento-dei-bronzi-di-riace-il-programma-completo\/\"},\"wordCount\":1236,\"commentCount\":0,\"publisher\":{\"@id\":\"https:\/\/progettotouring.it\/radiotouring104\/#organization\"},\"image\":{\"@id\":\"https:\/\/progettotouring.it\/radiotouring104\/2022\/04\/14\/50-anniversario-del-ritrovamento-dei-bronzi-di-riace-il-programma-completo\/#primaryimage\"},\"thumbnailUrl\":\"https:\/\/progettotouring.it\/radiotouring104\/wp-content\/uploads\/sites\/6\/2022\/04\/download-50-1.jpg\",\"keywords\":[\"50 anniversario Bronzi\",\"bronzi\",\"Bronzi di Riace\",\"cultura\",\"reggio calabria\"],\"articleSection\":[\"Cultura\",\"In primo piano\",\"News\",\"Reggio Calabria\"],\"inLanguage\":\"it-IT\",\"potentialAction\":[{\"@type\":\"CommentAction\",\"name\":\"Comment\",\"target\":[\"https:\/\/progettotouring.it\/radiotouring104\/2022\/04\/14\/50-anniversario-del-ritrovamento-dei-bronzi-di-riace-il-programma-completo\/#respond\"]}]},{\"@type\":\"WebPage\",\"@id\":\"https:\/\/progettotouring.it\/radiotouring104\/2022\/04\/14\/50-anniversario-del-ritrovamento-dei-bronzi-di-riace-il-programma-completo\/\",\"url\":\"https:\/\/progettotouring.it\/radiotouring104\/2022\/04\/14\/50-anniversario-del-ritrovamento-dei-bronzi-di-riace-il-programma-completo\/\",\"name\":\"50\u00b0 anniversario\u00a0del\u00a0ritrovamento dei Bronzi di Riace, il programma completo [Video] - Radio Touring 104\",\"isPartOf\":{\"@id\":\"https:\/\/progettotouring.it\/radiotouring104\/#website\"},\"primaryImageOfPage\":{\"@id\":\"https:\/\/progettotouring.it\/radiotouring104\/2022\/04\/14\/50-anniversario-del-ritrovamento-dei-bronzi-di-riace-il-programma-completo\/#primaryimage\"},\"image\":{\"@id\":\"https:\/\/progettotouring.it\/radiotouring104\/2022\/04\/14\/50-anniversario-del-ritrovamento-dei-bronzi-di-riace-il-programma-completo\/#primaryimage\"},\"thumbnailUrl\":\"https:\/\/progettotouring.it\/radiotouring104\/wp-content\/uploads\/sites\/6\/2022\/04\/download-50-1.jpg\",\"datePublished\":\"2022-04-14T13:38:45+00:00\",\"dateModified\":\"2022-04-15T20:11:34+00:00\",\"description\":\"Presentato il programma per il 50 anniversario dal ritrovamento dei Bronzi di Riace. Eventi per tutto il territorio.\",\"breadcrumb\":{\"@id\":\"https:\/\/progettotouring.it\/radiotouring104\/2022\/04\/14\/50-anniversario-del-ritrovamento-dei-bronzi-di-riace-il-programma-completo\/#breadcrumb\"},\"inLanguage\":\"it-IT\",\"potentialAction\":[{\"@type\":\"ReadAction\",\"target\":[\"https:\/\/progettotouring.it\/radiotouring104\/2022\/04\/14\/50-anniversario-del-ritrovamento-dei-bronzi-di-riace-il-programma-completo\/\"]}]},{\"@type\":\"ImageObject\",\"inLanguage\":\"it-IT\",\"@id\":\"https:\/\/progettotouring.it\/radiotouring104\/2022\/04\/14\/50-anniversario-del-ritrovamento-dei-bronzi-di-riace-il-programma-completo\/#primaryimage\",\"url\":\"https:\/\/progettotouring.it\/radiotouring104\/wp-content\/uploads\/sites\/6\/2022\/04\/download-50-1.jpg\",\"contentUrl\":\"https:\/\/progettotouring.it\/radiotouring104\/wp-content\/uploads\/sites\/6\/2022\/04\/download-50-1.jpg\",\"width\":550,\"height\":350},{\"@type\":\"BreadcrumbList\",\"@id\":\"https:\/\/progettotouring.it\/radiotouring104\/2022\/04\/14\/50-anniversario-del-ritrovamento-dei-bronzi-di-riace-il-programma-completo\/#breadcrumb\",\"itemListElement\":[{\"@type\":\"ListItem\",\"position\":1,\"name\":\"Home\",\"item\":\"https:\/\/progettotouring.it\/radiotouring104\/\"},{\"@type\":\"ListItem\",\"position\":2,\"name\":\"50\u00b0 anniversario\u00a0del\u00a0ritrovamento dei Bronzi di Riace, il programma completo [Video]\"}]},{\"@type\":\"WebSite\",\"@id\":\"https:\/\/progettotouring.it\/radiotouring104\/#website\",\"url\":\"https:\/\/progettotouring.it\/radiotouring104\/\",\"name\":\"Radio Touring 104\",\"description\":\"La prima radio Reggina\",\"publisher\":{\"@id\":\"https:\/\/progettotouring.it\/radiotouring104\/#organization\"},\"potentialAction\":[{\"@type\":\"SearchAction\",\"target\":{\"@type\":\"EntryPoint\",\"urlTemplate\":\"https:\/\/progettotouring.it\/radiotouring104\/?s={search_term_string}\"},\"query-input\":{\"@type\":\"PropertyValueSpecification\",\"valueRequired\":true,\"valueName\":\"search_term_string\"}}],\"inLanguage\":\"it-IT\"},{\"@type\":\"Organization\",\"@id\":\"https:\/\/progettotouring.it\/radiotouring104\/#organization\",\"name\":\"Radio Touring 104\",\"url\":\"https:\/\/progettotouring.it\/radiotouring104\/\",\"logo\":{\"@type\":\"ImageObject\",\"inLanguage\":\"it-IT\",\"@id\":\"https:\/\/progettotouring.it\/radiotouring104\/#\/schema\/logo\/image\/\",\"url\":\"https:\/\/progettotouring.it\/radiotouring104\/wp-content\/uploads\/sites\/6\/2022\/02\/cropped-logo-radio-touring-104.png\",\"contentUrl\":\"https:\/\/progettotouring.it\/radiotouring104\/wp-content\/uploads\/sites\/6\/2022\/02\/cropped-logo-radio-touring-104.png\",\"width\":377,\"height\":182,\"caption\":\"Radio Touring 104\"},\"image\":{\"@id\":\"https:\/\/progettotouring.it\/radiotouring104\/#\/schema\/logo\/image\/\"}},{\"@type\":\"Person\",\"@id\":\"https:\/\/progettotouring.it\/radiotouring104\/#\/schema\/person\/9ccc0b52172b63cecf68b33c9d183f2f\",\"name\":\"Giorgia Rieto\",\"image\":{\"@type\":\"ImageObject\",\"inLanguage\":\"it-IT\",\"@id\":\"https:\/\/secure.gravatar.com\/avatar\/29782858e8bd52f2032ad567b71353a557e5033da26f3c4f64c94d32ebd8855d?s=96&d=mm&r=g\",\"url\":\"https:\/\/secure.gravatar.com\/avatar\/29782858e8bd52f2032ad567b71353a557e5033da26f3c4f64c94d32ebd8855d?s=96&d=mm&r=g\",\"contentUrl\":\"https:\/\/secure.gravatar.com\/avatar\/29782858e8bd52f2032ad567b71353a557e5033da26f3c4f64c94d32ebd8855d?s=96&d=mm&r=g\",\"caption\":\"Giorgia Rieto\"},\"url\":\"https:\/\/progettotouring.it\/radiotouring104\/author\/giorgiarieto\/\"}]}<\/script>\n<!-- \/ Yoast SEO plugin. -->","yoast_head_json":{"title":"50\u00b0 anniversario\u00a0del\u00a0ritrovamento dei Bronzi di Riace, il programma completo [Video] - Radio Touring 104","description":"Presentato il programma per il 50 anniversario dal ritrovamento dei Bronzi di Riace. Eventi per tutto il territorio.","robots":{"index":"index","follow":"follow","max-snippet":"max-snippet:-1","max-image-preview":"max-image-preview:large","max-video-preview":"max-video-preview:-1"},"canonical":"https:\/\/progettotouring.it\/radiotouring104\/2022\/04\/14\/50-anniversario-del-ritrovamento-dei-bronzi-di-riace-il-programma-completo\/","og_locale":"it_IT","og_type":"article","og_title":"50\u00b0 anniversario\u00a0del\u00a0ritrovamento dei Bronzi di Riace, il programma completo [Video] - Radio Touring 104","og_description":"Presentato il programma per il 50 anniversario dal ritrovamento dei Bronzi di Riace. Eventi per tutto il territorio.","og_url":"https:\/\/progettotouring.it\/radiotouring104\/2022\/04\/14\/50-anniversario-del-ritrovamento-dei-bronzi-di-riace-il-programma-completo\/","og_site_name":"Radio Touring 104","article_published_time":"2022-04-14T13:38:45+00:00","article_modified_time":"2022-04-15T20:11:34+00:00","og_image":[{"width":550,"height":350,"url":"https:\/\/progettotouring.it\/radiotouring104\/wp-content\/uploads\/sites\/6\/2022\/04\/download-50-1.jpg","type":"image\/jpeg"}],"author":"Giorgia Rieto","twitter_card":"summary_large_image","twitter_misc":{"Scritto da":"Giorgia Rieto","Tempo di lettura stimato":"7 minuti"},"schema":{"@context":"https:\/\/schema.org","@graph":[{"@type":"Article","@id":"https:\/\/progettotouring.it\/radiotouring104\/2022\/04\/14\/50-anniversario-del-ritrovamento-dei-bronzi-di-riace-il-programma-completo\/#article","isPartOf":{"@id":"https:\/\/progettotouring.it\/radiotouring104\/2022\/04\/14\/50-anniversario-del-ritrovamento-dei-bronzi-di-riace-il-programma-completo\/"},"author":{"name":"Giorgia Rieto","@id":"https:\/\/progettotouring.it\/radiotouring104\/#\/schema\/person\/9ccc0b52172b63cecf68b33c9d183f2f"},"headline":"50\u00b0 anniversario\u00a0del\u00a0ritrovamento dei Bronzi di Riace, il programma completo [Video]","datePublished":"2022-04-14T13:38:45+00:00","dateModified":"2022-04-15T20:11:34+00:00","mainEntityOfPage":{"@id":"https:\/\/progettotouring.it\/radiotouring104\/2022\/04\/14\/50-anniversario-del-ritrovamento-dei-bronzi-di-riace-il-programma-completo\/"},"wordCount":1236,"commentCount":0,"publisher":{"@id":"https:\/\/progettotouring.it\/radiotouring104\/#organization"},"image":{"@id":"https:\/\/progettotouring.it\/radiotouring104\/2022\/04\/14\/50-anniversario-del-ritrovamento-dei-bronzi-di-riace-il-programma-completo\/#primaryimage"},"thumbnailUrl":"https:\/\/progettotouring.it\/radiotouring104\/wp-content\/uploads\/sites\/6\/2022\/04\/download-50-1.jpg","keywords":["50 anniversario Bronzi","bronzi","Bronzi di Riace","cultura","reggio calabria"],"articleSection":["Cultura","In primo piano","News","Reggio Calabria"],"inLanguage":"it-IT","potentialAction":[{"@type":"CommentAction","name":"Comment","target":["https:\/\/progettotouring.it\/radiotouring104\/2022\/04\/14\/50-anniversario-del-ritrovamento-dei-bronzi-di-riace-il-programma-completo\/#respond"]}]},{"@type":"WebPage","@id":"https:\/\/progettotouring.it\/radiotouring104\/2022\/04\/14\/50-anniversario-del-ritrovamento-dei-bronzi-di-riace-il-programma-completo\/","url":"https:\/\/progettotouring.it\/radiotouring104\/2022\/04\/14\/50-anniversario-del-ritrovamento-dei-bronzi-di-riace-il-programma-completo\/","name":"50\u00b0 anniversario\u00a0del\u00a0ritrovamento dei Bronzi di Riace, il programma completo [Video] - Radio Touring 104","isPartOf":{"@id":"https:\/\/progettotouring.it\/radiotouring104\/#website"},"primaryImageOfPage":{"@id":"https:\/\/progettotouring.it\/radiotouring104\/2022\/04\/14\/50-anniversario-del-ritrovamento-dei-bronzi-di-riace-il-programma-completo\/#primaryimage"},"image":{"@id":"https:\/\/progettotouring.it\/radiotouring104\/2022\/04\/14\/50-anniversario-del-ritrovamento-dei-bronzi-di-riace-il-programma-completo\/#primaryimage"},"thumbnailUrl":"https:\/\/progettotouring.it\/radiotouring104\/wp-content\/uploads\/sites\/6\/2022\/04\/download-50-1.jpg","datePublished":"2022-04-14T13:38:45+00:00","dateModified":"2022-04-15T20:11:34+00:00","description":"Presentato il programma per il 50 anniversario dal ritrovamento dei Bronzi di Riace. Eventi per tutto il territorio.","breadcrumb":{"@id":"https:\/\/progettotouring.it\/radiotouring104\/2022\/04\/14\/50-anniversario-del-ritrovamento-dei-bronzi-di-riace-il-programma-completo\/#breadcrumb"},"inLanguage":"it-IT","potentialAction":[{"@type":"ReadAction","target":["https:\/\/progettotouring.it\/radiotouring104\/2022\/04\/14\/50-anniversario-del-ritrovamento-dei-bronzi-di-riace-il-programma-completo\/"]}]},{"@type":"ImageObject","inLanguage":"it-IT","@id":"https:\/\/progettotouring.it\/radiotouring104\/2022\/04\/14\/50-anniversario-del-ritrovamento-dei-bronzi-di-riace-il-programma-completo\/#primaryimage","url":"https:\/\/progettotouring.it\/radiotouring104\/wp-content\/uploads\/sites\/6\/2022\/04\/download-50-1.jpg","contentUrl":"https:\/\/progettotouring.it\/radiotouring104\/wp-content\/uploads\/sites\/6\/2022\/04\/download-50-1.jpg","width":550,"height":350},{"@type":"BreadcrumbList","@id":"https:\/\/progettotouring.it\/radiotouring104\/2022\/04\/14\/50-anniversario-del-ritrovamento-dei-bronzi-di-riace-il-programma-completo\/#breadcrumb","itemListElement":[{"@type":"ListItem","position":1,"name":"Home","item":"https:\/\/progettotouring.it\/radiotouring104\/"},{"@type":"ListItem","position":2,"name":"50\u00b0 anniversario\u00a0del\u00a0ritrovamento dei Bronzi di Riace, il programma completo [Video]"}]},{"@type":"WebSite","@id":"https:\/\/progettotouring.it\/radiotouring104\/#website","url":"https:\/\/progettotouring.it\/radiotouring104\/","name":"Radio Touring 104","description":"La prima radio Reggina","publisher":{"@id":"https:\/\/progettotouring.it\/radiotouring104\/#organization"},"potentialAction":[{"@type":"SearchAction","target":{"@type":"EntryPoint","urlTemplate":"https:\/\/progettotouring.it\/radiotouring104\/?s={search_term_string}"},"query-input":{"@type":"PropertyValueSpecification","valueRequired":true,"valueName":"search_term_string"}}],"inLanguage":"it-IT"},{"@type":"Organization","@id":"https:\/\/progettotouring.it\/radiotouring104\/#organization","name":"Radio Touring 104","url":"https:\/\/progettotouring.it\/radiotouring104\/","logo":{"@type":"ImageObject","inLanguage":"it-IT","@id":"https:\/\/progettotouring.it\/radiotouring104\/#\/schema\/logo\/image\/","url":"https:\/\/progettotouring.it\/radiotouring104\/wp-content\/uploads\/sites\/6\/2022\/02\/cropped-logo-radio-touring-104.png","contentUrl":"https:\/\/progettotouring.it\/radiotouring104\/wp-content\/uploads\/sites\/6\/2022\/02\/cropped-logo-radio-touring-104.png","width":377,"height":182,"caption":"Radio Touring 104"},"image":{"@id":"https:\/\/progettotouring.it\/radiotouring104\/#\/schema\/logo\/image\/"}},{"@type":"Person","@id":"https:\/\/progettotouring.it\/radiotouring104\/#\/schema\/person\/9ccc0b52172b63cecf68b33c9d183f2f","name":"Giorgia Rieto","image":{"@type":"ImageObject","inLanguage":"it-IT","@id":"https:\/\/secure.gravatar.com\/avatar\/29782858e8bd52f2032ad567b71353a557e5033da26f3c4f64c94d32ebd8855d?s=96&d=mm&r=g","url":"https:\/\/secure.gravatar.com\/avatar\/29782858e8bd52f2032ad567b71353a557e5033da26f3c4f64c94d32ebd8855d?s=96&d=mm&r=g","contentUrl":"https:\/\/secure.gravatar.com\/avatar\/29782858e8bd52f2032ad567b71353a557e5033da26f3c4f64c94d32ebd8855d?s=96&d=mm&r=g","caption":"Giorgia Rieto"},"url":"https:\/\/progettotouring.it\/radiotouring104\/author\/giorgiarieto\/"}]}},"jetpack_publicize_connections":[],"jetpack_featured_media_url":"https:\/\/progettotouring.it\/radiotouring104\/wp-content\/uploads\/sites\/6\/2022\/04\/download-50-1.jpg","jetpack_sharing_enabled":true,"_links":{"self":[{"href":"https:\/\/progettotouring.it\/radiotouring104\/wp-json\/wp\/v2\/posts\/4179","targetHints":{"allow":["GET"]}}],"collection":[{"href":"https:\/\/progettotouring.it\/radiotouring104\/wp-json\/wp\/v2\/posts"}],"about":[{"href":"https:\/\/progettotouring.it\/radiotouring104\/wp-json\/wp\/v2\/types\/post"}],"author":[{"embeddable":true,"href":"https:\/\/progettotouring.it\/radiotouring104\/wp-json\/wp\/v2\/users\/7"}],"replies":[{"embeddable":true,"href":"https:\/\/progettotouring.it\/radiotouring104\/wp-json\/wp\/v2\/comments?post=4179"}],"version-history":[{"count":3,"href":"https:\/\/progettotouring.it\/radiotouring104\/wp-json\/wp\/v2\/posts\/4179\/revisions"}],"predecessor-version":[{"id":4248,"href":"https:\/\/progettotouring.it\/radiotouring104\/wp-json\/wp\/v2\/posts\/4179\/revisions\/4248"}],"wp:featuredmedia":[{"embeddable":true,"href":"https:\/\/progettotouring.it\/radiotouring104\/wp-json\/wp\/v2\/media\/4182"}],"wp:attachment":[{"href":"https:\/\/progettotouring.it\/radiotouring104\/wp-json\/wp\/v2\/media?parent=4179"}],"wp:term":[{"taxonomy":"category","embeddable":true,"href":"https:\/\/progettotouring.it\/radiotouring104\/wp-json\/wp\/v2\/categories?post=4179"},{"taxonomy":"post_tag","embeddable":true,"href":"https:\/\/progettotouring.it\/radiotouring104\/wp-json\/wp\/v2\/tags?post=4179"}],"curies":[{"name":"wp","href":"https:\/\/api.w.org\/{rel}","templated":true}]}}