{"id":41813,"date":"2023-12-28T15:30:36","date_gmt":"2023-12-28T14:30:36","guid":{"rendered":"https:\/\/progettotouring.it\/radiotouring104\/?p=41813"},"modified":"2023-12-29T18:41:45","modified_gmt":"2023-12-29T17:41:45","slug":"elezioni-gerace-lizzi-e-macri-annunciano-la-loro-candidatura","status":"publish","type":"post","link":"https:\/\/progettotouring.it\/radiotouring104\/2023\/12\/28\/elezioni-gerace-lizzi-e-macri-annunciano-la-loro-candidatura\/","title":{"rendered":"Elezioni Gerace: Lizzi e Macr\u00ec annunciano la loro candidatura"},"content":{"rendered":"<p style=\"text-align: justify\">In questi giorni di Festa, durante i quali ci richiamiamo al <strong>Natale<\/strong>, che \u00e8 da sempre sinonimo di famiglia, bont\u00e0 e buoni propositi, io e il mio amico Giuseppe Macr\u00ec, abbiamo deciso di annunciare con questo breve video, pubblicamente e formalmente, \u00a0il nostro impegno politico per le prossime elezioni comunali&#8221;. Inizia cos\u00ec il video con cui <strong>Rudi Lizzi e Giuseppe Macr<\/strong>\u00ec annunciano il nome della nuova lista civica con la quale correranno per le prossime elezioni comunali nella citt\u00e0 di Gerace. Insieme a <strong>Lizzi e Macr\u00ec<\/strong> c\u2019\u00e8 un gruppo di persone che uniti hanno voglia di fare bene e sempre meglio per Gerace e soprattutto per i cittadini. Prosegue <strong>Lizzi<\/strong> rivolgendosi direttamente ai cittadini <em><strong>\u201cDa questo spirito di condivisione e volont\u00e0 di fare<\/strong>, nasce il nome del nostro gruppo: &#8220;con voi per Gerace&#8221;. Il nostro intento con questa lista civica \u00e8 di mettere, o meglio rimettere, voi al centro del nostro operato. Perch\u00e9 \u00e8 per voi, con voi e soprattutto grazie a voi, che noi abbiamo avuto in passato, e ci auspichiamo di avere in futuro, l\u2019onore di amministrare la nostra amata citt\u00e0\u201d.<\/em><\/p>\n<p>Con questo video <strong>Lizzi<\/strong> e <strong>Macr\u00ec<\/strong> ufficializzano la loro unione per questo nuovo percorso politico, e infatti Macr\u00ec nel suo intervento afferma \u201c<em><strong>Oggi sono qui insieme a Rudi<\/strong> per rinnovare il mio impegno con voi e per voi nella vita politica della nostra citt\u00e0. Da anni, come ben sapete, il mio impegno \u00e8 rivolto verso di voi cittadini con l\u2019intento di fare bene quello che serve per tutti noi. Mi avete sempre visto al fianco di altre coalizioni nelle passate elezioni politiche degli ultimi 20 anni, oggi mi vedete ad appoggiare Rudi nella sua candidatura a sindaco, questo perch\u00e9 ritengo che politicamente sia arrivato il momento di dare davvero spazio ai giovani, alle nuove idee ed ai nuovi modi di fare politica&#8221;. <\/em>Continua dicendo:<em> \u201cNon dico con persone nuove perch\u00e9 anche nella nostra lista ci sono e ci saranno persone con esperienza pregressa, ma dico con nuovi punti di vista per dare un respiro diverso alla cosa pubblica&#8221;.<\/em><\/p>\n<p>Concludendo il discorso <strong>Lizzi<\/strong> precisa <em>\u201c<strong>Non vogliamo avere la presunzione di non sbagliare ma vogliamo<\/strong> \u00a0assicurarvi che saremo attenti, vigili e aperti ad ogni vostra segnalazione. Questa lista vuole essere trasparente, consapevole, coerente e aperta all&#8217;ascolto del cittadino. Naturalmente abbiamo dei punti fermi del nostro programma ma il nostro intento \u00e8 scriverlo con voi ascoltando le vostre reali necessit\u00e0. Per questo il nostro nome \u00e8 legato ad un libro e una penna, vogliamo scrivere con voi il \u00a0futuro di Gerace&#8221;.<\/em><\/p>\n<p>Questo come annunciato nel video \u00e8 solo il primo di una serie di video che il gruppo Con Voi Per Gerace far\u00e0 nei prossimi mesi per informare i cittadini di Gerace sulla futura programmazione del gruppo , dice Lizzi \u201caffinch\u00e9 abbiate tutti gli strumenti utili per scegliere al momento del voto chi realmente ascolta e prende a cuore le vostre esigenze.\u201d Proprio per questo \u00e8 stato attivato un indirizzo email dedicato convoipergerace@gmail.com.<\/p>\n","protected":false},"excerpt":{"rendered":"<p>In questi giorni di Festa, durante i quali ci richiamiamo al Natale, che \u00e8 da sempre sinonimo di famiglia, bont\u00e0 e buoni propositi, io e il mio amico Giuseppe Macr\u00ec,&hellip;<\/p>\n","protected":false},"author":8,"featured_media":41814,"comment_status":"closed","ping_status":"open","sticky":false,"template":"","format":"standard","meta":{"_jetpack_memberships_contains_paid_content":false,"footnotes":"","jetpack_publicize_message":"","jetpack_publicize_feature_enabled":true,"jetpack_social_post_already_shared":false,"jetpack_social_options":{"image_generator_settings":{"template":"highway","default_image_id":0,"font":"","enabled":false},"version":2}},"categories":[921,196,140],"tags":[1532,1245,25919],"class_list":["post-41813","post","type-post","status-publish","format-standard","has-post-thumbnail","hentry","category-home","category-news","category-reggio-calabria","tag-gerace","tag-lizzi","tag-macri"],"yoast_head":"<!-- This site is optimized with the Yoast SEO plugin v27.2 - https:\/\/yoast.com\/product\/yoast-seo-wordpress\/ -->\n<title>Elezioni Gerace: Lizzi e Macr\u00ec annunciano la loro candidatura - Radio Touring 104<\/title>\n<meta name=\"description\" content=\"Per le elezioni di Gerace Lizzi e Macr\u00ec annunciano formalmente l&#039;impegno politico per le prossime elezioni comunali\" \/>\n<meta name=\"robots\" content=\"index, follow, max-snippet:-1, max-image-preview:large, max-video-preview:-1\" \/>\n<link rel=\"canonical\" href=\"https:\/\/progettotouring.it\/radiotouring104\/2023\/12\/28\/elezioni-gerace-lizzi-e-macri-annunciano-la-loro-candidatura\/\" \/>\n<meta property=\"og:locale\" content=\"it_IT\" \/>\n<meta property=\"og:type\" content=\"article\" \/>\n<meta property=\"og:title\" content=\"Elezioni Gerace: Lizzi e Macr\u00ec annunciano la loro candidatura - Radio Touring 104\" \/>\n<meta property=\"og:description\" content=\"Per le elezioni di Gerace Lizzi e Macr\u00ec annunciano formalmente l&#039;impegno politico per le prossime elezioni comunali\" \/>\n<meta property=\"og:url\" content=\"https:\/\/progettotouring.it\/radiotouring104\/2023\/12\/28\/elezioni-gerace-lizzi-e-macri-annunciano-la-loro-candidatura\/\" \/>\n<meta property=\"og:site_name\" content=\"Radio Touring 104\" \/>\n<meta property=\"article:published_time\" content=\"2023-12-28T14:30:36+00:00\" \/>\n<meta property=\"article:modified_time\" content=\"2023-12-29T17:41:45+00:00\" \/>\n<meta property=\"og:image\" content=\"https:\/\/progettotouring.it\/radiotouring104\/wp-content\/uploads\/sites\/6\/2023\/12\/Lizzi_Macri-1.jpeg\" \/>\n\t<meta property=\"og:image:width\" content=\"1080\" \/>\n\t<meta property=\"og:image:height\" content=\"604\" \/>\n\t<meta property=\"og:image:type\" content=\"image\/jpeg\" \/>\n<meta name=\"author\" content=\"Filippo Francesco Idone\" \/>\n<meta name=\"twitter:card\" content=\"summary_large_image\" \/>\n<meta name=\"twitter:label1\" content=\"Scritto da\" \/>\n\t<meta name=\"twitter:data1\" content=\"Filippo Francesco Idone\" \/>\n\t<meta name=\"twitter:label2\" content=\"Tempo di lettura stimato\" \/>\n\t<meta name=\"twitter:data2\" content=\"2 minuti\" \/>\n<script type=\"application\/ld+json\" class=\"yoast-schema-graph\">{\"@context\":\"https:\/\/schema.org\",\"@graph\":[{\"@type\":\"Article\",\"@id\":\"https:\/\/progettotouring.it\/radiotouring104\/2023\/12\/28\/elezioni-gerace-lizzi-e-macri-annunciano-la-loro-candidatura\/#article\",\"isPartOf\":{\"@id\":\"https:\/\/progettotouring.it\/radiotouring104\/2023\/12\/28\/elezioni-gerace-lizzi-e-macri-annunciano-la-loro-candidatura\/\"},\"author\":{\"name\":\"Filippo Francesco Idone\",\"@id\":\"https:\/\/progettotouring.it\/radiotouring104\/#\/schema\/person\/4a82259ca52ac8702ad1a8f9e5a3120b\"},\"headline\":\"Elezioni Gerace: Lizzi e Macr\u00ec annunciano la loro candidatura\",\"datePublished\":\"2023-12-28T14:30:36+00:00\",\"dateModified\":\"2023-12-29T17:41:45+00:00\",\"mainEntityOfPage\":{\"@id\":\"https:\/\/progettotouring.it\/radiotouring104\/2023\/12\/28\/elezioni-gerace-lizzi-e-macri-annunciano-la-loro-candidatura\/\"},\"wordCount\":496,\"publisher\":{\"@id\":\"https:\/\/progettotouring.it\/radiotouring104\/#organization\"},\"image\":{\"@id\":\"https:\/\/progettotouring.it\/radiotouring104\/2023\/12\/28\/elezioni-gerace-lizzi-e-macri-annunciano-la-loro-candidatura\/#primaryimage\"},\"thumbnailUrl\":\"https:\/\/progettotouring.it\/radiotouring104\/wp-content\/uploads\/sites\/6\/2023\/12\/Lizzi_Macri-1.jpeg\",\"keywords\":[\"gerace\",\"Lizzi\",\"macr\u00ec\"],\"articleSection\":[\"Home\",\"News\",\"Reggio Calabria\"],\"inLanguage\":\"it-IT\"},{\"@type\":\"WebPage\",\"@id\":\"https:\/\/progettotouring.it\/radiotouring104\/2023\/12\/28\/elezioni-gerace-lizzi-e-macri-annunciano-la-loro-candidatura\/\",\"url\":\"https:\/\/progettotouring.it\/radiotouring104\/2023\/12\/28\/elezioni-gerace-lizzi-e-macri-annunciano-la-loro-candidatura\/\",\"name\":\"Elezioni Gerace: Lizzi e Macr\u00ec annunciano la loro candidatura - Radio Touring 104\",\"isPartOf\":{\"@id\":\"https:\/\/progettotouring.it\/radiotouring104\/#website\"},\"primaryImageOfPage\":{\"@id\":\"https:\/\/progettotouring.it\/radiotouring104\/2023\/12\/28\/elezioni-gerace-lizzi-e-macri-annunciano-la-loro-candidatura\/#primaryimage\"},\"image\":{\"@id\":\"https:\/\/progettotouring.it\/radiotouring104\/2023\/12\/28\/elezioni-gerace-lizzi-e-macri-annunciano-la-loro-candidatura\/#primaryimage\"},\"thumbnailUrl\":\"https:\/\/progettotouring.it\/radiotouring104\/wp-content\/uploads\/sites\/6\/2023\/12\/Lizzi_Macri-1.jpeg\",\"datePublished\":\"2023-12-28T14:30:36+00:00\",\"dateModified\":\"2023-12-29T17:41:45+00:00\",\"description\":\"Per le elezioni di Gerace Lizzi e Macr\u00ec annunciano formalmente l'impegno politico per le prossime elezioni comunali\",\"breadcrumb\":{\"@id\":\"https:\/\/progettotouring.it\/radiotouring104\/2023\/12\/28\/elezioni-gerace-lizzi-e-macri-annunciano-la-loro-candidatura\/#breadcrumb\"},\"inLanguage\":\"it-IT\",\"potentialAction\":[{\"@type\":\"ReadAction\",\"target\":[\"https:\/\/progettotouring.it\/radiotouring104\/2023\/12\/28\/elezioni-gerace-lizzi-e-macri-annunciano-la-loro-candidatura\/\"]}]},{\"@type\":\"ImageObject\",\"inLanguage\":\"it-IT\",\"@id\":\"https:\/\/progettotouring.it\/radiotouring104\/2023\/12\/28\/elezioni-gerace-lizzi-e-macri-annunciano-la-loro-candidatura\/#primaryimage\",\"url\":\"https:\/\/progettotouring.it\/radiotouring104\/wp-content\/uploads\/sites\/6\/2023\/12\/Lizzi_Macri-1.jpeg\",\"contentUrl\":\"https:\/\/progettotouring.it\/radiotouring104\/wp-content\/uploads\/sites\/6\/2023\/12\/Lizzi_Macri-1.jpeg\",\"width\":1080,\"height\":604},{\"@type\":\"BreadcrumbList\",\"@id\":\"https:\/\/progettotouring.it\/radiotouring104\/2023\/12\/28\/elezioni-gerace-lizzi-e-macri-annunciano-la-loro-candidatura\/#breadcrumb\",\"itemListElement\":[{\"@type\":\"ListItem\",\"position\":1,\"name\":\"Home\",\"item\":\"https:\/\/progettotouring.it\/radiotouring104\/\"},{\"@type\":\"ListItem\",\"position\":2,\"name\":\"Elezioni Gerace: Lizzi e Macr\u00ec annunciano la loro candidatura\"}]},{\"@type\":\"WebSite\",\"@id\":\"https:\/\/progettotouring.it\/radiotouring104\/#website\",\"url\":\"https:\/\/progettotouring.it\/radiotouring104\/\",\"name\":\"Radio Touring 104\",\"description\":\"La prima radio Reggina\",\"publisher\":{\"@id\":\"https:\/\/progettotouring.it\/radiotouring104\/#organization\"},\"potentialAction\":[{\"@type\":\"SearchAction\",\"target\":{\"@type\":\"EntryPoint\",\"urlTemplate\":\"https:\/\/progettotouring.it\/radiotouring104\/?s={search_term_string}\"},\"query-input\":{\"@type\":\"PropertyValueSpecification\",\"valueRequired\":true,\"valueName\":\"search_term_string\"}}],\"inLanguage\":\"it-IT\"},{\"@type\":\"Organization\",\"@id\":\"https:\/\/progettotouring.it\/radiotouring104\/#organization\",\"name\":\"Radio Touring 104\",\"url\":\"https:\/\/progettotouring.it\/radiotouring104\/\",\"logo\":{\"@type\":\"ImageObject\",\"inLanguage\":\"it-IT\",\"@id\":\"https:\/\/progettotouring.it\/radiotouring104\/#\/schema\/logo\/image\/\",\"url\":\"https:\/\/progettotouring.it\/radiotouring104\/wp-content\/uploads\/sites\/6\/2022\/02\/cropped-logo-radio-touring-104.png\",\"contentUrl\":\"https:\/\/progettotouring.it\/radiotouring104\/wp-content\/uploads\/sites\/6\/2022\/02\/cropped-logo-radio-touring-104.png\",\"width\":377,\"height\":182,\"caption\":\"Radio Touring 104\"},\"image\":{\"@id\":\"https:\/\/progettotouring.it\/radiotouring104\/#\/schema\/logo\/image\/\"}},{\"@type\":\"Person\",\"@id\":\"https:\/\/progettotouring.it\/radiotouring104\/#\/schema\/person\/4a82259ca52ac8702ad1a8f9e5a3120b\",\"name\":\"Filippo Francesco Idone\",\"image\":{\"@type\":\"ImageObject\",\"inLanguage\":\"it-IT\",\"@id\":\"https:\/\/secure.gravatar.com\/avatar\/7268715d2366395c3dd314385670e6484117d44f5c442e61e230f7008b7b62d3?s=96&d=mm&r=g\",\"url\":\"https:\/\/secure.gravatar.com\/avatar\/7268715d2366395c3dd314385670e6484117d44f5c442e61e230f7008b7b62d3?s=96&d=mm&r=g\",\"contentUrl\":\"https:\/\/secure.gravatar.com\/avatar\/7268715d2366395c3dd314385670e6484117d44f5c442e61e230f7008b7b62d3?s=96&d=mm&r=g\",\"caption\":\"Filippo Francesco Idone\"},\"url\":\"https:\/\/progettotouring.it\/radiotouring104\/author\/filippoidone\/\"}]}<\/script>\n<!-- \/ Yoast SEO plugin. -->","yoast_head_json":{"title":"Elezioni Gerace: Lizzi e Macr\u00ec annunciano la loro candidatura - Radio Touring 104","description":"Per le elezioni di Gerace Lizzi e Macr\u00ec annunciano formalmente l'impegno politico per le prossime elezioni comunali","robots":{"index":"index","follow":"follow","max-snippet":"max-snippet:-1","max-image-preview":"max-image-preview:large","max-video-preview":"max-video-preview:-1"},"canonical":"https:\/\/progettotouring.it\/radiotouring104\/2023\/12\/28\/elezioni-gerace-lizzi-e-macri-annunciano-la-loro-candidatura\/","og_locale":"it_IT","og_type":"article","og_title":"Elezioni Gerace: Lizzi e Macr\u00ec annunciano la loro candidatura - Radio Touring 104","og_description":"Per le elezioni di Gerace Lizzi e Macr\u00ec annunciano formalmente l'impegno politico per le prossime elezioni comunali","og_url":"https:\/\/progettotouring.it\/radiotouring104\/2023\/12\/28\/elezioni-gerace-lizzi-e-macri-annunciano-la-loro-candidatura\/","og_site_name":"Radio Touring 104","article_published_time":"2023-12-28T14:30:36+00:00","article_modified_time":"2023-12-29T17:41:45+00:00","og_image":[{"width":1080,"height":604,"url":"https:\/\/progettotouring.it\/radiotouring104\/wp-content\/uploads\/sites\/6\/2023\/12\/Lizzi_Macri-1.jpeg","type":"image\/jpeg"}],"author":"Filippo Francesco Idone","twitter_card":"summary_large_image","twitter_misc":{"Scritto da":"Filippo Francesco Idone","Tempo di lettura stimato":"2 minuti"},"schema":{"@context":"https:\/\/schema.org","@graph":[{"@type":"Article","@id":"https:\/\/progettotouring.it\/radiotouring104\/2023\/12\/28\/elezioni-gerace-lizzi-e-macri-annunciano-la-loro-candidatura\/#article","isPartOf":{"@id":"https:\/\/progettotouring.it\/radiotouring104\/2023\/12\/28\/elezioni-gerace-lizzi-e-macri-annunciano-la-loro-candidatura\/"},"author":{"name":"Filippo Francesco Idone","@id":"https:\/\/progettotouring.it\/radiotouring104\/#\/schema\/person\/4a82259ca52ac8702ad1a8f9e5a3120b"},"headline":"Elezioni Gerace: Lizzi e Macr\u00ec annunciano la loro candidatura","datePublished":"2023-12-28T14:30:36+00:00","dateModified":"2023-12-29T17:41:45+00:00","mainEntityOfPage":{"@id":"https:\/\/progettotouring.it\/radiotouring104\/2023\/12\/28\/elezioni-gerace-lizzi-e-macri-annunciano-la-loro-candidatura\/"},"wordCount":496,"publisher":{"@id":"https:\/\/progettotouring.it\/radiotouring104\/#organization"},"image":{"@id":"https:\/\/progettotouring.it\/radiotouring104\/2023\/12\/28\/elezioni-gerace-lizzi-e-macri-annunciano-la-loro-candidatura\/#primaryimage"},"thumbnailUrl":"https:\/\/progettotouring.it\/radiotouring104\/wp-content\/uploads\/sites\/6\/2023\/12\/Lizzi_Macri-1.jpeg","keywords":["gerace","Lizzi","macr\u00ec"],"articleSection":["Home","News","Reggio Calabria"],"inLanguage":"it-IT"},{"@type":"WebPage","@id":"https:\/\/progettotouring.it\/radiotouring104\/2023\/12\/28\/elezioni-gerace-lizzi-e-macri-annunciano-la-loro-candidatura\/","url":"https:\/\/progettotouring.it\/radiotouring104\/2023\/12\/28\/elezioni-gerace-lizzi-e-macri-annunciano-la-loro-candidatura\/","name":"Elezioni Gerace: Lizzi e Macr\u00ec annunciano la loro candidatura - Radio Touring 104","isPartOf":{"@id":"https:\/\/progettotouring.it\/radiotouring104\/#website"},"primaryImageOfPage":{"@id":"https:\/\/progettotouring.it\/radiotouring104\/2023\/12\/28\/elezioni-gerace-lizzi-e-macri-annunciano-la-loro-candidatura\/#primaryimage"},"image":{"@id":"https:\/\/progettotouring.it\/radiotouring104\/2023\/12\/28\/elezioni-gerace-lizzi-e-macri-annunciano-la-loro-candidatura\/#primaryimage"},"thumbnailUrl":"https:\/\/progettotouring.it\/radiotouring104\/wp-content\/uploads\/sites\/6\/2023\/12\/Lizzi_Macri-1.jpeg","datePublished":"2023-12-28T14:30:36+00:00","dateModified":"2023-12-29T17:41:45+00:00","description":"Per le elezioni di Gerace Lizzi e Macr\u00ec annunciano formalmente l'impegno politico per le prossime elezioni comunali","breadcrumb":{"@id":"https:\/\/progettotouring.it\/radiotouring104\/2023\/12\/28\/elezioni-gerace-lizzi-e-macri-annunciano-la-loro-candidatura\/#breadcrumb"},"inLanguage":"it-IT","potentialAction":[{"@type":"ReadAction","target":["https:\/\/progettotouring.it\/radiotouring104\/2023\/12\/28\/elezioni-gerace-lizzi-e-macri-annunciano-la-loro-candidatura\/"]}]},{"@type":"ImageObject","inLanguage":"it-IT","@id":"https:\/\/progettotouring.it\/radiotouring104\/2023\/12\/28\/elezioni-gerace-lizzi-e-macri-annunciano-la-loro-candidatura\/#primaryimage","url":"https:\/\/progettotouring.it\/radiotouring104\/wp-content\/uploads\/sites\/6\/2023\/12\/Lizzi_Macri-1.jpeg","contentUrl":"https:\/\/progettotouring.it\/radiotouring104\/wp-content\/uploads\/sites\/6\/2023\/12\/Lizzi_Macri-1.jpeg","width":1080,"height":604},{"@type":"BreadcrumbList","@id":"https:\/\/progettotouring.it\/radiotouring104\/2023\/12\/28\/elezioni-gerace-lizzi-e-macri-annunciano-la-loro-candidatura\/#breadcrumb","itemListElement":[{"@type":"ListItem","position":1,"name":"Home","item":"https:\/\/progettotouring.it\/radiotouring104\/"},{"@type":"ListItem","position":2,"name":"Elezioni Gerace: Lizzi e Macr\u00ec annunciano la loro candidatura"}]},{"@type":"WebSite","@id":"https:\/\/progettotouring.it\/radiotouring104\/#website","url":"https:\/\/progettotouring.it\/radiotouring104\/","name":"Radio Touring 104","description":"La prima radio Reggina","publisher":{"@id":"https:\/\/progettotouring.it\/radiotouring104\/#organization"},"potentialAction":[{"@type":"SearchAction","target":{"@type":"EntryPoint","urlTemplate":"https:\/\/progettotouring.it\/radiotouring104\/?s={search_term_string}"},"query-input":{"@type":"PropertyValueSpecification","valueRequired":true,"valueName":"search_term_string"}}],"inLanguage":"it-IT"},{"@type":"Organization","@id":"https:\/\/progettotouring.it\/radiotouring104\/#organization","name":"Radio Touring 104","url":"https:\/\/progettotouring.it\/radiotouring104\/","logo":{"@type":"ImageObject","inLanguage":"it-IT","@id":"https:\/\/progettotouring.it\/radiotouring104\/#\/schema\/logo\/image\/","url":"https:\/\/progettotouring.it\/radiotouring104\/wp-content\/uploads\/sites\/6\/2022\/02\/cropped-logo-radio-touring-104.png","contentUrl":"https:\/\/progettotouring.it\/radiotouring104\/wp-content\/uploads\/sites\/6\/2022\/02\/cropped-logo-radio-touring-104.png","width":377,"height":182,"caption":"Radio Touring 104"},"image":{"@id":"https:\/\/progettotouring.it\/radiotouring104\/#\/schema\/logo\/image\/"}},{"@type":"Person","@id":"https:\/\/progettotouring.it\/radiotouring104\/#\/schema\/person\/4a82259ca52ac8702ad1a8f9e5a3120b","name":"Filippo Francesco Idone","image":{"@type":"ImageObject","inLanguage":"it-IT","@id":"https:\/\/secure.gravatar.com\/avatar\/7268715d2366395c3dd314385670e6484117d44f5c442e61e230f7008b7b62d3?s=96&d=mm&r=g","url":"https:\/\/secure.gravatar.com\/avatar\/7268715d2366395c3dd314385670e6484117d44f5c442e61e230f7008b7b62d3?s=96&d=mm&r=g","contentUrl":"https:\/\/secure.gravatar.com\/avatar\/7268715d2366395c3dd314385670e6484117d44f5c442e61e230f7008b7b62d3?s=96&d=mm&r=g","caption":"Filippo Francesco Idone"},"url":"https:\/\/progettotouring.it\/radiotouring104\/author\/filippoidone\/"}]}},"jetpack_publicize_connections":[],"jetpack_featured_media_url":"https:\/\/progettotouring.it\/radiotouring104\/wp-content\/uploads\/sites\/6\/2023\/12\/Lizzi_Macri-1.jpeg","jetpack_sharing_enabled":true,"_links":{"self":[{"href":"https:\/\/progettotouring.it\/radiotouring104\/wp-json\/wp\/v2\/posts\/41813","targetHints":{"allow":["GET"]}}],"collection":[{"href":"https:\/\/progettotouring.it\/radiotouring104\/wp-json\/wp\/v2\/posts"}],"about":[{"href":"https:\/\/progettotouring.it\/radiotouring104\/wp-json\/wp\/v2\/types\/post"}],"author":[{"embeddable":true,"href":"https:\/\/progettotouring.it\/radiotouring104\/wp-json\/wp\/v2\/users\/8"}],"replies":[{"embeddable":true,"href":"https:\/\/progettotouring.it\/radiotouring104\/wp-json\/wp\/v2\/comments?post=41813"}],"version-history":[{"count":2,"href":"https:\/\/progettotouring.it\/radiotouring104\/wp-json\/wp\/v2\/posts\/41813\/revisions"}],"predecessor-version":[{"id":41816,"href":"https:\/\/progettotouring.it\/radiotouring104\/wp-json\/wp\/v2\/posts\/41813\/revisions\/41816"}],"wp:featuredmedia":[{"embeddable":true,"href":"https:\/\/progettotouring.it\/radiotouring104\/wp-json\/wp\/v2\/media\/41814"}],"wp:attachment":[{"href":"https:\/\/progettotouring.it\/radiotouring104\/wp-json\/wp\/v2\/media?parent=41813"}],"wp:term":[{"taxonomy":"category","embeddable":true,"href":"https:\/\/progettotouring.it\/radiotouring104\/wp-json\/wp\/v2\/categories?post=41813"},{"taxonomy":"post_tag","embeddable":true,"href":"https:\/\/progettotouring.it\/radiotouring104\/wp-json\/wp\/v2\/tags?post=41813"}],"curies":[{"name":"wp","href":"https:\/\/api.w.org\/{rel}","templated":true}]}}