{"id":41820,"date":"2023-12-28T11:41:52","date_gmt":"2023-12-28T10:41:52","guid":{"rendered":"https:\/\/progettotouring.it\/radiotouring104\/?p=41820"},"modified":"2023-12-29T19:07:26","modified_gmt":"2023-12-29T18:07:26","slug":"marziale-sulla-mozione-eta-del-consenso-sessuale-presto-ddl-in-parlamento","status":"publish","type":"post","link":"https:\/\/progettotouring.it\/radiotouring104\/2023\/12\/28\/marziale-sulla-mozione-eta-del-consenso-sessuale-presto-ddl-in-parlamento\/","title":{"rendered":"Marziale sulla mozione et\u00e0 del consenso sessuale: &#8220;Presto DDL in Parlamento&#8221;"},"content":{"rendered":"<p style=\"text-align: justify\"><em><strong>\u201cIl voto unanime<\/strong> che ha approvato la <strong>\u201cMozione sull\u2019et\u00e0 del consenso sessuale\u201d<\/strong> in <strong>Consiglio<\/strong> <strong>Regionale<\/strong> il 25 luglio scorso, \u00e8 senza dubbio un atto politico e sociale la cui importanza planetaria la si comprender\u00e0 pienamente il giorno in cui approder\u00e0 come Disegno di Legge in Parlamento, giacch\u00e9 mi consta che a breve cos\u00ec sar\u00e0\u201d<\/em>: \u00e8 quanto dichiara il sociologo Antonio Marziale, Garante per l\u2019Infanzia e l\u2019Adolescenza della Regione Calabria, nel tirare le somme di un anno di lavoro, il primo del suo secondo mandato.<\/p>\n<p style=\"text-align: justify\"><em>\u201c<strong>L\u2019Italia<\/strong> \u00e8 il <strong>Paese<\/strong> con la soglia del consenso sessuale pi\u00f9 bassa d\u2019Europa, comunque del mondo occidentale <\/em>\u2013 continua Marziale \u2013 <em>e la massima Assemblea regionale calabrese si \u00e8 posta il problema, stimolata dal Garante, trovando nel capogruppo di FdI, Giuseppe Neri, primo firmatario, la dovuta ed attenta sensibilit\u00e0, e nel presidente del Consiglio, Filippo Mancuso, la determinazione a non perdere tempo. E a non perdere tempo sono stati tutti i consiglieri regionali indistintamente, che hanno deciso di assumere tale responsabilit\u00e0 superando qualsiasi eventuale ostacolo ideologico pur di porsi dalla parte dei bambini. L\u2019obiettivo \u00e8 sensibilizzare il <strong>Parlamento<\/strong> ad innalzare il limite anagrafico dagli attuali 14 almeno a 16 anni. La legislazione attuale rasenta la pedofilia e bisogna dirlo coraggiosamente ad alta voce\u201d.<\/em><\/p>\n<p style=\"text-align: justify\"><em>\u201cLa mozione \u00e8 stata notificata a tutti i deputati e senatori della <strong>Repubblica Italiana<\/strong> e sta per arrivare ai parlamentari europei ed agli ambasciatori <strong>ONU<\/strong><\/em>\u2013 rende noto il Garante <em>\u2013 perch\u00e9 \u00e8 inaccettabile il processo di adultizzazione precoce che, sotto mentite spoglie subculturali, galoppa deturpando i tempi dell\u2019infanzia. Quattordici anni sono pi\u00f9 vicini all\u2019infanzia che all\u2019adolescenza. La presidente della Commissione Pari Opportunit\u00e0 calabrese, <strong>Anna<\/strong> <strong>De Gaio<\/strong>, l\u2019ha ratificata insieme alle commissarie e l\u2019ha portata al tavolo della loro Conferenza nazionale. Io ho chiesto all\u2019Autorit\u00e0 Garante nazionale per l\u2019Infanzia e l\u2019Adolescenza, Carla <strong>Garlatti<\/strong>, di inserirla all\u2019ordine del giorno della prossima Conferenza nazionale dei miei omologhi regionali e delle province autonome. L\u2019approdo in Parlamento non potr\u00e0 che trovare alleato un Paese in cui la volont\u00e0 di pochi non pu\u00f2 sovrastare la determinazione dei pi\u00f9 a riconoscere il tempo dell\u2019infanzia e dell\u2019adolescenza quale diritto inalienabile\u201d. <\/em><em>\u201cOvviamente <\/em>\u2013 conclude Marziale \u2013 <em>durante l\u2019anno \u00e8 stato fatto tantissimo altro, di cui dar\u00f2 come al solito e come legge prevede ampia divulgazione nella relazione annuale, la cui data concorderemo insieme al presidente Mancuso\u201d.<\/em><\/p>\n","protected":false},"excerpt":{"rendered":"<p>\u201cIl voto unanime che ha approvato la \u201cMozione sull\u2019et\u00e0 del consenso sessuale\u201d in Consiglio Regionale il 25 luglio scorso, \u00e8 senza dubbio un atto politico e sociale la cui importanza&hellip;<\/p>\n","protected":false},"author":8,"featured_media":17771,"comment_status":"closed","ping_status":"open","sticky":false,"template":"","format":"standard","meta":{"_jetpack_memberships_contains_paid_content":false,"footnotes":"","jetpack_publicize_message":"","jetpack_publicize_feature_enabled":true,"jetpack_social_post_already_shared":false,"jetpack_social_options":{"image_generator_settings":{"template":"highway","default_image_id":0,"font":"","enabled":false},"version":2}},"categories":[142,921,196],"tags":[5345,586,25920],"class_list":["post-41820","post","type-post","status-publish","format-standard","has-post-thumbnail","hentry","category-calabria","category-home","category-news","tag-antonio-marziale","tag-calabria","tag-garante-diritti"],"yoast_head":"<!-- This site is optimized with the Yoast SEO plugin v27.2 - https:\/\/yoast.com\/product\/yoast-seo-wordpress\/ -->\n<title>Marziale sulla mozione et\u00e0 del consenso sessuale: &quot;Presto DDL in Parlamento&quot; - Radio Touring 104<\/title>\n<meta name=\"description\" content=\"Antonio Marziale, Garante per l\u2019Infanzia e l\u2019Adolescenza della Regione Calabria, ha parlato del DDL sulla mozione et\u00e0 del consenso sessuale\" \/>\n<meta name=\"robots\" content=\"index, follow, max-snippet:-1, max-image-preview:large, max-video-preview:-1\" \/>\n<link rel=\"canonical\" href=\"https:\/\/progettotouring.it\/radiotouring104\/2023\/12\/28\/marziale-sulla-mozione-eta-del-consenso-sessuale-presto-ddl-in-parlamento\/\" \/>\n<meta property=\"og:locale\" content=\"it_IT\" \/>\n<meta property=\"og:type\" content=\"article\" \/>\n<meta property=\"og:title\" content=\"Marziale sulla mozione et\u00e0 del consenso sessuale: &quot;Presto DDL in Parlamento&quot; - Radio Touring 104\" \/>\n<meta property=\"og:description\" content=\"Antonio Marziale, Garante per l\u2019Infanzia e l\u2019Adolescenza della Regione Calabria, ha parlato del DDL sulla mozione et\u00e0 del consenso sessuale\" \/>\n<meta property=\"og:url\" content=\"https:\/\/progettotouring.it\/radiotouring104\/2023\/12\/28\/marziale-sulla-mozione-eta-del-consenso-sessuale-presto-ddl-in-parlamento\/\" \/>\n<meta property=\"og:site_name\" content=\"Radio Touring 104\" \/>\n<meta property=\"article:published_time\" content=\"2023-12-28T10:41:52+00:00\" \/>\n<meta property=\"article:modified_time\" content=\"2023-12-29T18:07:26+00:00\" \/>\n<meta property=\"og:image\" content=\"https:\/\/progettotouring.it\/radiotouring104\/wp-content\/uploads\/sites\/6\/2023\/01\/Marziale.jpg\" \/>\n\t<meta property=\"og:image:width\" content=\"640\" \/>\n\t<meta property=\"og:image:height\" content=\"640\" \/>\n\t<meta property=\"og:image:type\" content=\"image\/jpeg\" \/>\n<meta name=\"author\" content=\"Filippo Francesco Idone\" \/>\n<meta name=\"twitter:card\" content=\"summary_large_image\" \/>\n<meta name=\"twitter:label1\" content=\"Scritto da\" \/>\n\t<meta name=\"twitter:data1\" content=\"Filippo Francesco Idone\" \/>\n\t<meta name=\"twitter:label2\" content=\"Tempo di lettura stimato\" \/>\n\t<meta name=\"twitter:data2\" content=\"2 minuti\" \/>\n<script type=\"application\/ld+json\" class=\"yoast-schema-graph\">{\"@context\":\"https:\/\/schema.org\",\"@graph\":[{\"@type\":\"Article\",\"@id\":\"https:\/\/progettotouring.it\/radiotouring104\/2023\/12\/28\/marziale-sulla-mozione-eta-del-consenso-sessuale-presto-ddl-in-parlamento\/#article\",\"isPartOf\":{\"@id\":\"https:\/\/progettotouring.it\/radiotouring104\/2023\/12\/28\/marziale-sulla-mozione-eta-del-consenso-sessuale-presto-ddl-in-parlamento\/\"},\"author\":{\"name\":\"Filippo Francesco Idone\",\"@id\":\"https:\/\/progettotouring.it\/radiotouring104\/#\/schema\/person\/4a82259ca52ac8702ad1a8f9e5a3120b\"},\"headline\":\"Marziale sulla mozione et\u00e0 del consenso sessuale: &#8220;Presto DDL in Parlamento&#8221;\",\"datePublished\":\"2023-12-28T10:41:52+00:00\",\"dateModified\":\"2023-12-29T18:07:26+00:00\",\"mainEntityOfPage\":{\"@id\":\"https:\/\/progettotouring.it\/radiotouring104\/2023\/12\/28\/marziale-sulla-mozione-eta-del-consenso-sessuale-presto-ddl-in-parlamento\/\"},\"wordCount\":398,\"publisher\":{\"@id\":\"https:\/\/progettotouring.it\/radiotouring104\/#organization\"},\"image\":{\"@id\":\"https:\/\/progettotouring.it\/radiotouring104\/2023\/12\/28\/marziale-sulla-mozione-eta-del-consenso-sessuale-presto-ddl-in-parlamento\/#primaryimage\"},\"thumbnailUrl\":\"https:\/\/progettotouring.it\/radiotouring104\/wp-content\/uploads\/sites\/6\/2023\/01\/Marziale.jpg\",\"keywords\":[\"Antonio Marziale\",\"calabria\",\"garante diritti\"],\"articleSection\":[\"Calabria\",\"Home\",\"News\"],\"inLanguage\":\"it-IT\"},{\"@type\":\"WebPage\",\"@id\":\"https:\/\/progettotouring.it\/radiotouring104\/2023\/12\/28\/marziale-sulla-mozione-eta-del-consenso-sessuale-presto-ddl-in-parlamento\/\",\"url\":\"https:\/\/progettotouring.it\/radiotouring104\/2023\/12\/28\/marziale-sulla-mozione-eta-del-consenso-sessuale-presto-ddl-in-parlamento\/\",\"name\":\"Marziale sulla mozione et\u00e0 del consenso sessuale: \\\"Presto DDL in Parlamento\\\" - Radio Touring 104\",\"isPartOf\":{\"@id\":\"https:\/\/progettotouring.it\/radiotouring104\/#website\"},\"primaryImageOfPage\":{\"@id\":\"https:\/\/progettotouring.it\/radiotouring104\/2023\/12\/28\/marziale-sulla-mozione-eta-del-consenso-sessuale-presto-ddl-in-parlamento\/#primaryimage\"},\"image\":{\"@id\":\"https:\/\/progettotouring.it\/radiotouring104\/2023\/12\/28\/marziale-sulla-mozione-eta-del-consenso-sessuale-presto-ddl-in-parlamento\/#primaryimage\"},\"thumbnailUrl\":\"https:\/\/progettotouring.it\/radiotouring104\/wp-content\/uploads\/sites\/6\/2023\/01\/Marziale.jpg\",\"datePublished\":\"2023-12-28T10:41:52+00:00\",\"dateModified\":\"2023-12-29T18:07:26+00:00\",\"description\":\"Antonio Marziale, Garante per l\u2019Infanzia e l\u2019Adolescenza della Regione Calabria, ha parlato del DDL sulla mozione et\u00e0 del consenso sessuale\",\"breadcrumb\":{\"@id\":\"https:\/\/progettotouring.it\/radiotouring104\/2023\/12\/28\/marziale-sulla-mozione-eta-del-consenso-sessuale-presto-ddl-in-parlamento\/#breadcrumb\"},\"inLanguage\":\"it-IT\",\"potentialAction\":[{\"@type\":\"ReadAction\",\"target\":[\"https:\/\/progettotouring.it\/radiotouring104\/2023\/12\/28\/marziale-sulla-mozione-eta-del-consenso-sessuale-presto-ddl-in-parlamento\/\"]}]},{\"@type\":\"ImageObject\",\"inLanguage\":\"it-IT\",\"@id\":\"https:\/\/progettotouring.it\/radiotouring104\/2023\/12\/28\/marziale-sulla-mozione-eta-del-consenso-sessuale-presto-ddl-in-parlamento\/#primaryimage\",\"url\":\"https:\/\/progettotouring.it\/radiotouring104\/wp-content\/uploads\/sites\/6\/2023\/01\/Marziale.jpg\",\"contentUrl\":\"https:\/\/progettotouring.it\/radiotouring104\/wp-content\/uploads\/sites\/6\/2023\/01\/Marziale.jpg\",\"width\":640,\"height\":640},{\"@type\":\"BreadcrumbList\",\"@id\":\"https:\/\/progettotouring.it\/radiotouring104\/2023\/12\/28\/marziale-sulla-mozione-eta-del-consenso-sessuale-presto-ddl-in-parlamento\/#breadcrumb\",\"itemListElement\":[{\"@type\":\"ListItem\",\"position\":1,\"name\":\"Home\",\"item\":\"https:\/\/progettotouring.it\/radiotouring104\/\"},{\"@type\":\"ListItem\",\"position\":2,\"name\":\"Marziale sulla mozione et\u00e0 del consenso sessuale: &#8220;Presto DDL in Parlamento&#8221;\"}]},{\"@type\":\"WebSite\",\"@id\":\"https:\/\/progettotouring.it\/radiotouring104\/#website\",\"url\":\"https:\/\/progettotouring.it\/radiotouring104\/\",\"name\":\"Radio Touring 104\",\"description\":\"La prima radio Reggina\",\"publisher\":{\"@id\":\"https:\/\/progettotouring.it\/radiotouring104\/#organization\"},\"potentialAction\":[{\"@type\":\"SearchAction\",\"target\":{\"@type\":\"EntryPoint\",\"urlTemplate\":\"https:\/\/progettotouring.it\/radiotouring104\/?s={search_term_string}\"},\"query-input\":{\"@type\":\"PropertyValueSpecification\",\"valueRequired\":true,\"valueName\":\"search_term_string\"}}],\"inLanguage\":\"it-IT\"},{\"@type\":\"Organization\",\"@id\":\"https:\/\/progettotouring.it\/radiotouring104\/#organization\",\"name\":\"Radio Touring 104\",\"url\":\"https:\/\/progettotouring.it\/radiotouring104\/\",\"logo\":{\"@type\":\"ImageObject\",\"inLanguage\":\"it-IT\",\"@id\":\"https:\/\/progettotouring.it\/radiotouring104\/#\/schema\/logo\/image\/\",\"url\":\"https:\/\/progettotouring.it\/radiotouring104\/wp-content\/uploads\/sites\/6\/2022\/02\/cropped-logo-radio-touring-104.png\",\"contentUrl\":\"https:\/\/progettotouring.it\/radiotouring104\/wp-content\/uploads\/sites\/6\/2022\/02\/cropped-logo-radio-touring-104.png\",\"width\":377,\"height\":182,\"caption\":\"Radio Touring 104\"},\"image\":{\"@id\":\"https:\/\/progettotouring.it\/radiotouring104\/#\/schema\/logo\/image\/\"}},{\"@type\":\"Person\",\"@id\":\"https:\/\/progettotouring.it\/radiotouring104\/#\/schema\/person\/4a82259ca52ac8702ad1a8f9e5a3120b\",\"name\":\"Filippo Francesco Idone\",\"image\":{\"@type\":\"ImageObject\",\"inLanguage\":\"it-IT\",\"@id\":\"https:\/\/secure.gravatar.com\/avatar\/7268715d2366395c3dd314385670e6484117d44f5c442e61e230f7008b7b62d3?s=96&d=mm&r=g\",\"url\":\"https:\/\/secure.gravatar.com\/avatar\/7268715d2366395c3dd314385670e6484117d44f5c442e61e230f7008b7b62d3?s=96&d=mm&r=g\",\"contentUrl\":\"https:\/\/secure.gravatar.com\/avatar\/7268715d2366395c3dd314385670e6484117d44f5c442e61e230f7008b7b62d3?s=96&d=mm&r=g\",\"caption\":\"Filippo Francesco Idone\"},\"url\":\"https:\/\/progettotouring.it\/radiotouring104\/author\/filippoidone\/\"}]}<\/script>\n<!-- \/ Yoast SEO plugin. -->","yoast_head_json":{"title":"Marziale sulla mozione et\u00e0 del consenso sessuale: \"Presto DDL in Parlamento\" - Radio Touring 104","description":"Antonio Marziale, Garante per l\u2019Infanzia e l\u2019Adolescenza della Regione Calabria, ha parlato del DDL sulla mozione et\u00e0 del consenso sessuale","robots":{"index":"index","follow":"follow","max-snippet":"max-snippet:-1","max-image-preview":"max-image-preview:large","max-video-preview":"max-video-preview:-1"},"canonical":"https:\/\/progettotouring.it\/radiotouring104\/2023\/12\/28\/marziale-sulla-mozione-eta-del-consenso-sessuale-presto-ddl-in-parlamento\/","og_locale":"it_IT","og_type":"article","og_title":"Marziale sulla mozione et\u00e0 del consenso sessuale: \"Presto DDL in Parlamento\" - Radio Touring 104","og_description":"Antonio Marziale, Garante per l\u2019Infanzia e l\u2019Adolescenza della Regione Calabria, ha parlato del DDL sulla mozione et\u00e0 del consenso sessuale","og_url":"https:\/\/progettotouring.it\/radiotouring104\/2023\/12\/28\/marziale-sulla-mozione-eta-del-consenso-sessuale-presto-ddl-in-parlamento\/","og_site_name":"Radio Touring 104","article_published_time":"2023-12-28T10:41:52+00:00","article_modified_time":"2023-12-29T18:07:26+00:00","og_image":[{"width":640,"height":640,"url":"https:\/\/progettotouring.it\/radiotouring104\/wp-content\/uploads\/sites\/6\/2023\/01\/Marziale.jpg","type":"image\/jpeg"}],"author":"Filippo Francesco Idone","twitter_card":"summary_large_image","twitter_misc":{"Scritto da":"Filippo Francesco Idone","Tempo di lettura stimato":"2 minuti"},"schema":{"@context":"https:\/\/schema.org","@graph":[{"@type":"Article","@id":"https:\/\/progettotouring.it\/radiotouring104\/2023\/12\/28\/marziale-sulla-mozione-eta-del-consenso-sessuale-presto-ddl-in-parlamento\/#article","isPartOf":{"@id":"https:\/\/progettotouring.it\/radiotouring104\/2023\/12\/28\/marziale-sulla-mozione-eta-del-consenso-sessuale-presto-ddl-in-parlamento\/"},"author":{"name":"Filippo Francesco Idone","@id":"https:\/\/progettotouring.it\/radiotouring104\/#\/schema\/person\/4a82259ca52ac8702ad1a8f9e5a3120b"},"headline":"Marziale sulla mozione et\u00e0 del consenso sessuale: &#8220;Presto DDL in Parlamento&#8221;","datePublished":"2023-12-28T10:41:52+00:00","dateModified":"2023-12-29T18:07:26+00:00","mainEntityOfPage":{"@id":"https:\/\/progettotouring.it\/radiotouring104\/2023\/12\/28\/marziale-sulla-mozione-eta-del-consenso-sessuale-presto-ddl-in-parlamento\/"},"wordCount":398,"publisher":{"@id":"https:\/\/progettotouring.it\/radiotouring104\/#organization"},"image":{"@id":"https:\/\/progettotouring.it\/radiotouring104\/2023\/12\/28\/marziale-sulla-mozione-eta-del-consenso-sessuale-presto-ddl-in-parlamento\/#primaryimage"},"thumbnailUrl":"https:\/\/progettotouring.it\/radiotouring104\/wp-content\/uploads\/sites\/6\/2023\/01\/Marziale.jpg","keywords":["Antonio Marziale","calabria","garante diritti"],"articleSection":["Calabria","Home","News"],"inLanguage":"it-IT"},{"@type":"WebPage","@id":"https:\/\/progettotouring.it\/radiotouring104\/2023\/12\/28\/marziale-sulla-mozione-eta-del-consenso-sessuale-presto-ddl-in-parlamento\/","url":"https:\/\/progettotouring.it\/radiotouring104\/2023\/12\/28\/marziale-sulla-mozione-eta-del-consenso-sessuale-presto-ddl-in-parlamento\/","name":"Marziale sulla mozione et\u00e0 del consenso sessuale: \"Presto DDL in Parlamento\" - Radio Touring 104","isPartOf":{"@id":"https:\/\/progettotouring.it\/radiotouring104\/#website"},"primaryImageOfPage":{"@id":"https:\/\/progettotouring.it\/radiotouring104\/2023\/12\/28\/marziale-sulla-mozione-eta-del-consenso-sessuale-presto-ddl-in-parlamento\/#primaryimage"},"image":{"@id":"https:\/\/progettotouring.it\/radiotouring104\/2023\/12\/28\/marziale-sulla-mozione-eta-del-consenso-sessuale-presto-ddl-in-parlamento\/#primaryimage"},"thumbnailUrl":"https:\/\/progettotouring.it\/radiotouring104\/wp-content\/uploads\/sites\/6\/2023\/01\/Marziale.jpg","datePublished":"2023-12-28T10:41:52+00:00","dateModified":"2023-12-29T18:07:26+00:00","description":"Antonio Marziale, Garante per l\u2019Infanzia e l\u2019Adolescenza della Regione Calabria, ha parlato del DDL sulla mozione et\u00e0 del consenso sessuale","breadcrumb":{"@id":"https:\/\/progettotouring.it\/radiotouring104\/2023\/12\/28\/marziale-sulla-mozione-eta-del-consenso-sessuale-presto-ddl-in-parlamento\/#breadcrumb"},"inLanguage":"it-IT","potentialAction":[{"@type":"ReadAction","target":["https:\/\/progettotouring.it\/radiotouring104\/2023\/12\/28\/marziale-sulla-mozione-eta-del-consenso-sessuale-presto-ddl-in-parlamento\/"]}]},{"@type":"ImageObject","inLanguage":"it-IT","@id":"https:\/\/progettotouring.it\/radiotouring104\/2023\/12\/28\/marziale-sulla-mozione-eta-del-consenso-sessuale-presto-ddl-in-parlamento\/#primaryimage","url":"https:\/\/progettotouring.it\/radiotouring104\/wp-content\/uploads\/sites\/6\/2023\/01\/Marziale.jpg","contentUrl":"https:\/\/progettotouring.it\/radiotouring104\/wp-content\/uploads\/sites\/6\/2023\/01\/Marziale.jpg","width":640,"height":640},{"@type":"BreadcrumbList","@id":"https:\/\/progettotouring.it\/radiotouring104\/2023\/12\/28\/marziale-sulla-mozione-eta-del-consenso-sessuale-presto-ddl-in-parlamento\/#breadcrumb","itemListElement":[{"@type":"ListItem","position":1,"name":"Home","item":"https:\/\/progettotouring.it\/radiotouring104\/"},{"@type":"ListItem","position":2,"name":"Marziale sulla mozione et\u00e0 del consenso sessuale: &#8220;Presto DDL in Parlamento&#8221;"}]},{"@type":"WebSite","@id":"https:\/\/progettotouring.it\/radiotouring104\/#website","url":"https:\/\/progettotouring.it\/radiotouring104\/","name":"Radio Touring 104","description":"La prima radio Reggina","publisher":{"@id":"https:\/\/progettotouring.it\/radiotouring104\/#organization"},"potentialAction":[{"@type":"SearchAction","target":{"@type":"EntryPoint","urlTemplate":"https:\/\/progettotouring.it\/radiotouring104\/?s={search_term_string}"},"query-input":{"@type":"PropertyValueSpecification","valueRequired":true,"valueName":"search_term_string"}}],"inLanguage":"it-IT"},{"@type":"Organization","@id":"https:\/\/progettotouring.it\/radiotouring104\/#organization","name":"Radio Touring 104","url":"https:\/\/progettotouring.it\/radiotouring104\/","logo":{"@type":"ImageObject","inLanguage":"it-IT","@id":"https:\/\/progettotouring.it\/radiotouring104\/#\/schema\/logo\/image\/","url":"https:\/\/progettotouring.it\/radiotouring104\/wp-content\/uploads\/sites\/6\/2022\/02\/cropped-logo-radio-touring-104.png","contentUrl":"https:\/\/progettotouring.it\/radiotouring104\/wp-content\/uploads\/sites\/6\/2022\/02\/cropped-logo-radio-touring-104.png","width":377,"height":182,"caption":"Radio Touring 104"},"image":{"@id":"https:\/\/progettotouring.it\/radiotouring104\/#\/schema\/logo\/image\/"}},{"@type":"Person","@id":"https:\/\/progettotouring.it\/radiotouring104\/#\/schema\/person\/4a82259ca52ac8702ad1a8f9e5a3120b","name":"Filippo Francesco Idone","image":{"@type":"ImageObject","inLanguage":"it-IT","@id":"https:\/\/secure.gravatar.com\/avatar\/7268715d2366395c3dd314385670e6484117d44f5c442e61e230f7008b7b62d3?s=96&d=mm&r=g","url":"https:\/\/secure.gravatar.com\/avatar\/7268715d2366395c3dd314385670e6484117d44f5c442e61e230f7008b7b62d3?s=96&d=mm&r=g","contentUrl":"https:\/\/secure.gravatar.com\/avatar\/7268715d2366395c3dd314385670e6484117d44f5c442e61e230f7008b7b62d3?s=96&d=mm&r=g","caption":"Filippo Francesco Idone"},"url":"https:\/\/progettotouring.it\/radiotouring104\/author\/filippoidone\/"}]}},"jetpack_publicize_connections":[],"jetpack_featured_media_url":"https:\/\/progettotouring.it\/radiotouring104\/wp-content\/uploads\/sites\/6\/2023\/01\/Marziale.jpg","jetpack_sharing_enabled":true,"_links":{"self":[{"href":"https:\/\/progettotouring.it\/radiotouring104\/wp-json\/wp\/v2\/posts\/41820","targetHints":{"allow":["GET"]}}],"collection":[{"href":"https:\/\/progettotouring.it\/radiotouring104\/wp-json\/wp\/v2\/posts"}],"about":[{"href":"https:\/\/progettotouring.it\/radiotouring104\/wp-json\/wp\/v2\/types\/post"}],"author":[{"embeddable":true,"href":"https:\/\/progettotouring.it\/radiotouring104\/wp-json\/wp\/v2\/users\/8"}],"replies":[{"embeddable":true,"href":"https:\/\/progettotouring.it\/radiotouring104\/wp-json\/wp\/v2\/comments?post=41820"}],"version-history":[{"count":1,"href":"https:\/\/progettotouring.it\/radiotouring104\/wp-json\/wp\/v2\/posts\/41820\/revisions"}],"predecessor-version":[{"id":41821,"href":"https:\/\/progettotouring.it\/radiotouring104\/wp-json\/wp\/v2\/posts\/41820\/revisions\/41821"}],"wp:featuredmedia":[{"embeddable":true,"href":"https:\/\/progettotouring.it\/radiotouring104\/wp-json\/wp\/v2\/media\/17771"}],"wp:attachment":[{"href":"https:\/\/progettotouring.it\/radiotouring104\/wp-json\/wp\/v2\/media?parent=41820"}],"wp:term":[{"taxonomy":"category","embeddable":true,"href":"https:\/\/progettotouring.it\/radiotouring104\/wp-json\/wp\/v2\/categories?post=41820"},{"taxonomy":"post_tag","embeddable":true,"href":"https:\/\/progettotouring.it\/radiotouring104\/wp-json\/wp\/v2\/tags?post=41820"}],"curies":[{"name":"wp","href":"https:\/\/api.w.org\/{rel}","templated":true}]}}