{"id":41822,"date":"2023-12-28T10:07:54","date_gmt":"2023-12-28T09:07:54","guid":{"rendered":"https:\/\/progettotouring.it\/radiotouring104\/?p=41822"},"modified":"2023-12-29T19:12:38","modified_gmt":"2023-12-29T18:12:38","slug":"calabria-la-soddisfazione-di-mancuso-il-2023-ci-ha-visti-protagonisti-nel-dibattito-politico-e-siamo-orgogliosi-dei-risultati-raggiunti","status":"publish","type":"post","link":"https:\/\/progettotouring.it\/radiotouring104\/2023\/12\/28\/calabria-la-soddisfazione-di-mancuso-il-2023-ci-ha-visti-protagonisti-nel-dibattito-politico-e-siamo-orgogliosi-dei-risultati-raggiunti\/","title":{"rendered":"Calabria, la soddisfazione di Mancuso: &#8220;Il 2023 ci ha visti protagonisti nel dibattito politico e siamo orgogliosi dei risultati raggiunti&#8221;"},"content":{"rendered":"<p style=\"text-align: justify\"><em>\u201cAl <strong>Comune di Catanzaro,<\/strong> le due liste che fanno riferimento al presidente Mancuso, ottenendo due anni addietro 6500 preferenze,\u00a0\u00a0sono state quelle pi\u00f9 votate ed esprimono 4 consiglieri comunali che, nel 2023, hanno costituito il Gruppo della Lega, coeso, dinamico e vigile sul confusionario operato dell\u2019Amministrazione locale, mentre \u00e8 in itinere l\u2019adesione al Gruppo di altri 2\u00a0\u00a0consiglieri comunali. Alla <strong>Provincia di Catanzaro la Lega<\/strong> esprime il presidente, <strong>Amedeo<\/strong> <strong>Mormile<\/strong> che, da sindaco di un Comune di 1500 abitanti, \u00e8 nettamente prevalso sul sindaco della citt\u00e0 capoluogo\u00a0\u00a0con un distacco di quasi 10.000 voti ponderati e, dopo il voto del 20 dicembre, oltre al Presidente, la Lega esprime\u00a0\u00a03 consiglieri provinciali. Inoltre,\u00a0\u00a0grazie al voto di ben 180 amministratori attivi nelle comunit\u00e0 della provincia, la <strong>Lista<\/strong> della <strong>Lega<\/strong>, con\u00a0\u00a021 mila voti ponderati,\u00a0\u00a0\u00e8 stata la pi\u00f9 votata in assoluto. La Lega esprime, altres\u00ec, il consigliere regionale di <strong>Catanzaro Filippo Mancuso<\/strong><\/em> (Presidente dell\u2019Assemblea legislativa) <em>che \u00e8 stato il pi\u00f9 votato dei consiglieri della Lega nelle scorse elezioni regionali\u201d.<\/em><\/p>\n<p style=\"text-align: justify\">Sono i numeri della rappresentanza istituzionale della Lega nel Catanzarese, esplicitati nel corso di un incontro per gli auguri di Capodanno, svoltosi nella sala conferenze del Centro Commerciale \u2018Le Fornaci\u2019 e al quale hanno partecipato &#8211; oltre al presidente del Consiglio regionale Mancuso, al presidente della provincia di Catanzaro Mormile, al presidente provinciale della Confagricoltura Walter Placida e al presidente della Camera di Commercio di Catanzaro, Crotone e Vibo Valentia Pietro Falbo &#8211; amministratori comunali (tra cui due consiglieri di Lamezia Terme) e provinciali, esponenti dell\u2019associazionismo e numerosi militanti e simpatizzanti.<\/p>\n<p style=\"text-align: justify\"><em>\u201cLa <strong>Lega<\/strong> dimostra di essere in grado &#8211; \u00e8 stato affermato dagli intervenuti\u00a0\u00a0&#8211; <strong>di allargare i consensi e di connettersi con i cittadini<\/strong> che apprezzano il nostro impegno. Capiamo lo scontento di molti avversari che, di fronte ad una forza politica propulsiva e radicata sul territorio, che ascolta la gente e ne capisce i bisogni, attaccano la Lega con preconcetti e fake news non rappresentativi delle\u00a0\u00a0linee programmatiche di una forza politica nazionale che dimostra un\u2019attenzione al Sud nel passato inimmaginabile\u00a0e che guarda non all\u2019Europa dei tecnocrati e delle burocrazie, ma all\u2019Europa dei popoli e dei diritti dei cittadini\u201d.\u00a0<\/em><\/p>\n<p style=\"text-align: justify\">\u00c8 stato sottolineato: <em>\u201c<strong>I numeri della ragguardevole presenza della Lega nel Catanzarese<\/strong> vanno associati alla qualit\u00e0 delle proposte che trovano corrispondenza con l\u2019attivit\u00e0 legislativa della Regione che,\u00a0\u00a0con riforme di sistema attese da decenni<\/em>\u00a0\u00a0(tra cui la nascita dell\u2019 \u2018Azienda Dulbecco\u2019 tra i Poli sanitari pi\u00f9 grandi del Mezzogiorno) <em>e contando sull\u2019ascolto del ministro Salvini e del Governo, si sta adoperando fattivamente per lo sviluppo del territorio\u201d.<\/em><\/p>\n<p style=\"text-align: justify\">Per il presidente Mancuso:<em> \u201c<strong>Il 2023 ci ha visti protagonisti nel dibattito politico e siamo orgogliosi dei risultati raggiunti,<\/strong> ma, pur avendo fatto molto, siamo consapevoli che c\u2019\u00e8 ancora tanto da fare per dare speranze di futuro a questa parte del Mezzogiorno. I successi ottenuti ci ripagano dell\u2019ottimo lavoro di squadra e, al contempo, ci caricano di ulteriori responsabilit\u00e0, per rendere possibile una Calabria moderna, attrezzata e competitiva nello scenario nazionale ed europeo\u201d.<\/em><\/p>\n","protected":false},"excerpt":{"rendered":"<p>\u201cAl Comune di Catanzaro, le due liste che fanno riferimento al presidente Mancuso, ottenendo due anni addietro 6500 preferenze,\u00a0\u00a0sono state quelle pi\u00f9 votate ed esprimono 4 consiglieri comunali che, nel&hellip;<\/p>\n","protected":false},"author":8,"featured_media":0,"comment_status":"closed","ping_status":"open","sticky":false,"template":"","format":"standard","meta":{"_jetpack_memberships_contains_paid_content":false,"footnotes":"","jetpack_publicize_message":"","jetpack_publicize_feature_enabled":true,"jetpack_social_post_already_shared":false,"jetpack_social_options":{"image_generator_settings":{"template":"highway","default_image_id":0,"font":"","enabled":false},"version":2}},"categories":[142,921,196,195],"tags":[698,5993,3911],"class_list":["post-41822","post","type-post","status-publish","format-standard","hentry","category-calabria","category-home","category-news","category-politica","tag-catanzaro","tag-lega","tag-mancuso"],"yoast_head":"<!-- This site is optimized with the Yoast SEO plugin v27.2 - https:\/\/yoast.com\/product\/yoast-seo-wordpress\/ -->\n<title>Calabria, la soddisfazione di Mancuso: &quot;Il 2023 ci ha visti protagonisti nel dibattito politico e siamo orgogliosi dei risultati raggiunti&quot; - Radio Touring 104<\/title>\n<meta name=\"description\" content=\"Il consigliere regionale di Catanzaro Filippo Mancuso \u00e8 soddisfatto per l&#039;atteggiamento politico avuto in Calabria in questo 2023\" \/>\n<meta name=\"robots\" content=\"index, follow, max-snippet:-1, max-image-preview:large, max-video-preview:-1\" \/>\n<link rel=\"canonical\" href=\"https:\/\/progettotouring.it\/radiotouring104\/2023\/12\/28\/calabria-la-soddisfazione-di-mancuso-il-2023-ci-ha-visti-protagonisti-nel-dibattito-politico-e-siamo-orgogliosi-dei-risultati-raggiunti\/\" \/>\n<meta property=\"og:locale\" content=\"it_IT\" \/>\n<meta property=\"og:type\" content=\"article\" \/>\n<meta property=\"og:title\" content=\"Calabria, la soddisfazione di Mancuso: &quot;Il 2023 ci ha visti protagonisti nel dibattito politico e siamo orgogliosi dei risultati raggiunti&quot; - Radio Touring 104\" \/>\n<meta property=\"og:description\" content=\"Il consigliere regionale di Catanzaro Filippo Mancuso \u00e8 soddisfatto per l&#039;atteggiamento politico avuto in Calabria in questo 2023\" \/>\n<meta property=\"og:url\" content=\"https:\/\/progettotouring.it\/radiotouring104\/2023\/12\/28\/calabria-la-soddisfazione-di-mancuso-il-2023-ci-ha-visti-protagonisti-nel-dibattito-politico-e-siamo-orgogliosi-dei-risultati-raggiunti\/\" \/>\n<meta property=\"og:site_name\" content=\"Radio Touring 104\" \/>\n<meta property=\"article:published_time\" content=\"2023-12-28T09:07:54+00:00\" \/>\n<meta property=\"article:modified_time\" content=\"2023-12-29T18:12:38+00:00\" \/>\n<meta name=\"author\" content=\"Filippo Francesco Idone\" \/>\n<meta name=\"twitter:card\" content=\"summary_large_image\" \/>\n<meta name=\"twitter:label1\" content=\"Scritto da\" \/>\n\t<meta name=\"twitter:data1\" content=\"Filippo Francesco Idone\" \/>\n\t<meta name=\"twitter:label2\" content=\"Tempo di lettura stimato\" \/>\n\t<meta name=\"twitter:data2\" content=\"2 minuti\" \/>\n<script type=\"application\/ld+json\" class=\"yoast-schema-graph\">{\"@context\":\"https:\/\/schema.org\",\"@graph\":[{\"@type\":\"Article\",\"@id\":\"https:\/\/progettotouring.it\/radiotouring104\/2023\/12\/28\/calabria-la-soddisfazione-di-mancuso-il-2023-ci-ha-visti-protagonisti-nel-dibattito-politico-e-siamo-orgogliosi-dei-risultati-raggiunti\/#article\",\"isPartOf\":{\"@id\":\"https:\/\/progettotouring.it\/radiotouring104\/2023\/12\/28\/calabria-la-soddisfazione-di-mancuso-il-2023-ci-ha-visti-protagonisti-nel-dibattito-politico-e-siamo-orgogliosi-dei-risultati-raggiunti\/\"},\"author\":{\"name\":\"Filippo Francesco Idone\",\"@id\":\"https:\/\/progettotouring.it\/radiotouring104\/#\/schema\/person\/4a82259ca52ac8702ad1a8f9e5a3120b\"},\"headline\":\"Calabria, la soddisfazione di Mancuso: &#8220;Il 2023 ci ha visti protagonisti nel dibattito politico e siamo orgogliosi dei risultati raggiunti&#8221;\",\"datePublished\":\"2023-12-28T09:07:54+00:00\",\"dateModified\":\"2023-12-29T18:12:38+00:00\",\"mainEntityOfPage\":{\"@id\":\"https:\/\/progettotouring.it\/radiotouring104\/2023\/12\/28\/calabria-la-soddisfazione-di-mancuso-il-2023-ci-ha-visti-protagonisti-nel-dibattito-politico-e-siamo-orgogliosi-dei-risultati-raggiunti\/\"},\"wordCount\":512,\"publisher\":{\"@id\":\"https:\/\/progettotouring.it\/radiotouring104\/#organization\"},\"keywords\":[\"catanzaro\",\"lega\",\"mancuso\"],\"articleSection\":[\"Calabria\",\"Home\",\"News\",\"Politica\"],\"inLanguage\":\"it-IT\"},{\"@type\":\"WebPage\",\"@id\":\"https:\/\/progettotouring.it\/radiotouring104\/2023\/12\/28\/calabria-la-soddisfazione-di-mancuso-il-2023-ci-ha-visti-protagonisti-nel-dibattito-politico-e-siamo-orgogliosi-dei-risultati-raggiunti\/\",\"url\":\"https:\/\/progettotouring.it\/radiotouring104\/2023\/12\/28\/calabria-la-soddisfazione-di-mancuso-il-2023-ci-ha-visti-protagonisti-nel-dibattito-politico-e-siamo-orgogliosi-dei-risultati-raggiunti\/\",\"name\":\"Calabria, la soddisfazione di Mancuso: \\\"Il 2023 ci ha visti protagonisti nel dibattito politico e siamo orgogliosi dei risultati raggiunti\\\" - Radio Touring 104\",\"isPartOf\":{\"@id\":\"https:\/\/progettotouring.it\/radiotouring104\/#website\"},\"datePublished\":\"2023-12-28T09:07:54+00:00\",\"dateModified\":\"2023-12-29T18:12:38+00:00\",\"description\":\"Il consigliere regionale di Catanzaro Filippo Mancuso \u00e8 soddisfatto per l'atteggiamento politico avuto in Calabria in questo 2023\",\"breadcrumb\":{\"@id\":\"https:\/\/progettotouring.it\/radiotouring104\/2023\/12\/28\/calabria-la-soddisfazione-di-mancuso-il-2023-ci-ha-visti-protagonisti-nel-dibattito-politico-e-siamo-orgogliosi-dei-risultati-raggiunti\/#breadcrumb\"},\"inLanguage\":\"it-IT\",\"potentialAction\":[{\"@type\":\"ReadAction\",\"target\":[\"https:\/\/progettotouring.it\/radiotouring104\/2023\/12\/28\/calabria-la-soddisfazione-di-mancuso-il-2023-ci-ha-visti-protagonisti-nel-dibattito-politico-e-siamo-orgogliosi-dei-risultati-raggiunti\/\"]}]},{\"@type\":\"BreadcrumbList\",\"@id\":\"https:\/\/progettotouring.it\/radiotouring104\/2023\/12\/28\/calabria-la-soddisfazione-di-mancuso-il-2023-ci-ha-visti-protagonisti-nel-dibattito-politico-e-siamo-orgogliosi-dei-risultati-raggiunti\/#breadcrumb\",\"itemListElement\":[{\"@type\":\"ListItem\",\"position\":1,\"name\":\"Home\",\"item\":\"https:\/\/progettotouring.it\/radiotouring104\/\"},{\"@type\":\"ListItem\",\"position\":2,\"name\":\"Calabria, la soddisfazione di Mancuso: &#8220;Il 2023 ci ha visti protagonisti nel dibattito politico e siamo orgogliosi dei risultati raggiunti&#8221;\"}]},{\"@type\":\"WebSite\",\"@id\":\"https:\/\/progettotouring.it\/radiotouring104\/#website\",\"url\":\"https:\/\/progettotouring.it\/radiotouring104\/\",\"name\":\"Radio Touring 104\",\"description\":\"La prima radio Reggina\",\"publisher\":{\"@id\":\"https:\/\/progettotouring.it\/radiotouring104\/#organization\"},\"potentialAction\":[{\"@type\":\"SearchAction\",\"target\":{\"@type\":\"EntryPoint\",\"urlTemplate\":\"https:\/\/progettotouring.it\/radiotouring104\/?s={search_term_string}\"},\"query-input\":{\"@type\":\"PropertyValueSpecification\",\"valueRequired\":true,\"valueName\":\"search_term_string\"}}],\"inLanguage\":\"it-IT\"},{\"@type\":\"Organization\",\"@id\":\"https:\/\/progettotouring.it\/radiotouring104\/#organization\",\"name\":\"Radio Touring 104\",\"url\":\"https:\/\/progettotouring.it\/radiotouring104\/\",\"logo\":{\"@type\":\"ImageObject\",\"inLanguage\":\"it-IT\",\"@id\":\"https:\/\/progettotouring.it\/radiotouring104\/#\/schema\/logo\/image\/\",\"url\":\"https:\/\/progettotouring.it\/radiotouring104\/wp-content\/uploads\/sites\/6\/2022\/02\/cropped-logo-radio-touring-104.png\",\"contentUrl\":\"https:\/\/progettotouring.it\/radiotouring104\/wp-content\/uploads\/sites\/6\/2022\/02\/cropped-logo-radio-touring-104.png\",\"width\":377,\"height\":182,\"caption\":\"Radio Touring 104\"},\"image\":{\"@id\":\"https:\/\/progettotouring.it\/radiotouring104\/#\/schema\/logo\/image\/\"}},{\"@type\":\"Person\",\"@id\":\"https:\/\/progettotouring.it\/radiotouring104\/#\/schema\/person\/4a82259ca52ac8702ad1a8f9e5a3120b\",\"name\":\"Filippo Francesco Idone\",\"image\":{\"@type\":\"ImageObject\",\"inLanguage\":\"it-IT\",\"@id\":\"https:\/\/secure.gravatar.com\/avatar\/7268715d2366395c3dd314385670e6484117d44f5c442e61e230f7008b7b62d3?s=96&d=mm&r=g\",\"url\":\"https:\/\/secure.gravatar.com\/avatar\/7268715d2366395c3dd314385670e6484117d44f5c442e61e230f7008b7b62d3?s=96&d=mm&r=g\",\"contentUrl\":\"https:\/\/secure.gravatar.com\/avatar\/7268715d2366395c3dd314385670e6484117d44f5c442e61e230f7008b7b62d3?s=96&d=mm&r=g\",\"caption\":\"Filippo Francesco Idone\"},\"url\":\"https:\/\/progettotouring.it\/radiotouring104\/author\/filippoidone\/\"}]}<\/script>\n<!-- \/ Yoast SEO plugin. -->","yoast_head_json":{"title":"Calabria, la soddisfazione di Mancuso: \"Il 2023 ci ha visti protagonisti nel dibattito politico e siamo orgogliosi dei risultati raggiunti\" - Radio Touring 104","description":"Il consigliere regionale di Catanzaro Filippo Mancuso \u00e8 soddisfatto per l'atteggiamento politico avuto in Calabria in questo 2023","robots":{"index":"index","follow":"follow","max-snippet":"max-snippet:-1","max-image-preview":"max-image-preview:large","max-video-preview":"max-video-preview:-1"},"canonical":"https:\/\/progettotouring.it\/radiotouring104\/2023\/12\/28\/calabria-la-soddisfazione-di-mancuso-il-2023-ci-ha-visti-protagonisti-nel-dibattito-politico-e-siamo-orgogliosi-dei-risultati-raggiunti\/","og_locale":"it_IT","og_type":"article","og_title":"Calabria, la soddisfazione di Mancuso: \"Il 2023 ci ha visti protagonisti nel dibattito politico e siamo orgogliosi dei risultati raggiunti\" - Radio Touring 104","og_description":"Il consigliere regionale di Catanzaro Filippo Mancuso \u00e8 soddisfatto per l'atteggiamento politico avuto in Calabria in questo 2023","og_url":"https:\/\/progettotouring.it\/radiotouring104\/2023\/12\/28\/calabria-la-soddisfazione-di-mancuso-il-2023-ci-ha-visti-protagonisti-nel-dibattito-politico-e-siamo-orgogliosi-dei-risultati-raggiunti\/","og_site_name":"Radio Touring 104","article_published_time":"2023-12-28T09:07:54+00:00","article_modified_time":"2023-12-29T18:12:38+00:00","author":"Filippo Francesco Idone","twitter_card":"summary_large_image","twitter_misc":{"Scritto da":"Filippo Francesco Idone","Tempo di lettura stimato":"2 minuti"},"schema":{"@context":"https:\/\/schema.org","@graph":[{"@type":"Article","@id":"https:\/\/progettotouring.it\/radiotouring104\/2023\/12\/28\/calabria-la-soddisfazione-di-mancuso-il-2023-ci-ha-visti-protagonisti-nel-dibattito-politico-e-siamo-orgogliosi-dei-risultati-raggiunti\/#article","isPartOf":{"@id":"https:\/\/progettotouring.it\/radiotouring104\/2023\/12\/28\/calabria-la-soddisfazione-di-mancuso-il-2023-ci-ha-visti-protagonisti-nel-dibattito-politico-e-siamo-orgogliosi-dei-risultati-raggiunti\/"},"author":{"name":"Filippo Francesco Idone","@id":"https:\/\/progettotouring.it\/radiotouring104\/#\/schema\/person\/4a82259ca52ac8702ad1a8f9e5a3120b"},"headline":"Calabria, la soddisfazione di Mancuso: &#8220;Il 2023 ci ha visti protagonisti nel dibattito politico e siamo orgogliosi dei risultati raggiunti&#8221;","datePublished":"2023-12-28T09:07:54+00:00","dateModified":"2023-12-29T18:12:38+00:00","mainEntityOfPage":{"@id":"https:\/\/progettotouring.it\/radiotouring104\/2023\/12\/28\/calabria-la-soddisfazione-di-mancuso-il-2023-ci-ha-visti-protagonisti-nel-dibattito-politico-e-siamo-orgogliosi-dei-risultati-raggiunti\/"},"wordCount":512,"publisher":{"@id":"https:\/\/progettotouring.it\/radiotouring104\/#organization"},"keywords":["catanzaro","lega","mancuso"],"articleSection":["Calabria","Home","News","Politica"],"inLanguage":"it-IT"},{"@type":"WebPage","@id":"https:\/\/progettotouring.it\/radiotouring104\/2023\/12\/28\/calabria-la-soddisfazione-di-mancuso-il-2023-ci-ha-visti-protagonisti-nel-dibattito-politico-e-siamo-orgogliosi-dei-risultati-raggiunti\/","url":"https:\/\/progettotouring.it\/radiotouring104\/2023\/12\/28\/calabria-la-soddisfazione-di-mancuso-il-2023-ci-ha-visti-protagonisti-nel-dibattito-politico-e-siamo-orgogliosi-dei-risultati-raggiunti\/","name":"Calabria, la soddisfazione di Mancuso: \"Il 2023 ci ha visti protagonisti nel dibattito politico e siamo orgogliosi dei risultati raggiunti\" - Radio Touring 104","isPartOf":{"@id":"https:\/\/progettotouring.it\/radiotouring104\/#website"},"datePublished":"2023-12-28T09:07:54+00:00","dateModified":"2023-12-29T18:12:38+00:00","description":"Il consigliere regionale di Catanzaro Filippo Mancuso \u00e8 soddisfatto per l'atteggiamento politico avuto in Calabria in questo 2023","breadcrumb":{"@id":"https:\/\/progettotouring.it\/radiotouring104\/2023\/12\/28\/calabria-la-soddisfazione-di-mancuso-il-2023-ci-ha-visti-protagonisti-nel-dibattito-politico-e-siamo-orgogliosi-dei-risultati-raggiunti\/#breadcrumb"},"inLanguage":"it-IT","potentialAction":[{"@type":"ReadAction","target":["https:\/\/progettotouring.it\/radiotouring104\/2023\/12\/28\/calabria-la-soddisfazione-di-mancuso-il-2023-ci-ha-visti-protagonisti-nel-dibattito-politico-e-siamo-orgogliosi-dei-risultati-raggiunti\/"]}]},{"@type":"BreadcrumbList","@id":"https:\/\/progettotouring.it\/radiotouring104\/2023\/12\/28\/calabria-la-soddisfazione-di-mancuso-il-2023-ci-ha-visti-protagonisti-nel-dibattito-politico-e-siamo-orgogliosi-dei-risultati-raggiunti\/#breadcrumb","itemListElement":[{"@type":"ListItem","position":1,"name":"Home","item":"https:\/\/progettotouring.it\/radiotouring104\/"},{"@type":"ListItem","position":2,"name":"Calabria, la soddisfazione di Mancuso: &#8220;Il 2023 ci ha visti protagonisti nel dibattito politico e siamo orgogliosi dei risultati raggiunti&#8221;"}]},{"@type":"WebSite","@id":"https:\/\/progettotouring.it\/radiotouring104\/#website","url":"https:\/\/progettotouring.it\/radiotouring104\/","name":"Radio Touring 104","description":"La prima radio Reggina","publisher":{"@id":"https:\/\/progettotouring.it\/radiotouring104\/#organization"},"potentialAction":[{"@type":"SearchAction","target":{"@type":"EntryPoint","urlTemplate":"https:\/\/progettotouring.it\/radiotouring104\/?s={search_term_string}"},"query-input":{"@type":"PropertyValueSpecification","valueRequired":true,"valueName":"search_term_string"}}],"inLanguage":"it-IT"},{"@type":"Organization","@id":"https:\/\/progettotouring.it\/radiotouring104\/#organization","name":"Radio Touring 104","url":"https:\/\/progettotouring.it\/radiotouring104\/","logo":{"@type":"ImageObject","inLanguage":"it-IT","@id":"https:\/\/progettotouring.it\/radiotouring104\/#\/schema\/logo\/image\/","url":"https:\/\/progettotouring.it\/radiotouring104\/wp-content\/uploads\/sites\/6\/2022\/02\/cropped-logo-radio-touring-104.png","contentUrl":"https:\/\/progettotouring.it\/radiotouring104\/wp-content\/uploads\/sites\/6\/2022\/02\/cropped-logo-radio-touring-104.png","width":377,"height":182,"caption":"Radio Touring 104"},"image":{"@id":"https:\/\/progettotouring.it\/radiotouring104\/#\/schema\/logo\/image\/"}},{"@type":"Person","@id":"https:\/\/progettotouring.it\/radiotouring104\/#\/schema\/person\/4a82259ca52ac8702ad1a8f9e5a3120b","name":"Filippo Francesco Idone","image":{"@type":"ImageObject","inLanguage":"it-IT","@id":"https:\/\/secure.gravatar.com\/avatar\/7268715d2366395c3dd314385670e6484117d44f5c442e61e230f7008b7b62d3?s=96&d=mm&r=g","url":"https:\/\/secure.gravatar.com\/avatar\/7268715d2366395c3dd314385670e6484117d44f5c442e61e230f7008b7b62d3?s=96&d=mm&r=g","contentUrl":"https:\/\/secure.gravatar.com\/avatar\/7268715d2366395c3dd314385670e6484117d44f5c442e61e230f7008b7b62d3?s=96&d=mm&r=g","caption":"Filippo Francesco Idone"},"url":"https:\/\/progettotouring.it\/radiotouring104\/author\/filippoidone\/"}]}},"jetpack_publicize_connections":[],"jetpack_featured_media_url":"","jetpack_sharing_enabled":true,"_links":{"self":[{"href":"https:\/\/progettotouring.it\/radiotouring104\/wp-json\/wp\/v2\/posts\/41822","targetHints":{"allow":["GET"]}}],"collection":[{"href":"https:\/\/progettotouring.it\/radiotouring104\/wp-json\/wp\/v2\/posts"}],"about":[{"href":"https:\/\/progettotouring.it\/radiotouring104\/wp-json\/wp\/v2\/types\/post"}],"author":[{"embeddable":true,"href":"https:\/\/progettotouring.it\/radiotouring104\/wp-json\/wp\/v2\/users\/8"}],"replies":[{"embeddable":true,"href":"https:\/\/progettotouring.it\/radiotouring104\/wp-json\/wp\/v2\/comments?post=41822"}],"version-history":[{"count":1,"href":"https:\/\/progettotouring.it\/radiotouring104\/wp-json\/wp\/v2\/posts\/41822\/revisions"}],"predecessor-version":[{"id":41823,"href":"https:\/\/progettotouring.it\/radiotouring104\/wp-json\/wp\/v2\/posts\/41822\/revisions\/41823"}],"wp:attachment":[{"href":"https:\/\/progettotouring.it\/radiotouring104\/wp-json\/wp\/v2\/media?parent=41822"}],"wp:term":[{"taxonomy":"category","embeddable":true,"href":"https:\/\/progettotouring.it\/radiotouring104\/wp-json\/wp\/v2\/categories?post=41822"},{"taxonomy":"post_tag","embeddable":true,"href":"https:\/\/progettotouring.it\/radiotouring104\/wp-json\/wp\/v2\/tags?post=41822"}],"curies":[{"name":"wp","href":"https:\/\/api.w.org\/{rel}","templated":true}]}}