{"id":41837,"date":"2023-12-30T10:20:55","date_gmt":"2023-12-30T09:20:55","guid":{"rendered":"https:\/\/progettotouring.it\/radiotouring104\/?p=41837"},"modified":"2023-12-30T10:43:07","modified_gmt":"2023-12-30T09:43:07","slug":"galilei-pascoli-il-presidente-del-consiglio-giorgio-nordo-pretende-limpegno-preso-dalla-citta-metropolitana","status":"publish","type":"post","link":"https:\/\/progettotouring.it\/radiotouring104\/2023\/12\/30\/galilei-pascoli-il-presidente-del-consiglio-giorgio-nordo-pretende-limpegno-preso-dalla-citta-metropolitana\/","title":{"rendered":"Galilei-Pascoli: il Presidente del consiglio Giorgio Nordo pretende l&#8217;impegno preso dalla Citt\u00e0 Metropolitana"},"content":{"rendered":"<p style=\"text-align: justify\">Riassumiamo la situazione a beneficio di chi, politico o non, potrebbe aver smarrito il filo del discorso. Parliamo di <strong>dimensionamento scolastico<\/strong>, ossia di quel perverso meccanismo in base al quale per una scellerata scelta governativa apparentemente dettata da mere motivazioni economiche, <strong>le Regioni, sulla scorta dei piani presentati da comuni, province e citt\u00e0 metropolitane, decidono l\u2019accorpamento di centinaia di scuole<\/strong>, le quali oltre a vedere demolita la loro identit\u00e0 o \u2013 come si \u00e8 detto \u2013 la loro anima, subiranno una sequela di inevitabili problemi didattici e organizzativi che avranno profonde e dannose ripercussioni su studenti e famiglie gi\u00e0 dal prossimo anno scolastico.<\/p>\n<p style=\"text-align: justify\">Poco pi\u00f9 di due mesi fa, e precisamente lo scorso 11 ottobre a Piazza Italia, una folla di <strong>alunni e genitori dell\u2019Istituto Comprensivo Galilei-Pascoli<\/strong>, inferociti per l\u2019incomprensibile e irragionevole rifiuto della Citt\u00e0 Metropolitana di recepire, come previsto dalla normativa, la <strong>proposta del Comune di Reggio Calabria<\/strong> che \u2013 <strong>votata all\u2019unanimit\u00e0 dalla Giunta Comunale<\/strong> \u2013 prevedeva il mantenimento dell\u2019autonomia dell\u2019Istituto, l\u2019allora <strong>sindaco f.f. Carmelo Versace<\/strong> si era affrettato a ricevere tempestivamente i rappresentanti della protesta e, alla fine di un incontro che non era certo cominciato con toni amichevoli, aveva pubblicamente annunciato il suo impegno nel richiedere ufficialmente una <strong>deroga alla Regione<\/strong> allo scopo di <strong>far rispettare la normativa e garantire la salvaguardia del Galilei-Pascoli e di conseguenza della sua Sezione Ospedaliera presso il GOM di Reggio Calabria nonch\u00e9 del Coordinamento Provinciale dell\u2019Assistenza Scolastica Domiciliare di cui questa scuola \u00e8 capofila<\/strong>.<\/p>\n<p style=\"text-align: justify\">Di cotanto <strong>accorato impegno del Versace<\/strong>, testimoniato da molteplici sue dichiarazioni pubbliche con tanto di intervista istituzionale immediatamente rilanciata in ogni dove dal suo ufficio stampa nel tentativo di sedare la sacrosanta protesta dei genitori non \u00e8 per\u00f2 rimasto nulla. La dirigenza del <strong>Galilei-Pascoli<\/strong> non \u00e8 stata convocata come promesso, la fantomatica lettera della Metrocity alla vicepresidente Princi per la richiesta di deroga non \u00e8 stata inviata, n\u00e9 tantomeno alcuna copia di questa missiva \u00e8 mai pervenuta per conoscenza come promesso alla scuola ed a questo Consiglio d\u2019Istituto e, ciliegina sulla torta, nella seduta del Consiglio Metropolitano del 14 ottobre il piano di dimensionamento \u00e8 stato presentato esattamente per come, secondo \u201cindiscrezioni\u201d che circolavano gi\u00e0 da mesi era ben noto e definito, prevedendo quindi incomprensibili \u201csalvataggi\u201d concentrati sul versante ionico nonch\u00e9 l\u2019accorpamento del <strong>Galilei-Pascoli<\/strong> da parte dell\u2019<strong>I.C. Vitrioli-Principe di Piemonte<\/strong>. Nelle settimane successive, nemmeno il reinsediato sindaco Giuseppe Falcomat\u00e0 ha inteso incontrare una delegazione dell\u2019istituto nonostante l\u2019esplicita richiesta inviata per pec dalla dirigenza della scuola.<\/p>\n<p style=\"text-align: justify\">\u00c8 apparso quindi evidente che nonostante le <strong>riconosciute specificit\u00e0 dell\u2019Istituto Galilei-Pascoli<\/strong>, storica scuola del centro di Reggio Calabria che, oltre ad essere dotata di una <strong>sezione ospedaliera<\/strong> che si occupa anche dell\u2019istruzione dei bambini malati oncologici, \u00e8 <strong>scuola capofila per il coordinamento in tutto l\u2019ambito provinciale dell\u2019assistenza scolastica domiciliare per i minori malati, <\/strong>non c\u2019era alcuna reale intenzione di salvaguardare la scuola ed i minori ospedalizzati, si trattava solo di tentare di mettere a tacere una scomoda e forte voce di dissenso che ha scosso la citt\u00e0 preoccupando centinaia di famiglia che rischiano di vedere compromesso <strong>il diritto alla scelta educativa e, ancor pi\u00f9 importante, il diritto allo studio in caso di seri problemi di salute<\/strong> dei loro figli. Si \u00e8 trattato dunque di un volontario arroccamento su scelte gi\u00e0 assunte a tavolino dalla Citt\u00e0 Metropolitana, scelte fintamente motivate da inesistenti cavilli burocratici (la supposta perentoriet\u00e0 del termine di presentazione della delibera comunale) facilmente smentiti, oltre che dalla normativa, dallo stesso Versace che solo due giorni dopo in un successivo incontro con i sindacati, allo scopo di respingere ulteriori pressanti richieste, ha affermato (stavolta giustamente) la validit\u00e0 della stessa delibera comunale che salvaguardava l\u2019autonomia del Galilei-Pascoli, scelte che al di l\u00e0 delle belle parole di comodo non tengono in alcun conto i diritti degli alunni e degli studenti, il diritto alla scelta educativa ed ancor pi\u00f9 grave <strong>il diritto allo studio di tanti minori malati che contano sull\u2019organizzazione interna della Scuola in Ospedale e dell\u2019assistenza Scolastica Domiciliare da tanti anni erogata esclusivamente da questa scuola<\/strong>, diritti questi che \u2013 al di l\u00e0 delle finte e stucchevoli rassicurazioni ufficiali circa il fatto che \u201cla scuola non cambier\u00e0\u201d e che \u201cl\u2019anima dell\u2019Istituto verr\u00e0 mantenuta\u201d rischiano di essere irrimediabilmente compromessi essendo scontato che, nel processo di accorpamento che richiede la complessiva riorganizzazione della pianta organica del nascente macro-istituto, molte unit\u00e0 di personale docente e amministrativo preposti a questi delicati compiti e che nel tempo hanno maturato una preziosa se non insostituibile professionalit\u00e0 potrebbero essere trasferite altrove e quindi essere perse per sempre.<\/p>\n<p style=\"text-align: justify\">Ma adesso tra le novit\u00e0 rese note dal cosiddetto <strong>decreto Milleproroghe<\/strong> in materia di Istruzione vi \u00e8 la possibilit\u00e0 per tutte le Regioni di <strong>derogare sul numero di istituti scolastici da accorpare<\/strong>. Nel caso specifico della Regione Calabria, come annunciato dalla <strong>vicepresidente Giusy Princi<\/strong>, ben sette scuole, di cui due ricadenti nella Provincia di Reggio Calabria, possono vedere riconosciuta la loro autonomia ed essere quindi salvate, seppure in extremis, dal rischio di accorpamento. A fronte di questo fatto nuovo, \u00e8 evidente che l\u2019impegno assunto dall\u2019allora rappresentante della Citt\u00e0 Metropolitana non \u00e8 pi\u00f9 vincolato da alcun tipo di alibi legato ad eventuali dettami di istituzioni superiori ed ha dunque margini sufficienti per essere legittimamente soddisfatto.<\/p>\n<p style=\"text-align: justify\">Pertanto, a nome di tutto il Consiglio di istituto dell\u2019<strong>I.C. \u201cGalilei-Pascoli\u201d,<\/strong> certo del sostegno e del consenso che mi \u00e8 stato pi\u00f9 volte espresso da studenti e famiglie nonch\u00e9 dal personale docente ed amministrativo, chiedo che <strong>l\u2019impegno pi\u00f9 volte pubblicamente espresso dall\u2019allora sindaco f.f. Carmelo Versace dopo l\u2019incontro dell\u201911 ottobre 2023 venga raccolto e rispettato dal legittimo sindaco metropolitano Giuseppe Falcomat\u00e0<\/strong>, chiediamo cio\u00e8 che <strong>la Delibera della Giunta del Comune di Reggio Calabria n. 210 del 5 ottobre 2023 che \u2013 votata all\u2019unanimit\u00e0 \u2013 riconosceva le specificit\u00e0 della scuola Galilei-Pascoli e ne preservava l\u2019autonomia venga pienamente riconosciuta dalla Citt\u00e0 Metropolitana<\/strong> affinch\u00e9 <strong>la nuova proposta di piano di dimensionamento aggiornato alle sole autonomie aggiuntive possa essere trasmesso alla Regione entro il termine del 3 gennaio 2024<\/strong> come richiesto dalla vicepresidente Princi.<br \/>\nNoi tutti nutriamo fiducia nella ragionevolezza dei rappresentanti istituzionali e di conseguenza confidiamo fortemente in un gesto riparatore del sindaco metropolitano Giuseppe Falcomat\u00e0 che, avallato dalla vicepresidente regionale Giuseppina Princi, possa porre rimedio ai torti e alle ingiustizie che abbiamo subito in questi mesi e restituisca credibilit\u00e0 alle istituzioni affinch\u00e9 venga finalmente riconosciuto e rispettato il diritto costituzionale alla libert\u00e0 di scelta educativa di studenti e famiglie nonch\u00e9 il diritto allo studio degli alunni ospedalizzati e in assistenza scolastica domiciliare.<\/p>\n","protected":false},"excerpt":{"rendered":"<p>Riassumiamo la situazione a beneficio di chi, politico o non, potrebbe aver smarrito il filo del discorso. Parliamo di dimensionamento scolastico, ossia di quel perverso meccanismo in base al quale&hellip;<\/p>\n","protected":false},"author":8,"featured_media":41838,"comment_status":"closed","ping_status":"open","sticky":false,"template":"","format":"standard","meta":{"_jetpack_memberships_contains_paid_content":false,"footnotes":"","jetpack_publicize_message":"","jetpack_publicize_feature_enabled":true,"jetpack_social_post_already_shared":false,"jetpack_social_options":{"image_generator_settings":{"template":"highway","default_image_id":0,"font":"","enabled":false},"version":2}},"categories":[921,196,140],"tags":[17292,6623,25921,25922],"class_list":["post-41837","post","type-post","status-publish","format-standard","has-post-thumbnail","hentry","category-home","category-news","category-reggio-calabria","tag-citta-metropoltana","tag-galilei-pascoli","tag-i-c-vitrioli-principe-di-piemonte","tag-nordo"],"yoast_head":"<!-- This site is optimized with the Yoast SEO plugin v27.2 - https:\/\/yoast.com\/product\/yoast-seo-wordpress\/ -->\n<title>Galilei-Pascoli: il Presidente del consiglio Giorgio Nordo pretende l&#039;impegno preso dalla Citt\u00e0 Metropolitana - Radio Touring 104<\/title>\n<meta name=\"description\" content=\"Il Presidente del consiglio Giorgio Nordo vuole che la citt\u00e0 Metropolitana di Reggio Calabria rispetti i patti sull&#039;autonomia scolastica\" \/>\n<meta name=\"robots\" content=\"index, follow, max-snippet:-1, max-image-preview:large, max-video-preview:-1\" \/>\n<link rel=\"canonical\" href=\"https:\/\/progettotouring.it\/radiotouring104\/2023\/12\/30\/galilei-pascoli-il-presidente-del-consiglio-giorgio-nordo-pretende-limpegno-preso-dalla-citta-metropolitana\/\" \/>\n<meta property=\"og:locale\" content=\"it_IT\" \/>\n<meta property=\"og:type\" content=\"article\" \/>\n<meta property=\"og:title\" content=\"Galilei-Pascoli: il Presidente del consiglio Giorgio Nordo pretende l&#039;impegno preso dalla Citt\u00e0 Metropolitana - Radio Touring 104\" \/>\n<meta property=\"og:description\" content=\"Il Presidente del consiglio Giorgio Nordo vuole che la citt\u00e0 Metropolitana di Reggio Calabria rispetti i patti sull&#039;autonomia scolastica\" \/>\n<meta property=\"og:url\" content=\"https:\/\/progettotouring.it\/radiotouring104\/2023\/12\/30\/galilei-pascoli-il-presidente-del-consiglio-giorgio-nordo-pretende-limpegno-preso-dalla-citta-metropolitana\/\" \/>\n<meta property=\"og:site_name\" content=\"Radio Touring 104\" \/>\n<meta property=\"article:published_time\" content=\"2023-12-30T09:20:55+00:00\" \/>\n<meta property=\"article:modified_time\" content=\"2023-12-30T09:43:07+00:00\" \/>\n<meta property=\"og:image\" content=\"https:\/\/progettotouring.it\/radiotouring104\/wp-content\/uploads\/sites\/6\/2023\/12\/protesta_galilei-pascoli.jpg\" \/>\n\t<meta property=\"og:image:width\" content=\"1667\" \/>\n\t<meta property=\"og:image:height\" content=\"1082\" \/>\n\t<meta property=\"og:image:type\" content=\"image\/jpeg\" \/>\n<meta name=\"author\" content=\"Filippo Francesco Idone\" \/>\n<meta name=\"twitter:card\" content=\"summary_large_image\" \/>\n<meta name=\"twitter:label1\" content=\"Scritto da\" \/>\n\t<meta name=\"twitter:data1\" content=\"Filippo Francesco Idone\" \/>\n\t<meta name=\"twitter:label2\" content=\"Tempo di lettura stimato\" \/>\n\t<meta name=\"twitter:data2\" content=\"5 minuti\" \/>\n<script type=\"application\/ld+json\" class=\"yoast-schema-graph\">{\"@context\":\"https:\/\/schema.org\",\"@graph\":[{\"@type\":\"Article\",\"@id\":\"https:\/\/progettotouring.it\/radiotouring104\/2023\/12\/30\/galilei-pascoli-il-presidente-del-consiglio-giorgio-nordo-pretende-limpegno-preso-dalla-citta-metropolitana\/#article\",\"isPartOf\":{\"@id\":\"https:\/\/progettotouring.it\/radiotouring104\/2023\/12\/30\/galilei-pascoli-il-presidente-del-consiglio-giorgio-nordo-pretende-limpegno-preso-dalla-citta-metropolitana\/\"},\"author\":{\"name\":\"Filippo Francesco Idone\",\"@id\":\"https:\/\/progettotouring.it\/radiotouring104\/#\/schema\/person\/4a82259ca52ac8702ad1a8f9e5a3120b\"},\"headline\":\"Galilei-Pascoli: il Presidente del consiglio Giorgio Nordo pretende l&#8217;impegno preso dalla Citt\u00e0 Metropolitana\",\"datePublished\":\"2023-12-30T09:20:55+00:00\",\"dateModified\":\"2023-12-30T09:43:07+00:00\",\"mainEntityOfPage\":{\"@id\":\"https:\/\/progettotouring.it\/radiotouring104\/2023\/12\/30\/galilei-pascoli-il-presidente-del-consiglio-giorgio-nordo-pretende-limpegno-preso-dalla-citta-metropolitana\/\"},\"wordCount\":1090,\"publisher\":{\"@id\":\"https:\/\/progettotouring.it\/radiotouring104\/#organization\"},\"image\":{\"@id\":\"https:\/\/progettotouring.it\/radiotouring104\/2023\/12\/30\/galilei-pascoli-il-presidente-del-consiglio-giorgio-nordo-pretende-limpegno-preso-dalla-citta-metropolitana\/#primaryimage\"},\"thumbnailUrl\":\"https:\/\/progettotouring.it\/radiotouring104\/wp-content\/uploads\/sites\/6\/2023\/12\/protesta_galilei-pascoli.jpg\",\"keywords\":[\"citt\u00e0 metropoltana\",\"Galilei-Pascoli\",\"I.C. Vitrioli-Principe di Piemonte\",\"nordo\"],\"articleSection\":[\"Home\",\"News\",\"Reggio Calabria\"],\"inLanguage\":\"it-IT\"},{\"@type\":\"WebPage\",\"@id\":\"https:\/\/progettotouring.it\/radiotouring104\/2023\/12\/30\/galilei-pascoli-il-presidente-del-consiglio-giorgio-nordo-pretende-limpegno-preso-dalla-citta-metropolitana\/\",\"url\":\"https:\/\/progettotouring.it\/radiotouring104\/2023\/12\/30\/galilei-pascoli-il-presidente-del-consiglio-giorgio-nordo-pretende-limpegno-preso-dalla-citta-metropolitana\/\",\"name\":\"Galilei-Pascoli: il Presidente del consiglio Giorgio Nordo pretende l'impegno preso dalla Citt\u00e0 Metropolitana - Radio Touring 104\",\"isPartOf\":{\"@id\":\"https:\/\/progettotouring.it\/radiotouring104\/#website\"},\"primaryImageOfPage\":{\"@id\":\"https:\/\/progettotouring.it\/radiotouring104\/2023\/12\/30\/galilei-pascoli-il-presidente-del-consiglio-giorgio-nordo-pretende-limpegno-preso-dalla-citta-metropolitana\/#primaryimage\"},\"image\":{\"@id\":\"https:\/\/progettotouring.it\/radiotouring104\/2023\/12\/30\/galilei-pascoli-il-presidente-del-consiglio-giorgio-nordo-pretende-limpegno-preso-dalla-citta-metropolitana\/#primaryimage\"},\"thumbnailUrl\":\"https:\/\/progettotouring.it\/radiotouring104\/wp-content\/uploads\/sites\/6\/2023\/12\/protesta_galilei-pascoli.jpg\",\"datePublished\":\"2023-12-30T09:20:55+00:00\",\"dateModified\":\"2023-12-30T09:43:07+00:00\",\"description\":\"Il Presidente del consiglio Giorgio Nordo vuole che la citt\u00e0 Metropolitana di Reggio Calabria rispetti i patti sull'autonomia scolastica\",\"breadcrumb\":{\"@id\":\"https:\/\/progettotouring.it\/radiotouring104\/2023\/12\/30\/galilei-pascoli-il-presidente-del-consiglio-giorgio-nordo-pretende-limpegno-preso-dalla-citta-metropolitana\/#breadcrumb\"},\"inLanguage\":\"it-IT\",\"potentialAction\":[{\"@type\":\"ReadAction\",\"target\":[\"https:\/\/progettotouring.it\/radiotouring104\/2023\/12\/30\/galilei-pascoli-il-presidente-del-consiglio-giorgio-nordo-pretende-limpegno-preso-dalla-citta-metropolitana\/\"]}]},{\"@type\":\"ImageObject\",\"inLanguage\":\"it-IT\",\"@id\":\"https:\/\/progettotouring.it\/radiotouring104\/2023\/12\/30\/galilei-pascoli-il-presidente-del-consiglio-giorgio-nordo-pretende-limpegno-preso-dalla-citta-metropolitana\/#primaryimage\",\"url\":\"https:\/\/progettotouring.it\/radiotouring104\/wp-content\/uploads\/sites\/6\/2023\/12\/protesta_galilei-pascoli.jpg\",\"contentUrl\":\"https:\/\/progettotouring.it\/radiotouring104\/wp-content\/uploads\/sites\/6\/2023\/12\/protesta_galilei-pascoli.jpg\",\"width\":1667,\"height\":1082},{\"@type\":\"BreadcrumbList\",\"@id\":\"https:\/\/progettotouring.it\/radiotouring104\/2023\/12\/30\/galilei-pascoli-il-presidente-del-consiglio-giorgio-nordo-pretende-limpegno-preso-dalla-citta-metropolitana\/#breadcrumb\",\"itemListElement\":[{\"@type\":\"ListItem\",\"position\":1,\"name\":\"Home\",\"item\":\"https:\/\/progettotouring.it\/radiotouring104\/\"},{\"@type\":\"ListItem\",\"position\":2,\"name\":\"Galilei-Pascoli: il Presidente del consiglio Giorgio Nordo pretende l&#8217;impegno preso dalla Citt\u00e0 Metropolitana\"}]},{\"@type\":\"WebSite\",\"@id\":\"https:\/\/progettotouring.it\/radiotouring104\/#website\",\"url\":\"https:\/\/progettotouring.it\/radiotouring104\/\",\"name\":\"Radio Touring 104\",\"description\":\"La prima radio Reggina\",\"publisher\":{\"@id\":\"https:\/\/progettotouring.it\/radiotouring104\/#organization\"},\"potentialAction\":[{\"@type\":\"SearchAction\",\"target\":{\"@type\":\"EntryPoint\",\"urlTemplate\":\"https:\/\/progettotouring.it\/radiotouring104\/?s={search_term_string}\"},\"query-input\":{\"@type\":\"PropertyValueSpecification\",\"valueRequired\":true,\"valueName\":\"search_term_string\"}}],\"inLanguage\":\"it-IT\"},{\"@type\":\"Organization\",\"@id\":\"https:\/\/progettotouring.it\/radiotouring104\/#organization\",\"name\":\"Radio Touring 104\",\"url\":\"https:\/\/progettotouring.it\/radiotouring104\/\",\"logo\":{\"@type\":\"ImageObject\",\"inLanguage\":\"it-IT\",\"@id\":\"https:\/\/progettotouring.it\/radiotouring104\/#\/schema\/logo\/image\/\",\"url\":\"https:\/\/progettotouring.it\/radiotouring104\/wp-content\/uploads\/sites\/6\/2022\/02\/cropped-logo-radio-touring-104.png\",\"contentUrl\":\"https:\/\/progettotouring.it\/radiotouring104\/wp-content\/uploads\/sites\/6\/2022\/02\/cropped-logo-radio-touring-104.png\",\"width\":377,\"height\":182,\"caption\":\"Radio Touring 104\"},\"image\":{\"@id\":\"https:\/\/progettotouring.it\/radiotouring104\/#\/schema\/logo\/image\/\"}},{\"@type\":\"Person\",\"@id\":\"https:\/\/progettotouring.it\/radiotouring104\/#\/schema\/person\/4a82259ca52ac8702ad1a8f9e5a3120b\",\"name\":\"Filippo Francesco Idone\",\"image\":{\"@type\":\"ImageObject\",\"inLanguage\":\"it-IT\",\"@id\":\"https:\/\/secure.gravatar.com\/avatar\/7268715d2366395c3dd314385670e6484117d44f5c442e61e230f7008b7b62d3?s=96&d=mm&r=g\",\"url\":\"https:\/\/secure.gravatar.com\/avatar\/7268715d2366395c3dd314385670e6484117d44f5c442e61e230f7008b7b62d3?s=96&d=mm&r=g\",\"contentUrl\":\"https:\/\/secure.gravatar.com\/avatar\/7268715d2366395c3dd314385670e6484117d44f5c442e61e230f7008b7b62d3?s=96&d=mm&r=g\",\"caption\":\"Filippo Francesco Idone\"},\"url\":\"https:\/\/progettotouring.it\/radiotouring104\/author\/filippoidone\/\"}]}<\/script>\n<!-- \/ Yoast SEO plugin. -->","yoast_head_json":{"title":"Galilei-Pascoli: il Presidente del consiglio Giorgio Nordo pretende l'impegno preso dalla Citt\u00e0 Metropolitana - Radio Touring 104","description":"Il Presidente del consiglio Giorgio Nordo vuole che la citt\u00e0 Metropolitana di Reggio Calabria rispetti i patti sull'autonomia scolastica","robots":{"index":"index","follow":"follow","max-snippet":"max-snippet:-1","max-image-preview":"max-image-preview:large","max-video-preview":"max-video-preview:-1"},"canonical":"https:\/\/progettotouring.it\/radiotouring104\/2023\/12\/30\/galilei-pascoli-il-presidente-del-consiglio-giorgio-nordo-pretende-limpegno-preso-dalla-citta-metropolitana\/","og_locale":"it_IT","og_type":"article","og_title":"Galilei-Pascoli: il Presidente del consiglio Giorgio Nordo pretende l'impegno preso dalla Citt\u00e0 Metropolitana - Radio Touring 104","og_description":"Il Presidente del consiglio Giorgio Nordo vuole che la citt\u00e0 Metropolitana di Reggio Calabria rispetti i patti sull'autonomia scolastica","og_url":"https:\/\/progettotouring.it\/radiotouring104\/2023\/12\/30\/galilei-pascoli-il-presidente-del-consiglio-giorgio-nordo-pretende-limpegno-preso-dalla-citta-metropolitana\/","og_site_name":"Radio Touring 104","article_published_time":"2023-12-30T09:20:55+00:00","article_modified_time":"2023-12-30T09:43:07+00:00","og_image":[{"width":1667,"height":1082,"url":"https:\/\/progettotouring.it\/radiotouring104\/wp-content\/uploads\/sites\/6\/2023\/12\/protesta_galilei-pascoli.jpg","type":"image\/jpeg"}],"author":"Filippo Francesco Idone","twitter_card":"summary_large_image","twitter_misc":{"Scritto da":"Filippo Francesco Idone","Tempo di lettura stimato":"5 minuti"},"schema":{"@context":"https:\/\/schema.org","@graph":[{"@type":"Article","@id":"https:\/\/progettotouring.it\/radiotouring104\/2023\/12\/30\/galilei-pascoli-il-presidente-del-consiglio-giorgio-nordo-pretende-limpegno-preso-dalla-citta-metropolitana\/#article","isPartOf":{"@id":"https:\/\/progettotouring.it\/radiotouring104\/2023\/12\/30\/galilei-pascoli-il-presidente-del-consiglio-giorgio-nordo-pretende-limpegno-preso-dalla-citta-metropolitana\/"},"author":{"name":"Filippo Francesco Idone","@id":"https:\/\/progettotouring.it\/radiotouring104\/#\/schema\/person\/4a82259ca52ac8702ad1a8f9e5a3120b"},"headline":"Galilei-Pascoli: il Presidente del consiglio Giorgio Nordo pretende l&#8217;impegno preso dalla Citt\u00e0 Metropolitana","datePublished":"2023-12-30T09:20:55+00:00","dateModified":"2023-12-30T09:43:07+00:00","mainEntityOfPage":{"@id":"https:\/\/progettotouring.it\/radiotouring104\/2023\/12\/30\/galilei-pascoli-il-presidente-del-consiglio-giorgio-nordo-pretende-limpegno-preso-dalla-citta-metropolitana\/"},"wordCount":1090,"publisher":{"@id":"https:\/\/progettotouring.it\/radiotouring104\/#organization"},"image":{"@id":"https:\/\/progettotouring.it\/radiotouring104\/2023\/12\/30\/galilei-pascoli-il-presidente-del-consiglio-giorgio-nordo-pretende-limpegno-preso-dalla-citta-metropolitana\/#primaryimage"},"thumbnailUrl":"https:\/\/progettotouring.it\/radiotouring104\/wp-content\/uploads\/sites\/6\/2023\/12\/protesta_galilei-pascoli.jpg","keywords":["citt\u00e0 metropoltana","Galilei-Pascoli","I.C. Vitrioli-Principe di Piemonte","nordo"],"articleSection":["Home","News","Reggio Calabria"],"inLanguage":"it-IT"},{"@type":"WebPage","@id":"https:\/\/progettotouring.it\/radiotouring104\/2023\/12\/30\/galilei-pascoli-il-presidente-del-consiglio-giorgio-nordo-pretende-limpegno-preso-dalla-citta-metropolitana\/","url":"https:\/\/progettotouring.it\/radiotouring104\/2023\/12\/30\/galilei-pascoli-il-presidente-del-consiglio-giorgio-nordo-pretende-limpegno-preso-dalla-citta-metropolitana\/","name":"Galilei-Pascoli: il Presidente del consiglio Giorgio Nordo pretende l'impegno preso dalla Citt\u00e0 Metropolitana - Radio Touring 104","isPartOf":{"@id":"https:\/\/progettotouring.it\/radiotouring104\/#website"},"primaryImageOfPage":{"@id":"https:\/\/progettotouring.it\/radiotouring104\/2023\/12\/30\/galilei-pascoli-il-presidente-del-consiglio-giorgio-nordo-pretende-limpegno-preso-dalla-citta-metropolitana\/#primaryimage"},"image":{"@id":"https:\/\/progettotouring.it\/radiotouring104\/2023\/12\/30\/galilei-pascoli-il-presidente-del-consiglio-giorgio-nordo-pretende-limpegno-preso-dalla-citta-metropolitana\/#primaryimage"},"thumbnailUrl":"https:\/\/progettotouring.it\/radiotouring104\/wp-content\/uploads\/sites\/6\/2023\/12\/protesta_galilei-pascoli.jpg","datePublished":"2023-12-30T09:20:55+00:00","dateModified":"2023-12-30T09:43:07+00:00","description":"Il Presidente del consiglio Giorgio Nordo vuole che la citt\u00e0 Metropolitana di Reggio Calabria rispetti i patti sull'autonomia scolastica","breadcrumb":{"@id":"https:\/\/progettotouring.it\/radiotouring104\/2023\/12\/30\/galilei-pascoli-il-presidente-del-consiglio-giorgio-nordo-pretende-limpegno-preso-dalla-citta-metropolitana\/#breadcrumb"},"inLanguage":"it-IT","potentialAction":[{"@type":"ReadAction","target":["https:\/\/progettotouring.it\/radiotouring104\/2023\/12\/30\/galilei-pascoli-il-presidente-del-consiglio-giorgio-nordo-pretende-limpegno-preso-dalla-citta-metropolitana\/"]}]},{"@type":"ImageObject","inLanguage":"it-IT","@id":"https:\/\/progettotouring.it\/radiotouring104\/2023\/12\/30\/galilei-pascoli-il-presidente-del-consiglio-giorgio-nordo-pretende-limpegno-preso-dalla-citta-metropolitana\/#primaryimage","url":"https:\/\/progettotouring.it\/radiotouring104\/wp-content\/uploads\/sites\/6\/2023\/12\/protesta_galilei-pascoli.jpg","contentUrl":"https:\/\/progettotouring.it\/radiotouring104\/wp-content\/uploads\/sites\/6\/2023\/12\/protesta_galilei-pascoli.jpg","width":1667,"height":1082},{"@type":"BreadcrumbList","@id":"https:\/\/progettotouring.it\/radiotouring104\/2023\/12\/30\/galilei-pascoli-il-presidente-del-consiglio-giorgio-nordo-pretende-limpegno-preso-dalla-citta-metropolitana\/#breadcrumb","itemListElement":[{"@type":"ListItem","position":1,"name":"Home","item":"https:\/\/progettotouring.it\/radiotouring104\/"},{"@type":"ListItem","position":2,"name":"Galilei-Pascoli: il Presidente del consiglio Giorgio Nordo pretende l&#8217;impegno preso dalla Citt\u00e0 Metropolitana"}]},{"@type":"WebSite","@id":"https:\/\/progettotouring.it\/radiotouring104\/#website","url":"https:\/\/progettotouring.it\/radiotouring104\/","name":"Radio Touring 104","description":"La prima radio Reggina","publisher":{"@id":"https:\/\/progettotouring.it\/radiotouring104\/#organization"},"potentialAction":[{"@type":"SearchAction","target":{"@type":"EntryPoint","urlTemplate":"https:\/\/progettotouring.it\/radiotouring104\/?s={search_term_string}"},"query-input":{"@type":"PropertyValueSpecification","valueRequired":true,"valueName":"search_term_string"}}],"inLanguage":"it-IT"},{"@type":"Organization","@id":"https:\/\/progettotouring.it\/radiotouring104\/#organization","name":"Radio Touring 104","url":"https:\/\/progettotouring.it\/radiotouring104\/","logo":{"@type":"ImageObject","inLanguage":"it-IT","@id":"https:\/\/progettotouring.it\/radiotouring104\/#\/schema\/logo\/image\/","url":"https:\/\/progettotouring.it\/radiotouring104\/wp-content\/uploads\/sites\/6\/2022\/02\/cropped-logo-radio-touring-104.png","contentUrl":"https:\/\/progettotouring.it\/radiotouring104\/wp-content\/uploads\/sites\/6\/2022\/02\/cropped-logo-radio-touring-104.png","width":377,"height":182,"caption":"Radio Touring 104"},"image":{"@id":"https:\/\/progettotouring.it\/radiotouring104\/#\/schema\/logo\/image\/"}},{"@type":"Person","@id":"https:\/\/progettotouring.it\/radiotouring104\/#\/schema\/person\/4a82259ca52ac8702ad1a8f9e5a3120b","name":"Filippo Francesco Idone","image":{"@type":"ImageObject","inLanguage":"it-IT","@id":"https:\/\/secure.gravatar.com\/avatar\/7268715d2366395c3dd314385670e6484117d44f5c442e61e230f7008b7b62d3?s=96&d=mm&r=g","url":"https:\/\/secure.gravatar.com\/avatar\/7268715d2366395c3dd314385670e6484117d44f5c442e61e230f7008b7b62d3?s=96&d=mm&r=g","contentUrl":"https:\/\/secure.gravatar.com\/avatar\/7268715d2366395c3dd314385670e6484117d44f5c442e61e230f7008b7b62d3?s=96&d=mm&r=g","caption":"Filippo Francesco Idone"},"url":"https:\/\/progettotouring.it\/radiotouring104\/author\/filippoidone\/"}]}},"jetpack_publicize_connections":[],"jetpack_featured_media_url":"https:\/\/progettotouring.it\/radiotouring104\/wp-content\/uploads\/sites\/6\/2023\/12\/protesta_galilei-pascoli.jpg","jetpack_sharing_enabled":true,"_links":{"self":[{"href":"https:\/\/progettotouring.it\/radiotouring104\/wp-json\/wp\/v2\/posts\/41837","targetHints":{"allow":["GET"]}}],"collection":[{"href":"https:\/\/progettotouring.it\/radiotouring104\/wp-json\/wp\/v2\/posts"}],"about":[{"href":"https:\/\/progettotouring.it\/radiotouring104\/wp-json\/wp\/v2\/types\/post"}],"author":[{"embeddable":true,"href":"https:\/\/progettotouring.it\/radiotouring104\/wp-json\/wp\/v2\/users\/8"}],"replies":[{"embeddable":true,"href":"https:\/\/progettotouring.it\/radiotouring104\/wp-json\/wp\/v2\/comments?post=41837"}],"version-history":[{"count":1,"href":"https:\/\/progettotouring.it\/radiotouring104\/wp-json\/wp\/v2\/posts\/41837\/revisions"}],"predecessor-version":[{"id":41839,"href":"https:\/\/progettotouring.it\/radiotouring104\/wp-json\/wp\/v2\/posts\/41837\/revisions\/41839"}],"wp:featuredmedia":[{"embeddable":true,"href":"https:\/\/progettotouring.it\/radiotouring104\/wp-json\/wp\/v2\/media\/41838"}],"wp:attachment":[{"href":"https:\/\/progettotouring.it\/radiotouring104\/wp-json\/wp\/v2\/media?parent=41837"}],"wp:term":[{"taxonomy":"category","embeddable":true,"href":"https:\/\/progettotouring.it\/radiotouring104\/wp-json\/wp\/v2\/categories?post=41837"},{"taxonomy":"post_tag","embeddable":true,"href":"https:\/\/progettotouring.it\/radiotouring104\/wp-json\/wp\/v2\/tags?post=41837"}],"curies":[{"name":"wp","href":"https:\/\/api.w.org\/{rel}","templated":true}]}}