{"id":41844,"date":"2023-12-30T10:24:48","date_gmt":"2023-12-30T09:24:48","guid":{"rendered":"https:\/\/progettotouring.it\/radiotouring104\/?p=41844"},"modified":"2023-12-30T10:52:32","modified_gmt":"2023-12-30T09:52:32","slug":"lega-calabria-approvata-la-manovra-2024","status":"publish","type":"post","link":"https:\/\/progettotouring.it\/radiotouring104\/2023\/12\/30\/lega-calabria-approvata-la-manovra-2024\/","title":{"rendered":"Lega Calabria: approvata la Manovra 2024"},"content":{"rendered":"<p style=\"text-align: justify\">La<strong> manovra 2024<\/strong> \u00e8 stata approvata dalla <strong>Camera<\/strong> con 200 voti favorevoli, 112 contrari e 3 astenuti. Questa legge di Bilancio, del valore di circa 2<strong>4 miliardi di euro,<\/strong> \u00e8 stata suddivisa in diverse misure che riguardano vari settori. Uno degli obiettivi principali della manovra \u00e8 l&#8217;abolizione della legge Fornero. Nel 2024, sar\u00e0 possibile accedere all&#8217;uscita anticipata con quota 103, Ape sociale e Opzione Donna. Inoltre, i premi di produttivit\u00e0 saranno detassati al 5% e i fringe benefit fino a 2.000 euro potranno essere utilizzati per pagare affitto e mutuo sulla prima casa.\u00a0Per quanto riguarda il fisco, la manovra prevede una rateizzazione pi\u00f9 equa dei pagamenti delle imposte. Le imposte non si pagheranno pi\u00f9 in anticipo, ma da anno concluso e reddito percepito. I lavoratori autonomi e i titolari di Partita IVA potranno versare l&#8217;acconto di novembre in una sola rata, senza interessi, oppure in 5 rate da gennaio a maggio.<\/p>\n<p style=\"text-align: justify\">La manovra mira anche a rendere pi\u00f9 equo il sistema fiscale per i ceti medio-bassi. Sono previsti 15 miliardi di euro per il taglio del cuneo fiscale e la riduzione delle aliquote IRPEF. In particolare, il cuneo fiscale sar\u00e0 ridotto al 7% per i redditi fino a 25.000 euro e al 6% per quelli fino a 35.000 euro. Le aliquote IRPEF saranno ridotte da 4 a 3. La manovra prevede anche investimenti nel settore pubblico. Saranno destinati 8 miliardi di euro per il rinnovo dei contratti e nuove assunzioni nella pubblica amministrazione. L&#8217;aumento medio sar\u00e0 pari al 6%. Inoltre, saranno destinati fondi per la sicurezza e le forze di polizia, con 1,5 miliardi per il rinnovo dei contratti del comparto sicurezza, difesa e soccorso pubblico.<\/p>\n<p style=\"text-align: justify\">Altre misure previste dalla manovra riguardano la diminuzione del canone <strong>RAI in bolletta, che passer\u00e0 da 90 a 70 euro<\/strong> all&#8217;anno, e investimenti nelle infrastrutture per rendere l&#8217;Italia pi\u00f9 moderna. Saranno destinati 11,6 miliardi di euro per il Ponte sullo Stretto e fondi per il trasporto merci, la messa in sicurezza delle strade e le infrastrutture portuali. La manovra prevede anche agevolazioni per le famiglie numerose, con mutui agevolati e potenziamento del bonus asili nido. Inoltre, sono previsti investimenti per il contrasto al disagio abitativo e un potenziamento della sanit\u00e0. Saranno destinati 136 miliardi di euro per nuovi contratti e stipendi pi\u00f9 alti per medici e infermieri. In conclusione, la manovra 2024 \u00e8 stata approvata con l&#8217;obiettivo di portare benefici a diversi settori, come le pensioni, il lavoro, il fisco, le infrastrutture, le famiglie e la sanit\u00e0. Questa legge di Bilancio rappresenta un passo avanti verso una maggiore equit\u00e0 e sviluppo del paese.<\/p>\n","protected":false},"excerpt":{"rendered":"<p>La manovra 2024 \u00e8 stata approvata dalla Camera con 200 voti favorevoli, 112 contrari e 3 astenuti. Questa legge di Bilancio, del valore di circa 24 miliardi di euro, \u00e8&hellip;<\/p>\n","protected":false},"author":8,"featured_media":41845,"comment_status":"closed","ping_status":"open","sticky":false,"template":"","format":"standard","meta":{"_jetpack_memberships_contains_paid_content":false,"footnotes":"","jetpack_publicize_message":"","jetpack_publicize_feature_enabled":true,"jetpack_social_post_already_shared":false,"jetpack_social_options":{"image_generator_settings":{"template":"highway","default_image_id":0,"font":"","enabled":false},"version":2}},"categories":[142,921,196],"tags":[8762,25923],"class_list":["post-41844","post","type-post","status-publish","format-standard","has-post-thumbnail","hentry","category-calabria","category-home","category-news","tag-lega-calabria","tag-manovra-2024"],"yoast_head":"<!-- This site is optimized with the Yoast SEO plugin v27.2 - https:\/\/yoast.com\/product\/yoast-seo-wordpress\/ -->\n<title>Lega Calabria: approvata la Manovra 2024 - Radio Touring 104<\/title>\n<meta name=\"description\" content=\"E&#039; stata approvata la Manovra 2024 con 200 voti favorevoli, 112 contrari e 3 astenuti. Il valore \u00e8 di 24 miliardi di euro\" \/>\n<meta name=\"robots\" content=\"index, follow, max-snippet:-1, max-image-preview:large, max-video-preview:-1\" \/>\n<link rel=\"canonical\" href=\"https:\/\/progettotouring.it\/radiotouring104\/2023\/12\/30\/lega-calabria-approvata-la-manovra-2024\/\" \/>\n<meta property=\"og:locale\" content=\"it_IT\" \/>\n<meta property=\"og:type\" content=\"article\" \/>\n<meta property=\"og:title\" content=\"Lega Calabria: approvata la Manovra 2024 - Radio Touring 104\" \/>\n<meta property=\"og:description\" content=\"E&#039; stata approvata la Manovra 2024 con 200 voti favorevoli, 112 contrari e 3 astenuti. Il valore \u00e8 di 24 miliardi di euro\" \/>\n<meta property=\"og:url\" content=\"https:\/\/progettotouring.it\/radiotouring104\/2023\/12\/30\/lega-calabria-approvata-la-manovra-2024\/\" \/>\n<meta property=\"og:site_name\" content=\"Radio Touring 104\" \/>\n<meta property=\"article:published_time\" content=\"2023-12-30T09:24:48+00:00\" \/>\n<meta property=\"article:modified_time\" content=\"2023-12-30T09:52:32+00:00\" \/>\n<meta property=\"og:image\" content=\"https:\/\/progettotouring.it\/radiotouring104\/wp-content\/uploads\/sites\/6\/2023\/12\/lega-calabria.jpg\" \/>\n\t<meta property=\"og:image:width\" content=\"1086\" \/>\n\t<meta property=\"og:image:height\" content=\"533\" \/>\n\t<meta property=\"og:image:type\" content=\"image\/jpeg\" \/>\n<meta name=\"author\" content=\"Filippo Francesco Idone\" \/>\n<meta name=\"twitter:card\" content=\"summary_large_image\" \/>\n<meta name=\"twitter:label1\" content=\"Scritto da\" \/>\n\t<meta name=\"twitter:data1\" content=\"Filippo Francesco Idone\" \/>\n\t<meta name=\"twitter:label2\" content=\"Tempo di lettura stimato\" \/>\n\t<meta name=\"twitter:data2\" content=\"2 minuti\" \/>\n<script type=\"application\/ld+json\" class=\"yoast-schema-graph\">{\"@context\":\"https:\/\/schema.org\",\"@graph\":[{\"@type\":\"Article\",\"@id\":\"https:\/\/progettotouring.it\/radiotouring104\/2023\/12\/30\/lega-calabria-approvata-la-manovra-2024\/#article\",\"isPartOf\":{\"@id\":\"https:\/\/progettotouring.it\/radiotouring104\/2023\/12\/30\/lega-calabria-approvata-la-manovra-2024\/\"},\"author\":{\"name\":\"Filippo Francesco Idone\",\"@id\":\"https:\/\/progettotouring.it\/radiotouring104\/#\/schema\/person\/4a82259ca52ac8702ad1a8f9e5a3120b\"},\"headline\":\"Lega Calabria: approvata la Manovra 2024\",\"datePublished\":\"2023-12-30T09:24:48+00:00\",\"dateModified\":\"2023-12-30T09:52:32+00:00\",\"mainEntityOfPage\":{\"@id\":\"https:\/\/progettotouring.it\/radiotouring104\/2023\/12\/30\/lega-calabria-approvata-la-manovra-2024\/\"},\"wordCount\":406,\"publisher\":{\"@id\":\"https:\/\/progettotouring.it\/radiotouring104\/#organization\"},\"image\":{\"@id\":\"https:\/\/progettotouring.it\/radiotouring104\/2023\/12\/30\/lega-calabria-approvata-la-manovra-2024\/#primaryimage\"},\"thumbnailUrl\":\"https:\/\/progettotouring.it\/radiotouring104\/wp-content\/uploads\/sites\/6\/2023\/12\/lega-calabria.jpg\",\"keywords\":[\"lega calabria\",\"manovra 2024\"],\"articleSection\":[\"Calabria\",\"Home\",\"News\"],\"inLanguage\":\"it-IT\"},{\"@type\":\"WebPage\",\"@id\":\"https:\/\/progettotouring.it\/radiotouring104\/2023\/12\/30\/lega-calabria-approvata-la-manovra-2024\/\",\"url\":\"https:\/\/progettotouring.it\/radiotouring104\/2023\/12\/30\/lega-calabria-approvata-la-manovra-2024\/\",\"name\":\"Lega Calabria: approvata la Manovra 2024 - Radio Touring 104\",\"isPartOf\":{\"@id\":\"https:\/\/progettotouring.it\/radiotouring104\/#website\"},\"primaryImageOfPage\":{\"@id\":\"https:\/\/progettotouring.it\/radiotouring104\/2023\/12\/30\/lega-calabria-approvata-la-manovra-2024\/#primaryimage\"},\"image\":{\"@id\":\"https:\/\/progettotouring.it\/radiotouring104\/2023\/12\/30\/lega-calabria-approvata-la-manovra-2024\/#primaryimage\"},\"thumbnailUrl\":\"https:\/\/progettotouring.it\/radiotouring104\/wp-content\/uploads\/sites\/6\/2023\/12\/lega-calabria.jpg\",\"datePublished\":\"2023-12-30T09:24:48+00:00\",\"dateModified\":\"2023-12-30T09:52:32+00:00\",\"description\":\"E' stata approvata la Manovra 2024 con 200 voti favorevoli, 112 contrari e 3 astenuti. Il valore \u00e8 di 24 miliardi di euro\",\"breadcrumb\":{\"@id\":\"https:\/\/progettotouring.it\/radiotouring104\/2023\/12\/30\/lega-calabria-approvata-la-manovra-2024\/#breadcrumb\"},\"inLanguage\":\"it-IT\",\"potentialAction\":[{\"@type\":\"ReadAction\",\"target\":[\"https:\/\/progettotouring.it\/radiotouring104\/2023\/12\/30\/lega-calabria-approvata-la-manovra-2024\/\"]}]},{\"@type\":\"ImageObject\",\"inLanguage\":\"it-IT\",\"@id\":\"https:\/\/progettotouring.it\/radiotouring104\/2023\/12\/30\/lega-calabria-approvata-la-manovra-2024\/#primaryimage\",\"url\":\"https:\/\/progettotouring.it\/radiotouring104\/wp-content\/uploads\/sites\/6\/2023\/12\/lega-calabria.jpg\",\"contentUrl\":\"https:\/\/progettotouring.it\/radiotouring104\/wp-content\/uploads\/sites\/6\/2023\/12\/lega-calabria.jpg\",\"width\":1086,\"height\":533},{\"@type\":\"BreadcrumbList\",\"@id\":\"https:\/\/progettotouring.it\/radiotouring104\/2023\/12\/30\/lega-calabria-approvata-la-manovra-2024\/#breadcrumb\",\"itemListElement\":[{\"@type\":\"ListItem\",\"position\":1,\"name\":\"Home\",\"item\":\"https:\/\/progettotouring.it\/radiotouring104\/\"},{\"@type\":\"ListItem\",\"position\":2,\"name\":\"Lega Calabria: approvata la Manovra 2024\"}]},{\"@type\":\"WebSite\",\"@id\":\"https:\/\/progettotouring.it\/radiotouring104\/#website\",\"url\":\"https:\/\/progettotouring.it\/radiotouring104\/\",\"name\":\"Radio Touring 104\",\"description\":\"La prima radio Reggina\",\"publisher\":{\"@id\":\"https:\/\/progettotouring.it\/radiotouring104\/#organization\"},\"potentialAction\":[{\"@type\":\"SearchAction\",\"target\":{\"@type\":\"EntryPoint\",\"urlTemplate\":\"https:\/\/progettotouring.it\/radiotouring104\/?s={search_term_string}\"},\"query-input\":{\"@type\":\"PropertyValueSpecification\",\"valueRequired\":true,\"valueName\":\"search_term_string\"}}],\"inLanguage\":\"it-IT\"},{\"@type\":\"Organization\",\"@id\":\"https:\/\/progettotouring.it\/radiotouring104\/#organization\",\"name\":\"Radio Touring 104\",\"url\":\"https:\/\/progettotouring.it\/radiotouring104\/\",\"logo\":{\"@type\":\"ImageObject\",\"inLanguage\":\"it-IT\",\"@id\":\"https:\/\/progettotouring.it\/radiotouring104\/#\/schema\/logo\/image\/\",\"url\":\"https:\/\/progettotouring.it\/radiotouring104\/wp-content\/uploads\/sites\/6\/2022\/02\/cropped-logo-radio-touring-104.png\",\"contentUrl\":\"https:\/\/progettotouring.it\/radiotouring104\/wp-content\/uploads\/sites\/6\/2022\/02\/cropped-logo-radio-touring-104.png\",\"width\":377,\"height\":182,\"caption\":\"Radio Touring 104\"},\"image\":{\"@id\":\"https:\/\/progettotouring.it\/radiotouring104\/#\/schema\/logo\/image\/\"}},{\"@type\":\"Person\",\"@id\":\"https:\/\/progettotouring.it\/radiotouring104\/#\/schema\/person\/4a82259ca52ac8702ad1a8f9e5a3120b\",\"name\":\"Filippo Francesco Idone\",\"image\":{\"@type\":\"ImageObject\",\"inLanguage\":\"it-IT\",\"@id\":\"https:\/\/secure.gravatar.com\/avatar\/7268715d2366395c3dd314385670e6484117d44f5c442e61e230f7008b7b62d3?s=96&d=mm&r=g\",\"url\":\"https:\/\/secure.gravatar.com\/avatar\/7268715d2366395c3dd314385670e6484117d44f5c442e61e230f7008b7b62d3?s=96&d=mm&r=g\",\"contentUrl\":\"https:\/\/secure.gravatar.com\/avatar\/7268715d2366395c3dd314385670e6484117d44f5c442e61e230f7008b7b62d3?s=96&d=mm&r=g\",\"caption\":\"Filippo Francesco Idone\"},\"url\":\"https:\/\/progettotouring.it\/radiotouring104\/author\/filippoidone\/\"}]}<\/script>\n<!-- \/ Yoast SEO plugin. -->","yoast_head_json":{"title":"Lega Calabria: approvata la Manovra 2024 - Radio Touring 104","description":"E' stata approvata la Manovra 2024 con 200 voti favorevoli, 112 contrari e 3 astenuti. Il valore \u00e8 di 24 miliardi di euro","robots":{"index":"index","follow":"follow","max-snippet":"max-snippet:-1","max-image-preview":"max-image-preview:large","max-video-preview":"max-video-preview:-1"},"canonical":"https:\/\/progettotouring.it\/radiotouring104\/2023\/12\/30\/lega-calabria-approvata-la-manovra-2024\/","og_locale":"it_IT","og_type":"article","og_title":"Lega Calabria: approvata la Manovra 2024 - Radio Touring 104","og_description":"E' stata approvata la Manovra 2024 con 200 voti favorevoli, 112 contrari e 3 astenuti. Il valore \u00e8 di 24 miliardi di euro","og_url":"https:\/\/progettotouring.it\/radiotouring104\/2023\/12\/30\/lega-calabria-approvata-la-manovra-2024\/","og_site_name":"Radio Touring 104","article_published_time":"2023-12-30T09:24:48+00:00","article_modified_time":"2023-12-30T09:52:32+00:00","og_image":[{"width":1086,"height":533,"url":"https:\/\/progettotouring.it\/radiotouring104\/wp-content\/uploads\/sites\/6\/2023\/12\/lega-calabria.jpg","type":"image\/jpeg"}],"author":"Filippo Francesco Idone","twitter_card":"summary_large_image","twitter_misc":{"Scritto da":"Filippo Francesco Idone","Tempo di lettura stimato":"2 minuti"},"schema":{"@context":"https:\/\/schema.org","@graph":[{"@type":"Article","@id":"https:\/\/progettotouring.it\/radiotouring104\/2023\/12\/30\/lega-calabria-approvata-la-manovra-2024\/#article","isPartOf":{"@id":"https:\/\/progettotouring.it\/radiotouring104\/2023\/12\/30\/lega-calabria-approvata-la-manovra-2024\/"},"author":{"name":"Filippo Francesco Idone","@id":"https:\/\/progettotouring.it\/radiotouring104\/#\/schema\/person\/4a82259ca52ac8702ad1a8f9e5a3120b"},"headline":"Lega Calabria: approvata la Manovra 2024","datePublished":"2023-12-30T09:24:48+00:00","dateModified":"2023-12-30T09:52:32+00:00","mainEntityOfPage":{"@id":"https:\/\/progettotouring.it\/radiotouring104\/2023\/12\/30\/lega-calabria-approvata-la-manovra-2024\/"},"wordCount":406,"publisher":{"@id":"https:\/\/progettotouring.it\/radiotouring104\/#organization"},"image":{"@id":"https:\/\/progettotouring.it\/radiotouring104\/2023\/12\/30\/lega-calabria-approvata-la-manovra-2024\/#primaryimage"},"thumbnailUrl":"https:\/\/progettotouring.it\/radiotouring104\/wp-content\/uploads\/sites\/6\/2023\/12\/lega-calabria.jpg","keywords":["lega calabria","manovra 2024"],"articleSection":["Calabria","Home","News"],"inLanguage":"it-IT"},{"@type":"WebPage","@id":"https:\/\/progettotouring.it\/radiotouring104\/2023\/12\/30\/lega-calabria-approvata-la-manovra-2024\/","url":"https:\/\/progettotouring.it\/radiotouring104\/2023\/12\/30\/lega-calabria-approvata-la-manovra-2024\/","name":"Lega Calabria: approvata la Manovra 2024 - Radio Touring 104","isPartOf":{"@id":"https:\/\/progettotouring.it\/radiotouring104\/#website"},"primaryImageOfPage":{"@id":"https:\/\/progettotouring.it\/radiotouring104\/2023\/12\/30\/lega-calabria-approvata-la-manovra-2024\/#primaryimage"},"image":{"@id":"https:\/\/progettotouring.it\/radiotouring104\/2023\/12\/30\/lega-calabria-approvata-la-manovra-2024\/#primaryimage"},"thumbnailUrl":"https:\/\/progettotouring.it\/radiotouring104\/wp-content\/uploads\/sites\/6\/2023\/12\/lega-calabria.jpg","datePublished":"2023-12-30T09:24:48+00:00","dateModified":"2023-12-30T09:52:32+00:00","description":"E' stata approvata la Manovra 2024 con 200 voti favorevoli, 112 contrari e 3 astenuti. Il valore \u00e8 di 24 miliardi di euro","breadcrumb":{"@id":"https:\/\/progettotouring.it\/radiotouring104\/2023\/12\/30\/lega-calabria-approvata-la-manovra-2024\/#breadcrumb"},"inLanguage":"it-IT","potentialAction":[{"@type":"ReadAction","target":["https:\/\/progettotouring.it\/radiotouring104\/2023\/12\/30\/lega-calabria-approvata-la-manovra-2024\/"]}]},{"@type":"ImageObject","inLanguage":"it-IT","@id":"https:\/\/progettotouring.it\/radiotouring104\/2023\/12\/30\/lega-calabria-approvata-la-manovra-2024\/#primaryimage","url":"https:\/\/progettotouring.it\/radiotouring104\/wp-content\/uploads\/sites\/6\/2023\/12\/lega-calabria.jpg","contentUrl":"https:\/\/progettotouring.it\/radiotouring104\/wp-content\/uploads\/sites\/6\/2023\/12\/lega-calabria.jpg","width":1086,"height":533},{"@type":"BreadcrumbList","@id":"https:\/\/progettotouring.it\/radiotouring104\/2023\/12\/30\/lega-calabria-approvata-la-manovra-2024\/#breadcrumb","itemListElement":[{"@type":"ListItem","position":1,"name":"Home","item":"https:\/\/progettotouring.it\/radiotouring104\/"},{"@type":"ListItem","position":2,"name":"Lega Calabria: approvata la Manovra 2024"}]},{"@type":"WebSite","@id":"https:\/\/progettotouring.it\/radiotouring104\/#website","url":"https:\/\/progettotouring.it\/radiotouring104\/","name":"Radio Touring 104","description":"La prima radio Reggina","publisher":{"@id":"https:\/\/progettotouring.it\/radiotouring104\/#organization"},"potentialAction":[{"@type":"SearchAction","target":{"@type":"EntryPoint","urlTemplate":"https:\/\/progettotouring.it\/radiotouring104\/?s={search_term_string}"},"query-input":{"@type":"PropertyValueSpecification","valueRequired":true,"valueName":"search_term_string"}}],"inLanguage":"it-IT"},{"@type":"Organization","@id":"https:\/\/progettotouring.it\/radiotouring104\/#organization","name":"Radio Touring 104","url":"https:\/\/progettotouring.it\/radiotouring104\/","logo":{"@type":"ImageObject","inLanguage":"it-IT","@id":"https:\/\/progettotouring.it\/radiotouring104\/#\/schema\/logo\/image\/","url":"https:\/\/progettotouring.it\/radiotouring104\/wp-content\/uploads\/sites\/6\/2022\/02\/cropped-logo-radio-touring-104.png","contentUrl":"https:\/\/progettotouring.it\/radiotouring104\/wp-content\/uploads\/sites\/6\/2022\/02\/cropped-logo-radio-touring-104.png","width":377,"height":182,"caption":"Radio Touring 104"},"image":{"@id":"https:\/\/progettotouring.it\/radiotouring104\/#\/schema\/logo\/image\/"}},{"@type":"Person","@id":"https:\/\/progettotouring.it\/radiotouring104\/#\/schema\/person\/4a82259ca52ac8702ad1a8f9e5a3120b","name":"Filippo Francesco Idone","image":{"@type":"ImageObject","inLanguage":"it-IT","@id":"https:\/\/secure.gravatar.com\/avatar\/7268715d2366395c3dd314385670e6484117d44f5c442e61e230f7008b7b62d3?s=96&d=mm&r=g","url":"https:\/\/secure.gravatar.com\/avatar\/7268715d2366395c3dd314385670e6484117d44f5c442e61e230f7008b7b62d3?s=96&d=mm&r=g","contentUrl":"https:\/\/secure.gravatar.com\/avatar\/7268715d2366395c3dd314385670e6484117d44f5c442e61e230f7008b7b62d3?s=96&d=mm&r=g","caption":"Filippo Francesco Idone"},"url":"https:\/\/progettotouring.it\/radiotouring104\/author\/filippoidone\/"}]}},"jetpack_publicize_connections":[],"jetpack_featured_media_url":"https:\/\/progettotouring.it\/radiotouring104\/wp-content\/uploads\/sites\/6\/2023\/12\/lega-calabria.jpg","jetpack_sharing_enabled":true,"_links":{"self":[{"href":"https:\/\/progettotouring.it\/radiotouring104\/wp-json\/wp\/v2\/posts\/41844","targetHints":{"allow":["GET"]}}],"collection":[{"href":"https:\/\/progettotouring.it\/radiotouring104\/wp-json\/wp\/v2\/posts"}],"about":[{"href":"https:\/\/progettotouring.it\/radiotouring104\/wp-json\/wp\/v2\/types\/post"}],"author":[{"embeddable":true,"href":"https:\/\/progettotouring.it\/radiotouring104\/wp-json\/wp\/v2\/users\/8"}],"replies":[{"embeddable":true,"href":"https:\/\/progettotouring.it\/radiotouring104\/wp-json\/wp\/v2\/comments?post=41844"}],"version-history":[{"count":1,"href":"https:\/\/progettotouring.it\/radiotouring104\/wp-json\/wp\/v2\/posts\/41844\/revisions"}],"predecessor-version":[{"id":41846,"href":"https:\/\/progettotouring.it\/radiotouring104\/wp-json\/wp\/v2\/posts\/41844\/revisions\/41846"}],"wp:featuredmedia":[{"embeddable":true,"href":"https:\/\/progettotouring.it\/radiotouring104\/wp-json\/wp\/v2\/media\/41845"}],"wp:attachment":[{"href":"https:\/\/progettotouring.it\/radiotouring104\/wp-json\/wp\/v2\/media?parent=41844"}],"wp:term":[{"taxonomy":"category","embeddable":true,"href":"https:\/\/progettotouring.it\/radiotouring104\/wp-json\/wp\/v2\/categories?post=41844"},{"taxonomy":"post_tag","embeddable":true,"href":"https:\/\/progettotouring.it\/radiotouring104\/wp-json\/wp\/v2\/tags?post=41844"}],"curies":[{"name":"wp","href":"https:\/\/api.w.org\/{rel}","templated":true}]}}