{"id":41853,"date":"2023-12-30T10:58:14","date_gmt":"2023-12-30T09:58:14","guid":{"rendered":"https:\/\/progettotouring.it\/radiotouring104\/?p=41853"},"modified":"2023-12-30T11:18:41","modified_gmt":"2023-12-30T10:18:41","slug":"equita-e-mai-politiche-divisori-in-tema-di-salute-e-sanita-in-calabria","status":"publish","type":"post","link":"https:\/\/progettotouring.it\/radiotouring104\/2023\/12\/30\/equita-e-mai-politiche-divisori-in-tema-di-salute-e-sanita-in-calabria\/","title":{"rendered":"Equit\u00e0 e mai politiche divisori in tema di salute e sanit\u00e0 in Calabria"},"content":{"rendered":"<p style=\"text-align: justify\">Durante i lavori dell\u2019ultimo esecutivo della <strong>Cisl, Citt\u00e0 Metropolitana di Reggio Calabria<\/strong>, emergono delle criticit\u00e0 sui tempi di riorganizzazione di molti servizi concernenti la prevenzione e la cura della salute di tutti i cittadini calabresi, costretti a spostarsi fuori regione, nonostante siano gi\u00e0 passati oltre due anni da quando si avvia, con legge regionale numero 32\/2021, l\u2019azienda per il governo della sanit\u00e0 calabrese, denominata \u201c Azienda Zero\u201d. Una<strong> Citt\u00e0 Metropolitana, quella di Reggio Calabria,<\/strong> che continua a rimanere fuori dalle politiche regionali di miglioramento e valorizzazione delle strutture sanitarie e ospedaliere, accumulando ritardi e mancate decisioni, sulla via della realizzazione di nuovi impianti attrezzati per una medicina di prossimit\u00e0 e una specialistica funzionale alle esigenze nascenti nei territori, con gli anziani e la non autosufficienza al centro delle riflessioni decisionali.<\/p>\n<p style=\"text-align: justify\">Dal dibattito, in tema di sanit\u00e0, ancora una volta, nascono non poche perplessit\u00e0 sul modo di come si vuole gestire il sistema regionale Emergenza Urgenza 118 ed elisoccorso, Numero Unico Emergenza Europea &#8211; NUE 112, Numero Unico Armonico a valenza sociale per le cure mediche non urgenti &#8211; NEA 116117, affidando all\u2019ASP di Cosenza, come soggetto capofila, la gestione omogenea e il funzionamento di queste attivit\u00e0. Desta stupore il trasferimento entro febbraio prossimo, delle competenze relative alle funzioni di gestione dei soccorsi sanitari dalle centrali operative 118 di Catanzaro, Cosenza, Reggio Calabria, Crotone e Vibo Valentia alle istituende sale operative 118, area nord, allocata a Cosenza e area sud, allocata a Catanzaro, escludendo con atto ingiustificato la <strong>Citt\u00e0 Metropolitana di Reggio Calabria.<\/strong><\/p>\n<p style=\"text-align: justify\">Le restanti centrali operative assumeranno la veste di <strong>PET<\/strong>, con declassamento e la messa in mobilit\u00e0 del personale che \u00e8 gi\u00e0 stato chiamato a esprimere la preferenza sulla nuova sede di assegnazione senza che vi sia stato adeguato confronto sindacale, come previsto dal CCNL, comparto sanit\u00e0 pubblica. Cos\u00ec come non \u00e8 stata fornita neanche l\u2019informazione dell\u2019adozione del <strong>DCA 198\/2023,<\/strong> che ha modificato irragionevolmente il DCA n. 64, che prevedeva l\u2019accorpamento del <strong>SUEM 118<\/strong> regionale in tre macro aree, nord, centro, sud, com\u2019era giusto che fosse. Ovviamente, abbiamo il personale del 118 della centrale operativa di Reggio Calabria preoccupato per la messa in mobilit\u00e0 e le future incertezze, in mancanza di un accordo sindacale sui criteri da applicare, come sull\u2019opportunit\u00e0 o meno di procedere verso questo impianto di riorganizzazione. \u00c8 legittimo domandarsi e chiedere sui perch\u00e9, non vi partecipino in maniera attiva tutti i territori, parimenti chiamati a organizzare e offrire servizi efficienti a vantaggio di coloro i quali hanno bisogno immediato di tutele e soccorso medico ospedaliero.<\/p>\n<p style=\"text-align: justify\">Non \u00e8 superfluo suggerire al presidente della <strong>Giunta<\/strong> <strong>Regionale<\/strong>, nonch\u00e9 al commissario di guardare ancora pi\u00f9 a sud, quando si tratta di prendere delle decisioni delicate, che attengono alla salute di tutti i cittadini Calabresi. L\u2019idea dell\u2019estraneit\u00e0 o mancato coinvolgimento di un territorio importante come quello Metropolitano di <strong>Reggio<\/strong> <strong>Calabria<\/strong>, nella riorganizzazione di detti servizi, nonostante la presenza di idonee strutture operative e professionalit\u00e0 meritevoli di considerazione, non crea buoni propositi, sinergie e soprattutto armonia nel nuovo impianto organizzativo di partenza. Al punto in cui siamo c\u2019\u00e8 da interrogarsi sulla funzionalit\u00e0, viste le complessit\u00e0 proprie di ogni territorio, di agire in forza di una convenzione sottoscritta tra <strong>Azienda Zero e ASP di Cosenza<\/strong>, candidata ad assicurare, con il proprio dipartimento di Emergenza\/Urgenza la direzione, il coordinamento e monitoraggio del sistema regionale della Emergenza Urgenza 118 ed elisoccorso.<\/p>\n<p style=\"text-align: justify\">Pertanto, \u00e8 auspicabile che le funzioni delegate da Azienda Zero, possano coinvolgere le tre realt\u00e0 territoriali <strong>Reggio Calabria, Catanzaro, Cosenza<\/strong> interessate a superare le tante pecche e limiti sul versante di questi e altri servizi, nonch\u00e9 la tanta invocata e mai realizzata medicina di prossimit\u00e0, diventate necessit\u00e0 e urgenza per tutti. Al contrario, si stanno compiendo degli atti che non tengono conto delle difficolt\u00e0, specificit\u00e0 ed esigenze dell\u2019intero territorio regionale, senza perdere occasione di praticare superate politiche di accentramento che, come gi\u00e0 sperimentato, finiscono per penalizzare la qualit\u00e0 dei servizi da erogare con le dirette implicanze per la gente e le comunit\u00e0 costrette a subirle. In questi ambiti delicati e sempre pi\u00f9 complesse, occorre maggiore condivisione e totale coinvolgimento di tutte le istituzioni e quelle forze sane organizzate, che agiscano insieme verso obiettivi studiati e condivisi per la realizzazione di un sistema sanitario regionale all\u2019altezza delle sfide in atto, basato sulla valorizzazione di tutte le professionalit\u00e0, ammodernamento delle infrastrutture mediche ospedaliere, delocalizzazione di quei servizi che sono le vere esigenze dei territori, giuste politiche di equit\u00e0 e prossimit\u00e0 senza discriminazione alcuna, come sovente accade.<\/p>\n","protected":false},"excerpt":{"rendered":"<p>Durante i lavori dell\u2019ultimo esecutivo della Cisl, Citt\u00e0 Metropolitana di Reggio Calabria, emergono delle criticit\u00e0 sui tempi di riorganizzazione di molti servizi concernenti la prevenzione e la cura della salute&hellip;<\/p>\n","protected":false},"author":8,"featured_media":30435,"comment_status":"closed","ping_status":"open","sticky":false,"template":"","format":"standard","meta":{"_jetpack_memberships_contains_paid_content":false,"footnotes":"","jetpack_publicize_message":"","jetpack_publicize_feature_enabled":true,"jetpack_social_post_already_shared":false,"jetpack_social_options":{"image_generator_settings":{"template":"highway","default_image_id":0,"font":"","enabled":false},"version":2}},"categories":[142,921,196,195],"tags":[698,743,354,236],"class_list":["post-41853","post","type-post","status-publish","format-standard","has-post-thumbnail","hentry","category-calabria","category-home","category-news","category-politica","tag-catanzaro","tag-citta-metropolitana","tag-cosenza","tag-reggio-calabria"],"yoast_head":"<!-- This site is optimized with the Yoast SEO plugin v27.2 - https:\/\/yoast.com\/product\/yoast-seo-wordpress\/ -->\n<title>Equit\u00e0 e mai politiche divisori in tema di salute e sanit\u00e0 in Calabria - Radio Touring 104<\/title>\n<meta name=\"description\" content=\"Durante i lavori dell\u2019ultimo esecutivo della Cisl, Citt\u00e0 Metropolitana di Reggio Calabria, sono emerse delle criticit\u00e0\" \/>\n<meta name=\"robots\" content=\"index, follow, max-snippet:-1, max-image-preview:large, max-video-preview:-1\" \/>\n<link rel=\"canonical\" href=\"https:\/\/progettotouring.it\/radiotouring104\/2023\/12\/30\/equita-e-mai-politiche-divisori-in-tema-di-salute-e-sanita-in-calabria\/\" \/>\n<meta property=\"og:locale\" content=\"it_IT\" \/>\n<meta property=\"og:type\" content=\"article\" \/>\n<meta property=\"og:title\" content=\"Equit\u00e0 e mai politiche divisori in tema di salute e sanit\u00e0 in Calabria - Radio Touring 104\" \/>\n<meta property=\"og:description\" content=\"Durante i lavori dell\u2019ultimo esecutivo della Cisl, Citt\u00e0 Metropolitana di Reggio Calabria, sono emerse delle criticit\u00e0\" \/>\n<meta property=\"og:url\" content=\"https:\/\/progettotouring.it\/radiotouring104\/2023\/12\/30\/equita-e-mai-politiche-divisori-in-tema-di-salute-e-sanita-in-calabria\/\" \/>\n<meta property=\"og:site_name\" content=\"Radio Touring 104\" \/>\n<meta property=\"article:published_time\" content=\"2023-12-30T09:58:14+00:00\" \/>\n<meta property=\"article:modified_time\" content=\"2023-12-30T10:18:41+00:00\" \/>\n<meta property=\"og:image\" content=\"https:\/\/progettotouring.it\/radiotouring104\/wp-content\/uploads\/sites\/6\/2023\/07\/CISL-REGGIO-CAL.jpg\" \/>\n\t<meta property=\"og:image:width\" content=\"1280\" \/>\n\t<meta property=\"og:image:height\" content=\"720\" \/>\n\t<meta property=\"og:image:type\" content=\"image\/jpeg\" \/>\n<meta name=\"author\" content=\"Filippo Francesco Idone\" \/>\n<meta name=\"twitter:card\" content=\"summary_large_image\" \/>\n<meta name=\"twitter:label1\" content=\"Scritto da\" \/>\n\t<meta name=\"twitter:data1\" content=\"Filippo Francesco Idone\" \/>\n\t<meta name=\"twitter:label2\" content=\"Tempo di lettura stimato\" \/>\n\t<meta name=\"twitter:data2\" content=\"4 minuti\" \/>\n<script type=\"application\/ld+json\" class=\"yoast-schema-graph\">{\"@context\":\"https:\/\/schema.org\",\"@graph\":[{\"@type\":\"Article\",\"@id\":\"https:\/\/progettotouring.it\/radiotouring104\/2023\/12\/30\/equita-e-mai-politiche-divisori-in-tema-di-salute-e-sanita-in-calabria\/#article\",\"isPartOf\":{\"@id\":\"https:\/\/progettotouring.it\/radiotouring104\/2023\/12\/30\/equita-e-mai-politiche-divisori-in-tema-di-salute-e-sanita-in-calabria\/\"},\"author\":{\"name\":\"Filippo Francesco Idone\",\"@id\":\"https:\/\/progettotouring.it\/radiotouring104\/#\/schema\/person\/4a82259ca52ac8702ad1a8f9e5a3120b\"},\"headline\":\"Equit\u00e0 e mai politiche divisori in tema di salute e sanit\u00e0 in Calabria\",\"datePublished\":\"2023-12-30T09:58:14+00:00\",\"dateModified\":\"2023-12-30T10:18:41+00:00\",\"mainEntityOfPage\":{\"@id\":\"https:\/\/progettotouring.it\/radiotouring104\/2023\/12\/30\/equita-e-mai-politiche-divisori-in-tema-di-salute-e-sanita-in-calabria\/\"},\"wordCount\":749,\"publisher\":{\"@id\":\"https:\/\/progettotouring.it\/radiotouring104\/#organization\"},\"image\":{\"@id\":\"https:\/\/progettotouring.it\/radiotouring104\/2023\/12\/30\/equita-e-mai-politiche-divisori-in-tema-di-salute-e-sanita-in-calabria\/#primaryimage\"},\"thumbnailUrl\":\"https:\/\/progettotouring.it\/radiotouring104\/wp-content\/uploads\/sites\/6\/2023\/07\/CISL-REGGIO-CAL.jpg\",\"keywords\":[\"catanzaro\",\"Citt\u00e0 metropolitana\",\"Cosenza\",\"reggio calabria\"],\"articleSection\":[\"Calabria\",\"Home\",\"News\",\"Politica\"],\"inLanguage\":\"it-IT\"},{\"@type\":\"WebPage\",\"@id\":\"https:\/\/progettotouring.it\/radiotouring104\/2023\/12\/30\/equita-e-mai-politiche-divisori-in-tema-di-salute-e-sanita-in-calabria\/\",\"url\":\"https:\/\/progettotouring.it\/radiotouring104\/2023\/12\/30\/equita-e-mai-politiche-divisori-in-tema-di-salute-e-sanita-in-calabria\/\",\"name\":\"Equit\u00e0 e mai politiche divisori in tema di salute e sanit\u00e0 in Calabria - Radio Touring 104\",\"isPartOf\":{\"@id\":\"https:\/\/progettotouring.it\/radiotouring104\/#website\"},\"primaryImageOfPage\":{\"@id\":\"https:\/\/progettotouring.it\/radiotouring104\/2023\/12\/30\/equita-e-mai-politiche-divisori-in-tema-di-salute-e-sanita-in-calabria\/#primaryimage\"},\"image\":{\"@id\":\"https:\/\/progettotouring.it\/radiotouring104\/2023\/12\/30\/equita-e-mai-politiche-divisori-in-tema-di-salute-e-sanita-in-calabria\/#primaryimage\"},\"thumbnailUrl\":\"https:\/\/progettotouring.it\/radiotouring104\/wp-content\/uploads\/sites\/6\/2023\/07\/CISL-REGGIO-CAL.jpg\",\"datePublished\":\"2023-12-30T09:58:14+00:00\",\"dateModified\":\"2023-12-30T10:18:41+00:00\",\"description\":\"Durante i lavori dell\u2019ultimo esecutivo della Cisl, Citt\u00e0 Metropolitana di Reggio Calabria, sono emerse delle criticit\u00e0\",\"breadcrumb\":{\"@id\":\"https:\/\/progettotouring.it\/radiotouring104\/2023\/12\/30\/equita-e-mai-politiche-divisori-in-tema-di-salute-e-sanita-in-calabria\/#breadcrumb\"},\"inLanguage\":\"it-IT\",\"potentialAction\":[{\"@type\":\"ReadAction\",\"target\":[\"https:\/\/progettotouring.it\/radiotouring104\/2023\/12\/30\/equita-e-mai-politiche-divisori-in-tema-di-salute-e-sanita-in-calabria\/\"]}]},{\"@type\":\"ImageObject\",\"inLanguage\":\"it-IT\",\"@id\":\"https:\/\/progettotouring.it\/radiotouring104\/2023\/12\/30\/equita-e-mai-politiche-divisori-in-tema-di-salute-e-sanita-in-calabria\/#primaryimage\",\"url\":\"https:\/\/progettotouring.it\/radiotouring104\/wp-content\/uploads\/sites\/6\/2023\/07\/CISL-REGGIO-CAL.jpg\",\"contentUrl\":\"https:\/\/progettotouring.it\/radiotouring104\/wp-content\/uploads\/sites\/6\/2023\/07\/CISL-REGGIO-CAL.jpg\",\"width\":1280,\"height\":720},{\"@type\":\"BreadcrumbList\",\"@id\":\"https:\/\/progettotouring.it\/radiotouring104\/2023\/12\/30\/equita-e-mai-politiche-divisori-in-tema-di-salute-e-sanita-in-calabria\/#breadcrumb\",\"itemListElement\":[{\"@type\":\"ListItem\",\"position\":1,\"name\":\"Home\",\"item\":\"https:\/\/progettotouring.it\/radiotouring104\/\"},{\"@type\":\"ListItem\",\"position\":2,\"name\":\"Equit\u00e0 e mai politiche divisori in tema di salute e sanit\u00e0 in Calabria\"}]},{\"@type\":\"WebSite\",\"@id\":\"https:\/\/progettotouring.it\/radiotouring104\/#website\",\"url\":\"https:\/\/progettotouring.it\/radiotouring104\/\",\"name\":\"Radio Touring 104\",\"description\":\"La prima radio Reggina\",\"publisher\":{\"@id\":\"https:\/\/progettotouring.it\/radiotouring104\/#organization\"},\"potentialAction\":[{\"@type\":\"SearchAction\",\"target\":{\"@type\":\"EntryPoint\",\"urlTemplate\":\"https:\/\/progettotouring.it\/radiotouring104\/?s={search_term_string}\"},\"query-input\":{\"@type\":\"PropertyValueSpecification\",\"valueRequired\":true,\"valueName\":\"search_term_string\"}}],\"inLanguage\":\"it-IT\"},{\"@type\":\"Organization\",\"@id\":\"https:\/\/progettotouring.it\/radiotouring104\/#organization\",\"name\":\"Radio Touring 104\",\"url\":\"https:\/\/progettotouring.it\/radiotouring104\/\",\"logo\":{\"@type\":\"ImageObject\",\"inLanguage\":\"it-IT\",\"@id\":\"https:\/\/progettotouring.it\/radiotouring104\/#\/schema\/logo\/image\/\",\"url\":\"https:\/\/progettotouring.it\/radiotouring104\/wp-content\/uploads\/sites\/6\/2022\/02\/cropped-logo-radio-touring-104.png\",\"contentUrl\":\"https:\/\/progettotouring.it\/radiotouring104\/wp-content\/uploads\/sites\/6\/2022\/02\/cropped-logo-radio-touring-104.png\",\"width\":377,\"height\":182,\"caption\":\"Radio Touring 104\"},\"image\":{\"@id\":\"https:\/\/progettotouring.it\/radiotouring104\/#\/schema\/logo\/image\/\"}},{\"@type\":\"Person\",\"@id\":\"https:\/\/progettotouring.it\/radiotouring104\/#\/schema\/person\/4a82259ca52ac8702ad1a8f9e5a3120b\",\"name\":\"Filippo Francesco Idone\",\"image\":{\"@type\":\"ImageObject\",\"inLanguage\":\"it-IT\",\"@id\":\"https:\/\/secure.gravatar.com\/avatar\/7268715d2366395c3dd314385670e6484117d44f5c442e61e230f7008b7b62d3?s=96&d=mm&r=g\",\"url\":\"https:\/\/secure.gravatar.com\/avatar\/7268715d2366395c3dd314385670e6484117d44f5c442e61e230f7008b7b62d3?s=96&d=mm&r=g\",\"contentUrl\":\"https:\/\/secure.gravatar.com\/avatar\/7268715d2366395c3dd314385670e6484117d44f5c442e61e230f7008b7b62d3?s=96&d=mm&r=g\",\"caption\":\"Filippo Francesco Idone\"},\"url\":\"https:\/\/progettotouring.it\/radiotouring104\/author\/filippoidone\/\"}]}<\/script>\n<!-- \/ Yoast SEO plugin. -->","yoast_head_json":{"title":"Equit\u00e0 e mai politiche divisori in tema di salute e sanit\u00e0 in Calabria - Radio Touring 104","description":"Durante i lavori dell\u2019ultimo esecutivo della Cisl, Citt\u00e0 Metropolitana di Reggio Calabria, sono emerse delle criticit\u00e0","robots":{"index":"index","follow":"follow","max-snippet":"max-snippet:-1","max-image-preview":"max-image-preview:large","max-video-preview":"max-video-preview:-1"},"canonical":"https:\/\/progettotouring.it\/radiotouring104\/2023\/12\/30\/equita-e-mai-politiche-divisori-in-tema-di-salute-e-sanita-in-calabria\/","og_locale":"it_IT","og_type":"article","og_title":"Equit\u00e0 e mai politiche divisori in tema di salute e sanit\u00e0 in Calabria - Radio Touring 104","og_description":"Durante i lavori dell\u2019ultimo esecutivo della Cisl, Citt\u00e0 Metropolitana di Reggio Calabria, sono emerse delle criticit\u00e0","og_url":"https:\/\/progettotouring.it\/radiotouring104\/2023\/12\/30\/equita-e-mai-politiche-divisori-in-tema-di-salute-e-sanita-in-calabria\/","og_site_name":"Radio Touring 104","article_published_time":"2023-12-30T09:58:14+00:00","article_modified_time":"2023-12-30T10:18:41+00:00","og_image":[{"width":1280,"height":720,"url":"https:\/\/progettotouring.it\/radiotouring104\/wp-content\/uploads\/sites\/6\/2023\/07\/CISL-REGGIO-CAL.jpg","type":"image\/jpeg"}],"author":"Filippo Francesco Idone","twitter_card":"summary_large_image","twitter_misc":{"Scritto da":"Filippo Francesco Idone","Tempo di lettura stimato":"4 minuti"},"schema":{"@context":"https:\/\/schema.org","@graph":[{"@type":"Article","@id":"https:\/\/progettotouring.it\/radiotouring104\/2023\/12\/30\/equita-e-mai-politiche-divisori-in-tema-di-salute-e-sanita-in-calabria\/#article","isPartOf":{"@id":"https:\/\/progettotouring.it\/radiotouring104\/2023\/12\/30\/equita-e-mai-politiche-divisori-in-tema-di-salute-e-sanita-in-calabria\/"},"author":{"name":"Filippo Francesco Idone","@id":"https:\/\/progettotouring.it\/radiotouring104\/#\/schema\/person\/4a82259ca52ac8702ad1a8f9e5a3120b"},"headline":"Equit\u00e0 e mai politiche divisori in tema di salute e sanit\u00e0 in Calabria","datePublished":"2023-12-30T09:58:14+00:00","dateModified":"2023-12-30T10:18:41+00:00","mainEntityOfPage":{"@id":"https:\/\/progettotouring.it\/radiotouring104\/2023\/12\/30\/equita-e-mai-politiche-divisori-in-tema-di-salute-e-sanita-in-calabria\/"},"wordCount":749,"publisher":{"@id":"https:\/\/progettotouring.it\/radiotouring104\/#organization"},"image":{"@id":"https:\/\/progettotouring.it\/radiotouring104\/2023\/12\/30\/equita-e-mai-politiche-divisori-in-tema-di-salute-e-sanita-in-calabria\/#primaryimage"},"thumbnailUrl":"https:\/\/progettotouring.it\/radiotouring104\/wp-content\/uploads\/sites\/6\/2023\/07\/CISL-REGGIO-CAL.jpg","keywords":["catanzaro","Citt\u00e0 metropolitana","Cosenza","reggio calabria"],"articleSection":["Calabria","Home","News","Politica"],"inLanguage":"it-IT"},{"@type":"WebPage","@id":"https:\/\/progettotouring.it\/radiotouring104\/2023\/12\/30\/equita-e-mai-politiche-divisori-in-tema-di-salute-e-sanita-in-calabria\/","url":"https:\/\/progettotouring.it\/radiotouring104\/2023\/12\/30\/equita-e-mai-politiche-divisori-in-tema-di-salute-e-sanita-in-calabria\/","name":"Equit\u00e0 e mai politiche divisori in tema di salute e sanit\u00e0 in Calabria - Radio Touring 104","isPartOf":{"@id":"https:\/\/progettotouring.it\/radiotouring104\/#website"},"primaryImageOfPage":{"@id":"https:\/\/progettotouring.it\/radiotouring104\/2023\/12\/30\/equita-e-mai-politiche-divisori-in-tema-di-salute-e-sanita-in-calabria\/#primaryimage"},"image":{"@id":"https:\/\/progettotouring.it\/radiotouring104\/2023\/12\/30\/equita-e-mai-politiche-divisori-in-tema-di-salute-e-sanita-in-calabria\/#primaryimage"},"thumbnailUrl":"https:\/\/progettotouring.it\/radiotouring104\/wp-content\/uploads\/sites\/6\/2023\/07\/CISL-REGGIO-CAL.jpg","datePublished":"2023-12-30T09:58:14+00:00","dateModified":"2023-12-30T10:18:41+00:00","description":"Durante i lavori dell\u2019ultimo esecutivo della Cisl, Citt\u00e0 Metropolitana di Reggio Calabria, sono emerse delle criticit\u00e0","breadcrumb":{"@id":"https:\/\/progettotouring.it\/radiotouring104\/2023\/12\/30\/equita-e-mai-politiche-divisori-in-tema-di-salute-e-sanita-in-calabria\/#breadcrumb"},"inLanguage":"it-IT","potentialAction":[{"@type":"ReadAction","target":["https:\/\/progettotouring.it\/radiotouring104\/2023\/12\/30\/equita-e-mai-politiche-divisori-in-tema-di-salute-e-sanita-in-calabria\/"]}]},{"@type":"ImageObject","inLanguage":"it-IT","@id":"https:\/\/progettotouring.it\/radiotouring104\/2023\/12\/30\/equita-e-mai-politiche-divisori-in-tema-di-salute-e-sanita-in-calabria\/#primaryimage","url":"https:\/\/progettotouring.it\/radiotouring104\/wp-content\/uploads\/sites\/6\/2023\/07\/CISL-REGGIO-CAL.jpg","contentUrl":"https:\/\/progettotouring.it\/radiotouring104\/wp-content\/uploads\/sites\/6\/2023\/07\/CISL-REGGIO-CAL.jpg","width":1280,"height":720},{"@type":"BreadcrumbList","@id":"https:\/\/progettotouring.it\/radiotouring104\/2023\/12\/30\/equita-e-mai-politiche-divisori-in-tema-di-salute-e-sanita-in-calabria\/#breadcrumb","itemListElement":[{"@type":"ListItem","position":1,"name":"Home","item":"https:\/\/progettotouring.it\/radiotouring104\/"},{"@type":"ListItem","position":2,"name":"Equit\u00e0 e mai politiche divisori in tema di salute e sanit\u00e0 in Calabria"}]},{"@type":"WebSite","@id":"https:\/\/progettotouring.it\/radiotouring104\/#website","url":"https:\/\/progettotouring.it\/radiotouring104\/","name":"Radio Touring 104","description":"La prima radio Reggina","publisher":{"@id":"https:\/\/progettotouring.it\/radiotouring104\/#organization"},"potentialAction":[{"@type":"SearchAction","target":{"@type":"EntryPoint","urlTemplate":"https:\/\/progettotouring.it\/radiotouring104\/?s={search_term_string}"},"query-input":{"@type":"PropertyValueSpecification","valueRequired":true,"valueName":"search_term_string"}}],"inLanguage":"it-IT"},{"@type":"Organization","@id":"https:\/\/progettotouring.it\/radiotouring104\/#organization","name":"Radio Touring 104","url":"https:\/\/progettotouring.it\/radiotouring104\/","logo":{"@type":"ImageObject","inLanguage":"it-IT","@id":"https:\/\/progettotouring.it\/radiotouring104\/#\/schema\/logo\/image\/","url":"https:\/\/progettotouring.it\/radiotouring104\/wp-content\/uploads\/sites\/6\/2022\/02\/cropped-logo-radio-touring-104.png","contentUrl":"https:\/\/progettotouring.it\/radiotouring104\/wp-content\/uploads\/sites\/6\/2022\/02\/cropped-logo-radio-touring-104.png","width":377,"height":182,"caption":"Radio Touring 104"},"image":{"@id":"https:\/\/progettotouring.it\/radiotouring104\/#\/schema\/logo\/image\/"}},{"@type":"Person","@id":"https:\/\/progettotouring.it\/radiotouring104\/#\/schema\/person\/4a82259ca52ac8702ad1a8f9e5a3120b","name":"Filippo Francesco Idone","image":{"@type":"ImageObject","inLanguage":"it-IT","@id":"https:\/\/secure.gravatar.com\/avatar\/7268715d2366395c3dd314385670e6484117d44f5c442e61e230f7008b7b62d3?s=96&d=mm&r=g","url":"https:\/\/secure.gravatar.com\/avatar\/7268715d2366395c3dd314385670e6484117d44f5c442e61e230f7008b7b62d3?s=96&d=mm&r=g","contentUrl":"https:\/\/secure.gravatar.com\/avatar\/7268715d2366395c3dd314385670e6484117d44f5c442e61e230f7008b7b62d3?s=96&d=mm&r=g","caption":"Filippo Francesco Idone"},"url":"https:\/\/progettotouring.it\/radiotouring104\/author\/filippoidone\/"}]}},"jetpack_publicize_connections":[],"jetpack_featured_media_url":"https:\/\/progettotouring.it\/radiotouring104\/wp-content\/uploads\/sites\/6\/2023\/07\/CISL-REGGIO-CAL.jpg","jetpack_sharing_enabled":true,"_links":{"self":[{"href":"https:\/\/progettotouring.it\/radiotouring104\/wp-json\/wp\/v2\/posts\/41853","targetHints":{"allow":["GET"]}}],"collection":[{"href":"https:\/\/progettotouring.it\/radiotouring104\/wp-json\/wp\/v2\/posts"}],"about":[{"href":"https:\/\/progettotouring.it\/radiotouring104\/wp-json\/wp\/v2\/types\/post"}],"author":[{"embeddable":true,"href":"https:\/\/progettotouring.it\/radiotouring104\/wp-json\/wp\/v2\/users\/8"}],"replies":[{"embeddable":true,"href":"https:\/\/progettotouring.it\/radiotouring104\/wp-json\/wp\/v2\/comments?post=41853"}],"version-history":[{"count":1,"href":"https:\/\/progettotouring.it\/radiotouring104\/wp-json\/wp\/v2\/posts\/41853\/revisions"}],"predecessor-version":[{"id":41854,"href":"https:\/\/progettotouring.it\/radiotouring104\/wp-json\/wp\/v2\/posts\/41853\/revisions\/41854"}],"wp:featuredmedia":[{"embeddable":true,"href":"https:\/\/progettotouring.it\/radiotouring104\/wp-json\/wp\/v2\/media\/30435"}],"wp:attachment":[{"href":"https:\/\/progettotouring.it\/radiotouring104\/wp-json\/wp\/v2\/media?parent=41853"}],"wp:term":[{"taxonomy":"category","embeddable":true,"href":"https:\/\/progettotouring.it\/radiotouring104\/wp-json\/wp\/v2\/categories?post=41853"},{"taxonomy":"post_tag","embeddable":true,"href":"https:\/\/progettotouring.it\/radiotouring104\/wp-json\/wp\/v2\/tags?post=41853"}],"curies":[{"name":"wp","href":"https:\/\/api.w.org\/{rel}","templated":true}]}}