{"id":41880,"date":"2023-12-30T12:58:52","date_gmt":"2023-12-30T11:58:52","guid":{"rendered":"https:\/\/progettotouring.it\/radiotouring104\/?p=41880"},"modified":"2023-12-30T17:43:12","modified_gmt":"2023-12-30T16:43:12","slug":"piano-di-dimensionamento-scolastico-lo-schiavo-dichiara-la-rimodulazione-consente-alla-calabria-di-ottenere-sette-ulteriori-autonomie","status":"publish","type":"post","link":"https:\/\/progettotouring.it\/radiotouring104\/2023\/12\/30\/piano-di-dimensionamento-scolastico-lo-schiavo-dichiara-la-rimodulazione-consente-alla-calabria-di-ottenere-sette-ulteriori-autonomie\/","title":{"rendered":"Piano di Dimensionamento scolastico, Lo Schiavo dichiara: &#8220;La rimodulazione consente alla Calabria di ottenere sette ulteriori autonomie&#8221;"},"content":{"rendered":"<p class=\"xmprfx_gmail-MsoNoSpacing\" style=\"text-align: justify\"><em>&#8220;La rimodulazione del <strong>Piano di dimensionamento scolastico<\/strong> che consente alla Calabria di ottenere sette ulteriori autonomie, di cui una nella provincia di <strong>Vibo Valentia,<\/strong> pu\u00f2 rappresentare l\u2019occasione per rivedere alcune delle decisioni che hanno determinato situazioni paradossali di squilibri tra territori e accorpamenti che mettono a rischio la garanzia del diritto allo studio in comunit\u00e0 gi\u00e0 disagiate. Si pensi alla soppressione delle autonomie nelle zone montane della provincia vibonese, scelta che non ha tenuto nella dovuta considerazione le particolari circostanze in cui quelle comunit\u00e0 scolastiche si trovano ad operare viste le oggettive difficolt\u00e0 logistiche, strutturali, di collegamenti stradali. Mi auguro pertanto che, adesso, alla luce della possibilit\u00e0 offerta dal Decreto Milleproroghe, sebbene nel risicato margine di manovra che esso consente, la <strong>Provincia di Vibo Valentia<\/strong> possa rivedere quelle scelte che hanno penalizzato soprattutto le aree interne e i centri delle Serre vibonesi, rispetto ai quali, cos\u00ec come segnalato anche dai comitati che si battono per la difesa del diritto allo studio, probabilmente non sono stati adeguatamente valutati i criteri e gli elementi di criticit\u00e0 contemplati nelle Linee guida emanate dalla <strong>Regione Calabria<\/strong>&#8220;. <\/em>\u00c8 quanto afferma il consigliere regionale Antonio Lo Schiavo, presidente del Gruppo misto &#8211; Liberamente progressisti, in una dichiarazione relativa al Piano di dimensionamento scolastico.<\/p>\n<div><\/div>\n","protected":false},"excerpt":{"rendered":"<p>&#8220;La rimodulazione del Piano di dimensionamento scolastico che consente alla Calabria di ottenere sette ulteriori autonomie, di cui una nella provincia di Vibo Valentia, pu\u00f2 rappresentare l\u2019occasione per rivedere alcune&hellip;<\/p>\n","protected":false},"author":8,"featured_media":5381,"comment_status":"closed","ping_status":"open","sticky":false,"template":"","format":"standard","meta":{"_jetpack_memberships_contains_paid_content":false,"footnotes":"","jetpack_publicize_message":"","jetpack_publicize_feature_enabled":true,"jetpack_social_post_already_shared":false,"jetpack_social_options":{"image_generator_settings":{"template":"highway","default_image_id":0,"font":"","enabled":false},"version":2}},"categories":[142,921,196],"tags":[1816,25937,219],"class_list":["post-41880","post","type-post","status-publish","format-standard","has-post-thumbnail","hentry","category-calabria","category-home","category-news","tag-antonio-lo-schiavo","tag-piano-di-dimensionamento-scolastico","tag-regione-calabria"],"yoast_head":"<!-- This site is optimized with the Yoast SEO plugin v27.2 - https:\/\/yoast.com\/product\/yoast-seo-wordpress\/ -->\n<title>Piano di Dimensionamento scolastico, Lo Schiavo dichiara: &quot;La rimodulazione consente alla Calabria di ottenere sette ulteriori autonomie&quot; - Radio Touring 104<\/title>\n<meta name=\"description\" content=\"Antonio Lo Schiavo, presidente del Gruppo misto-Liberamente progressisti, ha parlato del piano di dimensionamento scolastico\" \/>\n<meta name=\"robots\" content=\"index, follow, max-snippet:-1, max-image-preview:large, max-video-preview:-1\" \/>\n<link rel=\"canonical\" href=\"https:\/\/progettotouring.it\/radiotouring104\/2023\/12\/30\/piano-di-dimensionamento-scolastico-lo-schiavo-dichiara-la-rimodulazione-consente-alla-calabria-di-ottenere-sette-ulteriori-autonomie\/\" \/>\n<meta property=\"og:locale\" content=\"it_IT\" \/>\n<meta property=\"og:type\" content=\"article\" \/>\n<meta property=\"og:title\" content=\"Piano di Dimensionamento scolastico, Lo Schiavo dichiara: &quot;La rimodulazione consente alla Calabria di ottenere sette ulteriori autonomie&quot; - Radio Touring 104\" \/>\n<meta property=\"og:description\" content=\"Antonio Lo Schiavo, presidente del Gruppo misto-Liberamente progressisti, ha parlato del piano di dimensionamento scolastico\" \/>\n<meta property=\"og:url\" content=\"https:\/\/progettotouring.it\/radiotouring104\/2023\/12\/30\/piano-di-dimensionamento-scolastico-lo-schiavo-dichiara-la-rimodulazione-consente-alla-calabria-di-ottenere-sette-ulteriori-autonomie\/\" \/>\n<meta property=\"og:site_name\" content=\"Radio Touring 104\" \/>\n<meta property=\"article:published_time\" content=\"2023-12-30T11:58:52+00:00\" \/>\n<meta property=\"article:modified_time\" content=\"2023-12-30T16:43:12+00:00\" \/>\n<meta property=\"og:image\" content=\"https:\/\/progettotouring.it\/radiotouring104\/wp-content\/uploads\/sites\/6\/2022\/05\/Antonio-Lo-Schiavo-in-Commissione.jpg\" \/>\n\t<meta property=\"og:image:width\" content=\"899\" \/>\n\t<meta property=\"og:image:height\" content=\"576\" \/>\n\t<meta property=\"og:image:type\" content=\"image\/jpeg\" \/>\n<meta name=\"author\" content=\"Filippo Francesco Idone\" \/>\n<meta name=\"twitter:card\" content=\"summary_large_image\" \/>\n<meta name=\"twitter:label1\" content=\"Scritto da\" \/>\n\t<meta name=\"twitter:data1\" content=\"Filippo Francesco Idone\" \/>\n\t<meta name=\"twitter:label2\" content=\"Tempo di lettura stimato\" \/>\n\t<meta name=\"twitter:data2\" content=\"1 minuto\" \/>\n<script type=\"application\/ld+json\" class=\"yoast-schema-graph\">{\"@context\":\"https:\/\/schema.org\",\"@graph\":[{\"@type\":\"Article\",\"@id\":\"https:\/\/progettotouring.it\/radiotouring104\/2023\/12\/30\/piano-di-dimensionamento-scolastico-lo-schiavo-dichiara-la-rimodulazione-consente-alla-calabria-di-ottenere-sette-ulteriori-autonomie\/#article\",\"isPartOf\":{\"@id\":\"https:\/\/progettotouring.it\/radiotouring104\/2023\/12\/30\/piano-di-dimensionamento-scolastico-lo-schiavo-dichiara-la-rimodulazione-consente-alla-calabria-di-ottenere-sette-ulteriori-autonomie\/\"},\"author\":{\"name\":\"Filippo Francesco Idone\",\"@id\":\"https:\/\/progettotouring.it\/radiotouring104\/#\/schema\/person\/4a82259ca52ac8702ad1a8f9e5a3120b\"},\"headline\":\"Piano di Dimensionamento scolastico, Lo Schiavo dichiara: &#8220;La rimodulazione consente alla Calabria di ottenere sette ulteriori autonomie&#8221;\",\"datePublished\":\"2023-12-30T11:58:52+00:00\",\"dateModified\":\"2023-12-30T16:43:12+00:00\",\"mainEntityOfPage\":{\"@id\":\"https:\/\/progettotouring.it\/radiotouring104\/2023\/12\/30\/piano-di-dimensionamento-scolastico-lo-schiavo-dichiara-la-rimodulazione-consente-alla-calabria-di-ottenere-sette-ulteriori-autonomie\/\"},\"wordCount\":224,\"publisher\":{\"@id\":\"https:\/\/progettotouring.it\/radiotouring104\/#organization\"},\"image\":{\"@id\":\"https:\/\/progettotouring.it\/radiotouring104\/2023\/12\/30\/piano-di-dimensionamento-scolastico-lo-schiavo-dichiara-la-rimodulazione-consente-alla-calabria-di-ottenere-sette-ulteriori-autonomie\/#primaryimage\"},\"thumbnailUrl\":\"https:\/\/progettotouring.it\/radiotouring104\/wp-content\/uploads\/sites\/6\/2022\/05\/Antonio-Lo-Schiavo-in-Commissione.jpg\",\"keywords\":[\"antonio lo schiavo\",\"Piano di dimensionamento scolastico\",\"regione calabria\"],\"articleSection\":[\"Calabria\",\"Home\",\"News\"],\"inLanguage\":\"it-IT\"},{\"@type\":\"WebPage\",\"@id\":\"https:\/\/progettotouring.it\/radiotouring104\/2023\/12\/30\/piano-di-dimensionamento-scolastico-lo-schiavo-dichiara-la-rimodulazione-consente-alla-calabria-di-ottenere-sette-ulteriori-autonomie\/\",\"url\":\"https:\/\/progettotouring.it\/radiotouring104\/2023\/12\/30\/piano-di-dimensionamento-scolastico-lo-schiavo-dichiara-la-rimodulazione-consente-alla-calabria-di-ottenere-sette-ulteriori-autonomie\/\",\"name\":\"Piano di Dimensionamento scolastico, Lo Schiavo dichiara: \\\"La rimodulazione consente alla Calabria di ottenere sette ulteriori autonomie\\\" - Radio Touring 104\",\"isPartOf\":{\"@id\":\"https:\/\/progettotouring.it\/radiotouring104\/#website\"},\"primaryImageOfPage\":{\"@id\":\"https:\/\/progettotouring.it\/radiotouring104\/2023\/12\/30\/piano-di-dimensionamento-scolastico-lo-schiavo-dichiara-la-rimodulazione-consente-alla-calabria-di-ottenere-sette-ulteriori-autonomie\/#primaryimage\"},\"image\":{\"@id\":\"https:\/\/progettotouring.it\/radiotouring104\/2023\/12\/30\/piano-di-dimensionamento-scolastico-lo-schiavo-dichiara-la-rimodulazione-consente-alla-calabria-di-ottenere-sette-ulteriori-autonomie\/#primaryimage\"},\"thumbnailUrl\":\"https:\/\/progettotouring.it\/radiotouring104\/wp-content\/uploads\/sites\/6\/2022\/05\/Antonio-Lo-Schiavo-in-Commissione.jpg\",\"datePublished\":\"2023-12-30T11:58:52+00:00\",\"dateModified\":\"2023-12-30T16:43:12+00:00\",\"description\":\"Antonio Lo Schiavo, presidente del Gruppo misto-Liberamente progressisti, ha parlato del piano di dimensionamento scolastico\",\"breadcrumb\":{\"@id\":\"https:\/\/progettotouring.it\/radiotouring104\/2023\/12\/30\/piano-di-dimensionamento-scolastico-lo-schiavo-dichiara-la-rimodulazione-consente-alla-calabria-di-ottenere-sette-ulteriori-autonomie\/#breadcrumb\"},\"inLanguage\":\"it-IT\",\"potentialAction\":[{\"@type\":\"ReadAction\",\"target\":[\"https:\/\/progettotouring.it\/radiotouring104\/2023\/12\/30\/piano-di-dimensionamento-scolastico-lo-schiavo-dichiara-la-rimodulazione-consente-alla-calabria-di-ottenere-sette-ulteriori-autonomie\/\"]}]},{\"@type\":\"ImageObject\",\"inLanguage\":\"it-IT\",\"@id\":\"https:\/\/progettotouring.it\/radiotouring104\/2023\/12\/30\/piano-di-dimensionamento-scolastico-lo-schiavo-dichiara-la-rimodulazione-consente-alla-calabria-di-ottenere-sette-ulteriori-autonomie\/#primaryimage\",\"url\":\"https:\/\/progettotouring.it\/radiotouring104\/wp-content\/uploads\/sites\/6\/2022\/05\/Antonio-Lo-Schiavo-in-Commissione.jpg\",\"contentUrl\":\"https:\/\/progettotouring.it\/radiotouring104\/wp-content\/uploads\/sites\/6\/2022\/05\/Antonio-Lo-Schiavo-in-Commissione.jpg\",\"width\":899,\"height\":576},{\"@type\":\"BreadcrumbList\",\"@id\":\"https:\/\/progettotouring.it\/radiotouring104\/2023\/12\/30\/piano-di-dimensionamento-scolastico-lo-schiavo-dichiara-la-rimodulazione-consente-alla-calabria-di-ottenere-sette-ulteriori-autonomie\/#breadcrumb\",\"itemListElement\":[{\"@type\":\"ListItem\",\"position\":1,\"name\":\"Home\",\"item\":\"https:\/\/progettotouring.it\/radiotouring104\/\"},{\"@type\":\"ListItem\",\"position\":2,\"name\":\"Piano di Dimensionamento scolastico, Lo Schiavo dichiara: &#8220;La rimodulazione consente alla Calabria di ottenere sette ulteriori autonomie&#8221;\"}]},{\"@type\":\"WebSite\",\"@id\":\"https:\/\/progettotouring.it\/radiotouring104\/#website\",\"url\":\"https:\/\/progettotouring.it\/radiotouring104\/\",\"name\":\"Radio Touring 104\",\"description\":\"La prima radio Reggina\",\"publisher\":{\"@id\":\"https:\/\/progettotouring.it\/radiotouring104\/#organization\"},\"potentialAction\":[{\"@type\":\"SearchAction\",\"target\":{\"@type\":\"EntryPoint\",\"urlTemplate\":\"https:\/\/progettotouring.it\/radiotouring104\/?s={search_term_string}\"},\"query-input\":{\"@type\":\"PropertyValueSpecification\",\"valueRequired\":true,\"valueName\":\"search_term_string\"}}],\"inLanguage\":\"it-IT\"},{\"@type\":\"Organization\",\"@id\":\"https:\/\/progettotouring.it\/radiotouring104\/#organization\",\"name\":\"Radio Touring 104\",\"url\":\"https:\/\/progettotouring.it\/radiotouring104\/\",\"logo\":{\"@type\":\"ImageObject\",\"inLanguage\":\"it-IT\",\"@id\":\"https:\/\/progettotouring.it\/radiotouring104\/#\/schema\/logo\/image\/\",\"url\":\"https:\/\/progettotouring.it\/radiotouring104\/wp-content\/uploads\/sites\/6\/2022\/02\/cropped-logo-radio-touring-104.png\",\"contentUrl\":\"https:\/\/progettotouring.it\/radiotouring104\/wp-content\/uploads\/sites\/6\/2022\/02\/cropped-logo-radio-touring-104.png\",\"width\":377,\"height\":182,\"caption\":\"Radio Touring 104\"},\"image\":{\"@id\":\"https:\/\/progettotouring.it\/radiotouring104\/#\/schema\/logo\/image\/\"}},{\"@type\":\"Person\",\"@id\":\"https:\/\/progettotouring.it\/radiotouring104\/#\/schema\/person\/4a82259ca52ac8702ad1a8f9e5a3120b\",\"name\":\"Filippo Francesco Idone\",\"image\":{\"@type\":\"ImageObject\",\"inLanguage\":\"it-IT\",\"@id\":\"https:\/\/secure.gravatar.com\/avatar\/7268715d2366395c3dd314385670e6484117d44f5c442e61e230f7008b7b62d3?s=96&d=mm&r=g\",\"url\":\"https:\/\/secure.gravatar.com\/avatar\/7268715d2366395c3dd314385670e6484117d44f5c442e61e230f7008b7b62d3?s=96&d=mm&r=g\",\"contentUrl\":\"https:\/\/secure.gravatar.com\/avatar\/7268715d2366395c3dd314385670e6484117d44f5c442e61e230f7008b7b62d3?s=96&d=mm&r=g\",\"caption\":\"Filippo Francesco Idone\"},\"url\":\"https:\/\/progettotouring.it\/radiotouring104\/author\/filippoidone\/\"}]}<\/script>\n<!-- \/ Yoast SEO plugin. -->","yoast_head_json":{"title":"Piano di Dimensionamento scolastico, Lo Schiavo dichiara: \"La rimodulazione consente alla Calabria di ottenere sette ulteriori autonomie\" - Radio Touring 104","description":"Antonio Lo Schiavo, presidente del Gruppo misto-Liberamente progressisti, ha parlato del piano di dimensionamento scolastico","robots":{"index":"index","follow":"follow","max-snippet":"max-snippet:-1","max-image-preview":"max-image-preview:large","max-video-preview":"max-video-preview:-1"},"canonical":"https:\/\/progettotouring.it\/radiotouring104\/2023\/12\/30\/piano-di-dimensionamento-scolastico-lo-schiavo-dichiara-la-rimodulazione-consente-alla-calabria-di-ottenere-sette-ulteriori-autonomie\/","og_locale":"it_IT","og_type":"article","og_title":"Piano di Dimensionamento scolastico, Lo Schiavo dichiara: \"La rimodulazione consente alla Calabria di ottenere sette ulteriori autonomie\" - Radio Touring 104","og_description":"Antonio Lo Schiavo, presidente del Gruppo misto-Liberamente progressisti, ha parlato del piano di dimensionamento scolastico","og_url":"https:\/\/progettotouring.it\/radiotouring104\/2023\/12\/30\/piano-di-dimensionamento-scolastico-lo-schiavo-dichiara-la-rimodulazione-consente-alla-calabria-di-ottenere-sette-ulteriori-autonomie\/","og_site_name":"Radio Touring 104","article_published_time":"2023-12-30T11:58:52+00:00","article_modified_time":"2023-12-30T16:43:12+00:00","og_image":[{"width":899,"height":576,"url":"https:\/\/progettotouring.it\/radiotouring104\/wp-content\/uploads\/sites\/6\/2022\/05\/Antonio-Lo-Schiavo-in-Commissione.jpg","type":"image\/jpeg"}],"author":"Filippo Francesco Idone","twitter_card":"summary_large_image","twitter_misc":{"Scritto da":"Filippo Francesco Idone","Tempo di lettura stimato":"1 minuto"},"schema":{"@context":"https:\/\/schema.org","@graph":[{"@type":"Article","@id":"https:\/\/progettotouring.it\/radiotouring104\/2023\/12\/30\/piano-di-dimensionamento-scolastico-lo-schiavo-dichiara-la-rimodulazione-consente-alla-calabria-di-ottenere-sette-ulteriori-autonomie\/#article","isPartOf":{"@id":"https:\/\/progettotouring.it\/radiotouring104\/2023\/12\/30\/piano-di-dimensionamento-scolastico-lo-schiavo-dichiara-la-rimodulazione-consente-alla-calabria-di-ottenere-sette-ulteriori-autonomie\/"},"author":{"name":"Filippo Francesco Idone","@id":"https:\/\/progettotouring.it\/radiotouring104\/#\/schema\/person\/4a82259ca52ac8702ad1a8f9e5a3120b"},"headline":"Piano di Dimensionamento scolastico, Lo Schiavo dichiara: &#8220;La rimodulazione consente alla Calabria di ottenere sette ulteriori autonomie&#8221;","datePublished":"2023-12-30T11:58:52+00:00","dateModified":"2023-12-30T16:43:12+00:00","mainEntityOfPage":{"@id":"https:\/\/progettotouring.it\/radiotouring104\/2023\/12\/30\/piano-di-dimensionamento-scolastico-lo-schiavo-dichiara-la-rimodulazione-consente-alla-calabria-di-ottenere-sette-ulteriori-autonomie\/"},"wordCount":224,"publisher":{"@id":"https:\/\/progettotouring.it\/radiotouring104\/#organization"},"image":{"@id":"https:\/\/progettotouring.it\/radiotouring104\/2023\/12\/30\/piano-di-dimensionamento-scolastico-lo-schiavo-dichiara-la-rimodulazione-consente-alla-calabria-di-ottenere-sette-ulteriori-autonomie\/#primaryimage"},"thumbnailUrl":"https:\/\/progettotouring.it\/radiotouring104\/wp-content\/uploads\/sites\/6\/2022\/05\/Antonio-Lo-Schiavo-in-Commissione.jpg","keywords":["antonio lo schiavo","Piano di dimensionamento scolastico","regione calabria"],"articleSection":["Calabria","Home","News"],"inLanguage":"it-IT"},{"@type":"WebPage","@id":"https:\/\/progettotouring.it\/radiotouring104\/2023\/12\/30\/piano-di-dimensionamento-scolastico-lo-schiavo-dichiara-la-rimodulazione-consente-alla-calabria-di-ottenere-sette-ulteriori-autonomie\/","url":"https:\/\/progettotouring.it\/radiotouring104\/2023\/12\/30\/piano-di-dimensionamento-scolastico-lo-schiavo-dichiara-la-rimodulazione-consente-alla-calabria-di-ottenere-sette-ulteriori-autonomie\/","name":"Piano di Dimensionamento scolastico, Lo Schiavo dichiara: \"La rimodulazione consente alla Calabria di ottenere sette ulteriori autonomie\" - Radio Touring 104","isPartOf":{"@id":"https:\/\/progettotouring.it\/radiotouring104\/#website"},"primaryImageOfPage":{"@id":"https:\/\/progettotouring.it\/radiotouring104\/2023\/12\/30\/piano-di-dimensionamento-scolastico-lo-schiavo-dichiara-la-rimodulazione-consente-alla-calabria-di-ottenere-sette-ulteriori-autonomie\/#primaryimage"},"image":{"@id":"https:\/\/progettotouring.it\/radiotouring104\/2023\/12\/30\/piano-di-dimensionamento-scolastico-lo-schiavo-dichiara-la-rimodulazione-consente-alla-calabria-di-ottenere-sette-ulteriori-autonomie\/#primaryimage"},"thumbnailUrl":"https:\/\/progettotouring.it\/radiotouring104\/wp-content\/uploads\/sites\/6\/2022\/05\/Antonio-Lo-Schiavo-in-Commissione.jpg","datePublished":"2023-12-30T11:58:52+00:00","dateModified":"2023-12-30T16:43:12+00:00","description":"Antonio Lo Schiavo, presidente del Gruppo misto-Liberamente progressisti, ha parlato del piano di dimensionamento scolastico","breadcrumb":{"@id":"https:\/\/progettotouring.it\/radiotouring104\/2023\/12\/30\/piano-di-dimensionamento-scolastico-lo-schiavo-dichiara-la-rimodulazione-consente-alla-calabria-di-ottenere-sette-ulteriori-autonomie\/#breadcrumb"},"inLanguage":"it-IT","potentialAction":[{"@type":"ReadAction","target":["https:\/\/progettotouring.it\/radiotouring104\/2023\/12\/30\/piano-di-dimensionamento-scolastico-lo-schiavo-dichiara-la-rimodulazione-consente-alla-calabria-di-ottenere-sette-ulteriori-autonomie\/"]}]},{"@type":"ImageObject","inLanguage":"it-IT","@id":"https:\/\/progettotouring.it\/radiotouring104\/2023\/12\/30\/piano-di-dimensionamento-scolastico-lo-schiavo-dichiara-la-rimodulazione-consente-alla-calabria-di-ottenere-sette-ulteriori-autonomie\/#primaryimage","url":"https:\/\/progettotouring.it\/radiotouring104\/wp-content\/uploads\/sites\/6\/2022\/05\/Antonio-Lo-Schiavo-in-Commissione.jpg","contentUrl":"https:\/\/progettotouring.it\/radiotouring104\/wp-content\/uploads\/sites\/6\/2022\/05\/Antonio-Lo-Schiavo-in-Commissione.jpg","width":899,"height":576},{"@type":"BreadcrumbList","@id":"https:\/\/progettotouring.it\/radiotouring104\/2023\/12\/30\/piano-di-dimensionamento-scolastico-lo-schiavo-dichiara-la-rimodulazione-consente-alla-calabria-di-ottenere-sette-ulteriori-autonomie\/#breadcrumb","itemListElement":[{"@type":"ListItem","position":1,"name":"Home","item":"https:\/\/progettotouring.it\/radiotouring104\/"},{"@type":"ListItem","position":2,"name":"Piano di Dimensionamento scolastico, Lo Schiavo dichiara: &#8220;La rimodulazione consente alla Calabria di ottenere sette ulteriori autonomie&#8221;"}]},{"@type":"WebSite","@id":"https:\/\/progettotouring.it\/radiotouring104\/#website","url":"https:\/\/progettotouring.it\/radiotouring104\/","name":"Radio Touring 104","description":"La prima radio Reggina","publisher":{"@id":"https:\/\/progettotouring.it\/radiotouring104\/#organization"},"potentialAction":[{"@type":"SearchAction","target":{"@type":"EntryPoint","urlTemplate":"https:\/\/progettotouring.it\/radiotouring104\/?s={search_term_string}"},"query-input":{"@type":"PropertyValueSpecification","valueRequired":true,"valueName":"search_term_string"}}],"inLanguage":"it-IT"},{"@type":"Organization","@id":"https:\/\/progettotouring.it\/radiotouring104\/#organization","name":"Radio Touring 104","url":"https:\/\/progettotouring.it\/radiotouring104\/","logo":{"@type":"ImageObject","inLanguage":"it-IT","@id":"https:\/\/progettotouring.it\/radiotouring104\/#\/schema\/logo\/image\/","url":"https:\/\/progettotouring.it\/radiotouring104\/wp-content\/uploads\/sites\/6\/2022\/02\/cropped-logo-radio-touring-104.png","contentUrl":"https:\/\/progettotouring.it\/radiotouring104\/wp-content\/uploads\/sites\/6\/2022\/02\/cropped-logo-radio-touring-104.png","width":377,"height":182,"caption":"Radio Touring 104"},"image":{"@id":"https:\/\/progettotouring.it\/radiotouring104\/#\/schema\/logo\/image\/"}},{"@type":"Person","@id":"https:\/\/progettotouring.it\/radiotouring104\/#\/schema\/person\/4a82259ca52ac8702ad1a8f9e5a3120b","name":"Filippo Francesco Idone","image":{"@type":"ImageObject","inLanguage":"it-IT","@id":"https:\/\/secure.gravatar.com\/avatar\/7268715d2366395c3dd314385670e6484117d44f5c442e61e230f7008b7b62d3?s=96&d=mm&r=g","url":"https:\/\/secure.gravatar.com\/avatar\/7268715d2366395c3dd314385670e6484117d44f5c442e61e230f7008b7b62d3?s=96&d=mm&r=g","contentUrl":"https:\/\/secure.gravatar.com\/avatar\/7268715d2366395c3dd314385670e6484117d44f5c442e61e230f7008b7b62d3?s=96&d=mm&r=g","caption":"Filippo Francesco Idone"},"url":"https:\/\/progettotouring.it\/radiotouring104\/author\/filippoidone\/"}]}},"jetpack_publicize_connections":[],"jetpack_featured_media_url":"https:\/\/progettotouring.it\/radiotouring104\/wp-content\/uploads\/sites\/6\/2022\/05\/Antonio-Lo-Schiavo-in-Commissione.jpg","jetpack_sharing_enabled":true,"_links":{"self":[{"href":"https:\/\/progettotouring.it\/radiotouring104\/wp-json\/wp\/v2\/posts\/41880","targetHints":{"allow":["GET"]}}],"collection":[{"href":"https:\/\/progettotouring.it\/radiotouring104\/wp-json\/wp\/v2\/posts"}],"about":[{"href":"https:\/\/progettotouring.it\/radiotouring104\/wp-json\/wp\/v2\/types\/post"}],"author":[{"embeddable":true,"href":"https:\/\/progettotouring.it\/radiotouring104\/wp-json\/wp\/v2\/users\/8"}],"replies":[{"embeddable":true,"href":"https:\/\/progettotouring.it\/radiotouring104\/wp-json\/wp\/v2\/comments?post=41880"}],"version-history":[{"count":1,"href":"https:\/\/progettotouring.it\/radiotouring104\/wp-json\/wp\/v2\/posts\/41880\/revisions"}],"predecessor-version":[{"id":41881,"href":"https:\/\/progettotouring.it\/radiotouring104\/wp-json\/wp\/v2\/posts\/41880\/revisions\/41881"}],"wp:featuredmedia":[{"embeddable":true,"href":"https:\/\/progettotouring.it\/radiotouring104\/wp-json\/wp\/v2\/media\/5381"}],"wp:attachment":[{"href":"https:\/\/progettotouring.it\/radiotouring104\/wp-json\/wp\/v2\/media?parent=41880"}],"wp:term":[{"taxonomy":"category","embeddable":true,"href":"https:\/\/progettotouring.it\/radiotouring104\/wp-json\/wp\/v2\/categories?post=41880"},{"taxonomy":"post_tag","embeddable":true,"href":"https:\/\/progettotouring.it\/radiotouring104\/wp-json\/wp\/v2\/tags?post=41880"}],"curies":[{"name":"wp","href":"https:\/\/api.w.org\/{rel}","templated":true}]}}