{"id":42032,"date":"2024-01-03T10:02:14","date_gmt":"2024-01-03T09:02:14","guid":{"rendered":"https:\/\/progettotouring.it\/radiotouring104\/?p=42032"},"modified":"2024-01-03T13:11:32","modified_gmt":"2024-01-03T12:11:32","slug":"villa-s-g-si-va-verso-lampliamento-dellarea-del-porto","status":"publish","type":"post","link":"https:\/\/progettotouring.it\/radiotouring104\/2024\/01\/03\/villa-s-g-si-va-verso-lampliamento-dellarea-del-porto\/","title":{"rendered":"Villa S.G.: si va verso l&#8217;ampliamento dell&#8217;area del Porto"},"content":{"rendered":"<div dir=\"auto\">Il 2024 si apre con una buona notizia:<strong> il commissario straordinario dell\u2019autorit\u00e0 di sistema portuale dello Stretto Ranieri,<\/strong> il 29 dicembre scorso<strong>, ha avanzato al MIT<\/strong> (ministero delle infrastrutture dei trasporti)<strong> l\u2019istanza di \u201campliamento della circoscrizione all\u2019area a sud del molo di sopraflutto del porto di Villa San Giovanni\u201d.<\/strong><\/div>\n<div dir=\"auto\" style=\"text-align: justify\"><\/div>\n<div dir=\"auto\" style=\"text-align: justify\"><strong>In poco meno di un mese la Regione Calabria<\/strong> (con delibera di giunta numero 663 del 29\/11\/2023) <strong>e il commissario dell\u2019ADSP hanno recepito le istanze del consiglio comunale<\/strong> per lo spostamento del porto a sud: a confermare che sia la regione sia il commissario Ranieri hanno a cuore il <em>\u201cricollocamento a sud rispetto all\u2019esistente\u201c<\/em> sono le stesse parole contenute nella delibera di giunta regionale prima e nell\u2019istanza a firma di Ranieri dopo.<\/div>\n<div dir=\"auto\" style=\"text-align: justify\">Lo stesso commissario straordinario, dopo aver incontrato i primi giorni del mese di dicembre il sindaco <strong>Giusy Caminiti,<\/strong> ha informalmente interloquito lo scorso 30 dicembre con i consiglieri comunali presenti a palazzo San Giovanni a chiusura del consiglio comunale poco prima tenutosi. Il commissario ha espressamente fatto riferimento alle necessit\u00e0 della Citt\u00e0: prima fra tutte essere liberata dall\u2019attraversamento intraurbano di viale Italia e via Marinai d\u2019Italia, per recuperare spazi di vivibilit\u00e0 ma anche zone a forte attrazione turistica e per la nautica da diporto. Del resto, cos\u00ec non poteva essere per un commissario Villese che conosce fin troppo bene le problematiche anche cittadine (viabilit\u00e0, vivibilit\u00e0, inquinamento) ed ha garantito che, in perfetta sintonia con le richieste del consiglio comunale e con le richieste da sempre portate avanti dalla Citt\u00e0, nessun nuovo approdo sar\u00e0 realizzato all\u2019interno del porto storico, essendo, appunto, obiettivo ormai da tutti condiviso lo spostamento delle darsene per il traghettamento delle auto e dei tir a sud delle invasature ferroviarie.<\/div>\n<div dir=\"auto\" style=\"text-align: justify\">Si legge altres\u00ec nella nota a firma del commissario Ranieri che si individueranno \u201c<em>le nuove funzioni che potranno essere svolte negli ambiti lasciati liberi dagli scivoli attualmente in concessione ad un operatore privato e potenziando le banchine di ormeggio per i mezzi veloci dedicati al traghettamento dei passeggeri a piedi, con miglioramento della qualit\u00e0 dell\u2019accoglienza e dei servizi erogati anche in regime di continuit\u00e0 territoriale ferroviaria\u201d.<\/em><\/div>\n<div dir=\"auto\" style=\"text-align: justify\"><\/div>\n<div dir=\"auto\" style=\"text-align: justify\">Si concretizza cos\u00ec pienamente la richiesta che l\u2019amministrazione e il consiglio comunale hanno sin dal loro insediamento portato avanti nei confronti dell\u2019autorit\u00e0 di sistema portuale dello stretto, condividendola anche con associazioni cittadine e partiti politici, le cui osservazioni fanno parte del fascicolo di atti trasmesso all\u2019ADSP unitamente al parere a firma del responsabile dell\u2019ufficio tecnico e alle due delibere consiliari che tracciano inequivocabilmente\u00a0 i s\u00ec di questa citt\u00e0: s\u00ec prioritario allo spostamento del porto a sud; s\u00ec agli ormeggi per i mezzi veloci e alla stazione marittima; s\u00ec ad ogni azione che serva a mettere in sicurezza il passaggio dei pedoni da e verso la Sicilia, oggi promiscuo rispetto al traffico veicolare.<\/div>\n<div dir=\"auto\" style=\"text-align: justify\"><em>\u201cCon grande soddisfazione<\/em> &#8211;<strong> commenta il sindaco<\/strong> &#8211;<em> il commissario Ranieri ha parlato di restituire alla citt\u00e0 (una volta realizzate, per fasi, le invasature del porto a sud) l\u2019area che va dall\u2019ex lido Cenide tanto caro alla citt\u00e0, fino agli approdi delle societ\u00e0 private di navigazione adeguatamente riqualificate per attivit\u00e0 di tipo turistico e nautica da diporto. Oggi con grande soddisfazione riteniamo di aver onorato il mandato ricevuto dal consiglio comunale, ma soprattutto dalla citt\u00e0 con la quale, rispetto al tema del documento strategico di programmazione dell\u2019ADSP, abbiamo interloquito sia documentalmente sia fisicamente: da quarant\u2019anni, ossia dal famoso accordo di programma del 1990, villa San Giovanni chiede il porto a sud. Non potevamo accettare un nuovo approdo all\u2019interno dell\u2019area del porto storico: avrebbe voluto dire rassegnarci ad una situazione che mai avrebbe trovato altro sbocco. La regione Calabria ha accolto nella delibera con cui d\u00e0 intesa per la successiva adozione del DPSS (documento di pianificazione strategica) le richieste e le prescrizioni del nostro comune; il commissario Ranieri come primo atto ha dimostrato alla citt\u00e0 grande attenzione. L\u2019ampliamento della circoscrizione dell\u2019Autorit\u00e0 dello Stretto all\u2019area a sud del porto ferroviario si concluder\u00e0, dopo un procedimento amministrativo particolarmente complesso, con un decreto a firma del presidente della Repubblica. Noi come amministrazione abbiamo gi\u00e0 fatto il nostro: nell\u2019approvazione del preliminare del piano strutturale comunale, avvenuta lo scorso 23 dicembre, questa maggioranza ha gi\u00e0 individuato nella sua pianificazione l\u2019area da destinare ad ampliamento del porto esistente, alle spalle dello stesso, con ripascimento di tutta la spiaggia di Acciarello.<\/em><\/div>\n<div dir=\"auto\" style=\"text-align: justify\"><em>Citt\u00e0 Metropolitana, dal canto suo, sta procedendo alla redazione di un progetto per la bretella di collegamento tra il nostro autoporto (a breve riusciremo ad aprire l\u2019iter per la sua realizzazione) e l\u2019area del porto a sud, con una nuova idea di intubata al vaglio dei tecnici. Tutti questi mesi &#8211; sono serviti a portare a tutti i tavoli, regionali e nazionali, le necessit\u00e0 e le legittime aspirazioni di questa citt\u00e0, il cui grido di dolore per decenni di attraversamento per nulla regolato e risarcito, non pu\u00f2 pi\u00f9 essere negato con il commissario Ranieri alla guida della the SP si apre una fase nuova: lo ringraziamo per la competenza, la sensibilit\u00e0 e la grande professionalit\u00e0 che per questa Citt\u00e0 va di pari passo con uno spirito di servizio da cittadino doc. Ci aspettano mesi di serio lavoro al quale non sottrarremo alcuna risorsa, convinti che la possibilit\u00e0 di coniugare la vocazione trasportistica e quella turistica di Villa San Giovanni passi dalla continuit\u00e0 territoriale tra le sponde dello Stretto e dalla nuova collocazione a sud del porto ferroviario per gli approdi commerciali\u201d.<\/em><\/div>\n","protected":false},"excerpt":{"rendered":"<p>Il 2024 si apre con una buona notizia: il commissario straordinario dell\u2019autorit\u00e0 di sistema portuale dello Stretto Ranieri, il 29 dicembre scorso, ha avanzato al MIT (ministero delle infrastrutture dei&hellip;<\/p>\n","protected":false},"author":12,"featured_media":34749,"comment_status":"closed","ping_status":"open","sticky":false,"template":"","format":"standard","meta":{"_jetpack_memberships_contains_paid_content":false,"footnotes":"","jetpack_publicize_message":"","jetpack_publicize_feature_enabled":true,"jetpack_social_post_already_shared":false,"jetpack_social_options":{"image_generator_settings":{"template":"highway","default_image_id":0,"font":"","enabled":false},"version":2}},"categories":[921,150,196,140],"tags":[25973,3568,14668,6427,9787,8730,25972],"class_list":["post-42032","post","type-post","status-publish","format-standard","has-post-thumbnail","hentry","category-home","category-in-primo-piano","category-news","category-reggio-calabria","tag-commissario-straordinario-area-portuale-stretto","tag-giusy-caminiti","tag-lautorita-di-sistema-portuale-dello-stretto","tag-mit","tag-porto-villa-san-giovanni","tag-ranieri","tag-verso-ampliamento-area"],"yoast_head":"<!-- This site is optimized with the Yoast SEO plugin v27.2 - https:\/\/yoast.com\/product\/yoast-seo-wordpress\/ -->\n<title>Villa S.G.: si va verso l&#039;ampliamento dell&#039;area del Porto<\/title>\n<meta name=\"description\" content=\"Soddisfatta la sindaca Giusy Caminiti: &quot;Ci aspettano mesi di serio lavoro al quale non sottrarremo alcuna risorsa&quot;\" \/>\n<meta name=\"robots\" content=\"index, follow, max-snippet:-1, max-image-preview:large, max-video-preview:-1\" \/>\n<link rel=\"canonical\" href=\"https:\/\/progettotouring.it\/radiotouring104\/2024\/01\/03\/villa-s-g-si-va-verso-lampliamento-dellarea-del-porto\/\" \/>\n<meta property=\"og:locale\" content=\"it_IT\" \/>\n<meta property=\"og:type\" content=\"article\" \/>\n<meta property=\"og:title\" content=\"Villa S.G.: si va verso l&#039;ampliamento dell&#039;area del Porto\" \/>\n<meta property=\"og:description\" content=\"Soddisfatta la sindaca Giusy Caminiti: &quot;Ci aspettano mesi di serio lavoro al quale non sottrarremo alcuna risorsa&quot;\" \/>\n<meta property=\"og:url\" content=\"https:\/\/progettotouring.it\/radiotouring104\/2024\/01\/03\/villa-s-g-si-va-verso-lampliamento-dellarea-del-porto\/\" \/>\n<meta property=\"og:site_name\" content=\"Radio Touring 104\" \/>\n<meta property=\"article:published_time\" content=\"2024-01-03T09:02:14+00:00\" \/>\n<meta property=\"article:modified_time\" content=\"2024-01-03T12:11:32+00:00\" \/>\n<meta property=\"og:image\" content=\"https:\/\/progettotouring.it\/radiotouring104\/wp-content\/uploads\/sites\/6\/2023\/09\/Villa-San-Giovanni-comune.jpg\" \/>\n\t<meta property=\"og:image:width\" content=\"857\" \/>\n\t<meta property=\"og:image:height\" content=\"857\" \/>\n\t<meta property=\"og:image:type\" content=\"image\/jpeg\" \/>\n<meta name=\"author\" content=\"Sebastiano Plutino\" \/>\n<meta name=\"twitter:card\" content=\"summary_large_image\" \/>\n<meta name=\"twitter:label1\" content=\"Scritto da\" \/>\n\t<meta name=\"twitter:data1\" content=\"Sebastiano Plutino\" \/>\n\t<meta name=\"twitter:label2\" content=\"Tempo di lettura stimato\" \/>\n\t<meta name=\"twitter:data2\" content=\"5 minuti\" \/>\n<script type=\"application\/ld+json\" class=\"yoast-schema-graph\">{\"@context\":\"https:\/\/schema.org\",\"@graph\":[{\"@type\":\"Article\",\"@id\":\"https:\/\/progettotouring.it\/radiotouring104\/2024\/01\/03\/villa-s-g-si-va-verso-lampliamento-dellarea-del-porto\/#article\",\"isPartOf\":{\"@id\":\"https:\/\/progettotouring.it\/radiotouring104\/2024\/01\/03\/villa-s-g-si-va-verso-lampliamento-dellarea-del-porto\/\"},\"author\":{\"name\":\"Sebastiano Plutino\",\"@id\":\"https:\/\/progettotouring.it\/radiotouring104\/#\/schema\/person\/78613917f1851f041f7483f5af1d422e\"},\"headline\":\"Villa S.G.: si va verso l&#8217;ampliamento dell&#8217;area del Porto\",\"datePublished\":\"2024-01-03T09:02:14+00:00\",\"dateModified\":\"2024-01-03T12:11:32+00:00\",\"mainEntityOfPage\":{\"@id\":\"https:\/\/progettotouring.it\/radiotouring104\/2024\/01\/03\/villa-s-g-si-va-verso-lampliamento-dellarea-del-porto\/\"},\"wordCount\":925,\"publisher\":{\"@id\":\"https:\/\/progettotouring.it\/radiotouring104\/#organization\"},\"image\":{\"@id\":\"https:\/\/progettotouring.it\/radiotouring104\/2024\/01\/03\/villa-s-g-si-va-verso-lampliamento-dellarea-del-porto\/#primaryimage\"},\"thumbnailUrl\":\"https:\/\/progettotouring.it\/radiotouring104\/wp-content\/uploads\/sites\/6\/2023\/09\/Villa-San-Giovanni-comune.jpg\",\"keywords\":[\"Commissario Straordinario Area Portuale Stretto\",\"Giusy Caminiti\",\"l\u2019Autorit\u00e0 di Sistema portuale dello Stretto\",\"mit\",\"Porto Villa San Giovanni\",\"ranieri\",\"verso ampliamento area\"],\"articleSection\":[\"Home\",\"In primo piano\",\"News\",\"Reggio Calabria\"],\"inLanguage\":\"it-IT\"},{\"@type\":\"WebPage\",\"@id\":\"https:\/\/progettotouring.it\/radiotouring104\/2024\/01\/03\/villa-s-g-si-va-verso-lampliamento-dellarea-del-porto\/\",\"url\":\"https:\/\/progettotouring.it\/radiotouring104\/2024\/01\/03\/villa-s-g-si-va-verso-lampliamento-dellarea-del-porto\/\",\"name\":\"Villa S.G.: si va verso l'ampliamento dell'area del Porto\",\"isPartOf\":{\"@id\":\"https:\/\/progettotouring.it\/radiotouring104\/#website\"},\"primaryImageOfPage\":{\"@id\":\"https:\/\/progettotouring.it\/radiotouring104\/2024\/01\/03\/villa-s-g-si-va-verso-lampliamento-dellarea-del-porto\/#primaryimage\"},\"image\":{\"@id\":\"https:\/\/progettotouring.it\/radiotouring104\/2024\/01\/03\/villa-s-g-si-va-verso-lampliamento-dellarea-del-porto\/#primaryimage\"},\"thumbnailUrl\":\"https:\/\/progettotouring.it\/radiotouring104\/wp-content\/uploads\/sites\/6\/2023\/09\/Villa-San-Giovanni-comune.jpg\",\"datePublished\":\"2024-01-03T09:02:14+00:00\",\"dateModified\":\"2024-01-03T12:11:32+00:00\",\"description\":\"Soddisfatta la sindaca Giusy Caminiti: \\\"Ci aspettano mesi di serio lavoro al quale non sottrarremo alcuna risorsa\\\"\",\"breadcrumb\":{\"@id\":\"https:\/\/progettotouring.it\/radiotouring104\/2024\/01\/03\/villa-s-g-si-va-verso-lampliamento-dellarea-del-porto\/#breadcrumb\"},\"inLanguage\":\"it-IT\",\"potentialAction\":[{\"@type\":\"ReadAction\",\"target\":[\"https:\/\/progettotouring.it\/radiotouring104\/2024\/01\/03\/villa-s-g-si-va-verso-lampliamento-dellarea-del-porto\/\"]}]},{\"@type\":\"ImageObject\",\"inLanguage\":\"it-IT\",\"@id\":\"https:\/\/progettotouring.it\/radiotouring104\/2024\/01\/03\/villa-s-g-si-va-verso-lampliamento-dellarea-del-porto\/#primaryimage\",\"url\":\"https:\/\/progettotouring.it\/radiotouring104\/wp-content\/uploads\/sites\/6\/2023\/09\/Villa-San-Giovanni-comune.jpg\",\"contentUrl\":\"https:\/\/progettotouring.it\/radiotouring104\/wp-content\/uploads\/sites\/6\/2023\/09\/Villa-San-Giovanni-comune.jpg\",\"width\":857,\"height\":857},{\"@type\":\"BreadcrumbList\",\"@id\":\"https:\/\/progettotouring.it\/radiotouring104\/2024\/01\/03\/villa-s-g-si-va-verso-lampliamento-dellarea-del-porto\/#breadcrumb\",\"itemListElement\":[{\"@type\":\"ListItem\",\"position\":1,\"name\":\"Home\",\"item\":\"https:\/\/progettotouring.it\/radiotouring104\/\"},{\"@type\":\"ListItem\",\"position\":2,\"name\":\"Villa S.G.: si va verso l&#8217;ampliamento dell&#8217;area del Porto\"}]},{\"@type\":\"WebSite\",\"@id\":\"https:\/\/progettotouring.it\/radiotouring104\/#website\",\"url\":\"https:\/\/progettotouring.it\/radiotouring104\/\",\"name\":\"Radio Touring 104\",\"description\":\"La prima radio Reggina\",\"publisher\":{\"@id\":\"https:\/\/progettotouring.it\/radiotouring104\/#organization\"},\"potentialAction\":[{\"@type\":\"SearchAction\",\"target\":{\"@type\":\"EntryPoint\",\"urlTemplate\":\"https:\/\/progettotouring.it\/radiotouring104\/?s={search_term_string}\"},\"query-input\":{\"@type\":\"PropertyValueSpecification\",\"valueRequired\":true,\"valueName\":\"search_term_string\"}}],\"inLanguage\":\"it-IT\"},{\"@type\":\"Organization\",\"@id\":\"https:\/\/progettotouring.it\/radiotouring104\/#organization\",\"name\":\"Radio Touring 104\",\"url\":\"https:\/\/progettotouring.it\/radiotouring104\/\",\"logo\":{\"@type\":\"ImageObject\",\"inLanguage\":\"it-IT\",\"@id\":\"https:\/\/progettotouring.it\/radiotouring104\/#\/schema\/logo\/image\/\",\"url\":\"https:\/\/progettotouring.it\/radiotouring104\/wp-content\/uploads\/sites\/6\/2022\/02\/cropped-logo-radio-touring-104.png\",\"contentUrl\":\"https:\/\/progettotouring.it\/radiotouring104\/wp-content\/uploads\/sites\/6\/2022\/02\/cropped-logo-radio-touring-104.png\",\"width\":377,\"height\":182,\"caption\":\"Radio Touring 104\"},\"image\":{\"@id\":\"https:\/\/progettotouring.it\/radiotouring104\/#\/schema\/logo\/image\/\"}},{\"@type\":\"Person\",\"@id\":\"https:\/\/progettotouring.it\/radiotouring104\/#\/schema\/person\/78613917f1851f041f7483f5af1d422e\",\"name\":\"Sebastiano Plutino\",\"image\":{\"@type\":\"ImageObject\",\"inLanguage\":\"it-IT\",\"@id\":\"https:\/\/secure.gravatar.com\/avatar\/0546ffaa9b79224faf9f2a156b67a529ae861d3287c66c1d8ccfdf909bcba78d?s=96&d=mm&r=g\",\"url\":\"https:\/\/secure.gravatar.com\/avatar\/0546ffaa9b79224faf9f2a156b67a529ae861d3287c66c1d8ccfdf909bcba78d?s=96&d=mm&r=g\",\"contentUrl\":\"https:\/\/secure.gravatar.com\/avatar\/0546ffaa9b79224faf9f2a156b67a529ae861d3287c66c1d8ccfdf909bcba78d?s=96&d=mm&r=g\",\"caption\":\"Sebastiano Plutino\"},\"url\":\"https:\/\/progettotouring.it\/radiotouring104\/author\/sebastiano\/\"}]}<\/script>\n<!-- \/ Yoast SEO plugin. -->","yoast_head_json":{"title":"Villa S.G.: si va verso l'ampliamento dell'area del Porto","description":"Soddisfatta la sindaca Giusy Caminiti: \"Ci aspettano mesi di serio lavoro al quale non sottrarremo alcuna risorsa\"","robots":{"index":"index","follow":"follow","max-snippet":"max-snippet:-1","max-image-preview":"max-image-preview:large","max-video-preview":"max-video-preview:-1"},"canonical":"https:\/\/progettotouring.it\/radiotouring104\/2024\/01\/03\/villa-s-g-si-va-verso-lampliamento-dellarea-del-porto\/","og_locale":"it_IT","og_type":"article","og_title":"Villa S.G.: si va verso l'ampliamento dell'area del Porto","og_description":"Soddisfatta la sindaca Giusy Caminiti: \"Ci aspettano mesi di serio lavoro al quale non sottrarremo alcuna risorsa\"","og_url":"https:\/\/progettotouring.it\/radiotouring104\/2024\/01\/03\/villa-s-g-si-va-verso-lampliamento-dellarea-del-porto\/","og_site_name":"Radio Touring 104","article_published_time":"2024-01-03T09:02:14+00:00","article_modified_time":"2024-01-03T12:11:32+00:00","og_image":[{"width":857,"height":857,"url":"https:\/\/progettotouring.it\/radiotouring104\/wp-content\/uploads\/sites\/6\/2023\/09\/Villa-San-Giovanni-comune.jpg","type":"image\/jpeg"}],"author":"Sebastiano Plutino","twitter_card":"summary_large_image","twitter_misc":{"Scritto da":"Sebastiano Plutino","Tempo di lettura stimato":"5 minuti"},"schema":{"@context":"https:\/\/schema.org","@graph":[{"@type":"Article","@id":"https:\/\/progettotouring.it\/radiotouring104\/2024\/01\/03\/villa-s-g-si-va-verso-lampliamento-dellarea-del-porto\/#article","isPartOf":{"@id":"https:\/\/progettotouring.it\/radiotouring104\/2024\/01\/03\/villa-s-g-si-va-verso-lampliamento-dellarea-del-porto\/"},"author":{"name":"Sebastiano Plutino","@id":"https:\/\/progettotouring.it\/radiotouring104\/#\/schema\/person\/78613917f1851f041f7483f5af1d422e"},"headline":"Villa S.G.: si va verso l&#8217;ampliamento dell&#8217;area del Porto","datePublished":"2024-01-03T09:02:14+00:00","dateModified":"2024-01-03T12:11:32+00:00","mainEntityOfPage":{"@id":"https:\/\/progettotouring.it\/radiotouring104\/2024\/01\/03\/villa-s-g-si-va-verso-lampliamento-dellarea-del-porto\/"},"wordCount":925,"publisher":{"@id":"https:\/\/progettotouring.it\/radiotouring104\/#organization"},"image":{"@id":"https:\/\/progettotouring.it\/radiotouring104\/2024\/01\/03\/villa-s-g-si-va-verso-lampliamento-dellarea-del-porto\/#primaryimage"},"thumbnailUrl":"https:\/\/progettotouring.it\/radiotouring104\/wp-content\/uploads\/sites\/6\/2023\/09\/Villa-San-Giovanni-comune.jpg","keywords":["Commissario Straordinario Area Portuale Stretto","Giusy Caminiti","l\u2019Autorit\u00e0 di Sistema portuale dello Stretto","mit","Porto Villa San Giovanni","ranieri","verso ampliamento area"],"articleSection":["Home","In primo piano","News","Reggio Calabria"],"inLanguage":"it-IT"},{"@type":"WebPage","@id":"https:\/\/progettotouring.it\/radiotouring104\/2024\/01\/03\/villa-s-g-si-va-verso-lampliamento-dellarea-del-porto\/","url":"https:\/\/progettotouring.it\/radiotouring104\/2024\/01\/03\/villa-s-g-si-va-verso-lampliamento-dellarea-del-porto\/","name":"Villa S.G.: si va verso l'ampliamento dell'area del Porto","isPartOf":{"@id":"https:\/\/progettotouring.it\/radiotouring104\/#website"},"primaryImageOfPage":{"@id":"https:\/\/progettotouring.it\/radiotouring104\/2024\/01\/03\/villa-s-g-si-va-verso-lampliamento-dellarea-del-porto\/#primaryimage"},"image":{"@id":"https:\/\/progettotouring.it\/radiotouring104\/2024\/01\/03\/villa-s-g-si-va-verso-lampliamento-dellarea-del-porto\/#primaryimage"},"thumbnailUrl":"https:\/\/progettotouring.it\/radiotouring104\/wp-content\/uploads\/sites\/6\/2023\/09\/Villa-San-Giovanni-comune.jpg","datePublished":"2024-01-03T09:02:14+00:00","dateModified":"2024-01-03T12:11:32+00:00","description":"Soddisfatta la sindaca Giusy Caminiti: \"Ci aspettano mesi di serio lavoro al quale non sottrarremo alcuna risorsa\"","breadcrumb":{"@id":"https:\/\/progettotouring.it\/radiotouring104\/2024\/01\/03\/villa-s-g-si-va-verso-lampliamento-dellarea-del-porto\/#breadcrumb"},"inLanguage":"it-IT","potentialAction":[{"@type":"ReadAction","target":["https:\/\/progettotouring.it\/radiotouring104\/2024\/01\/03\/villa-s-g-si-va-verso-lampliamento-dellarea-del-porto\/"]}]},{"@type":"ImageObject","inLanguage":"it-IT","@id":"https:\/\/progettotouring.it\/radiotouring104\/2024\/01\/03\/villa-s-g-si-va-verso-lampliamento-dellarea-del-porto\/#primaryimage","url":"https:\/\/progettotouring.it\/radiotouring104\/wp-content\/uploads\/sites\/6\/2023\/09\/Villa-San-Giovanni-comune.jpg","contentUrl":"https:\/\/progettotouring.it\/radiotouring104\/wp-content\/uploads\/sites\/6\/2023\/09\/Villa-San-Giovanni-comune.jpg","width":857,"height":857},{"@type":"BreadcrumbList","@id":"https:\/\/progettotouring.it\/radiotouring104\/2024\/01\/03\/villa-s-g-si-va-verso-lampliamento-dellarea-del-porto\/#breadcrumb","itemListElement":[{"@type":"ListItem","position":1,"name":"Home","item":"https:\/\/progettotouring.it\/radiotouring104\/"},{"@type":"ListItem","position":2,"name":"Villa S.G.: si va verso l&#8217;ampliamento dell&#8217;area del Porto"}]},{"@type":"WebSite","@id":"https:\/\/progettotouring.it\/radiotouring104\/#website","url":"https:\/\/progettotouring.it\/radiotouring104\/","name":"Radio Touring 104","description":"La prima radio Reggina","publisher":{"@id":"https:\/\/progettotouring.it\/radiotouring104\/#organization"},"potentialAction":[{"@type":"SearchAction","target":{"@type":"EntryPoint","urlTemplate":"https:\/\/progettotouring.it\/radiotouring104\/?s={search_term_string}"},"query-input":{"@type":"PropertyValueSpecification","valueRequired":true,"valueName":"search_term_string"}}],"inLanguage":"it-IT"},{"@type":"Organization","@id":"https:\/\/progettotouring.it\/radiotouring104\/#organization","name":"Radio Touring 104","url":"https:\/\/progettotouring.it\/radiotouring104\/","logo":{"@type":"ImageObject","inLanguage":"it-IT","@id":"https:\/\/progettotouring.it\/radiotouring104\/#\/schema\/logo\/image\/","url":"https:\/\/progettotouring.it\/radiotouring104\/wp-content\/uploads\/sites\/6\/2022\/02\/cropped-logo-radio-touring-104.png","contentUrl":"https:\/\/progettotouring.it\/radiotouring104\/wp-content\/uploads\/sites\/6\/2022\/02\/cropped-logo-radio-touring-104.png","width":377,"height":182,"caption":"Radio Touring 104"},"image":{"@id":"https:\/\/progettotouring.it\/radiotouring104\/#\/schema\/logo\/image\/"}},{"@type":"Person","@id":"https:\/\/progettotouring.it\/radiotouring104\/#\/schema\/person\/78613917f1851f041f7483f5af1d422e","name":"Sebastiano Plutino","image":{"@type":"ImageObject","inLanguage":"it-IT","@id":"https:\/\/secure.gravatar.com\/avatar\/0546ffaa9b79224faf9f2a156b67a529ae861d3287c66c1d8ccfdf909bcba78d?s=96&d=mm&r=g","url":"https:\/\/secure.gravatar.com\/avatar\/0546ffaa9b79224faf9f2a156b67a529ae861d3287c66c1d8ccfdf909bcba78d?s=96&d=mm&r=g","contentUrl":"https:\/\/secure.gravatar.com\/avatar\/0546ffaa9b79224faf9f2a156b67a529ae861d3287c66c1d8ccfdf909bcba78d?s=96&d=mm&r=g","caption":"Sebastiano Plutino"},"url":"https:\/\/progettotouring.it\/radiotouring104\/author\/sebastiano\/"}]}},"jetpack_publicize_connections":[],"jetpack_featured_media_url":"https:\/\/progettotouring.it\/radiotouring104\/wp-content\/uploads\/sites\/6\/2023\/09\/Villa-San-Giovanni-comune.jpg","jetpack_sharing_enabled":true,"_links":{"self":[{"href":"https:\/\/progettotouring.it\/radiotouring104\/wp-json\/wp\/v2\/posts\/42032","targetHints":{"allow":["GET"]}}],"collection":[{"href":"https:\/\/progettotouring.it\/radiotouring104\/wp-json\/wp\/v2\/posts"}],"about":[{"href":"https:\/\/progettotouring.it\/radiotouring104\/wp-json\/wp\/v2\/types\/post"}],"author":[{"embeddable":true,"href":"https:\/\/progettotouring.it\/radiotouring104\/wp-json\/wp\/v2\/users\/12"}],"replies":[{"embeddable":true,"href":"https:\/\/progettotouring.it\/radiotouring104\/wp-json\/wp\/v2\/comments?post=42032"}],"version-history":[{"count":1,"href":"https:\/\/progettotouring.it\/radiotouring104\/wp-json\/wp\/v2\/posts\/42032\/revisions"}],"predecessor-version":[{"id":42033,"href":"https:\/\/progettotouring.it\/radiotouring104\/wp-json\/wp\/v2\/posts\/42032\/revisions\/42033"}],"wp:featuredmedia":[{"embeddable":true,"href":"https:\/\/progettotouring.it\/radiotouring104\/wp-json\/wp\/v2\/media\/34749"}],"wp:attachment":[{"href":"https:\/\/progettotouring.it\/radiotouring104\/wp-json\/wp\/v2\/media?parent=42032"}],"wp:term":[{"taxonomy":"category","embeddable":true,"href":"https:\/\/progettotouring.it\/radiotouring104\/wp-json\/wp\/v2\/categories?post=42032"},{"taxonomy":"post_tag","embeddable":true,"href":"https:\/\/progettotouring.it\/radiotouring104\/wp-json\/wp\/v2\/tags?post=42032"}],"curies":[{"name":"wp","href":"https:\/\/api.w.org\/{rel}","templated":true}]}}