{"id":42046,"date":"2024-01-03T11:34:09","date_gmt":"2024-01-03T10:34:09","guid":{"rendered":"https:\/\/progettotouring.it\/radiotouring104\/?p=42046"},"modified":"2024-01-03T12:13:43","modified_gmt":"2024-01-03T11:13:43","slug":"pasquale-motta-il-mio-addio-a-lac-ecco-perche-vado-via-e-chi-mi-ha-voluto-fuori","status":"publish","type":"post","link":"https:\/\/progettotouring.it\/radiotouring104\/2024\/01\/03\/pasquale-motta-il-mio-addio-a-lac-ecco-perche-vado-via-e-chi-mi-ha-voluto-fuori\/","title":{"rendered":"Pasquale Motta: &#8220;Il mio addio a LaC. Ecco perch\u00e8 vado via e chi mi ha voluto fuori&#8221;"},"content":{"rendered":"<div dir=\"auto\" style=\"text-align: justify\">Riceviamo e pubblichiamo il durissimo comunicato del giornalista Pasquale Motta in merito alla vicenda che ha portato alle dimissioni da LaC News:<\/div>\n<div dir=\"auto\"><\/div>\n<div dir=\"auto\" style=\"text-align: justify\">&#8220;<strong>Dal 30 dicembre 2023 non sono pi\u00f9 giornalista di LaC .<\/strong> Mi sono dimesso per giusta causa per la violazione dell\u2019art. 6 del contratto Aeranti-Corallo e appellandomi all\u2019art. 32 del contratto nazionale di lavoro giornalistico, perch\u00e9 sostanzialmente si \u00e8 creata una situazione incompatibile con la mia dignit\u00e0 professionale. Invocando, dunque, la cosiddetta clausola di coscienza mi sono dimesso per giusta causa. Ci\u00f2 \u00e8 avvenuto dopo settimane burrascose e conflittuali come avete potuto leggere in precedenti post pubblici. A questo punto \u00e8 giunto il momento di lasciare.<\/div>\n<div dir=\"auto\" style=\"text-align: justify\"><strong>Lascio perch\u00e9 radicalmente in dissenso con l\u2019impostazione e la linea del nuovo direttore responsabile Alessandro Russo, gi\u00e0 direttore editoriale.<\/strong> Il nuovo direttore responsabile, infatti, mi ha impedito di svolgere il lavoro che ho sempre svolto in libert\u00e0, autonomia e indipendenza. Da giorni ha fatto pressioni per un mio licenziamento che, alla fine, non \u00e8 arrivato da parte dell\u2019azienda editoriale. E, tuttavia, <strong>in poche settimane \u00e8 stato cancellato il format che conducevo con grande successo di pubblico<\/strong> e, cosa ancor pi\u00f9 grave, giorno 19 dicembre, allorquando il neodirettore responsabile ha illustrato all\u2019assemblea dei giornalisti la linea della sua direzione e la distribuzione degli incarichi, lo stesso non si \u00e8 degnato neanche formalmente di provare ad affidarmi un incarico lasciandomi, di fatto, senza mansione, senza sede e senza ufficio. <strong>Ho atteso fino al 30 dicembre 2023 un segnale da parte del nuovo responsabile della testata prima di decidere di rassegnare le dimissioni<\/strong> per giusta causa.<\/div>\n<div dir=\"auto\" style=\"text-align: justify\">Alessandro Russo \u00e8 il marito del direttore strategico del gruppo Publiemme-Diemmecom,<strong> Paola Bottero, vera direzione occulta delle testate del gruppo e vera mandante della mia<\/strong> <em>\u201cepurazione\u201d<\/em>. Questa \u201csignora\u201d \u00e8 probabile che star\u00e0 brindando alla mia decisione di abbandonare il lavoro su LaC. Buon per Lei. Tuttavia, fossi in lei, rifletterei bene su questo suo esultare, non so quanto sar\u00e0 un buon investimento per la signora Bottero e il suo ruolo il fatto che da oggi ho le mani libere. Nei prossimi giorni, infatti, ritorneremo sul ruolo di questa signora e sul suo millantare un rapporto speciale con l\u2019ex procuratore della Repubblica di Catanzaro. Un presunto \u201crapporto speciale\u201d che chiama direttamente in causa l\u2019attuale Procuratore di Napoli. Sarebbe assai singolare, infatti, che una signora che di fatto svolge la professione di lobbista, si ritrovi a gestire una \u201crelazione\u201d con la quale potrebbe esercitare un qualche condizionamento su imprenditori, editori e non solo. La cosa sarebbe discutibile, soprattutto sul piano etico. Sorge spontaneo l\u2019interrogativo, dunque: quanto \u00e8 consapevole il dott. Nicola Gratteri di questo \u201cmillantare\u201d del direttore strategico della Pubbliemme-Diemmecom? Nei prossimi giorni ritorneremo sul ruolo di questa signora e anche su alcune ambizioni che la lobbista Bottero non fa mistero di coltivare, utilizzando la sua funzione nel network di LaC, e cio\u00e8 di un trasferimento di relazioni da Via Condotti verso piazza Dante a Roma. Un ruolo di potere accresciuto il suo, considerato che oggi si \u00e8 aggiunto il tassello della direzione di tutte le testate giornalistiche del gruppo da parte del consorte, Alessandro Russo. A questo punto mi sorge inevitabilmente una curiosit\u00e0: \u00e8 al corrente l\u2019editore, Domenico Maduli, di questi movimenti del suo direttore strategico sul fronte della \u201cviabilit\u00e0\u201d del potere nella Capitale? Mi fermo qua, il resto lo affronteremo nei prossimi giorni. Questa divagazione, tuttavia, serviva per far comprendere che in questi \u201ctemi\u201d bisogna ricercare la chiave di lettura dei veri motivi della guerra al sottoscritto da parte di questa signora e del suo scudiero. A ci\u00f2 va aggiunto un\u2019altra gravissima scelta da parte del \u201cneodirettore\u201d, quella di assumere due giornalisti del Corriere della Calabria, Pablo Petrasso e Alessia Truzzolillo che fino a qualche giorno fa descrivevano l\u2019editore per il quale si sono messi a lavorare oggi come colluso con la mafia vibonese. Una scelta questa incomprensibile sul piano editoriale e che, per essere stato tra coloro che ha difeso l\u2019editore dalla macchina del fango costruita anche da questi due \u201cautorevoli e coerenti\u201d cronisti di nera, non mi consente di condividerne la postazione, n\u00e9 tantomeno accettare il ruolo di \u201cvice direttore\u201d di Pablo Petrasso. A loro ripropongo la domanda fatta gi\u00e0 in un altro post pubblico pochi giorni fa e che riproporr\u00f2 come un mantra anche nei prossimi: ma l\u2019editore di LaC e\u2019 ancora in odor di mafia, come avete scritto per anni, oppure ha cambiato profumo? Non credete che prima di accettare qualsiasi ruolo in questa redazione avreste dovuto chiedere scusa ai colleghi che, invece, la vostra visione editoriale hanno contrastato? Questa domanda continuer\u00f2 a farla a questi due eroi dell\u2019antindrangheta fancazzista e dei pizzini allungati da certi Pm durante le conferenze stampa, ogni volta che parler\u00f2 di questa tragicommedia alla calabrese. Ai colleghi che, come me, hanno costruito la storia di LaC e che sono costretti a lavorare in posizione di inferiorit\u00e0 gerarchica a questi due \u201ccorpi estranei\u201d sia culturalmente che professionalmente, va tutta la mia solidariet\u00e0. Infine, sento anche il dovere di rivolgere un saluto a coloro con i quali ho lavorato in questi anni. Lascio dopo 10 anni una testata che ho contribuito a costruire nei contenuti. Dentro quella redazione lascio un pezzo di me stesso. 10 anni, di cui quasi sette passati da direttore delle varie testate del gruppo. Non rinnego nulla. Ho svolto il mio ruolo di direttore con lealt\u00e0 verso l\u2019editore. E, comunque, al netto delle scelte di oggi, lo ringrazio della fiducia che mi ha accordato per tanti anni. Ho esercitato il mio ruolo di direttore sempre proteggendo i miei giornalisti. Ho cercato di garantire la loro indipendenza e la loro libert\u00e0. Nessuno di loro ha mai avuto censure. Nessuno di loro si \u00e8 mai visto rimuovere un pezzo. Neanche quando non condividevo nulla. Per garantire la loro libert\u00e0 ho litigato con esponenti del potere. Ho archiviato amicizie. Ho sempre perseguito un solo obiettivo: tutelare la dignit\u00e0 del giornalista. Da questo punto di vista lascio con animo sereno. Il mio abbandono \u00e8 burrascoso, molti mi hanno scritto in privato manifestandomi la loro solidariet\u00e0. Non mi aspettavo prese di posizioni pubbliche. Rispetto la loro prudenza e so bene che molti hanno famiglie da mantenere. Altri sono stati zitti. Rispetto quel silenzio. Altri ancora hanno esternato e potevano evitarselo. Alla fine, questi ultimi, hanno centrato un solo obiettivo: fare strame della loro residua dignit\u00e0 professionale e frantumare quel poco di spina dorsale che conservavano. Per tali motivi ho scelto di non congedarmi nella chat redazionale. In quella chat vi sono tanti che stimo, altri che rispetto ma altri che n\u00e9 stimo e ne\u2019 rispetto e, non essendo un ipocrita, non mi va di scrivere un messaggio uguale per tutti. A coloro che stimo e che hanno avuto la sensibilit\u00e0 di scrivermi e manifestarmi la loro vicinanza, va tutto il mio affetto, e li porter\u00f2 nel cuore. A coloro che hanno ritenuto di non farlo, va tutta la mia indifferenza. Da domani inizia un\u2019altra vita professionale. Non \u00e8 ancora tempo di fare il Cincinnato. A breve la nostra voce la rimetteremo a disposizione della Calabria e della causa della nostra regione, pi\u00f9 squillante e pi\u00f9 forte di prima. Abbiamo sempre condotto battaglie al servizio della societ\u00e0 calabrese. Battaglie al servizio della nostra regione. Una terra che non abbiamo mai lasciato. Mai abbiamo interpretato questo \u201cmestiere come vetrina, per avere centralit\u00e0 e ambizioni di carriera\u201d, come incautamente ha scritto qualcuno, abbiamo l\u2019et\u00e0 e la storia che ci consentono di non aver bisogno di una tale centralit\u00e0, anche perch\u00e9, ce l\u2019abbiamo gi\u00e0, in qualsiasi ruolo che abbiamo svolto o svolgeremo. E tutto ci\u00f2, per un solo motivo: abbiamo camminato a schiena dritta, nella buona e nella cattiva sorte, senza guinzaglio e senza cavezza, sempre! Abbiamo condotto buone battaglie. \u201cAdelante, Pedro, con juicio, si puedes\u201d.<\/div>\n<div dir=\"auto\">Pasquale Motta<\/div>\n<div dir=\"auto\"><\/div>\n","protected":false},"excerpt":{"rendered":"<p>Riceviamo e pubblichiamo il durissimo comunicato del giornalista Pasquale Motta in merito alla vicenda che ha portato alle dimissioni da LaC News: &#8220;Dal 30 dicembre 2023 non sono pi\u00f9 giornalista&hellip;<\/p>\n","protected":false},"author":12,"featured_media":42047,"comment_status":"closed","ping_status":"open","sticky":false,"template":"","format":"standard","meta":{"_jetpack_memberships_contains_paid_content":false,"footnotes":"","jetpack_publicize_message":"","jetpack_publicize_feature_enabled":true,"jetpack_social_post_already_shared":false,"jetpack_social_options":{"image_generator_settings":{"template":"highway","default_image_id":0,"font":"","enabled":false},"version":2}},"categories":[142,921,196],"tags":[25989,25991,25988,25987,25990,4381],"class_list":["post-42046","post","type-post","status-publish","format-standard","has-post-thumbnail","hentry","category-calabria","category-home","category-news","tag-alessandro-russo","tag-chiusura-programma","tag-dimissioni-pasquale-motta","tag-la-cnews","tag-paola-bottero","tag-pasquale-motta"],"yoast_head":"<!-- This site is optimized with the Yoast SEO plugin v27.2 - https:\/\/yoast.com\/product\/yoast-seo-wordpress\/ -->\n<title>Motta: &quot;Il mio addio a LaC. Perch\u00e8 vado via e chi mi ha voluto fuori&quot;<\/title>\n<meta name=\"description\" content=\"Riceviamo e pubblichiamo il durissimo comunicato dell&#039;ex giornalista di LaC in cui argomenta la vicenda che l&#039;ha portato alle dimissioni\" \/>\n<meta name=\"robots\" content=\"index, follow, max-snippet:-1, max-image-preview:large, max-video-preview:-1\" \/>\n<link rel=\"canonical\" href=\"https:\/\/progettotouring.it\/radiotouring104\/2024\/01\/03\/pasquale-motta-il-mio-addio-a-lac-ecco-perche-vado-via-e-chi-mi-ha-voluto-fuori\/\" \/>\n<meta property=\"og:locale\" content=\"it_IT\" \/>\n<meta property=\"og:type\" content=\"article\" \/>\n<meta property=\"og:title\" content=\"Motta: &quot;Il mio addio a LaC. Perch\u00e8 vado via e chi mi ha voluto fuori&quot;\" \/>\n<meta property=\"og:description\" content=\"Riceviamo e pubblichiamo il durissimo comunicato dell&#039;ex giornalista di LaC in cui argomenta la vicenda che l&#039;ha portato alle dimissioni\" \/>\n<meta property=\"og:url\" content=\"https:\/\/progettotouring.it\/radiotouring104\/2024\/01\/03\/pasquale-motta-il-mio-addio-a-lac-ecco-perche-vado-via-e-chi-mi-ha-voluto-fuori\/\" \/>\n<meta property=\"og:site_name\" content=\"Radio Touring 104\" \/>\n<meta property=\"article:published_time\" content=\"2024-01-03T10:34:09+00:00\" \/>\n<meta property=\"article:modified_time\" content=\"2024-01-03T11:13:43+00:00\" \/>\n<meta property=\"og:image\" content=\"https:\/\/progettotouring.it\/radiotouring104\/wp-content\/uploads\/sites\/6\/2024\/01\/Pasquale-Motta.jpg\" \/>\n\t<meta property=\"og:image:width\" content=\"670\" \/>\n\t<meta property=\"og:image:height\" content=\"325\" \/>\n\t<meta property=\"og:image:type\" content=\"image\/jpeg\" \/>\n<meta name=\"author\" content=\"Sebastiano Plutino\" \/>\n<meta name=\"twitter:card\" content=\"summary_large_image\" \/>\n<meta name=\"twitter:label1\" content=\"Scritto da\" \/>\n\t<meta name=\"twitter:data1\" content=\"Sebastiano Plutino\" \/>\n\t<meta name=\"twitter:label2\" content=\"Tempo di lettura stimato\" \/>\n\t<meta name=\"twitter:data2\" content=\"6 minuti\" \/>\n<script type=\"application\/ld+json\" class=\"yoast-schema-graph\">{\"@context\":\"https:\/\/schema.org\",\"@graph\":[{\"@type\":\"Article\",\"@id\":\"https:\/\/progettotouring.it\/radiotouring104\/2024\/01\/03\/pasquale-motta-il-mio-addio-a-lac-ecco-perche-vado-via-e-chi-mi-ha-voluto-fuori\/#article\",\"isPartOf\":{\"@id\":\"https:\/\/progettotouring.it\/radiotouring104\/2024\/01\/03\/pasquale-motta-il-mio-addio-a-lac-ecco-perche-vado-via-e-chi-mi-ha-voluto-fuori\/\"},\"author\":{\"name\":\"Sebastiano Plutino\",\"@id\":\"https:\/\/progettotouring.it\/radiotouring104\/#\/schema\/person\/78613917f1851f041f7483f5af1d422e\"},\"headline\":\"Pasquale Motta: &#8220;Il mio addio a LaC. Ecco perch\u00e8 vado via e chi mi ha voluto fuori&#8221;\",\"datePublished\":\"2024-01-03T10:34:09+00:00\",\"dateModified\":\"2024-01-03T11:13:43+00:00\",\"mainEntityOfPage\":{\"@id\":\"https:\/\/progettotouring.it\/radiotouring104\/2024\/01\/03\/pasquale-motta-il-mio-addio-a-lac-ecco-perche-vado-via-e-chi-mi-ha-voluto-fuori\/\"},\"wordCount\":1302,\"publisher\":{\"@id\":\"https:\/\/progettotouring.it\/radiotouring104\/#organization\"},\"image\":{\"@id\":\"https:\/\/progettotouring.it\/radiotouring104\/2024\/01\/03\/pasquale-motta-il-mio-addio-a-lac-ecco-perche-vado-via-e-chi-mi-ha-voluto-fuori\/#primaryimage\"},\"thumbnailUrl\":\"https:\/\/progettotouring.it\/radiotouring104\/wp-content\/uploads\/sites\/6\/2024\/01\/Pasquale-Motta.jpg\",\"keywords\":[\"Alessandro Russo\",\"chiusura programma\",\"dimissioni Pasquale Motta\",\"La CNews\",\"Paola Bottero\",\"Pasquale Motta\"],\"articleSection\":[\"Calabria\",\"Home\",\"News\"],\"inLanguage\":\"it-IT\"},{\"@type\":\"WebPage\",\"@id\":\"https:\/\/progettotouring.it\/radiotouring104\/2024\/01\/03\/pasquale-motta-il-mio-addio-a-lac-ecco-perche-vado-via-e-chi-mi-ha-voluto-fuori\/\",\"url\":\"https:\/\/progettotouring.it\/radiotouring104\/2024\/01\/03\/pasquale-motta-il-mio-addio-a-lac-ecco-perche-vado-via-e-chi-mi-ha-voluto-fuori\/\",\"name\":\"Motta: \\\"Il mio addio a LaC. Perch\u00e8 vado via e chi mi ha voluto fuori\\\"\",\"isPartOf\":{\"@id\":\"https:\/\/progettotouring.it\/radiotouring104\/#website\"},\"primaryImageOfPage\":{\"@id\":\"https:\/\/progettotouring.it\/radiotouring104\/2024\/01\/03\/pasquale-motta-il-mio-addio-a-lac-ecco-perche-vado-via-e-chi-mi-ha-voluto-fuori\/#primaryimage\"},\"image\":{\"@id\":\"https:\/\/progettotouring.it\/radiotouring104\/2024\/01\/03\/pasquale-motta-il-mio-addio-a-lac-ecco-perche-vado-via-e-chi-mi-ha-voluto-fuori\/#primaryimage\"},\"thumbnailUrl\":\"https:\/\/progettotouring.it\/radiotouring104\/wp-content\/uploads\/sites\/6\/2024\/01\/Pasquale-Motta.jpg\",\"datePublished\":\"2024-01-03T10:34:09+00:00\",\"dateModified\":\"2024-01-03T11:13:43+00:00\",\"description\":\"Riceviamo e pubblichiamo il durissimo comunicato dell'ex giornalista di LaC in cui argomenta la vicenda che l'ha portato alle dimissioni\",\"breadcrumb\":{\"@id\":\"https:\/\/progettotouring.it\/radiotouring104\/2024\/01\/03\/pasquale-motta-il-mio-addio-a-lac-ecco-perche-vado-via-e-chi-mi-ha-voluto-fuori\/#breadcrumb\"},\"inLanguage\":\"it-IT\",\"potentialAction\":[{\"@type\":\"ReadAction\",\"target\":[\"https:\/\/progettotouring.it\/radiotouring104\/2024\/01\/03\/pasquale-motta-il-mio-addio-a-lac-ecco-perche-vado-via-e-chi-mi-ha-voluto-fuori\/\"]}]},{\"@type\":\"ImageObject\",\"inLanguage\":\"it-IT\",\"@id\":\"https:\/\/progettotouring.it\/radiotouring104\/2024\/01\/03\/pasquale-motta-il-mio-addio-a-lac-ecco-perche-vado-via-e-chi-mi-ha-voluto-fuori\/#primaryimage\",\"url\":\"https:\/\/progettotouring.it\/radiotouring104\/wp-content\/uploads\/sites\/6\/2024\/01\/Pasquale-Motta.jpg\",\"contentUrl\":\"https:\/\/progettotouring.it\/radiotouring104\/wp-content\/uploads\/sites\/6\/2024\/01\/Pasquale-Motta.jpg\",\"width\":670,\"height\":325},{\"@type\":\"BreadcrumbList\",\"@id\":\"https:\/\/progettotouring.it\/radiotouring104\/2024\/01\/03\/pasquale-motta-il-mio-addio-a-lac-ecco-perche-vado-via-e-chi-mi-ha-voluto-fuori\/#breadcrumb\",\"itemListElement\":[{\"@type\":\"ListItem\",\"position\":1,\"name\":\"Home\",\"item\":\"https:\/\/progettotouring.it\/radiotouring104\/\"},{\"@type\":\"ListItem\",\"position\":2,\"name\":\"Pasquale Motta: &#8220;Il mio addio a LaC. Ecco perch\u00e8 vado via e chi mi ha voluto fuori&#8221;\"}]},{\"@type\":\"WebSite\",\"@id\":\"https:\/\/progettotouring.it\/radiotouring104\/#website\",\"url\":\"https:\/\/progettotouring.it\/radiotouring104\/\",\"name\":\"Radio Touring 104\",\"description\":\"La prima radio Reggina\",\"publisher\":{\"@id\":\"https:\/\/progettotouring.it\/radiotouring104\/#organization\"},\"potentialAction\":[{\"@type\":\"SearchAction\",\"target\":{\"@type\":\"EntryPoint\",\"urlTemplate\":\"https:\/\/progettotouring.it\/radiotouring104\/?s={search_term_string}\"},\"query-input\":{\"@type\":\"PropertyValueSpecification\",\"valueRequired\":true,\"valueName\":\"search_term_string\"}}],\"inLanguage\":\"it-IT\"},{\"@type\":\"Organization\",\"@id\":\"https:\/\/progettotouring.it\/radiotouring104\/#organization\",\"name\":\"Radio Touring 104\",\"url\":\"https:\/\/progettotouring.it\/radiotouring104\/\",\"logo\":{\"@type\":\"ImageObject\",\"inLanguage\":\"it-IT\",\"@id\":\"https:\/\/progettotouring.it\/radiotouring104\/#\/schema\/logo\/image\/\",\"url\":\"https:\/\/progettotouring.it\/radiotouring104\/wp-content\/uploads\/sites\/6\/2022\/02\/cropped-logo-radio-touring-104.png\",\"contentUrl\":\"https:\/\/progettotouring.it\/radiotouring104\/wp-content\/uploads\/sites\/6\/2022\/02\/cropped-logo-radio-touring-104.png\",\"width\":377,\"height\":182,\"caption\":\"Radio Touring 104\"},\"image\":{\"@id\":\"https:\/\/progettotouring.it\/radiotouring104\/#\/schema\/logo\/image\/\"}},{\"@type\":\"Person\",\"@id\":\"https:\/\/progettotouring.it\/radiotouring104\/#\/schema\/person\/78613917f1851f041f7483f5af1d422e\",\"name\":\"Sebastiano Plutino\",\"image\":{\"@type\":\"ImageObject\",\"inLanguage\":\"it-IT\",\"@id\":\"https:\/\/secure.gravatar.com\/avatar\/0546ffaa9b79224faf9f2a156b67a529ae861d3287c66c1d8ccfdf909bcba78d?s=96&d=mm&r=g\",\"url\":\"https:\/\/secure.gravatar.com\/avatar\/0546ffaa9b79224faf9f2a156b67a529ae861d3287c66c1d8ccfdf909bcba78d?s=96&d=mm&r=g\",\"contentUrl\":\"https:\/\/secure.gravatar.com\/avatar\/0546ffaa9b79224faf9f2a156b67a529ae861d3287c66c1d8ccfdf909bcba78d?s=96&d=mm&r=g\",\"caption\":\"Sebastiano Plutino\"},\"url\":\"https:\/\/progettotouring.it\/radiotouring104\/author\/sebastiano\/\"}]}<\/script>\n<!-- \/ Yoast SEO plugin. -->","yoast_head_json":{"title":"Motta: \"Il mio addio a LaC. Perch\u00e8 vado via e chi mi ha voluto fuori\"","description":"Riceviamo e pubblichiamo il durissimo comunicato dell'ex giornalista di LaC in cui argomenta la vicenda che l'ha portato alle dimissioni","robots":{"index":"index","follow":"follow","max-snippet":"max-snippet:-1","max-image-preview":"max-image-preview:large","max-video-preview":"max-video-preview:-1"},"canonical":"https:\/\/progettotouring.it\/radiotouring104\/2024\/01\/03\/pasquale-motta-il-mio-addio-a-lac-ecco-perche-vado-via-e-chi-mi-ha-voluto-fuori\/","og_locale":"it_IT","og_type":"article","og_title":"Motta: \"Il mio addio a LaC. Perch\u00e8 vado via e chi mi ha voluto fuori\"","og_description":"Riceviamo e pubblichiamo il durissimo comunicato dell'ex giornalista di LaC in cui argomenta la vicenda che l'ha portato alle dimissioni","og_url":"https:\/\/progettotouring.it\/radiotouring104\/2024\/01\/03\/pasquale-motta-il-mio-addio-a-lac-ecco-perche-vado-via-e-chi-mi-ha-voluto-fuori\/","og_site_name":"Radio Touring 104","article_published_time":"2024-01-03T10:34:09+00:00","article_modified_time":"2024-01-03T11:13:43+00:00","og_image":[{"width":670,"height":325,"url":"https:\/\/progettotouring.it\/radiotouring104\/wp-content\/uploads\/sites\/6\/2024\/01\/Pasquale-Motta.jpg","type":"image\/jpeg"}],"author":"Sebastiano Plutino","twitter_card":"summary_large_image","twitter_misc":{"Scritto da":"Sebastiano Plutino","Tempo di lettura stimato":"6 minuti"},"schema":{"@context":"https:\/\/schema.org","@graph":[{"@type":"Article","@id":"https:\/\/progettotouring.it\/radiotouring104\/2024\/01\/03\/pasquale-motta-il-mio-addio-a-lac-ecco-perche-vado-via-e-chi-mi-ha-voluto-fuori\/#article","isPartOf":{"@id":"https:\/\/progettotouring.it\/radiotouring104\/2024\/01\/03\/pasquale-motta-il-mio-addio-a-lac-ecco-perche-vado-via-e-chi-mi-ha-voluto-fuori\/"},"author":{"name":"Sebastiano Plutino","@id":"https:\/\/progettotouring.it\/radiotouring104\/#\/schema\/person\/78613917f1851f041f7483f5af1d422e"},"headline":"Pasquale Motta: &#8220;Il mio addio a LaC. Ecco perch\u00e8 vado via e chi mi ha voluto fuori&#8221;","datePublished":"2024-01-03T10:34:09+00:00","dateModified":"2024-01-03T11:13:43+00:00","mainEntityOfPage":{"@id":"https:\/\/progettotouring.it\/radiotouring104\/2024\/01\/03\/pasquale-motta-il-mio-addio-a-lac-ecco-perche-vado-via-e-chi-mi-ha-voluto-fuori\/"},"wordCount":1302,"publisher":{"@id":"https:\/\/progettotouring.it\/radiotouring104\/#organization"},"image":{"@id":"https:\/\/progettotouring.it\/radiotouring104\/2024\/01\/03\/pasquale-motta-il-mio-addio-a-lac-ecco-perche-vado-via-e-chi-mi-ha-voluto-fuori\/#primaryimage"},"thumbnailUrl":"https:\/\/progettotouring.it\/radiotouring104\/wp-content\/uploads\/sites\/6\/2024\/01\/Pasquale-Motta.jpg","keywords":["Alessandro Russo","chiusura programma","dimissioni Pasquale Motta","La CNews","Paola Bottero","Pasquale Motta"],"articleSection":["Calabria","Home","News"],"inLanguage":"it-IT"},{"@type":"WebPage","@id":"https:\/\/progettotouring.it\/radiotouring104\/2024\/01\/03\/pasquale-motta-il-mio-addio-a-lac-ecco-perche-vado-via-e-chi-mi-ha-voluto-fuori\/","url":"https:\/\/progettotouring.it\/radiotouring104\/2024\/01\/03\/pasquale-motta-il-mio-addio-a-lac-ecco-perche-vado-via-e-chi-mi-ha-voluto-fuori\/","name":"Motta: \"Il mio addio a LaC. Perch\u00e8 vado via e chi mi ha voluto fuori\"","isPartOf":{"@id":"https:\/\/progettotouring.it\/radiotouring104\/#website"},"primaryImageOfPage":{"@id":"https:\/\/progettotouring.it\/radiotouring104\/2024\/01\/03\/pasquale-motta-il-mio-addio-a-lac-ecco-perche-vado-via-e-chi-mi-ha-voluto-fuori\/#primaryimage"},"image":{"@id":"https:\/\/progettotouring.it\/radiotouring104\/2024\/01\/03\/pasquale-motta-il-mio-addio-a-lac-ecco-perche-vado-via-e-chi-mi-ha-voluto-fuori\/#primaryimage"},"thumbnailUrl":"https:\/\/progettotouring.it\/radiotouring104\/wp-content\/uploads\/sites\/6\/2024\/01\/Pasquale-Motta.jpg","datePublished":"2024-01-03T10:34:09+00:00","dateModified":"2024-01-03T11:13:43+00:00","description":"Riceviamo e pubblichiamo il durissimo comunicato dell'ex giornalista di LaC in cui argomenta la vicenda che l'ha portato alle dimissioni","breadcrumb":{"@id":"https:\/\/progettotouring.it\/radiotouring104\/2024\/01\/03\/pasquale-motta-il-mio-addio-a-lac-ecco-perche-vado-via-e-chi-mi-ha-voluto-fuori\/#breadcrumb"},"inLanguage":"it-IT","potentialAction":[{"@type":"ReadAction","target":["https:\/\/progettotouring.it\/radiotouring104\/2024\/01\/03\/pasquale-motta-il-mio-addio-a-lac-ecco-perche-vado-via-e-chi-mi-ha-voluto-fuori\/"]}]},{"@type":"ImageObject","inLanguage":"it-IT","@id":"https:\/\/progettotouring.it\/radiotouring104\/2024\/01\/03\/pasquale-motta-il-mio-addio-a-lac-ecco-perche-vado-via-e-chi-mi-ha-voluto-fuori\/#primaryimage","url":"https:\/\/progettotouring.it\/radiotouring104\/wp-content\/uploads\/sites\/6\/2024\/01\/Pasquale-Motta.jpg","contentUrl":"https:\/\/progettotouring.it\/radiotouring104\/wp-content\/uploads\/sites\/6\/2024\/01\/Pasquale-Motta.jpg","width":670,"height":325},{"@type":"BreadcrumbList","@id":"https:\/\/progettotouring.it\/radiotouring104\/2024\/01\/03\/pasquale-motta-il-mio-addio-a-lac-ecco-perche-vado-via-e-chi-mi-ha-voluto-fuori\/#breadcrumb","itemListElement":[{"@type":"ListItem","position":1,"name":"Home","item":"https:\/\/progettotouring.it\/radiotouring104\/"},{"@type":"ListItem","position":2,"name":"Pasquale Motta: &#8220;Il mio addio a LaC. Ecco perch\u00e8 vado via e chi mi ha voluto fuori&#8221;"}]},{"@type":"WebSite","@id":"https:\/\/progettotouring.it\/radiotouring104\/#website","url":"https:\/\/progettotouring.it\/radiotouring104\/","name":"Radio Touring 104","description":"La prima radio Reggina","publisher":{"@id":"https:\/\/progettotouring.it\/radiotouring104\/#organization"},"potentialAction":[{"@type":"SearchAction","target":{"@type":"EntryPoint","urlTemplate":"https:\/\/progettotouring.it\/radiotouring104\/?s={search_term_string}"},"query-input":{"@type":"PropertyValueSpecification","valueRequired":true,"valueName":"search_term_string"}}],"inLanguage":"it-IT"},{"@type":"Organization","@id":"https:\/\/progettotouring.it\/radiotouring104\/#organization","name":"Radio Touring 104","url":"https:\/\/progettotouring.it\/radiotouring104\/","logo":{"@type":"ImageObject","inLanguage":"it-IT","@id":"https:\/\/progettotouring.it\/radiotouring104\/#\/schema\/logo\/image\/","url":"https:\/\/progettotouring.it\/radiotouring104\/wp-content\/uploads\/sites\/6\/2022\/02\/cropped-logo-radio-touring-104.png","contentUrl":"https:\/\/progettotouring.it\/radiotouring104\/wp-content\/uploads\/sites\/6\/2022\/02\/cropped-logo-radio-touring-104.png","width":377,"height":182,"caption":"Radio Touring 104"},"image":{"@id":"https:\/\/progettotouring.it\/radiotouring104\/#\/schema\/logo\/image\/"}},{"@type":"Person","@id":"https:\/\/progettotouring.it\/radiotouring104\/#\/schema\/person\/78613917f1851f041f7483f5af1d422e","name":"Sebastiano Plutino","image":{"@type":"ImageObject","inLanguage":"it-IT","@id":"https:\/\/secure.gravatar.com\/avatar\/0546ffaa9b79224faf9f2a156b67a529ae861d3287c66c1d8ccfdf909bcba78d?s=96&d=mm&r=g","url":"https:\/\/secure.gravatar.com\/avatar\/0546ffaa9b79224faf9f2a156b67a529ae861d3287c66c1d8ccfdf909bcba78d?s=96&d=mm&r=g","contentUrl":"https:\/\/secure.gravatar.com\/avatar\/0546ffaa9b79224faf9f2a156b67a529ae861d3287c66c1d8ccfdf909bcba78d?s=96&d=mm&r=g","caption":"Sebastiano Plutino"},"url":"https:\/\/progettotouring.it\/radiotouring104\/author\/sebastiano\/"}]}},"jetpack_publicize_connections":[],"jetpack_featured_media_url":"https:\/\/progettotouring.it\/radiotouring104\/wp-content\/uploads\/sites\/6\/2024\/01\/Pasquale-Motta.jpg","jetpack_sharing_enabled":true,"_links":{"self":[{"href":"https:\/\/progettotouring.it\/radiotouring104\/wp-json\/wp\/v2\/posts\/42046","targetHints":{"allow":["GET"]}}],"collection":[{"href":"https:\/\/progettotouring.it\/radiotouring104\/wp-json\/wp\/v2\/posts"}],"about":[{"href":"https:\/\/progettotouring.it\/radiotouring104\/wp-json\/wp\/v2\/types\/post"}],"author":[{"embeddable":true,"href":"https:\/\/progettotouring.it\/radiotouring104\/wp-json\/wp\/v2\/users\/12"}],"replies":[{"embeddable":true,"href":"https:\/\/progettotouring.it\/radiotouring104\/wp-json\/wp\/v2\/comments?post=42046"}],"version-history":[{"count":3,"href":"https:\/\/progettotouring.it\/radiotouring104\/wp-json\/wp\/v2\/posts\/42046\/revisions"}],"predecessor-version":[{"id":42055,"href":"https:\/\/progettotouring.it\/radiotouring104\/wp-json\/wp\/v2\/posts\/42046\/revisions\/42055"}],"wp:featuredmedia":[{"embeddable":true,"href":"https:\/\/progettotouring.it\/radiotouring104\/wp-json\/wp\/v2\/media\/42047"}],"wp:attachment":[{"href":"https:\/\/progettotouring.it\/radiotouring104\/wp-json\/wp\/v2\/media?parent=42046"}],"wp:term":[{"taxonomy":"category","embeddable":true,"href":"https:\/\/progettotouring.it\/radiotouring104\/wp-json\/wp\/v2\/categories?post=42046"},{"taxonomy":"post_tag","embeddable":true,"href":"https:\/\/progettotouring.it\/radiotouring104\/wp-json\/wp\/v2\/tags?post=42046"}],"curies":[{"name":"wp","href":"https:\/\/api.w.org\/{rel}","templated":true}]}}