{"id":42078,"date":"2024-01-04T09:51:15","date_gmt":"2024-01-04T08:51:15","guid":{"rendered":"https:\/\/progettotouring.it\/radiotouring104\/?p=42078"},"modified":"2024-01-04T09:51:15","modified_gmt":"2024-01-04T08:51:15","slug":"gom-morto-il-fondatore-del-reparto-di-neonatologia-dr-nicolo","status":"publish","type":"post","link":"https:\/\/progettotouring.it\/radiotouring104\/2024\/01\/04\/gom-morto-il-fondatore-del-reparto-di-neonatologia-dr-nicolo\/","title":{"rendered":"GOM: morto il fondatore del reparto di Neonatologia, Dr. Nicolo."},"content":{"rendered":"<div>\n<p style=\"text-align: justify\">E&#8217; venuto a mancare il dott. Nino Nicol\u00f2, ex fondatore e primario del reparto di Neonatologia del Grande Ospedale Metropolitano <em>&#8220;Bianchi Melacrino Morelli&#8221; di Reggio Calabria. Pubblichiamo il Cordoglio del Gom, Sindaco Falcomat\u00e0 e Consigliere Comunale Ripepi. I funerali oggi alle 15, chiesa di S. Giorgio al Corso:<\/em><\/p>\n<h3 style=\"text-align: justify\"><\/h3>\n<h3 style=\"text-align: justify\">Il cordoglio del Grande Ospedale <em>Metropolitano &#8220;Bianchi Melacrino Morelli&#8221; <\/em><\/h3>\n<p style=\"text-align: justify\"><em>&#8220;Il Grande Ospedale Metropolitano &#8220;Bianchi Melacrino Morelli&#8221; di Reggio Calabria esprime il pi\u00f9 profondo cordoglio e la pi\u00f9 sincera vicinanza ai familiari del dr. Nino Nicol\u00f2, gi\u00e0 primario della Neonatologia di questo Ospedale.<\/em><\/p>\n<p style=\"text-align: justify\"><em>Al dr. Nicol\u00f2, in occasione del concerto di fine anno del 30 dicembre, il G.O.M. ha conferito una riconoscimento alla carriera con la seguente motivazione: \u201cHa contribuito in modo importante a porre le basi, negli anni \u201970, ed a sviluppare la Neonatologia, specialit\u00e0 all\u2019epoca quasi sconosciuta, allevando con grande competenza e garbo i professionisti che oggi continuano la sua opera caratterizzata dalla grande umanit\u00e0 cui ha sempre improntato il suo rapporto con i familiari dei piccoli pazienti, elemento essenziale nell\u2019attivit\u00e0 diagnostica e terapeutica\u201d.<\/em><\/p>\n<p style=\"text-align: justify\"><strong>Ieri mattina, il Collegio di Direzione del G.O.M.,<\/strong> convocato in seduta straordinaria, al fine di rendere omaggio all\u2019illustre Collega, <strong>ha disposto che venga allestita la camera ardente nella Aula \u201cSpinelli\u201d del presidio \u201cRiuniti\u201d, che \u00e8 stata aperta ieri fino alle 20.00, e oggi dalle 9.00 alle 13.00.<\/strong><br \/>\n<strong>I funerali si terranno domani, 4 gennaio, alle ore 15.00, alla Chiesa di San Giorgio al Corso.<\/strong><\/p>\n<\/div>\n<p style=\"text-align: justify\">\n<h4 style=\"text-align: justify\">Il Cordoglio del Sindaco Metropolitano di Reggio Calabria, Giuseppe Falcomat\u00e0 per la scomparsa del dr. Nino Nicol\u00f2:<\/h4>\n<div style=\"text-align: justify\"><\/div>\n<div style=\"text-align: justify\"><em>&#8220;Angelo salvifico per migliaia di neonati che devono la vita alla sua professionalit\u00e0 ed alla sua straordinaria dedizione alla cura del prossimo&#8221;<\/em><\/p>\n<p><em>&#8220;L&#8217;intera cittadinanza di Reggio Calabria piange addolorata la scomparsa del Dottor Antonino Nicol\u00f2, il medico dei bambini, storico fondatore e primario del reparto di Neonatologia agli Ospedali Riuniti di Reggio Calabria, oggi Grande Ospedale Metropolitano, per decenni pilastro insostituibile di una delle eccellenze della sanit\u00e0 cittadina e regionale&#8221;<\/em>. <strong>Cos\u00ec in una nota il sindaco di Reggio Calabria Giuseppe Falcomat\u00e0 esprime sentimenti di cordoglio per la scomparsa del medico reggino.<\/strong><\/p>\n<p><em>&#8220;In pensione da qualche anno<\/em> &#8211;<strong> ha continuato il Sindaco<\/strong> &#8211; <em>il Dottore Nicol\u00f2 \u00e8 stato per lungo tempo un riferimento della comunit\u00e0 medica e scientifica, non solo a Reggio Calabria, ma in tutta Italia. Medico illuminato, attento ricercatore, capace di unire la sua straordinaria esperienza alla capacit\u00e0 di innovare, utilizzando al meglio le pi\u00f9 moderne tecnologie al servizio della medicina sui neonati. Negli ultimi decenni Nicol\u00f2 \u00e8 stato un vero e proprio modello per generazioni di medici che si sono avvicendati nel reparto da lui fondato, attingendo alle competenza, alla professionalit\u00e0 ed alla straordinaria umanit\u00e0 che il primario aveva acquisito nel corso della sua lunga e brillante carriera scientifica. Recentemente era stato insignito dal Gom di un riconoscimento alla carriera, che rimane un segno indelebile dell&#8217;enorme affetto che la comunit\u00e0 reggina ha sempre tributato nei suoi confronti&#8221;.<\/em><\/div>\n<div style=\"text-align: justify\">\n<em>&#8220;Alla sua famiglia e a quanti in questi decenni hanno avuto la fortuna di incontrarlo nel corso della sua attivit\u00e0 giungano sentimenti di sincero cordoglio da parte delle Amministrazioni comunale e metropolitana. Reggio Calabria &#8211; conclude il sindaco &#8211; non dimenticher\u00e0 l&#8217;esempio di un uomo che ha saputo fare del suo lavoro una vera e propria missione. Da sempre al servizio della sua comunit\u00e0, angelo salvifico per migliaia di neonati che devono la loro vita alla sua professionalit\u00e0 ed alla sua straordinaria dedizione alla cura del prossimo&#8221;.<\/em><\/p>\n<div><\/div>\n<\/div>\n<div style=\"text-align: justify\"><\/div>\n<h5 style=\"text-align: justify\"><b>Il cordoglio del Consigliere Massimo Ripepi: &#8220;Nin\u00ec Nicol\u00f2 uomo, rheggino e medico unico e inimitabile.&#8221;<\/b><\/h5>\n<div>\n<div class=\"msg-view-text-cnt\" style=\"text-align: justify\">\n<div class=\"xam_msg_class\">\n<div dir=\"ltr\">\n<p class=\"xmprfx_MsoNormal\">\u201c<i>Non avrei mai voluto scrivere queste righe di cordoglio e di commiato perch\u00e9 per tutti noi che l\u2019abbiamo conosciuto e amato, il Dott. Nino Nicol\u00f2, o Nin\u00ec come lo chiamavamo, ha rappresentato un punto di riferimento stabile e sempre presente, unico e inimitabile. Non esisteva ora del giorno e della notte che, nonostante in pensione da molti anni e con importanti esiti di una grave malattia, non rispondesse al telefono per portare avanti la sua missione di clinico d\u2019eccellenza che ha salvato migliaia di vite non solo di neonati e bambini in et\u00e0 pediatrica. Ci\u00f2 che desidero consegnare a queste righe, non tanto di cordoglio quanto di amorevole saluto, \u00e8 piuttosto l\u2019affetto fraterno che ha legato Nin\u00ec a tutta la mia famiglia, fin dal tempo dei giochi di quartiere nella Repubblica di Sbarre con<\/i>\u00a0<i>mio padre Lillo.<\/i><\/p>\n<p class=\"xmprfx_MsoNormal\"><i>Prendiamo tutti esempio dalla vita di Nin\u00ec, uomo, rheggino e sublime professionista, unico e inimitabile, gigante della morale e dell\u2019etica che ha dedicato ai pazienti e al prossimo tutta la sua esistenza.<\/i><\/p>\n<p class=\"xmprfx_MsoNormal\"><i>Ciao Nin\u00ec che il Signore Ges\u00f9 Cristo ti accolga tra le sue braccia, adesso ti potrai riposare nella gioia e nella pace. Ti vogliamo bene e ci mancherai tantissimo.\u201d<\/i><\/p>\n<\/div>\n<\/div>\n<\/div>\n<div class=\"msg-view-attach-preview\">\n<div id=\"uiLogic_webmail__view_AttachmentsImageBlock_2\" class=\"attachmentsBlock\" style=\"text-align: justify\" role=\"group\"><\/div>\n<\/div>\n<\/div>\n","protected":false},"excerpt":{"rendered":"<p>E&#8217; venuto a mancare il dott. Nino Nicol\u00f2, ex fondatore e primario del reparto di Neonatologia del Grande Ospedale Metropolitano &#8220;Bianchi Melacrino Morelli&#8221; di Reggio Calabria. Pubblichiamo il Cordoglio del&hellip;<\/p>\n","protected":false},"author":12,"featured_media":7669,"comment_status":"closed","ping_status":"open","sticky":false,"template":"","format":"standard","meta":{"_jetpack_memberships_contains_paid_content":false,"footnotes":"","jetpack_publicize_message":"","jetpack_publicize_feature_enabled":true,"jetpack_social_post_already_shared":false,"jetpack_social_options":{"image_generator_settings":{"template":"highway","default_image_id":0,"font":"","enabled":false},"version":2}},"categories":[921,196,140],"tags":[26009,812,700,808,26007,26008],"class_list":["post-42078","post","type-post","status-publish","format-standard","has-post-thumbnail","hentry","category-home","category-news","category-reggio-calabria","tag-fondatore-reparto-neonatologia-gom","tag-giuseppe-falcomata","tag-grande-ospedale-metropolitano","tag-massimo-ripepi","tag-morte-dott-nino-nicolo","tag-reparto-neonatologia"],"yoast_head":"<!-- This site is optimized with the Yoast SEO plugin v27.2 - https:\/\/yoast.com\/product\/yoast-seo-wordpress\/ -->\n<title>GOM: morto il fondatore del reparto di Neonatologia, Dr. Nicolo.<\/title>\n<meta name=\"description\" content=\"Cordoglio dell&#039;Ospedale Metropolitano, Falcomat\u00e0 e Ripepi per scomparsa ex Primario. I funerali oggi alle 15, chiesa di S. Giorgio al Corso\" \/>\n<meta name=\"robots\" content=\"index, follow, max-snippet:-1, max-image-preview:large, max-video-preview:-1\" \/>\n<link rel=\"canonical\" href=\"https:\/\/progettotouring.it\/radiotouring104\/2024\/01\/04\/gom-morto-il-fondatore-del-reparto-di-neonatologia-dr-nicolo\/\" \/>\n<meta property=\"og:locale\" content=\"it_IT\" \/>\n<meta property=\"og:type\" content=\"article\" \/>\n<meta property=\"og:title\" content=\"GOM: morto il fondatore del reparto di Neonatologia, Dr. Nicolo.\" \/>\n<meta property=\"og:description\" content=\"Cordoglio dell&#039;Ospedale Metropolitano, Falcomat\u00e0 e Ripepi per scomparsa ex Primario. I funerali oggi alle 15, chiesa di S. Giorgio al Corso\" \/>\n<meta property=\"og:url\" content=\"https:\/\/progettotouring.it\/radiotouring104\/2024\/01\/04\/gom-morto-il-fondatore-del-reparto-di-neonatologia-dr-nicolo\/\" \/>\n<meta property=\"og:site_name\" content=\"Radio Touring 104\" \/>\n<meta property=\"article:published_time\" content=\"2024-01-04T08:51:15+00:00\" \/>\n<meta property=\"og:image\" content=\"https:\/\/progettotouring.it\/radiotouring104\/wp-content\/uploads\/sites\/6\/2022\/07\/gom-rc.jpg\" \/>\n\t<meta property=\"og:image:width\" content=\"927\" \/>\n\t<meta property=\"og:image:height\" content=\"565\" \/>\n\t<meta property=\"og:image:type\" content=\"image\/jpeg\" \/>\n<meta name=\"author\" content=\"Sebastiano Plutino\" \/>\n<meta name=\"twitter:card\" content=\"summary_large_image\" \/>\n<meta name=\"twitter:label1\" content=\"Scritto da\" \/>\n\t<meta name=\"twitter:data1\" content=\"Sebastiano Plutino\" \/>\n\t<meta name=\"twitter:label2\" content=\"Tempo di lettura stimato\" \/>\n\t<meta name=\"twitter:data2\" content=\"4 minuti\" \/>\n<script type=\"application\/ld+json\" class=\"yoast-schema-graph\">{\"@context\":\"https:\/\/schema.org\",\"@graph\":[{\"@type\":\"Article\",\"@id\":\"https:\/\/progettotouring.it\/radiotouring104\/2024\/01\/04\/gom-morto-il-fondatore-del-reparto-di-neonatologia-dr-nicolo\/#article\",\"isPartOf\":{\"@id\":\"https:\/\/progettotouring.it\/radiotouring104\/2024\/01\/04\/gom-morto-il-fondatore-del-reparto-di-neonatologia-dr-nicolo\/\"},\"author\":{\"name\":\"Sebastiano Plutino\",\"@id\":\"https:\/\/progettotouring.it\/radiotouring104\/#\/schema\/person\/78613917f1851f041f7483f5af1d422e\"},\"headline\":\"GOM: morto il fondatore del reparto di Neonatologia, Dr. Nicolo.\",\"datePublished\":\"2024-01-04T08:51:15+00:00\",\"mainEntityOfPage\":{\"@id\":\"https:\/\/progettotouring.it\/radiotouring104\/2024\/01\/04\/gom-morto-il-fondatore-del-reparto-di-neonatologia-dr-nicolo\/\"},\"wordCount\":792,\"publisher\":{\"@id\":\"https:\/\/progettotouring.it\/radiotouring104\/#organization\"},\"image\":{\"@id\":\"https:\/\/progettotouring.it\/radiotouring104\/2024\/01\/04\/gom-morto-il-fondatore-del-reparto-di-neonatologia-dr-nicolo\/#primaryimage\"},\"thumbnailUrl\":\"https:\/\/progettotouring.it\/radiotouring104\/wp-content\/uploads\/sites\/6\/2022\/07\/gom-rc.jpg\",\"keywords\":[\"fondatore reparto Neonatologia Gom\",\"Giuseppe Falcomat\u00e0\",\"Grande ospedale metropolitano\",\"Massimo Ripepi\",\"morte dott. Nino Nicol\u00f2\",\"Reparto Neonatologia\"],\"articleSection\":[\"Home\",\"News\",\"Reggio Calabria\"],\"inLanguage\":\"it-IT\"},{\"@type\":\"WebPage\",\"@id\":\"https:\/\/progettotouring.it\/radiotouring104\/2024\/01\/04\/gom-morto-il-fondatore-del-reparto-di-neonatologia-dr-nicolo\/\",\"url\":\"https:\/\/progettotouring.it\/radiotouring104\/2024\/01\/04\/gom-morto-il-fondatore-del-reparto-di-neonatologia-dr-nicolo\/\",\"name\":\"GOM: morto il fondatore del reparto di Neonatologia, Dr. Nicolo.\",\"isPartOf\":{\"@id\":\"https:\/\/progettotouring.it\/radiotouring104\/#website\"},\"primaryImageOfPage\":{\"@id\":\"https:\/\/progettotouring.it\/radiotouring104\/2024\/01\/04\/gom-morto-il-fondatore-del-reparto-di-neonatologia-dr-nicolo\/#primaryimage\"},\"image\":{\"@id\":\"https:\/\/progettotouring.it\/radiotouring104\/2024\/01\/04\/gom-morto-il-fondatore-del-reparto-di-neonatologia-dr-nicolo\/#primaryimage\"},\"thumbnailUrl\":\"https:\/\/progettotouring.it\/radiotouring104\/wp-content\/uploads\/sites\/6\/2022\/07\/gom-rc.jpg\",\"datePublished\":\"2024-01-04T08:51:15+00:00\",\"description\":\"Cordoglio dell'Ospedale Metropolitano, Falcomat\u00e0 e Ripepi per scomparsa ex Primario. I funerali oggi alle 15, chiesa di S. Giorgio al Corso\",\"breadcrumb\":{\"@id\":\"https:\/\/progettotouring.it\/radiotouring104\/2024\/01\/04\/gom-morto-il-fondatore-del-reparto-di-neonatologia-dr-nicolo\/#breadcrumb\"},\"inLanguage\":\"it-IT\",\"potentialAction\":[{\"@type\":\"ReadAction\",\"target\":[\"https:\/\/progettotouring.it\/radiotouring104\/2024\/01\/04\/gom-morto-il-fondatore-del-reparto-di-neonatologia-dr-nicolo\/\"]}]},{\"@type\":\"ImageObject\",\"inLanguage\":\"it-IT\",\"@id\":\"https:\/\/progettotouring.it\/radiotouring104\/2024\/01\/04\/gom-morto-il-fondatore-del-reparto-di-neonatologia-dr-nicolo\/#primaryimage\",\"url\":\"https:\/\/progettotouring.it\/radiotouring104\/wp-content\/uploads\/sites\/6\/2022\/07\/gom-rc.jpg\",\"contentUrl\":\"https:\/\/progettotouring.it\/radiotouring104\/wp-content\/uploads\/sites\/6\/2022\/07\/gom-rc.jpg\",\"width\":927,\"height\":565},{\"@type\":\"BreadcrumbList\",\"@id\":\"https:\/\/progettotouring.it\/radiotouring104\/2024\/01\/04\/gom-morto-il-fondatore-del-reparto-di-neonatologia-dr-nicolo\/#breadcrumb\",\"itemListElement\":[{\"@type\":\"ListItem\",\"position\":1,\"name\":\"Home\",\"item\":\"https:\/\/progettotouring.it\/radiotouring104\/\"},{\"@type\":\"ListItem\",\"position\":2,\"name\":\"GOM: morto il fondatore del reparto di Neonatologia, Dr. Nicolo.\"}]},{\"@type\":\"WebSite\",\"@id\":\"https:\/\/progettotouring.it\/radiotouring104\/#website\",\"url\":\"https:\/\/progettotouring.it\/radiotouring104\/\",\"name\":\"Radio Touring 104\",\"description\":\"La prima radio Reggina\",\"publisher\":{\"@id\":\"https:\/\/progettotouring.it\/radiotouring104\/#organization\"},\"potentialAction\":[{\"@type\":\"SearchAction\",\"target\":{\"@type\":\"EntryPoint\",\"urlTemplate\":\"https:\/\/progettotouring.it\/radiotouring104\/?s={search_term_string}\"},\"query-input\":{\"@type\":\"PropertyValueSpecification\",\"valueRequired\":true,\"valueName\":\"search_term_string\"}}],\"inLanguage\":\"it-IT\"},{\"@type\":\"Organization\",\"@id\":\"https:\/\/progettotouring.it\/radiotouring104\/#organization\",\"name\":\"Radio Touring 104\",\"url\":\"https:\/\/progettotouring.it\/radiotouring104\/\",\"logo\":{\"@type\":\"ImageObject\",\"inLanguage\":\"it-IT\",\"@id\":\"https:\/\/progettotouring.it\/radiotouring104\/#\/schema\/logo\/image\/\",\"url\":\"https:\/\/progettotouring.it\/radiotouring104\/wp-content\/uploads\/sites\/6\/2022\/02\/cropped-logo-radio-touring-104.png\",\"contentUrl\":\"https:\/\/progettotouring.it\/radiotouring104\/wp-content\/uploads\/sites\/6\/2022\/02\/cropped-logo-radio-touring-104.png\",\"width\":377,\"height\":182,\"caption\":\"Radio Touring 104\"},\"image\":{\"@id\":\"https:\/\/progettotouring.it\/radiotouring104\/#\/schema\/logo\/image\/\"}},{\"@type\":\"Person\",\"@id\":\"https:\/\/progettotouring.it\/radiotouring104\/#\/schema\/person\/78613917f1851f041f7483f5af1d422e\",\"name\":\"Sebastiano Plutino\",\"image\":{\"@type\":\"ImageObject\",\"inLanguage\":\"it-IT\",\"@id\":\"https:\/\/secure.gravatar.com\/avatar\/0546ffaa9b79224faf9f2a156b67a529ae861d3287c66c1d8ccfdf909bcba78d?s=96&d=mm&r=g\",\"url\":\"https:\/\/secure.gravatar.com\/avatar\/0546ffaa9b79224faf9f2a156b67a529ae861d3287c66c1d8ccfdf909bcba78d?s=96&d=mm&r=g\",\"contentUrl\":\"https:\/\/secure.gravatar.com\/avatar\/0546ffaa9b79224faf9f2a156b67a529ae861d3287c66c1d8ccfdf909bcba78d?s=96&d=mm&r=g\",\"caption\":\"Sebastiano Plutino\"},\"url\":\"https:\/\/progettotouring.it\/radiotouring104\/author\/sebastiano\/\"}]}<\/script>\n<!-- \/ Yoast SEO plugin. -->","yoast_head_json":{"title":"GOM: morto il fondatore del reparto di Neonatologia, Dr. Nicolo.","description":"Cordoglio dell'Ospedale Metropolitano, Falcomat\u00e0 e Ripepi per scomparsa ex Primario. I funerali oggi alle 15, chiesa di S. Giorgio al Corso","robots":{"index":"index","follow":"follow","max-snippet":"max-snippet:-1","max-image-preview":"max-image-preview:large","max-video-preview":"max-video-preview:-1"},"canonical":"https:\/\/progettotouring.it\/radiotouring104\/2024\/01\/04\/gom-morto-il-fondatore-del-reparto-di-neonatologia-dr-nicolo\/","og_locale":"it_IT","og_type":"article","og_title":"GOM: morto il fondatore del reparto di Neonatologia, Dr. Nicolo.","og_description":"Cordoglio dell'Ospedale Metropolitano, Falcomat\u00e0 e Ripepi per scomparsa ex Primario. I funerali oggi alle 15, chiesa di S. Giorgio al Corso","og_url":"https:\/\/progettotouring.it\/radiotouring104\/2024\/01\/04\/gom-morto-il-fondatore-del-reparto-di-neonatologia-dr-nicolo\/","og_site_name":"Radio Touring 104","article_published_time":"2024-01-04T08:51:15+00:00","og_image":[{"width":927,"height":565,"url":"https:\/\/progettotouring.it\/radiotouring104\/wp-content\/uploads\/sites\/6\/2022\/07\/gom-rc.jpg","type":"image\/jpeg"}],"author":"Sebastiano Plutino","twitter_card":"summary_large_image","twitter_misc":{"Scritto da":"Sebastiano Plutino","Tempo di lettura stimato":"4 minuti"},"schema":{"@context":"https:\/\/schema.org","@graph":[{"@type":"Article","@id":"https:\/\/progettotouring.it\/radiotouring104\/2024\/01\/04\/gom-morto-il-fondatore-del-reparto-di-neonatologia-dr-nicolo\/#article","isPartOf":{"@id":"https:\/\/progettotouring.it\/radiotouring104\/2024\/01\/04\/gom-morto-il-fondatore-del-reparto-di-neonatologia-dr-nicolo\/"},"author":{"name":"Sebastiano Plutino","@id":"https:\/\/progettotouring.it\/radiotouring104\/#\/schema\/person\/78613917f1851f041f7483f5af1d422e"},"headline":"GOM: morto il fondatore del reparto di Neonatologia, Dr. Nicolo.","datePublished":"2024-01-04T08:51:15+00:00","mainEntityOfPage":{"@id":"https:\/\/progettotouring.it\/radiotouring104\/2024\/01\/04\/gom-morto-il-fondatore-del-reparto-di-neonatologia-dr-nicolo\/"},"wordCount":792,"publisher":{"@id":"https:\/\/progettotouring.it\/radiotouring104\/#organization"},"image":{"@id":"https:\/\/progettotouring.it\/radiotouring104\/2024\/01\/04\/gom-morto-il-fondatore-del-reparto-di-neonatologia-dr-nicolo\/#primaryimage"},"thumbnailUrl":"https:\/\/progettotouring.it\/radiotouring104\/wp-content\/uploads\/sites\/6\/2022\/07\/gom-rc.jpg","keywords":["fondatore reparto Neonatologia Gom","Giuseppe Falcomat\u00e0","Grande ospedale metropolitano","Massimo Ripepi","morte dott. Nino Nicol\u00f2","Reparto Neonatologia"],"articleSection":["Home","News","Reggio Calabria"],"inLanguage":"it-IT"},{"@type":"WebPage","@id":"https:\/\/progettotouring.it\/radiotouring104\/2024\/01\/04\/gom-morto-il-fondatore-del-reparto-di-neonatologia-dr-nicolo\/","url":"https:\/\/progettotouring.it\/radiotouring104\/2024\/01\/04\/gom-morto-il-fondatore-del-reparto-di-neonatologia-dr-nicolo\/","name":"GOM: morto il fondatore del reparto di Neonatologia, Dr. Nicolo.","isPartOf":{"@id":"https:\/\/progettotouring.it\/radiotouring104\/#website"},"primaryImageOfPage":{"@id":"https:\/\/progettotouring.it\/radiotouring104\/2024\/01\/04\/gom-morto-il-fondatore-del-reparto-di-neonatologia-dr-nicolo\/#primaryimage"},"image":{"@id":"https:\/\/progettotouring.it\/radiotouring104\/2024\/01\/04\/gom-morto-il-fondatore-del-reparto-di-neonatologia-dr-nicolo\/#primaryimage"},"thumbnailUrl":"https:\/\/progettotouring.it\/radiotouring104\/wp-content\/uploads\/sites\/6\/2022\/07\/gom-rc.jpg","datePublished":"2024-01-04T08:51:15+00:00","description":"Cordoglio dell'Ospedale Metropolitano, Falcomat\u00e0 e Ripepi per scomparsa ex Primario. I funerali oggi alle 15, chiesa di S. Giorgio al Corso","breadcrumb":{"@id":"https:\/\/progettotouring.it\/radiotouring104\/2024\/01\/04\/gom-morto-il-fondatore-del-reparto-di-neonatologia-dr-nicolo\/#breadcrumb"},"inLanguage":"it-IT","potentialAction":[{"@type":"ReadAction","target":["https:\/\/progettotouring.it\/radiotouring104\/2024\/01\/04\/gom-morto-il-fondatore-del-reparto-di-neonatologia-dr-nicolo\/"]}]},{"@type":"ImageObject","inLanguage":"it-IT","@id":"https:\/\/progettotouring.it\/radiotouring104\/2024\/01\/04\/gom-morto-il-fondatore-del-reparto-di-neonatologia-dr-nicolo\/#primaryimage","url":"https:\/\/progettotouring.it\/radiotouring104\/wp-content\/uploads\/sites\/6\/2022\/07\/gom-rc.jpg","contentUrl":"https:\/\/progettotouring.it\/radiotouring104\/wp-content\/uploads\/sites\/6\/2022\/07\/gom-rc.jpg","width":927,"height":565},{"@type":"BreadcrumbList","@id":"https:\/\/progettotouring.it\/radiotouring104\/2024\/01\/04\/gom-morto-il-fondatore-del-reparto-di-neonatologia-dr-nicolo\/#breadcrumb","itemListElement":[{"@type":"ListItem","position":1,"name":"Home","item":"https:\/\/progettotouring.it\/radiotouring104\/"},{"@type":"ListItem","position":2,"name":"GOM: morto il fondatore del reparto di Neonatologia, Dr. Nicolo."}]},{"@type":"WebSite","@id":"https:\/\/progettotouring.it\/radiotouring104\/#website","url":"https:\/\/progettotouring.it\/radiotouring104\/","name":"Radio Touring 104","description":"La prima radio Reggina","publisher":{"@id":"https:\/\/progettotouring.it\/radiotouring104\/#organization"},"potentialAction":[{"@type":"SearchAction","target":{"@type":"EntryPoint","urlTemplate":"https:\/\/progettotouring.it\/radiotouring104\/?s={search_term_string}"},"query-input":{"@type":"PropertyValueSpecification","valueRequired":true,"valueName":"search_term_string"}}],"inLanguage":"it-IT"},{"@type":"Organization","@id":"https:\/\/progettotouring.it\/radiotouring104\/#organization","name":"Radio Touring 104","url":"https:\/\/progettotouring.it\/radiotouring104\/","logo":{"@type":"ImageObject","inLanguage":"it-IT","@id":"https:\/\/progettotouring.it\/radiotouring104\/#\/schema\/logo\/image\/","url":"https:\/\/progettotouring.it\/radiotouring104\/wp-content\/uploads\/sites\/6\/2022\/02\/cropped-logo-radio-touring-104.png","contentUrl":"https:\/\/progettotouring.it\/radiotouring104\/wp-content\/uploads\/sites\/6\/2022\/02\/cropped-logo-radio-touring-104.png","width":377,"height":182,"caption":"Radio Touring 104"},"image":{"@id":"https:\/\/progettotouring.it\/radiotouring104\/#\/schema\/logo\/image\/"}},{"@type":"Person","@id":"https:\/\/progettotouring.it\/radiotouring104\/#\/schema\/person\/78613917f1851f041f7483f5af1d422e","name":"Sebastiano Plutino","image":{"@type":"ImageObject","inLanguage":"it-IT","@id":"https:\/\/secure.gravatar.com\/avatar\/0546ffaa9b79224faf9f2a156b67a529ae861d3287c66c1d8ccfdf909bcba78d?s=96&d=mm&r=g","url":"https:\/\/secure.gravatar.com\/avatar\/0546ffaa9b79224faf9f2a156b67a529ae861d3287c66c1d8ccfdf909bcba78d?s=96&d=mm&r=g","contentUrl":"https:\/\/secure.gravatar.com\/avatar\/0546ffaa9b79224faf9f2a156b67a529ae861d3287c66c1d8ccfdf909bcba78d?s=96&d=mm&r=g","caption":"Sebastiano Plutino"},"url":"https:\/\/progettotouring.it\/radiotouring104\/author\/sebastiano\/"}]}},"jetpack_publicize_connections":[],"jetpack_featured_media_url":"https:\/\/progettotouring.it\/radiotouring104\/wp-content\/uploads\/sites\/6\/2022\/07\/gom-rc.jpg","jetpack_sharing_enabled":true,"_links":{"self":[{"href":"https:\/\/progettotouring.it\/radiotouring104\/wp-json\/wp\/v2\/posts\/42078","targetHints":{"allow":["GET"]}}],"collection":[{"href":"https:\/\/progettotouring.it\/radiotouring104\/wp-json\/wp\/v2\/posts"}],"about":[{"href":"https:\/\/progettotouring.it\/radiotouring104\/wp-json\/wp\/v2\/types\/post"}],"author":[{"embeddable":true,"href":"https:\/\/progettotouring.it\/radiotouring104\/wp-json\/wp\/v2\/users\/12"}],"replies":[{"embeddable":true,"href":"https:\/\/progettotouring.it\/radiotouring104\/wp-json\/wp\/v2\/comments?post=42078"}],"version-history":[{"count":1,"href":"https:\/\/progettotouring.it\/radiotouring104\/wp-json\/wp\/v2\/posts\/42078\/revisions"}],"predecessor-version":[{"id":42079,"href":"https:\/\/progettotouring.it\/radiotouring104\/wp-json\/wp\/v2\/posts\/42078\/revisions\/42079"}],"wp:featuredmedia":[{"embeddable":true,"href":"https:\/\/progettotouring.it\/radiotouring104\/wp-json\/wp\/v2\/media\/7669"}],"wp:attachment":[{"href":"https:\/\/progettotouring.it\/radiotouring104\/wp-json\/wp\/v2\/media?parent=42078"}],"wp:term":[{"taxonomy":"category","embeddable":true,"href":"https:\/\/progettotouring.it\/radiotouring104\/wp-json\/wp\/v2\/categories?post=42078"},{"taxonomy":"post_tag","embeddable":true,"href":"https:\/\/progettotouring.it\/radiotouring104\/wp-json\/wp\/v2\/tags?post=42078"}],"curies":[{"name":"wp","href":"https:\/\/api.w.org\/{rel}","templated":true}]}}