{"id":42080,"date":"2024-01-04T10:02:45","date_gmt":"2024-01-04T09:02:45","guid":{"rendered":"https:\/\/progettotouring.it\/radiotouring104\/?p=42080"},"modified":"2024-01-04T10:03:05","modified_gmt":"2024-01-04T09:03:05","slug":"reggio-christmas-city-il-coro-lirico-siciliano-incanta-palizzi-marina-con-i-tenori-in-concerto-straordinario-successo-a-bagnara-per-la-festa-del-torrone","status":"publish","type":"post","link":"https:\/\/progettotouring.it\/radiotouring104\/2024\/01\/04\/reggio-christmas-city-il-coro-lirico-siciliano-incanta-palizzi-marina-con-i-tenori-in-concerto-straordinario-successo-a-bagnara-per-la-festa-del-torrone\/","title":{"rendered":"Reggio Christmas City: il Coro Lirico siciliano incanta Palizzi Marina con i \u2018Tenori in concerto\u2019, straordinario successo a Bagnara per la Festa del Torrone"},"content":{"rendered":"<p style=\"text-align: justify\">Il nuovo anno a <strong>Palizzi Marina si apre con la musica di<\/strong><em> \u2018Reggio Christmas Voices\u2019,<\/em> l\u2019evento promosso dalla Citt\u00e0 Metropolitana di Reggio Calabria, attraverso <a href=\"http:\/\/svi.pro.re\/\" target=\"_blank\" rel=\"noopener noreferrer\">Svi.Pro.Re<\/a>.,<strong> inserito nel programma di<\/strong><em> \u2018Reggio Christmas City\u2019.<\/em><\/p>\n<p>In uno dei paesi pi\u00f9 belli della Costa dei Gelsomini, \u00e8 andato in scena un recital lirico con le voci degli artisti del<strong> Coro Lirico Siciliano<\/strong>,<strong> Alberto Munaf\u00f2, Lorenzo Papasodero e Federico Parisi<\/strong> accompagnate al pianoforte da Francesco Allegra.<\/p>\n<p>Un viaggio nelle pi\u00f9 suggestive e intime pagine della tradizione musicale natalizia e della canzone italiana del Novecento.<\/p>\n<p>All\u2019interno della chiesa del Santissimo Redentore le voci degli artisti del Coro Lirico Siciliano hanno commosso l\u2019intero pubblico presente. Un concerto dalle grandi emozioni, un viaggio in musica tra le pi\u00f9 celebri pagine del ricco e celebre repertorio nel Novecento italiano musicale: da artisti come Tosti a De Curtis, da Leoncavallo a Bixio. Arte, storia, musica le componenti del Gran Gal\u00e0 Lirico che ha avuto come protagonisti le tre voci tenorili di Munaf\u00f2, Papasodero e Parisi.<\/p>\n<p><em>\u201cGrazie al preziosissimo contributo della Citt\u00e0 Metropolitana di Reggio Calabria e all&#8217;impegno di\u00a0<a href=\"http:\/\/svi.pro.re\/\" target=\"_blank\" rel=\"noopener noreferrer\">Svi.Pro.Re<\/a>. \u2013<\/em> <strong>ha dichiarato il primo cittadino di Palizzi Umberto Nocera \u2013<\/strong> <em>l\u2019intera comunit\u00e0 ha beneficiato di un evento culturale di altissimo livello. Dopo il Concerto di Natale del 29 dicembre che ha visto protagonisti i fratelli Tirotta, nella serata di ieri tre magnifiche voci tenorili del Coro Lirico Siciliano hanno deliziato un pubblico in visibilio presso la chiesa del Santissimo Redentore a Palizzi Marina.<\/em><br \/>\n<em>\u00c8 stata una serata a dir poco sublime<\/em> \u2013 conclude il sindaco Nocera &#8211; <em>che ha registrato una standing ovation da parte del pubblico ad ogni brano eseguito. Rivolgo il nostro doveroso ringraziamento al Sindaco metropolitano Giuseppe Falcomat\u00e0 e all\u2019amministratore unico di\u00a0<a href=\"http:\/\/svi.pro.re\/\" target=\"_blank\" rel=\"noopener noreferrer\">Svi.Pro.Re<\/a>. Michele Rizzo\u201d.<\/em><\/p>\n<p><strong>Soddisfatto anche il vicesindaco di Palizzi Stefano D\u2019Agu\u00ec.<\/strong><br \/>\n<em>\u201cI talenti del nostro amato sud racchiusi nelle voci del Coro lirico siciliano. L\u2019arte \u00e8 un nostro diritto, la cultura \u00e8 un bene comune primario. Senza siamo il nulla. Grazie alla Citt\u00e0 Metropolitana di Reggio Calabria , alla\u00a0<a href=\"http:\/\/svi.pro.re\/\" target=\"_blank\" rel=\"noopener noreferrer\">Svi.Pro.Re<\/a>. e a Monsignore Canonico Leone Stelitano ieri sera abbiamo respirato arte\u201d.<\/em><\/p>\n<p>Il Coro Lirico Siciliano, Oscar della Lirica 2017, \u00e8 una realt\u00e0 che in pochi anni si \u00e8 imposta nel panorama musicale, teatrale, sinfonico e lirico nazionale, divenendo il coro ufficiale delle due maggiori stagioni liriche della Sicilia, il Taormina Festival (ex Taormina Arte) e il Luglio Musicale Trapanese Ente di Tradizione. Collabora con il Teatro Massimo \u201cVincenzo Bellini\u201d, il Teatro Comunale di Bologna, L\u2019Orchestra Sinfonica Siciliana, Festival Internazionale della Musica di Macao \u2013 Cina, China Opera Festival.<\/p>\n<p>Altro straordinario successo del Natale targato Citt\u00e0 Metropolitana \u00e8 la Festa del Torrone di Bagnara Calabra.<em> \u201cUn evento organizzato con lo scopo di promuovere le eccellenze enogastronomiche del nostro territorio come il torrone, il pesce, il pane di Pellegrina, il miele e lo zafferano, con la proficua collaborazione degli Enti del Terzo Settore, associazioni, e attivit\u00e0 economico-produttive, che sono state coinvolte attraverso la pubblicazione di un apposito bando &#8211;<\/em> <strong>ha commentato l\u2019Assessore allo Sviluppo Economico di Bagnara Paolo Gramuglia<\/strong><em><strong> &#8211;<\/strong> Un\u2019altra occasione per fare rete con il tessuto economico del nostro territorio e il mondo dell&#8217;associazionismo, che ha gi\u00e0 prodotto anche di recente importanti risultati in termini di promozione turistica e sviluppo economico per la nostra cittadina\u201d.<\/em><\/p>\n<p>L\u2019obiettivo della\u00a0<a href=\"http:\/\/svi.pro.re\/\" target=\"_blank\" rel=\"noopener noreferrer\">Svi.Pro.Re<\/a>. \u00e8 quello di coinvolgere, nelle prossime festivit\u00e0 natalizie, attraverso un numero maggiore di eventi, anche gli altri paesi del territorio metropolitano per promuovere e valorizzare l\u2019intera provincia, con eventi culturali di vario tipo.<\/p>\n","protected":false},"excerpt":{"rendered":"<p>Il nuovo anno a Palizzi Marina si apre con la musica di \u2018Reggio Christmas Voices\u2019, l\u2019evento promosso dalla Citt\u00e0 Metropolitana di Reggio Calabria, attraverso Svi.Pro.Re., inserito nel programma di \u2018Reggio&hellip;<\/p>\n","protected":false},"author":12,"featured_media":42081,"comment_status":"closed","ping_status":"open","sticky":false,"template":"","format":"standard","meta":{"_jetpack_memberships_contains_paid_content":false,"footnotes":"","jetpack_publicize_message":"","jetpack_publicize_feature_enabled":true,"jetpack_social_post_already_shared":false,"jetpack_social_options":{"image_generator_settings":{"template":"highway","default_image_id":0,"font":"","enabled":false},"version":2}},"categories":[921,196,140],"tags":[26011,26013,5197,26010,26012,9218,3163,25571,9229,26014],"class_list":["post-42080","post","type-post","status-publish","format-standard","has-post-thumbnail","hentry","category-home","category-news","category-reggio-calabria","tag-tenori-in-concerto","tag-alberto-munafo","tag-bagnara","tag-chiesa-del-santissimo-redentore","tag-festa-del-torrone","tag-michele-rizzo","tag-palizzi","tag-reggio-christmas-city","tag-svi-pro-re","tag-umberto-nocera"],"yoast_head":"<!-- This site is optimized with the Yoast SEO plugin v27.2 - https:\/\/yoast.com\/product\/yoast-seo-wordpress\/ -->\n<title>Reggio Christmas City: il Coro Lirico siciliano incanta Palizzi Marina<\/title>\n<meta name=\"description\" content=\"Grande successo per l&#039;evento della cittadina tirrenica e per il concerto realizzato all\u2019interno della Chiesa del Santissimo Redentore\" \/>\n<meta name=\"robots\" content=\"index, follow, max-snippet:-1, max-image-preview:large, max-video-preview:-1\" \/>\n<link rel=\"canonical\" href=\"https:\/\/progettotouring.it\/radiotouring104\/2024\/01\/04\/reggio-christmas-city-il-coro-lirico-siciliano-incanta-palizzi-marina-con-i-tenori-in-concerto-straordinario-successo-a-bagnara-per-la-festa-del-torrone\/\" \/>\n<meta property=\"og:locale\" content=\"it_IT\" \/>\n<meta property=\"og:type\" content=\"article\" \/>\n<meta property=\"og:title\" content=\"Reggio Christmas City: il Coro Lirico siciliano incanta Palizzi Marina\" \/>\n<meta property=\"og:description\" content=\"Grande successo per l&#039;evento della cittadina tirrenica e per il concerto realizzato all\u2019interno della Chiesa del Santissimo Redentore\" \/>\n<meta property=\"og:url\" content=\"https:\/\/progettotouring.it\/radiotouring104\/2024\/01\/04\/reggio-christmas-city-il-coro-lirico-siciliano-incanta-palizzi-marina-con-i-tenori-in-concerto-straordinario-successo-a-bagnara-per-la-festa-del-torrone\/\" \/>\n<meta property=\"og:site_name\" content=\"Radio Touring 104\" \/>\n<meta property=\"article:published_time\" content=\"2024-01-04T09:02:45+00:00\" \/>\n<meta property=\"article:modified_time\" content=\"2024-01-04T09:03:05+00:00\" \/>\n<meta property=\"og:image\" content=\"https:\/\/progettotouring.it\/radiotouring104\/wp-content\/uploads\/sites\/6\/2024\/01\/Christmas-Palizzi-Svipore.jpeg\" \/>\n\t<meta property=\"og:image:width\" content=\"1049\" \/>\n\t<meta property=\"og:image:height\" content=\"900\" \/>\n\t<meta property=\"og:image:type\" content=\"image\/jpeg\" \/>\n<meta name=\"author\" content=\"Sebastiano Plutino\" \/>\n<meta name=\"twitter:card\" content=\"summary_large_image\" \/>\n<meta name=\"twitter:label1\" content=\"Scritto da\" \/>\n\t<meta name=\"twitter:data1\" content=\"Sebastiano Plutino\" \/>\n\t<meta name=\"twitter:label2\" content=\"Tempo di lettura stimato\" \/>\n\t<meta name=\"twitter:data2\" content=\"3 minuti\" \/>\n<script type=\"application\/ld+json\" class=\"yoast-schema-graph\">{\"@context\":\"https:\/\/schema.org\",\"@graph\":[{\"@type\":\"Article\",\"@id\":\"https:\/\/progettotouring.it\/radiotouring104\/2024\/01\/04\/reggio-christmas-city-il-coro-lirico-siciliano-incanta-palizzi-marina-con-i-tenori-in-concerto-straordinario-successo-a-bagnara-per-la-festa-del-torrone\/#article\",\"isPartOf\":{\"@id\":\"https:\/\/progettotouring.it\/radiotouring104\/2024\/01\/04\/reggio-christmas-city-il-coro-lirico-siciliano-incanta-palizzi-marina-con-i-tenori-in-concerto-straordinario-successo-a-bagnara-per-la-festa-del-torrone\/\"},\"author\":{\"name\":\"Sebastiano Plutino\",\"@id\":\"https:\/\/progettotouring.it\/radiotouring104\/#\/schema\/person\/78613917f1851f041f7483f5af1d422e\"},\"headline\":\"Reggio Christmas City: il Coro Lirico siciliano incanta Palizzi Marina con i \u2018Tenori in concerto\u2019, straordinario successo a Bagnara per la Festa del Torrone\",\"datePublished\":\"2024-01-04T09:02:45+00:00\",\"dateModified\":\"2024-01-04T09:03:05+00:00\",\"mainEntityOfPage\":{\"@id\":\"https:\/\/progettotouring.it\/radiotouring104\/2024\/01\/04\/reggio-christmas-city-il-coro-lirico-siciliano-incanta-palizzi-marina-con-i-tenori-in-concerto-straordinario-successo-a-bagnara-per-la-festa-del-torrone\/\"},\"wordCount\":607,\"publisher\":{\"@id\":\"https:\/\/progettotouring.it\/radiotouring104\/#organization\"},\"image\":{\"@id\":\"https:\/\/progettotouring.it\/radiotouring104\/2024\/01\/04\/reggio-christmas-city-il-coro-lirico-siciliano-incanta-palizzi-marina-con-i-tenori-in-concerto-straordinario-successo-a-bagnara-per-la-festa-del-torrone\/#primaryimage\"},\"thumbnailUrl\":\"https:\/\/progettotouring.it\/radiotouring104\/wp-content\/uploads\/sites\/6\/2024\/01\/Christmas-Palizzi-Svipore.jpeg\",\"keywords\":[\"\u2018Tenori in concerto\\\"\",\"Alberto Munaf\u00f2\",\"Bagnara\",\"Chiesa del Santissimo Redentore\",\"Festa del torrone\",\"Michele Rizzo\",\"Palizzi\",\"Reggio Christmas City\",\"svi.pro.re\",\"Umberto Nocera\"],\"articleSection\":[\"Home\",\"News\",\"Reggio Calabria\"],\"inLanguage\":\"it-IT\"},{\"@type\":\"WebPage\",\"@id\":\"https:\/\/progettotouring.it\/radiotouring104\/2024\/01\/04\/reggio-christmas-city-il-coro-lirico-siciliano-incanta-palizzi-marina-con-i-tenori-in-concerto-straordinario-successo-a-bagnara-per-la-festa-del-torrone\/\",\"url\":\"https:\/\/progettotouring.it\/radiotouring104\/2024\/01\/04\/reggio-christmas-city-il-coro-lirico-siciliano-incanta-palizzi-marina-con-i-tenori-in-concerto-straordinario-successo-a-bagnara-per-la-festa-del-torrone\/\",\"name\":\"Reggio Christmas City: il Coro Lirico siciliano incanta Palizzi Marina\",\"isPartOf\":{\"@id\":\"https:\/\/progettotouring.it\/radiotouring104\/#website\"},\"primaryImageOfPage\":{\"@id\":\"https:\/\/progettotouring.it\/radiotouring104\/2024\/01\/04\/reggio-christmas-city-il-coro-lirico-siciliano-incanta-palizzi-marina-con-i-tenori-in-concerto-straordinario-successo-a-bagnara-per-la-festa-del-torrone\/#primaryimage\"},\"image\":{\"@id\":\"https:\/\/progettotouring.it\/radiotouring104\/2024\/01\/04\/reggio-christmas-city-il-coro-lirico-siciliano-incanta-palizzi-marina-con-i-tenori-in-concerto-straordinario-successo-a-bagnara-per-la-festa-del-torrone\/#primaryimage\"},\"thumbnailUrl\":\"https:\/\/progettotouring.it\/radiotouring104\/wp-content\/uploads\/sites\/6\/2024\/01\/Christmas-Palizzi-Svipore.jpeg\",\"datePublished\":\"2024-01-04T09:02:45+00:00\",\"dateModified\":\"2024-01-04T09:03:05+00:00\",\"description\":\"Grande successo per l'evento della cittadina tirrenica e per il concerto realizzato all\u2019interno della Chiesa del Santissimo Redentore\",\"breadcrumb\":{\"@id\":\"https:\/\/progettotouring.it\/radiotouring104\/2024\/01\/04\/reggio-christmas-city-il-coro-lirico-siciliano-incanta-palizzi-marina-con-i-tenori-in-concerto-straordinario-successo-a-bagnara-per-la-festa-del-torrone\/#breadcrumb\"},\"inLanguage\":\"it-IT\",\"potentialAction\":[{\"@type\":\"ReadAction\",\"target\":[\"https:\/\/progettotouring.it\/radiotouring104\/2024\/01\/04\/reggio-christmas-city-il-coro-lirico-siciliano-incanta-palizzi-marina-con-i-tenori-in-concerto-straordinario-successo-a-bagnara-per-la-festa-del-torrone\/\"]}]},{\"@type\":\"ImageObject\",\"inLanguage\":\"it-IT\",\"@id\":\"https:\/\/progettotouring.it\/radiotouring104\/2024\/01\/04\/reggio-christmas-city-il-coro-lirico-siciliano-incanta-palizzi-marina-con-i-tenori-in-concerto-straordinario-successo-a-bagnara-per-la-festa-del-torrone\/#primaryimage\",\"url\":\"https:\/\/progettotouring.it\/radiotouring104\/wp-content\/uploads\/sites\/6\/2024\/01\/Christmas-Palizzi-Svipore.jpeg\",\"contentUrl\":\"https:\/\/progettotouring.it\/radiotouring104\/wp-content\/uploads\/sites\/6\/2024\/01\/Christmas-Palizzi-Svipore.jpeg\",\"width\":1049,\"height\":900},{\"@type\":\"BreadcrumbList\",\"@id\":\"https:\/\/progettotouring.it\/radiotouring104\/2024\/01\/04\/reggio-christmas-city-il-coro-lirico-siciliano-incanta-palizzi-marina-con-i-tenori-in-concerto-straordinario-successo-a-bagnara-per-la-festa-del-torrone\/#breadcrumb\",\"itemListElement\":[{\"@type\":\"ListItem\",\"position\":1,\"name\":\"Home\",\"item\":\"https:\/\/progettotouring.it\/radiotouring104\/\"},{\"@type\":\"ListItem\",\"position\":2,\"name\":\"Reggio Christmas City: il Coro Lirico siciliano incanta Palizzi Marina con i \u2018Tenori in concerto\u2019, straordinario successo a Bagnara per la Festa del Torrone\"}]},{\"@type\":\"WebSite\",\"@id\":\"https:\/\/progettotouring.it\/radiotouring104\/#website\",\"url\":\"https:\/\/progettotouring.it\/radiotouring104\/\",\"name\":\"Radio Touring 104\",\"description\":\"La prima radio Reggina\",\"publisher\":{\"@id\":\"https:\/\/progettotouring.it\/radiotouring104\/#organization\"},\"potentialAction\":[{\"@type\":\"SearchAction\",\"target\":{\"@type\":\"EntryPoint\",\"urlTemplate\":\"https:\/\/progettotouring.it\/radiotouring104\/?s={search_term_string}\"},\"query-input\":{\"@type\":\"PropertyValueSpecification\",\"valueRequired\":true,\"valueName\":\"search_term_string\"}}],\"inLanguage\":\"it-IT\"},{\"@type\":\"Organization\",\"@id\":\"https:\/\/progettotouring.it\/radiotouring104\/#organization\",\"name\":\"Radio Touring 104\",\"url\":\"https:\/\/progettotouring.it\/radiotouring104\/\",\"logo\":{\"@type\":\"ImageObject\",\"inLanguage\":\"it-IT\",\"@id\":\"https:\/\/progettotouring.it\/radiotouring104\/#\/schema\/logo\/image\/\",\"url\":\"https:\/\/progettotouring.it\/radiotouring104\/wp-content\/uploads\/sites\/6\/2022\/02\/cropped-logo-radio-touring-104.png\",\"contentUrl\":\"https:\/\/progettotouring.it\/radiotouring104\/wp-content\/uploads\/sites\/6\/2022\/02\/cropped-logo-radio-touring-104.png\",\"width\":377,\"height\":182,\"caption\":\"Radio Touring 104\"},\"image\":{\"@id\":\"https:\/\/progettotouring.it\/radiotouring104\/#\/schema\/logo\/image\/\"}},{\"@type\":\"Person\",\"@id\":\"https:\/\/progettotouring.it\/radiotouring104\/#\/schema\/person\/78613917f1851f041f7483f5af1d422e\",\"name\":\"Sebastiano Plutino\",\"image\":{\"@type\":\"ImageObject\",\"inLanguage\":\"it-IT\",\"@id\":\"https:\/\/secure.gravatar.com\/avatar\/0546ffaa9b79224faf9f2a156b67a529ae861d3287c66c1d8ccfdf909bcba78d?s=96&d=mm&r=g\",\"url\":\"https:\/\/secure.gravatar.com\/avatar\/0546ffaa9b79224faf9f2a156b67a529ae861d3287c66c1d8ccfdf909bcba78d?s=96&d=mm&r=g\",\"contentUrl\":\"https:\/\/secure.gravatar.com\/avatar\/0546ffaa9b79224faf9f2a156b67a529ae861d3287c66c1d8ccfdf909bcba78d?s=96&d=mm&r=g\",\"caption\":\"Sebastiano Plutino\"},\"url\":\"https:\/\/progettotouring.it\/radiotouring104\/author\/sebastiano\/\"}]}<\/script>\n<!-- \/ Yoast SEO plugin. -->","yoast_head_json":{"title":"Reggio Christmas City: il Coro Lirico siciliano incanta Palizzi Marina","description":"Grande successo per l'evento della cittadina tirrenica e per il concerto realizzato all\u2019interno della Chiesa del Santissimo Redentore","robots":{"index":"index","follow":"follow","max-snippet":"max-snippet:-1","max-image-preview":"max-image-preview:large","max-video-preview":"max-video-preview:-1"},"canonical":"https:\/\/progettotouring.it\/radiotouring104\/2024\/01\/04\/reggio-christmas-city-il-coro-lirico-siciliano-incanta-palizzi-marina-con-i-tenori-in-concerto-straordinario-successo-a-bagnara-per-la-festa-del-torrone\/","og_locale":"it_IT","og_type":"article","og_title":"Reggio Christmas City: il Coro Lirico siciliano incanta Palizzi Marina","og_description":"Grande successo per l'evento della cittadina tirrenica e per il concerto realizzato all\u2019interno della Chiesa del Santissimo Redentore","og_url":"https:\/\/progettotouring.it\/radiotouring104\/2024\/01\/04\/reggio-christmas-city-il-coro-lirico-siciliano-incanta-palizzi-marina-con-i-tenori-in-concerto-straordinario-successo-a-bagnara-per-la-festa-del-torrone\/","og_site_name":"Radio Touring 104","article_published_time":"2024-01-04T09:02:45+00:00","article_modified_time":"2024-01-04T09:03:05+00:00","og_image":[{"width":1049,"height":900,"url":"https:\/\/progettotouring.it\/radiotouring104\/wp-content\/uploads\/sites\/6\/2024\/01\/Christmas-Palizzi-Svipore.jpeg","type":"image\/jpeg"}],"author":"Sebastiano Plutino","twitter_card":"summary_large_image","twitter_misc":{"Scritto da":"Sebastiano Plutino","Tempo di lettura stimato":"3 minuti"},"schema":{"@context":"https:\/\/schema.org","@graph":[{"@type":"Article","@id":"https:\/\/progettotouring.it\/radiotouring104\/2024\/01\/04\/reggio-christmas-city-il-coro-lirico-siciliano-incanta-palizzi-marina-con-i-tenori-in-concerto-straordinario-successo-a-bagnara-per-la-festa-del-torrone\/#article","isPartOf":{"@id":"https:\/\/progettotouring.it\/radiotouring104\/2024\/01\/04\/reggio-christmas-city-il-coro-lirico-siciliano-incanta-palizzi-marina-con-i-tenori-in-concerto-straordinario-successo-a-bagnara-per-la-festa-del-torrone\/"},"author":{"name":"Sebastiano Plutino","@id":"https:\/\/progettotouring.it\/radiotouring104\/#\/schema\/person\/78613917f1851f041f7483f5af1d422e"},"headline":"Reggio Christmas City: il Coro Lirico siciliano incanta Palizzi Marina con i \u2018Tenori in concerto\u2019, straordinario successo a Bagnara per la Festa del Torrone","datePublished":"2024-01-04T09:02:45+00:00","dateModified":"2024-01-04T09:03:05+00:00","mainEntityOfPage":{"@id":"https:\/\/progettotouring.it\/radiotouring104\/2024\/01\/04\/reggio-christmas-city-il-coro-lirico-siciliano-incanta-palizzi-marina-con-i-tenori-in-concerto-straordinario-successo-a-bagnara-per-la-festa-del-torrone\/"},"wordCount":607,"publisher":{"@id":"https:\/\/progettotouring.it\/radiotouring104\/#organization"},"image":{"@id":"https:\/\/progettotouring.it\/radiotouring104\/2024\/01\/04\/reggio-christmas-city-il-coro-lirico-siciliano-incanta-palizzi-marina-con-i-tenori-in-concerto-straordinario-successo-a-bagnara-per-la-festa-del-torrone\/#primaryimage"},"thumbnailUrl":"https:\/\/progettotouring.it\/radiotouring104\/wp-content\/uploads\/sites\/6\/2024\/01\/Christmas-Palizzi-Svipore.jpeg","keywords":["\u2018Tenori in concerto\"","Alberto Munaf\u00f2","Bagnara","Chiesa del Santissimo Redentore","Festa del torrone","Michele Rizzo","Palizzi","Reggio Christmas City","svi.pro.re","Umberto Nocera"],"articleSection":["Home","News","Reggio Calabria"],"inLanguage":"it-IT"},{"@type":"WebPage","@id":"https:\/\/progettotouring.it\/radiotouring104\/2024\/01\/04\/reggio-christmas-city-il-coro-lirico-siciliano-incanta-palizzi-marina-con-i-tenori-in-concerto-straordinario-successo-a-bagnara-per-la-festa-del-torrone\/","url":"https:\/\/progettotouring.it\/radiotouring104\/2024\/01\/04\/reggio-christmas-city-il-coro-lirico-siciliano-incanta-palizzi-marina-con-i-tenori-in-concerto-straordinario-successo-a-bagnara-per-la-festa-del-torrone\/","name":"Reggio Christmas City: il Coro Lirico siciliano incanta Palizzi Marina","isPartOf":{"@id":"https:\/\/progettotouring.it\/radiotouring104\/#website"},"primaryImageOfPage":{"@id":"https:\/\/progettotouring.it\/radiotouring104\/2024\/01\/04\/reggio-christmas-city-il-coro-lirico-siciliano-incanta-palizzi-marina-con-i-tenori-in-concerto-straordinario-successo-a-bagnara-per-la-festa-del-torrone\/#primaryimage"},"image":{"@id":"https:\/\/progettotouring.it\/radiotouring104\/2024\/01\/04\/reggio-christmas-city-il-coro-lirico-siciliano-incanta-palizzi-marina-con-i-tenori-in-concerto-straordinario-successo-a-bagnara-per-la-festa-del-torrone\/#primaryimage"},"thumbnailUrl":"https:\/\/progettotouring.it\/radiotouring104\/wp-content\/uploads\/sites\/6\/2024\/01\/Christmas-Palizzi-Svipore.jpeg","datePublished":"2024-01-04T09:02:45+00:00","dateModified":"2024-01-04T09:03:05+00:00","description":"Grande successo per l'evento della cittadina tirrenica e per il concerto realizzato all\u2019interno della Chiesa del Santissimo Redentore","breadcrumb":{"@id":"https:\/\/progettotouring.it\/radiotouring104\/2024\/01\/04\/reggio-christmas-city-il-coro-lirico-siciliano-incanta-palizzi-marina-con-i-tenori-in-concerto-straordinario-successo-a-bagnara-per-la-festa-del-torrone\/#breadcrumb"},"inLanguage":"it-IT","potentialAction":[{"@type":"ReadAction","target":["https:\/\/progettotouring.it\/radiotouring104\/2024\/01\/04\/reggio-christmas-city-il-coro-lirico-siciliano-incanta-palizzi-marina-con-i-tenori-in-concerto-straordinario-successo-a-bagnara-per-la-festa-del-torrone\/"]}]},{"@type":"ImageObject","inLanguage":"it-IT","@id":"https:\/\/progettotouring.it\/radiotouring104\/2024\/01\/04\/reggio-christmas-city-il-coro-lirico-siciliano-incanta-palizzi-marina-con-i-tenori-in-concerto-straordinario-successo-a-bagnara-per-la-festa-del-torrone\/#primaryimage","url":"https:\/\/progettotouring.it\/radiotouring104\/wp-content\/uploads\/sites\/6\/2024\/01\/Christmas-Palizzi-Svipore.jpeg","contentUrl":"https:\/\/progettotouring.it\/radiotouring104\/wp-content\/uploads\/sites\/6\/2024\/01\/Christmas-Palizzi-Svipore.jpeg","width":1049,"height":900},{"@type":"BreadcrumbList","@id":"https:\/\/progettotouring.it\/radiotouring104\/2024\/01\/04\/reggio-christmas-city-il-coro-lirico-siciliano-incanta-palizzi-marina-con-i-tenori-in-concerto-straordinario-successo-a-bagnara-per-la-festa-del-torrone\/#breadcrumb","itemListElement":[{"@type":"ListItem","position":1,"name":"Home","item":"https:\/\/progettotouring.it\/radiotouring104\/"},{"@type":"ListItem","position":2,"name":"Reggio Christmas City: il Coro Lirico siciliano incanta Palizzi Marina con i \u2018Tenori in concerto\u2019, straordinario successo a Bagnara per la Festa del Torrone"}]},{"@type":"WebSite","@id":"https:\/\/progettotouring.it\/radiotouring104\/#website","url":"https:\/\/progettotouring.it\/radiotouring104\/","name":"Radio Touring 104","description":"La prima radio Reggina","publisher":{"@id":"https:\/\/progettotouring.it\/radiotouring104\/#organization"},"potentialAction":[{"@type":"SearchAction","target":{"@type":"EntryPoint","urlTemplate":"https:\/\/progettotouring.it\/radiotouring104\/?s={search_term_string}"},"query-input":{"@type":"PropertyValueSpecification","valueRequired":true,"valueName":"search_term_string"}}],"inLanguage":"it-IT"},{"@type":"Organization","@id":"https:\/\/progettotouring.it\/radiotouring104\/#organization","name":"Radio Touring 104","url":"https:\/\/progettotouring.it\/radiotouring104\/","logo":{"@type":"ImageObject","inLanguage":"it-IT","@id":"https:\/\/progettotouring.it\/radiotouring104\/#\/schema\/logo\/image\/","url":"https:\/\/progettotouring.it\/radiotouring104\/wp-content\/uploads\/sites\/6\/2022\/02\/cropped-logo-radio-touring-104.png","contentUrl":"https:\/\/progettotouring.it\/radiotouring104\/wp-content\/uploads\/sites\/6\/2022\/02\/cropped-logo-radio-touring-104.png","width":377,"height":182,"caption":"Radio Touring 104"},"image":{"@id":"https:\/\/progettotouring.it\/radiotouring104\/#\/schema\/logo\/image\/"}},{"@type":"Person","@id":"https:\/\/progettotouring.it\/radiotouring104\/#\/schema\/person\/78613917f1851f041f7483f5af1d422e","name":"Sebastiano Plutino","image":{"@type":"ImageObject","inLanguage":"it-IT","@id":"https:\/\/secure.gravatar.com\/avatar\/0546ffaa9b79224faf9f2a156b67a529ae861d3287c66c1d8ccfdf909bcba78d?s=96&d=mm&r=g","url":"https:\/\/secure.gravatar.com\/avatar\/0546ffaa9b79224faf9f2a156b67a529ae861d3287c66c1d8ccfdf909bcba78d?s=96&d=mm&r=g","contentUrl":"https:\/\/secure.gravatar.com\/avatar\/0546ffaa9b79224faf9f2a156b67a529ae861d3287c66c1d8ccfdf909bcba78d?s=96&d=mm&r=g","caption":"Sebastiano Plutino"},"url":"https:\/\/progettotouring.it\/radiotouring104\/author\/sebastiano\/"}]}},"jetpack_publicize_connections":[],"jetpack_featured_media_url":"https:\/\/progettotouring.it\/radiotouring104\/wp-content\/uploads\/sites\/6\/2024\/01\/Christmas-Palizzi-Svipore.jpeg","jetpack_sharing_enabled":true,"_links":{"self":[{"href":"https:\/\/progettotouring.it\/radiotouring104\/wp-json\/wp\/v2\/posts\/42080","targetHints":{"allow":["GET"]}}],"collection":[{"href":"https:\/\/progettotouring.it\/radiotouring104\/wp-json\/wp\/v2\/posts"}],"about":[{"href":"https:\/\/progettotouring.it\/radiotouring104\/wp-json\/wp\/v2\/types\/post"}],"author":[{"embeddable":true,"href":"https:\/\/progettotouring.it\/radiotouring104\/wp-json\/wp\/v2\/users\/12"}],"replies":[{"embeddable":true,"href":"https:\/\/progettotouring.it\/radiotouring104\/wp-json\/wp\/v2\/comments?post=42080"}],"version-history":[{"count":2,"href":"https:\/\/progettotouring.it\/radiotouring104\/wp-json\/wp\/v2\/posts\/42080\/revisions"}],"predecessor-version":[{"id":42083,"href":"https:\/\/progettotouring.it\/radiotouring104\/wp-json\/wp\/v2\/posts\/42080\/revisions\/42083"}],"wp:featuredmedia":[{"embeddable":true,"href":"https:\/\/progettotouring.it\/radiotouring104\/wp-json\/wp\/v2\/media\/42081"}],"wp:attachment":[{"href":"https:\/\/progettotouring.it\/radiotouring104\/wp-json\/wp\/v2\/media?parent=42080"}],"wp:term":[{"taxonomy":"category","embeddable":true,"href":"https:\/\/progettotouring.it\/radiotouring104\/wp-json\/wp\/v2\/categories?post=42080"},{"taxonomy":"post_tag","embeddable":true,"href":"https:\/\/progettotouring.it\/radiotouring104\/wp-json\/wp\/v2\/tags?post=42080"}],"curies":[{"name":"wp","href":"https:\/\/api.w.org\/{rel}","templated":true}]}}