{"id":42090,"date":"2024-01-04T10:43:53","date_gmt":"2024-01-04T09:43:53","guid":{"rendered":"https:\/\/progettotouring.it\/radiotouring104\/?p=42090"},"modified":"2024-01-04T10:46:16","modified_gmt":"2024-01-04T09:46:16","slug":"reggio-tutto-pronto-per-la-befana-avis-2024","status":"publish","type":"post","link":"https:\/\/progettotouring.it\/radiotouring104\/2024\/01\/04\/reggio-tutto-pronto-per-la-befana-avis-2024\/","title":{"rendered":"Reggio: tutto pronto per la Befana Avis 2024"},"content":{"rendered":"<p style=\"text-align: justify\">Spettacolo di Magia, clownerie, waterball, acrobatica aerea, giocoleria, led, musica live, mascotte Disney e soprattutto tanta allegria. <strong>Torna l&#8217;appuntamento con la speciale befana dell&#8217;Avis,<\/strong> associazione Volontari italiani del Sangue, e con la <strong>consegna dei doni alle figlie e ai figli di coloro che donano il sangue presso l\u2019unit\u00e0 di raccolta di Reggio Calabria. Una festa dedicata alla piccole e ai piccoli nati tra l&#8217;1 gennaio 2016 e il 31 dicembre 2023.<\/strong><\/p>\n<p style=\"text-align: justify\"><em>\u00a0\u00abTeniamo molto a questo appuntamento con il quale apriamo anche il 2024. Come l&#8217;albero del Dono in piazza san Giorgio al Corso, anche la befana \u00e8 un gesto di gratitudine verso coloro che assicurano disponibilit\u00e0 di sangue al nostro ospedale metropolitano. Grazie di cuore. I donatori e le donatrici non bastano mai e dobbiamo continuare con la nostra opera di raccolta e anche con quella di sensibilizzazione della cittadinanza. Con l&#8217;entusiasmo di sempre ci prepariamo, condividendo un momento di festa e allegria, ad un nuovo anno di impegno per seminare dono e gratuit\u00e0\u00bb.<\/em> <strong>Con queste parole la presidente dell\u2019Avis<\/strong> comunale OdV di Reggio Calabria,<strong> Myriam Calipari,<\/strong> <strong>annuncia la Befana dell&#8217;Avis che quest&#8217;anno torna all&#8217;auditorium Gianni Versace del Cedir<\/strong>.<strong> Appuntamento sabato 6 gennaio a partire dalle ore 9:30.<\/strong> La manifestazione \u00e8 moralmente patrocinata dall&#8217;amministrazione comunale reggina.<\/p>\n<p style=\"text-align: justify\"><em>\u00abAnche il 2023 \u00e8 stato un anno in cui direttivo, staff e volontari sono stati impegnati in tante attivit\u00e0. Prosegue, con sempre maggiore regolarit\u00e0, parallelamente al sangue, anche la donazione del plasma presso la nostra unit\u00e0 di raccolta. Anche nell&#8217;anno appena concluso la nostra autoemoteca \u00e8 stata itinerante nei cortili delle Scuole secondarie di secondo grado della nostra citt\u00e0 per sensibilizzare i giovani a donare il sangue. Prezioso anche il contributo della Scuola Allievi Carabinieri. Proseguiremo e ci impegneremo a crescere in questo percorso. A nome di tutto il consiglio direttivo e del nostro consigliere nazionale Mimmo Nistic\u00f2, colgo l\u2019occasione per rinnovare l\u2019invito a venire a trovarci in sede e a donare. Il 2024 sar\u00e0 per la famiglia Avis reggina anche un anno di festeggiamenti con la celebrazione del 70\u00b0 anniversario della sua fondazione\u00bb<\/em>, <strong>ha concluso la presidente dell\u2019Avis comunale OdV di Reggio Calabria, Myriam Calipari.<\/strong><\/p>\n","protected":false},"excerpt":{"rendered":"<p>Spettacolo di Magia, clownerie, waterball, acrobatica aerea, giocoleria, led, musica live, mascotte Disney e soprattutto tanta allegria. Torna l&#8217;appuntamento con la speciale befana dell&#8217;Avis, associazione Volontari italiani del Sangue, e&hellip;<\/p>\n","protected":false},"author":12,"featured_media":42091,"comment_status":"closed","ping_status":"open","sticky":false,"template":"","format":"standard","meta":{"_jetpack_memberships_contains_paid_content":false,"footnotes":"","jetpack_publicize_message":"","jetpack_publicize_feature_enabled":true,"jetpack_social_post_already_shared":false,"jetpack_social_options":{"image_generator_settings":{"template":"highway","default_image_id":0,"font":"","enabled":false},"version":2}},"categories":[921,196,140],"tags":[25233,10466,26017,717,2616],"class_list":["post-42090","post","type-post","status-publish","format-standard","has-post-thumbnail","hentry","category-home","category-news","category-reggio-calabria","tag-auditorium-gianni-versace","tag-avis-comunale-odv-di-reggio-calabria","tag-befana-avis-2024","tag-cedir","tag-myriam-calipari"],"yoast_head":"<!-- This site is optimized with the Yoast SEO plugin v27.2 - https:\/\/yoast.com\/product\/yoast-seo-wordpress\/ -->\n<title>Reggio: tutto pronto per la Befana Avis 2024<\/title>\n<meta name=\"description\" content=\"Calipari, pres. Avis RC annuncia la BefanA, in programma all&#039;auditorium Gianni Versace del Cedir il 6 gennaio a partire dalle ore 9:30\" \/>\n<meta name=\"robots\" content=\"index, follow, max-snippet:-1, max-image-preview:large, max-video-preview:-1\" \/>\n<link rel=\"canonical\" href=\"https:\/\/progettotouring.it\/radiotouring104\/2024\/01\/04\/reggio-tutto-pronto-per-la-befana-avis-2024\/\" \/>\n<meta property=\"og:locale\" content=\"it_IT\" \/>\n<meta property=\"og:type\" content=\"article\" \/>\n<meta property=\"og:title\" content=\"Reggio: tutto pronto per la Befana Avis 2024\" \/>\n<meta property=\"og:description\" content=\"Calipari, pres. Avis RC annuncia la BefanA, in programma all&#039;auditorium Gianni Versace del Cedir il 6 gennaio a partire dalle ore 9:30\" \/>\n<meta property=\"og:url\" content=\"https:\/\/progettotouring.it\/radiotouring104\/2024\/01\/04\/reggio-tutto-pronto-per-la-befana-avis-2024\/\" \/>\n<meta property=\"og:site_name\" content=\"Radio Touring 104\" \/>\n<meta property=\"article:published_time\" content=\"2024-01-04T09:43:53+00:00\" \/>\n<meta property=\"article:modified_time\" content=\"2024-01-04T09:46:16+00:00\" \/>\n<meta property=\"og:image\" content=\"https:\/\/progettotouring.it\/radiotouring104\/wp-content\/uploads\/sites\/6\/2024\/01\/Befana-Avis-2024.jpeg\" \/>\n\t<meta property=\"og:image:width\" content=\"1600\" \/>\n\t<meta property=\"og:image:height\" content=\"1127\" \/>\n\t<meta property=\"og:image:type\" content=\"image\/jpeg\" \/>\n<meta name=\"author\" content=\"Sebastiano Plutino\" \/>\n<meta name=\"twitter:card\" content=\"summary_large_image\" \/>\n<meta name=\"twitter:label1\" content=\"Scritto da\" \/>\n\t<meta name=\"twitter:data1\" content=\"Sebastiano Plutino\" \/>\n\t<meta name=\"twitter:label2\" content=\"Tempo di lettura stimato\" \/>\n\t<meta name=\"twitter:data2\" content=\"2 minuti\" \/>\n<script type=\"application\/ld+json\" class=\"yoast-schema-graph\">{\"@context\":\"https:\/\/schema.org\",\"@graph\":[{\"@type\":\"Article\",\"@id\":\"https:\/\/progettotouring.it\/radiotouring104\/2024\/01\/04\/reggio-tutto-pronto-per-la-befana-avis-2024\/#article\",\"isPartOf\":{\"@id\":\"https:\/\/progettotouring.it\/radiotouring104\/2024\/01\/04\/reggio-tutto-pronto-per-la-befana-avis-2024\/\"},\"author\":{\"name\":\"Sebastiano Plutino\",\"@id\":\"https:\/\/progettotouring.it\/radiotouring104\/#\/schema\/person\/78613917f1851f041f7483f5af1d422e\"},\"headline\":\"Reggio: tutto pronto per la Befana Avis 2024\",\"datePublished\":\"2024-01-04T09:43:53+00:00\",\"dateModified\":\"2024-01-04T09:46:16+00:00\",\"mainEntityOfPage\":{\"@id\":\"https:\/\/progettotouring.it\/radiotouring104\/2024\/01\/04\/reggio-tutto-pronto-per-la-befana-avis-2024\/\"},\"wordCount\":351,\"publisher\":{\"@id\":\"https:\/\/progettotouring.it\/radiotouring104\/#organization\"},\"image\":{\"@id\":\"https:\/\/progettotouring.it\/radiotouring104\/2024\/01\/04\/reggio-tutto-pronto-per-la-befana-avis-2024\/#primaryimage\"},\"thumbnailUrl\":\"https:\/\/progettotouring.it\/radiotouring104\/wp-content\/uploads\/sites\/6\/2024\/01\/Befana-Avis-2024.jpeg\",\"keywords\":[\"auditorium \\\"Gianni Versace\\\"\",\"Avis comunale OdV di Reggio Calabria\",\"Befana Avis 2024\",\"cedir\",\"Myriam Calipari\"],\"articleSection\":[\"Home\",\"News\",\"Reggio Calabria\"],\"inLanguage\":\"it-IT\"},{\"@type\":\"WebPage\",\"@id\":\"https:\/\/progettotouring.it\/radiotouring104\/2024\/01\/04\/reggio-tutto-pronto-per-la-befana-avis-2024\/\",\"url\":\"https:\/\/progettotouring.it\/radiotouring104\/2024\/01\/04\/reggio-tutto-pronto-per-la-befana-avis-2024\/\",\"name\":\"Reggio: tutto pronto per la Befana Avis 2024\",\"isPartOf\":{\"@id\":\"https:\/\/progettotouring.it\/radiotouring104\/#website\"},\"primaryImageOfPage\":{\"@id\":\"https:\/\/progettotouring.it\/radiotouring104\/2024\/01\/04\/reggio-tutto-pronto-per-la-befana-avis-2024\/#primaryimage\"},\"image\":{\"@id\":\"https:\/\/progettotouring.it\/radiotouring104\/2024\/01\/04\/reggio-tutto-pronto-per-la-befana-avis-2024\/#primaryimage\"},\"thumbnailUrl\":\"https:\/\/progettotouring.it\/radiotouring104\/wp-content\/uploads\/sites\/6\/2024\/01\/Befana-Avis-2024.jpeg\",\"datePublished\":\"2024-01-04T09:43:53+00:00\",\"dateModified\":\"2024-01-04T09:46:16+00:00\",\"description\":\"Calipari, pres. Avis RC annuncia la BefanA, in programma all'auditorium Gianni Versace del Cedir il 6 gennaio a partire dalle ore 9:30\",\"breadcrumb\":{\"@id\":\"https:\/\/progettotouring.it\/radiotouring104\/2024\/01\/04\/reggio-tutto-pronto-per-la-befana-avis-2024\/#breadcrumb\"},\"inLanguage\":\"it-IT\",\"potentialAction\":[{\"@type\":\"ReadAction\",\"target\":[\"https:\/\/progettotouring.it\/radiotouring104\/2024\/01\/04\/reggio-tutto-pronto-per-la-befana-avis-2024\/\"]}]},{\"@type\":\"ImageObject\",\"inLanguage\":\"it-IT\",\"@id\":\"https:\/\/progettotouring.it\/radiotouring104\/2024\/01\/04\/reggio-tutto-pronto-per-la-befana-avis-2024\/#primaryimage\",\"url\":\"https:\/\/progettotouring.it\/radiotouring104\/wp-content\/uploads\/sites\/6\/2024\/01\/Befana-Avis-2024.jpeg\",\"contentUrl\":\"https:\/\/progettotouring.it\/radiotouring104\/wp-content\/uploads\/sites\/6\/2024\/01\/Befana-Avis-2024.jpeg\",\"width\":1600,\"height\":1127},{\"@type\":\"BreadcrumbList\",\"@id\":\"https:\/\/progettotouring.it\/radiotouring104\/2024\/01\/04\/reggio-tutto-pronto-per-la-befana-avis-2024\/#breadcrumb\",\"itemListElement\":[{\"@type\":\"ListItem\",\"position\":1,\"name\":\"Home\",\"item\":\"https:\/\/progettotouring.it\/radiotouring104\/\"},{\"@type\":\"ListItem\",\"position\":2,\"name\":\"Reggio: tutto pronto per la Befana Avis 2024\"}]},{\"@type\":\"WebSite\",\"@id\":\"https:\/\/progettotouring.it\/radiotouring104\/#website\",\"url\":\"https:\/\/progettotouring.it\/radiotouring104\/\",\"name\":\"Radio Touring 104\",\"description\":\"La prima radio Reggina\",\"publisher\":{\"@id\":\"https:\/\/progettotouring.it\/radiotouring104\/#organization\"},\"potentialAction\":[{\"@type\":\"SearchAction\",\"target\":{\"@type\":\"EntryPoint\",\"urlTemplate\":\"https:\/\/progettotouring.it\/radiotouring104\/?s={search_term_string}\"},\"query-input\":{\"@type\":\"PropertyValueSpecification\",\"valueRequired\":true,\"valueName\":\"search_term_string\"}}],\"inLanguage\":\"it-IT\"},{\"@type\":\"Organization\",\"@id\":\"https:\/\/progettotouring.it\/radiotouring104\/#organization\",\"name\":\"Radio Touring 104\",\"url\":\"https:\/\/progettotouring.it\/radiotouring104\/\",\"logo\":{\"@type\":\"ImageObject\",\"inLanguage\":\"it-IT\",\"@id\":\"https:\/\/progettotouring.it\/radiotouring104\/#\/schema\/logo\/image\/\",\"url\":\"https:\/\/progettotouring.it\/radiotouring104\/wp-content\/uploads\/sites\/6\/2022\/02\/cropped-logo-radio-touring-104.png\",\"contentUrl\":\"https:\/\/progettotouring.it\/radiotouring104\/wp-content\/uploads\/sites\/6\/2022\/02\/cropped-logo-radio-touring-104.png\",\"width\":377,\"height\":182,\"caption\":\"Radio Touring 104\"},\"image\":{\"@id\":\"https:\/\/progettotouring.it\/radiotouring104\/#\/schema\/logo\/image\/\"}},{\"@type\":\"Person\",\"@id\":\"https:\/\/progettotouring.it\/radiotouring104\/#\/schema\/person\/78613917f1851f041f7483f5af1d422e\",\"name\":\"Sebastiano Plutino\",\"image\":{\"@type\":\"ImageObject\",\"inLanguage\":\"it-IT\",\"@id\":\"https:\/\/secure.gravatar.com\/avatar\/0546ffaa9b79224faf9f2a156b67a529ae861d3287c66c1d8ccfdf909bcba78d?s=96&d=mm&r=g\",\"url\":\"https:\/\/secure.gravatar.com\/avatar\/0546ffaa9b79224faf9f2a156b67a529ae861d3287c66c1d8ccfdf909bcba78d?s=96&d=mm&r=g\",\"contentUrl\":\"https:\/\/secure.gravatar.com\/avatar\/0546ffaa9b79224faf9f2a156b67a529ae861d3287c66c1d8ccfdf909bcba78d?s=96&d=mm&r=g\",\"caption\":\"Sebastiano Plutino\"},\"url\":\"https:\/\/progettotouring.it\/radiotouring104\/author\/sebastiano\/\"}]}<\/script>\n<!-- \/ Yoast SEO plugin. -->","yoast_head_json":{"title":"Reggio: tutto pronto per la Befana Avis 2024","description":"Calipari, pres. Avis RC annuncia la BefanA, in programma all'auditorium Gianni Versace del Cedir il 6 gennaio a partire dalle ore 9:30","robots":{"index":"index","follow":"follow","max-snippet":"max-snippet:-1","max-image-preview":"max-image-preview:large","max-video-preview":"max-video-preview:-1"},"canonical":"https:\/\/progettotouring.it\/radiotouring104\/2024\/01\/04\/reggio-tutto-pronto-per-la-befana-avis-2024\/","og_locale":"it_IT","og_type":"article","og_title":"Reggio: tutto pronto per la Befana Avis 2024","og_description":"Calipari, pres. Avis RC annuncia la BefanA, in programma all'auditorium Gianni Versace del Cedir il 6 gennaio a partire dalle ore 9:30","og_url":"https:\/\/progettotouring.it\/radiotouring104\/2024\/01\/04\/reggio-tutto-pronto-per-la-befana-avis-2024\/","og_site_name":"Radio Touring 104","article_published_time":"2024-01-04T09:43:53+00:00","article_modified_time":"2024-01-04T09:46:16+00:00","og_image":[{"width":1600,"height":1127,"url":"https:\/\/progettotouring.it\/radiotouring104\/wp-content\/uploads\/sites\/6\/2024\/01\/Befana-Avis-2024.jpeg","type":"image\/jpeg"}],"author":"Sebastiano Plutino","twitter_card":"summary_large_image","twitter_misc":{"Scritto da":"Sebastiano Plutino","Tempo di lettura stimato":"2 minuti"},"schema":{"@context":"https:\/\/schema.org","@graph":[{"@type":"Article","@id":"https:\/\/progettotouring.it\/radiotouring104\/2024\/01\/04\/reggio-tutto-pronto-per-la-befana-avis-2024\/#article","isPartOf":{"@id":"https:\/\/progettotouring.it\/radiotouring104\/2024\/01\/04\/reggio-tutto-pronto-per-la-befana-avis-2024\/"},"author":{"name":"Sebastiano Plutino","@id":"https:\/\/progettotouring.it\/radiotouring104\/#\/schema\/person\/78613917f1851f041f7483f5af1d422e"},"headline":"Reggio: tutto pronto per la Befana Avis 2024","datePublished":"2024-01-04T09:43:53+00:00","dateModified":"2024-01-04T09:46:16+00:00","mainEntityOfPage":{"@id":"https:\/\/progettotouring.it\/radiotouring104\/2024\/01\/04\/reggio-tutto-pronto-per-la-befana-avis-2024\/"},"wordCount":351,"publisher":{"@id":"https:\/\/progettotouring.it\/radiotouring104\/#organization"},"image":{"@id":"https:\/\/progettotouring.it\/radiotouring104\/2024\/01\/04\/reggio-tutto-pronto-per-la-befana-avis-2024\/#primaryimage"},"thumbnailUrl":"https:\/\/progettotouring.it\/radiotouring104\/wp-content\/uploads\/sites\/6\/2024\/01\/Befana-Avis-2024.jpeg","keywords":["auditorium \"Gianni Versace\"","Avis comunale OdV di Reggio Calabria","Befana Avis 2024","cedir","Myriam Calipari"],"articleSection":["Home","News","Reggio Calabria"],"inLanguage":"it-IT"},{"@type":"WebPage","@id":"https:\/\/progettotouring.it\/radiotouring104\/2024\/01\/04\/reggio-tutto-pronto-per-la-befana-avis-2024\/","url":"https:\/\/progettotouring.it\/radiotouring104\/2024\/01\/04\/reggio-tutto-pronto-per-la-befana-avis-2024\/","name":"Reggio: tutto pronto per la Befana Avis 2024","isPartOf":{"@id":"https:\/\/progettotouring.it\/radiotouring104\/#website"},"primaryImageOfPage":{"@id":"https:\/\/progettotouring.it\/radiotouring104\/2024\/01\/04\/reggio-tutto-pronto-per-la-befana-avis-2024\/#primaryimage"},"image":{"@id":"https:\/\/progettotouring.it\/radiotouring104\/2024\/01\/04\/reggio-tutto-pronto-per-la-befana-avis-2024\/#primaryimage"},"thumbnailUrl":"https:\/\/progettotouring.it\/radiotouring104\/wp-content\/uploads\/sites\/6\/2024\/01\/Befana-Avis-2024.jpeg","datePublished":"2024-01-04T09:43:53+00:00","dateModified":"2024-01-04T09:46:16+00:00","description":"Calipari, pres. Avis RC annuncia la BefanA, in programma all'auditorium Gianni Versace del Cedir il 6 gennaio a partire dalle ore 9:30","breadcrumb":{"@id":"https:\/\/progettotouring.it\/radiotouring104\/2024\/01\/04\/reggio-tutto-pronto-per-la-befana-avis-2024\/#breadcrumb"},"inLanguage":"it-IT","potentialAction":[{"@type":"ReadAction","target":["https:\/\/progettotouring.it\/radiotouring104\/2024\/01\/04\/reggio-tutto-pronto-per-la-befana-avis-2024\/"]}]},{"@type":"ImageObject","inLanguage":"it-IT","@id":"https:\/\/progettotouring.it\/radiotouring104\/2024\/01\/04\/reggio-tutto-pronto-per-la-befana-avis-2024\/#primaryimage","url":"https:\/\/progettotouring.it\/radiotouring104\/wp-content\/uploads\/sites\/6\/2024\/01\/Befana-Avis-2024.jpeg","contentUrl":"https:\/\/progettotouring.it\/radiotouring104\/wp-content\/uploads\/sites\/6\/2024\/01\/Befana-Avis-2024.jpeg","width":1600,"height":1127},{"@type":"BreadcrumbList","@id":"https:\/\/progettotouring.it\/radiotouring104\/2024\/01\/04\/reggio-tutto-pronto-per-la-befana-avis-2024\/#breadcrumb","itemListElement":[{"@type":"ListItem","position":1,"name":"Home","item":"https:\/\/progettotouring.it\/radiotouring104\/"},{"@type":"ListItem","position":2,"name":"Reggio: tutto pronto per la Befana Avis 2024"}]},{"@type":"WebSite","@id":"https:\/\/progettotouring.it\/radiotouring104\/#website","url":"https:\/\/progettotouring.it\/radiotouring104\/","name":"Radio Touring 104","description":"La prima radio Reggina","publisher":{"@id":"https:\/\/progettotouring.it\/radiotouring104\/#organization"},"potentialAction":[{"@type":"SearchAction","target":{"@type":"EntryPoint","urlTemplate":"https:\/\/progettotouring.it\/radiotouring104\/?s={search_term_string}"},"query-input":{"@type":"PropertyValueSpecification","valueRequired":true,"valueName":"search_term_string"}}],"inLanguage":"it-IT"},{"@type":"Organization","@id":"https:\/\/progettotouring.it\/radiotouring104\/#organization","name":"Radio Touring 104","url":"https:\/\/progettotouring.it\/radiotouring104\/","logo":{"@type":"ImageObject","inLanguage":"it-IT","@id":"https:\/\/progettotouring.it\/radiotouring104\/#\/schema\/logo\/image\/","url":"https:\/\/progettotouring.it\/radiotouring104\/wp-content\/uploads\/sites\/6\/2022\/02\/cropped-logo-radio-touring-104.png","contentUrl":"https:\/\/progettotouring.it\/radiotouring104\/wp-content\/uploads\/sites\/6\/2022\/02\/cropped-logo-radio-touring-104.png","width":377,"height":182,"caption":"Radio Touring 104"},"image":{"@id":"https:\/\/progettotouring.it\/radiotouring104\/#\/schema\/logo\/image\/"}},{"@type":"Person","@id":"https:\/\/progettotouring.it\/radiotouring104\/#\/schema\/person\/78613917f1851f041f7483f5af1d422e","name":"Sebastiano Plutino","image":{"@type":"ImageObject","inLanguage":"it-IT","@id":"https:\/\/secure.gravatar.com\/avatar\/0546ffaa9b79224faf9f2a156b67a529ae861d3287c66c1d8ccfdf909bcba78d?s=96&d=mm&r=g","url":"https:\/\/secure.gravatar.com\/avatar\/0546ffaa9b79224faf9f2a156b67a529ae861d3287c66c1d8ccfdf909bcba78d?s=96&d=mm&r=g","contentUrl":"https:\/\/secure.gravatar.com\/avatar\/0546ffaa9b79224faf9f2a156b67a529ae861d3287c66c1d8ccfdf909bcba78d?s=96&d=mm&r=g","caption":"Sebastiano Plutino"},"url":"https:\/\/progettotouring.it\/radiotouring104\/author\/sebastiano\/"}]}},"jetpack_publicize_connections":[],"jetpack_featured_media_url":"https:\/\/progettotouring.it\/radiotouring104\/wp-content\/uploads\/sites\/6\/2024\/01\/Befana-Avis-2024.jpeg","jetpack_sharing_enabled":true,"_links":{"self":[{"href":"https:\/\/progettotouring.it\/radiotouring104\/wp-json\/wp\/v2\/posts\/42090","targetHints":{"allow":["GET"]}}],"collection":[{"href":"https:\/\/progettotouring.it\/radiotouring104\/wp-json\/wp\/v2\/posts"}],"about":[{"href":"https:\/\/progettotouring.it\/radiotouring104\/wp-json\/wp\/v2\/types\/post"}],"author":[{"embeddable":true,"href":"https:\/\/progettotouring.it\/radiotouring104\/wp-json\/wp\/v2\/users\/12"}],"replies":[{"embeddable":true,"href":"https:\/\/progettotouring.it\/radiotouring104\/wp-json\/wp\/v2\/comments?post=42090"}],"version-history":[{"count":1,"href":"https:\/\/progettotouring.it\/radiotouring104\/wp-json\/wp\/v2\/posts\/42090\/revisions"}],"predecessor-version":[{"id":42092,"href":"https:\/\/progettotouring.it\/radiotouring104\/wp-json\/wp\/v2\/posts\/42090\/revisions\/42092"}],"wp:featuredmedia":[{"embeddable":true,"href":"https:\/\/progettotouring.it\/radiotouring104\/wp-json\/wp\/v2\/media\/42091"}],"wp:attachment":[{"href":"https:\/\/progettotouring.it\/radiotouring104\/wp-json\/wp\/v2\/media?parent=42090"}],"wp:term":[{"taxonomy":"category","embeddable":true,"href":"https:\/\/progettotouring.it\/radiotouring104\/wp-json\/wp\/v2\/categories?post=42090"},{"taxonomy":"post_tag","embeddable":true,"href":"https:\/\/progettotouring.it\/radiotouring104\/wp-json\/wp\/v2\/tags?post=42090"}],"curies":[{"name":"wp","href":"https:\/\/api.w.org\/{rel}","templated":true}]}}