{"id":42093,"date":"2024-01-04T10:58:04","date_gmt":"2024-01-04T09:58:04","guid":{"rendered":"https:\/\/progettotouring.it\/radiotouring104\/?p=42093"},"modified":"2024-01-04T10:58:21","modified_gmt":"2024-01-04T09:58:21","slug":"dimensionamento-scolastico-minicuci-e-neri-delusi-da-mancata-attenzione-sullarea-grecanica","status":"publish","type":"post","link":"https:\/\/progettotouring.it\/radiotouring104\/2024\/01\/04\/dimensionamento-scolastico-minicuci-e-neri-delusi-da-mancata-attenzione-sullarea-grecanica\/","title":{"rendered":"Dimensionamento scolastico, Minicuci e Neri: \u201cDelusi da mancata attenzione sull\u2019Area Grecanica\u201d"},"content":{"rendered":"<p style=\"text-align: justify\"><strong>Il Consiglio metropolitano<\/strong> di Reggio Calabria, riunitosi nell\u2019aula Repaci di Palazzo Alvaro,<strong> ha approvato una parziale modifica al Piano di Dimensionamento della rete scolastic<\/strong>a, gi\u00e0 discusso in aula lo scorso 14 novembre 2023.<\/p>\n<p style=\"text-align: justify\"><strong>Via libera all\u2019autonomia del Liceo Classico<\/strong><em> \u2018Tommaso Campanella<\/em>\u2019 di Reggio Calabria <strong>e l\u2019Istituto Comprensivo di Melicucco<\/strong>, <strong>mantenuta inoltre l\u2019autonomia del Liceo artistico<\/strong> \u2018<em>Preti-Frangipane<\/em>\u2019 di Reggio Calabria.<\/p>\n<p style=\"text-align: justify\"><strong>I consiglieri metropolitani Antonino Minicuci e Armando Neri,<\/strong> dopo aver presentato un<strong> emendamento in favore dell\u2019autonomia del Liceo Classico<\/strong> &#8220;<em>Tommaso Campanella&#8221;<\/em> di Reggio Calabria <strong>e dell\u2019Istituto<\/strong> <em>&#8220;Megali&#8221;<\/em> di Melito Porto Salvo <strong>che non ha ottenuto l\u2019ok dall\u2019Aula Repaci, si dicono delusi per la mancata attenzione verso l\u2019Area Grecanica.<\/strong><\/p>\n<p style=\"text-align: justify\">I due esponenti della Lega, con il supporto e l&#8217;attenzione sul territorio dell&#8217;ex consigliere comunale di Melito Francesco Pizzi e dell\u2019attuale <strong>consigliere comunale Angelo Gurnari, avevano evidenziato nel corso della seduta<\/strong>:<em> \u201cLa scelta dell\u2019autonomia alla direzione didattica di Melito Porto Salvo consente di salvaguardare la complessit\u00e0 sociale e scolastica dell\u2019area grecanica nella quale insistono aree interne, minoranze linguistiche, dispersione scolastica e peculiarit\u00e0 territoriali\u201d.<\/em><\/p>\n<p style=\"text-align: justify\">Dall\u2019Aula Repaci per\u00f2, <strong>oltre ai due proponenti Minicuci e Neri soltanto il consigliere Campolo ha votato in favore dell\u2019emendamento<\/strong> avanzato senza successo dagli esponenti della Lega.<\/p>\n<p style=\"text-align: justify\"><em>\u201cImpossibile nascondere la delusione per la mancata attenzione da parte dei colleghi consiglieri. Da anni si fa un gran parlare di mettere in campo azioni incisive e concrete per la tutela delle minoranze linguistiche, che come ricordiamo \u00e8 prevista dall\u2019Art. 6 della Costituzione, ma poi nei fatti si preferisce rivolgere altrove lo sguardo. La nostra proposta <strong>&#8211;<\/strong><\/em><strong>evidenziano Minicuci e Neri-<\/strong><em> andava esattamente nella direzione di salvaguardia dell\u2019Area Grecanica, una delle 3 minoranze linguistiche calabresi riconosciute dallo Stato. <\/em><\/p>\n<p style=\"text-align: justify\"><em>Con la bocciatura dell\u2019emendamento da noi presentato, si \u00e8 persa la grande occasione di riconoscere il vero valore di quelle aree, oramai sempre pi\u00f9 abbandonate e vittime delle tante chiacchiere della politica, disattenta quando ha invece la possibilit\u00e0 di intervenire con gli strumenti adatti. Suggeriamo ai cittadini di quel territorio oggi vittime di queste scelte miopi di ricordarsene in futuro, quando esponenti politici, magari presenti oggi all\u2019interno di Palazzo Alvaro, assicureranno attenzione e interventi in favore dell\u2019Area Grecanica\u201d.<\/em><\/p>\n<p style=\"text-align: justify\"><strong>I due consiglieri metropolitani della Lega infine hanno fatto riferimento alla sentenza numero 215 della Corte Costituzionale<\/strong>, depositata il 18 luglio 2013, che chiarisce come le scuole che fanno parte di aree dove \u00e8 <strong>insita una minoranza linguistica, come nel caso dell\u2019Istituto Megali di<\/strong> Melito Porto Salvo, devono avere la deroga al sottodimensionamento.<\/p>\n<p>&nbsp;<\/p>\n","protected":false},"excerpt":{"rendered":"<p>Il Consiglio metropolitano di Reggio Calabria, riunitosi nell\u2019aula Repaci di Palazzo Alvaro, ha approvato una parziale modifica al Piano di Dimensionamento della rete scolastica, gi\u00e0 discusso in aula lo scorso&hellip;<\/p>\n","protected":false},"author":12,"featured_media":42094,"comment_status":"closed","ping_status":"open","sticky":false,"template":"","format":"standard","meta":{"_jetpack_memberships_contains_paid_content":false,"footnotes":"","jetpack_publicize_message":"","jetpack_publicize_feature_enabled":true,"jetpack_social_post_already_shared":false,"jetpack_social_options":{"image_generator_settings":{"template":"highway","default_image_id":0,"font":"","enabled":false},"version":2}},"categories":[921,196,140],"tags":[23058,26020,26018,5492,1899,7290,1941,26019],"class_list":["post-42093","post","type-post","status-publish","format-standard","has-post-thumbnail","hentry","category-home","category-news","category-reggio-calabria","tag-preti-frangipane","tag-angelo-gurnari","tag-antonino-minicuci","tag-armando-neri","tag-consiglio-metropolitano","tag-dimensionamento-scolastico","tag-liceo-classico-campanella","tag-mancata-attenzione-area-grecanica"],"yoast_head":"<!-- This site is optimized with the Yoast SEO plugin v27.2 - https:\/\/yoast.com\/product\/yoast-seo-wordpress\/ -->\n<title>Minicuci e Neri: \u201cDelusi da mancata attenzione sull\u2019Area Grecanica\u201d<\/title>\n<meta name=\"description\" content=\"I consiglieri metropolitani Minicuci e Neri si dicono delusi per la mancata attenzione verso l\u2019Area Grecanica su Dimensionamento Scolastico\" \/>\n<meta name=\"robots\" content=\"index, follow, max-snippet:-1, max-image-preview:large, max-video-preview:-1\" \/>\n<link rel=\"canonical\" href=\"https:\/\/progettotouring.it\/radiotouring104\/2024\/01\/04\/dimensionamento-scolastico-minicuci-e-neri-delusi-da-mancata-attenzione-sullarea-grecanica\/\" \/>\n<meta property=\"og:locale\" content=\"it_IT\" \/>\n<meta property=\"og:type\" content=\"article\" \/>\n<meta property=\"og:title\" content=\"Minicuci e Neri: \u201cDelusi da mancata attenzione sull\u2019Area Grecanica\u201d\" \/>\n<meta property=\"og:description\" content=\"I consiglieri metropolitani Minicuci e Neri si dicono delusi per la mancata attenzione verso l\u2019Area Grecanica su Dimensionamento Scolastico\" \/>\n<meta property=\"og:url\" content=\"https:\/\/progettotouring.it\/radiotouring104\/2024\/01\/04\/dimensionamento-scolastico-minicuci-e-neri-delusi-da-mancata-attenzione-sullarea-grecanica\/\" \/>\n<meta property=\"og:site_name\" content=\"Radio Touring 104\" \/>\n<meta property=\"article:published_time\" content=\"2024-01-04T09:58:04+00:00\" \/>\n<meta property=\"article:modified_time\" content=\"2024-01-04T09:58:21+00:00\" \/>\n<meta property=\"og:image\" content=\"https:\/\/progettotouring.it\/radiotouring104\/wp-content\/uploads\/sites\/6\/2024\/01\/Minicuci-Neri-lega.jpeg\" \/>\n\t<meta property=\"og:image:width\" content=\"892\" \/>\n\t<meta property=\"og:image:height\" content=\"548\" \/>\n\t<meta property=\"og:image:type\" content=\"image\/jpeg\" \/>\n<meta name=\"author\" content=\"Sebastiano Plutino\" \/>\n<meta name=\"twitter:card\" content=\"summary_large_image\" \/>\n<meta name=\"twitter:label1\" content=\"Scritto da\" \/>\n\t<meta name=\"twitter:data1\" content=\"Sebastiano Plutino\" \/>\n\t<meta name=\"twitter:label2\" content=\"Tempo di lettura stimato\" \/>\n\t<meta name=\"twitter:data2\" content=\"2 minuti\" \/>\n<script type=\"application\/ld+json\" class=\"yoast-schema-graph\">{\"@context\":\"https:\/\/schema.org\",\"@graph\":[{\"@type\":\"Article\",\"@id\":\"https:\/\/progettotouring.it\/radiotouring104\/2024\/01\/04\/dimensionamento-scolastico-minicuci-e-neri-delusi-da-mancata-attenzione-sullarea-grecanica\/#article\",\"isPartOf\":{\"@id\":\"https:\/\/progettotouring.it\/radiotouring104\/2024\/01\/04\/dimensionamento-scolastico-minicuci-e-neri-delusi-da-mancata-attenzione-sullarea-grecanica\/\"},\"author\":{\"name\":\"Sebastiano Plutino\",\"@id\":\"https:\/\/progettotouring.it\/radiotouring104\/#\/schema\/person\/78613917f1851f041f7483f5af1d422e\"},\"headline\":\"Dimensionamento scolastico, Minicuci e Neri: \u201cDelusi da mancata attenzione sull\u2019Area Grecanica\u201d\",\"datePublished\":\"2024-01-04T09:58:04+00:00\",\"dateModified\":\"2024-01-04T09:58:21+00:00\",\"mainEntityOfPage\":{\"@id\":\"https:\/\/progettotouring.it\/radiotouring104\/2024\/01\/04\/dimensionamento-scolastico-minicuci-e-neri-delusi-da-mancata-attenzione-sullarea-grecanica\/\"},\"wordCount\":428,\"publisher\":{\"@id\":\"https:\/\/progettotouring.it\/radiotouring104\/#organization\"},\"image\":{\"@id\":\"https:\/\/progettotouring.it\/radiotouring104\/2024\/01\/04\/dimensionamento-scolastico-minicuci-e-neri-delusi-da-mancata-attenzione-sullarea-grecanica\/#primaryimage\"},\"thumbnailUrl\":\"https:\/\/progettotouring.it\/radiotouring104\/wp-content\/uploads\/sites\/6\/2024\/01\/Minicuci-Neri-lega.jpeg\",\"keywords\":[\"\\\"Preti-Frangipane\\\"\",\"Angelo Gurnari\",\"Antonino Minicuci\",\"Armando Neri\",\"Consiglio metropolitano\",\"dimensionamento scolastico\",\"liceo classico campanella\",\"mancata attenzione Area Grecanica\u201d\"],\"articleSection\":[\"Home\",\"News\",\"Reggio Calabria\"],\"inLanguage\":\"it-IT\"},{\"@type\":\"WebPage\",\"@id\":\"https:\/\/progettotouring.it\/radiotouring104\/2024\/01\/04\/dimensionamento-scolastico-minicuci-e-neri-delusi-da-mancata-attenzione-sullarea-grecanica\/\",\"url\":\"https:\/\/progettotouring.it\/radiotouring104\/2024\/01\/04\/dimensionamento-scolastico-minicuci-e-neri-delusi-da-mancata-attenzione-sullarea-grecanica\/\",\"name\":\"Minicuci e Neri: \u201cDelusi da mancata attenzione sull\u2019Area Grecanica\u201d\",\"isPartOf\":{\"@id\":\"https:\/\/progettotouring.it\/radiotouring104\/#website\"},\"primaryImageOfPage\":{\"@id\":\"https:\/\/progettotouring.it\/radiotouring104\/2024\/01\/04\/dimensionamento-scolastico-minicuci-e-neri-delusi-da-mancata-attenzione-sullarea-grecanica\/#primaryimage\"},\"image\":{\"@id\":\"https:\/\/progettotouring.it\/radiotouring104\/2024\/01\/04\/dimensionamento-scolastico-minicuci-e-neri-delusi-da-mancata-attenzione-sullarea-grecanica\/#primaryimage\"},\"thumbnailUrl\":\"https:\/\/progettotouring.it\/radiotouring104\/wp-content\/uploads\/sites\/6\/2024\/01\/Minicuci-Neri-lega.jpeg\",\"datePublished\":\"2024-01-04T09:58:04+00:00\",\"dateModified\":\"2024-01-04T09:58:21+00:00\",\"description\":\"I consiglieri metropolitani Minicuci e Neri si dicono delusi per la mancata attenzione verso l\u2019Area Grecanica su Dimensionamento Scolastico\",\"breadcrumb\":{\"@id\":\"https:\/\/progettotouring.it\/radiotouring104\/2024\/01\/04\/dimensionamento-scolastico-minicuci-e-neri-delusi-da-mancata-attenzione-sullarea-grecanica\/#breadcrumb\"},\"inLanguage\":\"it-IT\",\"potentialAction\":[{\"@type\":\"ReadAction\",\"target\":[\"https:\/\/progettotouring.it\/radiotouring104\/2024\/01\/04\/dimensionamento-scolastico-minicuci-e-neri-delusi-da-mancata-attenzione-sullarea-grecanica\/\"]}]},{\"@type\":\"ImageObject\",\"inLanguage\":\"it-IT\",\"@id\":\"https:\/\/progettotouring.it\/radiotouring104\/2024\/01\/04\/dimensionamento-scolastico-minicuci-e-neri-delusi-da-mancata-attenzione-sullarea-grecanica\/#primaryimage\",\"url\":\"https:\/\/progettotouring.it\/radiotouring104\/wp-content\/uploads\/sites\/6\/2024\/01\/Minicuci-Neri-lega.jpeg\",\"contentUrl\":\"https:\/\/progettotouring.it\/radiotouring104\/wp-content\/uploads\/sites\/6\/2024\/01\/Minicuci-Neri-lega.jpeg\",\"width\":892,\"height\":548},{\"@type\":\"BreadcrumbList\",\"@id\":\"https:\/\/progettotouring.it\/radiotouring104\/2024\/01\/04\/dimensionamento-scolastico-minicuci-e-neri-delusi-da-mancata-attenzione-sullarea-grecanica\/#breadcrumb\",\"itemListElement\":[{\"@type\":\"ListItem\",\"position\":1,\"name\":\"Home\",\"item\":\"https:\/\/progettotouring.it\/radiotouring104\/\"},{\"@type\":\"ListItem\",\"position\":2,\"name\":\"Dimensionamento scolastico, Minicuci e Neri: \u201cDelusi da mancata attenzione sull\u2019Area Grecanica\u201d\"}]},{\"@type\":\"WebSite\",\"@id\":\"https:\/\/progettotouring.it\/radiotouring104\/#website\",\"url\":\"https:\/\/progettotouring.it\/radiotouring104\/\",\"name\":\"Radio Touring 104\",\"description\":\"La prima radio Reggina\",\"publisher\":{\"@id\":\"https:\/\/progettotouring.it\/radiotouring104\/#organization\"},\"potentialAction\":[{\"@type\":\"SearchAction\",\"target\":{\"@type\":\"EntryPoint\",\"urlTemplate\":\"https:\/\/progettotouring.it\/radiotouring104\/?s={search_term_string}\"},\"query-input\":{\"@type\":\"PropertyValueSpecification\",\"valueRequired\":true,\"valueName\":\"search_term_string\"}}],\"inLanguage\":\"it-IT\"},{\"@type\":\"Organization\",\"@id\":\"https:\/\/progettotouring.it\/radiotouring104\/#organization\",\"name\":\"Radio Touring 104\",\"url\":\"https:\/\/progettotouring.it\/radiotouring104\/\",\"logo\":{\"@type\":\"ImageObject\",\"inLanguage\":\"it-IT\",\"@id\":\"https:\/\/progettotouring.it\/radiotouring104\/#\/schema\/logo\/image\/\",\"url\":\"https:\/\/progettotouring.it\/radiotouring104\/wp-content\/uploads\/sites\/6\/2022\/02\/cropped-logo-radio-touring-104.png\",\"contentUrl\":\"https:\/\/progettotouring.it\/radiotouring104\/wp-content\/uploads\/sites\/6\/2022\/02\/cropped-logo-radio-touring-104.png\",\"width\":377,\"height\":182,\"caption\":\"Radio Touring 104\"},\"image\":{\"@id\":\"https:\/\/progettotouring.it\/radiotouring104\/#\/schema\/logo\/image\/\"}},{\"@type\":\"Person\",\"@id\":\"https:\/\/progettotouring.it\/radiotouring104\/#\/schema\/person\/78613917f1851f041f7483f5af1d422e\",\"name\":\"Sebastiano Plutino\",\"image\":{\"@type\":\"ImageObject\",\"inLanguage\":\"it-IT\",\"@id\":\"https:\/\/secure.gravatar.com\/avatar\/0546ffaa9b79224faf9f2a156b67a529ae861d3287c66c1d8ccfdf909bcba78d?s=96&d=mm&r=g\",\"url\":\"https:\/\/secure.gravatar.com\/avatar\/0546ffaa9b79224faf9f2a156b67a529ae861d3287c66c1d8ccfdf909bcba78d?s=96&d=mm&r=g\",\"contentUrl\":\"https:\/\/secure.gravatar.com\/avatar\/0546ffaa9b79224faf9f2a156b67a529ae861d3287c66c1d8ccfdf909bcba78d?s=96&d=mm&r=g\",\"caption\":\"Sebastiano Plutino\"},\"url\":\"https:\/\/progettotouring.it\/radiotouring104\/author\/sebastiano\/\"}]}<\/script>\n<!-- \/ Yoast SEO plugin. -->","yoast_head_json":{"title":"Minicuci e Neri: \u201cDelusi da mancata attenzione sull\u2019Area Grecanica\u201d","description":"I consiglieri metropolitani Minicuci e Neri si dicono delusi per la mancata attenzione verso l\u2019Area Grecanica su Dimensionamento Scolastico","robots":{"index":"index","follow":"follow","max-snippet":"max-snippet:-1","max-image-preview":"max-image-preview:large","max-video-preview":"max-video-preview:-1"},"canonical":"https:\/\/progettotouring.it\/radiotouring104\/2024\/01\/04\/dimensionamento-scolastico-minicuci-e-neri-delusi-da-mancata-attenzione-sullarea-grecanica\/","og_locale":"it_IT","og_type":"article","og_title":"Minicuci e Neri: \u201cDelusi da mancata attenzione sull\u2019Area Grecanica\u201d","og_description":"I consiglieri metropolitani Minicuci e Neri si dicono delusi per la mancata attenzione verso l\u2019Area Grecanica su Dimensionamento Scolastico","og_url":"https:\/\/progettotouring.it\/radiotouring104\/2024\/01\/04\/dimensionamento-scolastico-minicuci-e-neri-delusi-da-mancata-attenzione-sullarea-grecanica\/","og_site_name":"Radio Touring 104","article_published_time":"2024-01-04T09:58:04+00:00","article_modified_time":"2024-01-04T09:58:21+00:00","og_image":[{"width":892,"height":548,"url":"https:\/\/progettotouring.it\/radiotouring104\/wp-content\/uploads\/sites\/6\/2024\/01\/Minicuci-Neri-lega.jpeg","type":"image\/jpeg"}],"author":"Sebastiano Plutino","twitter_card":"summary_large_image","twitter_misc":{"Scritto da":"Sebastiano Plutino","Tempo di lettura stimato":"2 minuti"},"schema":{"@context":"https:\/\/schema.org","@graph":[{"@type":"Article","@id":"https:\/\/progettotouring.it\/radiotouring104\/2024\/01\/04\/dimensionamento-scolastico-minicuci-e-neri-delusi-da-mancata-attenzione-sullarea-grecanica\/#article","isPartOf":{"@id":"https:\/\/progettotouring.it\/radiotouring104\/2024\/01\/04\/dimensionamento-scolastico-minicuci-e-neri-delusi-da-mancata-attenzione-sullarea-grecanica\/"},"author":{"name":"Sebastiano Plutino","@id":"https:\/\/progettotouring.it\/radiotouring104\/#\/schema\/person\/78613917f1851f041f7483f5af1d422e"},"headline":"Dimensionamento scolastico, Minicuci e Neri: \u201cDelusi da mancata attenzione sull\u2019Area Grecanica\u201d","datePublished":"2024-01-04T09:58:04+00:00","dateModified":"2024-01-04T09:58:21+00:00","mainEntityOfPage":{"@id":"https:\/\/progettotouring.it\/radiotouring104\/2024\/01\/04\/dimensionamento-scolastico-minicuci-e-neri-delusi-da-mancata-attenzione-sullarea-grecanica\/"},"wordCount":428,"publisher":{"@id":"https:\/\/progettotouring.it\/radiotouring104\/#organization"},"image":{"@id":"https:\/\/progettotouring.it\/radiotouring104\/2024\/01\/04\/dimensionamento-scolastico-minicuci-e-neri-delusi-da-mancata-attenzione-sullarea-grecanica\/#primaryimage"},"thumbnailUrl":"https:\/\/progettotouring.it\/radiotouring104\/wp-content\/uploads\/sites\/6\/2024\/01\/Minicuci-Neri-lega.jpeg","keywords":["\"Preti-Frangipane\"","Angelo Gurnari","Antonino Minicuci","Armando Neri","Consiglio metropolitano","dimensionamento scolastico","liceo classico campanella","mancata attenzione Area Grecanica\u201d"],"articleSection":["Home","News","Reggio Calabria"],"inLanguage":"it-IT"},{"@type":"WebPage","@id":"https:\/\/progettotouring.it\/radiotouring104\/2024\/01\/04\/dimensionamento-scolastico-minicuci-e-neri-delusi-da-mancata-attenzione-sullarea-grecanica\/","url":"https:\/\/progettotouring.it\/radiotouring104\/2024\/01\/04\/dimensionamento-scolastico-minicuci-e-neri-delusi-da-mancata-attenzione-sullarea-grecanica\/","name":"Minicuci e Neri: \u201cDelusi da mancata attenzione sull\u2019Area Grecanica\u201d","isPartOf":{"@id":"https:\/\/progettotouring.it\/radiotouring104\/#website"},"primaryImageOfPage":{"@id":"https:\/\/progettotouring.it\/radiotouring104\/2024\/01\/04\/dimensionamento-scolastico-minicuci-e-neri-delusi-da-mancata-attenzione-sullarea-grecanica\/#primaryimage"},"image":{"@id":"https:\/\/progettotouring.it\/radiotouring104\/2024\/01\/04\/dimensionamento-scolastico-minicuci-e-neri-delusi-da-mancata-attenzione-sullarea-grecanica\/#primaryimage"},"thumbnailUrl":"https:\/\/progettotouring.it\/radiotouring104\/wp-content\/uploads\/sites\/6\/2024\/01\/Minicuci-Neri-lega.jpeg","datePublished":"2024-01-04T09:58:04+00:00","dateModified":"2024-01-04T09:58:21+00:00","description":"I consiglieri metropolitani Minicuci e Neri si dicono delusi per la mancata attenzione verso l\u2019Area Grecanica su Dimensionamento Scolastico","breadcrumb":{"@id":"https:\/\/progettotouring.it\/radiotouring104\/2024\/01\/04\/dimensionamento-scolastico-minicuci-e-neri-delusi-da-mancata-attenzione-sullarea-grecanica\/#breadcrumb"},"inLanguage":"it-IT","potentialAction":[{"@type":"ReadAction","target":["https:\/\/progettotouring.it\/radiotouring104\/2024\/01\/04\/dimensionamento-scolastico-minicuci-e-neri-delusi-da-mancata-attenzione-sullarea-grecanica\/"]}]},{"@type":"ImageObject","inLanguage":"it-IT","@id":"https:\/\/progettotouring.it\/radiotouring104\/2024\/01\/04\/dimensionamento-scolastico-minicuci-e-neri-delusi-da-mancata-attenzione-sullarea-grecanica\/#primaryimage","url":"https:\/\/progettotouring.it\/radiotouring104\/wp-content\/uploads\/sites\/6\/2024\/01\/Minicuci-Neri-lega.jpeg","contentUrl":"https:\/\/progettotouring.it\/radiotouring104\/wp-content\/uploads\/sites\/6\/2024\/01\/Minicuci-Neri-lega.jpeg","width":892,"height":548},{"@type":"BreadcrumbList","@id":"https:\/\/progettotouring.it\/radiotouring104\/2024\/01\/04\/dimensionamento-scolastico-minicuci-e-neri-delusi-da-mancata-attenzione-sullarea-grecanica\/#breadcrumb","itemListElement":[{"@type":"ListItem","position":1,"name":"Home","item":"https:\/\/progettotouring.it\/radiotouring104\/"},{"@type":"ListItem","position":2,"name":"Dimensionamento scolastico, Minicuci e Neri: \u201cDelusi da mancata attenzione sull\u2019Area Grecanica\u201d"}]},{"@type":"WebSite","@id":"https:\/\/progettotouring.it\/radiotouring104\/#website","url":"https:\/\/progettotouring.it\/radiotouring104\/","name":"Radio Touring 104","description":"La prima radio Reggina","publisher":{"@id":"https:\/\/progettotouring.it\/radiotouring104\/#organization"},"potentialAction":[{"@type":"SearchAction","target":{"@type":"EntryPoint","urlTemplate":"https:\/\/progettotouring.it\/radiotouring104\/?s={search_term_string}"},"query-input":{"@type":"PropertyValueSpecification","valueRequired":true,"valueName":"search_term_string"}}],"inLanguage":"it-IT"},{"@type":"Organization","@id":"https:\/\/progettotouring.it\/radiotouring104\/#organization","name":"Radio Touring 104","url":"https:\/\/progettotouring.it\/radiotouring104\/","logo":{"@type":"ImageObject","inLanguage":"it-IT","@id":"https:\/\/progettotouring.it\/radiotouring104\/#\/schema\/logo\/image\/","url":"https:\/\/progettotouring.it\/radiotouring104\/wp-content\/uploads\/sites\/6\/2022\/02\/cropped-logo-radio-touring-104.png","contentUrl":"https:\/\/progettotouring.it\/radiotouring104\/wp-content\/uploads\/sites\/6\/2022\/02\/cropped-logo-radio-touring-104.png","width":377,"height":182,"caption":"Radio Touring 104"},"image":{"@id":"https:\/\/progettotouring.it\/radiotouring104\/#\/schema\/logo\/image\/"}},{"@type":"Person","@id":"https:\/\/progettotouring.it\/radiotouring104\/#\/schema\/person\/78613917f1851f041f7483f5af1d422e","name":"Sebastiano Plutino","image":{"@type":"ImageObject","inLanguage":"it-IT","@id":"https:\/\/secure.gravatar.com\/avatar\/0546ffaa9b79224faf9f2a156b67a529ae861d3287c66c1d8ccfdf909bcba78d?s=96&d=mm&r=g","url":"https:\/\/secure.gravatar.com\/avatar\/0546ffaa9b79224faf9f2a156b67a529ae861d3287c66c1d8ccfdf909bcba78d?s=96&d=mm&r=g","contentUrl":"https:\/\/secure.gravatar.com\/avatar\/0546ffaa9b79224faf9f2a156b67a529ae861d3287c66c1d8ccfdf909bcba78d?s=96&d=mm&r=g","caption":"Sebastiano Plutino"},"url":"https:\/\/progettotouring.it\/radiotouring104\/author\/sebastiano\/"}]}},"jetpack_publicize_connections":[],"jetpack_featured_media_url":"https:\/\/progettotouring.it\/radiotouring104\/wp-content\/uploads\/sites\/6\/2024\/01\/Minicuci-Neri-lega.jpeg","jetpack_sharing_enabled":true,"_links":{"self":[{"href":"https:\/\/progettotouring.it\/radiotouring104\/wp-json\/wp\/v2\/posts\/42093","targetHints":{"allow":["GET"]}}],"collection":[{"href":"https:\/\/progettotouring.it\/radiotouring104\/wp-json\/wp\/v2\/posts"}],"about":[{"href":"https:\/\/progettotouring.it\/radiotouring104\/wp-json\/wp\/v2\/types\/post"}],"author":[{"embeddable":true,"href":"https:\/\/progettotouring.it\/radiotouring104\/wp-json\/wp\/v2\/users\/12"}],"replies":[{"embeddable":true,"href":"https:\/\/progettotouring.it\/radiotouring104\/wp-json\/wp\/v2\/comments?post=42093"}],"version-history":[{"count":2,"href":"https:\/\/progettotouring.it\/radiotouring104\/wp-json\/wp\/v2\/posts\/42093\/revisions"}],"predecessor-version":[{"id":42096,"href":"https:\/\/progettotouring.it\/radiotouring104\/wp-json\/wp\/v2\/posts\/42093\/revisions\/42096"}],"wp:featuredmedia":[{"embeddable":true,"href":"https:\/\/progettotouring.it\/radiotouring104\/wp-json\/wp\/v2\/media\/42094"}],"wp:attachment":[{"href":"https:\/\/progettotouring.it\/radiotouring104\/wp-json\/wp\/v2\/media?parent=42093"}],"wp:term":[{"taxonomy":"category","embeddable":true,"href":"https:\/\/progettotouring.it\/radiotouring104\/wp-json\/wp\/v2\/categories?post=42093"},{"taxonomy":"post_tag","embeddable":true,"href":"https:\/\/progettotouring.it\/radiotouring104\/wp-json\/wp\/v2\/tags?post=42093"}],"curies":[{"name":"wp","href":"https:\/\/api.w.org\/{rel}","templated":true}]}}