{"id":42097,"date":"2024-01-04T11:05:16","date_gmt":"2024-01-04T10:05:16","guid":{"rendered":"https:\/\/progettotouring.it\/radiotouring104\/?p=42097"},"modified":"2024-01-04T11:05:16","modified_gmt":"2024-01-04T10:05:16","slug":"fabrizia-vibo-valentia-istituto-mantiene-autonomia-soddisfatto-il-consigliere-lo-schiavo","status":"publish","type":"post","link":"https:\/\/progettotouring.it\/radiotouring104\/2024\/01\/04\/fabrizia-vibo-valentia-istituto-mantiene-autonomia-soddisfatto-il-consigliere-lo-schiavo\/","title":{"rendered":"Fabrizia (Vibo Valentia): Istituto mantiene Autonomia, soddisfatto il Consigliere Lo Schiavo"},"content":{"rendered":"<p class=\"xmprfx_gmail-MsoNoSpacing\" style=\"text-align: justify\">\u00abApprendo con soddisfazione del voto favorevole da parte del Consiglio provinciale di Vibo Valentia per il mantenimento dell\u2019autonomia scolastica dell\u2019Istituto comprensivo di Fabrizia, espresso nell\u2019ambito della rimodulazione del Piano di dimensionamento scolastico che ha consentito al territorio provinciale di recuperare una dirigenza, grazie alla deroga prevista dal Decreto Milleproroghe. \u00c8 una scelta, quella operata dall\u2019assemblea provinciale, che va nella direzione che io stesso avevo auspicato per una maggiore garanzia del diritto allo studio nell\u2019area geograficamente pi\u00f9 svantaggiata della provincia, dove pi\u00f9 nefasti risulterebbero gli effetti dei tagli al sistema della scuola pubblica. Ed \u00e8 una dimostrazione di sensibilit\u00e0 e di responsabilit\u00e0 anche politica, da parte dei consiglieri chiamati a determinarsi sul punto, rispetto alle sorti delle aree interne della regione che gi\u00e0 conoscono importanti fenomeni di spopolamento e di marginalit\u00e0. A loro, quindi, va il mio plauso per aver colto l\u2019importanza della questione, cos\u00ec come non posso che ringraziare i comitati dei genitori e i sindaci dell\u2019area delle Serre vibonesi che fin dal primo momento si sono battuti per tutelare l\u2019autonomia scolastica\u00bb.<\/p>\n<p class=\"xmprfx_gmail-MsoNoSpacing\" style=\"text-align: justify\"><strong>Cos\u00ec il consigliere regionale Antonio Lo Schiavo<\/strong>, presidente del Gruppo misto \u2013 Liberamente progressisti, <strong>sul voto del Consiglio provinciale di Vibo Valentia che si \u00e8 determinato a favore del mantenimento dell\u2019autonomia scolastica dell\u2019Istituto comprensivo di Fabrizia.<\/strong><\/p>\n<div style=\"text-align: justify\"><\/div>\n<p style=\"text-align: justify\">\n<p>&nbsp;<\/p>\n","protected":false},"excerpt":{"rendered":"<p>\u00abApprendo con soddisfazione del voto favorevole da parte del Consiglio provinciale di Vibo Valentia per il mantenimento dell\u2019autonomia scolastica dell\u2019Istituto comprensivo di Fabrizia, espresso nell\u2019ambito della rimodulazione del Piano di&hellip;<\/p>\n","protected":false},"author":12,"featured_media":16637,"comment_status":"closed","ping_status":"open","sticky":false,"template":"","format":"standard","meta":{"_jetpack_memberships_contains_paid_content":false,"footnotes":"","jetpack_publicize_message":"","jetpack_publicize_feature_enabled":true,"jetpack_social_post_already_shared":false,"jetpack_social_options":{"image_generator_settings":{"template":"highway","default_image_id":0,"font":"","enabled":false},"version":2}},"categories":[142,921,196],"tags":[1816,26022,26021,7290,644],"class_list":["post-42097","post","type-post","status-publish","format-standard","has-post-thumbnail","hentry","category-calabria","category-home","category-news","tag-antonio-lo-schiavo","tag-autonomia-scolastica","tag-comune-di-fabrizia","tag-dimensionamento-scolastico","tag-vibo-valentia"],"yoast_head":"<!-- This site is optimized with the Yoast SEO plugin v27.2 - https:\/\/yoast.com\/product\/yoast-seo-wordpress\/ -->\n<title>Fabrizia: Istituto mantiene Autonomia, soddisfatto Lo Schiavo<\/title>\n<meta name=\"description\" content=\"Il Consigliere regionale soddisfatto sul mantenimento dell\u2019autonomia scolastica dell\u2019Istituto comprensivo di Fabrizia.\" \/>\n<meta name=\"robots\" content=\"index, follow, max-snippet:-1, max-image-preview:large, max-video-preview:-1\" \/>\n<link rel=\"canonical\" href=\"https:\/\/progettotouring.it\/radiotouring104\/2024\/01\/04\/fabrizia-vibo-valentia-istituto-mantiene-autonomia-soddisfatto-il-consigliere-lo-schiavo\/\" \/>\n<meta property=\"og:locale\" content=\"it_IT\" \/>\n<meta property=\"og:type\" content=\"article\" \/>\n<meta property=\"og:title\" content=\"Fabrizia: Istituto mantiene Autonomia, soddisfatto Lo Schiavo\" \/>\n<meta property=\"og:description\" content=\"Il Consigliere regionale soddisfatto sul mantenimento dell\u2019autonomia scolastica dell\u2019Istituto comprensivo di Fabrizia.\" \/>\n<meta property=\"og:url\" content=\"https:\/\/progettotouring.it\/radiotouring104\/2024\/01\/04\/fabrizia-vibo-valentia-istituto-mantiene-autonomia-soddisfatto-il-consigliere-lo-schiavo\/\" \/>\n<meta property=\"og:site_name\" content=\"Radio Touring 104\" \/>\n<meta property=\"article:published_time\" content=\"2024-01-04T10:05:16+00:00\" \/>\n<meta property=\"og:image\" content=\"https:\/\/progettotouring.it\/radiotouring104\/wp-content\/uploads\/sites\/6\/2023\/01\/Lo-Schiavo-Antonio.jpg\" \/>\n\t<meta property=\"og:image:width\" content=\"200\" \/>\n\t<meta property=\"og:image:height\" content=\"270\" \/>\n\t<meta property=\"og:image:type\" content=\"image\/jpeg\" \/>\n<meta name=\"author\" content=\"Sebastiano Plutino\" \/>\n<meta name=\"twitter:card\" content=\"summary_large_image\" \/>\n<meta name=\"twitter:label1\" content=\"Scritto da\" \/>\n\t<meta name=\"twitter:data1\" content=\"Sebastiano Plutino\" \/>\n\t<meta name=\"twitter:label2\" content=\"Tempo di lettura stimato\" \/>\n\t<meta name=\"twitter:data2\" content=\"1 minuto\" \/>\n<script type=\"application\/ld+json\" class=\"yoast-schema-graph\">{\"@context\":\"https:\/\/schema.org\",\"@graph\":[{\"@type\":\"Article\",\"@id\":\"https:\/\/progettotouring.it\/radiotouring104\/2024\/01\/04\/fabrizia-vibo-valentia-istituto-mantiene-autonomia-soddisfatto-il-consigliere-lo-schiavo\/#article\",\"isPartOf\":{\"@id\":\"https:\/\/progettotouring.it\/radiotouring104\/2024\/01\/04\/fabrizia-vibo-valentia-istituto-mantiene-autonomia-soddisfatto-il-consigliere-lo-schiavo\/\"},\"author\":{\"name\":\"Sebastiano Plutino\",\"@id\":\"https:\/\/progettotouring.it\/radiotouring104\/#\/schema\/person\/78613917f1851f041f7483f5af1d422e\"},\"headline\":\"Fabrizia (Vibo Valentia): Istituto mantiene Autonomia, soddisfatto il Consigliere Lo Schiavo\",\"datePublished\":\"2024-01-04T10:05:16+00:00\",\"mainEntityOfPage\":{\"@id\":\"https:\/\/progettotouring.it\/radiotouring104\/2024\/01\/04\/fabrizia-vibo-valentia-istituto-mantiene-autonomia-soddisfatto-il-consigliere-lo-schiavo\/\"},\"wordCount\":226,\"publisher\":{\"@id\":\"https:\/\/progettotouring.it\/radiotouring104\/#organization\"},\"image\":{\"@id\":\"https:\/\/progettotouring.it\/radiotouring104\/2024\/01\/04\/fabrizia-vibo-valentia-istituto-mantiene-autonomia-soddisfatto-il-consigliere-lo-schiavo\/#primaryimage\"},\"thumbnailUrl\":\"https:\/\/progettotouring.it\/radiotouring104\/wp-content\/uploads\/sites\/6\/2023\/01\/Lo-Schiavo-Antonio.jpg\",\"keywords\":[\"antonio lo schiavo\",\"Autonomia Scolastica\",\"Comune di Fabrizia\",\"dimensionamento scolastico\",\"vibo valentia\"],\"articleSection\":[\"Calabria\",\"Home\",\"News\"],\"inLanguage\":\"it-IT\"},{\"@type\":\"WebPage\",\"@id\":\"https:\/\/progettotouring.it\/radiotouring104\/2024\/01\/04\/fabrizia-vibo-valentia-istituto-mantiene-autonomia-soddisfatto-il-consigliere-lo-schiavo\/\",\"url\":\"https:\/\/progettotouring.it\/radiotouring104\/2024\/01\/04\/fabrizia-vibo-valentia-istituto-mantiene-autonomia-soddisfatto-il-consigliere-lo-schiavo\/\",\"name\":\"Fabrizia: Istituto mantiene Autonomia, soddisfatto Lo Schiavo\",\"isPartOf\":{\"@id\":\"https:\/\/progettotouring.it\/radiotouring104\/#website\"},\"primaryImageOfPage\":{\"@id\":\"https:\/\/progettotouring.it\/radiotouring104\/2024\/01\/04\/fabrizia-vibo-valentia-istituto-mantiene-autonomia-soddisfatto-il-consigliere-lo-schiavo\/#primaryimage\"},\"image\":{\"@id\":\"https:\/\/progettotouring.it\/radiotouring104\/2024\/01\/04\/fabrizia-vibo-valentia-istituto-mantiene-autonomia-soddisfatto-il-consigliere-lo-schiavo\/#primaryimage\"},\"thumbnailUrl\":\"https:\/\/progettotouring.it\/radiotouring104\/wp-content\/uploads\/sites\/6\/2023\/01\/Lo-Schiavo-Antonio.jpg\",\"datePublished\":\"2024-01-04T10:05:16+00:00\",\"description\":\"Il Consigliere regionale soddisfatto sul mantenimento dell\u2019autonomia scolastica dell\u2019Istituto comprensivo di Fabrizia.\",\"breadcrumb\":{\"@id\":\"https:\/\/progettotouring.it\/radiotouring104\/2024\/01\/04\/fabrizia-vibo-valentia-istituto-mantiene-autonomia-soddisfatto-il-consigliere-lo-schiavo\/#breadcrumb\"},\"inLanguage\":\"it-IT\",\"potentialAction\":[{\"@type\":\"ReadAction\",\"target\":[\"https:\/\/progettotouring.it\/radiotouring104\/2024\/01\/04\/fabrizia-vibo-valentia-istituto-mantiene-autonomia-soddisfatto-il-consigliere-lo-schiavo\/\"]}]},{\"@type\":\"ImageObject\",\"inLanguage\":\"it-IT\",\"@id\":\"https:\/\/progettotouring.it\/radiotouring104\/2024\/01\/04\/fabrizia-vibo-valentia-istituto-mantiene-autonomia-soddisfatto-il-consigliere-lo-schiavo\/#primaryimage\",\"url\":\"https:\/\/progettotouring.it\/radiotouring104\/wp-content\/uploads\/sites\/6\/2023\/01\/Lo-Schiavo-Antonio.jpg\",\"contentUrl\":\"https:\/\/progettotouring.it\/radiotouring104\/wp-content\/uploads\/sites\/6\/2023\/01\/Lo-Schiavo-Antonio.jpg\",\"width\":200,\"height\":270},{\"@type\":\"BreadcrumbList\",\"@id\":\"https:\/\/progettotouring.it\/radiotouring104\/2024\/01\/04\/fabrizia-vibo-valentia-istituto-mantiene-autonomia-soddisfatto-il-consigliere-lo-schiavo\/#breadcrumb\",\"itemListElement\":[{\"@type\":\"ListItem\",\"position\":1,\"name\":\"Home\",\"item\":\"https:\/\/progettotouring.it\/radiotouring104\/\"},{\"@type\":\"ListItem\",\"position\":2,\"name\":\"Fabrizia (Vibo Valentia): Istituto mantiene Autonomia, soddisfatto il Consigliere Lo Schiavo\"}]},{\"@type\":\"WebSite\",\"@id\":\"https:\/\/progettotouring.it\/radiotouring104\/#website\",\"url\":\"https:\/\/progettotouring.it\/radiotouring104\/\",\"name\":\"Radio Touring 104\",\"description\":\"La prima radio Reggina\",\"publisher\":{\"@id\":\"https:\/\/progettotouring.it\/radiotouring104\/#organization\"},\"potentialAction\":[{\"@type\":\"SearchAction\",\"target\":{\"@type\":\"EntryPoint\",\"urlTemplate\":\"https:\/\/progettotouring.it\/radiotouring104\/?s={search_term_string}\"},\"query-input\":{\"@type\":\"PropertyValueSpecification\",\"valueRequired\":true,\"valueName\":\"search_term_string\"}}],\"inLanguage\":\"it-IT\"},{\"@type\":\"Organization\",\"@id\":\"https:\/\/progettotouring.it\/radiotouring104\/#organization\",\"name\":\"Radio Touring 104\",\"url\":\"https:\/\/progettotouring.it\/radiotouring104\/\",\"logo\":{\"@type\":\"ImageObject\",\"inLanguage\":\"it-IT\",\"@id\":\"https:\/\/progettotouring.it\/radiotouring104\/#\/schema\/logo\/image\/\",\"url\":\"https:\/\/progettotouring.it\/radiotouring104\/wp-content\/uploads\/sites\/6\/2022\/02\/cropped-logo-radio-touring-104.png\",\"contentUrl\":\"https:\/\/progettotouring.it\/radiotouring104\/wp-content\/uploads\/sites\/6\/2022\/02\/cropped-logo-radio-touring-104.png\",\"width\":377,\"height\":182,\"caption\":\"Radio Touring 104\"},\"image\":{\"@id\":\"https:\/\/progettotouring.it\/radiotouring104\/#\/schema\/logo\/image\/\"}},{\"@type\":\"Person\",\"@id\":\"https:\/\/progettotouring.it\/radiotouring104\/#\/schema\/person\/78613917f1851f041f7483f5af1d422e\",\"name\":\"Sebastiano Plutino\",\"image\":{\"@type\":\"ImageObject\",\"inLanguage\":\"it-IT\",\"@id\":\"https:\/\/secure.gravatar.com\/avatar\/0546ffaa9b79224faf9f2a156b67a529ae861d3287c66c1d8ccfdf909bcba78d?s=96&d=mm&r=g\",\"url\":\"https:\/\/secure.gravatar.com\/avatar\/0546ffaa9b79224faf9f2a156b67a529ae861d3287c66c1d8ccfdf909bcba78d?s=96&d=mm&r=g\",\"contentUrl\":\"https:\/\/secure.gravatar.com\/avatar\/0546ffaa9b79224faf9f2a156b67a529ae861d3287c66c1d8ccfdf909bcba78d?s=96&d=mm&r=g\",\"caption\":\"Sebastiano Plutino\"},\"url\":\"https:\/\/progettotouring.it\/radiotouring104\/author\/sebastiano\/\"}]}<\/script>\n<!-- \/ Yoast SEO plugin. -->","yoast_head_json":{"title":"Fabrizia: Istituto mantiene Autonomia, soddisfatto Lo Schiavo","description":"Il Consigliere regionale soddisfatto sul mantenimento dell\u2019autonomia scolastica dell\u2019Istituto comprensivo di Fabrizia.","robots":{"index":"index","follow":"follow","max-snippet":"max-snippet:-1","max-image-preview":"max-image-preview:large","max-video-preview":"max-video-preview:-1"},"canonical":"https:\/\/progettotouring.it\/radiotouring104\/2024\/01\/04\/fabrizia-vibo-valentia-istituto-mantiene-autonomia-soddisfatto-il-consigliere-lo-schiavo\/","og_locale":"it_IT","og_type":"article","og_title":"Fabrizia: Istituto mantiene Autonomia, soddisfatto Lo Schiavo","og_description":"Il Consigliere regionale soddisfatto sul mantenimento dell\u2019autonomia scolastica dell\u2019Istituto comprensivo di Fabrizia.","og_url":"https:\/\/progettotouring.it\/radiotouring104\/2024\/01\/04\/fabrizia-vibo-valentia-istituto-mantiene-autonomia-soddisfatto-il-consigliere-lo-schiavo\/","og_site_name":"Radio Touring 104","article_published_time":"2024-01-04T10:05:16+00:00","og_image":[{"width":200,"height":270,"url":"https:\/\/progettotouring.it\/radiotouring104\/wp-content\/uploads\/sites\/6\/2023\/01\/Lo-Schiavo-Antonio.jpg","type":"image\/jpeg"}],"author":"Sebastiano Plutino","twitter_card":"summary_large_image","twitter_misc":{"Scritto da":"Sebastiano Plutino","Tempo di lettura stimato":"1 minuto"},"schema":{"@context":"https:\/\/schema.org","@graph":[{"@type":"Article","@id":"https:\/\/progettotouring.it\/radiotouring104\/2024\/01\/04\/fabrizia-vibo-valentia-istituto-mantiene-autonomia-soddisfatto-il-consigliere-lo-schiavo\/#article","isPartOf":{"@id":"https:\/\/progettotouring.it\/radiotouring104\/2024\/01\/04\/fabrizia-vibo-valentia-istituto-mantiene-autonomia-soddisfatto-il-consigliere-lo-schiavo\/"},"author":{"name":"Sebastiano Plutino","@id":"https:\/\/progettotouring.it\/radiotouring104\/#\/schema\/person\/78613917f1851f041f7483f5af1d422e"},"headline":"Fabrizia (Vibo Valentia): Istituto mantiene Autonomia, soddisfatto il Consigliere Lo Schiavo","datePublished":"2024-01-04T10:05:16+00:00","mainEntityOfPage":{"@id":"https:\/\/progettotouring.it\/radiotouring104\/2024\/01\/04\/fabrizia-vibo-valentia-istituto-mantiene-autonomia-soddisfatto-il-consigliere-lo-schiavo\/"},"wordCount":226,"publisher":{"@id":"https:\/\/progettotouring.it\/radiotouring104\/#organization"},"image":{"@id":"https:\/\/progettotouring.it\/radiotouring104\/2024\/01\/04\/fabrizia-vibo-valentia-istituto-mantiene-autonomia-soddisfatto-il-consigliere-lo-schiavo\/#primaryimage"},"thumbnailUrl":"https:\/\/progettotouring.it\/radiotouring104\/wp-content\/uploads\/sites\/6\/2023\/01\/Lo-Schiavo-Antonio.jpg","keywords":["antonio lo schiavo","Autonomia Scolastica","Comune di Fabrizia","dimensionamento scolastico","vibo valentia"],"articleSection":["Calabria","Home","News"],"inLanguage":"it-IT"},{"@type":"WebPage","@id":"https:\/\/progettotouring.it\/radiotouring104\/2024\/01\/04\/fabrizia-vibo-valentia-istituto-mantiene-autonomia-soddisfatto-il-consigliere-lo-schiavo\/","url":"https:\/\/progettotouring.it\/radiotouring104\/2024\/01\/04\/fabrizia-vibo-valentia-istituto-mantiene-autonomia-soddisfatto-il-consigliere-lo-schiavo\/","name":"Fabrizia: Istituto mantiene Autonomia, soddisfatto Lo Schiavo","isPartOf":{"@id":"https:\/\/progettotouring.it\/radiotouring104\/#website"},"primaryImageOfPage":{"@id":"https:\/\/progettotouring.it\/radiotouring104\/2024\/01\/04\/fabrizia-vibo-valentia-istituto-mantiene-autonomia-soddisfatto-il-consigliere-lo-schiavo\/#primaryimage"},"image":{"@id":"https:\/\/progettotouring.it\/radiotouring104\/2024\/01\/04\/fabrizia-vibo-valentia-istituto-mantiene-autonomia-soddisfatto-il-consigliere-lo-schiavo\/#primaryimage"},"thumbnailUrl":"https:\/\/progettotouring.it\/radiotouring104\/wp-content\/uploads\/sites\/6\/2023\/01\/Lo-Schiavo-Antonio.jpg","datePublished":"2024-01-04T10:05:16+00:00","description":"Il Consigliere regionale soddisfatto sul mantenimento dell\u2019autonomia scolastica dell\u2019Istituto comprensivo di Fabrizia.","breadcrumb":{"@id":"https:\/\/progettotouring.it\/radiotouring104\/2024\/01\/04\/fabrizia-vibo-valentia-istituto-mantiene-autonomia-soddisfatto-il-consigliere-lo-schiavo\/#breadcrumb"},"inLanguage":"it-IT","potentialAction":[{"@type":"ReadAction","target":["https:\/\/progettotouring.it\/radiotouring104\/2024\/01\/04\/fabrizia-vibo-valentia-istituto-mantiene-autonomia-soddisfatto-il-consigliere-lo-schiavo\/"]}]},{"@type":"ImageObject","inLanguage":"it-IT","@id":"https:\/\/progettotouring.it\/radiotouring104\/2024\/01\/04\/fabrizia-vibo-valentia-istituto-mantiene-autonomia-soddisfatto-il-consigliere-lo-schiavo\/#primaryimage","url":"https:\/\/progettotouring.it\/radiotouring104\/wp-content\/uploads\/sites\/6\/2023\/01\/Lo-Schiavo-Antonio.jpg","contentUrl":"https:\/\/progettotouring.it\/radiotouring104\/wp-content\/uploads\/sites\/6\/2023\/01\/Lo-Schiavo-Antonio.jpg","width":200,"height":270},{"@type":"BreadcrumbList","@id":"https:\/\/progettotouring.it\/radiotouring104\/2024\/01\/04\/fabrizia-vibo-valentia-istituto-mantiene-autonomia-soddisfatto-il-consigliere-lo-schiavo\/#breadcrumb","itemListElement":[{"@type":"ListItem","position":1,"name":"Home","item":"https:\/\/progettotouring.it\/radiotouring104\/"},{"@type":"ListItem","position":2,"name":"Fabrizia (Vibo Valentia): Istituto mantiene Autonomia, soddisfatto il Consigliere Lo Schiavo"}]},{"@type":"WebSite","@id":"https:\/\/progettotouring.it\/radiotouring104\/#website","url":"https:\/\/progettotouring.it\/radiotouring104\/","name":"Radio Touring 104","description":"La prima radio Reggina","publisher":{"@id":"https:\/\/progettotouring.it\/radiotouring104\/#organization"},"potentialAction":[{"@type":"SearchAction","target":{"@type":"EntryPoint","urlTemplate":"https:\/\/progettotouring.it\/radiotouring104\/?s={search_term_string}"},"query-input":{"@type":"PropertyValueSpecification","valueRequired":true,"valueName":"search_term_string"}}],"inLanguage":"it-IT"},{"@type":"Organization","@id":"https:\/\/progettotouring.it\/radiotouring104\/#organization","name":"Radio Touring 104","url":"https:\/\/progettotouring.it\/radiotouring104\/","logo":{"@type":"ImageObject","inLanguage":"it-IT","@id":"https:\/\/progettotouring.it\/radiotouring104\/#\/schema\/logo\/image\/","url":"https:\/\/progettotouring.it\/radiotouring104\/wp-content\/uploads\/sites\/6\/2022\/02\/cropped-logo-radio-touring-104.png","contentUrl":"https:\/\/progettotouring.it\/radiotouring104\/wp-content\/uploads\/sites\/6\/2022\/02\/cropped-logo-radio-touring-104.png","width":377,"height":182,"caption":"Radio Touring 104"},"image":{"@id":"https:\/\/progettotouring.it\/radiotouring104\/#\/schema\/logo\/image\/"}},{"@type":"Person","@id":"https:\/\/progettotouring.it\/radiotouring104\/#\/schema\/person\/78613917f1851f041f7483f5af1d422e","name":"Sebastiano Plutino","image":{"@type":"ImageObject","inLanguage":"it-IT","@id":"https:\/\/secure.gravatar.com\/avatar\/0546ffaa9b79224faf9f2a156b67a529ae861d3287c66c1d8ccfdf909bcba78d?s=96&d=mm&r=g","url":"https:\/\/secure.gravatar.com\/avatar\/0546ffaa9b79224faf9f2a156b67a529ae861d3287c66c1d8ccfdf909bcba78d?s=96&d=mm&r=g","contentUrl":"https:\/\/secure.gravatar.com\/avatar\/0546ffaa9b79224faf9f2a156b67a529ae861d3287c66c1d8ccfdf909bcba78d?s=96&d=mm&r=g","caption":"Sebastiano Plutino"},"url":"https:\/\/progettotouring.it\/radiotouring104\/author\/sebastiano\/"}]}},"jetpack_publicize_connections":[],"jetpack_featured_media_url":"https:\/\/progettotouring.it\/radiotouring104\/wp-content\/uploads\/sites\/6\/2023\/01\/Lo-Schiavo-Antonio.jpg","jetpack_sharing_enabled":true,"_links":{"self":[{"href":"https:\/\/progettotouring.it\/radiotouring104\/wp-json\/wp\/v2\/posts\/42097","targetHints":{"allow":["GET"]}}],"collection":[{"href":"https:\/\/progettotouring.it\/radiotouring104\/wp-json\/wp\/v2\/posts"}],"about":[{"href":"https:\/\/progettotouring.it\/radiotouring104\/wp-json\/wp\/v2\/types\/post"}],"author":[{"embeddable":true,"href":"https:\/\/progettotouring.it\/radiotouring104\/wp-json\/wp\/v2\/users\/12"}],"replies":[{"embeddable":true,"href":"https:\/\/progettotouring.it\/radiotouring104\/wp-json\/wp\/v2\/comments?post=42097"}],"version-history":[{"count":1,"href":"https:\/\/progettotouring.it\/radiotouring104\/wp-json\/wp\/v2\/posts\/42097\/revisions"}],"predecessor-version":[{"id":42098,"href":"https:\/\/progettotouring.it\/radiotouring104\/wp-json\/wp\/v2\/posts\/42097\/revisions\/42098"}],"wp:featuredmedia":[{"embeddable":true,"href":"https:\/\/progettotouring.it\/radiotouring104\/wp-json\/wp\/v2\/media\/16637"}],"wp:attachment":[{"href":"https:\/\/progettotouring.it\/radiotouring104\/wp-json\/wp\/v2\/media?parent=42097"}],"wp:term":[{"taxonomy":"category","embeddable":true,"href":"https:\/\/progettotouring.it\/radiotouring104\/wp-json\/wp\/v2\/categories?post=42097"},{"taxonomy":"post_tag","embeddable":true,"href":"https:\/\/progettotouring.it\/radiotouring104\/wp-json\/wp\/v2\/tags?post=42097"}],"curies":[{"name":"wp","href":"https:\/\/api.w.org\/{rel}","templated":true}]}}