{"id":42099,"date":"2024-01-04T11:39:47","date_gmt":"2024-01-04T10:39:47","guid":{"rendered":"https:\/\/progettotouring.it\/radiotouring104\/?p=42099"},"modified":"2024-01-04T11:39:47","modified_gmt":"2024-01-04T10:39:47","slug":"isola-capo-rizzuto-sopralluogo-del-consigliere-alecci-alla-casa-della-legalita-piersanti-mattarella-vandalizzata-dalla-malavita","status":"publish","type":"post","link":"https:\/\/progettotouring.it\/radiotouring104\/2024\/01\/04\/isola-capo-rizzuto-sopralluogo-del-consigliere-alecci-alla-casa-della-legalita-piersanti-mattarella-vandalizzata-dalla-malavita\/","title":{"rendered":"Isola Capo Rizzuto: sopralluogo del Consigliere Alecci alla \u201cCasa della Legalit\u00e0 Piersanti Mattarella\u201d vandalizzata dalla malavita."},"content":{"rendered":"<p style=\"text-align: justify\"><em>&#8220;Ho deciso di partire con l\u2019attivit\u00e0 politica del nuovo anno effettuando un sopralluogo presso la \u201cCasa della legalit\u00e0 Piersanti Mattarella\u201d di Isola Capo Rizzuto, teatro pochissimi giorni fa di una fatto increscioso, deplorevole. La struttura, consegnata all\u2019Associazione \u201cValentia\u201d dall\u2019Agenzia Nazionale dei Beni Sequestrati e Confiscati alla Criminalit\u00e0 (Anbsc), \u00e8 stata vandalizzata dalla \u2018ndrangheta, che ha voluto colpire simbolicamente il desiderio di riscatto di questo territorio e di questa comunit\u00e0. Ho potuto constatare con i miei occhi la devastazione successiva a questo raid che ha reso impraticabile, per ora, quello che sar\u00e0 un centro di aggregazione sociale, con biblioteca e aule studio soprattutto per i pi\u00f9 giovani. Oltre a portare la mia solidariet\u00e0 ai rappresentanti e al Presidente dell\u2019Associazione Lo Bianco, ho voluto, infatti, dare un segnale forte presentando contestualmente in Consiglio Regionale una mozione affinch\u00e8 la Giunta Regionale possa impegnare da subito, senza perdere tempo, parte delle risorse dedicate ai beni confiscati alla mafia per la ristrutturazione di questo fabbricato. Dobbiamo essere protagonisti di una risposta forte e immediata alla malavita, per dire ancora una volta che lo Stato c\u2019\u00e8, \u00e8 presente anche in territori difficili e complicati, e che la \u2018ndrangheta fa schifo e deve essere combattuta e contrastata in tutti i modi possibili.<\/em><\/p>\n<p style=\"text-align: justify\"><em>Insieme a me hanno partecipato al sopralluogo il Sindaco di Isola Capo Rizzuto Maria Grazia Vittimberga, che intendo ringraziare per la disponibilit\u00e0 e per le azioni che metter\u00e0 in campo in favore di questo ambizioso progetto, e il Capogruppo del Partito Democratico in Consiglio Comunale, l\u2019amico Gaspare Cavaliere. \u00a0Quanto accaduto rappresenta certamente un duro colpo, che, per\u00f2, non deve assolutamente arrestare la realizzazione del progetto iniziale. Mi auguro, dunque, che anche grazie alla mozione presentata gi\u00e0 nelle prossime settimane possano arrivare dei contributi importanti per riprendere e concludere i lavori di questa struttura, che cos\u00ec potr\u00e0 diventare un luogo e un simbolo di riscatto non solo per Isola Capo Rizzuto e per la Provincia di Crotone, ma per tutta la Calabria. &#8221;\u00a0\u00a0<\/em><\/p>\n<p>&nbsp;<\/p>\n<p><strong>\u00a0<\/strong><\/p>\n<p><strong>\u00a0<\/strong><\/p>\n<p><strong>\u00a0<\/strong><\/p>\n<p><strong>\u00a0<\/strong><\/p>\n<p><strong>\u00a0<\/strong><\/p>\n<p><strong>\u00a0<\/strong><\/p>\n","protected":false},"excerpt":{"rendered":"<p>&#8220;Ho deciso di partire con l\u2019attivit\u00e0 politica del nuovo anno effettuando un sopralluogo presso la \u201cCasa della legalit\u00e0 Piersanti Mattarella\u201d di Isola Capo Rizzuto, teatro pochissimi giorni fa di una&hellip;<\/p>\n","protected":false},"author":12,"featured_media":42101,"comment_status":"closed","ping_status":"open","sticky":false,"template":"","format":"standard","meta":{"_jetpack_memberships_contains_paid_content":false,"footnotes":"","jetpack_publicize_message":"","jetpack_publicize_feature_enabled":true,"jetpack_social_post_already_shared":false,"jetpack_social_options":{"image_generator_settings":{"template":"highway","default_image_id":0,"font":"","enabled":false},"version":2}},"categories":[142,921,196],"tags":[26023,3889,2355,2358],"class_list":["post-42099","post","type-post","status-publish","format-standard","has-post-thumbnail","hentry","category-calabria","category-home","category-news","tag-casa-legalita-piersanti-mattarella","tag-ernesto-alecci","tag-isola-capo-rizzuto","tag-maria-grazia-vittimberga"],"yoast_head":"<!-- This site is optimized with the Yoast SEO plugin v27.2 - https:\/\/yoast.com\/product\/yoast-seo-wordpress\/ -->\n<title>Sopralluogo Alecci a \u201cCasa Legalit\u00e0 Mattarella&quot; vandalizzata<\/title>\n<meta name=\"description\" content=\"&quot;Piena solidariet\u00e0 all\u2019Ass. Valentia. Ho presentato mozione per reperire fondi da destinare a ristrutturazione fabbricato&quot;, dichiara Alecci\" \/>\n<meta name=\"robots\" content=\"index, follow, max-snippet:-1, max-image-preview:large, max-video-preview:-1\" \/>\n<link rel=\"canonical\" href=\"https:\/\/progettotouring.it\/radiotouring104\/2024\/01\/04\/isola-capo-rizzuto-sopralluogo-del-consigliere-alecci-alla-casa-della-legalita-piersanti-mattarella-vandalizzata-dalla-malavita\/\" \/>\n<meta property=\"og:locale\" content=\"it_IT\" \/>\n<meta property=\"og:type\" content=\"article\" \/>\n<meta property=\"og:title\" content=\"Sopralluogo Alecci a \u201cCasa Legalit\u00e0 Mattarella&quot; vandalizzata\" \/>\n<meta property=\"og:description\" content=\"&quot;Piena solidariet\u00e0 all\u2019Ass. Valentia. Ho presentato mozione per reperire fondi da destinare a ristrutturazione fabbricato&quot;, dichiara Alecci\" \/>\n<meta property=\"og:url\" content=\"https:\/\/progettotouring.it\/radiotouring104\/2024\/01\/04\/isola-capo-rizzuto-sopralluogo-del-consigliere-alecci-alla-casa-della-legalita-piersanti-mattarella-vandalizzata-dalla-malavita\/\" \/>\n<meta property=\"og:site_name\" content=\"Radio Touring 104\" \/>\n<meta property=\"article:published_time\" content=\"2024-01-04T10:39:47+00:00\" \/>\n<meta property=\"og:image\" content=\"https:\/\/progettotouring.it\/radiotouring104\/wp-content\/uploads\/sites\/6\/2024\/01\/Alecci-sopralluogo-isola-scaled.jpg\" \/>\n\t<meta property=\"og:image:width\" content=\"2560\" \/>\n\t<meta property=\"og:image:height\" content=\"1479\" \/>\n\t<meta property=\"og:image:type\" content=\"image\/jpeg\" \/>\n<meta name=\"author\" content=\"Sebastiano Plutino\" \/>\n<meta name=\"twitter:card\" content=\"summary_large_image\" \/>\n<meta name=\"twitter:label1\" content=\"Scritto da\" \/>\n\t<meta name=\"twitter:data1\" content=\"Sebastiano Plutino\" \/>\n\t<meta name=\"twitter:label2\" content=\"Tempo di lettura stimato\" \/>\n\t<meta name=\"twitter:data2\" content=\"2 minuti\" \/>\n<script type=\"application\/ld+json\" class=\"yoast-schema-graph\">{\"@context\":\"https:\/\/schema.org\",\"@graph\":[{\"@type\":\"Article\",\"@id\":\"https:\/\/progettotouring.it\/radiotouring104\/2024\/01\/04\/isola-capo-rizzuto-sopralluogo-del-consigliere-alecci-alla-casa-della-legalita-piersanti-mattarella-vandalizzata-dalla-malavita\/#article\",\"isPartOf\":{\"@id\":\"https:\/\/progettotouring.it\/radiotouring104\/2024\/01\/04\/isola-capo-rizzuto-sopralluogo-del-consigliere-alecci-alla-casa-della-legalita-piersanti-mattarella-vandalizzata-dalla-malavita\/\"},\"author\":{\"name\":\"Sebastiano Plutino\",\"@id\":\"https:\/\/progettotouring.it\/radiotouring104\/#\/schema\/person\/78613917f1851f041f7483f5af1d422e\"},\"headline\":\"Isola Capo Rizzuto: sopralluogo del Consigliere Alecci alla \u201cCasa della Legalit\u00e0 Piersanti Mattarella\u201d vandalizzata dalla malavita.\",\"datePublished\":\"2024-01-04T10:39:47+00:00\",\"mainEntityOfPage\":{\"@id\":\"https:\/\/progettotouring.it\/radiotouring104\/2024\/01\/04\/isola-capo-rizzuto-sopralluogo-del-consigliere-alecci-alla-casa-della-legalita-piersanti-mattarella-vandalizzata-dalla-malavita\/\"},\"wordCount\":346,\"publisher\":{\"@id\":\"https:\/\/progettotouring.it\/radiotouring104\/#organization\"},\"image\":{\"@id\":\"https:\/\/progettotouring.it\/radiotouring104\/2024\/01\/04\/isola-capo-rizzuto-sopralluogo-del-consigliere-alecci-alla-casa-della-legalita-piersanti-mattarella-vandalizzata-dalla-malavita\/#primaryimage\"},\"thumbnailUrl\":\"https:\/\/progettotouring.it\/radiotouring104\/wp-content\/uploads\/sites\/6\/2024\/01\/Alecci-sopralluogo-isola-scaled.jpg\",\"keywords\":[\"casa Legalit\u00e0 Piersanti Mattarella\",\"Ernesto Alecci\",\"isola capo rizzuto\",\"Maria Grazia Vittimberga\"],\"articleSection\":[\"Calabria\",\"Home\",\"News\"],\"inLanguage\":\"it-IT\"},{\"@type\":\"WebPage\",\"@id\":\"https:\/\/progettotouring.it\/radiotouring104\/2024\/01\/04\/isola-capo-rizzuto-sopralluogo-del-consigliere-alecci-alla-casa-della-legalita-piersanti-mattarella-vandalizzata-dalla-malavita\/\",\"url\":\"https:\/\/progettotouring.it\/radiotouring104\/2024\/01\/04\/isola-capo-rizzuto-sopralluogo-del-consigliere-alecci-alla-casa-della-legalita-piersanti-mattarella-vandalizzata-dalla-malavita\/\",\"name\":\"Sopralluogo Alecci a \u201cCasa Legalit\u00e0 Mattarella\\\" vandalizzata\",\"isPartOf\":{\"@id\":\"https:\/\/progettotouring.it\/radiotouring104\/#website\"},\"primaryImageOfPage\":{\"@id\":\"https:\/\/progettotouring.it\/radiotouring104\/2024\/01\/04\/isola-capo-rizzuto-sopralluogo-del-consigliere-alecci-alla-casa-della-legalita-piersanti-mattarella-vandalizzata-dalla-malavita\/#primaryimage\"},\"image\":{\"@id\":\"https:\/\/progettotouring.it\/radiotouring104\/2024\/01\/04\/isola-capo-rizzuto-sopralluogo-del-consigliere-alecci-alla-casa-della-legalita-piersanti-mattarella-vandalizzata-dalla-malavita\/#primaryimage\"},\"thumbnailUrl\":\"https:\/\/progettotouring.it\/radiotouring104\/wp-content\/uploads\/sites\/6\/2024\/01\/Alecci-sopralluogo-isola-scaled.jpg\",\"datePublished\":\"2024-01-04T10:39:47+00:00\",\"description\":\"\\\"Piena solidariet\u00e0 all\u2019Ass. Valentia. Ho presentato mozione per reperire fondi da destinare a ristrutturazione fabbricato\\\", dichiara Alecci\",\"breadcrumb\":{\"@id\":\"https:\/\/progettotouring.it\/radiotouring104\/2024\/01\/04\/isola-capo-rizzuto-sopralluogo-del-consigliere-alecci-alla-casa-della-legalita-piersanti-mattarella-vandalizzata-dalla-malavita\/#breadcrumb\"},\"inLanguage\":\"it-IT\",\"potentialAction\":[{\"@type\":\"ReadAction\",\"target\":[\"https:\/\/progettotouring.it\/radiotouring104\/2024\/01\/04\/isola-capo-rizzuto-sopralluogo-del-consigliere-alecci-alla-casa-della-legalita-piersanti-mattarella-vandalizzata-dalla-malavita\/\"]}]},{\"@type\":\"ImageObject\",\"inLanguage\":\"it-IT\",\"@id\":\"https:\/\/progettotouring.it\/radiotouring104\/2024\/01\/04\/isola-capo-rizzuto-sopralluogo-del-consigliere-alecci-alla-casa-della-legalita-piersanti-mattarella-vandalizzata-dalla-malavita\/#primaryimage\",\"url\":\"https:\/\/progettotouring.it\/radiotouring104\/wp-content\/uploads\/sites\/6\/2024\/01\/Alecci-sopralluogo-isola-scaled.jpg\",\"contentUrl\":\"https:\/\/progettotouring.it\/radiotouring104\/wp-content\/uploads\/sites\/6\/2024\/01\/Alecci-sopralluogo-isola-scaled.jpg\",\"width\":2560,\"height\":1479},{\"@type\":\"BreadcrumbList\",\"@id\":\"https:\/\/progettotouring.it\/radiotouring104\/2024\/01\/04\/isola-capo-rizzuto-sopralluogo-del-consigliere-alecci-alla-casa-della-legalita-piersanti-mattarella-vandalizzata-dalla-malavita\/#breadcrumb\",\"itemListElement\":[{\"@type\":\"ListItem\",\"position\":1,\"name\":\"Home\",\"item\":\"https:\/\/progettotouring.it\/radiotouring104\/\"},{\"@type\":\"ListItem\",\"position\":2,\"name\":\"Isola Capo Rizzuto: sopralluogo del Consigliere Alecci alla \u201cCasa della Legalit\u00e0 Piersanti Mattarella\u201d vandalizzata dalla malavita.\"}]},{\"@type\":\"WebSite\",\"@id\":\"https:\/\/progettotouring.it\/radiotouring104\/#website\",\"url\":\"https:\/\/progettotouring.it\/radiotouring104\/\",\"name\":\"Radio Touring 104\",\"description\":\"La prima radio Reggina\",\"publisher\":{\"@id\":\"https:\/\/progettotouring.it\/radiotouring104\/#organization\"},\"potentialAction\":[{\"@type\":\"SearchAction\",\"target\":{\"@type\":\"EntryPoint\",\"urlTemplate\":\"https:\/\/progettotouring.it\/radiotouring104\/?s={search_term_string}\"},\"query-input\":{\"@type\":\"PropertyValueSpecification\",\"valueRequired\":true,\"valueName\":\"search_term_string\"}}],\"inLanguage\":\"it-IT\"},{\"@type\":\"Organization\",\"@id\":\"https:\/\/progettotouring.it\/radiotouring104\/#organization\",\"name\":\"Radio Touring 104\",\"url\":\"https:\/\/progettotouring.it\/radiotouring104\/\",\"logo\":{\"@type\":\"ImageObject\",\"inLanguage\":\"it-IT\",\"@id\":\"https:\/\/progettotouring.it\/radiotouring104\/#\/schema\/logo\/image\/\",\"url\":\"https:\/\/progettotouring.it\/radiotouring104\/wp-content\/uploads\/sites\/6\/2022\/02\/cropped-logo-radio-touring-104.png\",\"contentUrl\":\"https:\/\/progettotouring.it\/radiotouring104\/wp-content\/uploads\/sites\/6\/2022\/02\/cropped-logo-radio-touring-104.png\",\"width\":377,\"height\":182,\"caption\":\"Radio Touring 104\"},\"image\":{\"@id\":\"https:\/\/progettotouring.it\/radiotouring104\/#\/schema\/logo\/image\/\"}},{\"@type\":\"Person\",\"@id\":\"https:\/\/progettotouring.it\/radiotouring104\/#\/schema\/person\/78613917f1851f041f7483f5af1d422e\",\"name\":\"Sebastiano Plutino\",\"image\":{\"@type\":\"ImageObject\",\"inLanguage\":\"it-IT\",\"@id\":\"https:\/\/secure.gravatar.com\/avatar\/0546ffaa9b79224faf9f2a156b67a529ae861d3287c66c1d8ccfdf909bcba78d?s=96&d=mm&r=g\",\"url\":\"https:\/\/secure.gravatar.com\/avatar\/0546ffaa9b79224faf9f2a156b67a529ae861d3287c66c1d8ccfdf909bcba78d?s=96&d=mm&r=g\",\"contentUrl\":\"https:\/\/secure.gravatar.com\/avatar\/0546ffaa9b79224faf9f2a156b67a529ae861d3287c66c1d8ccfdf909bcba78d?s=96&d=mm&r=g\",\"caption\":\"Sebastiano Plutino\"},\"url\":\"https:\/\/progettotouring.it\/radiotouring104\/author\/sebastiano\/\"}]}<\/script>\n<!-- \/ Yoast SEO plugin. -->","yoast_head_json":{"title":"Sopralluogo Alecci a \u201cCasa Legalit\u00e0 Mattarella\" vandalizzata","description":"\"Piena solidariet\u00e0 all\u2019Ass. Valentia. Ho presentato mozione per reperire fondi da destinare a ristrutturazione fabbricato\", dichiara Alecci","robots":{"index":"index","follow":"follow","max-snippet":"max-snippet:-1","max-image-preview":"max-image-preview:large","max-video-preview":"max-video-preview:-1"},"canonical":"https:\/\/progettotouring.it\/radiotouring104\/2024\/01\/04\/isola-capo-rizzuto-sopralluogo-del-consigliere-alecci-alla-casa-della-legalita-piersanti-mattarella-vandalizzata-dalla-malavita\/","og_locale":"it_IT","og_type":"article","og_title":"Sopralluogo Alecci a \u201cCasa Legalit\u00e0 Mattarella\" vandalizzata","og_description":"\"Piena solidariet\u00e0 all\u2019Ass. Valentia. Ho presentato mozione per reperire fondi da destinare a ristrutturazione fabbricato\", dichiara Alecci","og_url":"https:\/\/progettotouring.it\/radiotouring104\/2024\/01\/04\/isola-capo-rizzuto-sopralluogo-del-consigliere-alecci-alla-casa-della-legalita-piersanti-mattarella-vandalizzata-dalla-malavita\/","og_site_name":"Radio Touring 104","article_published_time":"2024-01-04T10:39:47+00:00","og_image":[{"width":2560,"height":1479,"url":"https:\/\/progettotouring.it\/radiotouring104\/wp-content\/uploads\/sites\/6\/2024\/01\/Alecci-sopralluogo-isola-scaled.jpg","type":"image\/jpeg"}],"author":"Sebastiano Plutino","twitter_card":"summary_large_image","twitter_misc":{"Scritto da":"Sebastiano Plutino","Tempo di lettura stimato":"2 minuti"},"schema":{"@context":"https:\/\/schema.org","@graph":[{"@type":"Article","@id":"https:\/\/progettotouring.it\/radiotouring104\/2024\/01\/04\/isola-capo-rizzuto-sopralluogo-del-consigliere-alecci-alla-casa-della-legalita-piersanti-mattarella-vandalizzata-dalla-malavita\/#article","isPartOf":{"@id":"https:\/\/progettotouring.it\/radiotouring104\/2024\/01\/04\/isola-capo-rizzuto-sopralluogo-del-consigliere-alecci-alla-casa-della-legalita-piersanti-mattarella-vandalizzata-dalla-malavita\/"},"author":{"name":"Sebastiano Plutino","@id":"https:\/\/progettotouring.it\/radiotouring104\/#\/schema\/person\/78613917f1851f041f7483f5af1d422e"},"headline":"Isola Capo Rizzuto: sopralluogo del Consigliere Alecci alla \u201cCasa della Legalit\u00e0 Piersanti Mattarella\u201d vandalizzata dalla malavita.","datePublished":"2024-01-04T10:39:47+00:00","mainEntityOfPage":{"@id":"https:\/\/progettotouring.it\/radiotouring104\/2024\/01\/04\/isola-capo-rizzuto-sopralluogo-del-consigliere-alecci-alla-casa-della-legalita-piersanti-mattarella-vandalizzata-dalla-malavita\/"},"wordCount":346,"publisher":{"@id":"https:\/\/progettotouring.it\/radiotouring104\/#organization"},"image":{"@id":"https:\/\/progettotouring.it\/radiotouring104\/2024\/01\/04\/isola-capo-rizzuto-sopralluogo-del-consigliere-alecci-alla-casa-della-legalita-piersanti-mattarella-vandalizzata-dalla-malavita\/#primaryimage"},"thumbnailUrl":"https:\/\/progettotouring.it\/radiotouring104\/wp-content\/uploads\/sites\/6\/2024\/01\/Alecci-sopralluogo-isola-scaled.jpg","keywords":["casa Legalit\u00e0 Piersanti Mattarella","Ernesto Alecci","isola capo rizzuto","Maria Grazia Vittimberga"],"articleSection":["Calabria","Home","News"],"inLanguage":"it-IT"},{"@type":"WebPage","@id":"https:\/\/progettotouring.it\/radiotouring104\/2024\/01\/04\/isola-capo-rizzuto-sopralluogo-del-consigliere-alecci-alla-casa-della-legalita-piersanti-mattarella-vandalizzata-dalla-malavita\/","url":"https:\/\/progettotouring.it\/radiotouring104\/2024\/01\/04\/isola-capo-rizzuto-sopralluogo-del-consigliere-alecci-alla-casa-della-legalita-piersanti-mattarella-vandalizzata-dalla-malavita\/","name":"Sopralluogo Alecci a \u201cCasa Legalit\u00e0 Mattarella\" vandalizzata","isPartOf":{"@id":"https:\/\/progettotouring.it\/radiotouring104\/#website"},"primaryImageOfPage":{"@id":"https:\/\/progettotouring.it\/radiotouring104\/2024\/01\/04\/isola-capo-rizzuto-sopralluogo-del-consigliere-alecci-alla-casa-della-legalita-piersanti-mattarella-vandalizzata-dalla-malavita\/#primaryimage"},"image":{"@id":"https:\/\/progettotouring.it\/radiotouring104\/2024\/01\/04\/isola-capo-rizzuto-sopralluogo-del-consigliere-alecci-alla-casa-della-legalita-piersanti-mattarella-vandalizzata-dalla-malavita\/#primaryimage"},"thumbnailUrl":"https:\/\/progettotouring.it\/radiotouring104\/wp-content\/uploads\/sites\/6\/2024\/01\/Alecci-sopralluogo-isola-scaled.jpg","datePublished":"2024-01-04T10:39:47+00:00","description":"\"Piena solidariet\u00e0 all\u2019Ass. Valentia. Ho presentato mozione per reperire fondi da destinare a ristrutturazione fabbricato\", dichiara Alecci","breadcrumb":{"@id":"https:\/\/progettotouring.it\/radiotouring104\/2024\/01\/04\/isola-capo-rizzuto-sopralluogo-del-consigliere-alecci-alla-casa-della-legalita-piersanti-mattarella-vandalizzata-dalla-malavita\/#breadcrumb"},"inLanguage":"it-IT","potentialAction":[{"@type":"ReadAction","target":["https:\/\/progettotouring.it\/radiotouring104\/2024\/01\/04\/isola-capo-rizzuto-sopralluogo-del-consigliere-alecci-alla-casa-della-legalita-piersanti-mattarella-vandalizzata-dalla-malavita\/"]}]},{"@type":"ImageObject","inLanguage":"it-IT","@id":"https:\/\/progettotouring.it\/radiotouring104\/2024\/01\/04\/isola-capo-rizzuto-sopralluogo-del-consigliere-alecci-alla-casa-della-legalita-piersanti-mattarella-vandalizzata-dalla-malavita\/#primaryimage","url":"https:\/\/progettotouring.it\/radiotouring104\/wp-content\/uploads\/sites\/6\/2024\/01\/Alecci-sopralluogo-isola-scaled.jpg","contentUrl":"https:\/\/progettotouring.it\/radiotouring104\/wp-content\/uploads\/sites\/6\/2024\/01\/Alecci-sopralluogo-isola-scaled.jpg","width":2560,"height":1479},{"@type":"BreadcrumbList","@id":"https:\/\/progettotouring.it\/radiotouring104\/2024\/01\/04\/isola-capo-rizzuto-sopralluogo-del-consigliere-alecci-alla-casa-della-legalita-piersanti-mattarella-vandalizzata-dalla-malavita\/#breadcrumb","itemListElement":[{"@type":"ListItem","position":1,"name":"Home","item":"https:\/\/progettotouring.it\/radiotouring104\/"},{"@type":"ListItem","position":2,"name":"Isola Capo Rizzuto: sopralluogo del Consigliere Alecci alla \u201cCasa della Legalit\u00e0 Piersanti Mattarella\u201d vandalizzata dalla malavita."}]},{"@type":"WebSite","@id":"https:\/\/progettotouring.it\/radiotouring104\/#website","url":"https:\/\/progettotouring.it\/radiotouring104\/","name":"Radio Touring 104","description":"La prima radio Reggina","publisher":{"@id":"https:\/\/progettotouring.it\/radiotouring104\/#organization"},"potentialAction":[{"@type":"SearchAction","target":{"@type":"EntryPoint","urlTemplate":"https:\/\/progettotouring.it\/radiotouring104\/?s={search_term_string}"},"query-input":{"@type":"PropertyValueSpecification","valueRequired":true,"valueName":"search_term_string"}}],"inLanguage":"it-IT"},{"@type":"Organization","@id":"https:\/\/progettotouring.it\/radiotouring104\/#organization","name":"Radio Touring 104","url":"https:\/\/progettotouring.it\/radiotouring104\/","logo":{"@type":"ImageObject","inLanguage":"it-IT","@id":"https:\/\/progettotouring.it\/radiotouring104\/#\/schema\/logo\/image\/","url":"https:\/\/progettotouring.it\/radiotouring104\/wp-content\/uploads\/sites\/6\/2022\/02\/cropped-logo-radio-touring-104.png","contentUrl":"https:\/\/progettotouring.it\/radiotouring104\/wp-content\/uploads\/sites\/6\/2022\/02\/cropped-logo-radio-touring-104.png","width":377,"height":182,"caption":"Radio Touring 104"},"image":{"@id":"https:\/\/progettotouring.it\/radiotouring104\/#\/schema\/logo\/image\/"}},{"@type":"Person","@id":"https:\/\/progettotouring.it\/radiotouring104\/#\/schema\/person\/78613917f1851f041f7483f5af1d422e","name":"Sebastiano Plutino","image":{"@type":"ImageObject","inLanguage":"it-IT","@id":"https:\/\/secure.gravatar.com\/avatar\/0546ffaa9b79224faf9f2a156b67a529ae861d3287c66c1d8ccfdf909bcba78d?s=96&d=mm&r=g","url":"https:\/\/secure.gravatar.com\/avatar\/0546ffaa9b79224faf9f2a156b67a529ae861d3287c66c1d8ccfdf909bcba78d?s=96&d=mm&r=g","contentUrl":"https:\/\/secure.gravatar.com\/avatar\/0546ffaa9b79224faf9f2a156b67a529ae861d3287c66c1d8ccfdf909bcba78d?s=96&d=mm&r=g","caption":"Sebastiano Plutino"},"url":"https:\/\/progettotouring.it\/radiotouring104\/author\/sebastiano\/"}]}},"jetpack_publicize_connections":[],"jetpack_featured_media_url":"https:\/\/progettotouring.it\/radiotouring104\/wp-content\/uploads\/sites\/6\/2024\/01\/Alecci-sopralluogo-isola-scaled.jpg","jetpack_sharing_enabled":true,"_links":{"self":[{"href":"https:\/\/progettotouring.it\/radiotouring104\/wp-json\/wp\/v2\/posts\/42099","targetHints":{"allow":["GET"]}}],"collection":[{"href":"https:\/\/progettotouring.it\/radiotouring104\/wp-json\/wp\/v2\/posts"}],"about":[{"href":"https:\/\/progettotouring.it\/radiotouring104\/wp-json\/wp\/v2\/types\/post"}],"author":[{"embeddable":true,"href":"https:\/\/progettotouring.it\/radiotouring104\/wp-json\/wp\/v2\/users\/12"}],"replies":[{"embeddable":true,"href":"https:\/\/progettotouring.it\/radiotouring104\/wp-json\/wp\/v2\/comments?post=42099"}],"version-history":[{"count":1,"href":"https:\/\/progettotouring.it\/radiotouring104\/wp-json\/wp\/v2\/posts\/42099\/revisions"}],"predecessor-version":[{"id":42102,"href":"https:\/\/progettotouring.it\/radiotouring104\/wp-json\/wp\/v2\/posts\/42099\/revisions\/42102"}],"wp:featuredmedia":[{"embeddable":true,"href":"https:\/\/progettotouring.it\/radiotouring104\/wp-json\/wp\/v2\/media\/42101"}],"wp:attachment":[{"href":"https:\/\/progettotouring.it\/radiotouring104\/wp-json\/wp\/v2\/media?parent=42099"}],"wp:term":[{"taxonomy":"category","embeddable":true,"href":"https:\/\/progettotouring.it\/radiotouring104\/wp-json\/wp\/v2\/categories?post=42099"},{"taxonomy":"post_tag","embeddable":true,"href":"https:\/\/progettotouring.it\/radiotouring104\/wp-json\/wp\/v2\/tags?post=42099"}],"curies":[{"name":"wp","href":"https:\/\/api.w.org\/{rel}","templated":true}]}}