{"id":42106,"date":"2024-01-04T12:08:38","date_gmt":"2024-01-04T11:08:38","guid":{"rendered":"https:\/\/progettotouring.it\/radiotouring104\/?p=42106"},"modified":"2024-01-04T12:08:38","modified_gmt":"2024-01-04T11:08:38","slug":"le-muse-liconica-figura-della-moda-regina-schrecker-a-reggio-per-presentare-un-concorso-per-le-scuole-insieme-al-presidente-livoti","status":"publish","type":"post","link":"https:\/\/progettotouring.it\/radiotouring104\/2024\/01\/04\/le-muse-liconica-figura-della-moda-regina-schrecker-a-reggio-per-presentare-un-concorso-per-le-scuole-insieme-al-presidente-livoti\/","title":{"rendered":"Le Muse: l\u2019iconica figura della moda Regina Schrecker a Reggio per presentare un concorso per le scuole insieme al presidente Livoti"},"content":{"rendered":"<p style=\"text-align: justify\"><strong>L\u2019associazione culturale<\/strong> <em>\u201cLe Muse &#8211; Laboratorio delle Arti e delle Lettere\u201d<\/em> di Reggio Calabria, ad inizio 2024 <strong>accoglie l\u2019iconica figura della moda Regina Schrecker a Reggio<\/strong> <strong>per presentare un concorso per le scuole.<\/strong><\/p>\n<p style=\"text-align: justify\"><strong>Il presidente Muse prof. Giuseppe Livoti, fa presente<\/strong>, <strong>come ancora vive il ricordo<\/strong> del 2017, anno in cui la popolare star <strong>della moda internazionale ha ricevuto il Premio Nazionale Muse<\/strong> regalando alla citt\u00e0 un momento di grande confronto con una donna che \u00e8 stata ed \u00e8 ancora oggi simbolo pop di arte, bellezza, cultura. Regina Schrecker esordisce da giovanissima come top model, quando sfila sulle passerelle dei grandi maestri dell\u2019alta moda a Roma, Firenze e Parigi. Mitteleuropea per formazione e background culturale, cosmopolita ed internazionale per educazione, artista per tradizione ed eredit\u00e0 familiare, \u00e8 in Italia, a Firenze, che scopre la sua vera, grande passione: creare moda.<\/p>\n<p style=\"text-align: justify\">Entrata nel fashion system, come modella, durante il suo primo anno di studio alla Cattolica di Milano (Lingue, Storia dell\u2019Arte e del Teatro), l<strong>avora poi anche in RAI per molti indimenticabili \u201cCaroselli\u201d a fianco di Johnny Dorelli, Enzo Jannacci e Walter Chiari.<\/strong> Eletta \u201cLady Universe\u201d, dopo qualche anno vissuto intensamente sotto le luci della ribalta, decide di fare il grande salto da \u201coggetto\u201d a \u201csoggetto\u201d e debutta come free-lance fashion designer. La sua moda, lanciata come griffe nel 1980, raggiunge in poco tempo i massimi livelli e Regina diventa ben presto una delle giovani speranze della moda italiana. \u00c8 un modello del vestire anticonformista, modernissimo e al contempo ricco delle suggestioni legate alle antiche tradizioni, una moda sempre all\u2019avanguardia ed estremamente raffinata. Nel 1983, di passaggio a New York, ritrova l\u2019amico di sempre, il grande pop artist Andy Warhol, che le dedica, in ricordo della loro amicizia, una straordinaria coppia di ritratti che diventano le \u201cicone\u201d della sua griffe, e la fotografa per la copertina della rivista \u201cInterview\u201d. Nell\u201985 chiede ad Arnaldo Pomodoro di \u201cscolpire\u201d la bottiglietta del suo profumo: la forma della scultura, triangolare, ricorda la piramide di Cheope, con tutti i suoi segreti e misteri. Negli anni \u201990, si dedica ai mercati emergenti, i paesi dell\u2019Est e dell\u2019Oriente: Regina Schrecker \u00e8 una delle prime griffe che a portare il messaggio della moda italiana in paesi come la Russia, l\u2019Ucraina, la Repubblica Ceca, il Giappone e la Cina fino ad Ulan Bator, capitale della Mongolia. Nel 2000 crea i costumi teatrali per \u201cMadama Butterfly\u201d, opera lirica presentata al Festival Puccini di Torre del Lago e successivamente in tourn\u00e9e mondiale, fino a rappresentare l\u2019Italia all\u2019Expo Internazionale di Aichi\/Nagoya (Giappone 2005). Sempre attiva anche nel mondo dell\u2019arte e del teatro, ha realizzato i costumi di scena per il \u201cRigoletto\u201d di Verdi al Teatro Carlo Felice di Genova (2013) e ha esposto la sua opera \u201cOut of the Mirror\u201d al Museo d\u2019Arte Contemporanea Italiana in America (Palazzo Merati), in concomitanza con la 55ima Biennale di Venezia (2013).<\/p>\n<p style=\"text-align: justify\"><strong>In visita a Reggio Calabria<\/strong> oltre ad ammirare le bellezze storico-artistiche del territorio tra Scilla, Chianalea, Bagnara e naturalmente la nostra citt\u00e0,<strong> accompagnata da Livoti, la Schrecker si \u00e8 potuta confrontare col presidente Muse per lanciare al Sud un contest che sta per concludersi il 20 gennaio in quel di Rovigo<\/strong>. \u201cRegina Schrecker Andy Warhol Fashion e Pop Art in Villa Morosini\u201d \u00e8 l\u2019ultima grande mostra che ha presentato un binomio indissolubile che si era instaurato tra Andy Warhol e Regina Schrecker tra gli anni \u201970 e \u201880. Presso la nota villa, sono esposte ben due le opere che il Maestro realizz\u00f2 ritraendo la splendida modella e stilista, conosciuta a New York. Proprio attorno a queste due opere si \u00e8 snodato il percorso artistico di esaltazione dell\u2019arte di Andy Warhol e di Regina disegnando una rima stilistica di rara bellezza in una location di eccezione, sulle sponde del Po. Alcune tra le pi\u00f9 emblematiche opere dell\u2019artista (da Elvis a Marylin, da Liz Taylor a Liza Minelli) hanno dialogato in modo empatico con i modelli di alta moda prodotti e firmati Regina Schrecker. Una mostra dove si pu\u00f2 notare la figura di Regina che ha ispirato anche altri artisti come un ritratto che Jean-Michel Basquiat le fece su un piatto del mitico Toul\u00e0 (il primo gruppo italiano che port\u00f2 l\u2019alta ristorazione in Europa, negli anni \u201960) e la boccetta di profumo della Maison Schrecker, disegnata da Arnaldo Pomodoro.<\/p>\n<p style=\"text-align: justify\"><strong>L\u2019associazione culturale<\/strong> <em>\u201cLe Muse\u201d<\/em> <strong>sar\u00e0 portavoce e promotrice del contest<\/strong> <em>\u201cRegina Schrecker: students in pop art\u201d,<\/em> ovvero un concorso aperto alle scuole di primo e secondo grado che permetter\u00e0 agli alunni di caratterizzare graficamente o con oggetti di recupero delle sagome artistiche progettate dalla nota stilista facendo cos\u00ec un vero e proprio atto creativo condiviso.<strong> Livoti dichiara di essere contento di promuovere e portare avanti tale contest<\/strong> poich\u00e9 si \u00e8 tenuto gi\u00e0 in Veneto e dunque, saremo proprio noi al Sud a riunire l\u2019Italia del mondo della scuola e della creativit\u00e0 incoraggiando a quella manualit\u00e0 che caratterizza l\u2019operato della nota stilista. Presto coinvolgeremo l\u2019assessorato alla pubblica istruzione del Comune di Rc ed i dirigenti scolastici di tutta la provincia affinch\u00e8 ci possa essere un messaggio che coinvolga pi\u00f9 realt\u00e0 con una premiazione finale ed una mostra collettiva con le opere dei giovani artisti che avranno partecipato.<\/p>\n","protected":false},"excerpt":{"rendered":"<p>L\u2019associazione culturale \u201cLe Muse &#8211; Laboratorio delle Arti e delle Lettere\u201d di Reggio Calabria, ad inizio 2024 accoglie l\u2019iconica figura della moda Regina Schrecker a Reggio per presentare un concorso&hellip;<\/p>\n","protected":false},"author":12,"featured_media":42107,"comment_status":"closed","ping_status":"open","sticky":false,"template":"","format":"standard","meta":{"_jetpack_memberships_contains_paid_content":false,"footnotes":"","jetpack_publicize_message":"","jetpack_publicize_feature_enabled":true,"jetpack_social_post_already_shared":false,"jetpack_social_options":{"image_generator_settings":{"template":"highway","default_image_id":0,"font":"","enabled":false},"version":2}},"categories":[921,196,140],"tags":[11708,5598,5706,9517,26029,26028,1533],"class_list":["post-42106","post","type-post","status-publish","format-standard","has-post-thumbnail","hentry","category-home","category-news","category-reggio-calabria","tag-associazione-culturale-le-muse","tag-chianalea","tag-giuseppe-livoti","tag-moda","tag-presentazione-concorso-per-le-scuole","tag-regina-schrecker-a-reggio-calabria","tag-scilla"],"yoast_head":"<!-- This site is optimized with the Yoast SEO plugin v27.2 - https:\/\/yoast.com\/product\/yoast-seo-wordpress\/ -->\n<title>Le Muse: Schrecker a Reggio per presentare concorso scuole<\/title>\n<meta name=\"description\" content=\"L\u2019associazione culturale \u201cLe Muse&quot; accoglie l\u2019iconica figura della moda Regina Schrecker a Reggio per presentare un concorso per le scuole.\" \/>\n<meta name=\"robots\" content=\"index, follow, max-snippet:-1, max-image-preview:large, max-video-preview:-1\" \/>\n<link rel=\"canonical\" href=\"https:\/\/progettotouring.it\/radiotouring104\/2024\/01\/04\/le-muse-liconica-figura-della-moda-regina-schrecker-a-reggio-per-presentare-un-concorso-per-le-scuole-insieme-al-presidente-livoti\/\" \/>\n<meta property=\"og:locale\" content=\"it_IT\" \/>\n<meta property=\"og:type\" content=\"article\" \/>\n<meta property=\"og:title\" content=\"Le Muse: Schrecker a Reggio per presentare concorso scuole\" \/>\n<meta property=\"og:description\" content=\"L\u2019associazione culturale \u201cLe Muse&quot; accoglie l\u2019iconica figura della moda Regina Schrecker a Reggio per presentare un concorso per le scuole.\" \/>\n<meta property=\"og:url\" content=\"https:\/\/progettotouring.it\/radiotouring104\/2024\/01\/04\/le-muse-liconica-figura-della-moda-regina-schrecker-a-reggio-per-presentare-un-concorso-per-le-scuole-insieme-al-presidente-livoti\/\" \/>\n<meta property=\"og:site_name\" content=\"Radio Touring 104\" \/>\n<meta property=\"article:published_time\" content=\"2024-01-04T11:08:38+00:00\" \/>\n<meta property=\"og:image\" content=\"https:\/\/progettotouring.it\/radiotouring104\/wp-content\/uploads\/sites\/6\/2024\/01\/Muse-moda-Regina-Schrecker-a-Reggio.jpg\" \/>\n\t<meta property=\"og:image:width\" content=\"2048\" \/>\n\t<meta property=\"og:image:height\" content=\"1481\" \/>\n\t<meta property=\"og:image:type\" content=\"image\/jpeg\" \/>\n<meta name=\"author\" content=\"Sebastiano Plutino\" \/>\n<meta name=\"twitter:card\" content=\"summary_large_image\" \/>\n<meta name=\"twitter:label1\" content=\"Scritto da\" \/>\n\t<meta name=\"twitter:data1\" content=\"Sebastiano Plutino\" \/>\n\t<meta name=\"twitter:label2\" content=\"Tempo di lettura stimato\" \/>\n\t<meta name=\"twitter:data2\" content=\"4 minuti\" \/>\n<script type=\"application\/ld+json\" class=\"yoast-schema-graph\">{\"@context\":\"https:\/\/schema.org\",\"@graph\":[{\"@type\":\"Article\",\"@id\":\"https:\/\/progettotouring.it\/radiotouring104\/2024\/01\/04\/le-muse-liconica-figura-della-moda-regina-schrecker-a-reggio-per-presentare-un-concorso-per-le-scuole-insieme-al-presidente-livoti\/#article\",\"isPartOf\":{\"@id\":\"https:\/\/progettotouring.it\/radiotouring104\/2024\/01\/04\/le-muse-liconica-figura-della-moda-regina-schrecker-a-reggio-per-presentare-un-concorso-per-le-scuole-insieme-al-presidente-livoti\/\"},\"author\":{\"name\":\"Sebastiano Plutino\",\"@id\":\"https:\/\/progettotouring.it\/radiotouring104\/#\/schema\/person\/78613917f1851f041f7483f5af1d422e\"},\"headline\":\"Le Muse: l\u2019iconica figura della moda Regina Schrecker a Reggio per presentare un concorso per le scuole insieme al presidente Livoti\",\"datePublished\":\"2024-01-04T11:08:38+00:00\",\"mainEntityOfPage\":{\"@id\":\"https:\/\/progettotouring.it\/radiotouring104\/2024\/01\/04\/le-muse-liconica-figura-della-moda-regina-schrecker-a-reggio-per-presentare-un-concorso-per-le-scuole-insieme-al-presidente-livoti\/\"},\"wordCount\":881,\"publisher\":{\"@id\":\"https:\/\/progettotouring.it\/radiotouring104\/#organization\"},\"image\":{\"@id\":\"https:\/\/progettotouring.it\/radiotouring104\/2024\/01\/04\/le-muse-liconica-figura-della-moda-regina-schrecker-a-reggio-per-presentare-un-concorso-per-le-scuole-insieme-al-presidente-livoti\/#primaryimage\"},\"thumbnailUrl\":\"https:\/\/progettotouring.it\/radiotouring104\/wp-content\/uploads\/sites\/6\/2024\/01\/Muse-moda-Regina-Schrecker-a-Reggio.jpg\",\"keywords\":[\"Associazione Culturale \\\"Le Muse\\\"\",\"Chianalea\",\"Giuseppe Livoti\",\"mod\u00e0\",\"presentazione concorso per le scuole.\",\"Regina Schrecker a Reggio Calabria\",\"scilla\"],\"articleSection\":[\"Home\",\"News\",\"Reggio Calabria\"],\"inLanguage\":\"it-IT\"},{\"@type\":\"WebPage\",\"@id\":\"https:\/\/progettotouring.it\/radiotouring104\/2024\/01\/04\/le-muse-liconica-figura-della-moda-regina-schrecker-a-reggio-per-presentare-un-concorso-per-le-scuole-insieme-al-presidente-livoti\/\",\"url\":\"https:\/\/progettotouring.it\/radiotouring104\/2024\/01\/04\/le-muse-liconica-figura-della-moda-regina-schrecker-a-reggio-per-presentare-un-concorso-per-le-scuole-insieme-al-presidente-livoti\/\",\"name\":\"Le Muse: Schrecker a Reggio per presentare concorso scuole\",\"isPartOf\":{\"@id\":\"https:\/\/progettotouring.it\/radiotouring104\/#website\"},\"primaryImageOfPage\":{\"@id\":\"https:\/\/progettotouring.it\/radiotouring104\/2024\/01\/04\/le-muse-liconica-figura-della-moda-regina-schrecker-a-reggio-per-presentare-un-concorso-per-le-scuole-insieme-al-presidente-livoti\/#primaryimage\"},\"image\":{\"@id\":\"https:\/\/progettotouring.it\/radiotouring104\/2024\/01\/04\/le-muse-liconica-figura-della-moda-regina-schrecker-a-reggio-per-presentare-un-concorso-per-le-scuole-insieme-al-presidente-livoti\/#primaryimage\"},\"thumbnailUrl\":\"https:\/\/progettotouring.it\/radiotouring104\/wp-content\/uploads\/sites\/6\/2024\/01\/Muse-moda-Regina-Schrecker-a-Reggio.jpg\",\"datePublished\":\"2024-01-04T11:08:38+00:00\",\"description\":\"L\u2019associazione culturale \u201cLe Muse\\\" accoglie l\u2019iconica figura della moda Regina Schrecker a Reggio per presentare un concorso per le scuole.\",\"breadcrumb\":{\"@id\":\"https:\/\/progettotouring.it\/radiotouring104\/2024\/01\/04\/le-muse-liconica-figura-della-moda-regina-schrecker-a-reggio-per-presentare-un-concorso-per-le-scuole-insieme-al-presidente-livoti\/#breadcrumb\"},\"inLanguage\":\"it-IT\",\"potentialAction\":[{\"@type\":\"ReadAction\",\"target\":[\"https:\/\/progettotouring.it\/radiotouring104\/2024\/01\/04\/le-muse-liconica-figura-della-moda-regina-schrecker-a-reggio-per-presentare-un-concorso-per-le-scuole-insieme-al-presidente-livoti\/\"]}]},{\"@type\":\"ImageObject\",\"inLanguage\":\"it-IT\",\"@id\":\"https:\/\/progettotouring.it\/radiotouring104\/2024\/01\/04\/le-muse-liconica-figura-della-moda-regina-schrecker-a-reggio-per-presentare-un-concorso-per-le-scuole-insieme-al-presidente-livoti\/#primaryimage\",\"url\":\"https:\/\/progettotouring.it\/radiotouring104\/wp-content\/uploads\/sites\/6\/2024\/01\/Muse-moda-Regina-Schrecker-a-Reggio.jpg\",\"contentUrl\":\"https:\/\/progettotouring.it\/radiotouring104\/wp-content\/uploads\/sites\/6\/2024\/01\/Muse-moda-Regina-Schrecker-a-Reggio.jpg\",\"width\":2048,\"height\":1481,\"caption\":\"qrf\"},{\"@type\":\"BreadcrumbList\",\"@id\":\"https:\/\/progettotouring.it\/radiotouring104\/2024\/01\/04\/le-muse-liconica-figura-della-moda-regina-schrecker-a-reggio-per-presentare-un-concorso-per-le-scuole-insieme-al-presidente-livoti\/#breadcrumb\",\"itemListElement\":[{\"@type\":\"ListItem\",\"position\":1,\"name\":\"Home\",\"item\":\"https:\/\/progettotouring.it\/radiotouring104\/\"},{\"@type\":\"ListItem\",\"position\":2,\"name\":\"Le Muse: l\u2019iconica figura della moda Regina Schrecker a Reggio per presentare un concorso per le scuole insieme al presidente Livoti\"}]},{\"@type\":\"WebSite\",\"@id\":\"https:\/\/progettotouring.it\/radiotouring104\/#website\",\"url\":\"https:\/\/progettotouring.it\/radiotouring104\/\",\"name\":\"Radio Touring 104\",\"description\":\"La prima radio Reggina\",\"publisher\":{\"@id\":\"https:\/\/progettotouring.it\/radiotouring104\/#organization\"},\"potentialAction\":[{\"@type\":\"SearchAction\",\"target\":{\"@type\":\"EntryPoint\",\"urlTemplate\":\"https:\/\/progettotouring.it\/radiotouring104\/?s={search_term_string}\"},\"query-input\":{\"@type\":\"PropertyValueSpecification\",\"valueRequired\":true,\"valueName\":\"search_term_string\"}}],\"inLanguage\":\"it-IT\"},{\"@type\":\"Organization\",\"@id\":\"https:\/\/progettotouring.it\/radiotouring104\/#organization\",\"name\":\"Radio Touring 104\",\"url\":\"https:\/\/progettotouring.it\/radiotouring104\/\",\"logo\":{\"@type\":\"ImageObject\",\"inLanguage\":\"it-IT\",\"@id\":\"https:\/\/progettotouring.it\/radiotouring104\/#\/schema\/logo\/image\/\",\"url\":\"https:\/\/progettotouring.it\/radiotouring104\/wp-content\/uploads\/sites\/6\/2022\/02\/cropped-logo-radio-touring-104.png\",\"contentUrl\":\"https:\/\/progettotouring.it\/radiotouring104\/wp-content\/uploads\/sites\/6\/2022\/02\/cropped-logo-radio-touring-104.png\",\"width\":377,\"height\":182,\"caption\":\"Radio Touring 104\"},\"image\":{\"@id\":\"https:\/\/progettotouring.it\/radiotouring104\/#\/schema\/logo\/image\/\"}},{\"@type\":\"Person\",\"@id\":\"https:\/\/progettotouring.it\/radiotouring104\/#\/schema\/person\/78613917f1851f041f7483f5af1d422e\",\"name\":\"Sebastiano Plutino\",\"image\":{\"@type\":\"ImageObject\",\"inLanguage\":\"it-IT\",\"@id\":\"https:\/\/secure.gravatar.com\/avatar\/0546ffaa9b79224faf9f2a156b67a529ae861d3287c66c1d8ccfdf909bcba78d?s=96&d=mm&r=g\",\"url\":\"https:\/\/secure.gravatar.com\/avatar\/0546ffaa9b79224faf9f2a156b67a529ae861d3287c66c1d8ccfdf909bcba78d?s=96&d=mm&r=g\",\"contentUrl\":\"https:\/\/secure.gravatar.com\/avatar\/0546ffaa9b79224faf9f2a156b67a529ae861d3287c66c1d8ccfdf909bcba78d?s=96&d=mm&r=g\",\"caption\":\"Sebastiano Plutino\"},\"url\":\"https:\/\/progettotouring.it\/radiotouring104\/author\/sebastiano\/\"}]}<\/script>\n<!-- \/ Yoast SEO plugin. -->","yoast_head_json":{"title":"Le Muse: Schrecker a Reggio per presentare concorso scuole","description":"L\u2019associazione culturale \u201cLe Muse\" accoglie l\u2019iconica figura della moda Regina Schrecker a Reggio per presentare un concorso per le scuole.","robots":{"index":"index","follow":"follow","max-snippet":"max-snippet:-1","max-image-preview":"max-image-preview:large","max-video-preview":"max-video-preview:-1"},"canonical":"https:\/\/progettotouring.it\/radiotouring104\/2024\/01\/04\/le-muse-liconica-figura-della-moda-regina-schrecker-a-reggio-per-presentare-un-concorso-per-le-scuole-insieme-al-presidente-livoti\/","og_locale":"it_IT","og_type":"article","og_title":"Le Muse: Schrecker a Reggio per presentare concorso scuole","og_description":"L\u2019associazione culturale \u201cLe Muse\" accoglie l\u2019iconica figura della moda Regina Schrecker a Reggio per presentare un concorso per le scuole.","og_url":"https:\/\/progettotouring.it\/radiotouring104\/2024\/01\/04\/le-muse-liconica-figura-della-moda-regina-schrecker-a-reggio-per-presentare-un-concorso-per-le-scuole-insieme-al-presidente-livoti\/","og_site_name":"Radio Touring 104","article_published_time":"2024-01-04T11:08:38+00:00","og_image":[{"width":2048,"height":1481,"url":"https:\/\/progettotouring.it\/radiotouring104\/wp-content\/uploads\/sites\/6\/2024\/01\/Muse-moda-Regina-Schrecker-a-Reggio.jpg","type":"image\/jpeg"}],"author":"Sebastiano Plutino","twitter_card":"summary_large_image","twitter_misc":{"Scritto da":"Sebastiano Plutino","Tempo di lettura stimato":"4 minuti"},"schema":{"@context":"https:\/\/schema.org","@graph":[{"@type":"Article","@id":"https:\/\/progettotouring.it\/radiotouring104\/2024\/01\/04\/le-muse-liconica-figura-della-moda-regina-schrecker-a-reggio-per-presentare-un-concorso-per-le-scuole-insieme-al-presidente-livoti\/#article","isPartOf":{"@id":"https:\/\/progettotouring.it\/radiotouring104\/2024\/01\/04\/le-muse-liconica-figura-della-moda-regina-schrecker-a-reggio-per-presentare-un-concorso-per-le-scuole-insieme-al-presidente-livoti\/"},"author":{"name":"Sebastiano Plutino","@id":"https:\/\/progettotouring.it\/radiotouring104\/#\/schema\/person\/78613917f1851f041f7483f5af1d422e"},"headline":"Le Muse: l\u2019iconica figura della moda Regina Schrecker a Reggio per presentare un concorso per le scuole insieme al presidente Livoti","datePublished":"2024-01-04T11:08:38+00:00","mainEntityOfPage":{"@id":"https:\/\/progettotouring.it\/radiotouring104\/2024\/01\/04\/le-muse-liconica-figura-della-moda-regina-schrecker-a-reggio-per-presentare-un-concorso-per-le-scuole-insieme-al-presidente-livoti\/"},"wordCount":881,"publisher":{"@id":"https:\/\/progettotouring.it\/radiotouring104\/#organization"},"image":{"@id":"https:\/\/progettotouring.it\/radiotouring104\/2024\/01\/04\/le-muse-liconica-figura-della-moda-regina-schrecker-a-reggio-per-presentare-un-concorso-per-le-scuole-insieme-al-presidente-livoti\/#primaryimage"},"thumbnailUrl":"https:\/\/progettotouring.it\/radiotouring104\/wp-content\/uploads\/sites\/6\/2024\/01\/Muse-moda-Regina-Schrecker-a-Reggio.jpg","keywords":["Associazione Culturale \"Le Muse\"","Chianalea","Giuseppe Livoti","mod\u00e0","presentazione concorso per le scuole.","Regina Schrecker a Reggio Calabria","scilla"],"articleSection":["Home","News","Reggio Calabria"],"inLanguage":"it-IT"},{"@type":"WebPage","@id":"https:\/\/progettotouring.it\/radiotouring104\/2024\/01\/04\/le-muse-liconica-figura-della-moda-regina-schrecker-a-reggio-per-presentare-un-concorso-per-le-scuole-insieme-al-presidente-livoti\/","url":"https:\/\/progettotouring.it\/radiotouring104\/2024\/01\/04\/le-muse-liconica-figura-della-moda-regina-schrecker-a-reggio-per-presentare-un-concorso-per-le-scuole-insieme-al-presidente-livoti\/","name":"Le Muse: Schrecker a Reggio per presentare concorso scuole","isPartOf":{"@id":"https:\/\/progettotouring.it\/radiotouring104\/#website"},"primaryImageOfPage":{"@id":"https:\/\/progettotouring.it\/radiotouring104\/2024\/01\/04\/le-muse-liconica-figura-della-moda-regina-schrecker-a-reggio-per-presentare-un-concorso-per-le-scuole-insieme-al-presidente-livoti\/#primaryimage"},"image":{"@id":"https:\/\/progettotouring.it\/radiotouring104\/2024\/01\/04\/le-muse-liconica-figura-della-moda-regina-schrecker-a-reggio-per-presentare-un-concorso-per-le-scuole-insieme-al-presidente-livoti\/#primaryimage"},"thumbnailUrl":"https:\/\/progettotouring.it\/radiotouring104\/wp-content\/uploads\/sites\/6\/2024\/01\/Muse-moda-Regina-Schrecker-a-Reggio.jpg","datePublished":"2024-01-04T11:08:38+00:00","description":"L\u2019associazione culturale \u201cLe Muse\" accoglie l\u2019iconica figura della moda Regina Schrecker a Reggio per presentare un concorso per le scuole.","breadcrumb":{"@id":"https:\/\/progettotouring.it\/radiotouring104\/2024\/01\/04\/le-muse-liconica-figura-della-moda-regina-schrecker-a-reggio-per-presentare-un-concorso-per-le-scuole-insieme-al-presidente-livoti\/#breadcrumb"},"inLanguage":"it-IT","potentialAction":[{"@type":"ReadAction","target":["https:\/\/progettotouring.it\/radiotouring104\/2024\/01\/04\/le-muse-liconica-figura-della-moda-regina-schrecker-a-reggio-per-presentare-un-concorso-per-le-scuole-insieme-al-presidente-livoti\/"]}]},{"@type":"ImageObject","inLanguage":"it-IT","@id":"https:\/\/progettotouring.it\/radiotouring104\/2024\/01\/04\/le-muse-liconica-figura-della-moda-regina-schrecker-a-reggio-per-presentare-un-concorso-per-le-scuole-insieme-al-presidente-livoti\/#primaryimage","url":"https:\/\/progettotouring.it\/radiotouring104\/wp-content\/uploads\/sites\/6\/2024\/01\/Muse-moda-Regina-Schrecker-a-Reggio.jpg","contentUrl":"https:\/\/progettotouring.it\/radiotouring104\/wp-content\/uploads\/sites\/6\/2024\/01\/Muse-moda-Regina-Schrecker-a-Reggio.jpg","width":2048,"height":1481,"caption":"qrf"},{"@type":"BreadcrumbList","@id":"https:\/\/progettotouring.it\/radiotouring104\/2024\/01\/04\/le-muse-liconica-figura-della-moda-regina-schrecker-a-reggio-per-presentare-un-concorso-per-le-scuole-insieme-al-presidente-livoti\/#breadcrumb","itemListElement":[{"@type":"ListItem","position":1,"name":"Home","item":"https:\/\/progettotouring.it\/radiotouring104\/"},{"@type":"ListItem","position":2,"name":"Le Muse: l\u2019iconica figura della moda Regina Schrecker a Reggio per presentare un concorso per le scuole insieme al presidente Livoti"}]},{"@type":"WebSite","@id":"https:\/\/progettotouring.it\/radiotouring104\/#website","url":"https:\/\/progettotouring.it\/radiotouring104\/","name":"Radio Touring 104","description":"La prima radio Reggina","publisher":{"@id":"https:\/\/progettotouring.it\/radiotouring104\/#organization"},"potentialAction":[{"@type":"SearchAction","target":{"@type":"EntryPoint","urlTemplate":"https:\/\/progettotouring.it\/radiotouring104\/?s={search_term_string}"},"query-input":{"@type":"PropertyValueSpecification","valueRequired":true,"valueName":"search_term_string"}}],"inLanguage":"it-IT"},{"@type":"Organization","@id":"https:\/\/progettotouring.it\/radiotouring104\/#organization","name":"Radio Touring 104","url":"https:\/\/progettotouring.it\/radiotouring104\/","logo":{"@type":"ImageObject","inLanguage":"it-IT","@id":"https:\/\/progettotouring.it\/radiotouring104\/#\/schema\/logo\/image\/","url":"https:\/\/progettotouring.it\/radiotouring104\/wp-content\/uploads\/sites\/6\/2022\/02\/cropped-logo-radio-touring-104.png","contentUrl":"https:\/\/progettotouring.it\/radiotouring104\/wp-content\/uploads\/sites\/6\/2022\/02\/cropped-logo-radio-touring-104.png","width":377,"height":182,"caption":"Radio Touring 104"},"image":{"@id":"https:\/\/progettotouring.it\/radiotouring104\/#\/schema\/logo\/image\/"}},{"@type":"Person","@id":"https:\/\/progettotouring.it\/radiotouring104\/#\/schema\/person\/78613917f1851f041f7483f5af1d422e","name":"Sebastiano Plutino","image":{"@type":"ImageObject","inLanguage":"it-IT","@id":"https:\/\/secure.gravatar.com\/avatar\/0546ffaa9b79224faf9f2a156b67a529ae861d3287c66c1d8ccfdf909bcba78d?s=96&d=mm&r=g","url":"https:\/\/secure.gravatar.com\/avatar\/0546ffaa9b79224faf9f2a156b67a529ae861d3287c66c1d8ccfdf909bcba78d?s=96&d=mm&r=g","contentUrl":"https:\/\/secure.gravatar.com\/avatar\/0546ffaa9b79224faf9f2a156b67a529ae861d3287c66c1d8ccfdf909bcba78d?s=96&d=mm&r=g","caption":"Sebastiano Plutino"},"url":"https:\/\/progettotouring.it\/radiotouring104\/author\/sebastiano\/"}]}},"jetpack_publicize_connections":[],"jetpack_featured_media_url":"https:\/\/progettotouring.it\/radiotouring104\/wp-content\/uploads\/sites\/6\/2024\/01\/Muse-moda-Regina-Schrecker-a-Reggio.jpg","jetpack_sharing_enabled":true,"_links":{"self":[{"href":"https:\/\/progettotouring.it\/radiotouring104\/wp-json\/wp\/v2\/posts\/42106","targetHints":{"allow":["GET"]}}],"collection":[{"href":"https:\/\/progettotouring.it\/radiotouring104\/wp-json\/wp\/v2\/posts"}],"about":[{"href":"https:\/\/progettotouring.it\/radiotouring104\/wp-json\/wp\/v2\/types\/post"}],"author":[{"embeddable":true,"href":"https:\/\/progettotouring.it\/radiotouring104\/wp-json\/wp\/v2\/users\/12"}],"replies":[{"embeddable":true,"href":"https:\/\/progettotouring.it\/radiotouring104\/wp-json\/wp\/v2\/comments?post=42106"}],"version-history":[{"count":1,"href":"https:\/\/progettotouring.it\/radiotouring104\/wp-json\/wp\/v2\/posts\/42106\/revisions"}],"predecessor-version":[{"id":42108,"href":"https:\/\/progettotouring.it\/radiotouring104\/wp-json\/wp\/v2\/posts\/42106\/revisions\/42108"}],"wp:featuredmedia":[{"embeddable":true,"href":"https:\/\/progettotouring.it\/radiotouring104\/wp-json\/wp\/v2\/media\/42107"}],"wp:attachment":[{"href":"https:\/\/progettotouring.it\/radiotouring104\/wp-json\/wp\/v2\/media?parent=42106"}],"wp:term":[{"taxonomy":"category","embeddable":true,"href":"https:\/\/progettotouring.it\/radiotouring104\/wp-json\/wp\/v2\/categories?post=42106"},{"taxonomy":"post_tag","embeddable":true,"href":"https:\/\/progettotouring.it\/radiotouring104\/wp-json\/wp\/v2\/tags?post=42106"}],"curies":[{"name":"wp","href":"https:\/\/api.w.org\/{rel}","templated":true}]}}