{"id":4223,"date":"2022-04-15T15:42:29","date_gmt":"2022-04-15T13:42:29","guid":{"rendered":"https:\/\/progettotouring.it\/radiotouring104\/?p=4223"},"modified":"2022-04-15T15:47:17","modified_gmt":"2022-04-15T13:47:17","slug":"damiano-caruso-e-il-nuovo-re-di-del-giro-di-sicilia-il-ragusano-conquista-tappa-e-classifica-generale","status":"publish","type":"post","link":"https:\/\/progettotouring.it\/radiotouring104\/2022\/04\/15\/damiano-caruso-e-il-nuovo-re-di-del-giro-di-sicilia-il-ragusano-conquista-tappa-e-classifica-generale\/","title":{"rendered":"Damiano Caruso \u00e8 il nuovo Re di del Giro di Sicilia: il ragusano conquista tappa e classifica generale"},"content":{"rendered":"<p>L&#8217;ultima tappa del<strong> Giro di Sicilia<\/strong> \u00e8 stata pazzesca in tutti i chilometri percorsi da <strong>Raglna<\/strong> fino ad arrivare <strong>sull&#8217;Etna<\/strong>. Gli ultimi istanti della frazione hanno emozionato i tifosi siciliani e non che hanno accorso e applaudito la carovana della corsa sicula. A vincere la tappa \u00e8 stato\u00a0<strong>Damiano<\/strong> <strong>Caruso <\/strong>del team Italia che a 2 chilometri dal traguardo ha staccato <strong>Jefferson<\/strong> <strong>Cepeda <\/strong>della Drone Hopper-Androni Giocattoli e <strong>Vincenzo<\/strong> <strong>Nibali<\/strong> dell&#8217;Astana Qazaqstan. Per il siciliano \u00e8 la prima vittoria stagionale e soprattutto il primo trionfo in una corsa a tappe. Cresciuto come gregario in tutte le squadre dove ha militato, il ragusano al <strong>Giro di Sicilia<\/strong> ha dimostrato ottima attitudine al comando e soprattutto ad avere una grande gamba rispetto a tutti gli altri. Per Damiano Caruso vittoria anche della classifica generale. Secondo posto per Meintjes che ha rimontato e superato Cepeda e Nibali.<\/p>\n<p>La tappa di oggi \u00e8 stata caratterizzata da una fuga composta da 9 corridori che nelle primissime battute hanno realizzato l&#8217;andamento della giornata. Questi sono stati i corridori che hanno realizzato quest&#8217;attacco: <strong>Filippo Fiorelli<\/strong> della Bardiani-CSF-Faizan\u00e8), <strong>Michael<\/strong> <strong>Belleri<\/strong> della Biesse-Carrera, <strong>Rafael Pineda<\/strong>, <strong>German Gomez<\/strong> della Colombia Tierra de Atletas, <strong>David Martin<\/strong> dell&#8217;Eolo-Kometa, <strong>Pier<\/strong>&#8211;<strong>Andr\u00e9 Cot\u00e9<\/strong> dell&#8217;Human Powered Health, <strong>Stefano<\/strong> <strong>Gandin<\/strong> della Corratec, <strong>Nicola<\/strong> <strong>Venchiarutti<\/strong> del Work Service Vitalcare Vega, <strong>Matteo<\/strong> <strong>Zurlo<\/strong> della Zalf Euromobil Fior. I gruppo \u00e8 stato ripreso a pochi chilometri dal traguardo da un drappello ridotto composto da <strong>Damiano Caruso <\/strong>del team Italia<strong>, Vincenzo Nibali<\/strong> dell&#8217;Astana Qazaqstan, <strong>Diego Rosa<\/strong> dell&#8217;Eolo-Kometa, <strong>Jefferson Cepeda<\/strong> della Drone Hopper-Androni Giocattoli e <strong>Kenny Elissonde<\/strong> della Trek-Segafredo.<\/p>\n<p>Il GPM di <strong>Contrada Giuliana<\/strong> \u00e8 stato vinto da <strong>German<\/strong> <strong>Gomez<\/strong> della Colombia Tierra de Atletas che ha battuto il compagno di squadra <strong>Rafael Cepeda<\/strong> Colombia Tierra de Atletas e <strong>Stefano<\/strong> <strong>Gandin<\/strong> della Corratec. Grazie anche a questo terzo posto, l&#8217;azzurro ha conquistato la Maglia Verde Pistacchio valida per la classifica generale scalatori. In precedenza il GpM Superior del Giro di Sicilia \u00e8 stato conquisto da Pier-Andr\u00e9 Cot\u00e9 dell&#8217;Human Powered Health, Stefano Gandin della Corratec e Matteo Zurlo della Zalf Euromobil Fior. Il traguardo volante di Mascali \u00e8 stato conquistato da <strong>Filippo Fiorelli<\/strong> della Bardiani-CSF-Faizan\u00e8 battendo <strong>Nicola Venchiarutti<\/strong> del Work Service e <strong>Michael Belleri<\/strong> della Biesse-Carrera.<\/p>\n<p><strong>Damiano Caruso<\/strong> ha parlato alla Regia Internazionale, come ha riportato RaiSport, della vittoria ottenuta sull&#8217;Etna: &#8220;<em>Mi sento felicissimo perch\u00e9 non ho mai corso in Sicilia. Voglio ringraziare la squadra di club che mi ha dato questa esperienza. Mi sono impegnato tanto e oggi abbiamo raccolto quello che abbiamo seminato. Conoscevo l&#8217;ultima salita e sapevo che gli ultimi chilometri erano i pi\u00f9 duri e sapevo che potevo attaccare l\u00ec&#8221;.\u00a0<\/em><\/p>\n<h3 class=\"abstract h4 js-titolo\">Ordine d&#8217;arrivo quarta tappa Giro di Sicilia<\/h3>\n<ul>\n<li>1. Damiano Caruso (Nazionale Italiana) 4h01\u201947\u201d<\/li>\n<li>2. Louis Meintjes (Intermarch\u00e9-Wanty-Gobert) +05\u2033<\/li>\n<li>3. Jefferson Cepeda (Drone Hopper-Androni Giocattoli) +10\u2033<\/li>\n<li>4. Vincenzo Nibali (Astana Qazaqstan) +17\u2033<\/li>\n<li>5. Diego Rosa (Eolo-Kometa) +50\u2033<\/li>\n<li>6. Kenny Elissonde (Trek-Segafredo) +57\u2033<\/li>\n<li>7. Nicola Conci (Nazionale Italiana) +2\u201906\u201d<\/li>\n<li>8. Vincenzo Albanese (Eolo-Kometa) +2\u201918\u201d<\/li>\n<li>9. Antonio Nibali (Astana Qazaqstan) +2\u201920\u201d<\/li>\n<li>10. Luca Rastelli (Bardiani-CSF-Faizan\u00e8) +2\u201922\u201d<\/li>\n<\/ul>\n<p><strong>Classifica generale finale Giro di Sicilia<\/strong><\/p>\n<p>1 Damiano CARUSO NAZIONALE ITALIANA 17:03:09<br \/>\n2 Jefferson CEPEDA DRONE HOPPER &#8211; ANDRONI GIOCATTOLI +29&#8243;<br \/>\n3 Louis MEINTJES INTERMARCH\u00c9 &#8211; WANTY &#8211; GOBERT MAT\u00c9RIAUX +29&#8243;<br \/>\n4 Vincenzo NIBALI ASTANA QAZAQSTAN +31&#8243;<br \/>\n5 Kenny ELISSONDE TREK &#8211; SEGAFREDO +1&#8217;17&#8221;<br \/>\n6 Nicola CONCI NAZIONALE ITALIANA +2&#8243;29&#8243;<br \/>\n7 Vincenzo ALBANESE EOLO-KOMETA CYCLING +2&#8217;41&#8221;<br \/>\n8 Edgar Andres PINZON VILLALBA COLOMBIA TIERRA DE ATLETAS GW SHIMANO +2&#8217;45&#8221;<br \/>\n9 Andrey ZEITS ASTANA QAZAQSTAN +2&#8217;52&#8221;<br \/>\n10 Antonio NIBALI ASTANA QAZAQSTAN +2&#8217;57&#8221;<\/p>\n","protected":false},"excerpt":{"rendered":"<p>L&#8217;ultima tappa del Giro di Sicilia \u00e8 stata pazzesca in tutti i chilometri percorsi da Raglna fino ad arrivare sull&#8217;Etna. Gli ultimi istanti della frazione hanno emozionato i tifosi siciliani&hellip;<\/p>\n","protected":false},"author":8,"featured_media":4233,"comment_status":"open","ping_status":"open","sticky":false,"template":"","format":"standard","meta":{"_jetpack_memberships_contains_paid_content":false,"footnotes":"","jetpack_publicize_message":"","jetpack_publicize_feature_enabled":true,"jetpack_social_post_already_shared":false,"jetpack_social_options":{"image_generator_settings":{"template":"highway","default_image_id":0,"font":"","enabled":false},"version":2}},"categories":[196,143,144],"tags":[947,995,977,997,911,996,948,946],"class_list":["post-4223","post","type-post","status-publish","format-standard","has-post-thumbnail","hentry","category-news","category-sicilia","category-sport","tag-caruso","tag-contrada-giuliana","tag-etna","tag-filippo-fiorelli","tag-giro-di-sicilia","tag-gpm-superior","tag-nibali","tag-stefano-gandin"],"yoast_head":"<!-- This site is optimized with the Yoast SEO plugin v27.2 - https:\/\/yoast.com\/product\/yoast-seo-wordpress\/ -->\n<title>Caruso conquista l&#039;ultima tappa del Giro di Sicilia e la classifica generale<\/title>\n<meta name=\"description\" content=\"Caruso conquista l&#039;ultima tappa del Giro di Sicilia e la classifica generale. Il ragusano ha staccato tutti nei km finali della frazione\" \/>\n<meta name=\"robots\" content=\"index, follow, max-snippet:-1, max-image-preview:large, max-video-preview:-1\" \/>\n<link rel=\"canonical\" href=\"https:\/\/progettotouring.it\/radiotouring104\/2022\/04\/15\/damiano-caruso-e-il-nuovo-re-di-del-giro-di-sicilia-il-ragusano-conquista-tappa-e-classifica-generale\/\" \/>\n<meta property=\"og:locale\" content=\"it_IT\" \/>\n<meta property=\"og:type\" content=\"article\" \/>\n<meta property=\"og:title\" content=\"Caruso conquista l&#039;ultima tappa del Giro di Sicilia e la classifica generale\" \/>\n<meta property=\"og:description\" content=\"Caruso conquista l&#039;ultima tappa del Giro di Sicilia e la classifica generale. Il ragusano ha staccato tutti nei km finali della frazione\" \/>\n<meta property=\"og:url\" content=\"https:\/\/progettotouring.it\/radiotouring104\/2022\/04\/15\/damiano-caruso-e-il-nuovo-re-di-del-giro-di-sicilia-il-ragusano-conquista-tappa-e-classifica-generale\/\" \/>\n<meta property=\"og:site_name\" content=\"Radio Touring 104\" \/>\n<meta property=\"article:published_time\" content=\"2022-04-15T13:42:29+00:00\" \/>\n<meta property=\"article:modified_time\" content=\"2022-04-15T13:47:17+00:00\" \/>\n<meta property=\"og:image\" content=\"https:\/\/progettotouring.it\/radiotouring104\/wp-content\/uploads\/sites\/6\/2022\/04\/Caruso-1.jpg\" \/>\n\t<meta property=\"og:image:width\" content=\"2048\" \/>\n\t<meta property=\"og:image:height\" content=\"1216\" \/>\n\t<meta property=\"og:image:type\" content=\"image\/jpeg\" \/>\n<meta name=\"author\" content=\"Filippo Francesco Idone\" \/>\n<meta name=\"twitter:card\" content=\"summary_large_image\" \/>\n<meta name=\"twitter:label1\" content=\"Scritto da\" \/>\n\t<meta name=\"twitter:data1\" content=\"Filippo Francesco Idone\" \/>\n\t<meta name=\"twitter:label2\" content=\"Tempo di lettura stimato\" \/>\n\t<meta name=\"twitter:data2\" content=\"3 minuti\" \/>\n<script type=\"application\/ld+json\" class=\"yoast-schema-graph\">{\"@context\":\"https:\/\/schema.org\",\"@graph\":[{\"@type\":\"Article\",\"@id\":\"https:\/\/progettotouring.it\/radiotouring104\/2022\/04\/15\/damiano-caruso-e-il-nuovo-re-di-del-giro-di-sicilia-il-ragusano-conquista-tappa-e-classifica-generale\/#article\",\"isPartOf\":{\"@id\":\"https:\/\/progettotouring.it\/radiotouring104\/2022\/04\/15\/damiano-caruso-e-il-nuovo-re-di-del-giro-di-sicilia-il-ragusano-conquista-tappa-e-classifica-generale\/\"},\"author\":{\"name\":\"Filippo Francesco Idone\",\"@id\":\"https:\/\/progettotouring.it\/radiotouring104\/#\/schema\/person\/4a82259ca52ac8702ad1a8f9e5a3120b\"},\"headline\":\"Damiano Caruso \u00e8 il nuovo Re di del Giro di Sicilia: il ragusano conquista tappa e classifica generale\",\"datePublished\":\"2022-04-15T13:42:29+00:00\",\"dateModified\":\"2022-04-15T13:47:17+00:00\",\"mainEntityOfPage\":{\"@id\":\"https:\/\/progettotouring.it\/radiotouring104\/2022\/04\/15\/damiano-caruso-e-il-nuovo-re-di-del-giro-di-sicilia-il-ragusano-conquista-tappa-e-classifica-generale\/\"},\"wordCount\":552,\"commentCount\":0,\"publisher\":{\"@id\":\"https:\/\/progettotouring.it\/radiotouring104\/#organization\"},\"image\":{\"@id\":\"https:\/\/progettotouring.it\/radiotouring104\/2022\/04\/15\/damiano-caruso-e-il-nuovo-re-di-del-giro-di-sicilia-il-ragusano-conquista-tappa-e-classifica-generale\/#primaryimage\"},\"thumbnailUrl\":\"https:\/\/progettotouring.it\/radiotouring104\/wp-content\/uploads\/sites\/6\/2022\/04\/Caruso-1.jpg\",\"keywords\":[\"caruso\",\"Contrada Giuliana\",\"etna\",\"Filippo Fiorelli\",\"giro di sicilia\",\"GpM Superior\",\"nibali\",\"stefano gandin\"],\"articleSection\":[\"News\",\"Sicilia\",\"Sport\"],\"inLanguage\":\"it-IT\",\"potentialAction\":[{\"@type\":\"CommentAction\",\"name\":\"Comment\",\"target\":[\"https:\/\/progettotouring.it\/radiotouring104\/2022\/04\/15\/damiano-caruso-e-il-nuovo-re-di-del-giro-di-sicilia-il-ragusano-conquista-tappa-e-classifica-generale\/#respond\"]}]},{\"@type\":\"WebPage\",\"@id\":\"https:\/\/progettotouring.it\/radiotouring104\/2022\/04\/15\/damiano-caruso-e-il-nuovo-re-di-del-giro-di-sicilia-il-ragusano-conquista-tappa-e-classifica-generale\/\",\"url\":\"https:\/\/progettotouring.it\/radiotouring104\/2022\/04\/15\/damiano-caruso-e-il-nuovo-re-di-del-giro-di-sicilia-il-ragusano-conquista-tappa-e-classifica-generale\/\",\"name\":\"Caruso conquista l'ultima tappa del Giro di Sicilia e la classifica generale\",\"isPartOf\":{\"@id\":\"https:\/\/progettotouring.it\/radiotouring104\/#website\"},\"primaryImageOfPage\":{\"@id\":\"https:\/\/progettotouring.it\/radiotouring104\/2022\/04\/15\/damiano-caruso-e-il-nuovo-re-di-del-giro-di-sicilia-il-ragusano-conquista-tappa-e-classifica-generale\/#primaryimage\"},\"image\":{\"@id\":\"https:\/\/progettotouring.it\/radiotouring104\/2022\/04\/15\/damiano-caruso-e-il-nuovo-re-di-del-giro-di-sicilia-il-ragusano-conquista-tappa-e-classifica-generale\/#primaryimage\"},\"thumbnailUrl\":\"https:\/\/progettotouring.it\/radiotouring104\/wp-content\/uploads\/sites\/6\/2022\/04\/Caruso-1.jpg\",\"datePublished\":\"2022-04-15T13:42:29+00:00\",\"dateModified\":\"2022-04-15T13:47:17+00:00\",\"description\":\"Caruso conquista l'ultima tappa del Giro di Sicilia e la classifica generale. Il ragusano ha staccato tutti nei km finali della frazione\",\"breadcrumb\":{\"@id\":\"https:\/\/progettotouring.it\/radiotouring104\/2022\/04\/15\/damiano-caruso-e-il-nuovo-re-di-del-giro-di-sicilia-il-ragusano-conquista-tappa-e-classifica-generale\/#breadcrumb\"},\"inLanguage\":\"it-IT\",\"potentialAction\":[{\"@type\":\"ReadAction\",\"target\":[\"https:\/\/progettotouring.it\/radiotouring104\/2022\/04\/15\/damiano-caruso-e-il-nuovo-re-di-del-giro-di-sicilia-il-ragusano-conquista-tappa-e-classifica-generale\/\"]}]},{\"@type\":\"ImageObject\",\"inLanguage\":\"it-IT\",\"@id\":\"https:\/\/progettotouring.it\/radiotouring104\/2022\/04\/15\/damiano-caruso-e-il-nuovo-re-di-del-giro-di-sicilia-il-ragusano-conquista-tappa-e-classifica-generale\/#primaryimage\",\"url\":\"https:\/\/progettotouring.it\/radiotouring104\/wp-content\/uploads\/sites\/6\/2022\/04\/Caruso-1.jpg\",\"contentUrl\":\"https:\/\/progettotouring.it\/radiotouring104\/wp-content\/uploads\/sites\/6\/2022\/04\/Caruso-1.jpg\",\"width\":2048,\"height\":1216,\"caption\":\"Foto account Eurosport\"},{\"@type\":\"BreadcrumbList\",\"@id\":\"https:\/\/progettotouring.it\/radiotouring104\/2022\/04\/15\/damiano-caruso-e-il-nuovo-re-di-del-giro-di-sicilia-il-ragusano-conquista-tappa-e-classifica-generale\/#breadcrumb\",\"itemListElement\":[{\"@type\":\"ListItem\",\"position\":1,\"name\":\"Home\",\"item\":\"https:\/\/progettotouring.it\/radiotouring104\/\"},{\"@type\":\"ListItem\",\"position\":2,\"name\":\"Damiano Caruso \u00e8 il nuovo Re di del Giro di Sicilia: il ragusano conquista tappa e classifica generale\"}]},{\"@type\":\"WebSite\",\"@id\":\"https:\/\/progettotouring.it\/radiotouring104\/#website\",\"url\":\"https:\/\/progettotouring.it\/radiotouring104\/\",\"name\":\"Radio Touring 104\",\"description\":\"La prima radio Reggina\",\"publisher\":{\"@id\":\"https:\/\/progettotouring.it\/radiotouring104\/#organization\"},\"potentialAction\":[{\"@type\":\"SearchAction\",\"target\":{\"@type\":\"EntryPoint\",\"urlTemplate\":\"https:\/\/progettotouring.it\/radiotouring104\/?s={search_term_string}\"},\"query-input\":{\"@type\":\"PropertyValueSpecification\",\"valueRequired\":true,\"valueName\":\"search_term_string\"}}],\"inLanguage\":\"it-IT\"},{\"@type\":\"Organization\",\"@id\":\"https:\/\/progettotouring.it\/radiotouring104\/#organization\",\"name\":\"Radio Touring 104\",\"url\":\"https:\/\/progettotouring.it\/radiotouring104\/\",\"logo\":{\"@type\":\"ImageObject\",\"inLanguage\":\"it-IT\",\"@id\":\"https:\/\/progettotouring.it\/radiotouring104\/#\/schema\/logo\/image\/\",\"url\":\"https:\/\/progettotouring.it\/radiotouring104\/wp-content\/uploads\/sites\/6\/2022\/02\/cropped-logo-radio-touring-104.png\",\"contentUrl\":\"https:\/\/progettotouring.it\/radiotouring104\/wp-content\/uploads\/sites\/6\/2022\/02\/cropped-logo-radio-touring-104.png\",\"width\":377,\"height\":182,\"caption\":\"Radio Touring 104\"},\"image\":{\"@id\":\"https:\/\/progettotouring.it\/radiotouring104\/#\/schema\/logo\/image\/\"}},{\"@type\":\"Person\",\"@id\":\"https:\/\/progettotouring.it\/radiotouring104\/#\/schema\/person\/4a82259ca52ac8702ad1a8f9e5a3120b\",\"name\":\"Filippo Francesco Idone\",\"image\":{\"@type\":\"ImageObject\",\"inLanguage\":\"it-IT\",\"@id\":\"https:\/\/secure.gravatar.com\/avatar\/7268715d2366395c3dd314385670e6484117d44f5c442e61e230f7008b7b62d3?s=96&d=mm&r=g\",\"url\":\"https:\/\/secure.gravatar.com\/avatar\/7268715d2366395c3dd314385670e6484117d44f5c442e61e230f7008b7b62d3?s=96&d=mm&r=g\",\"contentUrl\":\"https:\/\/secure.gravatar.com\/avatar\/7268715d2366395c3dd314385670e6484117d44f5c442e61e230f7008b7b62d3?s=96&d=mm&r=g\",\"caption\":\"Filippo Francesco Idone\"},\"url\":\"https:\/\/progettotouring.it\/radiotouring104\/author\/filippoidone\/\"}]}<\/script>\n<!-- \/ Yoast SEO plugin. -->","yoast_head_json":{"title":"Caruso conquista l'ultima tappa del Giro di Sicilia e la classifica generale","description":"Caruso conquista l'ultima tappa del Giro di Sicilia e la classifica generale. Il ragusano ha staccato tutti nei km finali della frazione","robots":{"index":"index","follow":"follow","max-snippet":"max-snippet:-1","max-image-preview":"max-image-preview:large","max-video-preview":"max-video-preview:-1"},"canonical":"https:\/\/progettotouring.it\/radiotouring104\/2022\/04\/15\/damiano-caruso-e-il-nuovo-re-di-del-giro-di-sicilia-il-ragusano-conquista-tappa-e-classifica-generale\/","og_locale":"it_IT","og_type":"article","og_title":"Caruso conquista l'ultima tappa del Giro di Sicilia e la classifica generale","og_description":"Caruso conquista l'ultima tappa del Giro di Sicilia e la classifica generale. Il ragusano ha staccato tutti nei km finali della frazione","og_url":"https:\/\/progettotouring.it\/radiotouring104\/2022\/04\/15\/damiano-caruso-e-il-nuovo-re-di-del-giro-di-sicilia-il-ragusano-conquista-tappa-e-classifica-generale\/","og_site_name":"Radio Touring 104","article_published_time":"2022-04-15T13:42:29+00:00","article_modified_time":"2022-04-15T13:47:17+00:00","og_image":[{"width":2048,"height":1216,"url":"https:\/\/progettotouring.it\/radiotouring104\/wp-content\/uploads\/sites\/6\/2022\/04\/Caruso-1.jpg","type":"image\/jpeg"}],"author":"Filippo Francesco Idone","twitter_card":"summary_large_image","twitter_misc":{"Scritto da":"Filippo Francesco Idone","Tempo di lettura stimato":"3 minuti"},"schema":{"@context":"https:\/\/schema.org","@graph":[{"@type":"Article","@id":"https:\/\/progettotouring.it\/radiotouring104\/2022\/04\/15\/damiano-caruso-e-il-nuovo-re-di-del-giro-di-sicilia-il-ragusano-conquista-tappa-e-classifica-generale\/#article","isPartOf":{"@id":"https:\/\/progettotouring.it\/radiotouring104\/2022\/04\/15\/damiano-caruso-e-il-nuovo-re-di-del-giro-di-sicilia-il-ragusano-conquista-tappa-e-classifica-generale\/"},"author":{"name":"Filippo Francesco Idone","@id":"https:\/\/progettotouring.it\/radiotouring104\/#\/schema\/person\/4a82259ca52ac8702ad1a8f9e5a3120b"},"headline":"Damiano Caruso \u00e8 il nuovo Re di del Giro di Sicilia: il ragusano conquista tappa e classifica generale","datePublished":"2022-04-15T13:42:29+00:00","dateModified":"2022-04-15T13:47:17+00:00","mainEntityOfPage":{"@id":"https:\/\/progettotouring.it\/radiotouring104\/2022\/04\/15\/damiano-caruso-e-il-nuovo-re-di-del-giro-di-sicilia-il-ragusano-conquista-tappa-e-classifica-generale\/"},"wordCount":552,"commentCount":0,"publisher":{"@id":"https:\/\/progettotouring.it\/radiotouring104\/#organization"},"image":{"@id":"https:\/\/progettotouring.it\/radiotouring104\/2022\/04\/15\/damiano-caruso-e-il-nuovo-re-di-del-giro-di-sicilia-il-ragusano-conquista-tappa-e-classifica-generale\/#primaryimage"},"thumbnailUrl":"https:\/\/progettotouring.it\/radiotouring104\/wp-content\/uploads\/sites\/6\/2022\/04\/Caruso-1.jpg","keywords":["caruso","Contrada Giuliana","etna","Filippo Fiorelli","giro di sicilia","GpM Superior","nibali","stefano gandin"],"articleSection":["News","Sicilia","Sport"],"inLanguage":"it-IT","potentialAction":[{"@type":"CommentAction","name":"Comment","target":["https:\/\/progettotouring.it\/radiotouring104\/2022\/04\/15\/damiano-caruso-e-il-nuovo-re-di-del-giro-di-sicilia-il-ragusano-conquista-tappa-e-classifica-generale\/#respond"]}]},{"@type":"WebPage","@id":"https:\/\/progettotouring.it\/radiotouring104\/2022\/04\/15\/damiano-caruso-e-il-nuovo-re-di-del-giro-di-sicilia-il-ragusano-conquista-tappa-e-classifica-generale\/","url":"https:\/\/progettotouring.it\/radiotouring104\/2022\/04\/15\/damiano-caruso-e-il-nuovo-re-di-del-giro-di-sicilia-il-ragusano-conquista-tappa-e-classifica-generale\/","name":"Caruso conquista l'ultima tappa del Giro di Sicilia e la classifica generale","isPartOf":{"@id":"https:\/\/progettotouring.it\/radiotouring104\/#website"},"primaryImageOfPage":{"@id":"https:\/\/progettotouring.it\/radiotouring104\/2022\/04\/15\/damiano-caruso-e-il-nuovo-re-di-del-giro-di-sicilia-il-ragusano-conquista-tappa-e-classifica-generale\/#primaryimage"},"image":{"@id":"https:\/\/progettotouring.it\/radiotouring104\/2022\/04\/15\/damiano-caruso-e-il-nuovo-re-di-del-giro-di-sicilia-il-ragusano-conquista-tappa-e-classifica-generale\/#primaryimage"},"thumbnailUrl":"https:\/\/progettotouring.it\/radiotouring104\/wp-content\/uploads\/sites\/6\/2022\/04\/Caruso-1.jpg","datePublished":"2022-04-15T13:42:29+00:00","dateModified":"2022-04-15T13:47:17+00:00","description":"Caruso conquista l'ultima tappa del Giro di Sicilia e la classifica generale. Il ragusano ha staccato tutti nei km finali della frazione","breadcrumb":{"@id":"https:\/\/progettotouring.it\/radiotouring104\/2022\/04\/15\/damiano-caruso-e-il-nuovo-re-di-del-giro-di-sicilia-il-ragusano-conquista-tappa-e-classifica-generale\/#breadcrumb"},"inLanguage":"it-IT","potentialAction":[{"@type":"ReadAction","target":["https:\/\/progettotouring.it\/radiotouring104\/2022\/04\/15\/damiano-caruso-e-il-nuovo-re-di-del-giro-di-sicilia-il-ragusano-conquista-tappa-e-classifica-generale\/"]}]},{"@type":"ImageObject","inLanguage":"it-IT","@id":"https:\/\/progettotouring.it\/radiotouring104\/2022\/04\/15\/damiano-caruso-e-il-nuovo-re-di-del-giro-di-sicilia-il-ragusano-conquista-tappa-e-classifica-generale\/#primaryimage","url":"https:\/\/progettotouring.it\/radiotouring104\/wp-content\/uploads\/sites\/6\/2022\/04\/Caruso-1.jpg","contentUrl":"https:\/\/progettotouring.it\/radiotouring104\/wp-content\/uploads\/sites\/6\/2022\/04\/Caruso-1.jpg","width":2048,"height":1216,"caption":"Foto account Eurosport"},{"@type":"BreadcrumbList","@id":"https:\/\/progettotouring.it\/radiotouring104\/2022\/04\/15\/damiano-caruso-e-il-nuovo-re-di-del-giro-di-sicilia-il-ragusano-conquista-tappa-e-classifica-generale\/#breadcrumb","itemListElement":[{"@type":"ListItem","position":1,"name":"Home","item":"https:\/\/progettotouring.it\/radiotouring104\/"},{"@type":"ListItem","position":2,"name":"Damiano Caruso \u00e8 il nuovo Re di del Giro di Sicilia: il ragusano conquista tappa e classifica generale"}]},{"@type":"WebSite","@id":"https:\/\/progettotouring.it\/radiotouring104\/#website","url":"https:\/\/progettotouring.it\/radiotouring104\/","name":"Radio Touring 104","description":"La prima radio Reggina","publisher":{"@id":"https:\/\/progettotouring.it\/radiotouring104\/#organization"},"potentialAction":[{"@type":"SearchAction","target":{"@type":"EntryPoint","urlTemplate":"https:\/\/progettotouring.it\/radiotouring104\/?s={search_term_string}"},"query-input":{"@type":"PropertyValueSpecification","valueRequired":true,"valueName":"search_term_string"}}],"inLanguage":"it-IT"},{"@type":"Organization","@id":"https:\/\/progettotouring.it\/radiotouring104\/#organization","name":"Radio Touring 104","url":"https:\/\/progettotouring.it\/radiotouring104\/","logo":{"@type":"ImageObject","inLanguage":"it-IT","@id":"https:\/\/progettotouring.it\/radiotouring104\/#\/schema\/logo\/image\/","url":"https:\/\/progettotouring.it\/radiotouring104\/wp-content\/uploads\/sites\/6\/2022\/02\/cropped-logo-radio-touring-104.png","contentUrl":"https:\/\/progettotouring.it\/radiotouring104\/wp-content\/uploads\/sites\/6\/2022\/02\/cropped-logo-radio-touring-104.png","width":377,"height":182,"caption":"Radio Touring 104"},"image":{"@id":"https:\/\/progettotouring.it\/radiotouring104\/#\/schema\/logo\/image\/"}},{"@type":"Person","@id":"https:\/\/progettotouring.it\/radiotouring104\/#\/schema\/person\/4a82259ca52ac8702ad1a8f9e5a3120b","name":"Filippo Francesco Idone","image":{"@type":"ImageObject","inLanguage":"it-IT","@id":"https:\/\/secure.gravatar.com\/avatar\/7268715d2366395c3dd314385670e6484117d44f5c442e61e230f7008b7b62d3?s=96&d=mm&r=g","url":"https:\/\/secure.gravatar.com\/avatar\/7268715d2366395c3dd314385670e6484117d44f5c442e61e230f7008b7b62d3?s=96&d=mm&r=g","contentUrl":"https:\/\/secure.gravatar.com\/avatar\/7268715d2366395c3dd314385670e6484117d44f5c442e61e230f7008b7b62d3?s=96&d=mm&r=g","caption":"Filippo Francesco Idone"},"url":"https:\/\/progettotouring.it\/radiotouring104\/author\/filippoidone\/"}]}},"jetpack_publicize_connections":[],"jetpack_featured_media_url":"https:\/\/progettotouring.it\/radiotouring104\/wp-content\/uploads\/sites\/6\/2022\/04\/Caruso-1.jpg","jetpack_sharing_enabled":true,"_links":{"self":[{"href":"https:\/\/progettotouring.it\/radiotouring104\/wp-json\/wp\/v2\/posts\/4223","targetHints":{"allow":["GET"]}}],"collection":[{"href":"https:\/\/progettotouring.it\/radiotouring104\/wp-json\/wp\/v2\/posts"}],"about":[{"href":"https:\/\/progettotouring.it\/radiotouring104\/wp-json\/wp\/v2\/types\/post"}],"author":[{"embeddable":true,"href":"https:\/\/progettotouring.it\/radiotouring104\/wp-json\/wp\/v2\/users\/8"}],"replies":[{"embeddable":true,"href":"https:\/\/progettotouring.it\/radiotouring104\/wp-json\/wp\/v2\/comments?post=4223"}],"version-history":[{"count":8,"href":"https:\/\/progettotouring.it\/radiotouring104\/wp-json\/wp\/v2\/posts\/4223\/revisions"}],"predecessor-version":[{"id":4241,"href":"https:\/\/progettotouring.it\/radiotouring104\/wp-json\/wp\/v2\/posts\/4223\/revisions\/4241"}],"wp:featuredmedia":[{"embeddable":true,"href":"https:\/\/progettotouring.it\/radiotouring104\/wp-json\/wp\/v2\/media\/4233"}],"wp:attachment":[{"href":"https:\/\/progettotouring.it\/radiotouring104\/wp-json\/wp\/v2\/media?parent=4223"}],"wp:term":[{"taxonomy":"category","embeddable":true,"href":"https:\/\/progettotouring.it\/radiotouring104\/wp-json\/wp\/v2\/categories?post=4223"},{"taxonomy":"post_tag","embeddable":true,"href":"https:\/\/progettotouring.it\/radiotouring104\/wp-json\/wp\/v2\/tags?post=4223"}],"curies":[{"name":"wp","href":"https:\/\/api.w.org\/{rel}","templated":true}]}}