{"id":42346,"date":"2024-01-10T11:01:22","date_gmt":"2024-01-10T10:01:22","guid":{"rendered":"https:\/\/progettotouring.it\/radiotouring104\/?p=42346"},"modified":"2024-01-10T11:04:13","modified_gmt":"2024-01-10T10:04:13","slug":"forza-italia-calabria-e-la-settimana-dei-congressi-tutte-le-date","status":"publish","type":"post","link":"https:\/\/progettotouring.it\/radiotouring104\/2024\/01\/10\/forza-italia-calabria-e-la-settimana-dei-congressi-tutte-le-date\/","title":{"rendered":"Forza Italia Calabria: \u00e8 la settimana dei Congressi. Tutte le date"},"content":{"rendered":"<p style=\"text-align: justify\">\u00c8 la settimana dei Congressi azzurri in Calabria. L\u2019anno nuovo inizia con uno slogan che la dice tutta: \u201c<strong>Pi\u00f9 forte \u00e8 Forza Italia, pi\u00f9 forte \u00e8 la Calabria<\/strong>!\u201d<\/p>\n<p style=\"text-align: justify\">Di seguito il calendario degli eventi:<\/p>\n<ul style=\"text-align: justify\">\n<li><strong>Crotone<\/strong>, venerd\u00ec 12 gennaio, ore 15:30, presso l\u2019Hotel \u201cLido degli scogli\u201d<\/li>\n<li><strong>Catanzaro<\/strong>, sabato 13 gennaio, ore 10:30, presso l\u2019Hotel \u201cGuglielmo\u201d<\/li>\n<li><strong>Vibo<\/strong> <strong>Valentia<\/strong>, sabato 13 gennaio, ore 15:00, presso l\u2019Hotel \u201c501\u201d<\/li>\n<li><strong>Reggio<\/strong> <strong>Calabria<\/strong>, domenica 14 gennaio, ore 9:30, presso l\u2019Auditorium \u201cVersace\u201d del Ce.Dir.<\/li>\n<li><strong>Cosenza<\/strong>, domenica 14 gennaio, ore 15:00, presso \u201cLa Duchessa\u201d Ricevimenti, in Localit\u00e0 Menna (Zumpano)<\/li>\n<\/ul>\n<p style=\"text-align: justify\"><strong><em>\u00a0<\/em><\/strong><\/p>\n<p style=\"text-align: justify\">Nel weekend, ogni provincia della Calabria sar\u00e0 teatro degli incontri forzisti, con la presenza anche di big del Partito che verranno nella nostra regione per presiedere i congressi. Spicca la presenza del Segretario nazionale del Partito e Vice Presidente del Consiglio dei Ministri,<strong> Antonio Tajani<\/strong>, che domenica sar\u00e0 prima a Reggio Calabria e poi a Cosenza. A ciascuno degli incontri presiederanno il Coordinatore regionale di Forza Italia, On. <strong>Francesco Cannizzaro,<\/strong> ed il Presidente della Regione, On. <strong>Roberto Occhiuto;<\/strong> prenderanno parte parlamentari, assessori e consiglieri regionali, sindaci ed amministratori.<\/p>\n<p style=\"text-align: justify\">Appuntamenti imperdibili, per il presente e, soprattutto, per il futuro.<\/p>\n","protected":false},"excerpt":{"rendered":"<p>\u00c8 la settimana dei Congressi azzurri in Calabria. L\u2019anno nuovo inizia con uno slogan che la dice tutta: \u201cPi\u00f9 forte \u00e8 Forza Italia, pi\u00f9 forte \u00e8 la Calabria!\u201d Di seguito&hellip;<\/p>\n","protected":false},"author":12,"featured_media":7361,"comment_status":"closed","ping_status":"open","sticky":false,"template":"","format":"standard","meta":{"_jetpack_memberships_contains_paid_content":false,"footnotes":"","jetpack_publicize_message":"","jetpack_publicize_feature_enabled":true,"jetpack_social_post_already_shared":false,"jetpack_social_options":{"image_generator_settings":{"template":"highway","default_image_id":0,"font":"","enabled":false},"version":2}},"categories":[142,921,196],"tags":[17596,26180,26181,2776,18340],"class_list":["post-42346","post","type-post","status-publish","format-standard","has-post-thumbnail","hentry","category-calabria","category-home","category-news","tag-antonio-tajani","tag-congressi-forza-italia-calabria","tag-date-congressi-fi-calabria","tag-francesco-cannizzaro","tag-occhiuto-roberto"],"yoast_head":"<!-- This site is optimized with the Yoast SEO plugin v27.2 - https:\/\/yoast.com\/product\/yoast-seo-wordpress\/ -->\n<title>Forza Italia Calabria: \u00e8 la settimana dei Congressi. Tutte le date<\/title>\n<meta name=\"description\" content=\"Di seguito il calendario degli eventi dei Congressi della settimana di Forza Italia che si svolgeranno in Calabria\" \/>\n<meta name=\"robots\" content=\"index, follow, max-snippet:-1, max-image-preview:large, max-video-preview:-1\" \/>\n<link rel=\"canonical\" href=\"https:\/\/progettotouring.it\/radiotouring104\/2024\/01\/10\/forza-italia-calabria-e-la-settimana-dei-congressi-tutte-le-date\/\" \/>\n<meta property=\"og:locale\" content=\"it_IT\" \/>\n<meta property=\"og:type\" content=\"article\" \/>\n<meta property=\"og:title\" content=\"Forza Italia Calabria: \u00e8 la settimana dei Congressi. Tutte le date\" \/>\n<meta property=\"og:description\" content=\"Di seguito il calendario degli eventi dei Congressi della settimana di Forza Italia che si svolgeranno in Calabria\" \/>\n<meta property=\"og:url\" content=\"https:\/\/progettotouring.it\/radiotouring104\/2024\/01\/10\/forza-italia-calabria-e-la-settimana-dei-congressi-tutte-le-date\/\" \/>\n<meta property=\"og:site_name\" content=\"Radio Touring 104\" \/>\n<meta property=\"article:published_time\" content=\"2024-01-10T10:01:22+00:00\" \/>\n<meta property=\"article:modified_time\" content=\"2024-01-10T10:04:13+00:00\" \/>\n<meta property=\"og:image\" content=\"https:\/\/progettotouring.it\/radiotouring104\/wp-content\/uploads\/sites\/6\/2022\/06\/Logo_Forza_Italia.svg_.png\" \/>\n\t<meta property=\"og:image:width\" content=\"1200\" \/>\n\t<meta property=\"og:image:height\" content=\"996\" \/>\n\t<meta property=\"og:image:type\" content=\"image\/png\" \/>\n<meta name=\"author\" content=\"Sebastiano Plutino\" \/>\n<meta name=\"twitter:card\" content=\"summary_large_image\" \/>\n<meta name=\"twitter:label1\" content=\"Scritto da\" \/>\n\t<meta name=\"twitter:data1\" content=\"Sebastiano Plutino\" \/>\n\t<meta name=\"twitter:label2\" content=\"Tempo di lettura stimato\" \/>\n\t<meta name=\"twitter:data2\" content=\"1 minuto\" \/>\n<script type=\"application\/ld+json\" class=\"yoast-schema-graph\">{\"@context\":\"https:\/\/schema.org\",\"@graph\":[{\"@type\":\"Article\",\"@id\":\"https:\/\/progettotouring.it\/radiotouring104\/2024\/01\/10\/forza-italia-calabria-e-la-settimana-dei-congressi-tutte-le-date\/#article\",\"isPartOf\":{\"@id\":\"https:\/\/progettotouring.it\/radiotouring104\/2024\/01\/10\/forza-italia-calabria-e-la-settimana-dei-congressi-tutte-le-date\/\"},\"author\":{\"name\":\"Sebastiano Plutino\",\"@id\":\"https:\/\/progettotouring.it\/radiotouring104\/#\/schema\/person\/78613917f1851f041f7483f5af1d422e\"},\"headline\":\"Forza Italia Calabria: \u00e8 la settimana dei Congressi. Tutte le date\",\"datePublished\":\"2024-01-10T10:01:22+00:00\",\"dateModified\":\"2024-01-10T10:04:13+00:00\",\"mainEntityOfPage\":{\"@id\":\"https:\/\/progettotouring.it\/radiotouring104\/2024\/01\/10\/forza-italia-calabria-e-la-settimana-dei-congressi-tutte-le-date\/\"},\"wordCount\":190,\"publisher\":{\"@id\":\"https:\/\/progettotouring.it\/radiotouring104\/#organization\"},\"image\":{\"@id\":\"https:\/\/progettotouring.it\/radiotouring104\/2024\/01\/10\/forza-italia-calabria-e-la-settimana-dei-congressi-tutte-le-date\/#primaryimage\"},\"thumbnailUrl\":\"https:\/\/progettotouring.it\/radiotouring104\/wp-content\/uploads\/sites\/6\/2022\/06\/Logo_Forza_Italia.svg_.png\",\"keywords\":[\"Antonio Tajani\",\"Congressi Forza Italia Calabria\",\"date congressi FI Calabria\",\"francesco cannizzaro\",\"Occhiuto Roberto\"],\"articleSection\":[\"Calabria\",\"Home\",\"News\"],\"inLanguage\":\"it-IT\"},{\"@type\":\"WebPage\",\"@id\":\"https:\/\/progettotouring.it\/radiotouring104\/2024\/01\/10\/forza-italia-calabria-e-la-settimana-dei-congressi-tutte-le-date\/\",\"url\":\"https:\/\/progettotouring.it\/radiotouring104\/2024\/01\/10\/forza-italia-calabria-e-la-settimana-dei-congressi-tutte-le-date\/\",\"name\":\"Forza Italia Calabria: \u00e8 la settimana dei Congressi. Tutte le date\",\"isPartOf\":{\"@id\":\"https:\/\/progettotouring.it\/radiotouring104\/#website\"},\"primaryImageOfPage\":{\"@id\":\"https:\/\/progettotouring.it\/radiotouring104\/2024\/01\/10\/forza-italia-calabria-e-la-settimana-dei-congressi-tutte-le-date\/#primaryimage\"},\"image\":{\"@id\":\"https:\/\/progettotouring.it\/radiotouring104\/2024\/01\/10\/forza-italia-calabria-e-la-settimana-dei-congressi-tutte-le-date\/#primaryimage\"},\"thumbnailUrl\":\"https:\/\/progettotouring.it\/radiotouring104\/wp-content\/uploads\/sites\/6\/2022\/06\/Logo_Forza_Italia.svg_.png\",\"datePublished\":\"2024-01-10T10:01:22+00:00\",\"dateModified\":\"2024-01-10T10:04:13+00:00\",\"description\":\"Di seguito il calendario degli eventi dei Congressi della settimana di Forza Italia che si svolgeranno in Calabria\",\"breadcrumb\":{\"@id\":\"https:\/\/progettotouring.it\/radiotouring104\/2024\/01\/10\/forza-italia-calabria-e-la-settimana-dei-congressi-tutte-le-date\/#breadcrumb\"},\"inLanguage\":\"it-IT\",\"potentialAction\":[{\"@type\":\"ReadAction\",\"target\":[\"https:\/\/progettotouring.it\/radiotouring104\/2024\/01\/10\/forza-italia-calabria-e-la-settimana-dei-congressi-tutte-le-date\/\"]}]},{\"@type\":\"ImageObject\",\"inLanguage\":\"it-IT\",\"@id\":\"https:\/\/progettotouring.it\/radiotouring104\/2024\/01\/10\/forza-italia-calabria-e-la-settimana-dei-congressi-tutte-le-date\/#primaryimage\",\"url\":\"https:\/\/progettotouring.it\/radiotouring104\/wp-content\/uploads\/sites\/6\/2022\/06\/Logo_Forza_Italia.svg_.png\",\"contentUrl\":\"https:\/\/progettotouring.it\/radiotouring104\/wp-content\/uploads\/sites\/6\/2022\/06\/Logo_Forza_Italia.svg_.png\",\"width\":1200,\"height\":996},{\"@type\":\"BreadcrumbList\",\"@id\":\"https:\/\/progettotouring.it\/radiotouring104\/2024\/01\/10\/forza-italia-calabria-e-la-settimana-dei-congressi-tutte-le-date\/#breadcrumb\",\"itemListElement\":[{\"@type\":\"ListItem\",\"position\":1,\"name\":\"Home\",\"item\":\"https:\/\/progettotouring.it\/radiotouring104\/\"},{\"@type\":\"ListItem\",\"position\":2,\"name\":\"Forza Italia Calabria: \u00e8 la settimana dei Congressi. Tutte le date\"}]},{\"@type\":\"WebSite\",\"@id\":\"https:\/\/progettotouring.it\/radiotouring104\/#website\",\"url\":\"https:\/\/progettotouring.it\/radiotouring104\/\",\"name\":\"Radio Touring 104\",\"description\":\"La prima radio Reggina\",\"publisher\":{\"@id\":\"https:\/\/progettotouring.it\/radiotouring104\/#organization\"},\"potentialAction\":[{\"@type\":\"SearchAction\",\"target\":{\"@type\":\"EntryPoint\",\"urlTemplate\":\"https:\/\/progettotouring.it\/radiotouring104\/?s={search_term_string}\"},\"query-input\":{\"@type\":\"PropertyValueSpecification\",\"valueRequired\":true,\"valueName\":\"search_term_string\"}}],\"inLanguage\":\"it-IT\"},{\"@type\":\"Organization\",\"@id\":\"https:\/\/progettotouring.it\/radiotouring104\/#organization\",\"name\":\"Radio Touring 104\",\"url\":\"https:\/\/progettotouring.it\/radiotouring104\/\",\"logo\":{\"@type\":\"ImageObject\",\"inLanguage\":\"it-IT\",\"@id\":\"https:\/\/progettotouring.it\/radiotouring104\/#\/schema\/logo\/image\/\",\"url\":\"https:\/\/progettotouring.it\/radiotouring104\/wp-content\/uploads\/sites\/6\/2022\/02\/cropped-logo-radio-touring-104.png\",\"contentUrl\":\"https:\/\/progettotouring.it\/radiotouring104\/wp-content\/uploads\/sites\/6\/2022\/02\/cropped-logo-radio-touring-104.png\",\"width\":377,\"height\":182,\"caption\":\"Radio Touring 104\"},\"image\":{\"@id\":\"https:\/\/progettotouring.it\/radiotouring104\/#\/schema\/logo\/image\/\"}},{\"@type\":\"Person\",\"@id\":\"https:\/\/progettotouring.it\/radiotouring104\/#\/schema\/person\/78613917f1851f041f7483f5af1d422e\",\"name\":\"Sebastiano Plutino\",\"image\":{\"@type\":\"ImageObject\",\"inLanguage\":\"it-IT\",\"@id\":\"https:\/\/secure.gravatar.com\/avatar\/0546ffaa9b79224faf9f2a156b67a529ae861d3287c66c1d8ccfdf909bcba78d?s=96&d=mm&r=g\",\"url\":\"https:\/\/secure.gravatar.com\/avatar\/0546ffaa9b79224faf9f2a156b67a529ae861d3287c66c1d8ccfdf909bcba78d?s=96&d=mm&r=g\",\"contentUrl\":\"https:\/\/secure.gravatar.com\/avatar\/0546ffaa9b79224faf9f2a156b67a529ae861d3287c66c1d8ccfdf909bcba78d?s=96&d=mm&r=g\",\"caption\":\"Sebastiano Plutino\"},\"url\":\"https:\/\/progettotouring.it\/radiotouring104\/author\/sebastiano\/\"}]}<\/script>\n<!-- \/ Yoast SEO plugin. -->","yoast_head_json":{"title":"Forza Italia Calabria: \u00e8 la settimana dei Congressi. Tutte le date","description":"Di seguito il calendario degli eventi dei Congressi della settimana di Forza Italia che si svolgeranno in Calabria","robots":{"index":"index","follow":"follow","max-snippet":"max-snippet:-1","max-image-preview":"max-image-preview:large","max-video-preview":"max-video-preview:-1"},"canonical":"https:\/\/progettotouring.it\/radiotouring104\/2024\/01\/10\/forza-italia-calabria-e-la-settimana-dei-congressi-tutte-le-date\/","og_locale":"it_IT","og_type":"article","og_title":"Forza Italia Calabria: \u00e8 la settimana dei Congressi. Tutte le date","og_description":"Di seguito il calendario degli eventi dei Congressi della settimana di Forza Italia che si svolgeranno in Calabria","og_url":"https:\/\/progettotouring.it\/radiotouring104\/2024\/01\/10\/forza-italia-calabria-e-la-settimana-dei-congressi-tutte-le-date\/","og_site_name":"Radio Touring 104","article_published_time":"2024-01-10T10:01:22+00:00","article_modified_time":"2024-01-10T10:04:13+00:00","og_image":[{"width":1200,"height":996,"url":"https:\/\/progettotouring.it\/radiotouring104\/wp-content\/uploads\/sites\/6\/2022\/06\/Logo_Forza_Italia.svg_.png","type":"image\/png"}],"author":"Sebastiano Plutino","twitter_card":"summary_large_image","twitter_misc":{"Scritto da":"Sebastiano Plutino","Tempo di lettura stimato":"1 minuto"},"schema":{"@context":"https:\/\/schema.org","@graph":[{"@type":"Article","@id":"https:\/\/progettotouring.it\/radiotouring104\/2024\/01\/10\/forza-italia-calabria-e-la-settimana-dei-congressi-tutte-le-date\/#article","isPartOf":{"@id":"https:\/\/progettotouring.it\/radiotouring104\/2024\/01\/10\/forza-italia-calabria-e-la-settimana-dei-congressi-tutte-le-date\/"},"author":{"name":"Sebastiano Plutino","@id":"https:\/\/progettotouring.it\/radiotouring104\/#\/schema\/person\/78613917f1851f041f7483f5af1d422e"},"headline":"Forza Italia Calabria: \u00e8 la settimana dei Congressi. Tutte le date","datePublished":"2024-01-10T10:01:22+00:00","dateModified":"2024-01-10T10:04:13+00:00","mainEntityOfPage":{"@id":"https:\/\/progettotouring.it\/radiotouring104\/2024\/01\/10\/forza-italia-calabria-e-la-settimana-dei-congressi-tutte-le-date\/"},"wordCount":190,"publisher":{"@id":"https:\/\/progettotouring.it\/radiotouring104\/#organization"},"image":{"@id":"https:\/\/progettotouring.it\/radiotouring104\/2024\/01\/10\/forza-italia-calabria-e-la-settimana-dei-congressi-tutte-le-date\/#primaryimage"},"thumbnailUrl":"https:\/\/progettotouring.it\/radiotouring104\/wp-content\/uploads\/sites\/6\/2022\/06\/Logo_Forza_Italia.svg_.png","keywords":["Antonio Tajani","Congressi Forza Italia Calabria","date congressi FI Calabria","francesco cannizzaro","Occhiuto Roberto"],"articleSection":["Calabria","Home","News"],"inLanguage":"it-IT"},{"@type":"WebPage","@id":"https:\/\/progettotouring.it\/radiotouring104\/2024\/01\/10\/forza-italia-calabria-e-la-settimana-dei-congressi-tutte-le-date\/","url":"https:\/\/progettotouring.it\/radiotouring104\/2024\/01\/10\/forza-italia-calabria-e-la-settimana-dei-congressi-tutte-le-date\/","name":"Forza Italia Calabria: \u00e8 la settimana dei Congressi. Tutte le date","isPartOf":{"@id":"https:\/\/progettotouring.it\/radiotouring104\/#website"},"primaryImageOfPage":{"@id":"https:\/\/progettotouring.it\/radiotouring104\/2024\/01\/10\/forza-italia-calabria-e-la-settimana-dei-congressi-tutte-le-date\/#primaryimage"},"image":{"@id":"https:\/\/progettotouring.it\/radiotouring104\/2024\/01\/10\/forza-italia-calabria-e-la-settimana-dei-congressi-tutte-le-date\/#primaryimage"},"thumbnailUrl":"https:\/\/progettotouring.it\/radiotouring104\/wp-content\/uploads\/sites\/6\/2022\/06\/Logo_Forza_Italia.svg_.png","datePublished":"2024-01-10T10:01:22+00:00","dateModified":"2024-01-10T10:04:13+00:00","description":"Di seguito il calendario degli eventi dei Congressi della settimana di Forza Italia che si svolgeranno in Calabria","breadcrumb":{"@id":"https:\/\/progettotouring.it\/radiotouring104\/2024\/01\/10\/forza-italia-calabria-e-la-settimana-dei-congressi-tutte-le-date\/#breadcrumb"},"inLanguage":"it-IT","potentialAction":[{"@type":"ReadAction","target":["https:\/\/progettotouring.it\/radiotouring104\/2024\/01\/10\/forza-italia-calabria-e-la-settimana-dei-congressi-tutte-le-date\/"]}]},{"@type":"ImageObject","inLanguage":"it-IT","@id":"https:\/\/progettotouring.it\/radiotouring104\/2024\/01\/10\/forza-italia-calabria-e-la-settimana-dei-congressi-tutte-le-date\/#primaryimage","url":"https:\/\/progettotouring.it\/radiotouring104\/wp-content\/uploads\/sites\/6\/2022\/06\/Logo_Forza_Italia.svg_.png","contentUrl":"https:\/\/progettotouring.it\/radiotouring104\/wp-content\/uploads\/sites\/6\/2022\/06\/Logo_Forza_Italia.svg_.png","width":1200,"height":996},{"@type":"BreadcrumbList","@id":"https:\/\/progettotouring.it\/radiotouring104\/2024\/01\/10\/forza-italia-calabria-e-la-settimana-dei-congressi-tutte-le-date\/#breadcrumb","itemListElement":[{"@type":"ListItem","position":1,"name":"Home","item":"https:\/\/progettotouring.it\/radiotouring104\/"},{"@type":"ListItem","position":2,"name":"Forza Italia Calabria: \u00e8 la settimana dei Congressi. Tutte le date"}]},{"@type":"WebSite","@id":"https:\/\/progettotouring.it\/radiotouring104\/#website","url":"https:\/\/progettotouring.it\/radiotouring104\/","name":"Radio Touring 104","description":"La prima radio Reggina","publisher":{"@id":"https:\/\/progettotouring.it\/radiotouring104\/#organization"},"potentialAction":[{"@type":"SearchAction","target":{"@type":"EntryPoint","urlTemplate":"https:\/\/progettotouring.it\/radiotouring104\/?s={search_term_string}"},"query-input":{"@type":"PropertyValueSpecification","valueRequired":true,"valueName":"search_term_string"}}],"inLanguage":"it-IT"},{"@type":"Organization","@id":"https:\/\/progettotouring.it\/radiotouring104\/#organization","name":"Radio Touring 104","url":"https:\/\/progettotouring.it\/radiotouring104\/","logo":{"@type":"ImageObject","inLanguage":"it-IT","@id":"https:\/\/progettotouring.it\/radiotouring104\/#\/schema\/logo\/image\/","url":"https:\/\/progettotouring.it\/radiotouring104\/wp-content\/uploads\/sites\/6\/2022\/02\/cropped-logo-radio-touring-104.png","contentUrl":"https:\/\/progettotouring.it\/radiotouring104\/wp-content\/uploads\/sites\/6\/2022\/02\/cropped-logo-radio-touring-104.png","width":377,"height":182,"caption":"Radio Touring 104"},"image":{"@id":"https:\/\/progettotouring.it\/radiotouring104\/#\/schema\/logo\/image\/"}},{"@type":"Person","@id":"https:\/\/progettotouring.it\/radiotouring104\/#\/schema\/person\/78613917f1851f041f7483f5af1d422e","name":"Sebastiano Plutino","image":{"@type":"ImageObject","inLanguage":"it-IT","@id":"https:\/\/secure.gravatar.com\/avatar\/0546ffaa9b79224faf9f2a156b67a529ae861d3287c66c1d8ccfdf909bcba78d?s=96&d=mm&r=g","url":"https:\/\/secure.gravatar.com\/avatar\/0546ffaa9b79224faf9f2a156b67a529ae861d3287c66c1d8ccfdf909bcba78d?s=96&d=mm&r=g","contentUrl":"https:\/\/secure.gravatar.com\/avatar\/0546ffaa9b79224faf9f2a156b67a529ae861d3287c66c1d8ccfdf909bcba78d?s=96&d=mm&r=g","caption":"Sebastiano Plutino"},"url":"https:\/\/progettotouring.it\/radiotouring104\/author\/sebastiano\/"}]}},"jetpack_publicize_connections":[],"jetpack_featured_media_url":"https:\/\/progettotouring.it\/radiotouring104\/wp-content\/uploads\/sites\/6\/2022\/06\/Logo_Forza_Italia.svg_.png","jetpack_sharing_enabled":true,"_links":{"self":[{"href":"https:\/\/progettotouring.it\/radiotouring104\/wp-json\/wp\/v2\/posts\/42346","targetHints":{"allow":["GET"]}}],"collection":[{"href":"https:\/\/progettotouring.it\/radiotouring104\/wp-json\/wp\/v2\/posts"}],"about":[{"href":"https:\/\/progettotouring.it\/radiotouring104\/wp-json\/wp\/v2\/types\/post"}],"author":[{"embeddable":true,"href":"https:\/\/progettotouring.it\/radiotouring104\/wp-json\/wp\/v2\/users\/12"}],"replies":[{"embeddable":true,"href":"https:\/\/progettotouring.it\/radiotouring104\/wp-json\/wp\/v2\/comments?post=42346"}],"version-history":[{"count":2,"href":"https:\/\/progettotouring.it\/radiotouring104\/wp-json\/wp\/v2\/posts\/42346\/revisions"}],"predecessor-version":[{"id":42349,"href":"https:\/\/progettotouring.it\/radiotouring104\/wp-json\/wp\/v2\/posts\/42346\/revisions\/42349"}],"wp:featuredmedia":[{"embeddable":true,"href":"https:\/\/progettotouring.it\/radiotouring104\/wp-json\/wp\/v2\/media\/7361"}],"wp:attachment":[{"href":"https:\/\/progettotouring.it\/radiotouring104\/wp-json\/wp\/v2\/media?parent=42346"}],"wp:term":[{"taxonomy":"category","embeddable":true,"href":"https:\/\/progettotouring.it\/radiotouring104\/wp-json\/wp\/v2\/categories?post=42346"},{"taxonomy":"post_tag","embeddable":true,"href":"https:\/\/progettotouring.it\/radiotouring104\/wp-json\/wp\/v2\/tags?post=42346"}],"curies":[{"name":"wp","href":"https:\/\/api.w.org\/{rel}","templated":true}]}}