{"id":42350,"date":"2024-01-10T11:30:03","date_gmt":"2024-01-10T10:30:03","guid":{"rendered":"https:\/\/progettotouring.it\/radiotouring104\/?p=42350"},"modified":"2024-01-10T11:30:03","modified_gmt":"2024-01-10T10:30:03","slug":"palazzo-alvaro-accolti-i-lavoratori-ase-si-profila-una-proroga-tecnica-in-attesa-dellaffidamento-del-nuovo-servizio","status":"publish","type":"post","link":"https:\/\/progettotouring.it\/radiotouring104\/2024\/01\/10\/palazzo-alvaro-accolti-i-lavoratori-ase-si-profila-una-proroga-tecnica-in-attesa-dellaffidamento-del-nuovo-servizio\/","title":{"rendered":"Palazzo Alvaro: accolti i lavoratori Ase. Si profila una proroga tecnica, in attesa dell&#8217;affidamento del nuovo servizio"},"content":{"rendered":"<p style=\"text-align: justify\"><strong>Da Palazzo Alvaro<\/strong> attenzione massima <strong>per il destino professionale dei 13 lavoratori di Ase s.p.a., l&#8217;impresa che detiene l&#8217;attivit\u00e0 di gestione della manutenzione e la sorveglianza sulle strade del territorio della Citt\u00e0 Metropolitana.<\/strong> L&#8217;imminente scadenza dell&#8217;appalto non dovr\u00e0 comportare alcun rischio per i dipendenti, <strong>per i quali sar\u00e0 garantita la continuit\u00e0 occupazionale<\/strong>, qualsiasi sar\u00e0 la soluzione operativa che la Citt\u00e0 Metropolitana intender\u00e0 assumere.<\/p>\n<p><strong>Una delegazione dei lavoratori \u00e8 stata accolta a Palazzo Alvaro<\/strong>, sede della Citt\u00e0 Metropolitana<strong>. All&#8217;incontro presente il sindaco Giuseppe Falcomat\u00e0<\/strong> che insieme al Vicesindaco <strong>Carmelo Versace,<\/strong> al Dirigente <strong>Lorenzo Benestare<\/strong> ed al Capo di Gabinetto<strong> Francesco Dattola<\/strong>, ha illustrato ai lavoratori il percorso che gli uffici di Palazzo Alvaro intendono seguire. <em>&#8220;E&#8217; probabile<\/em> &#8211;<strong> \u00e8 stato annunciato &#8211;<\/strong> <em>che nei prossimi giorni sar\u00e0 sancita una proroga tecnica del servizio, in attesa di un nuovo affidamento, che comunque terr\u00e0 conto della continuit\u00e0 occupazionale per gli attuali tredici dipendenti che, come ha spiegato lo stesso sindaco nel corso dell&#8217;incontro, &#8220;hanno ormai acquisito competenze, professionalit\u00e0 e soprattutto una conoscenza puntuale delle necessit\u00e0 e dei bisogni del territorio, soprattutto in tema di manutenzioni, dei quali la Citt\u00e0 Metropolitana non intende in alcun modo privarsi&#8221;.<\/em><\/p>\n<p><em>&#8220;Il nostro intento &#8211;<\/em><strong> hanno spiegato ancora Falcomat\u00e0 e Versace a colloquio con i lavoratori &#8211;<\/strong><em> \u00e8 quello di mantenere intatta la forza lavoro, in linea con l&#8217;indirizzo da sempre portato avanti dall&#8217;Amministrazione della Citt\u00e0 Metropolitana, ma anche del Comune di Reggio Calabria, che hanno sempre preservato e valorizzato il lavoro pubblico, stabile e di qualit\u00e0&#8221;.<\/em><\/p>\n<p>Nei prossimi giorni dunque, il Dirigente del Settore individuer\u00e0 la soluzione tecnica pi\u00f9 adeguata, partendo da una probabile proroga tecnica dell&#8217;attuale affidamento, necessaria ad organizzare il trasferimento dell&#8217;appalto alla nuova gestione con l&#8217;obiettivo di risolvere la situazione in maniera strutturale e definitiva, naturalmente tenendo conto delle prerogative e delle professionalit\u00e0 dei dipendenti.<\/p>\n<div><\/div>\n","protected":false},"excerpt":{"rendered":"<p>Da Palazzo Alvaro attenzione massima per il destino professionale dei 13 lavoratori di Ase s.p.a., l&#8217;impresa che detiene l&#8217;attivit\u00e0 di gestione della manutenzione e la sorveglianza sulle strade del territorio&hellip;<\/p>\n","protected":false},"author":12,"featured_media":42351,"comment_status":"closed","ping_status":"open","sticky":false,"template":"","format":"standard","meta":{"_jetpack_memberships_contains_paid_content":false,"footnotes":"","jetpack_publicize_message":"","jetpack_publicize_feature_enabled":true,"jetpack_social_post_already_shared":false,"jetpack_social_options":{"image_generator_settings":{"template":"highway","default_image_id":0,"font":"","enabled":false},"version":2}},"categories":[921,196,140],"tags":[26182,22986,26183,812,26184],"class_list":["post-42350","post","type-post","status-publish","format-standard","has-post-thumbnail","hentry","category-home","category-news","category-reggio-calabria","tag-13-lavoratori-ase","tag-avv-carmelo-versace","tag-continuita-lavorativa","tag-giuseppe-falcomata","tag-sorveglianza-su-strade-metropolitane"],"yoast_head":"<!-- This site is optimized with the Yoast SEO plugin v27.2 - https:\/\/yoast.com\/product\/yoast-seo-wordpress\/ -->\n<title>Palazzo Alvaro: accolti i lavoratori Ase. Si profila proroga tecnica<\/title>\n<meta name=\"description\" content=\"Falcomat\u00e0 e Versace hanno illustrato ai 13 dipendenti i passaggi di Metrocity per l&#039;affidamento manutenzione e sorveglianza su strade\" \/>\n<meta name=\"robots\" content=\"index, follow, max-snippet:-1, max-image-preview:large, max-video-preview:-1\" \/>\n<link rel=\"canonical\" href=\"https:\/\/progettotouring.it\/radiotouring104\/2024\/01\/10\/palazzo-alvaro-accolti-i-lavoratori-ase-si-profila-una-proroga-tecnica-in-attesa-dellaffidamento-del-nuovo-servizio\/\" \/>\n<meta property=\"og:locale\" content=\"it_IT\" \/>\n<meta property=\"og:type\" content=\"article\" \/>\n<meta property=\"og:title\" content=\"Palazzo Alvaro: accolti i lavoratori Ase. Si profila proroga tecnica\" \/>\n<meta property=\"og:description\" content=\"Falcomat\u00e0 e Versace hanno illustrato ai 13 dipendenti i passaggi di Metrocity per l&#039;affidamento manutenzione e sorveglianza su strade\" \/>\n<meta property=\"og:url\" content=\"https:\/\/progettotouring.it\/radiotouring104\/2024\/01\/10\/palazzo-alvaro-accolti-i-lavoratori-ase-si-profila-una-proroga-tecnica-in-attesa-dellaffidamento-del-nuovo-servizio\/\" \/>\n<meta property=\"og:site_name\" content=\"Radio Touring 104\" \/>\n<meta property=\"article:published_time\" content=\"2024-01-10T10:30:03+00:00\" \/>\n<meta property=\"og:image\" content=\"https:\/\/progettotouring.it\/radiotouring104\/wp-content\/uploads\/sites\/6\/2024\/01\/incontro-lavoratori-ase.jpeg\" \/>\n\t<meta property=\"og:image:width\" content=\"2000\" \/>\n\t<meta property=\"og:image:height\" content=\"1126\" \/>\n\t<meta property=\"og:image:type\" content=\"image\/jpeg\" \/>\n<meta name=\"author\" content=\"Sebastiano Plutino\" \/>\n<meta name=\"twitter:card\" content=\"summary_large_image\" \/>\n<meta name=\"twitter:label1\" content=\"Scritto da\" \/>\n\t<meta name=\"twitter:data1\" content=\"Sebastiano Plutino\" \/>\n\t<meta name=\"twitter:label2\" content=\"Tempo di lettura stimato\" \/>\n\t<meta name=\"twitter:data2\" content=\"1 minuto\" \/>\n<script type=\"application\/ld+json\" class=\"yoast-schema-graph\">{\"@context\":\"https:\/\/schema.org\",\"@graph\":[{\"@type\":\"Article\",\"@id\":\"https:\/\/progettotouring.it\/radiotouring104\/2024\/01\/10\/palazzo-alvaro-accolti-i-lavoratori-ase-si-profila-una-proroga-tecnica-in-attesa-dellaffidamento-del-nuovo-servizio\/#article\",\"isPartOf\":{\"@id\":\"https:\/\/progettotouring.it\/radiotouring104\/2024\/01\/10\/palazzo-alvaro-accolti-i-lavoratori-ase-si-profila-una-proroga-tecnica-in-attesa-dellaffidamento-del-nuovo-servizio\/\"},\"author\":{\"name\":\"Sebastiano Plutino\",\"@id\":\"https:\/\/progettotouring.it\/radiotouring104\/#\/schema\/person\/78613917f1851f041f7483f5af1d422e\"},\"headline\":\"Palazzo Alvaro: accolti i lavoratori Ase. Si profila una proroga tecnica, in attesa dell&#8217;affidamento del nuovo servizio\",\"datePublished\":\"2024-01-10T10:30:03+00:00\",\"mainEntityOfPage\":{\"@id\":\"https:\/\/progettotouring.it\/radiotouring104\/2024\/01\/10\/palazzo-alvaro-accolti-i-lavoratori-ase-si-profila-una-proroga-tecnica-in-attesa-dellaffidamento-del-nuovo-servizio\/\"},\"wordCount\":316,\"publisher\":{\"@id\":\"https:\/\/progettotouring.it\/radiotouring104\/#organization\"},\"image\":{\"@id\":\"https:\/\/progettotouring.it\/radiotouring104\/2024\/01\/10\/palazzo-alvaro-accolti-i-lavoratori-ase-si-profila-una-proroga-tecnica-in-attesa-dellaffidamento-del-nuovo-servizio\/#primaryimage\"},\"thumbnailUrl\":\"https:\/\/progettotouring.it\/radiotouring104\/wp-content\/uploads\/sites\/6\/2024\/01\/incontro-lavoratori-ase.jpeg\",\"keywords\":[\"13 lavoratori ASE\",\"Avv. Carmelo Versace\",\"continuit\u00e0 lavorativa\",\"Giuseppe Falcomat\u00e0\",\"sorveglianza su strade metropolitane\"],\"articleSection\":[\"Home\",\"News\",\"Reggio Calabria\"],\"inLanguage\":\"it-IT\"},{\"@type\":\"WebPage\",\"@id\":\"https:\/\/progettotouring.it\/radiotouring104\/2024\/01\/10\/palazzo-alvaro-accolti-i-lavoratori-ase-si-profila-una-proroga-tecnica-in-attesa-dellaffidamento-del-nuovo-servizio\/\",\"url\":\"https:\/\/progettotouring.it\/radiotouring104\/2024\/01\/10\/palazzo-alvaro-accolti-i-lavoratori-ase-si-profila-una-proroga-tecnica-in-attesa-dellaffidamento-del-nuovo-servizio\/\",\"name\":\"Palazzo Alvaro: accolti i lavoratori Ase. Si profila proroga tecnica\",\"isPartOf\":{\"@id\":\"https:\/\/progettotouring.it\/radiotouring104\/#website\"},\"primaryImageOfPage\":{\"@id\":\"https:\/\/progettotouring.it\/radiotouring104\/2024\/01\/10\/palazzo-alvaro-accolti-i-lavoratori-ase-si-profila-una-proroga-tecnica-in-attesa-dellaffidamento-del-nuovo-servizio\/#primaryimage\"},\"image\":{\"@id\":\"https:\/\/progettotouring.it\/radiotouring104\/2024\/01\/10\/palazzo-alvaro-accolti-i-lavoratori-ase-si-profila-una-proroga-tecnica-in-attesa-dellaffidamento-del-nuovo-servizio\/#primaryimage\"},\"thumbnailUrl\":\"https:\/\/progettotouring.it\/radiotouring104\/wp-content\/uploads\/sites\/6\/2024\/01\/incontro-lavoratori-ase.jpeg\",\"datePublished\":\"2024-01-10T10:30:03+00:00\",\"description\":\"Falcomat\u00e0 e Versace hanno illustrato ai 13 dipendenti i passaggi di Metrocity per l'affidamento manutenzione e sorveglianza su strade\",\"breadcrumb\":{\"@id\":\"https:\/\/progettotouring.it\/radiotouring104\/2024\/01\/10\/palazzo-alvaro-accolti-i-lavoratori-ase-si-profila-una-proroga-tecnica-in-attesa-dellaffidamento-del-nuovo-servizio\/#breadcrumb\"},\"inLanguage\":\"it-IT\",\"potentialAction\":[{\"@type\":\"ReadAction\",\"target\":[\"https:\/\/progettotouring.it\/radiotouring104\/2024\/01\/10\/palazzo-alvaro-accolti-i-lavoratori-ase-si-profila-una-proroga-tecnica-in-attesa-dellaffidamento-del-nuovo-servizio\/\"]}]},{\"@type\":\"ImageObject\",\"inLanguage\":\"it-IT\",\"@id\":\"https:\/\/progettotouring.it\/radiotouring104\/2024\/01\/10\/palazzo-alvaro-accolti-i-lavoratori-ase-si-profila-una-proroga-tecnica-in-attesa-dellaffidamento-del-nuovo-servizio\/#primaryimage\",\"url\":\"https:\/\/progettotouring.it\/radiotouring104\/wp-content\/uploads\/sites\/6\/2024\/01\/incontro-lavoratori-ase.jpeg\",\"contentUrl\":\"https:\/\/progettotouring.it\/radiotouring104\/wp-content\/uploads\/sites\/6\/2024\/01\/incontro-lavoratori-ase.jpeg\",\"width\":2000,\"height\":1126},{\"@type\":\"BreadcrumbList\",\"@id\":\"https:\/\/progettotouring.it\/radiotouring104\/2024\/01\/10\/palazzo-alvaro-accolti-i-lavoratori-ase-si-profila-una-proroga-tecnica-in-attesa-dellaffidamento-del-nuovo-servizio\/#breadcrumb\",\"itemListElement\":[{\"@type\":\"ListItem\",\"position\":1,\"name\":\"Home\",\"item\":\"https:\/\/progettotouring.it\/radiotouring104\/\"},{\"@type\":\"ListItem\",\"position\":2,\"name\":\"Palazzo Alvaro: accolti i lavoratori Ase. Si profila una proroga tecnica, in attesa dell&#8217;affidamento del nuovo servizio\"}]},{\"@type\":\"WebSite\",\"@id\":\"https:\/\/progettotouring.it\/radiotouring104\/#website\",\"url\":\"https:\/\/progettotouring.it\/radiotouring104\/\",\"name\":\"Radio Touring 104\",\"description\":\"La prima radio Reggina\",\"publisher\":{\"@id\":\"https:\/\/progettotouring.it\/radiotouring104\/#organization\"},\"potentialAction\":[{\"@type\":\"SearchAction\",\"target\":{\"@type\":\"EntryPoint\",\"urlTemplate\":\"https:\/\/progettotouring.it\/radiotouring104\/?s={search_term_string}\"},\"query-input\":{\"@type\":\"PropertyValueSpecification\",\"valueRequired\":true,\"valueName\":\"search_term_string\"}}],\"inLanguage\":\"it-IT\"},{\"@type\":\"Organization\",\"@id\":\"https:\/\/progettotouring.it\/radiotouring104\/#organization\",\"name\":\"Radio Touring 104\",\"url\":\"https:\/\/progettotouring.it\/radiotouring104\/\",\"logo\":{\"@type\":\"ImageObject\",\"inLanguage\":\"it-IT\",\"@id\":\"https:\/\/progettotouring.it\/radiotouring104\/#\/schema\/logo\/image\/\",\"url\":\"https:\/\/progettotouring.it\/radiotouring104\/wp-content\/uploads\/sites\/6\/2022\/02\/cropped-logo-radio-touring-104.png\",\"contentUrl\":\"https:\/\/progettotouring.it\/radiotouring104\/wp-content\/uploads\/sites\/6\/2022\/02\/cropped-logo-radio-touring-104.png\",\"width\":377,\"height\":182,\"caption\":\"Radio Touring 104\"},\"image\":{\"@id\":\"https:\/\/progettotouring.it\/radiotouring104\/#\/schema\/logo\/image\/\"}},{\"@type\":\"Person\",\"@id\":\"https:\/\/progettotouring.it\/radiotouring104\/#\/schema\/person\/78613917f1851f041f7483f5af1d422e\",\"name\":\"Sebastiano Plutino\",\"image\":{\"@type\":\"ImageObject\",\"inLanguage\":\"it-IT\",\"@id\":\"https:\/\/secure.gravatar.com\/avatar\/0546ffaa9b79224faf9f2a156b67a529ae861d3287c66c1d8ccfdf909bcba78d?s=96&d=mm&r=g\",\"url\":\"https:\/\/secure.gravatar.com\/avatar\/0546ffaa9b79224faf9f2a156b67a529ae861d3287c66c1d8ccfdf909bcba78d?s=96&d=mm&r=g\",\"contentUrl\":\"https:\/\/secure.gravatar.com\/avatar\/0546ffaa9b79224faf9f2a156b67a529ae861d3287c66c1d8ccfdf909bcba78d?s=96&d=mm&r=g\",\"caption\":\"Sebastiano Plutino\"},\"url\":\"https:\/\/progettotouring.it\/radiotouring104\/author\/sebastiano\/\"}]}<\/script>\n<!-- \/ Yoast SEO plugin. -->","yoast_head_json":{"title":"Palazzo Alvaro: accolti i lavoratori Ase. Si profila proroga tecnica","description":"Falcomat\u00e0 e Versace hanno illustrato ai 13 dipendenti i passaggi di Metrocity per l'affidamento manutenzione e sorveglianza su strade","robots":{"index":"index","follow":"follow","max-snippet":"max-snippet:-1","max-image-preview":"max-image-preview:large","max-video-preview":"max-video-preview:-1"},"canonical":"https:\/\/progettotouring.it\/radiotouring104\/2024\/01\/10\/palazzo-alvaro-accolti-i-lavoratori-ase-si-profila-una-proroga-tecnica-in-attesa-dellaffidamento-del-nuovo-servizio\/","og_locale":"it_IT","og_type":"article","og_title":"Palazzo Alvaro: accolti i lavoratori Ase. Si profila proroga tecnica","og_description":"Falcomat\u00e0 e Versace hanno illustrato ai 13 dipendenti i passaggi di Metrocity per l'affidamento manutenzione e sorveglianza su strade","og_url":"https:\/\/progettotouring.it\/radiotouring104\/2024\/01\/10\/palazzo-alvaro-accolti-i-lavoratori-ase-si-profila-una-proroga-tecnica-in-attesa-dellaffidamento-del-nuovo-servizio\/","og_site_name":"Radio Touring 104","article_published_time":"2024-01-10T10:30:03+00:00","og_image":[{"width":2000,"height":1126,"url":"https:\/\/progettotouring.it\/radiotouring104\/wp-content\/uploads\/sites\/6\/2024\/01\/incontro-lavoratori-ase.jpeg","type":"image\/jpeg"}],"author":"Sebastiano Plutino","twitter_card":"summary_large_image","twitter_misc":{"Scritto da":"Sebastiano Plutino","Tempo di lettura stimato":"1 minuto"},"schema":{"@context":"https:\/\/schema.org","@graph":[{"@type":"Article","@id":"https:\/\/progettotouring.it\/radiotouring104\/2024\/01\/10\/palazzo-alvaro-accolti-i-lavoratori-ase-si-profila-una-proroga-tecnica-in-attesa-dellaffidamento-del-nuovo-servizio\/#article","isPartOf":{"@id":"https:\/\/progettotouring.it\/radiotouring104\/2024\/01\/10\/palazzo-alvaro-accolti-i-lavoratori-ase-si-profila-una-proroga-tecnica-in-attesa-dellaffidamento-del-nuovo-servizio\/"},"author":{"name":"Sebastiano Plutino","@id":"https:\/\/progettotouring.it\/radiotouring104\/#\/schema\/person\/78613917f1851f041f7483f5af1d422e"},"headline":"Palazzo Alvaro: accolti i lavoratori Ase. Si profila una proroga tecnica, in attesa dell&#8217;affidamento del nuovo servizio","datePublished":"2024-01-10T10:30:03+00:00","mainEntityOfPage":{"@id":"https:\/\/progettotouring.it\/radiotouring104\/2024\/01\/10\/palazzo-alvaro-accolti-i-lavoratori-ase-si-profila-una-proroga-tecnica-in-attesa-dellaffidamento-del-nuovo-servizio\/"},"wordCount":316,"publisher":{"@id":"https:\/\/progettotouring.it\/radiotouring104\/#organization"},"image":{"@id":"https:\/\/progettotouring.it\/radiotouring104\/2024\/01\/10\/palazzo-alvaro-accolti-i-lavoratori-ase-si-profila-una-proroga-tecnica-in-attesa-dellaffidamento-del-nuovo-servizio\/#primaryimage"},"thumbnailUrl":"https:\/\/progettotouring.it\/radiotouring104\/wp-content\/uploads\/sites\/6\/2024\/01\/incontro-lavoratori-ase.jpeg","keywords":["13 lavoratori ASE","Avv. Carmelo Versace","continuit\u00e0 lavorativa","Giuseppe Falcomat\u00e0","sorveglianza su strade metropolitane"],"articleSection":["Home","News","Reggio Calabria"],"inLanguage":"it-IT"},{"@type":"WebPage","@id":"https:\/\/progettotouring.it\/radiotouring104\/2024\/01\/10\/palazzo-alvaro-accolti-i-lavoratori-ase-si-profila-una-proroga-tecnica-in-attesa-dellaffidamento-del-nuovo-servizio\/","url":"https:\/\/progettotouring.it\/radiotouring104\/2024\/01\/10\/palazzo-alvaro-accolti-i-lavoratori-ase-si-profila-una-proroga-tecnica-in-attesa-dellaffidamento-del-nuovo-servizio\/","name":"Palazzo Alvaro: accolti i lavoratori Ase. Si profila proroga tecnica","isPartOf":{"@id":"https:\/\/progettotouring.it\/radiotouring104\/#website"},"primaryImageOfPage":{"@id":"https:\/\/progettotouring.it\/radiotouring104\/2024\/01\/10\/palazzo-alvaro-accolti-i-lavoratori-ase-si-profila-una-proroga-tecnica-in-attesa-dellaffidamento-del-nuovo-servizio\/#primaryimage"},"image":{"@id":"https:\/\/progettotouring.it\/radiotouring104\/2024\/01\/10\/palazzo-alvaro-accolti-i-lavoratori-ase-si-profila-una-proroga-tecnica-in-attesa-dellaffidamento-del-nuovo-servizio\/#primaryimage"},"thumbnailUrl":"https:\/\/progettotouring.it\/radiotouring104\/wp-content\/uploads\/sites\/6\/2024\/01\/incontro-lavoratori-ase.jpeg","datePublished":"2024-01-10T10:30:03+00:00","description":"Falcomat\u00e0 e Versace hanno illustrato ai 13 dipendenti i passaggi di Metrocity per l'affidamento manutenzione e sorveglianza su strade","breadcrumb":{"@id":"https:\/\/progettotouring.it\/radiotouring104\/2024\/01\/10\/palazzo-alvaro-accolti-i-lavoratori-ase-si-profila-una-proroga-tecnica-in-attesa-dellaffidamento-del-nuovo-servizio\/#breadcrumb"},"inLanguage":"it-IT","potentialAction":[{"@type":"ReadAction","target":["https:\/\/progettotouring.it\/radiotouring104\/2024\/01\/10\/palazzo-alvaro-accolti-i-lavoratori-ase-si-profila-una-proroga-tecnica-in-attesa-dellaffidamento-del-nuovo-servizio\/"]}]},{"@type":"ImageObject","inLanguage":"it-IT","@id":"https:\/\/progettotouring.it\/radiotouring104\/2024\/01\/10\/palazzo-alvaro-accolti-i-lavoratori-ase-si-profila-una-proroga-tecnica-in-attesa-dellaffidamento-del-nuovo-servizio\/#primaryimage","url":"https:\/\/progettotouring.it\/radiotouring104\/wp-content\/uploads\/sites\/6\/2024\/01\/incontro-lavoratori-ase.jpeg","contentUrl":"https:\/\/progettotouring.it\/radiotouring104\/wp-content\/uploads\/sites\/6\/2024\/01\/incontro-lavoratori-ase.jpeg","width":2000,"height":1126},{"@type":"BreadcrumbList","@id":"https:\/\/progettotouring.it\/radiotouring104\/2024\/01\/10\/palazzo-alvaro-accolti-i-lavoratori-ase-si-profila-una-proroga-tecnica-in-attesa-dellaffidamento-del-nuovo-servizio\/#breadcrumb","itemListElement":[{"@type":"ListItem","position":1,"name":"Home","item":"https:\/\/progettotouring.it\/radiotouring104\/"},{"@type":"ListItem","position":2,"name":"Palazzo Alvaro: accolti i lavoratori Ase. Si profila una proroga tecnica, in attesa dell&#8217;affidamento del nuovo servizio"}]},{"@type":"WebSite","@id":"https:\/\/progettotouring.it\/radiotouring104\/#website","url":"https:\/\/progettotouring.it\/radiotouring104\/","name":"Radio Touring 104","description":"La prima radio Reggina","publisher":{"@id":"https:\/\/progettotouring.it\/radiotouring104\/#organization"},"potentialAction":[{"@type":"SearchAction","target":{"@type":"EntryPoint","urlTemplate":"https:\/\/progettotouring.it\/radiotouring104\/?s={search_term_string}"},"query-input":{"@type":"PropertyValueSpecification","valueRequired":true,"valueName":"search_term_string"}}],"inLanguage":"it-IT"},{"@type":"Organization","@id":"https:\/\/progettotouring.it\/radiotouring104\/#organization","name":"Radio Touring 104","url":"https:\/\/progettotouring.it\/radiotouring104\/","logo":{"@type":"ImageObject","inLanguage":"it-IT","@id":"https:\/\/progettotouring.it\/radiotouring104\/#\/schema\/logo\/image\/","url":"https:\/\/progettotouring.it\/radiotouring104\/wp-content\/uploads\/sites\/6\/2022\/02\/cropped-logo-radio-touring-104.png","contentUrl":"https:\/\/progettotouring.it\/radiotouring104\/wp-content\/uploads\/sites\/6\/2022\/02\/cropped-logo-radio-touring-104.png","width":377,"height":182,"caption":"Radio Touring 104"},"image":{"@id":"https:\/\/progettotouring.it\/radiotouring104\/#\/schema\/logo\/image\/"}},{"@type":"Person","@id":"https:\/\/progettotouring.it\/radiotouring104\/#\/schema\/person\/78613917f1851f041f7483f5af1d422e","name":"Sebastiano Plutino","image":{"@type":"ImageObject","inLanguage":"it-IT","@id":"https:\/\/secure.gravatar.com\/avatar\/0546ffaa9b79224faf9f2a156b67a529ae861d3287c66c1d8ccfdf909bcba78d?s=96&d=mm&r=g","url":"https:\/\/secure.gravatar.com\/avatar\/0546ffaa9b79224faf9f2a156b67a529ae861d3287c66c1d8ccfdf909bcba78d?s=96&d=mm&r=g","contentUrl":"https:\/\/secure.gravatar.com\/avatar\/0546ffaa9b79224faf9f2a156b67a529ae861d3287c66c1d8ccfdf909bcba78d?s=96&d=mm&r=g","caption":"Sebastiano Plutino"},"url":"https:\/\/progettotouring.it\/radiotouring104\/author\/sebastiano\/"}]}},"jetpack_publicize_connections":[],"jetpack_featured_media_url":"https:\/\/progettotouring.it\/radiotouring104\/wp-content\/uploads\/sites\/6\/2024\/01\/incontro-lavoratori-ase.jpeg","jetpack_sharing_enabled":true,"_links":{"self":[{"href":"https:\/\/progettotouring.it\/radiotouring104\/wp-json\/wp\/v2\/posts\/42350","targetHints":{"allow":["GET"]}}],"collection":[{"href":"https:\/\/progettotouring.it\/radiotouring104\/wp-json\/wp\/v2\/posts"}],"about":[{"href":"https:\/\/progettotouring.it\/radiotouring104\/wp-json\/wp\/v2\/types\/post"}],"author":[{"embeddable":true,"href":"https:\/\/progettotouring.it\/radiotouring104\/wp-json\/wp\/v2\/users\/12"}],"replies":[{"embeddable":true,"href":"https:\/\/progettotouring.it\/radiotouring104\/wp-json\/wp\/v2\/comments?post=42350"}],"version-history":[{"count":2,"href":"https:\/\/progettotouring.it\/radiotouring104\/wp-json\/wp\/v2\/posts\/42350\/revisions"}],"predecessor-version":[{"id":42354,"href":"https:\/\/progettotouring.it\/radiotouring104\/wp-json\/wp\/v2\/posts\/42350\/revisions\/42354"}],"wp:featuredmedia":[{"embeddable":true,"href":"https:\/\/progettotouring.it\/radiotouring104\/wp-json\/wp\/v2\/media\/42351"}],"wp:attachment":[{"href":"https:\/\/progettotouring.it\/radiotouring104\/wp-json\/wp\/v2\/media?parent=42350"}],"wp:term":[{"taxonomy":"category","embeddable":true,"href":"https:\/\/progettotouring.it\/radiotouring104\/wp-json\/wp\/v2\/categories?post=42350"},{"taxonomy":"post_tag","embeddable":true,"href":"https:\/\/progettotouring.it\/radiotouring104\/wp-json\/wp\/v2\/tags?post=42350"}],"curies":[{"name":"wp","href":"https:\/\/api.w.org\/{rel}","templated":true}]}}