{"id":42358,"date":"2024-01-10T11:53:25","date_gmt":"2024-01-10T10:53:25","guid":{"rendered":"https:\/\/progettotouring.it\/radiotouring104\/?p=42358"},"modified":"2024-01-10T11:54:06","modified_gmt":"2024-01-10T10:54:06","slug":"parco-nazionale-dellaspromonte-esprime-vicinanza-per-le-vittime-dellincidente-stradale-a-montauro","status":"publish","type":"post","link":"https:\/\/progettotouring.it\/radiotouring104\/2024\/01\/10\/parco-nazionale-dellaspromonte-esprime-vicinanza-per-le-vittime-dellincidente-stradale-a-montauro\/","title":{"rendered":"Parco Nazionale dell&#8217;Aspromonte esprime vicinanza per le vittime dell&#8217;incidente stradale a Montauro"},"content":{"rendered":"<p style=\"text-align: justify\">Parlare di Aspromonte e parlare di sofferenza, la sofferenza di una montagna bellissima che spesso piange per i suoi figli. Oggi come presidente del <strong>Parco Nazionale dell\u2019Aspromonte porgo le pi\u00f9 sentite condoglianze alle famiglie di Antonella,<\/strong> Domenico, Elisa e Teresa, <strong>vittime di un incidente stradale vicino a Montauro.<\/strong> Cittadini di San Luca, cuore della montagna e padre di grandi uomini e donne che qui hanno vissuto e costruito opere di cui i propri cittadini possono andare fieri. Da Corrado Alvaro che rimane una delle migliori chiavi di lettura per chi vuole conoscere l\u2019Aspromonte a Fortunato Nocera ambasciatore di cultura e di sapere.<\/p>\n<p style=\"text-align: justify\"><strong>Al Sindaco di San Luca Bruno Bartolo, manifesto la vicinanza e la solidariet\u00e0 per il grave lutto che ha colpito il suo paese.<\/strong> La perdita di quattro giovani ragazzi non \u00e8 accettabile! Non lo \u00e8 per un maledetto incidente stradale. Non lo \u00e8 per chi superate le difficolta della montagna incontra le strade della costa che spesso portano delle insidie impreviste.<\/p>\n<p>&nbsp;<\/p>\n<p>(Crediti Wikipedia)<\/p>\n<p>&nbsp;<\/p>\n","protected":false},"excerpt":{"rendered":"<p>Parlare di Aspromonte e parlare di sofferenza, la sofferenza di una montagna bellissima che spesso piange per i suoi figli. Oggi come presidente del Parco Nazionale dell\u2019Aspromonte porgo le pi\u00f9&hellip;<\/p>\n","protected":false},"author":12,"featured_media":42359,"comment_status":"closed","ping_status":"open","sticky":false,"template":"","format":"standard","meta":{"_jetpack_memberships_contains_paid_content":false,"footnotes":"","jetpack_publicize_message":"","jetpack_publicize_feature_enabled":true,"jetpack_social_post_already_shared":false,"jetpack_social_options":{"image_generator_settings":{"template":"highway","default_image_id":0,"font":"","enabled":false},"version":2}},"categories":[921,196,140],"tags":[5405,1512,1039,26188],"class_list":["post-42358","post","type-post","status-publish","format-standard","has-post-thumbnail","hentry","category-home","category-news","category-reggio-calabria","tag-bruno-bartolo","tag-cordoglio","tag-ente-parco-aspromonte","tag-incidente-stradale-a-montauro"],"yoast_head":"<!-- This site is optimized with the Yoast SEO plugin v27.2 - https:\/\/yoast.com\/product\/yoast-seo-wordpress\/ -->\n<title>Incidente stradale a Montauro: cordoglio del Parco Aspromonte<\/title>\n<meta name=\"description\" content=\"La vicinanza del Presidente del Parco Nazionale dell&#039;Aspromonte alle per le vittime dell&#039;incidente stradale a Montauro\" \/>\n<meta name=\"robots\" content=\"index, follow, max-snippet:-1, max-image-preview:large, max-video-preview:-1\" \/>\n<link rel=\"canonical\" href=\"https:\/\/progettotouring.it\/radiotouring104\/2024\/01\/10\/parco-nazionale-dellaspromonte-esprime-vicinanza-per-le-vittime-dellincidente-stradale-a-montauro\/\" \/>\n<meta property=\"og:locale\" content=\"it_IT\" \/>\n<meta property=\"og:type\" content=\"article\" \/>\n<meta property=\"og:title\" content=\"Incidente stradale a Montauro: cordoglio del Parco Aspromonte\" \/>\n<meta property=\"og:description\" content=\"La vicinanza del Presidente del Parco Nazionale dell&#039;Aspromonte alle per le vittime dell&#039;incidente stradale a Montauro\" \/>\n<meta property=\"og:url\" content=\"https:\/\/progettotouring.it\/radiotouring104\/2024\/01\/10\/parco-nazionale-dellaspromonte-esprime-vicinanza-per-le-vittime-dellincidente-stradale-a-montauro\/\" \/>\n<meta property=\"og:site_name\" content=\"Radio Touring 104\" \/>\n<meta property=\"article:published_time\" content=\"2024-01-10T10:53:25+00:00\" \/>\n<meta property=\"article:modified_time\" content=\"2024-01-10T10:54:06+00:00\" \/>\n<meta property=\"og:image\" content=\"https:\/\/progettotouring.it\/radiotouring104\/wp-content\/uploads\/sites\/6\/2024\/01\/San-Luca-Calabria.jpg\" \/>\n\t<meta property=\"og:image:width\" content=\"800\" \/>\n\t<meta property=\"og:image:height\" content=\"618\" \/>\n\t<meta property=\"og:image:type\" content=\"image\/jpeg\" \/>\n<meta name=\"author\" content=\"Sebastiano Plutino\" \/>\n<meta name=\"twitter:card\" content=\"summary_large_image\" \/>\n<meta name=\"twitter:label1\" content=\"Scritto da\" \/>\n\t<meta name=\"twitter:data1\" content=\"Sebastiano Plutino\" \/>\n\t<meta name=\"twitter:label2\" content=\"Tempo di lettura stimato\" \/>\n\t<meta name=\"twitter:data2\" content=\"1 minuto\" \/>\n<script type=\"application\/ld+json\" class=\"yoast-schema-graph\">{\"@context\":\"https:\/\/schema.org\",\"@graph\":[{\"@type\":\"Article\",\"@id\":\"https:\/\/progettotouring.it\/radiotouring104\/2024\/01\/10\/parco-nazionale-dellaspromonte-esprime-vicinanza-per-le-vittime-dellincidente-stradale-a-montauro\/#article\",\"isPartOf\":{\"@id\":\"https:\/\/progettotouring.it\/radiotouring104\/2024\/01\/10\/parco-nazionale-dellaspromonte-esprime-vicinanza-per-le-vittime-dellincidente-stradale-a-montauro\/\"},\"author\":{\"name\":\"Sebastiano Plutino\",\"@id\":\"https:\/\/progettotouring.it\/radiotouring104\/#\/schema\/person\/78613917f1851f041f7483f5af1d422e\"},\"headline\":\"Parco Nazionale dell&#8217;Aspromonte esprime vicinanza per le vittime dell&#8217;incidente stradale a Montauro\",\"datePublished\":\"2024-01-10T10:53:25+00:00\",\"dateModified\":\"2024-01-10T10:54:06+00:00\",\"mainEntityOfPage\":{\"@id\":\"https:\/\/progettotouring.it\/radiotouring104\/2024\/01\/10\/parco-nazionale-dellaspromonte-esprime-vicinanza-per-le-vittime-dellincidente-stradale-a-montauro\/\"},\"wordCount\":178,\"publisher\":{\"@id\":\"https:\/\/progettotouring.it\/radiotouring104\/#organization\"},\"image\":{\"@id\":\"https:\/\/progettotouring.it\/radiotouring104\/2024\/01\/10\/parco-nazionale-dellaspromonte-esprime-vicinanza-per-le-vittime-dellincidente-stradale-a-montauro\/#primaryimage\"},\"thumbnailUrl\":\"https:\/\/progettotouring.it\/radiotouring104\/wp-content\/uploads\/sites\/6\/2024\/01\/San-Luca-Calabria.jpg\",\"keywords\":[\"Bruno Bartolo\",\"cordoglio\",\"ente parco aspromonte\",\"incidente stradale a Montauro\"],\"articleSection\":[\"Home\",\"News\",\"Reggio Calabria\"],\"inLanguage\":\"it-IT\"},{\"@type\":\"WebPage\",\"@id\":\"https:\/\/progettotouring.it\/radiotouring104\/2024\/01\/10\/parco-nazionale-dellaspromonte-esprime-vicinanza-per-le-vittime-dellincidente-stradale-a-montauro\/\",\"url\":\"https:\/\/progettotouring.it\/radiotouring104\/2024\/01\/10\/parco-nazionale-dellaspromonte-esprime-vicinanza-per-le-vittime-dellincidente-stradale-a-montauro\/\",\"name\":\"Incidente stradale a Montauro: cordoglio del Parco Aspromonte\",\"isPartOf\":{\"@id\":\"https:\/\/progettotouring.it\/radiotouring104\/#website\"},\"primaryImageOfPage\":{\"@id\":\"https:\/\/progettotouring.it\/radiotouring104\/2024\/01\/10\/parco-nazionale-dellaspromonte-esprime-vicinanza-per-le-vittime-dellincidente-stradale-a-montauro\/#primaryimage\"},\"image\":{\"@id\":\"https:\/\/progettotouring.it\/radiotouring104\/2024\/01\/10\/parco-nazionale-dellaspromonte-esprime-vicinanza-per-le-vittime-dellincidente-stradale-a-montauro\/#primaryimage\"},\"thumbnailUrl\":\"https:\/\/progettotouring.it\/radiotouring104\/wp-content\/uploads\/sites\/6\/2024\/01\/San-Luca-Calabria.jpg\",\"datePublished\":\"2024-01-10T10:53:25+00:00\",\"dateModified\":\"2024-01-10T10:54:06+00:00\",\"description\":\"La vicinanza del Presidente del Parco Nazionale dell'Aspromonte alle per le vittime dell'incidente stradale a Montauro\",\"breadcrumb\":{\"@id\":\"https:\/\/progettotouring.it\/radiotouring104\/2024\/01\/10\/parco-nazionale-dellaspromonte-esprime-vicinanza-per-le-vittime-dellincidente-stradale-a-montauro\/#breadcrumb\"},\"inLanguage\":\"it-IT\",\"potentialAction\":[{\"@type\":\"ReadAction\",\"target\":[\"https:\/\/progettotouring.it\/radiotouring104\/2024\/01\/10\/parco-nazionale-dellaspromonte-esprime-vicinanza-per-le-vittime-dellincidente-stradale-a-montauro\/\"]}]},{\"@type\":\"ImageObject\",\"inLanguage\":\"it-IT\",\"@id\":\"https:\/\/progettotouring.it\/radiotouring104\/2024\/01\/10\/parco-nazionale-dellaspromonte-esprime-vicinanza-per-le-vittime-dellincidente-stradale-a-montauro\/#primaryimage\",\"url\":\"https:\/\/progettotouring.it\/radiotouring104\/wp-content\/uploads\/sites\/6\/2024\/01\/San-Luca-Calabria.jpg\",\"contentUrl\":\"https:\/\/progettotouring.it\/radiotouring104\/wp-content\/uploads\/sites\/6\/2024\/01\/San-Luca-Calabria.jpg\",\"width\":800,\"height\":618},{\"@type\":\"BreadcrumbList\",\"@id\":\"https:\/\/progettotouring.it\/radiotouring104\/2024\/01\/10\/parco-nazionale-dellaspromonte-esprime-vicinanza-per-le-vittime-dellincidente-stradale-a-montauro\/#breadcrumb\",\"itemListElement\":[{\"@type\":\"ListItem\",\"position\":1,\"name\":\"Home\",\"item\":\"https:\/\/progettotouring.it\/radiotouring104\/\"},{\"@type\":\"ListItem\",\"position\":2,\"name\":\"Parco Nazionale dell&#8217;Aspromonte esprime vicinanza per le vittime dell&#8217;incidente stradale a Montauro\"}]},{\"@type\":\"WebSite\",\"@id\":\"https:\/\/progettotouring.it\/radiotouring104\/#website\",\"url\":\"https:\/\/progettotouring.it\/radiotouring104\/\",\"name\":\"Radio Touring 104\",\"description\":\"La prima radio Reggina\",\"publisher\":{\"@id\":\"https:\/\/progettotouring.it\/radiotouring104\/#organization\"},\"potentialAction\":[{\"@type\":\"SearchAction\",\"target\":{\"@type\":\"EntryPoint\",\"urlTemplate\":\"https:\/\/progettotouring.it\/radiotouring104\/?s={search_term_string}\"},\"query-input\":{\"@type\":\"PropertyValueSpecification\",\"valueRequired\":true,\"valueName\":\"search_term_string\"}}],\"inLanguage\":\"it-IT\"},{\"@type\":\"Organization\",\"@id\":\"https:\/\/progettotouring.it\/radiotouring104\/#organization\",\"name\":\"Radio Touring 104\",\"url\":\"https:\/\/progettotouring.it\/radiotouring104\/\",\"logo\":{\"@type\":\"ImageObject\",\"inLanguage\":\"it-IT\",\"@id\":\"https:\/\/progettotouring.it\/radiotouring104\/#\/schema\/logo\/image\/\",\"url\":\"https:\/\/progettotouring.it\/radiotouring104\/wp-content\/uploads\/sites\/6\/2022\/02\/cropped-logo-radio-touring-104.png\",\"contentUrl\":\"https:\/\/progettotouring.it\/radiotouring104\/wp-content\/uploads\/sites\/6\/2022\/02\/cropped-logo-radio-touring-104.png\",\"width\":377,\"height\":182,\"caption\":\"Radio Touring 104\"},\"image\":{\"@id\":\"https:\/\/progettotouring.it\/radiotouring104\/#\/schema\/logo\/image\/\"}},{\"@type\":\"Person\",\"@id\":\"https:\/\/progettotouring.it\/radiotouring104\/#\/schema\/person\/78613917f1851f041f7483f5af1d422e\",\"name\":\"Sebastiano Plutino\",\"image\":{\"@type\":\"ImageObject\",\"inLanguage\":\"it-IT\",\"@id\":\"https:\/\/secure.gravatar.com\/avatar\/0546ffaa9b79224faf9f2a156b67a529ae861d3287c66c1d8ccfdf909bcba78d?s=96&d=mm&r=g\",\"url\":\"https:\/\/secure.gravatar.com\/avatar\/0546ffaa9b79224faf9f2a156b67a529ae861d3287c66c1d8ccfdf909bcba78d?s=96&d=mm&r=g\",\"contentUrl\":\"https:\/\/secure.gravatar.com\/avatar\/0546ffaa9b79224faf9f2a156b67a529ae861d3287c66c1d8ccfdf909bcba78d?s=96&d=mm&r=g\",\"caption\":\"Sebastiano Plutino\"},\"url\":\"https:\/\/progettotouring.it\/radiotouring104\/author\/sebastiano\/\"}]}<\/script>\n<!-- \/ Yoast SEO plugin. -->","yoast_head_json":{"title":"Incidente stradale a Montauro: cordoglio del Parco Aspromonte","description":"La vicinanza del Presidente del Parco Nazionale dell'Aspromonte alle per le vittime dell'incidente stradale a Montauro","robots":{"index":"index","follow":"follow","max-snippet":"max-snippet:-1","max-image-preview":"max-image-preview:large","max-video-preview":"max-video-preview:-1"},"canonical":"https:\/\/progettotouring.it\/radiotouring104\/2024\/01\/10\/parco-nazionale-dellaspromonte-esprime-vicinanza-per-le-vittime-dellincidente-stradale-a-montauro\/","og_locale":"it_IT","og_type":"article","og_title":"Incidente stradale a Montauro: cordoglio del Parco Aspromonte","og_description":"La vicinanza del Presidente del Parco Nazionale dell'Aspromonte alle per le vittime dell'incidente stradale a Montauro","og_url":"https:\/\/progettotouring.it\/radiotouring104\/2024\/01\/10\/parco-nazionale-dellaspromonte-esprime-vicinanza-per-le-vittime-dellincidente-stradale-a-montauro\/","og_site_name":"Radio Touring 104","article_published_time":"2024-01-10T10:53:25+00:00","article_modified_time":"2024-01-10T10:54:06+00:00","og_image":[{"width":800,"height":618,"url":"https:\/\/progettotouring.it\/radiotouring104\/wp-content\/uploads\/sites\/6\/2024\/01\/San-Luca-Calabria.jpg","type":"image\/jpeg"}],"author":"Sebastiano Plutino","twitter_card":"summary_large_image","twitter_misc":{"Scritto da":"Sebastiano Plutino","Tempo di lettura stimato":"1 minuto"},"schema":{"@context":"https:\/\/schema.org","@graph":[{"@type":"Article","@id":"https:\/\/progettotouring.it\/radiotouring104\/2024\/01\/10\/parco-nazionale-dellaspromonte-esprime-vicinanza-per-le-vittime-dellincidente-stradale-a-montauro\/#article","isPartOf":{"@id":"https:\/\/progettotouring.it\/radiotouring104\/2024\/01\/10\/parco-nazionale-dellaspromonte-esprime-vicinanza-per-le-vittime-dellincidente-stradale-a-montauro\/"},"author":{"name":"Sebastiano Plutino","@id":"https:\/\/progettotouring.it\/radiotouring104\/#\/schema\/person\/78613917f1851f041f7483f5af1d422e"},"headline":"Parco Nazionale dell&#8217;Aspromonte esprime vicinanza per le vittime dell&#8217;incidente stradale a Montauro","datePublished":"2024-01-10T10:53:25+00:00","dateModified":"2024-01-10T10:54:06+00:00","mainEntityOfPage":{"@id":"https:\/\/progettotouring.it\/radiotouring104\/2024\/01\/10\/parco-nazionale-dellaspromonte-esprime-vicinanza-per-le-vittime-dellincidente-stradale-a-montauro\/"},"wordCount":178,"publisher":{"@id":"https:\/\/progettotouring.it\/radiotouring104\/#organization"},"image":{"@id":"https:\/\/progettotouring.it\/radiotouring104\/2024\/01\/10\/parco-nazionale-dellaspromonte-esprime-vicinanza-per-le-vittime-dellincidente-stradale-a-montauro\/#primaryimage"},"thumbnailUrl":"https:\/\/progettotouring.it\/radiotouring104\/wp-content\/uploads\/sites\/6\/2024\/01\/San-Luca-Calabria.jpg","keywords":["Bruno Bartolo","cordoglio","ente parco aspromonte","incidente stradale a Montauro"],"articleSection":["Home","News","Reggio Calabria"],"inLanguage":"it-IT"},{"@type":"WebPage","@id":"https:\/\/progettotouring.it\/radiotouring104\/2024\/01\/10\/parco-nazionale-dellaspromonte-esprime-vicinanza-per-le-vittime-dellincidente-stradale-a-montauro\/","url":"https:\/\/progettotouring.it\/radiotouring104\/2024\/01\/10\/parco-nazionale-dellaspromonte-esprime-vicinanza-per-le-vittime-dellincidente-stradale-a-montauro\/","name":"Incidente stradale a Montauro: cordoglio del Parco Aspromonte","isPartOf":{"@id":"https:\/\/progettotouring.it\/radiotouring104\/#website"},"primaryImageOfPage":{"@id":"https:\/\/progettotouring.it\/radiotouring104\/2024\/01\/10\/parco-nazionale-dellaspromonte-esprime-vicinanza-per-le-vittime-dellincidente-stradale-a-montauro\/#primaryimage"},"image":{"@id":"https:\/\/progettotouring.it\/radiotouring104\/2024\/01\/10\/parco-nazionale-dellaspromonte-esprime-vicinanza-per-le-vittime-dellincidente-stradale-a-montauro\/#primaryimage"},"thumbnailUrl":"https:\/\/progettotouring.it\/radiotouring104\/wp-content\/uploads\/sites\/6\/2024\/01\/San-Luca-Calabria.jpg","datePublished":"2024-01-10T10:53:25+00:00","dateModified":"2024-01-10T10:54:06+00:00","description":"La vicinanza del Presidente del Parco Nazionale dell'Aspromonte alle per le vittime dell'incidente stradale a Montauro","breadcrumb":{"@id":"https:\/\/progettotouring.it\/radiotouring104\/2024\/01\/10\/parco-nazionale-dellaspromonte-esprime-vicinanza-per-le-vittime-dellincidente-stradale-a-montauro\/#breadcrumb"},"inLanguage":"it-IT","potentialAction":[{"@type":"ReadAction","target":["https:\/\/progettotouring.it\/radiotouring104\/2024\/01\/10\/parco-nazionale-dellaspromonte-esprime-vicinanza-per-le-vittime-dellincidente-stradale-a-montauro\/"]}]},{"@type":"ImageObject","inLanguage":"it-IT","@id":"https:\/\/progettotouring.it\/radiotouring104\/2024\/01\/10\/parco-nazionale-dellaspromonte-esprime-vicinanza-per-le-vittime-dellincidente-stradale-a-montauro\/#primaryimage","url":"https:\/\/progettotouring.it\/radiotouring104\/wp-content\/uploads\/sites\/6\/2024\/01\/San-Luca-Calabria.jpg","contentUrl":"https:\/\/progettotouring.it\/radiotouring104\/wp-content\/uploads\/sites\/6\/2024\/01\/San-Luca-Calabria.jpg","width":800,"height":618},{"@type":"BreadcrumbList","@id":"https:\/\/progettotouring.it\/radiotouring104\/2024\/01\/10\/parco-nazionale-dellaspromonte-esprime-vicinanza-per-le-vittime-dellincidente-stradale-a-montauro\/#breadcrumb","itemListElement":[{"@type":"ListItem","position":1,"name":"Home","item":"https:\/\/progettotouring.it\/radiotouring104\/"},{"@type":"ListItem","position":2,"name":"Parco Nazionale dell&#8217;Aspromonte esprime vicinanza per le vittime dell&#8217;incidente stradale a Montauro"}]},{"@type":"WebSite","@id":"https:\/\/progettotouring.it\/radiotouring104\/#website","url":"https:\/\/progettotouring.it\/radiotouring104\/","name":"Radio Touring 104","description":"La prima radio Reggina","publisher":{"@id":"https:\/\/progettotouring.it\/radiotouring104\/#organization"},"potentialAction":[{"@type":"SearchAction","target":{"@type":"EntryPoint","urlTemplate":"https:\/\/progettotouring.it\/radiotouring104\/?s={search_term_string}"},"query-input":{"@type":"PropertyValueSpecification","valueRequired":true,"valueName":"search_term_string"}}],"inLanguage":"it-IT"},{"@type":"Organization","@id":"https:\/\/progettotouring.it\/radiotouring104\/#organization","name":"Radio Touring 104","url":"https:\/\/progettotouring.it\/radiotouring104\/","logo":{"@type":"ImageObject","inLanguage":"it-IT","@id":"https:\/\/progettotouring.it\/radiotouring104\/#\/schema\/logo\/image\/","url":"https:\/\/progettotouring.it\/radiotouring104\/wp-content\/uploads\/sites\/6\/2022\/02\/cropped-logo-radio-touring-104.png","contentUrl":"https:\/\/progettotouring.it\/radiotouring104\/wp-content\/uploads\/sites\/6\/2022\/02\/cropped-logo-radio-touring-104.png","width":377,"height":182,"caption":"Radio Touring 104"},"image":{"@id":"https:\/\/progettotouring.it\/radiotouring104\/#\/schema\/logo\/image\/"}},{"@type":"Person","@id":"https:\/\/progettotouring.it\/radiotouring104\/#\/schema\/person\/78613917f1851f041f7483f5af1d422e","name":"Sebastiano Plutino","image":{"@type":"ImageObject","inLanguage":"it-IT","@id":"https:\/\/secure.gravatar.com\/avatar\/0546ffaa9b79224faf9f2a156b67a529ae861d3287c66c1d8ccfdf909bcba78d?s=96&d=mm&r=g","url":"https:\/\/secure.gravatar.com\/avatar\/0546ffaa9b79224faf9f2a156b67a529ae861d3287c66c1d8ccfdf909bcba78d?s=96&d=mm&r=g","contentUrl":"https:\/\/secure.gravatar.com\/avatar\/0546ffaa9b79224faf9f2a156b67a529ae861d3287c66c1d8ccfdf909bcba78d?s=96&d=mm&r=g","caption":"Sebastiano Plutino"},"url":"https:\/\/progettotouring.it\/radiotouring104\/author\/sebastiano\/"}]}},"jetpack_publicize_connections":[],"jetpack_featured_media_url":"https:\/\/progettotouring.it\/radiotouring104\/wp-content\/uploads\/sites\/6\/2024\/01\/San-Luca-Calabria.jpg","jetpack_sharing_enabled":true,"_links":{"self":[{"href":"https:\/\/progettotouring.it\/radiotouring104\/wp-json\/wp\/v2\/posts\/42358","targetHints":{"allow":["GET"]}}],"collection":[{"href":"https:\/\/progettotouring.it\/radiotouring104\/wp-json\/wp\/v2\/posts"}],"about":[{"href":"https:\/\/progettotouring.it\/radiotouring104\/wp-json\/wp\/v2\/types\/post"}],"author":[{"embeddable":true,"href":"https:\/\/progettotouring.it\/radiotouring104\/wp-json\/wp\/v2\/users\/12"}],"replies":[{"embeddable":true,"href":"https:\/\/progettotouring.it\/radiotouring104\/wp-json\/wp\/v2\/comments?post=42358"}],"version-history":[{"count":2,"href":"https:\/\/progettotouring.it\/radiotouring104\/wp-json\/wp\/v2\/posts\/42358\/revisions"}],"predecessor-version":[{"id":42361,"href":"https:\/\/progettotouring.it\/radiotouring104\/wp-json\/wp\/v2\/posts\/42358\/revisions\/42361"}],"wp:featuredmedia":[{"embeddable":true,"href":"https:\/\/progettotouring.it\/radiotouring104\/wp-json\/wp\/v2\/media\/42359"}],"wp:attachment":[{"href":"https:\/\/progettotouring.it\/radiotouring104\/wp-json\/wp\/v2\/media?parent=42358"}],"wp:term":[{"taxonomy":"category","embeddable":true,"href":"https:\/\/progettotouring.it\/radiotouring104\/wp-json\/wp\/v2\/categories?post=42358"},{"taxonomy":"post_tag","embeddable":true,"href":"https:\/\/progettotouring.it\/radiotouring104\/wp-json\/wp\/v2\/tags?post=42358"}],"curies":[{"name":"wp","href":"https:\/\/api.w.org\/{rel}","templated":true}]}}