{"id":42364,"date":"2024-01-10T12:18:13","date_gmt":"2024-01-10T11:18:13","guid":{"rendered":"https:\/\/progettotouring.it\/radiotouring104\/?p=42364"},"modified":"2024-01-10T12:18:13","modified_gmt":"2024-01-10T11:18:13","slug":"valditara-calabria-puo-utilizzare-al-meglio-la-riforma-42","status":"publish","type":"post","link":"https:\/\/progettotouring.it\/radiotouring104\/2024\/01\/10\/valditara-calabria-puo-utilizzare-al-meglio-la-riforma-42\/","title":{"rendered":"Valditara: &#8220;Calabria pu\u00f2 utilizzare al meglio la riforma 4+2&#8221;"},"content":{"rendered":"<p style=\"text-align: justify\"><em>&#8220;La sfida che in questa regione \u00e8 stata raccolta dimostra che la Calabria pu\u00f2 veramente utilizzare al meglio questa importante riforma&#8221;.<\/em><\/p>\n<p style=\"text-align: justify\">Lo ha detto il ministro dell&#8217;Istruzione e del Merit<strong>o Giuseppe Valditara intervenuto in video collegamento all&#8217;incontro<\/strong> promosso dalla Regione Calabria, a Catanzaro,<strong> per presentare la sperimentazione nazionale della riforma quadriennale degli Istituti tecnici e professionali.<\/strong><br \/>\nAll&#8217;iniziativa hanno partecipato la vice presidente della Regione Calabria <strong>Giusi Princi<\/strong>, la direttrice dell&#8217;Ufficio scolastico regionale <strong>Antonella Iunti<\/strong> e il Capo dipartimento del ministero Carmela Palumbo.<\/p>\n<p style=\"text-align: justify\">Presenti anche i rettori delle Universit\u00e0 Magna Graecia<strong> Giovanni Cuda<\/strong> e Mediterranea <strong>Giuseppe Zimbalatti<\/strong> e il pro rettore dell&#8217;Unical Francesco Scarcella che hanno siglato un&#8217;intesa per l&#8217;implementazione della sperimentazione anche a livello accademico.<br \/>\n<em>\u00a0\u00a0\u00a0 &#8220;Credo che la Calabria<\/em> &#8211;<strong> ha aggiunto Valditara<\/strong> &#8211;<em> sia una delle regioni che hanno risposto con maggior entusiasmo e con grande concretezza. Si tratta di una riforma importante per tutta l&#8217;Italia ma, soprattutto, per il Mezzogiorno dove emerge un dato drammatico con piu&#8217; di un milione di posti di lavoro non coperti ogni anno per mancanza di qualifiche. Un dato drammatico che ritengo sia un&#8217;offesa, un insulto per tanti nostri giovani che hanno potenzialita&#8217; straordinarie e che non trovano un lavoro confacente alle loro potenzialita&#8217; o lo trovano dopo tanto tempo e non riescono invece a immettersi subito nel mondo lavorativo&#8217;.<\/em><br \/>\n<em>\u00a0\u00a0\u00a0 &#8220;C&#8217;\u00e8 un profondo scollamento tra il mondo dell&#8217;istruzione e il mondo del lavoro <\/em><strong>&#8211;<\/strong><strong> ha sostenuto la vice presidente Princi &#8211;<\/strong> <em>e su questo intendiamo incidere. La Regione intende accompagnare la riforma istituendo percorsi formativi in grado di rispondere ai fabbisogni di ciascun settore produttivo e territorio, soprattutto perch\u00e9 il mondo del lavoro calabrese richieder\u00e0 sempre di pi\u00f9 competenze tecniche e specialistiche e, quindi, imporr\u00e0 l&#8217;obbligo di garantire la formazione di profili occupazionali in grado di garantire ai giovani di potere essere formati e assunti&#8221;.<\/em><\/p>\n","protected":false},"excerpt":{"rendered":"<p>&#8220;La sfida che in questa regione \u00e8 stata raccolta dimostra che la Calabria pu\u00f2 veramente utilizzare al meglio questa importante riforma&#8221;. Lo ha detto il ministro dell&#8217;Istruzione e del Merito&hellip;<\/p>\n","protected":false},"author":12,"featured_media":19155,"comment_status":"closed","ping_status":"open","sticky":false,"template":"","format":"standard","meta":{"_jetpack_memberships_contains_paid_content":false,"footnotes":"","jetpack_publicize_message":"","jetpack_publicize_feature_enabled":true,"jetpack_social_post_already_shared":false,"jetpack_social_options":{"image_generator_settings":{"template":"highway","default_image_id":0,"font":"","enabled":false},"version":2}},"categories":[142,921,196],"tags":[5375,1839,8428,26148],"class_list":["post-42364","post","type-post","status-publish","format-standard","has-post-thumbnail","hentry","category-calabria","category-home","category-news","tag-cittadella-regionale","tag-giusy-princi","tag-ministro-valditara","tag-riforma-istituti-tecnici-profesionali"],"yoast_head":"<!-- This site is optimized with the Yoast SEO plugin v27.2 - https:\/\/yoast.com\/product\/yoast-seo-wordpress\/ -->\n<title>Valditara: &quot;Calabria pu\u00f2 utilizzare al meglio la riforma 4+2&quot;<\/title>\n<meta name=\"description\" content=\"Presentata ieri alla Cittadella Regionale la sperimentazione istituti tecnici e professionali con le conclusioni del Ministro Valditara\" \/>\n<meta name=\"robots\" content=\"index, follow, max-snippet:-1, max-image-preview:large, max-video-preview:-1\" \/>\n<link rel=\"canonical\" href=\"https:\/\/progettotouring.it\/radiotouring104\/2024\/01\/10\/valditara-calabria-puo-utilizzare-al-meglio-la-riforma-42\/\" \/>\n<meta property=\"og:locale\" content=\"it_IT\" \/>\n<meta property=\"og:type\" content=\"article\" \/>\n<meta property=\"og:title\" content=\"Valditara: &quot;Calabria pu\u00f2 utilizzare al meglio la riforma 4+2&quot;\" \/>\n<meta property=\"og:description\" content=\"Presentata ieri alla Cittadella Regionale la sperimentazione istituti tecnici e professionali con le conclusioni del Ministro Valditara\" \/>\n<meta property=\"og:url\" content=\"https:\/\/progettotouring.it\/radiotouring104\/2024\/01\/10\/valditara-calabria-puo-utilizzare-al-meglio-la-riforma-42\/\" \/>\n<meta property=\"og:site_name\" content=\"Radio Touring 104\" \/>\n<meta property=\"article:published_time\" content=\"2024-01-10T11:18:13+00:00\" \/>\n<meta property=\"og:image\" content=\"https:\/\/progettotouring.it\/radiotouring104\/wp-content\/uploads\/sites\/6\/2023\/02\/Cittadella-Catanzaro.jpg\" \/>\n\t<meta property=\"og:image:width\" content=\"680\" \/>\n\t<meta property=\"og:image:height\" content=\"427\" \/>\n\t<meta property=\"og:image:type\" content=\"image\/jpeg\" \/>\n<meta name=\"author\" content=\"Sebastiano Plutino\" \/>\n<meta name=\"twitter:card\" content=\"summary_large_image\" \/>\n<meta name=\"twitter:label1\" content=\"Scritto da\" \/>\n\t<meta name=\"twitter:data1\" content=\"Sebastiano Plutino\" \/>\n\t<meta name=\"twitter:label2\" content=\"Tempo di lettura stimato\" \/>\n\t<meta name=\"twitter:data2\" content=\"2 minuti\" \/>\n<script type=\"application\/ld+json\" class=\"yoast-schema-graph\">{\"@context\":\"https:\/\/schema.org\",\"@graph\":[{\"@type\":\"Article\",\"@id\":\"https:\/\/progettotouring.it\/radiotouring104\/2024\/01\/10\/valditara-calabria-puo-utilizzare-al-meglio-la-riforma-42\/#article\",\"isPartOf\":{\"@id\":\"https:\/\/progettotouring.it\/radiotouring104\/2024\/01\/10\/valditara-calabria-puo-utilizzare-al-meglio-la-riforma-42\/\"},\"author\":{\"name\":\"Sebastiano Plutino\",\"@id\":\"https:\/\/progettotouring.it\/radiotouring104\/#\/schema\/person\/78613917f1851f041f7483f5af1d422e\"},\"headline\":\"Valditara: &#8220;Calabria pu\u00f2 utilizzare al meglio la riforma 4+2&#8221;\",\"datePublished\":\"2024-01-10T11:18:13+00:00\",\"mainEntityOfPage\":{\"@id\":\"https:\/\/progettotouring.it\/radiotouring104\/2024\/01\/10\/valditara-calabria-puo-utilizzare-al-meglio-la-riforma-42\/\"},\"wordCount\":309,\"publisher\":{\"@id\":\"https:\/\/progettotouring.it\/radiotouring104\/#organization\"},\"image\":{\"@id\":\"https:\/\/progettotouring.it\/radiotouring104\/2024\/01\/10\/valditara-calabria-puo-utilizzare-al-meglio-la-riforma-42\/#primaryimage\"},\"thumbnailUrl\":\"https:\/\/progettotouring.it\/radiotouring104\/wp-content\/uploads\/sites\/6\/2023\/02\/Cittadella-Catanzaro.jpg\",\"keywords\":[\"Cittadella Regionale\",\"Giusy Princi\",\"Ministro Valditara\",\"riforma istituti tecnici profesionali\"],\"articleSection\":[\"Calabria\",\"Home\",\"News\"],\"inLanguage\":\"it-IT\"},{\"@type\":\"WebPage\",\"@id\":\"https:\/\/progettotouring.it\/radiotouring104\/2024\/01\/10\/valditara-calabria-puo-utilizzare-al-meglio-la-riforma-42\/\",\"url\":\"https:\/\/progettotouring.it\/radiotouring104\/2024\/01\/10\/valditara-calabria-puo-utilizzare-al-meglio-la-riforma-42\/\",\"name\":\"Valditara: \\\"Calabria pu\u00f2 utilizzare al meglio la riforma 4+2\\\"\",\"isPartOf\":{\"@id\":\"https:\/\/progettotouring.it\/radiotouring104\/#website\"},\"primaryImageOfPage\":{\"@id\":\"https:\/\/progettotouring.it\/radiotouring104\/2024\/01\/10\/valditara-calabria-puo-utilizzare-al-meglio-la-riforma-42\/#primaryimage\"},\"image\":{\"@id\":\"https:\/\/progettotouring.it\/radiotouring104\/2024\/01\/10\/valditara-calabria-puo-utilizzare-al-meglio-la-riforma-42\/#primaryimage\"},\"thumbnailUrl\":\"https:\/\/progettotouring.it\/radiotouring104\/wp-content\/uploads\/sites\/6\/2023\/02\/Cittadella-Catanzaro.jpg\",\"datePublished\":\"2024-01-10T11:18:13+00:00\",\"description\":\"Presentata ieri alla Cittadella Regionale la sperimentazione istituti tecnici e professionali con le conclusioni del Ministro Valditara\",\"breadcrumb\":{\"@id\":\"https:\/\/progettotouring.it\/radiotouring104\/2024\/01\/10\/valditara-calabria-puo-utilizzare-al-meglio-la-riforma-42\/#breadcrumb\"},\"inLanguage\":\"it-IT\",\"potentialAction\":[{\"@type\":\"ReadAction\",\"target\":[\"https:\/\/progettotouring.it\/radiotouring104\/2024\/01\/10\/valditara-calabria-puo-utilizzare-al-meglio-la-riforma-42\/\"]}]},{\"@type\":\"ImageObject\",\"inLanguage\":\"it-IT\",\"@id\":\"https:\/\/progettotouring.it\/radiotouring104\/2024\/01\/10\/valditara-calabria-puo-utilizzare-al-meglio-la-riforma-42\/#primaryimage\",\"url\":\"https:\/\/progettotouring.it\/radiotouring104\/wp-content\/uploads\/sites\/6\/2023\/02\/Cittadella-Catanzaro.jpg\",\"contentUrl\":\"https:\/\/progettotouring.it\/radiotouring104\/wp-content\/uploads\/sites\/6\/2023\/02\/Cittadella-Catanzaro.jpg\",\"width\":680,\"height\":427},{\"@type\":\"BreadcrumbList\",\"@id\":\"https:\/\/progettotouring.it\/radiotouring104\/2024\/01\/10\/valditara-calabria-puo-utilizzare-al-meglio-la-riforma-42\/#breadcrumb\",\"itemListElement\":[{\"@type\":\"ListItem\",\"position\":1,\"name\":\"Home\",\"item\":\"https:\/\/progettotouring.it\/radiotouring104\/\"},{\"@type\":\"ListItem\",\"position\":2,\"name\":\"Valditara: &#8220;Calabria pu\u00f2 utilizzare al meglio la riforma 4+2&#8221;\"}]},{\"@type\":\"WebSite\",\"@id\":\"https:\/\/progettotouring.it\/radiotouring104\/#website\",\"url\":\"https:\/\/progettotouring.it\/radiotouring104\/\",\"name\":\"Radio Touring 104\",\"description\":\"La prima radio Reggina\",\"publisher\":{\"@id\":\"https:\/\/progettotouring.it\/radiotouring104\/#organization\"},\"potentialAction\":[{\"@type\":\"SearchAction\",\"target\":{\"@type\":\"EntryPoint\",\"urlTemplate\":\"https:\/\/progettotouring.it\/radiotouring104\/?s={search_term_string}\"},\"query-input\":{\"@type\":\"PropertyValueSpecification\",\"valueRequired\":true,\"valueName\":\"search_term_string\"}}],\"inLanguage\":\"it-IT\"},{\"@type\":\"Organization\",\"@id\":\"https:\/\/progettotouring.it\/radiotouring104\/#organization\",\"name\":\"Radio Touring 104\",\"url\":\"https:\/\/progettotouring.it\/radiotouring104\/\",\"logo\":{\"@type\":\"ImageObject\",\"inLanguage\":\"it-IT\",\"@id\":\"https:\/\/progettotouring.it\/radiotouring104\/#\/schema\/logo\/image\/\",\"url\":\"https:\/\/progettotouring.it\/radiotouring104\/wp-content\/uploads\/sites\/6\/2022\/02\/cropped-logo-radio-touring-104.png\",\"contentUrl\":\"https:\/\/progettotouring.it\/radiotouring104\/wp-content\/uploads\/sites\/6\/2022\/02\/cropped-logo-radio-touring-104.png\",\"width\":377,\"height\":182,\"caption\":\"Radio Touring 104\"},\"image\":{\"@id\":\"https:\/\/progettotouring.it\/radiotouring104\/#\/schema\/logo\/image\/\"}},{\"@type\":\"Person\",\"@id\":\"https:\/\/progettotouring.it\/radiotouring104\/#\/schema\/person\/78613917f1851f041f7483f5af1d422e\",\"name\":\"Sebastiano Plutino\",\"image\":{\"@type\":\"ImageObject\",\"inLanguage\":\"it-IT\",\"@id\":\"https:\/\/secure.gravatar.com\/avatar\/0546ffaa9b79224faf9f2a156b67a529ae861d3287c66c1d8ccfdf909bcba78d?s=96&d=mm&r=g\",\"url\":\"https:\/\/secure.gravatar.com\/avatar\/0546ffaa9b79224faf9f2a156b67a529ae861d3287c66c1d8ccfdf909bcba78d?s=96&d=mm&r=g\",\"contentUrl\":\"https:\/\/secure.gravatar.com\/avatar\/0546ffaa9b79224faf9f2a156b67a529ae861d3287c66c1d8ccfdf909bcba78d?s=96&d=mm&r=g\",\"caption\":\"Sebastiano Plutino\"},\"url\":\"https:\/\/progettotouring.it\/radiotouring104\/author\/sebastiano\/\"}]}<\/script>\n<!-- \/ Yoast SEO plugin. -->","yoast_head_json":{"title":"Valditara: \"Calabria pu\u00f2 utilizzare al meglio la riforma 4+2\"","description":"Presentata ieri alla Cittadella Regionale la sperimentazione istituti tecnici e professionali con le conclusioni del Ministro Valditara","robots":{"index":"index","follow":"follow","max-snippet":"max-snippet:-1","max-image-preview":"max-image-preview:large","max-video-preview":"max-video-preview:-1"},"canonical":"https:\/\/progettotouring.it\/radiotouring104\/2024\/01\/10\/valditara-calabria-puo-utilizzare-al-meglio-la-riforma-42\/","og_locale":"it_IT","og_type":"article","og_title":"Valditara: \"Calabria pu\u00f2 utilizzare al meglio la riforma 4+2\"","og_description":"Presentata ieri alla Cittadella Regionale la sperimentazione istituti tecnici e professionali con le conclusioni del Ministro Valditara","og_url":"https:\/\/progettotouring.it\/radiotouring104\/2024\/01\/10\/valditara-calabria-puo-utilizzare-al-meglio-la-riforma-42\/","og_site_name":"Radio Touring 104","article_published_time":"2024-01-10T11:18:13+00:00","og_image":[{"width":680,"height":427,"url":"https:\/\/progettotouring.it\/radiotouring104\/wp-content\/uploads\/sites\/6\/2023\/02\/Cittadella-Catanzaro.jpg","type":"image\/jpeg"}],"author":"Sebastiano Plutino","twitter_card":"summary_large_image","twitter_misc":{"Scritto da":"Sebastiano Plutino","Tempo di lettura stimato":"2 minuti"},"schema":{"@context":"https:\/\/schema.org","@graph":[{"@type":"Article","@id":"https:\/\/progettotouring.it\/radiotouring104\/2024\/01\/10\/valditara-calabria-puo-utilizzare-al-meglio-la-riforma-42\/#article","isPartOf":{"@id":"https:\/\/progettotouring.it\/radiotouring104\/2024\/01\/10\/valditara-calabria-puo-utilizzare-al-meglio-la-riforma-42\/"},"author":{"name":"Sebastiano Plutino","@id":"https:\/\/progettotouring.it\/radiotouring104\/#\/schema\/person\/78613917f1851f041f7483f5af1d422e"},"headline":"Valditara: &#8220;Calabria pu\u00f2 utilizzare al meglio la riforma 4+2&#8221;","datePublished":"2024-01-10T11:18:13+00:00","mainEntityOfPage":{"@id":"https:\/\/progettotouring.it\/radiotouring104\/2024\/01\/10\/valditara-calabria-puo-utilizzare-al-meglio-la-riforma-42\/"},"wordCount":309,"publisher":{"@id":"https:\/\/progettotouring.it\/radiotouring104\/#organization"},"image":{"@id":"https:\/\/progettotouring.it\/radiotouring104\/2024\/01\/10\/valditara-calabria-puo-utilizzare-al-meglio-la-riforma-42\/#primaryimage"},"thumbnailUrl":"https:\/\/progettotouring.it\/radiotouring104\/wp-content\/uploads\/sites\/6\/2023\/02\/Cittadella-Catanzaro.jpg","keywords":["Cittadella Regionale","Giusy Princi","Ministro Valditara","riforma istituti tecnici profesionali"],"articleSection":["Calabria","Home","News"],"inLanguage":"it-IT"},{"@type":"WebPage","@id":"https:\/\/progettotouring.it\/radiotouring104\/2024\/01\/10\/valditara-calabria-puo-utilizzare-al-meglio-la-riforma-42\/","url":"https:\/\/progettotouring.it\/radiotouring104\/2024\/01\/10\/valditara-calabria-puo-utilizzare-al-meglio-la-riforma-42\/","name":"Valditara: \"Calabria pu\u00f2 utilizzare al meglio la riforma 4+2\"","isPartOf":{"@id":"https:\/\/progettotouring.it\/radiotouring104\/#website"},"primaryImageOfPage":{"@id":"https:\/\/progettotouring.it\/radiotouring104\/2024\/01\/10\/valditara-calabria-puo-utilizzare-al-meglio-la-riforma-42\/#primaryimage"},"image":{"@id":"https:\/\/progettotouring.it\/radiotouring104\/2024\/01\/10\/valditara-calabria-puo-utilizzare-al-meglio-la-riforma-42\/#primaryimage"},"thumbnailUrl":"https:\/\/progettotouring.it\/radiotouring104\/wp-content\/uploads\/sites\/6\/2023\/02\/Cittadella-Catanzaro.jpg","datePublished":"2024-01-10T11:18:13+00:00","description":"Presentata ieri alla Cittadella Regionale la sperimentazione istituti tecnici e professionali con le conclusioni del Ministro Valditara","breadcrumb":{"@id":"https:\/\/progettotouring.it\/radiotouring104\/2024\/01\/10\/valditara-calabria-puo-utilizzare-al-meglio-la-riforma-42\/#breadcrumb"},"inLanguage":"it-IT","potentialAction":[{"@type":"ReadAction","target":["https:\/\/progettotouring.it\/radiotouring104\/2024\/01\/10\/valditara-calabria-puo-utilizzare-al-meglio-la-riforma-42\/"]}]},{"@type":"ImageObject","inLanguage":"it-IT","@id":"https:\/\/progettotouring.it\/radiotouring104\/2024\/01\/10\/valditara-calabria-puo-utilizzare-al-meglio-la-riforma-42\/#primaryimage","url":"https:\/\/progettotouring.it\/radiotouring104\/wp-content\/uploads\/sites\/6\/2023\/02\/Cittadella-Catanzaro.jpg","contentUrl":"https:\/\/progettotouring.it\/radiotouring104\/wp-content\/uploads\/sites\/6\/2023\/02\/Cittadella-Catanzaro.jpg","width":680,"height":427},{"@type":"BreadcrumbList","@id":"https:\/\/progettotouring.it\/radiotouring104\/2024\/01\/10\/valditara-calabria-puo-utilizzare-al-meglio-la-riforma-42\/#breadcrumb","itemListElement":[{"@type":"ListItem","position":1,"name":"Home","item":"https:\/\/progettotouring.it\/radiotouring104\/"},{"@type":"ListItem","position":2,"name":"Valditara: &#8220;Calabria pu\u00f2 utilizzare al meglio la riforma 4+2&#8221;"}]},{"@type":"WebSite","@id":"https:\/\/progettotouring.it\/radiotouring104\/#website","url":"https:\/\/progettotouring.it\/radiotouring104\/","name":"Radio Touring 104","description":"La prima radio Reggina","publisher":{"@id":"https:\/\/progettotouring.it\/radiotouring104\/#organization"},"potentialAction":[{"@type":"SearchAction","target":{"@type":"EntryPoint","urlTemplate":"https:\/\/progettotouring.it\/radiotouring104\/?s={search_term_string}"},"query-input":{"@type":"PropertyValueSpecification","valueRequired":true,"valueName":"search_term_string"}}],"inLanguage":"it-IT"},{"@type":"Organization","@id":"https:\/\/progettotouring.it\/radiotouring104\/#organization","name":"Radio Touring 104","url":"https:\/\/progettotouring.it\/radiotouring104\/","logo":{"@type":"ImageObject","inLanguage":"it-IT","@id":"https:\/\/progettotouring.it\/radiotouring104\/#\/schema\/logo\/image\/","url":"https:\/\/progettotouring.it\/radiotouring104\/wp-content\/uploads\/sites\/6\/2022\/02\/cropped-logo-radio-touring-104.png","contentUrl":"https:\/\/progettotouring.it\/radiotouring104\/wp-content\/uploads\/sites\/6\/2022\/02\/cropped-logo-radio-touring-104.png","width":377,"height":182,"caption":"Radio Touring 104"},"image":{"@id":"https:\/\/progettotouring.it\/radiotouring104\/#\/schema\/logo\/image\/"}},{"@type":"Person","@id":"https:\/\/progettotouring.it\/radiotouring104\/#\/schema\/person\/78613917f1851f041f7483f5af1d422e","name":"Sebastiano Plutino","image":{"@type":"ImageObject","inLanguage":"it-IT","@id":"https:\/\/secure.gravatar.com\/avatar\/0546ffaa9b79224faf9f2a156b67a529ae861d3287c66c1d8ccfdf909bcba78d?s=96&d=mm&r=g","url":"https:\/\/secure.gravatar.com\/avatar\/0546ffaa9b79224faf9f2a156b67a529ae861d3287c66c1d8ccfdf909bcba78d?s=96&d=mm&r=g","contentUrl":"https:\/\/secure.gravatar.com\/avatar\/0546ffaa9b79224faf9f2a156b67a529ae861d3287c66c1d8ccfdf909bcba78d?s=96&d=mm&r=g","caption":"Sebastiano Plutino"},"url":"https:\/\/progettotouring.it\/radiotouring104\/author\/sebastiano\/"}]}},"jetpack_publicize_connections":[],"jetpack_featured_media_url":"https:\/\/progettotouring.it\/radiotouring104\/wp-content\/uploads\/sites\/6\/2023\/02\/Cittadella-Catanzaro.jpg","jetpack_sharing_enabled":true,"_links":{"self":[{"href":"https:\/\/progettotouring.it\/radiotouring104\/wp-json\/wp\/v2\/posts\/42364","targetHints":{"allow":["GET"]}}],"collection":[{"href":"https:\/\/progettotouring.it\/radiotouring104\/wp-json\/wp\/v2\/posts"}],"about":[{"href":"https:\/\/progettotouring.it\/radiotouring104\/wp-json\/wp\/v2\/types\/post"}],"author":[{"embeddable":true,"href":"https:\/\/progettotouring.it\/radiotouring104\/wp-json\/wp\/v2\/users\/12"}],"replies":[{"embeddable":true,"href":"https:\/\/progettotouring.it\/radiotouring104\/wp-json\/wp\/v2\/comments?post=42364"}],"version-history":[{"count":1,"href":"https:\/\/progettotouring.it\/radiotouring104\/wp-json\/wp\/v2\/posts\/42364\/revisions"}],"predecessor-version":[{"id":42365,"href":"https:\/\/progettotouring.it\/radiotouring104\/wp-json\/wp\/v2\/posts\/42364\/revisions\/42365"}],"wp:featuredmedia":[{"embeddable":true,"href":"https:\/\/progettotouring.it\/radiotouring104\/wp-json\/wp\/v2\/media\/19155"}],"wp:attachment":[{"href":"https:\/\/progettotouring.it\/radiotouring104\/wp-json\/wp\/v2\/media?parent=42364"}],"wp:term":[{"taxonomy":"category","embeddable":true,"href":"https:\/\/progettotouring.it\/radiotouring104\/wp-json\/wp\/v2\/categories?post=42364"},{"taxonomy":"post_tag","embeddable":true,"href":"https:\/\/progettotouring.it\/radiotouring104\/wp-json\/wp\/v2\/tags?post=42364"}],"curies":[{"name":"wp","href":"https:\/\/api.w.org\/{rel}","templated":true}]}}