{"id":42390,"date":"2024-01-11T09:35:11","date_gmt":"2024-01-11T08:35:11","guid":{"rendered":"https:\/\/progettotouring.it\/radiotouring104\/?p=42390"},"modified":"2024-01-11T09:39:15","modified_gmt":"2024-01-11T08:39:15","slug":"coach-dagostino-domenica-occorrera-calore-dei-tifosi-vita-nuovo-general-manager","status":"publish","type":"post","link":"https:\/\/progettotouring.it\/radiotouring104\/2024\/01\/11\/coach-dagostino-domenica-occorrera-calore-dei-tifosi-vita-nuovo-general-manager\/","title":{"rendered":"Coach D\u2019Agostino: \u201dDomenica occorrer\u00e0 calore dei tifosi\u201d. Vita nuovo General Manager"},"content":{"rendered":"<p style=\"text-align: justify\"><strong>Parla l\u2019Assistant Coach<\/strong> di Federico Cigarini,<strong> il reggino Seby D\u2019Agostino.<\/strong><br \/>\nIl tecnico della Myenergy ha analizzato l\u2019andamento dei neroarancio e l\u2019ultima sfida persa in casa del Barcellona 4.0.<\/p>\n<p style=\"text-align: justify\"><strong>Che gara \u00e8 stata?<\/strong><\/p>\n<p style=\"text-align: justify\"><em>\u201cLa sfida che ci aspettavamo.<\/em><br \/>\n<em>Eravamo consapevoli di dover affrontare una squadra in forma consci di quanto \u00e8 difficile giocare in palazzetto caldo e vivo come il Palalberti.<\/em><br \/>\n<em>In questo momento, credo che il campo di Barcellona sia il campo pi\u00f9 caldo, ed anche bello della Sicilia.<\/em><br \/>\n<em>Allo stesso tempo siamo consapevoli di quanto poteva essere difficile espugnare il rettangolo di gioco dei siciliani.<\/em><br \/>\n<em>E\u2019 un piacere giocare in campi cos\u00ec, ma siamo consapevoli anche di quanto sia complicato.\u201d<\/em><\/p>\n<p style=\"text-align: justify\"><strong>Cosa \u00e8 mancato per vincerla?<\/strong><\/p>\n<p style=\"text-align: justify\"><em><strong>\u201cE\u2019 mancata un po di lucidit\u00e0 da parte nostra.<\/strong><\/em><br \/>\n<em><strong>Da parte loro, invece, i canestri di Tartamella e Lalic sono stati importantissimi.<\/strong><\/em><br \/>\n<em><strong>Quel piccolo margine \u00e8 stato basilare per loro e non siamo riusciti a ricucire il gap\u201d<\/strong><\/em><\/p>\n<p style=\"text-align: justify\"><strong>Prossima sfida in casa contro Svincolati Milazzo, che gara potr\u00e0 essere?<\/strong><\/p>\n<p style=\"text-align: justify\"><em>\u201cRipartiamo con una nuova gara complicata.\u2028La cosa positiva \u00e8 che giocheremo la prossima sfida davanti al pubblico amico.<\/em><br \/>\n<em>Spero che tanta gente, cos\u00ec come lo \u00e8 stato a Barcellona per i giallo-rossi possa spingerci verso i nostri traguardi.<\/em><br \/>\n<em>Abbiamo bisogno di loro.<\/em><br \/>\n<em>Vi posso garantire che, dal campo, il sesto uomo per loro \u00e8 stato il pubblico e la squadra ha reagito sospinta dal loro calore\u201d.<\/em><\/p>\n<p style=\"text-align: justify\">\n<h1 class=\"bigslam-single-article-title\" style=\"text-align: justify\">Fortunato Vita \u00e8 il General Manager di Myenergy RC<\/h1>\n<p style=\"text-align: justify\"><strong>Myenergy Reggio Calabria<\/strong> \u00e8 lieta di<strong> comunicare di aver affidato il ruolo di General Manager<\/strong> della societ\u00e0<strong> a Fortunato Vita.<\/strong><\/p>\n<p style=\"text-align: justify\">Fortunato Vita, reggino, classe 1977, sposato e padre di 4 figli \u00e8 stato <strong>scelto dalla societ\u00e0 del Presidente Lagan\u00e0 per ricoprire un incarico cruciale in chiave di strutturazione<\/strong> \u00a0che la societ\u00e0 neroarancio si propone, finalizzata al raggiungimento degli obiettivi prefissati per la stagione in corso e di pi\u00f9 alti traguardi per le stagioni successive.<br \/>\n<strong>Vita \u00e8 Manager Sportivo dal 2004<\/strong> in concomitanza alla fondazione di GECOSPORT, azienda che si occupa di Gestione e Consulenza Sportiva.<br \/>\n<strong>Nella sua carriera ha gi\u00e0 ricoperto diversi incarichi:<\/strong> \u00e8 stato Responsabile Marketing della Viola di Tito Silipo guidata da Ale Giuliani e Capitan Mazzarino e successivamente ha lavorato in diverse localit\u00e0 italiane presso OCTAGON ( Leader Internazionale nella gestione di Eventi e Atleti) che si \u00e8 rivelata un\u2019importante esperienza formative per il giovane professionista.<\/p>\n<p style=\"text-align: justify\"><strong>Tra le esperienze messe a frutto ancora<\/strong><br \/>\n\u2013 NIKE Italy ( Tour JogaBonito 2006)<br \/>\n\u2013 NBA EUROPE ( organizzazione della prima Tappa di un tour Europeo proprio a Reggio Calabria).<\/p>\n<p style=\"text-align: justify\"><strong>Fortunato Vita \u00e8 stato inoltre responsabile marketing della Lega Nazionale Pallacanestro<\/strong> dal 2007 fino al 2011 ( con importanti eventi organizzati tra cui le Finali di Coppa Italia edizioni di Pesaro e Milano 2 Montecatini e Basket Week). Il nuovo GM neroarancio ha ricoperto in passato anche il Ruolo di Presidente della societ\u00e0 Audax Basket che in pochi anni \u00e8 arrivata alla serie C Nazionale permanendo 6 anni nella categoria.<\/p>\n<p style=\"text-align: justify\">Vita \u00e8 inoltre specializzato in Impiantistica Sportiva e collabora con importanti Aziende Leader del Settore, operanti nello sviluppo del Mezzogiorno. Esperto di Gestione Societaria attraverso molteplici collaborazioni nel Basket, Volley, Calcio in diverse categorie opera anche nella Rappresentanza e Distribuzione del Settore Sportivo.<br \/>\n\u201cSiamo molto felici dell\u2019ingresso in societ\u00e0 di un professionista come il nostro General Manager, \u00e8 una persona con cui fin da subito mi sono trovato in sintonia e sono certo che la sua esperienza e formazione ci aiuteranno a raggiungere i traguardi a cui aspiriamo\u201d \u2013 ha dichiarato<br \/>\n<strong>il Presidente di Myenergy Reggio Calabria Carmelo Lagan\u00e0 a cui fanno eco le dichiarazioni del neo GM neroarancio:<\/strong><br \/>\n<em>\u201cFiero di ricoprire un ruolo cos\u00ec importante all\u2019interno di una societ\u00e0 emblema della Citt\u00e0 di Reggio Calabria, e al tempo stesso lusingato dalla fiducia riposta in me da parte del Presidente. Una veste con grandi responsabilit\u00e0 ma con la certezza di poter strutturare qualcosa di veramente importante grazie a tutto lo splendido team che gravita ormai da anni all\u2019interno del Club.\u201d<\/em><\/p>\n<p style=\"text-align: justify\"><strong>Da tutta la societ\u00e0 giungano a Fortunato gli auguri di buon lavoro.<\/strong><\/p>\n","protected":false},"excerpt":{"rendered":"<p>Parla l\u2019Assistant Coach di Federico Cigarini, il reggino Seby D\u2019Agostino. Il tecnico della Myenergy ha analizzato l\u2019andamento dei neroarancio e l\u2019ultima sfida persa in casa del Barcellona 4.0. Che gara&hellip;<\/p>\n","protected":false},"author":12,"featured_media":42391,"comment_status":"closed","ping_status":"open","sticky":false,"template":"","format":"standard","meta":{"_jetpack_memberships_contains_paid_content":false,"footnotes":"","jetpack_publicize_message":"","jetpack_publicize_feature_enabled":true,"jetpack_social_post_already_shared":false,"jetpack_social_options":{"image_generator_settings":{"template":"highway","default_image_id":0,"font":"","enabled":false},"version":2}},"categories":[196,140,144],"tags":[26208,26206,25727,26207,21881],"class_list":["post-42390","post","type-post","status-publish","format-standard","has-post-thumbnail","hentry","category-news","category-reggio-calabria","category-sport","tag-domenica-occorrera-calore-dei-tifosi","tag-fortunato-vita","tag-mynergy-viola","tag-nuovo-general-manager-mynergy-viola","tag-seby-dagostino"],"yoast_head":"<!-- This site is optimized with the Yoast SEO plugin v27.2 - https:\/\/yoast.com\/product\/yoast-seo-wordpress\/ -->\n<title>Coach D\u2019Agostino: \u201dDomenica occorrer\u00e0 calore dei tifosi\u201d. Vita nuovo General Manager - Radio Touring 104<\/title>\n<meta name=\"description\" content=\"Assistant Coach D&#039;Agostino analizza la sconfitta in casa del Barcellona 4.0. Societ\u00e0 comunica Fortunato Vita come nuovo General Manager\" \/>\n<meta name=\"robots\" content=\"index, follow, max-snippet:-1, max-image-preview:large, max-video-preview:-1\" \/>\n<link rel=\"canonical\" href=\"https:\/\/progettotouring.it\/radiotouring104\/2024\/01\/11\/coach-dagostino-domenica-occorrera-calore-dei-tifosi-vita-nuovo-general-manager\/\" \/>\n<meta property=\"og:locale\" content=\"it_IT\" \/>\n<meta property=\"og:type\" content=\"article\" \/>\n<meta property=\"og:title\" content=\"Coach D\u2019Agostino: \u201dDomenica occorrer\u00e0 calore dei tifosi\u201d. Vita nuovo General Manager - Radio Touring 104\" \/>\n<meta property=\"og:description\" content=\"Assistant Coach D&#039;Agostino analizza la sconfitta in casa del Barcellona 4.0. Societ\u00e0 comunica Fortunato Vita come nuovo General Manager\" \/>\n<meta property=\"og:url\" content=\"https:\/\/progettotouring.it\/radiotouring104\/2024\/01\/11\/coach-dagostino-domenica-occorrera-calore-dei-tifosi-vita-nuovo-general-manager\/\" \/>\n<meta property=\"og:site_name\" content=\"Radio Touring 104\" \/>\n<meta property=\"article:published_time\" content=\"2024-01-11T08:35:11+00:00\" \/>\n<meta property=\"article:modified_time\" content=\"2024-01-11T08:39:15+00:00\" \/>\n<meta property=\"og:image\" content=\"https:\/\/progettotouring.it\/radiotouring104\/wp-content\/uploads\/sites\/6\/2024\/01\/Seby-DAgostino-Mynergy.jpg\" \/>\n\t<meta property=\"og:image:width\" content=\"843\" \/>\n\t<meta property=\"og:image:height\" content=\"562\" \/>\n\t<meta property=\"og:image:type\" content=\"image\/jpeg\" \/>\n<meta name=\"author\" content=\"Sebastiano Plutino\" \/>\n<meta name=\"twitter:card\" content=\"summary_large_image\" \/>\n<meta name=\"twitter:label1\" content=\"Scritto da\" \/>\n\t<meta name=\"twitter:data1\" content=\"Sebastiano Plutino\" \/>\n\t<meta name=\"twitter:label2\" content=\"Tempo di lettura stimato\" \/>\n\t<meta name=\"twitter:data2\" content=\"3 minuti\" \/>\n<script type=\"application\/ld+json\" class=\"yoast-schema-graph\">{\"@context\":\"https:\/\/schema.org\",\"@graph\":[{\"@type\":\"Article\",\"@id\":\"https:\/\/progettotouring.it\/radiotouring104\/2024\/01\/11\/coach-dagostino-domenica-occorrera-calore-dei-tifosi-vita-nuovo-general-manager\/#article\",\"isPartOf\":{\"@id\":\"https:\/\/progettotouring.it\/radiotouring104\/2024\/01\/11\/coach-dagostino-domenica-occorrera-calore-dei-tifosi-vita-nuovo-general-manager\/\"},\"author\":{\"name\":\"Sebastiano Plutino\",\"@id\":\"https:\/\/progettotouring.it\/radiotouring104\/#\/schema\/person\/78613917f1851f041f7483f5af1d422e\"},\"headline\":\"Coach D\u2019Agostino: \u201dDomenica occorrer\u00e0 calore dei tifosi\u201d. Vita nuovo General Manager\",\"datePublished\":\"2024-01-11T08:35:11+00:00\",\"dateModified\":\"2024-01-11T08:39:15+00:00\",\"mainEntityOfPage\":{\"@id\":\"https:\/\/progettotouring.it\/radiotouring104\/2024\/01\/11\/coach-dagostino-domenica-occorrera-calore-dei-tifosi-vita-nuovo-general-manager\/\"},\"wordCount\":659,\"publisher\":{\"@id\":\"https:\/\/progettotouring.it\/radiotouring104\/#organization\"},\"image\":{\"@id\":\"https:\/\/progettotouring.it\/radiotouring104\/2024\/01\/11\/coach-dagostino-domenica-occorrera-calore-dei-tifosi-vita-nuovo-general-manager\/#primaryimage\"},\"thumbnailUrl\":\"https:\/\/progettotouring.it\/radiotouring104\/wp-content\/uploads\/sites\/6\/2024\/01\/Seby-DAgostino-Mynergy.jpg\",\"keywords\":[\"Domenica occorrer\u00e0 calore dei tifosi\u201d\",\"Fortunato VIta\",\"Mynergy Viola\",\"nuovo General Manager Mynergy Viola\",\"Seby D'Agostino\"],\"articleSection\":[\"News\",\"Reggio Calabria\",\"Sport\"],\"inLanguage\":\"it-IT\"},{\"@type\":\"WebPage\",\"@id\":\"https:\/\/progettotouring.it\/radiotouring104\/2024\/01\/11\/coach-dagostino-domenica-occorrera-calore-dei-tifosi-vita-nuovo-general-manager\/\",\"url\":\"https:\/\/progettotouring.it\/radiotouring104\/2024\/01\/11\/coach-dagostino-domenica-occorrera-calore-dei-tifosi-vita-nuovo-general-manager\/\",\"name\":\"Coach D\u2019Agostino: \u201dDomenica occorrer\u00e0 calore dei tifosi\u201d. Vita nuovo General Manager - Radio Touring 104\",\"isPartOf\":{\"@id\":\"https:\/\/progettotouring.it\/radiotouring104\/#website\"},\"primaryImageOfPage\":{\"@id\":\"https:\/\/progettotouring.it\/radiotouring104\/2024\/01\/11\/coach-dagostino-domenica-occorrera-calore-dei-tifosi-vita-nuovo-general-manager\/#primaryimage\"},\"image\":{\"@id\":\"https:\/\/progettotouring.it\/radiotouring104\/2024\/01\/11\/coach-dagostino-domenica-occorrera-calore-dei-tifosi-vita-nuovo-general-manager\/#primaryimage\"},\"thumbnailUrl\":\"https:\/\/progettotouring.it\/radiotouring104\/wp-content\/uploads\/sites\/6\/2024\/01\/Seby-DAgostino-Mynergy.jpg\",\"datePublished\":\"2024-01-11T08:35:11+00:00\",\"dateModified\":\"2024-01-11T08:39:15+00:00\",\"description\":\"Assistant Coach D'Agostino analizza la sconfitta in casa del Barcellona 4.0. Societ\u00e0 comunica Fortunato Vita come nuovo General Manager\",\"breadcrumb\":{\"@id\":\"https:\/\/progettotouring.it\/radiotouring104\/2024\/01\/11\/coach-dagostino-domenica-occorrera-calore-dei-tifosi-vita-nuovo-general-manager\/#breadcrumb\"},\"inLanguage\":\"it-IT\",\"potentialAction\":[{\"@type\":\"ReadAction\",\"target\":[\"https:\/\/progettotouring.it\/radiotouring104\/2024\/01\/11\/coach-dagostino-domenica-occorrera-calore-dei-tifosi-vita-nuovo-general-manager\/\"]}]},{\"@type\":\"ImageObject\",\"inLanguage\":\"it-IT\",\"@id\":\"https:\/\/progettotouring.it\/radiotouring104\/2024\/01\/11\/coach-dagostino-domenica-occorrera-calore-dei-tifosi-vita-nuovo-general-manager\/#primaryimage\",\"url\":\"https:\/\/progettotouring.it\/radiotouring104\/wp-content\/uploads\/sites\/6\/2024\/01\/Seby-DAgostino-Mynergy.jpg\",\"contentUrl\":\"https:\/\/progettotouring.it\/radiotouring104\/wp-content\/uploads\/sites\/6\/2024\/01\/Seby-DAgostino-Mynergy.jpg\",\"width\":843,\"height\":562},{\"@type\":\"BreadcrumbList\",\"@id\":\"https:\/\/progettotouring.it\/radiotouring104\/2024\/01\/11\/coach-dagostino-domenica-occorrera-calore-dei-tifosi-vita-nuovo-general-manager\/#breadcrumb\",\"itemListElement\":[{\"@type\":\"ListItem\",\"position\":1,\"name\":\"Home\",\"item\":\"https:\/\/progettotouring.it\/radiotouring104\/\"},{\"@type\":\"ListItem\",\"position\":2,\"name\":\"Coach D\u2019Agostino: \u201dDomenica occorrer\u00e0 calore dei tifosi\u201d. Vita nuovo General Manager\"}]},{\"@type\":\"WebSite\",\"@id\":\"https:\/\/progettotouring.it\/radiotouring104\/#website\",\"url\":\"https:\/\/progettotouring.it\/radiotouring104\/\",\"name\":\"Radio Touring 104\",\"description\":\"La prima radio Reggina\",\"publisher\":{\"@id\":\"https:\/\/progettotouring.it\/radiotouring104\/#organization\"},\"potentialAction\":[{\"@type\":\"SearchAction\",\"target\":{\"@type\":\"EntryPoint\",\"urlTemplate\":\"https:\/\/progettotouring.it\/radiotouring104\/?s={search_term_string}\"},\"query-input\":{\"@type\":\"PropertyValueSpecification\",\"valueRequired\":true,\"valueName\":\"search_term_string\"}}],\"inLanguage\":\"it-IT\"},{\"@type\":\"Organization\",\"@id\":\"https:\/\/progettotouring.it\/radiotouring104\/#organization\",\"name\":\"Radio Touring 104\",\"url\":\"https:\/\/progettotouring.it\/radiotouring104\/\",\"logo\":{\"@type\":\"ImageObject\",\"inLanguage\":\"it-IT\",\"@id\":\"https:\/\/progettotouring.it\/radiotouring104\/#\/schema\/logo\/image\/\",\"url\":\"https:\/\/progettotouring.it\/radiotouring104\/wp-content\/uploads\/sites\/6\/2022\/02\/cropped-logo-radio-touring-104.png\",\"contentUrl\":\"https:\/\/progettotouring.it\/radiotouring104\/wp-content\/uploads\/sites\/6\/2022\/02\/cropped-logo-radio-touring-104.png\",\"width\":377,\"height\":182,\"caption\":\"Radio Touring 104\"},\"image\":{\"@id\":\"https:\/\/progettotouring.it\/radiotouring104\/#\/schema\/logo\/image\/\"}},{\"@type\":\"Person\",\"@id\":\"https:\/\/progettotouring.it\/radiotouring104\/#\/schema\/person\/78613917f1851f041f7483f5af1d422e\",\"name\":\"Sebastiano Plutino\",\"image\":{\"@type\":\"ImageObject\",\"inLanguage\":\"it-IT\",\"@id\":\"https:\/\/secure.gravatar.com\/avatar\/0546ffaa9b79224faf9f2a156b67a529ae861d3287c66c1d8ccfdf909bcba78d?s=96&d=mm&r=g\",\"url\":\"https:\/\/secure.gravatar.com\/avatar\/0546ffaa9b79224faf9f2a156b67a529ae861d3287c66c1d8ccfdf909bcba78d?s=96&d=mm&r=g\",\"contentUrl\":\"https:\/\/secure.gravatar.com\/avatar\/0546ffaa9b79224faf9f2a156b67a529ae861d3287c66c1d8ccfdf909bcba78d?s=96&d=mm&r=g\",\"caption\":\"Sebastiano Plutino\"},\"url\":\"https:\/\/progettotouring.it\/radiotouring104\/author\/sebastiano\/\"}]}<\/script>\n<!-- \/ Yoast SEO plugin. -->","yoast_head_json":{"title":"Coach D\u2019Agostino: \u201dDomenica occorrer\u00e0 calore dei tifosi\u201d. Vita nuovo General Manager - Radio Touring 104","description":"Assistant Coach D'Agostino analizza la sconfitta in casa del Barcellona 4.0. Societ\u00e0 comunica Fortunato Vita come nuovo General Manager","robots":{"index":"index","follow":"follow","max-snippet":"max-snippet:-1","max-image-preview":"max-image-preview:large","max-video-preview":"max-video-preview:-1"},"canonical":"https:\/\/progettotouring.it\/radiotouring104\/2024\/01\/11\/coach-dagostino-domenica-occorrera-calore-dei-tifosi-vita-nuovo-general-manager\/","og_locale":"it_IT","og_type":"article","og_title":"Coach D\u2019Agostino: \u201dDomenica occorrer\u00e0 calore dei tifosi\u201d. Vita nuovo General Manager - Radio Touring 104","og_description":"Assistant Coach D'Agostino analizza la sconfitta in casa del Barcellona 4.0. Societ\u00e0 comunica Fortunato Vita come nuovo General Manager","og_url":"https:\/\/progettotouring.it\/radiotouring104\/2024\/01\/11\/coach-dagostino-domenica-occorrera-calore-dei-tifosi-vita-nuovo-general-manager\/","og_site_name":"Radio Touring 104","article_published_time":"2024-01-11T08:35:11+00:00","article_modified_time":"2024-01-11T08:39:15+00:00","og_image":[{"width":843,"height":562,"url":"https:\/\/progettotouring.it\/radiotouring104\/wp-content\/uploads\/sites\/6\/2024\/01\/Seby-DAgostino-Mynergy.jpg","type":"image\/jpeg"}],"author":"Sebastiano Plutino","twitter_card":"summary_large_image","twitter_misc":{"Scritto da":"Sebastiano Plutino","Tempo di lettura stimato":"3 minuti"},"schema":{"@context":"https:\/\/schema.org","@graph":[{"@type":"Article","@id":"https:\/\/progettotouring.it\/radiotouring104\/2024\/01\/11\/coach-dagostino-domenica-occorrera-calore-dei-tifosi-vita-nuovo-general-manager\/#article","isPartOf":{"@id":"https:\/\/progettotouring.it\/radiotouring104\/2024\/01\/11\/coach-dagostino-domenica-occorrera-calore-dei-tifosi-vita-nuovo-general-manager\/"},"author":{"name":"Sebastiano Plutino","@id":"https:\/\/progettotouring.it\/radiotouring104\/#\/schema\/person\/78613917f1851f041f7483f5af1d422e"},"headline":"Coach D\u2019Agostino: \u201dDomenica occorrer\u00e0 calore dei tifosi\u201d. Vita nuovo General Manager","datePublished":"2024-01-11T08:35:11+00:00","dateModified":"2024-01-11T08:39:15+00:00","mainEntityOfPage":{"@id":"https:\/\/progettotouring.it\/radiotouring104\/2024\/01\/11\/coach-dagostino-domenica-occorrera-calore-dei-tifosi-vita-nuovo-general-manager\/"},"wordCount":659,"publisher":{"@id":"https:\/\/progettotouring.it\/radiotouring104\/#organization"},"image":{"@id":"https:\/\/progettotouring.it\/radiotouring104\/2024\/01\/11\/coach-dagostino-domenica-occorrera-calore-dei-tifosi-vita-nuovo-general-manager\/#primaryimage"},"thumbnailUrl":"https:\/\/progettotouring.it\/radiotouring104\/wp-content\/uploads\/sites\/6\/2024\/01\/Seby-DAgostino-Mynergy.jpg","keywords":["Domenica occorrer\u00e0 calore dei tifosi\u201d","Fortunato VIta","Mynergy Viola","nuovo General Manager Mynergy Viola","Seby D'Agostino"],"articleSection":["News","Reggio Calabria","Sport"],"inLanguage":"it-IT"},{"@type":"WebPage","@id":"https:\/\/progettotouring.it\/radiotouring104\/2024\/01\/11\/coach-dagostino-domenica-occorrera-calore-dei-tifosi-vita-nuovo-general-manager\/","url":"https:\/\/progettotouring.it\/radiotouring104\/2024\/01\/11\/coach-dagostino-domenica-occorrera-calore-dei-tifosi-vita-nuovo-general-manager\/","name":"Coach D\u2019Agostino: \u201dDomenica occorrer\u00e0 calore dei tifosi\u201d. Vita nuovo General Manager - Radio Touring 104","isPartOf":{"@id":"https:\/\/progettotouring.it\/radiotouring104\/#website"},"primaryImageOfPage":{"@id":"https:\/\/progettotouring.it\/radiotouring104\/2024\/01\/11\/coach-dagostino-domenica-occorrera-calore-dei-tifosi-vita-nuovo-general-manager\/#primaryimage"},"image":{"@id":"https:\/\/progettotouring.it\/radiotouring104\/2024\/01\/11\/coach-dagostino-domenica-occorrera-calore-dei-tifosi-vita-nuovo-general-manager\/#primaryimage"},"thumbnailUrl":"https:\/\/progettotouring.it\/radiotouring104\/wp-content\/uploads\/sites\/6\/2024\/01\/Seby-DAgostino-Mynergy.jpg","datePublished":"2024-01-11T08:35:11+00:00","dateModified":"2024-01-11T08:39:15+00:00","description":"Assistant Coach D'Agostino analizza la sconfitta in casa del Barcellona 4.0. Societ\u00e0 comunica Fortunato Vita come nuovo General Manager","breadcrumb":{"@id":"https:\/\/progettotouring.it\/radiotouring104\/2024\/01\/11\/coach-dagostino-domenica-occorrera-calore-dei-tifosi-vita-nuovo-general-manager\/#breadcrumb"},"inLanguage":"it-IT","potentialAction":[{"@type":"ReadAction","target":["https:\/\/progettotouring.it\/radiotouring104\/2024\/01\/11\/coach-dagostino-domenica-occorrera-calore-dei-tifosi-vita-nuovo-general-manager\/"]}]},{"@type":"ImageObject","inLanguage":"it-IT","@id":"https:\/\/progettotouring.it\/radiotouring104\/2024\/01\/11\/coach-dagostino-domenica-occorrera-calore-dei-tifosi-vita-nuovo-general-manager\/#primaryimage","url":"https:\/\/progettotouring.it\/radiotouring104\/wp-content\/uploads\/sites\/6\/2024\/01\/Seby-DAgostino-Mynergy.jpg","contentUrl":"https:\/\/progettotouring.it\/radiotouring104\/wp-content\/uploads\/sites\/6\/2024\/01\/Seby-DAgostino-Mynergy.jpg","width":843,"height":562},{"@type":"BreadcrumbList","@id":"https:\/\/progettotouring.it\/radiotouring104\/2024\/01\/11\/coach-dagostino-domenica-occorrera-calore-dei-tifosi-vita-nuovo-general-manager\/#breadcrumb","itemListElement":[{"@type":"ListItem","position":1,"name":"Home","item":"https:\/\/progettotouring.it\/radiotouring104\/"},{"@type":"ListItem","position":2,"name":"Coach D\u2019Agostino: \u201dDomenica occorrer\u00e0 calore dei tifosi\u201d. Vita nuovo General Manager"}]},{"@type":"WebSite","@id":"https:\/\/progettotouring.it\/radiotouring104\/#website","url":"https:\/\/progettotouring.it\/radiotouring104\/","name":"Radio Touring 104","description":"La prima radio Reggina","publisher":{"@id":"https:\/\/progettotouring.it\/radiotouring104\/#organization"},"potentialAction":[{"@type":"SearchAction","target":{"@type":"EntryPoint","urlTemplate":"https:\/\/progettotouring.it\/radiotouring104\/?s={search_term_string}"},"query-input":{"@type":"PropertyValueSpecification","valueRequired":true,"valueName":"search_term_string"}}],"inLanguage":"it-IT"},{"@type":"Organization","@id":"https:\/\/progettotouring.it\/radiotouring104\/#organization","name":"Radio Touring 104","url":"https:\/\/progettotouring.it\/radiotouring104\/","logo":{"@type":"ImageObject","inLanguage":"it-IT","@id":"https:\/\/progettotouring.it\/radiotouring104\/#\/schema\/logo\/image\/","url":"https:\/\/progettotouring.it\/radiotouring104\/wp-content\/uploads\/sites\/6\/2022\/02\/cropped-logo-radio-touring-104.png","contentUrl":"https:\/\/progettotouring.it\/radiotouring104\/wp-content\/uploads\/sites\/6\/2022\/02\/cropped-logo-radio-touring-104.png","width":377,"height":182,"caption":"Radio Touring 104"},"image":{"@id":"https:\/\/progettotouring.it\/radiotouring104\/#\/schema\/logo\/image\/"}},{"@type":"Person","@id":"https:\/\/progettotouring.it\/radiotouring104\/#\/schema\/person\/78613917f1851f041f7483f5af1d422e","name":"Sebastiano Plutino","image":{"@type":"ImageObject","inLanguage":"it-IT","@id":"https:\/\/secure.gravatar.com\/avatar\/0546ffaa9b79224faf9f2a156b67a529ae861d3287c66c1d8ccfdf909bcba78d?s=96&d=mm&r=g","url":"https:\/\/secure.gravatar.com\/avatar\/0546ffaa9b79224faf9f2a156b67a529ae861d3287c66c1d8ccfdf909bcba78d?s=96&d=mm&r=g","contentUrl":"https:\/\/secure.gravatar.com\/avatar\/0546ffaa9b79224faf9f2a156b67a529ae861d3287c66c1d8ccfdf909bcba78d?s=96&d=mm&r=g","caption":"Sebastiano Plutino"},"url":"https:\/\/progettotouring.it\/radiotouring104\/author\/sebastiano\/"}]}},"jetpack_publicize_connections":[],"jetpack_featured_media_url":"https:\/\/progettotouring.it\/radiotouring104\/wp-content\/uploads\/sites\/6\/2024\/01\/Seby-DAgostino-Mynergy.jpg","jetpack_sharing_enabled":true,"_links":{"self":[{"href":"https:\/\/progettotouring.it\/radiotouring104\/wp-json\/wp\/v2\/posts\/42390","targetHints":{"allow":["GET"]}}],"collection":[{"href":"https:\/\/progettotouring.it\/radiotouring104\/wp-json\/wp\/v2\/posts"}],"about":[{"href":"https:\/\/progettotouring.it\/radiotouring104\/wp-json\/wp\/v2\/types\/post"}],"author":[{"embeddable":true,"href":"https:\/\/progettotouring.it\/radiotouring104\/wp-json\/wp\/v2\/users\/12"}],"replies":[{"embeddable":true,"href":"https:\/\/progettotouring.it\/radiotouring104\/wp-json\/wp\/v2\/comments?post=42390"}],"version-history":[{"count":2,"href":"https:\/\/progettotouring.it\/radiotouring104\/wp-json\/wp\/v2\/posts\/42390\/revisions"}],"predecessor-version":[{"id":42394,"href":"https:\/\/progettotouring.it\/radiotouring104\/wp-json\/wp\/v2\/posts\/42390\/revisions\/42394"}],"wp:featuredmedia":[{"embeddable":true,"href":"https:\/\/progettotouring.it\/radiotouring104\/wp-json\/wp\/v2\/media\/42391"}],"wp:attachment":[{"href":"https:\/\/progettotouring.it\/radiotouring104\/wp-json\/wp\/v2\/media?parent=42390"}],"wp:term":[{"taxonomy":"category","embeddable":true,"href":"https:\/\/progettotouring.it\/radiotouring104\/wp-json\/wp\/v2\/categories?post=42390"},{"taxonomy":"post_tag","embeddable":true,"href":"https:\/\/progettotouring.it\/radiotouring104\/wp-json\/wp\/v2\/tags?post=42390"}],"curies":[{"name":"wp","href":"https:\/\/api.w.org\/{rel}","templated":true}]}}