{"id":42395,"date":"2024-01-11T09:49:15","date_gmt":"2024-01-11T08:49:15","guid":{"rendered":"https:\/\/progettotouring.it\/radiotouring104\/?p=42395"},"modified":"2024-01-11T09:49:15","modified_gmt":"2024-01-11T08:49:15","slug":"falcomata-il-ponte-sullo-stretto-deve-essere-un-tassello-in-un-sistema-intermodale-piu-complesso","status":"publish","type":"post","link":"https:\/\/progettotouring.it\/radiotouring104\/2024\/01\/11\/falcomata-il-ponte-sullo-stretto-deve-essere-un-tassello-in-un-sistema-intermodale-piu-complesso\/","title":{"rendered":"Falcomat\u00e0: &#8220;Il Ponte sullo Stretto deve essere un tassello in un sistema intermodale pi\u00f9 complesso&#8221;"},"content":{"rendered":"<div style=\"text-align: justify\"><em>\u201c\u00c8 un\u2019occasione di confronto per la quale ringrazio l\u2019Universit\u00e0 Mediterranea e il magnifico rettore Zimbalatti, l\u2019ordine degli ingegneri, con il presidente Foti. E\u2019 anche l\u2019occasione per ribadire il ruolo che, rispetto alla tematica del Ponte sullo Stretto, vogliono recitare la Citt\u00e0 Metropolitana e il Comune di Reggio Calabria, sicuramente non un ruolo da spettatore ma di protagonista, nella piena consapevolezza che il Ponte \u00e8 un tassello, un elemento all\u2019interno di un sistema intermodale pi\u00f9 complesso\u201d<\/em><strong>. Cos\u00ec il sindaco<\/strong> metropolitano di Reggio Calabria, Giuseppe <strong>Falcomat\u00e0, intervenendo<\/strong> oggi nell\u2019aula magna della facolt\u00e0 di Ingegneria dell\u2019Universit\u00e0 Mediterranea,<strong> al convegno<\/strong><em> \u2018Palermo\/Helsinki: il corridoio con il Ponte sullo Stretto per lo sviluppo sostenibile del Mezzogiorno d\u2019Europa<\/em>\u201d<strong> presenti il Viceministro<\/strong> delle Infrastrutture e dei Trasporti<strong> Edoardo Rixi,<\/strong> il presidente di RfI <strong>Dario Lo Bosco,<\/strong> l\u2019amministratore delegato della societ\u00e0 Stretto di Messina<strong> Pietro Ciucci.<\/strong> L\u2019evento \u00e8 stato organizzato dall\u2019Ordine degli ingegneri della Provincia di Reggio Calabria e dall&#8217;Universit\u00e0 degli Studi Mediterranea ed ha registrato, tra gli altri, l\u2019intervento in \u2018remoto\u2019 del ministro delle Infrastrutture e Trasporti <strong>Matteo Salvini.<\/strong><\/div>\n<div style=\"text-align: justify\"><\/div>\n<div style=\"text-align: justify\"><em>\u201cRendere i territori protagonisti<\/em> <strong>\u2013 ha aggiunto Falcomat\u00e0<\/strong> &#8211; <em>significa discutere di tutto quello che c\u2019\u00e8, insieme ed intorno al Ponte sullo Stretto, ossia gli aeroporti, i porti, la rete ferroviaria, quindi l\u2019alta velocit\u00e0, la rete stradale, nella Citt\u00e0 metropolitana che \u00e8 la pi\u00f9 piccola come numero di abitanti, ma la quarta come estensione territoriale. Il Ponte sullo Stretto deve essere l\u2019occasione anche per ridurre le distanze e l\u2019isolamento con il completamento e la realizzazione di una rete autostradale, all\u2019interno del territorio metropolitano finalmente moderna\u201d.<\/em><\/div>\n<div style=\"text-align: justify\"><\/div>\n<div style=\"text-align: justify\"><em>\u201cAbbiamo anche ribadito<\/em> <strong>\u2013 ha evidenziato il primo cittadino<\/strong> &#8211; <em>il nostro rammarico per il fatto che parte delle risorse per la realizzazione del Ponte, circa 800 milioni di euro, saranno prelevate dalle risorse per il Fondo sviluppo e coesione. Risorse aggiuntive che nella propria programmazione lo Stato, attraverso l\u2019Unione Europea, stanzia e che devono essere non sostitutive delle risorse ordinarie ma aggiuntive per andare a colmare quel gap di sviluppo che c\u2019\u00e8 su alcuni territori del paese\u201d.<\/em><\/div>\n<div style=\"text-align: justify\"><\/div>\n<div><em>\u201cCi auguriamo \u2013<\/em> <strong>ha concluso Falcomat\u00e0<\/strong> &#8211; <em>che questa decisione possa essere rivista e che gli 800 milioni che sono marginali rispetto al quantitativo totale per la realizzazione del Ponte, ma sono fondamentali per le attivit\u00e0 di coesione sui territori, possano essere restituiti al loro naturale indirizzo\u201d.<\/em><\/p>\n<div style=\"text-align: justify\"><\/div>\n<\/div>\n","protected":false},"excerpt":{"rendered":"<p>\u201c\u00c8 un\u2019occasione di confronto per la quale ringrazio l\u2019Universit\u00e0 Mediterranea e il magnifico rettore Zimbalatti, l\u2019ordine degli ingegneri, con il presidente Foti. E\u2019 anche l\u2019occasione per ribadire il ruolo che,&hellip;<\/p>\n","protected":false},"author":12,"featured_media":42396,"comment_status":"closed","ping_status":"open","sticky":false,"template":"","format":"standard","meta":{"_jetpack_memberships_contains_paid_content":false,"footnotes":"","jetpack_publicize_message":"","jetpack_publicize_feature_enabled":true,"jetpack_social_post_already_shared":false,"jetpack_social_options":{"image_generator_settings":{"template":"highway","default_image_id":0,"font":"","enabled":false},"version":2}},"categories":[921,196,140],"tags":[16552,26209,26122,6230,812,4355,369],"class_list":["post-42395","post","type-post","status-publish","format-standard","has-post-thumbnail","hentry","category-home","category-news","category-reggio-calabria","tag-ad-pietro-ciucci","tag-convegno-palermo-helsinki-il-corridoio-con-il-ponte-sullo-stretto-per-lo-sviluppo-sostenibile-del-mezzogiorno-deuropa","tag-dario-lo-bosco","tag-edoardo-rixi","tag-giuseppe-falcomata","tag-ponte-sullo-stretto","tag-universita-mediterranea"],"yoast_head":"<!-- This site is optimized with the Yoast SEO plugin v27.2 - https:\/\/yoast.com\/product\/yoast-seo-wordpress\/ -->\n<title>Falcomat\u00e0: &quot;Ponte sia tassello sistema intermodale pi\u00f9 complesso&quot;<\/title>\n<meta name=\"description\" content=\"Il Sindaco ha partecipato al convegno \u2018Palermo\/Helsinki: corridoio con il Ponte per lo sviluppo sostenibile del Mezzogiorno d\u2019Europa\u201d.\" \/>\n<meta name=\"robots\" content=\"index, follow, max-snippet:-1, max-image-preview:large, max-video-preview:-1\" \/>\n<link rel=\"canonical\" href=\"https:\/\/progettotouring.it\/radiotouring104\/2024\/01\/11\/falcomata-il-ponte-sullo-stretto-deve-essere-un-tassello-in-un-sistema-intermodale-piu-complesso\/\" \/>\n<meta property=\"og:locale\" content=\"it_IT\" \/>\n<meta property=\"og:type\" content=\"article\" \/>\n<meta property=\"og:title\" content=\"Falcomat\u00e0: &quot;Ponte sia tassello sistema intermodale pi\u00f9 complesso&quot;\" \/>\n<meta property=\"og:description\" content=\"Il Sindaco ha partecipato al convegno \u2018Palermo\/Helsinki: corridoio con il Ponte per lo sviluppo sostenibile del Mezzogiorno d\u2019Europa\u201d.\" \/>\n<meta property=\"og:url\" content=\"https:\/\/progettotouring.it\/radiotouring104\/2024\/01\/11\/falcomata-il-ponte-sullo-stretto-deve-essere-un-tassello-in-un-sistema-intermodale-piu-complesso\/\" \/>\n<meta property=\"og:site_name\" content=\"Radio Touring 104\" \/>\n<meta property=\"article:published_time\" content=\"2024-01-11T08:49:15+00:00\" \/>\n<meta property=\"og:image\" content=\"https:\/\/progettotouring.it\/radiotouring104\/wp-content\/uploads\/sites\/6\/2024\/01\/falcomata-convegno-Ponte-Mediterranea.jpeg\" \/>\n\t<meta property=\"og:image:width\" content=\"2016\" \/>\n\t<meta property=\"og:image:height\" content=\"1134\" \/>\n\t<meta property=\"og:image:type\" content=\"image\/jpeg\" \/>\n<meta name=\"author\" content=\"Sebastiano Plutino\" \/>\n<meta name=\"twitter:card\" content=\"summary_large_image\" \/>\n<meta name=\"twitter:label1\" content=\"Scritto da\" \/>\n\t<meta name=\"twitter:data1\" content=\"Sebastiano Plutino\" \/>\n\t<meta name=\"twitter:label2\" content=\"Tempo di lettura stimato\" \/>\n\t<meta name=\"twitter:data2\" content=\"2 minuti\" \/>\n<script type=\"application\/ld+json\" class=\"yoast-schema-graph\">{\"@context\":\"https:\/\/schema.org\",\"@graph\":[{\"@type\":\"Article\",\"@id\":\"https:\/\/progettotouring.it\/radiotouring104\/2024\/01\/11\/falcomata-il-ponte-sullo-stretto-deve-essere-un-tassello-in-un-sistema-intermodale-piu-complesso\/#article\",\"isPartOf\":{\"@id\":\"https:\/\/progettotouring.it\/radiotouring104\/2024\/01\/11\/falcomata-il-ponte-sullo-stretto-deve-essere-un-tassello-in-un-sistema-intermodale-piu-complesso\/\"},\"author\":{\"name\":\"Sebastiano Plutino\",\"@id\":\"https:\/\/progettotouring.it\/radiotouring104\/#\/schema\/person\/78613917f1851f041f7483f5af1d422e\"},\"headline\":\"Falcomat\u00e0: &#8220;Il Ponte sullo Stretto deve essere un tassello in un sistema intermodale pi\u00f9 complesso&#8221;\",\"datePublished\":\"2024-01-11T08:49:15+00:00\",\"mainEntityOfPage\":{\"@id\":\"https:\/\/progettotouring.it\/radiotouring104\/2024\/01\/11\/falcomata-il-ponte-sullo-stretto-deve-essere-un-tassello-in-un-sistema-intermodale-piu-complesso\/\"},\"wordCount\":405,\"publisher\":{\"@id\":\"https:\/\/progettotouring.it\/radiotouring104\/#organization\"},\"image\":{\"@id\":\"https:\/\/progettotouring.it\/radiotouring104\/2024\/01\/11\/falcomata-il-ponte-sullo-stretto-deve-essere-un-tassello-in-un-sistema-intermodale-piu-complesso\/#primaryimage\"},\"thumbnailUrl\":\"https:\/\/progettotouring.it\/radiotouring104\/wp-content\/uploads\/sites\/6\/2024\/01\/falcomata-convegno-Ponte-Mediterranea.jpeg\",\"keywords\":[\"ad Pietro Ciucci\",\"convegno \u2018Palermo\/Helsinki: il corridoio con il Ponte sullo Stretto per lo sviluppo sostenibile del Mezzogiorno d\u2019Europa\u201d\",\"Dario Lo Bosco\",\"Edoardo Rixi\",\"Giuseppe Falcomat\u00e0\",\"Ponte sullo stretto\",\"universit\u00e0 mediterranea\"],\"articleSection\":[\"Home\",\"News\",\"Reggio Calabria\"],\"inLanguage\":\"it-IT\"},{\"@type\":\"WebPage\",\"@id\":\"https:\/\/progettotouring.it\/radiotouring104\/2024\/01\/11\/falcomata-il-ponte-sullo-stretto-deve-essere-un-tassello-in-un-sistema-intermodale-piu-complesso\/\",\"url\":\"https:\/\/progettotouring.it\/radiotouring104\/2024\/01\/11\/falcomata-il-ponte-sullo-stretto-deve-essere-un-tassello-in-un-sistema-intermodale-piu-complesso\/\",\"name\":\"Falcomat\u00e0: \\\"Ponte sia tassello sistema intermodale pi\u00f9 complesso\\\"\",\"isPartOf\":{\"@id\":\"https:\/\/progettotouring.it\/radiotouring104\/#website\"},\"primaryImageOfPage\":{\"@id\":\"https:\/\/progettotouring.it\/radiotouring104\/2024\/01\/11\/falcomata-il-ponte-sullo-stretto-deve-essere-un-tassello-in-un-sistema-intermodale-piu-complesso\/#primaryimage\"},\"image\":{\"@id\":\"https:\/\/progettotouring.it\/radiotouring104\/2024\/01\/11\/falcomata-il-ponte-sullo-stretto-deve-essere-un-tassello-in-un-sistema-intermodale-piu-complesso\/#primaryimage\"},\"thumbnailUrl\":\"https:\/\/progettotouring.it\/radiotouring104\/wp-content\/uploads\/sites\/6\/2024\/01\/falcomata-convegno-Ponte-Mediterranea.jpeg\",\"datePublished\":\"2024-01-11T08:49:15+00:00\",\"description\":\"Il Sindaco ha partecipato al convegno \u2018Palermo\/Helsinki: corridoio con il Ponte per lo sviluppo sostenibile del Mezzogiorno d\u2019Europa\u201d.\",\"breadcrumb\":{\"@id\":\"https:\/\/progettotouring.it\/radiotouring104\/2024\/01\/11\/falcomata-il-ponte-sullo-stretto-deve-essere-un-tassello-in-un-sistema-intermodale-piu-complesso\/#breadcrumb\"},\"inLanguage\":\"it-IT\",\"potentialAction\":[{\"@type\":\"ReadAction\",\"target\":[\"https:\/\/progettotouring.it\/radiotouring104\/2024\/01\/11\/falcomata-il-ponte-sullo-stretto-deve-essere-un-tassello-in-un-sistema-intermodale-piu-complesso\/\"]}]},{\"@type\":\"ImageObject\",\"inLanguage\":\"it-IT\",\"@id\":\"https:\/\/progettotouring.it\/radiotouring104\/2024\/01\/11\/falcomata-il-ponte-sullo-stretto-deve-essere-un-tassello-in-un-sistema-intermodale-piu-complesso\/#primaryimage\",\"url\":\"https:\/\/progettotouring.it\/radiotouring104\/wp-content\/uploads\/sites\/6\/2024\/01\/falcomata-convegno-Ponte-Mediterranea.jpeg\",\"contentUrl\":\"https:\/\/progettotouring.it\/radiotouring104\/wp-content\/uploads\/sites\/6\/2024\/01\/falcomata-convegno-Ponte-Mediterranea.jpeg\",\"width\":2016,\"height\":1134},{\"@type\":\"BreadcrumbList\",\"@id\":\"https:\/\/progettotouring.it\/radiotouring104\/2024\/01\/11\/falcomata-il-ponte-sullo-stretto-deve-essere-un-tassello-in-un-sistema-intermodale-piu-complesso\/#breadcrumb\",\"itemListElement\":[{\"@type\":\"ListItem\",\"position\":1,\"name\":\"Home\",\"item\":\"https:\/\/progettotouring.it\/radiotouring104\/\"},{\"@type\":\"ListItem\",\"position\":2,\"name\":\"Falcomat\u00e0: &#8220;Il Ponte sullo Stretto deve essere un tassello in un sistema intermodale pi\u00f9 complesso&#8221;\"}]},{\"@type\":\"WebSite\",\"@id\":\"https:\/\/progettotouring.it\/radiotouring104\/#website\",\"url\":\"https:\/\/progettotouring.it\/radiotouring104\/\",\"name\":\"Radio Touring 104\",\"description\":\"La prima radio Reggina\",\"publisher\":{\"@id\":\"https:\/\/progettotouring.it\/radiotouring104\/#organization\"},\"potentialAction\":[{\"@type\":\"SearchAction\",\"target\":{\"@type\":\"EntryPoint\",\"urlTemplate\":\"https:\/\/progettotouring.it\/radiotouring104\/?s={search_term_string}\"},\"query-input\":{\"@type\":\"PropertyValueSpecification\",\"valueRequired\":true,\"valueName\":\"search_term_string\"}}],\"inLanguage\":\"it-IT\"},{\"@type\":\"Organization\",\"@id\":\"https:\/\/progettotouring.it\/radiotouring104\/#organization\",\"name\":\"Radio Touring 104\",\"url\":\"https:\/\/progettotouring.it\/radiotouring104\/\",\"logo\":{\"@type\":\"ImageObject\",\"inLanguage\":\"it-IT\",\"@id\":\"https:\/\/progettotouring.it\/radiotouring104\/#\/schema\/logo\/image\/\",\"url\":\"https:\/\/progettotouring.it\/radiotouring104\/wp-content\/uploads\/sites\/6\/2022\/02\/cropped-logo-radio-touring-104.png\",\"contentUrl\":\"https:\/\/progettotouring.it\/radiotouring104\/wp-content\/uploads\/sites\/6\/2022\/02\/cropped-logo-radio-touring-104.png\",\"width\":377,\"height\":182,\"caption\":\"Radio Touring 104\"},\"image\":{\"@id\":\"https:\/\/progettotouring.it\/radiotouring104\/#\/schema\/logo\/image\/\"}},{\"@type\":\"Person\",\"@id\":\"https:\/\/progettotouring.it\/radiotouring104\/#\/schema\/person\/78613917f1851f041f7483f5af1d422e\",\"name\":\"Sebastiano Plutino\",\"image\":{\"@type\":\"ImageObject\",\"inLanguage\":\"it-IT\",\"@id\":\"https:\/\/secure.gravatar.com\/avatar\/0546ffaa9b79224faf9f2a156b67a529ae861d3287c66c1d8ccfdf909bcba78d?s=96&d=mm&r=g\",\"url\":\"https:\/\/secure.gravatar.com\/avatar\/0546ffaa9b79224faf9f2a156b67a529ae861d3287c66c1d8ccfdf909bcba78d?s=96&d=mm&r=g\",\"contentUrl\":\"https:\/\/secure.gravatar.com\/avatar\/0546ffaa9b79224faf9f2a156b67a529ae861d3287c66c1d8ccfdf909bcba78d?s=96&d=mm&r=g\",\"caption\":\"Sebastiano Plutino\"},\"url\":\"https:\/\/progettotouring.it\/radiotouring104\/author\/sebastiano\/\"}]}<\/script>\n<!-- \/ Yoast SEO plugin. -->","yoast_head_json":{"title":"Falcomat\u00e0: \"Ponte sia tassello sistema intermodale pi\u00f9 complesso\"","description":"Il Sindaco ha partecipato al convegno \u2018Palermo\/Helsinki: corridoio con il Ponte per lo sviluppo sostenibile del Mezzogiorno d\u2019Europa\u201d.","robots":{"index":"index","follow":"follow","max-snippet":"max-snippet:-1","max-image-preview":"max-image-preview:large","max-video-preview":"max-video-preview:-1"},"canonical":"https:\/\/progettotouring.it\/radiotouring104\/2024\/01\/11\/falcomata-il-ponte-sullo-stretto-deve-essere-un-tassello-in-un-sistema-intermodale-piu-complesso\/","og_locale":"it_IT","og_type":"article","og_title":"Falcomat\u00e0: \"Ponte sia tassello sistema intermodale pi\u00f9 complesso\"","og_description":"Il Sindaco ha partecipato al convegno \u2018Palermo\/Helsinki: corridoio con il Ponte per lo sviluppo sostenibile del Mezzogiorno d\u2019Europa\u201d.","og_url":"https:\/\/progettotouring.it\/radiotouring104\/2024\/01\/11\/falcomata-il-ponte-sullo-stretto-deve-essere-un-tassello-in-un-sistema-intermodale-piu-complesso\/","og_site_name":"Radio Touring 104","article_published_time":"2024-01-11T08:49:15+00:00","og_image":[{"width":2016,"height":1134,"url":"https:\/\/progettotouring.it\/radiotouring104\/wp-content\/uploads\/sites\/6\/2024\/01\/falcomata-convegno-Ponte-Mediterranea.jpeg","type":"image\/jpeg"}],"author":"Sebastiano Plutino","twitter_card":"summary_large_image","twitter_misc":{"Scritto da":"Sebastiano Plutino","Tempo di lettura stimato":"2 minuti"},"schema":{"@context":"https:\/\/schema.org","@graph":[{"@type":"Article","@id":"https:\/\/progettotouring.it\/radiotouring104\/2024\/01\/11\/falcomata-il-ponte-sullo-stretto-deve-essere-un-tassello-in-un-sistema-intermodale-piu-complesso\/#article","isPartOf":{"@id":"https:\/\/progettotouring.it\/radiotouring104\/2024\/01\/11\/falcomata-il-ponte-sullo-stretto-deve-essere-un-tassello-in-un-sistema-intermodale-piu-complesso\/"},"author":{"name":"Sebastiano Plutino","@id":"https:\/\/progettotouring.it\/radiotouring104\/#\/schema\/person\/78613917f1851f041f7483f5af1d422e"},"headline":"Falcomat\u00e0: &#8220;Il Ponte sullo Stretto deve essere un tassello in un sistema intermodale pi\u00f9 complesso&#8221;","datePublished":"2024-01-11T08:49:15+00:00","mainEntityOfPage":{"@id":"https:\/\/progettotouring.it\/radiotouring104\/2024\/01\/11\/falcomata-il-ponte-sullo-stretto-deve-essere-un-tassello-in-un-sistema-intermodale-piu-complesso\/"},"wordCount":405,"publisher":{"@id":"https:\/\/progettotouring.it\/radiotouring104\/#organization"},"image":{"@id":"https:\/\/progettotouring.it\/radiotouring104\/2024\/01\/11\/falcomata-il-ponte-sullo-stretto-deve-essere-un-tassello-in-un-sistema-intermodale-piu-complesso\/#primaryimage"},"thumbnailUrl":"https:\/\/progettotouring.it\/radiotouring104\/wp-content\/uploads\/sites\/6\/2024\/01\/falcomata-convegno-Ponte-Mediterranea.jpeg","keywords":["ad Pietro Ciucci","convegno \u2018Palermo\/Helsinki: il corridoio con il Ponte sullo Stretto per lo sviluppo sostenibile del Mezzogiorno d\u2019Europa\u201d","Dario Lo Bosco","Edoardo Rixi","Giuseppe Falcomat\u00e0","Ponte sullo stretto","universit\u00e0 mediterranea"],"articleSection":["Home","News","Reggio Calabria"],"inLanguage":"it-IT"},{"@type":"WebPage","@id":"https:\/\/progettotouring.it\/radiotouring104\/2024\/01\/11\/falcomata-il-ponte-sullo-stretto-deve-essere-un-tassello-in-un-sistema-intermodale-piu-complesso\/","url":"https:\/\/progettotouring.it\/radiotouring104\/2024\/01\/11\/falcomata-il-ponte-sullo-stretto-deve-essere-un-tassello-in-un-sistema-intermodale-piu-complesso\/","name":"Falcomat\u00e0: \"Ponte sia tassello sistema intermodale pi\u00f9 complesso\"","isPartOf":{"@id":"https:\/\/progettotouring.it\/radiotouring104\/#website"},"primaryImageOfPage":{"@id":"https:\/\/progettotouring.it\/radiotouring104\/2024\/01\/11\/falcomata-il-ponte-sullo-stretto-deve-essere-un-tassello-in-un-sistema-intermodale-piu-complesso\/#primaryimage"},"image":{"@id":"https:\/\/progettotouring.it\/radiotouring104\/2024\/01\/11\/falcomata-il-ponte-sullo-stretto-deve-essere-un-tassello-in-un-sistema-intermodale-piu-complesso\/#primaryimage"},"thumbnailUrl":"https:\/\/progettotouring.it\/radiotouring104\/wp-content\/uploads\/sites\/6\/2024\/01\/falcomata-convegno-Ponte-Mediterranea.jpeg","datePublished":"2024-01-11T08:49:15+00:00","description":"Il Sindaco ha partecipato al convegno \u2018Palermo\/Helsinki: corridoio con il Ponte per lo sviluppo sostenibile del Mezzogiorno d\u2019Europa\u201d.","breadcrumb":{"@id":"https:\/\/progettotouring.it\/radiotouring104\/2024\/01\/11\/falcomata-il-ponte-sullo-stretto-deve-essere-un-tassello-in-un-sistema-intermodale-piu-complesso\/#breadcrumb"},"inLanguage":"it-IT","potentialAction":[{"@type":"ReadAction","target":["https:\/\/progettotouring.it\/radiotouring104\/2024\/01\/11\/falcomata-il-ponte-sullo-stretto-deve-essere-un-tassello-in-un-sistema-intermodale-piu-complesso\/"]}]},{"@type":"ImageObject","inLanguage":"it-IT","@id":"https:\/\/progettotouring.it\/radiotouring104\/2024\/01\/11\/falcomata-il-ponte-sullo-stretto-deve-essere-un-tassello-in-un-sistema-intermodale-piu-complesso\/#primaryimage","url":"https:\/\/progettotouring.it\/radiotouring104\/wp-content\/uploads\/sites\/6\/2024\/01\/falcomata-convegno-Ponte-Mediterranea.jpeg","contentUrl":"https:\/\/progettotouring.it\/radiotouring104\/wp-content\/uploads\/sites\/6\/2024\/01\/falcomata-convegno-Ponte-Mediterranea.jpeg","width":2016,"height":1134},{"@type":"BreadcrumbList","@id":"https:\/\/progettotouring.it\/radiotouring104\/2024\/01\/11\/falcomata-il-ponte-sullo-stretto-deve-essere-un-tassello-in-un-sistema-intermodale-piu-complesso\/#breadcrumb","itemListElement":[{"@type":"ListItem","position":1,"name":"Home","item":"https:\/\/progettotouring.it\/radiotouring104\/"},{"@type":"ListItem","position":2,"name":"Falcomat\u00e0: &#8220;Il Ponte sullo Stretto deve essere un tassello in un sistema intermodale pi\u00f9 complesso&#8221;"}]},{"@type":"WebSite","@id":"https:\/\/progettotouring.it\/radiotouring104\/#website","url":"https:\/\/progettotouring.it\/radiotouring104\/","name":"Radio Touring 104","description":"La prima radio Reggina","publisher":{"@id":"https:\/\/progettotouring.it\/radiotouring104\/#organization"},"potentialAction":[{"@type":"SearchAction","target":{"@type":"EntryPoint","urlTemplate":"https:\/\/progettotouring.it\/radiotouring104\/?s={search_term_string}"},"query-input":{"@type":"PropertyValueSpecification","valueRequired":true,"valueName":"search_term_string"}}],"inLanguage":"it-IT"},{"@type":"Organization","@id":"https:\/\/progettotouring.it\/radiotouring104\/#organization","name":"Radio Touring 104","url":"https:\/\/progettotouring.it\/radiotouring104\/","logo":{"@type":"ImageObject","inLanguage":"it-IT","@id":"https:\/\/progettotouring.it\/radiotouring104\/#\/schema\/logo\/image\/","url":"https:\/\/progettotouring.it\/radiotouring104\/wp-content\/uploads\/sites\/6\/2022\/02\/cropped-logo-radio-touring-104.png","contentUrl":"https:\/\/progettotouring.it\/radiotouring104\/wp-content\/uploads\/sites\/6\/2022\/02\/cropped-logo-radio-touring-104.png","width":377,"height":182,"caption":"Radio Touring 104"},"image":{"@id":"https:\/\/progettotouring.it\/radiotouring104\/#\/schema\/logo\/image\/"}},{"@type":"Person","@id":"https:\/\/progettotouring.it\/radiotouring104\/#\/schema\/person\/78613917f1851f041f7483f5af1d422e","name":"Sebastiano Plutino","image":{"@type":"ImageObject","inLanguage":"it-IT","@id":"https:\/\/secure.gravatar.com\/avatar\/0546ffaa9b79224faf9f2a156b67a529ae861d3287c66c1d8ccfdf909bcba78d?s=96&d=mm&r=g","url":"https:\/\/secure.gravatar.com\/avatar\/0546ffaa9b79224faf9f2a156b67a529ae861d3287c66c1d8ccfdf909bcba78d?s=96&d=mm&r=g","contentUrl":"https:\/\/secure.gravatar.com\/avatar\/0546ffaa9b79224faf9f2a156b67a529ae861d3287c66c1d8ccfdf909bcba78d?s=96&d=mm&r=g","caption":"Sebastiano Plutino"},"url":"https:\/\/progettotouring.it\/radiotouring104\/author\/sebastiano\/"}]}},"jetpack_publicize_connections":[],"jetpack_featured_media_url":"https:\/\/progettotouring.it\/radiotouring104\/wp-content\/uploads\/sites\/6\/2024\/01\/falcomata-convegno-Ponte-Mediterranea.jpeg","jetpack_sharing_enabled":true,"_links":{"self":[{"href":"https:\/\/progettotouring.it\/radiotouring104\/wp-json\/wp\/v2\/posts\/42395","targetHints":{"allow":["GET"]}}],"collection":[{"href":"https:\/\/progettotouring.it\/radiotouring104\/wp-json\/wp\/v2\/posts"}],"about":[{"href":"https:\/\/progettotouring.it\/radiotouring104\/wp-json\/wp\/v2\/types\/post"}],"author":[{"embeddable":true,"href":"https:\/\/progettotouring.it\/radiotouring104\/wp-json\/wp\/v2\/users\/12"}],"replies":[{"embeddable":true,"href":"https:\/\/progettotouring.it\/radiotouring104\/wp-json\/wp\/v2\/comments?post=42395"}],"version-history":[{"count":1,"href":"https:\/\/progettotouring.it\/radiotouring104\/wp-json\/wp\/v2\/posts\/42395\/revisions"}],"predecessor-version":[{"id":42397,"href":"https:\/\/progettotouring.it\/radiotouring104\/wp-json\/wp\/v2\/posts\/42395\/revisions\/42397"}],"wp:featuredmedia":[{"embeddable":true,"href":"https:\/\/progettotouring.it\/radiotouring104\/wp-json\/wp\/v2\/media\/42396"}],"wp:attachment":[{"href":"https:\/\/progettotouring.it\/radiotouring104\/wp-json\/wp\/v2\/media?parent=42395"}],"wp:term":[{"taxonomy":"category","embeddable":true,"href":"https:\/\/progettotouring.it\/radiotouring104\/wp-json\/wp\/v2\/categories?post=42395"},{"taxonomy":"post_tag","embeddable":true,"href":"https:\/\/progettotouring.it\/radiotouring104\/wp-json\/wp\/v2\/tags?post=42395"}],"curies":[{"name":"wp","href":"https:\/\/api.w.org\/{rel}","templated":true}]}}