{"id":42398,"date":"2024-01-11T10:01:29","date_gmt":"2024-01-11T09:01:29","guid":{"rendered":"https:\/\/progettotouring.it\/radiotouring104\/?p=42398"},"modified":"2024-01-11T10:42:43","modified_gmt":"2024-01-11T09:42:43","slug":"vicesindaco-versace-al-viceministro-rixi-poste-allattenzione-importanti-realta-infrastrutturali-del-territorio-metropolitano","status":"publish","type":"post","link":"https:\/\/progettotouring.it\/radiotouring104\/2024\/01\/11\/vicesindaco-versace-al-viceministro-rixi-poste-allattenzione-importanti-realta-infrastrutturali-del-territorio-metropolitano\/","title":{"rendered":"Vicesindaco Versace al Viceministro Rixi: &#8220;Poste all&#8217;attenzione importanti realt\u00e0 infrastrutturali del territorio metropolitano&#8221;"},"content":{"rendered":"<p style=\"text-align: justify\">Il vicesindaco metropolitano, Carmelo Versace, ha incontrato il viceministro per i Trasporti, Edoardo Rixi, a margine dell\u2019iniziativa promossa dal presidente di Confindustria Reggio, Domenico Vecchio, alla presenza del presidente di Rfi, Dario Lo Bosco.<\/p>\n<p style=\"text-align: justify\"><em>\u00abAbbiamo raccolto l\u2019impegno del viceministro Rixi \u2013<\/em> ha detto Versace \u2013 <em>ad affrontare e provare a formalizzare l\u2019acquisizione delle trasversali metropolitane, dalla Sp1 alla Sp12, da parte di Anas. Da tempo, infatti, un protocollo specifico, che vede anche il coinvolgimento della Regione, giace sulle scrivanie del dicastero in attesa di una firma che consentirebbe una gestione pi\u00f9 adeguata dell\u2019asse viario del nostro comprensorio. Fino ad oggi, la Citt\u00e0 Metropolitana ha concentrato e sta continuando a concentrare il massimo sforzo per garantire sicurezza e percorribilit\u00e0 lungo i 2000 chilometri di strade ex provinciali, ma \u00e8 indubbio come la partecipazione diretta di Anas faciliterebbe un percorso di per s\u00e9 molto oneroso e difficile\u00bb.<\/em><\/p>\n<p style=\"text-align: justify\">Insieme all\u2019esponente di Governo, il numero due di Palazzo Alvaro ha affrontato altre questioni particolarmente rilevanti in tema di viabilit\u00e0 e accessibilit\u00e0 dell\u2019area metropolitana reggina: <em>\u00abNello specifico<\/em> \u2013 <strong>ha spiegato Versace<\/strong> \u2013 <em>superate le questioni relative alla realizzazione del Ponte sullo Stretto, abbiamo posto all\u2019attenzione del viceministro Rixi importanti realt\u00e0 inespresse sotto l\u2019aspetto infrastrutturale quali la Bovalino-Bagnara, la trasversale della Limina e, soprattutto, l\u2019Aeroporto dello Stretto che non ha ancora completamente superato quei vincoli che pongono in ostaggio i nostri concittadini. Nelle prossime settimane, sar\u00e0 calendarizzato un incontro a Roma con il sindaco Giuseppe Falcomat\u00e0 e, in quella sede, affronteremo i tanti nodi ancora irrisolti sul nostro territorio in tema di infrastrutture e trasporti\u00bb.<\/em><\/p>\n<p style=\"text-align: justify\"><em>\u00abIn particolare<\/em> \u2013<strong> ha concluso il vicesindaco Versace<\/strong> \u2013 <em>sull\u2019aeroporto \u201cTito Minniti\u201d, il viceministro Rixi ha ribadito l\u2019interesse da parte del ministero che sta valutando alcune soluzioni capaci di far ripartire un\u2019aerostazione fondamentale per la crescita e lo sviluppo dell\u2019area che raccoglie l\u2019utenza reggina e quella della dirimpettaia Messina. Sulla questione continueremo a tenere alta la guardia proprio per l\u2019importanza strategica che riveste uno scalo che ha tutte le potenzialit\u00e0 per affermarsi sul territorio nazionale\u00bb.<\/em><\/p>\n<div><\/div>\n<div><\/div>\n","protected":false},"excerpt":{"rendered":"<p>Il vicesindaco metropolitano, Carmelo Versace, ha incontrato il viceministro per i Trasporti, Edoardo Rixi, a margine dell\u2019iniziativa promossa dal presidente di Confindustria Reggio, Domenico Vecchio, alla presenza del presidente di&hellip;<\/p>\n","protected":false},"author":12,"featured_media":42412,"comment_status":"closed","ping_status":"open","sticky":false,"template":"","format":"standard","meta":{"_jetpack_memberships_contains_paid_content":false,"footnotes":"","jetpack_publicize_message":"","jetpack_publicize_feature_enabled":true,"jetpack_social_post_already_shared":false,"jetpack_social_options":{"image_generator_settings":{"template":"highway","default_image_id":0,"font":"","enabled":false},"version":2}},"categories":[921,196,140],"tags":[22986,6230,4355,26210],"class_list":["post-42398","post","type-post","status-publish","format-standard","has-post-thumbnail","hentry","category-home","category-news","category-reggio-calabria","tag-avv-carmelo-versace","tag-edoardo-rixi","tag-ponte-sullo-stretto","tag-poste-realta-infrastrutturali-del-territorio"],"yoast_head":"<!-- This site is optimized with the Yoast SEO plugin v27.2 - https:\/\/yoast.com\/product\/yoast-seo-wordpress\/ -->\n<title>Versace a Rixi: &quot;Poste realt\u00e0 infrastrutturali del territorio&quot;<\/title>\n<meta name=\"description\" content=\"Nelle prossime settimana un incontro con il sindaco Giuseppe Falcomat\u00e0 per affrontare i nodi ancora irrisolti\" \/>\n<meta name=\"robots\" content=\"index, follow, max-snippet:-1, max-image-preview:large, max-video-preview:-1\" \/>\n<link rel=\"canonical\" href=\"https:\/\/progettotouring.it\/radiotouring104\/2024\/01\/11\/vicesindaco-versace-al-viceministro-rixi-poste-allattenzione-importanti-realta-infrastrutturali-del-territorio-metropolitano\/\" \/>\n<meta property=\"og:locale\" content=\"it_IT\" \/>\n<meta property=\"og:type\" content=\"article\" \/>\n<meta property=\"og:title\" content=\"Versace a Rixi: &quot;Poste realt\u00e0 infrastrutturali del territorio&quot;\" \/>\n<meta property=\"og:description\" content=\"Nelle prossime settimana un incontro con il sindaco Giuseppe Falcomat\u00e0 per affrontare i nodi ancora irrisolti\" \/>\n<meta property=\"og:url\" content=\"https:\/\/progettotouring.it\/radiotouring104\/2024\/01\/11\/vicesindaco-versace-al-viceministro-rixi-poste-allattenzione-importanti-realta-infrastrutturali-del-territorio-metropolitano\/\" \/>\n<meta property=\"og:site_name\" content=\"Radio Touring 104\" \/>\n<meta property=\"article:published_time\" content=\"2024-01-11T09:01:29+00:00\" \/>\n<meta property=\"article:modified_time\" content=\"2024-01-11T09:42:43+00:00\" \/>\n<meta property=\"og:image\" content=\"https:\/\/progettotouring.it\/radiotouring104\/wp-content\/uploads\/sites\/6\/2024\/01\/versace-rixi.jpeg\" \/>\n\t<meta property=\"og:image:width\" content=\"1600\" \/>\n\t<meta property=\"og:image:height\" content=\"1200\" \/>\n\t<meta property=\"og:image:type\" content=\"image\/jpeg\" \/>\n<meta name=\"author\" content=\"Sebastiano Plutino\" \/>\n<meta name=\"twitter:card\" content=\"summary_large_image\" \/>\n<meta name=\"twitter:label1\" content=\"Scritto da\" \/>\n\t<meta name=\"twitter:data1\" content=\"Sebastiano Plutino\" \/>\n\t<meta name=\"twitter:label2\" content=\"Tempo di lettura stimato\" \/>\n\t<meta name=\"twitter:data2\" content=\"2 minuti\" \/>\n<script type=\"application\/ld+json\" class=\"yoast-schema-graph\">{\"@context\":\"https:\/\/schema.org\",\"@graph\":[{\"@type\":\"Article\",\"@id\":\"https:\/\/progettotouring.it\/radiotouring104\/2024\/01\/11\/vicesindaco-versace-al-viceministro-rixi-poste-allattenzione-importanti-realta-infrastrutturali-del-territorio-metropolitano\/#article\",\"isPartOf\":{\"@id\":\"https:\/\/progettotouring.it\/radiotouring104\/2024\/01\/11\/vicesindaco-versace-al-viceministro-rixi-poste-allattenzione-importanti-realta-infrastrutturali-del-territorio-metropolitano\/\"},\"author\":{\"name\":\"Sebastiano Plutino\",\"@id\":\"https:\/\/progettotouring.it\/radiotouring104\/#\/schema\/person\/78613917f1851f041f7483f5af1d422e\"},\"headline\":\"Vicesindaco Versace al Viceministro Rixi: &#8220;Poste all&#8217;attenzione importanti realt\u00e0 infrastrutturali del territorio metropolitano&#8221;\",\"datePublished\":\"2024-01-11T09:01:29+00:00\",\"dateModified\":\"2024-01-11T09:42:43+00:00\",\"mainEntityOfPage\":{\"@id\":\"https:\/\/progettotouring.it\/radiotouring104\/2024\/01\/11\/vicesindaco-versace-al-viceministro-rixi-poste-allattenzione-importanti-realta-infrastrutturali-del-territorio-metropolitano\/\"},\"wordCount\":354,\"publisher\":{\"@id\":\"https:\/\/progettotouring.it\/radiotouring104\/#organization\"},\"image\":{\"@id\":\"https:\/\/progettotouring.it\/radiotouring104\/2024\/01\/11\/vicesindaco-versace-al-viceministro-rixi-poste-allattenzione-importanti-realta-infrastrutturali-del-territorio-metropolitano\/#primaryimage\"},\"thumbnailUrl\":\"https:\/\/progettotouring.it\/radiotouring104\/wp-content\/uploads\/sites\/6\/2024\/01\/versace-rixi.jpeg\",\"keywords\":[\"Avv. Carmelo Versace\",\"Edoardo Rixi\",\"Ponte sullo stretto\",\"Poste realt\u00e0 infrastrutturali del territorio\\\"\"],\"articleSection\":[\"Home\",\"News\",\"Reggio Calabria\"],\"inLanguage\":\"it-IT\"},{\"@type\":\"WebPage\",\"@id\":\"https:\/\/progettotouring.it\/radiotouring104\/2024\/01\/11\/vicesindaco-versace-al-viceministro-rixi-poste-allattenzione-importanti-realta-infrastrutturali-del-territorio-metropolitano\/\",\"url\":\"https:\/\/progettotouring.it\/radiotouring104\/2024\/01\/11\/vicesindaco-versace-al-viceministro-rixi-poste-allattenzione-importanti-realta-infrastrutturali-del-territorio-metropolitano\/\",\"name\":\"Versace a Rixi: \\\"Poste realt\u00e0 infrastrutturali del territorio\\\"\",\"isPartOf\":{\"@id\":\"https:\/\/progettotouring.it\/radiotouring104\/#website\"},\"primaryImageOfPage\":{\"@id\":\"https:\/\/progettotouring.it\/radiotouring104\/2024\/01\/11\/vicesindaco-versace-al-viceministro-rixi-poste-allattenzione-importanti-realta-infrastrutturali-del-territorio-metropolitano\/#primaryimage\"},\"image\":{\"@id\":\"https:\/\/progettotouring.it\/radiotouring104\/2024\/01\/11\/vicesindaco-versace-al-viceministro-rixi-poste-allattenzione-importanti-realta-infrastrutturali-del-territorio-metropolitano\/#primaryimage\"},\"thumbnailUrl\":\"https:\/\/progettotouring.it\/radiotouring104\/wp-content\/uploads\/sites\/6\/2024\/01\/versace-rixi.jpeg\",\"datePublished\":\"2024-01-11T09:01:29+00:00\",\"dateModified\":\"2024-01-11T09:42:43+00:00\",\"description\":\"Nelle prossime settimana un incontro con il sindaco Giuseppe Falcomat\u00e0 per affrontare i nodi ancora irrisolti\",\"breadcrumb\":{\"@id\":\"https:\/\/progettotouring.it\/radiotouring104\/2024\/01\/11\/vicesindaco-versace-al-viceministro-rixi-poste-allattenzione-importanti-realta-infrastrutturali-del-territorio-metropolitano\/#breadcrumb\"},\"inLanguage\":\"it-IT\",\"potentialAction\":[{\"@type\":\"ReadAction\",\"target\":[\"https:\/\/progettotouring.it\/radiotouring104\/2024\/01\/11\/vicesindaco-versace-al-viceministro-rixi-poste-allattenzione-importanti-realta-infrastrutturali-del-territorio-metropolitano\/\"]}]},{\"@type\":\"ImageObject\",\"inLanguage\":\"it-IT\",\"@id\":\"https:\/\/progettotouring.it\/radiotouring104\/2024\/01\/11\/vicesindaco-versace-al-viceministro-rixi-poste-allattenzione-importanti-realta-infrastrutturali-del-territorio-metropolitano\/#primaryimage\",\"url\":\"https:\/\/progettotouring.it\/radiotouring104\/wp-content\/uploads\/sites\/6\/2024\/01\/versace-rixi.jpeg\",\"contentUrl\":\"https:\/\/progettotouring.it\/radiotouring104\/wp-content\/uploads\/sites\/6\/2024\/01\/versace-rixi.jpeg\",\"width\":1600,\"height\":1200},{\"@type\":\"BreadcrumbList\",\"@id\":\"https:\/\/progettotouring.it\/radiotouring104\/2024\/01\/11\/vicesindaco-versace-al-viceministro-rixi-poste-allattenzione-importanti-realta-infrastrutturali-del-territorio-metropolitano\/#breadcrumb\",\"itemListElement\":[{\"@type\":\"ListItem\",\"position\":1,\"name\":\"Home\",\"item\":\"https:\/\/progettotouring.it\/radiotouring104\/\"},{\"@type\":\"ListItem\",\"position\":2,\"name\":\"Vicesindaco Versace al Viceministro Rixi: &#8220;Poste all&#8217;attenzione importanti realt\u00e0 infrastrutturali del territorio metropolitano&#8221;\"}]},{\"@type\":\"WebSite\",\"@id\":\"https:\/\/progettotouring.it\/radiotouring104\/#website\",\"url\":\"https:\/\/progettotouring.it\/radiotouring104\/\",\"name\":\"Radio Touring 104\",\"description\":\"La prima radio Reggina\",\"publisher\":{\"@id\":\"https:\/\/progettotouring.it\/radiotouring104\/#organization\"},\"potentialAction\":[{\"@type\":\"SearchAction\",\"target\":{\"@type\":\"EntryPoint\",\"urlTemplate\":\"https:\/\/progettotouring.it\/radiotouring104\/?s={search_term_string}\"},\"query-input\":{\"@type\":\"PropertyValueSpecification\",\"valueRequired\":true,\"valueName\":\"search_term_string\"}}],\"inLanguage\":\"it-IT\"},{\"@type\":\"Organization\",\"@id\":\"https:\/\/progettotouring.it\/radiotouring104\/#organization\",\"name\":\"Radio Touring 104\",\"url\":\"https:\/\/progettotouring.it\/radiotouring104\/\",\"logo\":{\"@type\":\"ImageObject\",\"inLanguage\":\"it-IT\",\"@id\":\"https:\/\/progettotouring.it\/radiotouring104\/#\/schema\/logo\/image\/\",\"url\":\"https:\/\/progettotouring.it\/radiotouring104\/wp-content\/uploads\/sites\/6\/2022\/02\/cropped-logo-radio-touring-104.png\",\"contentUrl\":\"https:\/\/progettotouring.it\/radiotouring104\/wp-content\/uploads\/sites\/6\/2022\/02\/cropped-logo-radio-touring-104.png\",\"width\":377,\"height\":182,\"caption\":\"Radio Touring 104\"},\"image\":{\"@id\":\"https:\/\/progettotouring.it\/radiotouring104\/#\/schema\/logo\/image\/\"}},{\"@type\":\"Person\",\"@id\":\"https:\/\/progettotouring.it\/radiotouring104\/#\/schema\/person\/78613917f1851f041f7483f5af1d422e\",\"name\":\"Sebastiano Plutino\",\"image\":{\"@type\":\"ImageObject\",\"inLanguage\":\"it-IT\",\"@id\":\"https:\/\/secure.gravatar.com\/avatar\/0546ffaa9b79224faf9f2a156b67a529ae861d3287c66c1d8ccfdf909bcba78d?s=96&d=mm&r=g\",\"url\":\"https:\/\/secure.gravatar.com\/avatar\/0546ffaa9b79224faf9f2a156b67a529ae861d3287c66c1d8ccfdf909bcba78d?s=96&d=mm&r=g\",\"contentUrl\":\"https:\/\/secure.gravatar.com\/avatar\/0546ffaa9b79224faf9f2a156b67a529ae861d3287c66c1d8ccfdf909bcba78d?s=96&d=mm&r=g\",\"caption\":\"Sebastiano Plutino\"},\"url\":\"https:\/\/progettotouring.it\/radiotouring104\/author\/sebastiano\/\"}]}<\/script>\n<!-- \/ Yoast SEO plugin. -->","yoast_head_json":{"title":"Versace a Rixi: \"Poste realt\u00e0 infrastrutturali del territorio\"","description":"Nelle prossime settimana un incontro con il sindaco Giuseppe Falcomat\u00e0 per affrontare i nodi ancora irrisolti","robots":{"index":"index","follow":"follow","max-snippet":"max-snippet:-1","max-image-preview":"max-image-preview:large","max-video-preview":"max-video-preview:-1"},"canonical":"https:\/\/progettotouring.it\/radiotouring104\/2024\/01\/11\/vicesindaco-versace-al-viceministro-rixi-poste-allattenzione-importanti-realta-infrastrutturali-del-territorio-metropolitano\/","og_locale":"it_IT","og_type":"article","og_title":"Versace a Rixi: \"Poste realt\u00e0 infrastrutturali del territorio\"","og_description":"Nelle prossime settimana un incontro con il sindaco Giuseppe Falcomat\u00e0 per affrontare i nodi ancora irrisolti","og_url":"https:\/\/progettotouring.it\/radiotouring104\/2024\/01\/11\/vicesindaco-versace-al-viceministro-rixi-poste-allattenzione-importanti-realta-infrastrutturali-del-territorio-metropolitano\/","og_site_name":"Radio Touring 104","article_published_time":"2024-01-11T09:01:29+00:00","article_modified_time":"2024-01-11T09:42:43+00:00","og_image":[{"width":1600,"height":1200,"url":"https:\/\/progettotouring.it\/radiotouring104\/wp-content\/uploads\/sites\/6\/2024\/01\/versace-rixi.jpeg","type":"image\/jpeg"}],"author":"Sebastiano Plutino","twitter_card":"summary_large_image","twitter_misc":{"Scritto da":"Sebastiano Plutino","Tempo di lettura stimato":"2 minuti"},"schema":{"@context":"https:\/\/schema.org","@graph":[{"@type":"Article","@id":"https:\/\/progettotouring.it\/radiotouring104\/2024\/01\/11\/vicesindaco-versace-al-viceministro-rixi-poste-allattenzione-importanti-realta-infrastrutturali-del-territorio-metropolitano\/#article","isPartOf":{"@id":"https:\/\/progettotouring.it\/radiotouring104\/2024\/01\/11\/vicesindaco-versace-al-viceministro-rixi-poste-allattenzione-importanti-realta-infrastrutturali-del-territorio-metropolitano\/"},"author":{"name":"Sebastiano Plutino","@id":"https:\/\/progettotouring.it\/radiotouring104\/#\/schema\/person\/78613917f1851f041f7483f5af1d422e"},"headline":"Vicesindaco Versace al Viceministro Rixi: &#8220;Poste all&#8217;attenzione importanti realt\u00e0 infrastrutturali del territorio metropolitano&#8221;","datePublished":"2024-01-11T09:01:29+00:00","dateModified":"2024-01-11T09:42:43+00:00","mainEntityOfPage":{"@id":"https:\/\/progettotouring.it\/radiotouring104\/2024\/01\/11\/vicesindaco-versace-al-viceministro-rixi-poste-allattenzione-importanti-realta-infrastrutturali-del-territorio-metropolitano\/"},"wordCount":354,"publisher":{"@id":"https:\/\/progettotouring.it\/radiotouring104\/#organization"},"image":{"@id":"https:\/\/progettotouring.it\/radiotouring104\/2024\/01\/11\/vicesindaco-versace-al-viceministro-rixi-poste-allattenzione-importanti-realta-infrastrutturali-del-territorio-metropolitano\/#primaryimage"},"thumbnailUrl":"https:\/\/progettotouring.it\/radiotouring104\/wp-content\/uploads\/sites\/6\/2024\/01\/versace-rixi.jpeg","keywords":["Avv. Carmelo Versace","Edoardo Rixi","Ponte sullo stretto","Poste realt\u00e0 infrastrutturali del territorio\""],"articleSection":["Home","News","Reggio Calabria"],"inLanguage":"it-IT"},{"@type":"WebPage","@id":"https:\/\/progettotouring.it\/radiotouring104\/2024\/01\/11\/vicesindaco-versace-al-viceministro-rixi-poste-allattenzione-importanti-realta-infrastrutturali-del-territorio-metropolitano\/","url":"https:\/\/progettotouring.it\/radiotouring104\/2024\/01\/11\/vicesindaco-versace-al-viceministro-rixi-poste-allattenzione-importanti-realta-infrastrutturali-del-territorio-metropolitano\/","name":"Versace a Rixi: \"Poste realt\u00e0 infrastrutturali del territorio\"","isPartOf":{"@id":"https:\/\/progettotouring.it\/radiotouring104\/#website"},"primaryImageOfPage":{"@id":"https:\/\/progettotouring.it\/radiotouring104\/2024\/01\/11\/vicesindaco-versace-al-viceministro-rixi-poste-allattenzione-importanti-realta-infrastrutturali-del-territorio-metropolitano\/#primaryimage"},"image":{"@id":"https:\/\/progettotouring.it\/radiotouring104\/2024\/01\/11\/vicesindaco-versace-al-viceministro-rixi-poste-allattenzione-importanti-realta-infrastrutturali-del-territorio-metropolitano\/#primaryimage"},"thumbnailUrl":"https:\/\/progettotouring.it\/radiotouring104\/wp-content\/uploads\/sites\/6\/2024\/01\/versace-rixi.jpeg","datePublished":"2024-01-11T09:01:29+00:00","dateModified":"2024-01-11T09:42:43+00:00","description":"Nelle prossime settimana un incontro con il sindaco Giuseppe Falcomat\u00e0 per affrontare i nodi ancora irrisolti","breadcrumb":{"@id":"https:\/\/progettotouring.it\/radiotouring104\/2024\/01\/11\/vicesindaco-versace-al-viceministro-rixi-poste-allattenzione-importanti-realta-infrastrutturali-del-territorio-metropolitano\/#breadcrumb"},"inLanguage":"it-IT","potentialAction":[{"@type":"ReadAction","target":["https:\/\/progettotouring.it\/radiotouring104\/2024\/01\/11\/vicesindaco-versace-al-viceministro-rixi-poste-allattenzione-importanti-realta-infrastrutturali-del-territorio-metropolitano\/"]}]},{"@type":"ImageObject","inLanguage":"it-IT","@id":"https:\/\/progettotouring.it\/radiotouring104\/2024\/01\/11\/vicesindaco-versace-al-viceministro-rixi-poste-allattenzione-importanti-realta-infrastrutturali-del-territorio-metropolitano\/#primaryimage","url":"https:\/\/progettotouring.it\/radiotouring104\/wp-content\/uploads\/sites\/6\/2024\/01\/versace-rixi.jpeg","contentUrl":"https:\/\/progettotouring.it\/radiotouring104\/wp-content\/uploads\/sites\/6\/2024\/01\/versace-rixi.jpeg","width":1600,"height":1200},{"@type":"BreadcrumbList","@id":"https:\/\/progettotouring.it\/radiotouring104\/2024\/01\/11\/vicesindaco-versace-al-viceministro-rixi-poste-allattenzione-importanti-realta-infrastrutturali-del-territorio-metropolitano\/#breadcrumb","itemListElement":[{"@type":"ListItem","position":1,"name":"Home","item":"https:\/\/progettotouring.it\/radiotouring104\/"},{"@type":"ListItem","position":2,"name":"Vicesindaco Versace al Viceministro Rixi: &#8220;Poste all&#8217;attenzione importanti realt\u00e0 infrastrutturali del territorio metropolitano&#8221;"}]},{"@type":"WebSite","@id":"https:\/\/progettotouring.it\/radiotouring104\/#website","url":"https:\/\/progettotouring.it\/radiotouring104\/","name":"Radio Touring 104","description":"La prima radio Reggina","publisher":{"@id":"https:\/\/progettotouring.it\/radiotouring104\/#organization"},"potentialAction":[{"@type":"SearchAction","target":{"@type":"EntryPoint","urlTemplate":"https:\/\/progettotouring.it\/radiotouring104\/?s={search_term_string}"},"query-input":{"@type":"PropertyValueSpecification","valueRequired":true,"valueName":"search_term_string"}}],"inLanguage":"it-IT"},{"@type":"Organization","@id":"https:\/\/progettotouring.it\/radiotouring104\/#organization","name":"Radio Touring 104","url":"https:\/\/progettotouring.it\/radiotouring104\/","logo":{"@type":"ImageObject","inLanguage":"it-IT","@id":"https:\/\/progettotouring.it\/radiotouring104\/#\/schema\/logo\/image\/","url":"https:\/\/progettotouring.it\/radiotouring104\/wp-content\/uploads\/sites\/6\/2022\/02\/cropped-logo-radio-touring-104.png","contentUrl":"https:\/\/progettotouring.it\/radiotouring104\/wp-content\/uploads\/sites\/6\/2022\/02\/cropped-logo-radio-touring-104.png","width":377,"height":182,"caption":"Radio Touring 104"},"image":{"@id":"https:\/\/progettotouring.it\/radiotouring104\/#\/schema\/logo\/image\/"}},{"@type":"Person","@id":"https:\/\/progettotouring.it\/radiotouring104\/#\/schema\/person\/78613917f1851f041f7483f5af1d422e","name":"Sebastiano Plutino","image":{"@type":"ImageObject","inLanguage":"it-IT","@id":"https:\/\/secure.gravatar.com\/avatar\/0546ffaa9b79224faf9f2a156b67a529ae861d3287c66c1d8ccfdf909bcba78d?s=96&d=mm&r=g","url":"https:\/\/secure.gravatar.com\/avatar\/0546ffaa9b79224faf9f2a156b67a529ae861d3287c66c1d8ccfdf909bcba78d?s=96&d=mm&r=g","contentUrl":"https:\/\/secure.gravatar.com\/avatar\/0546ffaa9b79224faf9f2a156b67a529ae861d3287c66c1d8ccfdf909bcba78d?s=96&d=mm&r=g","caption":"Sebastiano Plutino"},"url":"https:\/\/progettotouring.it\/radiotouring104\/author\/sebastiano\/"}]}},"jetpack_publicize_connections":[],"jetpack_featured_media_url":"https:\/\/progettotouring.it\/radiotouring104\/wp-content\/uploads\/sites\/6\/2024\/01\/versace-rixi.jpeg","jetpack_sharing_enabled":true,"_links":{"self":[{"href":"https:\/\/progettotouring.it\/radiotouring104\/wp-json\/wp\/v2\/posts\/42398","targetHints":{"allow":["GET"]}}],"collection":[{"href":"https:\/\/progettotouring.it\/radiotouring104\/wp-json\/wp\/v2\/posts"}],"about":[{"href":"https:\/\/progettotouring.it\/radiotouring104\/wp-json\/wp\/v2\/types\/post"}],"author":[{"embeddable":true,"href":"https:\/\/progettotouring.it\/radiotouring104\/wp-json\/wp\/v2\/users\/12"}],"replies":[{"embeddable":true,"href":"https:\/\/progettotouring.it\/radiotouring104\/wp-json\/wp\/v2\/comments?post=42398"}],"version-history":[{"count":3,"href":"https:\/\/progettotouring.it\/radiotouring104\/wp-json\/wp\/v2\/posts\/42398\/revisions"}],"predecessor-version":[{"id":42413,"href":"https:\/\/progettotouring.it\/radiotouring104\/wp-json\/wp\/v2\/posts\/42398\/revisions\/42413"}],"wp:featuredmedia":[{"embeddable":true,"href":"https:\/\/progettotouring.it\/radiotouring104\/wp-json\/wp\/v2\/media\/42412"}],"wp:attachment":[{"href":"https:\/\/progettotouring.it\/radiotouring104\/wp-json\/wp\/v2\/media?parent=42398"}],"wp:term":[{"taxonomy":"category","embeddable":true,"href":"https:\/\/progettotouring.it\/radiotouring104\/wp-json\/wp\/v2\/categories?post=42398"},{"taxonomy":"post_tag","embeddable":true,"href":"https:\/\/progettotouring.it\/radiotouring104\/wp-json\/wp\/v2\/tags?post=42398"}],"curies":[{"name":"wp","href":"https:\/\/api.w.org\/{rel}","templated":true}]}}