{"id":42402,"date":"2024-01-11T10:14:23","date_gmt":"2024-01-11T09:14:23","guid":{"rendered":"https:\/\/progettotouring.it\/radiotouring104\/?p=42402"},"modified":"2024-01-11T10:15:15","modified_gmt":"2024-01-11T09:15:15","slug":"infrastrutture-e-territorio-viceministro-rixi-bisogna-fare-sistema-per-sviluppo-del-paese","status":"publish","type":"post","link":"https:\/\/progettotouring.it\/radiotouring104\/2024\/01\/11\/infrastrutture-e-territorio-viceministro-rixi-bisogna-fare-sistema-per-sviluppo-del-paese\/","title":{"rendered":"Infrastrutture e Territorio: Viceministro Rixi: &#8220;Bisogna fare Sistema per Sviluppo del Paese&#8221;"},"content":{"rendered":"<p style=\"text-align: justify\">Infrastrutture e sviluppo del territorio, al centro dell\u2019<strong>incontro con Edoardo Rixi<\/strong>, vice ministro delle Infrastrutture e dei Trasporti, <strong>che si \u00e8 svolto, mercoled\u00ec 9 gennaio, nella sede reggina di Confindustria<\/strong>.<\/p>\n<p style=\"text-align: justify\"><strong>Ad introdurre la discussione, il presidente di Confindustria Reggio, Domenico Vecchio<\/strong><em>. \u201cLa citt\u00e0 metropolitana di Reggio Calabria, ha il secondo porto pi\u00f9 importante d&#8217;Europa, Gioia Tauro, uno dei pi\u00f9 importanti attrattori di investimenti. Ci\u00f2 di cui abbiamo bisogno, non \u00e8 una politica di assistenzialismo, ma una politica che accompagni la crescita del nostro territorio. \u00c8 questo che noi industriali abbiamo portato all&#8217;attenzione del viceministro, perch\u00e9 vogliamo dare sviluppo al territorio e dare una dignit\u00e0 ai nostri giovani, affinch\u00e9 trovino lavoro e possano rimanere qui nella loro terra, per sviluppare le bellezze e tutte le potenzialit\u00e0 <\/em><em>che questo territorio offre\u201d.<\/em> Le parole del presidente Vecchio.<br \/>\n<strong>Al tavolo presente anche il Presidente di RFI, Dario Lo Bosco.<\/strong> <em>\u201cIl gruppo Ferrovie dello Stato Italiane \u00e8 felice e disponibile, a realizzare quelle infrastrutture necessarie ad ottimizzare la crescita sostenibile del sud del paese, e con esso dell&#8217;Europa. Il corridoio Palermo\/Helsinki, finalmente vede il sud protagonista, la Sicilia, la Calabria, ma anche le altre regioni del Mezzogiorno d&#8217;Europa. Il sud diventa strategico nel Mediterraneo, ed il porto di Gioia Tauro, leader nel sistema infrastrutturale della logistica integrata. Fondamentale, quindi, lavorare, affinch\u00e9 anche le aree interne, possano essere prospettiva di sviluppo sostenibile integrato digitale\u201d.<\/em><br \/>\nEd infine, l\u2019intervento del vice ministro <strong>Rixi, che ha parlato<\/strong> di infrastrutture e di sviluppo, ma anche, della <strong>necessit\u00e0 di fare sistema,<\/strong> in modo che ogni regione possa avere una sua vocazione, che contribuisca a creare un sistema Italia, <strong>che nel suo complesso diventi programma di sviluppo.<\/strong> <em>\u201cLe opere pubbliche non si fanno schioccando le dita, ma gestendo i cantieri in maniera che non si creino situazioni di opacit\u00e0. La scommessa sul Ponte sullo Stretto non \u00e8 di una forza politica, n\u00e9 di un Governo. \u00c8 la scommessa del Paese. Per la strada statale 106 Jonica, nella legge di Bilancio abbiamo destinato circa 3 miliardi di euro. \u00c8 evidente che, dal niente a tutto, c&#8217;\u00e8 di mezzo il lavorare. Se gli appalti si fanno e le aziende lavorano, si rispettano i tempi, oppure \u00e8 chiaro che questi problemi non li risolveremo mai. Sull\u2019aeroporto di Reggio Calabria il Mit \u00e8 impegnato per dare risposte concrete in tempi brevi. ENAV ed ENAC stanno elaborando una apposita procedura di avvicinamento pista da testare sia al simulatore, sia in volo. Un iter in linea con quanto detto dal Ministro Salvini. Se i test daranno gli esiti positivi che auspichiamo, si potr\u00e0 consentire una migliore operativit\u00e0 e capacit\u00e0 dello scalo, a fronte della complessit\u00e0 tecnica per l\u2019orografia del territori<\/em><\/p>\n","protected":false},"excerpt":{"rendered":"<p>Infrastrutture e sviluppo del territorio, al centro dell\u2019incontro con Edoardo Rixi, vice ministro delle Infrastrutture e dei Trasporti, che si \u00e8 svolto, mercoled\u00ec 9 gennaio, nella sede reggina di Confindustria.&hellip;<\/p>\n","protected":false},"author":12,"featured_media":42403,"comment_status":"closed","ping_status":"open","sticky":false,"template":"","format":"standard","meta":{"_jetpack_memberships_contains_paid_content":false,"footnotes":"","jetpack_publicize_message":"","jetpack_publicize_feature_enabled":true,"jetpack_social_post_already_shared":false,"jetpack_social_options":{"image_generator_settings":{"template":"highway","default_image_id":0,"font":"","enabled":false},"version":2}},"categories":[921,150,196,140],"tags":[],"class_list":["post-42402","post","type-post","status-publish","format-standard","has-post-thumbnail","hentry","category-home","category-in-primo-piano","category-news","category-reggio-calabria"],"yoast_head":"<!-- This site is optimized with the Yoast SEO plugin v27.2 - https:\/\/yoast.com\/product\/yoast-seo-wordpress\/ -->\n<title>Rixi ad incontro su Infrastrutture nella sede Confindustria Rc<\/title>\n<meta name=\"description\" content=\"L&#039;incontro con Rixi, vice ministro delle Infrastrutture si \u00e8 svolto, mercolred\u00ec 9 gennaio, nella sede reggina di Confindustria\" \/>\n<meta name=\"robots\" content=\"index, follow, max-snippet:-1, max-image-preview:large, max-video-preview:-1\" \/>\n<link rel=\"canonical\" href=\"https:\/\/progettotouring.it\/radiotouring104\/2024\/01\/11\/infrastrutture-e-territorio-viceministro-rixi-bisogna-fare-sistema-per-sviluppo-del-paese\/\" \/>\n<meta property=\"og:locale\" content=\"it_IT\" \/>\n<meta property=\"og:type\" content=\"article\" \/>\n<meta property=\"og:title\" content=\"Rixi ad incontro su Infrastrutture nella sede Confindustria Rc\" \/>\n<meta property=\"og:description\" content=\"L&#039;incontro con Rixi, vice ministro delle Infrastrutture si \u00e8 svolto, mercolred\u00ec 9 gennaio, nella sede reggina di Confindustria\" \/>\n<meta property=\"og:url\" content=\"https:\/\/progettotouring.it\/radiotouring104\/2024\/01\/11\/infrastrutture-e-territorio-viceministro-rixi-bisogna-fare-sistema-per-sviluppo-del-paese\/\" \/>\n<meta property=\"og:site_name\" content=\"Radio Touring 104\" \/>\n<meta property=\"article:published_time\" content=\"2024-01-11T09:14:23+00:00\" \/>\n<meta property=\"article:modified_time\" content=\"2024-01-11T09:15:15+00:00\" \/>\n<meta property=\"og:image\" content=\"https:\/\/progettotouring.it\/radiotouring104\/wp-content\/uploads\/sites\/6\/2024\/01\/Rixi-Confindustria-RC.jpg\" \/>\n\t<meta property=\"og:image:width\" content=\"2048\" \/>\n\t<meta property=\"og:image:height\" content=\"1781\" \/>\n\t<meta property=\"og:image:type\" content=\"image\/jpeg\" \/>\n<meta name=\"author\" content=\"Sebastiano Plutino\" \/>\n<meta name=\"twitter:card\" content=\"summary_large_image\" \/>\n<meta name=\"twitter:label1\" content=\"Scritto da\" \/>\n\t<meta name=\"twitter:data1\" content=\"Sebastiano Plutino\" \/>\n\t<meta name=\"twitter:label2\" content=\"Tempo di lettura stimato\" \/>\n\t<meta name=\"twitter:data2\" content=\"2 minuti\" \/>\n<script type=\"application\/ld+json\" class=\"yoast-schema-graph\">{\"@context\":\"https:\/\/schema.org\",\"@graph\":[{\"@type\":\"Article\",\"@id\":\"https:\/\/progettotouring.it\/radiotouring104\/2024\/01\/11\/infrastrutture-e-territorio-viceministro-rixi-bisogna-fare-sistema-per-sviluppo-del-paese\/#article\",\"isPartOf\":{\"@id\":\"https:\/\/progettotouring.it\/radiotouring104\/2024\/01\/11\/infrastrutture-e-territorio-viceministro-rixi-bisogna-fare-sistema-per-sviluppo-del-paese\/\"},\"author\":{\"name\":\"Sebastiano Plutino\",\"@id\":\"https:\/\/progettotouring.it\/radiotouring104\/#\/schema\/person\/78613917f1851f041f7483f5af1d422e\"},\"headline\":\"Infrastrutture e Territorio: Viceministro Rixi: &#8220;Bisogna fare Sistema per Sviluppo del Paese&#8221;\",\"datePublished\":\"2024-01-11T09:14:23+00:00\",\"dateModified\":\"2024-01-11T09:15:15+00:00\",\"mainEntityOfPage\":{\"@id\":\"https:\/\/progettotouring.it\/radiotouring104\/2024\/01\/11\/infrastrutture-e-territorio-viceministro-rixi-bisogna-fare-sistema-per-sviluppo-del-paese\/\"},\"wordCount\":447,\"publisher\":{\"@id\":\"https:\/\/progettotouring.it\/radiotouring104\/#organization\"},\"image\":{\"@id\":\"https:\/\/progettotouring.it\/radiotouring104\/2024\/01\/11\/infrastrutture-e-territorio-viceministro-rixi-bisogna-fare-sistema-per-sviluppo-del-paese\/#primaryimage\"},\"thumbnailUrl\":\"https:\/\/progettotouring.it\/radiotouring104\/wp-content\/uploads\/sites\/6\/2024\/01\/Rixi-Confindustria-RC.jpg\",\"articleSection\":[\"Home\",\"In primo piano\",\"News\",\"Reggio Calabria\"],\"inLanguage\":\"it-IT\"},{\"@type\":\"WebPage\",\"@id\":\"https:\/\/progettotouring.it\/radiotouring104\/2024\/01\/11\/infrastrutture-e-territorio-viceministro-rixi-bisogna-fare-sistema-per-sviluppo-del-paese\/\",\"url\":\"https:\/\/progettotouring.it\/radiotouring104\/2024\/01\/11\/infrastrutture-e-territorio-viceministro-rixi-bisogna-fare-sistema-per-sviluppo-del-paese\/\",\"name\":\"Rixi ad incontro su Infrastrutture nella sede Confindustria Rc\",\"isPartOf\":{\"@id\":\"https:\/\/progettotouring.it\/radiotouring104\/#website\"},\"primaryImageOfPage\":{\"@id\":\"https:\/\/progettotouring.it\/radiotouring104\/2024\/01\/11\/infrastrutture-e-territorio-viceministro-rixi-bisogna-fare-sistema-per-sviluppo-del-paese\/#primaryimage\"},\"image\":{\"@id\":\"https:\/\/progettotouring.it\/radiotouring104\/2024\/01\/11\/infrastrutture-e-territorio-viceministro-rixi-bisogna-fare-sistema-per-sviluppo-del-paese\/#primaryimage\"},\"thumbnailUrl\":\"https:\/\/progettotouring.it\/radiotouring104\/wp-content\/uploads\/sites\/6\/2024\/01\/Rixi-Confindustria-RC.jpg\",\"datePublished\":\"2024-01-11T09:14:23+00:00\",\"dateModified\":\"2024-01-11T09:15:15+00:00\",\"description\":\"L'incontro con Rixi, vice ministro delle Infrastrutture si \u00e8 svolto, mercolred\u00ec 9 gennaio, nella sede reggina di Confindustria\",\"breadcrumb\":{\"@id\":\"https:\/\/progettotouring.it\/radiotouring104\/2024\/01\/11\/infrastrutture-e-territorio-viceministro-rixi-bisogna-fare-sistema-per-sviluppo-del-paese\/#breadcrumb\"},\"inLanguage\":\"it-IT\",\"potentialAction\":[{\"@type\":\"ReadAction\",\"target\":[\"https:\/\/progettotouring.it\/radiotouring104\/2024\/01\/11\/infrastrutture-e-territorio-viceministro-rixi-bisogna-fare-sistema-per-sviluppo-del-paese\/\"]}]},{\"@type\":\"ImageObject\",\"inLanguage\":\"it-IT\",\"@id\":\"https:\/\/progettotouring.it\/radiotouring104\/2024\/01\/11\/infrastrutture-e-territorio-viceministro-rixi-bisogna-fare-sistema-per-sviluppo-del-paese\/#primaryimage\",\"url\":\"https:\/\/progettotouring.it\/radiotouring104\/wp-content\/uploads\/sites\/6\/2024\/01\/Rixi-Confindustria-RC.jpg\",\"contentUrl\":\"https:\/\/progettotouring.it\/radiotouring104\/wp-content\/uploads\/sites\/6\/2024\/01\/Rixi-Confindustria-RC.jpg\",\"width\":2048,\"height\":1781},{\"@type\":\"BreadcrumbList\",\"@id\":\"https:\/\/progettotouring.it\/radiotouring104\/2024\/01\/11\/infrastrutture-e-territorio-viceministro-rixi-bisogna-fare-sistema-per-sviluppo-del-paese\/#breadcrumb\",\"itemListElement\":[{\"@type\":\"ListItem\",\"position\":1,\"name\":\"Home\",\"item\":\"https:\/\/progettotouring.it\/radiotouring104\/\"},{\"@type\":\"ListItem\",\"position\":2,\"name\":\"Infrastrutture e Territorio: Viceministro Rixi: &#8220;Bisogna fare Sistema per Sviluppo del Paese&#8221;\"}]},{\"@type\":\"WebSite\",\"@id\":\"https:\/\/progettotouring.it\/radiotouring104\/#website\",\"url\":\"https:\/\/progettotouring.it\/radiotouring104\/\",\"name\":\"Radio Touring 104\",\"description\":\"La prima radio Reggina\",\"publisher\":{\"@id\":\"https:\/\/progettotouring.it\/radiotouring104\/#organization\"},\"potentialAction\":[{\"@type\":\"SearchAction\",\"target\":{\"@type\":\"EntryPoint\",\"urlTemplate\":\"https:\/\/progettotouring.it\/radiotouring104\/?s={search_term_string}\"},\"query-input\":{\"@type\":\"PropertyValueSpecification\",\"valueRequired\":true,\"valueName\":\"search_term_string\"}}],\"inLanguage\":\"it-IT\"},{\"@type\":\"Organization\",\"@id\":\"https:\/\/progettotouring.it\/radiotouring104\/#organization\",\"name\":\"Radio Touring 104\",\"url\":\"https:\/\/progettotouring.it\/radiotouring104\/\",\"logo\":{\"@type\":\"ImageObject\",\"inLanguage\":\"it-IT\",\"@id\":\"https:\/\/progettotouring.it\/radiotouring104\/#\/schema\/logo\/image\/\",\"url\":\"https:\/\/progettotouring.it\/radiotouring104\/wp-content\/uploads\/sites\/6\/2022\/02\/cropped-logo-radio-touring-104.png\",\"contentUrl\":\"https:\/\/progettotouring.it\/radiotouring104\/wp-content\/uploads\/sites\/6\/2022\/02\/cropped-logo-radio-touring-104.png\",\"width\":377,\"height\":182,\"caption\":\"Radio Touring 104\"},\"image\":{\"@id\":\"https:\/\/progettotouring.it\/radiotouring104\/#\/schema\/logo\/image\/\"}},{\"@type\":\"Person\",\"@id\":\"https:\/\/progettotouring.it\/radiotouring104\/#\/schema\/person\/78613917f1851f041f7483f5af1d422e\",\"name\":\"Sebastiano Plutino\",\"image\":{\"@type\":\"ImageObject\",\"inLanguage\":\"it-IT\",\"@id\":\"https:\/\/secure.gravatar.com\/avatar\/0546ffaa9b79224faf9f2a156b67a529ae861d3287c66c1d8ccfdf909bcba78d?s=96&d=mm&r=g\",\"url\":\"https:\/\/secure.gravatar.com\/avatar\/0546ffaa9b79224faf9f2a156b67a529ae861d3287c66c1d8ccfdf909bcba78d?s=96&d=mm&r=g\",\"contentUrl\":\"https:\/\/secure.gravatar.com\/avatar\/0546ffaa9b79224faf9f2a156b67a529ae861d3287c66c1d8ccfdf909bcba78d?s=96&d=mm&r=g\",\"caption\":\"Sebastiano Plutino\"},\"url\":\"https:\/\/progettotouring.it\/radiotouring104\/author\/sebastiano\/\"}]}<\/script>\n<!-- \/ Yoast SEO plugin. -->","yoast_head_json":{"title":"Rixi ad incontro su Infrastrutture nella sede Confindustria Rc","description":"L'incontro con Rixi, vice ministro delle Infrastrutture si \u00e8 svolto, mercolred\u00ec 9 gennaio, nella sede reggina di Confindustria","robots":{"index":"index","follow":"follow","max-snippet":"max-snippet:-1","max-image-preview":"max-image-preview:large","max-video-preview":"max-video-preview:-1"},"canonical":"https:\/\/progettotouring.it\/radiotouring104\/2024\/01\/11\/infrastrutture-e-territorio-viceministro-rixi-bisogna-fare-sistema-per-sviluppo-del-paese\/","og_locale":"it_IT","og_type":"article","og_title":"Rixi ad incontro su Infrastrutture nella sede Confindustria Rc","og_description":"L'incontro con Rixi, vice ministro delle Infrastrutture si \u00e8 svolto, mercolred\u00ec 9 gennaio, nella sede reggina di Confindustria","og_url":"https:\/\/progettotouring.it\/radiotouring104\/2024\/01\/11\/infrastrutture-e-territorio-viceministro-rixi-bisogna-fare-sistema-per-sviluppo-del-paese\/","og_site_name":"Radio Touring 104","article_published_time":"2024-01-11T09:14:23+00:00","article_modified_time":"2024-01-11T09:15:15+00:00","og_image":[{"width":2048,"height":1781,"url":"https:\/\/progettotouring.it\/radiotouring104\/wp-content\/uploads\/sites\/6\/2024\/01\/Rixi-Confindustria-RC.jpg","type":"image\/jpeg"}],"author":"Sebastiano Plutino","twitter_card":"summary_large_image","twitter_misc":{"Scritto da":"Sebastiano Plutino","Tempo di lettura stimato":"2 minuti"},"schema":{"@context":"https:\/\/schema.org","@graph":[{"@type":"Article","@id":"https:\/\/progettotouring.it\/radiotouring104\/2024\/01\/11\/infrastrutture-e-territorio-viceministro-rixi-bisogna-fare-sistema-per-sviluppo-del-paese\/#article","isPartOf":{"@id":"https:\/\/progettotouring.it\/radiotouring104\/2024\/01\/11\/infrastrutture-e-territorio-viceministro-rixi-bisogna-fare-sistema-per-sviluppo-del-paese\/"},"author":{"name":"Sebastiano Plutino","@id":"https:\/\/progettotouring.it\/radiotouring104\/#\/schema\/person\/78613917f1851f041f7483f5af1d422e"},"headline":"Infrastrutture e Territorio: Viceministro Rixi: &#8220;Bisogna fare Sistema per Sviluppo del Paese&#8221;","datePublished":"2024-01-11T09:14:23+00:00","dateModified":"2024-01-11T09:15:15+00:00","mainEntityOfPage":{"@id":"https:\/\/progettotouring.it\/radiotouring104\/2024\/01\/11\/infrastrutture-e-territorio-viceministro-rixi-bisogna-fare-sistema-per-sviluppo-del-paese\/"},"wordCount":447,"publisher":{"@id":"https:\/\/progettotouring.it\/radiotouring104\/#organization"},"image":{"@id":"https:\/\/progettotouring.it\/radiotouring104\/2024\/01\/11\/infrastrutture-e-territorio-viceministro-rixi-bisogna-fare-sistema-per-sviluppo-del-paese\/#primaryimage"},"thumbnailUrl":"https:\/\/progettotouring.it\/radiotouring104\/wp-content\/uploads\/sites\/6\/2024\/01\/Rixi-Confindustria-RC.jpg","articleSection":["Home","In primo piano","News","Reggio Calabria"],"inLanguage":"it-IT"},{"@type":"WebPage","@id":"https:\/\/progettotouring.it\/radiotouring104\/2024\/01\/11\/infrastrutture-e-territorio-viceministro-rixi-bisogna-fare-sistema-per-sviluppo-del-paese\/","url":"https:\/\/progettotouring.it\/radiotouring104\/2024\/01\/11\/infrastrutture-e-territorio-viceministro-rixi-bisogna-fare-sistema-per-sviluppo-del-paese\/","name":"Rixi ad incontro su Infrastrutture nella sede Confindustria Rc","isPartOf":{"@id":"https:\/\/progettotouring.it\/radiotouring104\/#website"},"primaryImageOfPage":{"@id":"https:\/\/progettotouring.it\/radiotouring104\/2024\/01\/11\/infrastrutture-e-territorio-viceministro-rixi-bisogna-fare-sistema-per-sviluppo-del-paese\/#primaryimage"},"image":{"@id":"https:\/\/progettotouring.it\/radiotouring104\/2024\/01\/11\/infrastrutture-e-territorio-viceministro-rixi-bisogna-fare-sistema-per-sviluppo-del-paese\/#primaryimage"},"thumbnailUrl":"https:\/\/progettotouring.it\/radiotouring104\/wp-content\/uploads\/sites\/6\/2024\/01\/Rixi-Confindustria-RC.jpg","datePublished":"2024-01-11T09:14:23+00:00","dateModified":"2024-01-11T09:15:15+00:00","description":"L'incontro con Rixi, vice ministro delle Infrastrutture si \u00e8 svolto, mercolred\u00ec 9 gennaio, nella sede reggina di Confindustria","breadcrumb":{"@id":"https:\/\/progettotouring.it\/radiotouring104\/2024\/01\/11\/infrastrutture-e-territorio-viceministro-rixi-bisogna-fare-sistema-per-sviluppo-del-paese\/#breadcrumb"},"inLanguage":"it-IT","potentialAction":[{"@type":"ReadAction","target":["https:\/\/progettotouring.it\/radiotouring104\/2024\/01\/11\/infrastrutture-e-territorio-viceministro-rixi-bisogna-fare-sistema-per-sviluppo-del-paese\/"]}]},{"@type":"ImageObject","inLanguage":"it-IT","@id":"https:\/\/progettotouring.it\/radiotouring104\/2024\/01\/11\/infrastrutture-e-territorio-viceministro-rixi-bisogna-fare-sistema-per-sviluppo-del-paese\/#primaryimage","url":"https:\/\/progettotouring.it\/radiotouring104\/wp-content\/uploads\/sites\/6\/2024\/01\/Rixi-Confindustria-RC.jpg","contentUrl":"https:\/\/progettotouring.it\/radiotouring104\/wp-content\/uploads\/sites\/6\/2024\/01\/Rixi-Confindustria-RC.jpg","width":2048,"height":1781},{"@type":"BreadcrumbList","@id":"https:\/\/progettotouring.it\/radiotouring104\/2024\/01\/11\/infrastrutture-e-territorio-viceministro-rixi-bisogna-fare-sistema-per-sviluppo-del-paese\/#breadcrumb","itemListElement":[{"@type":"ListItem","position":1,"name":"Home","item":"https:\/\/progettotouring.it\/radiotouring104\/"},{"@type":"ListItem","position":2,"name":"Infrastrutture e Territorio: Viceministro Rixi: &#8220;Bisogna fare Sistema per Sviluppo del Paese&#8221;"}]},{"@type":"WebSite","@id":"https:\/\/progettotouring.it\/radiotouring104\/#website","url":"https:\/\/progettotouring.it\/radiotouring104\/","name":"Radio Touring 104","description":"La prima radio Reggina","publisher":{"@id":"https:\/\/progettotouring.it\/radiotouring104\/#organization"},"potentialAction":[{"@type":"SearchAction","target":{"@type":"EntryPoint","urlTemplate":"https:\/\/progettotouring.it\/radiotouring104\/?s={search_term_string}"},"query-input":{"@type":"PropertyValueSpecification","valueRequired":true,"valueName":"search_term_string"}}],"inLanguage":"it-IT"},{"@type":"Organization","@id":"https:\/\/progettotouring.it\/radiotouring104\/#organization","name":"Radio Touring 104","url":"https:\/\/progettotouring.it\/radiotouring104\/","logo":{"@type":"ImageObject","inLanguage":"it-IT","@id":"https:\/\/progettotouring.it\/radiotouring104\/#\/schema\/logo\/image\/","url":"https:\/\/progettotouring.it\/radiotouring104\/wp-content\/uploads\/sites\/6\/2022\/02\/cropped-logo-radio-touring-104.png","contentUrl":"https:\/\/progettotouring.it\/radiotouring104\/wp-content\/uploads\/sites\/6\/2022\/02\/cropped-logo-radio-touring-104.png","width":377,"height":182,"caption":"Radio Touring 104"},"image":{"@id":"https:\/\/progettotouring.it\/radiotouring104\/#\/schema\/logo\/image\/"}},{"@type":"Person","@id":"https:\/\/progettotouring.it\/radiotouring104\/#\/schema\/person\/78613917f1851f041f7483f5af1d422e","name":"Sebastiano Plutino","image":{"@type":"ImageObject","inLanguage":"it-IT","@id":"https:\/\/secure.gravatar.com\/avatar\/0546ffaa9b79224faf9f2a156b67a529ae861d3287c66c1d8ccfdf909bcba78d?s=96&d=mm&r=g","url":"https:\/\/secure.gravatar.com\/avatar\/0546ffaa9b79224faf9f2a156b67a529ae861d3287c66c1d8ccfdf909bcba78d?s=96&d=mm&r=g","contentUrl":"https:\/\/secure.gravatar.com\/avatar\/0546ffaa9b79224faf9f2a156b67a529ae861d3287c66c1d8ccfdf909bcba78d?s=96&d=mm&r=g","caption":"Sebastiano Plutino"},"url":"https:\/\/progettotouring.it\/radiotouring104\/author\/sebastiano\/"}]}},"jetpack_publicize_connections":[],"jetpack_featured_media_url":"https:\/\/progettotouring.it\/radiotouring104\/wp-content\/uploads\/sites\/6\/2024\/01\/Rixi-Confindustria-RC.jpg","jetpack_sharing_enabled":true,"_links":{"self":[{"href":"https:\/\/progettotouring.it\/radiotouring104\/wp-json\/wp\/v2\/posts\/42402","targetHints":{"allow":["GET"]}}],"collection":[{"href":"https:\/\/progettotouring.it\/radiotouring104\/wp-json\/wp\/v2\/posts"}],"about":[{"href":"https:\/\/progettotouring.it\/radiotouring104\/wp-json\/wp\/v2\/types\/post"}],"author":[{"embeddable":true,"href":"https:\/\/progettotouring.it\/radiotouring104\/wp-json\/wp\/v2\/users\/12"}],"replies":[{"embeddable":true,"href":"https:\/\/progettotouring.it\/radiotouring104\/wp-json\/wp\/v2\/comments?post=42402"}],"version-history":[{"count":2,"href":"https:\/\/progettotouring.it\/radiotouring104\/wp-json\/wp\/v2\/posts\/42402\/revisions"}],"predecessor-version":[{"id":42405,"href":"https:\/\/progettotouring.it\/radiotouring104\/wp-json\/wp\/v2\/posts\/42402\/revisions\/42405"}],"wp:featuredmedia":[{"embeddable":true,"href":"https:\/\/progettotouring.it\/radiotouring104\/wp-json\/wp\/v2\/media\/42403"}],"wp:attachment":[{"href":"https:\/\/progettotouring.it\/radiotouring104\/wp-json\/wp\/v2\/media?parent=42402"}],"wp:term":[{"taxonomy":"category","embeddable":true,"href":"https:\/\/progettotouring.it\/radiotouring104\/wp-json\/wp\/v2\/categories?post=42402"},{"taxonomy":"post_tag","embeddable":true,"href":"https:\/\/progettotouring.it\/radiotouring104\/wp-json\/wp\/v2\/tags?post=42402"}],"curies":[{"name":"wp","href":"https:\/\/api.w.org\/{rel}","templated":true}]}}