{"id":42441,"date":"2024-01-11T12:26:10","date_gmt":"2024-01-11T11:26:10","guid":{"rendered":"https:\/\/progettotouring.it\/radiotouring104\/?p=42441"},"modified":"2024-01-11T12:26:10","modified_gmt":"2024-01-11T11:26:10","slug":"ponte-stretto-salvini-apertura-cantieri-sara-evento-mondiale","status":"publish","type":"post","link":"https:\/\/progettotouring.it\/radiotouring104\/2024\/01\/11\/ponte-stretto-salvini-apertura-cantieri-sara-evento-mondiale\/","title":{"rendered":"Ponte Stretto, Salvini: &#8220;Apertura cantieri sar\u00e0 evento mondiale&#8221;"},"content":{"rendered":"<p style=\"text-align: justify\"><em>&#8220;L&#8217;apertura dei cantieri per la realizzazione del Ponte sullo Stretto nel 2024 sar\u00e0 un evento mondiale.<\/em><\/p>\n<p style=\"text-align: justify\"><em>E molti, da ogni parte del mondo saranno attratti dal ponte pi\u00f9 lungo, pi\u00f9 innovativo, pi\u00f9 sostenibile del mondo&#8221;.<\/em><\/p>\n<p style=\"text-align: justify\"><strong>Lo ha detto Matteo Salvini intervenendo in video collegamento, al convegno<\/strong> &#8220;<em>Palermo-Helsinki: il corridoio con il Ponte sullo Stretto per lo sviluppo sostenibile del Mezzogiorno d&#8217;Europa&#8221;<\/em>, <strong>organizzato dall&#8217;Universit\u00e0 degli Studi &#8220;Mediterranea&#8221; di Reggio Calabria e dall&#8217;Ordine provinciale degli Ingegneri.<\/strong><\/p>\n<p style=\"text-align: justify\"><strong>All&#8217;incontro partecipano in presenza il viceministro delle Infrastrutture<\/strong> e dei Trasporti Edoardo Rixi, il presidente di Rfi<strong> Dario Lo Bosco<\/strong> e l&#8217;amministratore delegato della Societ\u00e0 Stretto di Messina<strong> Pietro Ciucci.<\/strong><br \/>\n<em>\u00a0\u00a0\u00a0 &#8220;Il ponte<\/em> &#8211; <strong>ha aggiunto Salvini<\/strong> &#8211; <em>da solo non significa nulla. Sarebbe semplicemente una straordinaria opera di ingegneria. \u00c8 chiaro per\u00f2 che, con gli altri investimenti sulla rete stradale e ferroviaria di Sicilia e Calabria, non avere il ponte sarebbe un suicidio economico ed ambientale. Non si tratta solo di un&#8217;opera ponte ma ci sono anche decine di chilometri di reti stradali e ferroviarie. E il ruolo dei sindaci, al di l\u00e0 di ogni colore politico, sar\u00e0 fondamentale perch\u00e9 ciascun territorio comprenda e accompagni la realizzazione del ponte&#8221;.<\/em><br \/>\n<strong>\u00a0\u00a0\u00a0 Per il ministro<\/strong> <em>&#8220;si tratta di un&#8217;opera straordinaria. E ringrazio chi ci ha lavorato negli anni passati e chi ci sta lavorando in questi mesi e questi giorni. Tutti gli studi passati hanno certificato la riduzione di emissioni di Co2. Il ponte non lo fa Salvini. Non \u00e8 il ponte di Salvini. Il ponte \u00e8 degli italiani. Porter\u00e0 sviluppo. Porter\u00e0 lavoro in due terre come Calabria e Sicilia. Un&#8217;opera che impegner\u00e0 importanti professionisti, e consentir\u00e0 a tanti artigiani, a tanti opera<\/em>i &#8211; <strong>ha sostenuto ancora Salvini<\/strong> &#8211; <em>di rimanere qua. Il ponte \u00e8 anche un diritto alla continuit\u00e0 territoriale per milioni di italiani.<\/em><br \/>\n<em>\u00a0\u00a0\u00a0 Ci sono migliaia di pendolari che quotidianamente vanno avanti-indietro, per motivi di studio, di lavoro, di svago, e di salute. Sar\u00e0 un acceleratore di sviluppo, che porter\u00e0 lavoro, benessere, sviluppo e soprattutto speranza&#8221;.<\/em><\/p>\n","protected":false},"excerpt":{"rendered":"<p>&#8220;L&#8217;apertura dei cantieri per la realizzazione del Ponte sullo Stretto nel 2024 sar\u00e0 un evento mondiale. E molti, da ogni parte del mondo saranno attratti dal ponte pi\u00f9 lungo, pi\u00f9&hellip;<\/p>\n","protected":false},"author":12,"featured_media":14138,"comment_status":"closed","ping_status":"open","sticky":false,"template":"","format":"standard","meta":{"_jetpack_memberships_contains_paid_content":false,"footnotes":"","jetpack_publicize_message":"","jetpack_publicize_feature_enabled":true,"jetpack_social_post_already_shared":false,"jetpack_social_options":{"image_generator_settings":{"template":"highway","default_image_id":0,"font":"","enabled":false},"version":2}},"categories":[921,196,140],"tags":[26242,6230,3953,4355,369],"class_list":["post-42441","post","type-post","status-publish","format-standard","has-post-thumbnail","hentry","category-home","category-news","category-reggio-calabria","tag-palermo-helsinki-il-corridoio-con-il-ponte-sullo-stretto-per-lo-sviluppo-sostenibile-del-mezzogiorno-deuropa","tag-edoardo-rixi","tag-matteo-salvini","tag-ponte-sullo-stretto","tag-universita-mediterranea"],"yoast_head":"<!-- This site is optimized with the Yoast SEO plugin v27.2 - https:\/\/yoast.com\/product\/yoast-seo-wordpress\/ -->\n<title>Ponte Stretto, Salvini: &quot;Apertura cantieri sar\u00e0 evento mondiale&quot;<\/title>\n<meta name=\"description\" content=\"Ministro intervenuto al convegno &quot;Palermo-Helsinki: corridoio con il Ponte per lo sviluppo sostenibile del Mezzogiorno d&#039;Europa&quot;\" \/>\n<meta name=\"robots\" content=\"index, follow, max-snippet:-1, max-image-preview:large, max-video-preview:-1\" \/>\n<link rel=\"canonical\" href=\"https:\/\/progettotouring.it\/radiotouring104\/2024\/01\/11\/ponte-stretto-salvini-apertura-cantieri-sara-evento-mondiale\/\" \/>\n<meta property=\"og:locale\" content=\"it_IT\" \/>\n<meta property=\"og:type\" content=\"article\" \/>\n<meta property=\"og:title\" content=\"Ponte Stretto, Salvini: &quot;Apertura cantieri sar\u00e0 evento mondiale&quot;\" \/>\n<meta property=\"og:description\" content=\"Ministro intervenuto al convegno &quot;Palermo-Helsinki: corridoio con il Ponte per lo sviluppo sostenibile del Mezzogiorno d&#039;Europa&quot;\" \/>\n<meta property=\"og:url\" content=\"https:\/\/progettotouring.it\/radiotouring104\/2024\/01\/11\/ponte-stretto-salvini-apertura-cantieri-sara-evento-mondiale\/\" \/>\n<meta property=\"og:site_name\" content=\"Radio Touring 104\" \/>\n<meta property=\"article:published_time\" content=\"2024-01-11T11:26:10+00:00\" \/>\n<meta property=\"og:image\" content=\"https:\/\/progettotouring.it\/radiotouring104\/wp-content\/uploads\/sites\/6\/2022\/12\/ponte-salvini.jpg\" \/>\n\t<meta property=\"og:image:width\" content=\"374\" \/>\n\t<meta property=\"og:image:height\" content=\"230\" \/>\n\t<meta property=\"og:image:type\" content=\"image\/jpeg\" \/>\n<meta name=\"author\" content=\"Sebastiano Plutino\" \/>\n<meta name=\"twitter:card\" content=\"summary_large_image\" \/>\n<meta name=\"twitter:label1\" content=\"Scritto da\" \/>\n\t<meta name=\"twitter:data1\" content=\"Sebastiano Plutino\" \/>\n\t<meta name=\"twitter:label2\" content=\"Tempo di lettura stimato\" \/>\n\t<meta name=\"twitter:data2\" content=\"2 minuti\" \/>\n<script type=\"application\/ld+json\" class=\"yoast-schema-graph\">{\"@context\":\"https:\/\/schema.org\",\"@graph\":[{\"@type\":\"Article\",\"@id\":\"https:\/\/progettotouring.it\/radiotouring104\/2024\/01\/11\/ponte-stretto-salvini-apertura-cantieri-sara-evento-mondiale\/#article\",\"isPartOf\":{\"@id\":\"https:\/\/progettotouring.it\/radiotouring104\/2024\/01\/11\/ponte-stretto-salvini-apertura-cantieri-sara-evento-mondiale\/\"},\"author\":{\"name\":\"Sebastiano Plutino\",\"@id\":\"https:\/\/progettotouring.it\/radiotouring104\/#\/schema\/person\/78613917f1851f041f7483f5af1d422e\"},\"headline\":\"Ponte Stretto, Salvini: &#8220;Apertura cantieri sar\u00e0 evento mondiale&#8221;\",\"datePublished\":\"2024-01-11T11:26:10+00:00\",\"mainEntityOfPage\":{\"@id\":\"https:\/\/progettotouring.it\/radiotouring104\/2024\/01\/11\/ponte-stretto-salvini-apertura-cantieri-sara-evento-mondiale\/\"},\"wordCount\":332,\"publisher\":{\"@id\":\"https:\/\/progettotouring.it\/radiotouring104\/#organization\"},\"image\":{\"@id\":\"https:\/\/progettotouring.it\/radiotouring104\/2024\/01\/11\/ponte-stretto-salvini-apertura-cantieri-sara-evento-mondiale\/#primaryimage\"},\"thumbnailUrl\":\"https:\/\/progettotouring.it\/radiotouring104\/wp-content\/uploads\/sites\/6\/2022\/12\/ponte-salvini.jpg\",\"keywords\":[\"\\\"Palermo-Helsinki: il corridoio con il Ponte sullo Stretto per lo sviluppo sostenibile del Mezzogiorno d'Europa\\\"\",\"Edoardo Rixi\",\"Matteo Salvini\",\"Ponte sullo stretto\",\"universit\u00e0 mediterranea\"],\"articleSection\":[\"Home\",\"News\",\"Reggio Calabria\"],\"inLanguage\":\"it-IT\"},{\"@type\":\"WebPage\",\"@id\":\"https:\/\/progettotouring.it\/radiotouring104\/2024\/01\/11\/ponte-stretto-salvini-apertura-cantieri-sara-evento-mondiale\/\",\"url\":\"https:\/\/progettotouring.it\/radiotouring104\/2024\/01\/11\/ponte-stretto-salvini-apertura-cantieri-sara-evento-mondiale\/\",\"name\":\"Ponte Stretto, Salvini: \\\"Apertura cantieri sar\u00e0 evento mondiale\\\"\",\"isPartOf\":{\"@id\":\"https:\/\/progettotouring.it\/radiotouring104\/#website\"},\"primaryImageOfPage\":{\"@id\":\"https:\/\/progettotouring.it\/radiotouring104\/2024\/01\/11\/ponte-stretto-salvini-apertura-cantieri-sara-evento-mondiale\/#primaryimage\"},\"image\":{\"@id\":\"https:\/\/progettotouring.it\/radiotouring104\/2024\/01\/11\/ponte-stretto-salvini-apertura-cantieri-sara-evento-mondiale\/#primaryimage\"},\"thumbnailUrl\":\"https:\/\/progettotouring.it\/radiotouring104\/wp-content\/uploads\/sites\/6\/2022\/12\/ponte-salvini.jpg\",\"datePublished\":\"2024-01-11T11:26:10+00:00\",\"description\":\"Ministro intervenuto al convegno \\\"Palermo-Helsinki: corridoio con il Ponte per lo sviluppo sostenibile del Mezzogiorno d'Europa\\\"\",\"breadcrumb\":{\"@id\":\"https:\/\/progettotouring.it\/radiotouring104\/2024\/01\/11\/ponte-stretto-salvini-apertura-cantieri-sara-evento-mondiale\/#breadcrumb\"},\"inLanguage\":\"it-IT\",\"potentialAction\":[{\"@type\":\"ReadAction\",\"target\":[\"https:\/\/progettotouring.it\/radiotouring104\/2024\/01\/11\/ponte-stretto-salvini-apertura-cantieri-sara-evento-mondiale\/\"]}]},{\"@type\":\"ImageObject\",\"inLanguage\":\"it-IT\",\"@id\":\"https:\/\/progettotouring.it\/radiotouring104\/2024\/01\/11\/ponte-stretto-salvini-apertura-cantieri-sara-evento-mondiale\/#primaryimage\",\"url\":\"https:\/\/progettotouring.it\/radiotouring104\/wp-content\/uploads\/sites\/6\/2022\/12\/ponte-salvini.jpg\",\"contentUrl\":\"https:\/\/progettotouring.it\/radiotouring104\/wp-content\/uploads\/sites\/6\/2022\/12\/ponte-salvini.jpg\",\"width\":374,\"height\":230},{\"@type\":\"BreadcrumbList\",\"@id\":\"https:\/\/progettotouring.it\/radiotouring104\/2024\/01\/11\/ponte-stretto-salvini-apertura-cantieri-sara-evento-mondiale\/#breadcrumb\",\"itemListElement\":[{\"@type\":\"ListItem\",\"position\":1,\"name\":\"Home\",\"item\":\"https:\/\/progettotouring.it\/radiotouring104\/\"},{\"@type\":\"ListItem\",\"position\":2,\"name\":\"Ponte Stretto, Salvini: &#8220;Apertura cantieri sar\u00e0 evento mondiale&#8221;\"}]},{\"@type\":\"WebSite\",\"@id\":\"https:\/\/progettotouring.it\/radiotouring104\/#website\",\"url\":\"https:\/\/progettotouring.it\/radiotouring104\/\",\"name\":\"Radio Touring 104\",\"description\":\"La prima radio Reggina\",\"publisher\":{\"@id\":\"https:\/\/progettotouring.it\/radiotouring104\/#organization\"},\"potentialAction\":[{\"@type\":\"SearchAction\",\"target\":{\"@type\":\"EntryPoint\",\"urlTemplate\":\"https:\/\/progettotouring.it\/radiotouring104\/?s={search_term_string}\"},\"query-input\":{\"@type\":\"PropertyValueSpecification\",\"valueRequired\":true,\"valueName\":\"search_term_string\"}}],\"inLanguage\":\"it-IT\"},{\"@type\":\"Organization\",\"@id\":\"https:\/\/progettotouring.it\/radiotouring104\/#organization\",\"name\":\"Radio Touring 104\",\"url\":\"https:\/\/progettotouring.it\/radiotouring104\/\",\"logo\":{\"@type\":\"ImageObject\",\"inLanguage\":\"it-IT\",\"@id\":\"https:\/\/progettotouring.it\/radiotouring104\/#\/schema\/logo\/image\/\",\"url\":\"https:\/\/progettotouring.it\/radiotouring104\/wp-content\/uploads\/sites\/6\/2022\/02\/cropped-logo-radio-touring-104.png\",\"contentUrl\":\"https:\/\/progettotouring.it\/radiotouring104\/wp-content\/uploads\/sites\/6\/2022\/02\/cropped-logo-radio-touring-104.png\",\"width\":377,\"height\":182,\"caption\":\"Radio Touring 104\"},\"image\":{\"@id\":\"https:\/\/progettotouring.it\/radiotouring104\/#\/schema\/logo\/image\/\"}},{\"@type\":\"Person\",\"@id\":\"https:\/\/progettotouring.it\/radiotouring104\/#\/schema\/person\/78613917f1851f041f7483f5af1d422e\",\"name\":\"Sebastiano Plutino\",\"image\":{\"@type\":\"ImageObject\",\"inLanguage\":\"it-IT\",\"@id\":\"https:\/\/secure.gravatar.com\/avatar\/0546ffaa9b79224faf9f2a156b67a529ae861d3287c66c1d8ccfdf909bcba78d?s=96&d=mm&r=g\",\"url\":\"https:\/\/secure.gravatar.com\/avatar\/0546ffaa9b79224faf9f2a156b67a529ae861d3287c66c1d8ccfdf909bcba78d?s=96&d=mm&r=g\",\"contentUrl\":\"https:\/\/secure.gravatar.com\/avatar\/0546ffaa9b79224faf9f2a156b67a529ae861d3287c66c1d8ccfdf909bcba78d?s=96&d=mm&r=g\",\"caption\":\"Sebastiano Plutino\"},\"url\":\"https:\/\/progettotouring.it\/radiotouring104\/author\/sebastiano\/\"}]}<\/script>\n<!-- \/ Yoast SEO plugin. -->","yoast_head_json":{"title":"Ponte Stretto, Salvini: \"Apertura cantieri sar\u00e0 evento mondiale\"","description":"Ministro intervenuto al convegno \"Palermo-Helsinki: corridoio con il Ponte per lo sviluppo sostenibile del Mezzogiorno d'Europa\"","robots":{"index":"index","follow":"follow","max-snippet":"max-snippet:-1","max-image-preview":"max-image-preview:large","max-video-preview":"max-video-preview:-1"},"canonical":"https:\/\/progettotouring.it\/radiotouring104\/2024\/01\/11\/ponte-stretto-salvini-apertura-cantieri-sara-evento-mondiale\/","og_locale":"it_IT","og_type":"article","og_title":"Ponte Stretto, Salvini: \"Apertura cantieri sar\u00e0 evento mondiale\"","og_description":"Ministro intervenuto al convegno \"Palermo-Helsinki: corridoio con il Ponte per lo sviluppo sostenibile del Mezzogiorno d'Europa\"","og_url":"https:\/\/progettotouring.it\/radiotouring104\/2024\/01\/11\/ponte-stretto-salvini-apertura-cantieri-sara-evento-mondiale\/","og_site_name":"Radio Touring 104","article_published_time":"2024-01-11T11:26:10+00:00","og_image":[{"width":374,"height":230,"url":"https:\/\/progettotouring.it\/radiotouring104\/wp-content\/uploads\/sites\/6\/2022\/12\/ponte-salvini.jpg","type":"image\/jpeg"}],"author":"Sebastiano Plutino","twitter_card":"summary_large_image","twitter_misc":{"Scritto da":"Sebastiano Plutino","Tempo di lettura stimato":"2 minuti"},"schema":{"@context":"https:\/\/schema.org","@graph":[{"@type":"Article","@id":"https:\/\/progettotouring.it\/radiotouring104\/2024\/01\/11\/ponte-stretto-salvini-apertura-cantieri-sara-evento-mondiale\/#article","isPartOf":{"@id":"https:\/\/progettotouring.it\/radiotouring104\/2024\/01\/11\/ponte-stretto-salvini-apertura-cantieri-sara-evento-mondiale\/"},"author":{"name":"Sebastiano Plutino","@id":"https:\/\/progettotouring.it\/radiotouring104\/#\/schema\/person\/78613917f1851f041f7483f5af1d422e"},"headline":"Ponte Stretto, Salvini: &#8220;Apertura cantieri sar\u00e0 evento mondiale&#8221;","datePublished":"2024-01-11T11:26:10+00:00","mainEntityOfPage":{"@id":"https:\/\/progettotouring.it\/radiotouring104\/2024\/01\/11\/ponte-stretto-salvini-apertura-cantieri-sara-evento-mondiale\/"},"wordCount":332,"publisher":{"@id":"https:\/\/progettotouring.it\/radiotouring104\/#organization"},"image":{"@id":"https:\/\/progettotouring.it\/radiotouring104\/2024\/01\/11\/ponte-stretto-salvini-apertura-cantieri-sara-evento-mondiale\/#primaryimage"},"thumbnailUrl":"https:\/\/progettotouring.it\/radiotouring104\/wp-content\/uploads\/sites\/6\/2022\/12\/ponte-salvini.jpg","keywords":["\"Palermo-Helsinki: il corridoio con il Ponte sullo Stretto per lo sviluppo sostenibile del Mezzogiorno d'Europa\"","Edoardo Rixi","Matteo Salvini","Ponte sullo stretto","universit\u00e0 mediterranea"],"articleSection":["Home","News","Reggio Calabria"],"inLanguage":"it-IT"},{"@type":"WebPage","@id":"https:\/\/progettotouring.it\/radiotouring104\/2024\/01\/11\/ponte-stretto-salvini-apertura-cantieri-sara-evento-mondiale\/","url":"https:\/\/progettotouring.it\/radiotouring104\/2024\/01\/11\/ponte-stretto-salvini-apertura-cantieri-sara-evento-mondiale\/","name":"Ponte Stretto, Salvini: \"Apertura cantieri sar\u00e0 evento mondiale\"","isPartOf":{"@id":"https:\/\/progettotouring.it\/radiotouring104\/#website"},"primaryImageOfPage":{"@id":"https:\/\/progettotouring.it\/radiotouring104\/2024\/01\/11\/ponte-stretto-salvini-apertura-cantieri-sara-evento-mondiale\/#primaryimage"},"image":{"@id":"https:\/\/progettotouring.it\/radiotouring104\/2024\/01\/11\/ponte-stretto-salvini-apertura-cantieri-sara-evento-mondiale\/#primaryimage"},"thumbnailUrl":"https:\/\/progettotouring.it\/radiotouring104\/wp-content\/uploads\/sites\/6\/2022\/12\/ponte-salvini.jpg","datePublished":"2024-01-11T11:26:10+00:00","description":"Ministro intervenuto al convegno \"Palermo-Helsinki: corridoio con il Ponte per lo sviluppo sostenibile del Mezzogiorno d'Europa\"","breadcrumb":{"@id":"https:\/\/progettotouring.it\/radiotouring104\/2024\/01\/11\/ponte-stretto-salvini-apertura-cantieri-sara-evento-mondiale\/#breadcrumb"},"inLanguage":"it-IT","potentialAction":[{"@type":"ReadAction","target":["https:\/\/progettotouring.it\/radiotouring104\/2024\/01\/11\/ponte-stretto-salvini-apertura-cantieri-sara-evento-mondiale\/"]}]},{"@type":"ImageObject","inLanguage":"it-IT","@id":"https:\/\/progettotouring.it\/radiotouring104\/2024\/01\/11\/ponte-stretto-salvini-apertura-cantieri-sara-evento-mondiale\/#primaryimage","url":"https:\/\/progettotouring.it\/radiotouring104\/wp-content\/uploads\/sites\/6\/2022\/12\/ponte-salvini.jpg","contentUrl":"https:\/\/progettotouring.it\/radiotouring104\/wp-content\/uploads\/sites\/6\/2022\/12\/ponte-salvini.jpg","width":374,"height":230},{"@type":"BreadcrumbList","@id":"https:\/\/progettotouring.it\/radiotouring104\/2024\/01\/11\/ponte-stretto-salvini-apertura-cantieri-sara-evento-mondiale\/#breadcrumb","itemListElement":[{"@type":"ListItem","position":1,"name":"Home","item":"https:\/\/progettotouring.it\/radiotouring104\/"},{"@type":"ListItem","position":2,"name":"Ponte Stretto, Salvini: &#8220;Apertura cantieri sar\u00e0 evento mondiale&#8221;"}]},{"@type":"WebSite","@id":"https:\/\/progettotouring.it\/radiotouring104\/#website","url":"https:\/\/progettotouring.it\/radiotouring104\/","name":"Radio Touring 104","description":"La prima radio Reggina","publisher":{"@id":"https:\/\/progettotouring.it\/radiotouring104\/#organization"},"potentialAction":[{"@type":"SearchAction","target":{"@type":"EntryPoint","urlTemplate":"https:\/\/progettotouring.it\/radiotouring104\/?s={search_term_string}"},"query-input":{"@type":"PropertyValueSpecification","valueRequired":true,"valueName":"search_term_string"}}],"inLanguage":"it-IT"},{"@type":"Organization","@id":"https:\/\/progettotouring.it\/radiotouring104\/#organization","name":"Radio Touring 104","url":"https:\/\/progettotouring.it\/radiotouring104\/","logo":{"@type":"ImageObject","inLanguage":"it-IT","@id":"https:\/\/progettotouring.it\/radiotouring104\/#\/schema\/logo\/image\/","url":"https:\/\/progettotouring.it\/radiotouring104\/wp-content\/uploads\/sites\/6\/2022\/02\/cropped-logo-radio-touring-104.png","contentUrl":"https:\/\/progettotouring.it\/radiotouring104\/wp-content\/uploads\/sites\/6\/2022\/02\/cropped-logo-radio-touring-104.png","width":377,"height":182,"caption":"Radio Touring 104"},"image":{"@id":"https:\/\/progettotouring.it\/radiotouring104\/#\/schema\/logo\/image\/"}},{"@type":"Person","@id":"https:\/\/progettotouring.it\/radiotouring104\/#\/schema\/person\/78613917f1851f041f7483f5af1d422e","name":"Sebastiano Plutino","image":{"@type":"ImageObject","inLanguage":"it-IT","@id":"https:\/\/secure.gravatar.com\/avatar\/0546ffaa9b79224faf9f2a156b67a529ae861d3287c66c1d8ccfdf909bcba78d?s=96&d=mm&r=g","url":"https:\/\/secure.gravatar.com\/avatar\/0546ffaa9b79224faf9f2a156b67a529ae861d3287c66c1d8ccfdf909bcba78d?s=96&d=mm&r=g","contentUrl":"https:\/\/secure.gravatar.com\/avatar\/0546ffaa9b79224faf9f2a156b67a529ae861d3287c66c1d8ccfdf909bcba78d?s=96&d=mm&r=g","caption":"Sebastiano Plutino"},"url":"https:\/\/progettotouring.it\/radiotouring104\/author\/sebastiano\/"}]}},"jetpack_publicize_connections":[],"jetpack_featured_media_url":"https:\/\/progettotouring.it\/radiotouring104\/wp-content\/uploads\/sites\/6\/2022\/12\/ponte-salvini.jpg","jetpack_sharing_enabled":true,"_links":{"self":[{"href":"https:\/\/progettotouring.it\/radiotouring104\/wp-json\/wp\/v2\/posts\/42441","targetHints":{"allow":["GET"]}}],"collection":[{"href":"https:\/\/progettotouring.it\/radiotouring104\/wp-json\/wp\/v2\/posts"}],"about":[{"href":"https:\/\/progettotouring.it\/radiotouring104\/wp-json\/wp\/v2\/types\/post"}],"author":[{"embeddable":true,"href":"https:\/\/progettotouring.it\/radiotouring104\/wp-json\/wp\/v2\/users\/12"}],"replies":[{"embeddable":true,"href":"https:\/\/progettotouring.it\/radiotouring104\/wp-json\/wp\/v2\/comments?post=42441"}],"version-history":[{"count":1,"href":"https:\/\/progettotouring.it\/radiotouring104\/wp-json\/wp\/v2\/posts\/42441\/revisions"}],"predecessor-version":[{"id":42442,"href":"https:\/\/progettotouring.it\/radiotouring104\/wp-json\/wp\/v2\/posts\/42441\/revisions\/42442"}],"wp:featuredmedia":[{"embeddable":true,"href":"https:\/\/progettotouring.it\/radiotouring104\/wp-json\/wp\/v2\/media\/14138"}],"wp:attachment":[{"href":"https:\/\/progettotouring.it\/radiotouring104\/wp-json\/wp\/v2\/media?parent=42441"}],"wp:term":[{"taxonomy":"category","embeddable":true,"href":"https:\/\/progettotouring.it\/radiotouring104\/wp-json\/wp\/v2\/categories?post=42441"},{"taxonomy":"post_tag","embeddable":true,"href":"https:\/\/progettotouring.it\/radiotouring104\/wp-json\/wp\/v2\/tags?post=42441"}],"curies":[{"name":"wp","href":"https:\/\/api.w.org\/{rel}","templated":true}]}}