{"id":42707,"date":"2024-01-15T13:10:52","date_gmt":"2024-01-15T12:10:52","guid":{"rendered":"https:\/\/progettotouring.it\/radiotouring104\/?p=42707"},"modified":"2024-01-15T13:10:52","modified_gmt":"2024-01-15T12:10:52","slug":"versace-da-metrocity-massima-attenzione-sulla-sp1-locri-gerace-dal-consigliere-lizzi-risposta-pronta-e-responsabile","status":"publish","type":"post","link":"https:\/\/progettotouring.it\/radiotouring104\/2024\/01\/15\/versace-da-metrocity-massima-attenzione-sulla-sp1-locri-gerace-dal-consigliere-lizzi-risposta-pronta-e-responsabile\/","title":{"rendered":"Versace: &#8220;Da Metrocity massima attenzione sulla Sp1 Locri Gerace. Dal Consigliere Lizzi risposta pronta e responsabile&#8221;"},"content":{"rendered":"<p style=\"text-align: justify\"><em>&#8220;L\u2019attenzione nei confronti del sistema viario metropolitano \u00e8 sempre alta e costante, vale anche per la SP1 Locri-Gerace, arteria sulla quale nei giorni scorsi siamo intervenuti tempestivamente a seguito di una frana causata dalla rottura di una conduttura idrica&#8221;.<\/em> <strong>Cos\u00ec il Vicesindaco metropolitano Carmelo Versace<\/strong>, anche nella sua qualifica di Delegato alla Viabilit\u00e0.<\/p>\n<p><em>&#8220;Il senso di responsabilit\u00e0 manifestato dal consigliere metropolitano Rudi Lizzi, nonch\u00e9 consigliere comunale di Gerace, ha consentito al settore viabilit\u00e0 di Palazzo Alvaro, un tempestivo intervento delle squadre tecniche che hanno messo in sicurezza il tratto interessato. Fuori da ogni sterile polemica politica &#8211;<\/em> ha aggiunto Versace &#8211; <em>che strumentalmente vuole alimentare una distorta informazione a danno dei cittadini che usufruiscono della SP1, ribadiamo il corretto e qualificato intervento politico-istituzionale del consigliere Rudi Lizzi. Da rappresentante dell\u2019Ente metropolitano, si \u00e8 prodigato con spirito di servizio in favore della sua comunit\u00e0, garantendo un primo intervento d\u2019urgenza ed un successivo per il ripristino della conduttura che ha provocato la frana. Il tutto interfacciandosi con il dirigente metropolitano del settore&#8221;.<\/em><\/p>\n<p><em>&#8220;La SP1 rappresenta una delle strade di maggiore interesse per il nostro comprensorio della Locride <strong>&#8211;<\/strong><\/em><strong> ha precisato Versace<\/strong> &#8211; <em>vuoi anche per l\u2019importanza culturale e turistica dell\u2019intera area, ed in questo caso l\u2019attenzione rimane alta e professionale. La Citt\u00e0 metropolitana , in tutte le sue componenti, politiche e tecniche, lo ha sempre dimostrato e chi intende cavalcare un disagio, solo per un mero tornaconto personale ed elettoralistico, non offre un servizio alla propria comunit\u00e0&#8221;.<\/em><\/p>\n<p><em>&#8220;Ricordo ai pi\u00f9 distratti e smemorati, ad esempio, la grande attenzione politica che abbiamo attivato sul caso della chiusura della galleria Limina, con un Consiglio metropolitano svoltosi a Gioiosa Jonica, preceduto da innumerevoli altri incontri con i sindaci del comprensorio della Locride. Ecco se non \u00e8 questo un chiaro esempio di massima attenzione politica e istituzionale, con tutta onest\u00e0 &#8211; conclude Versace &#8211; non riusciamo ad individuare altre forme&#8221;.<\/em><\/p>\n<div><\/div>\n","protected":false},"excerpt":{"rendered":"<p>&#8220;L\u2019attenzione nei confronti del sistema viario metropolitano \u00e8 sempre alta e costante, vale anche per la SP1 Locri-Gerace, arteria sulla quale nei giorni scorsi siamo intervenuti tempestivamente a seguito di&hellip;<\/p>\n","protected":false},"author":12,"featured_media":42708,"comment_status":"closed","ping_status":"open","sticky":false,"template":"","format":"standard","meta":{"_jetpack_memberships_contains_paid_content":false,"footnotes":"","jetpack_publicize_message":"","jetpack_publicize_feature_enabled":true,"jetpack_social_post_already_shared":false,"jetpack_social_options":{"image_generator_settings":{"template":"highway","default_image_id":0,"font":"","enabled":false},"version":2}},"categories":[921,196,1],"tags":[22986,9499,739,1757],"class_list":["post-42707","post","type-post","status-publish","format-standard","has-post-thumbnail","hentry","category-home","category-news","category-senza-categoria","tag-avv-carmelo-versace","tag-consigliere-lizzi","tag-palazzo-alvaro","tag-sp1-locri-gerace"],"yoast_head":"<!-- This site is optimized with the Yoast SEO plugin v27.2 - https:\/\/yoast.com\/product\/yoast-seo-wordpress\/ -->\n<title>Versace: &quot;Da Metrocity massima attenziona su Sp1 Locri Gerace&quot;<\/title>\n<meta name=\"description\" content=\"Il Vicesindaco Metrocity spegne le polemiche e ribadisce l&#039;impegno di Palazzo Alvaro per la viabilit\u00e0 del comprensorio della Locride\" \/>\n<meta name=\"robots\" content=\"index, follow, max-snippet:-1, max-image-preview:large, max-video-preview:-1\" \/>\n<link rel=\"canonical\" href=\"https:\/\/progettotouring.it\/radiotouring104\/2024\/01\/15\/versace-da-metrocity-massima-attenzione-sulla-sp1-locri-gerace-dal-consigliere-lizzi-risposta-pronta-e-responsabile\/\" \/>\n<meta property=\"og:locale\" content=\"it_IT\" \/>\n<meta property=\"og:type\" content=\"article\" \/>\n<meta property=\"og:title\" content=\"Versace: &quot;Da Metrocity massima attenziona su Sp1 Locri Gerace&quot;\" \/>\n<meta property=\"og:description\" content=\"Il Vicesindaco Metrocity spegne le polemiche e ribadisce l&#039;impegno di Palazzo Alvaro per la viabilit\u00e0 del comprensorio della Locride\" \/>\n<meta property=\"og:url\" content=\"https:\/\/progettotouring.it\/radiotouring104\/2024\/01\/15\/versace-da-metrocity-massima-attenzione-sulla-sp1-locri-gerace-dal-consigliere-lizzi-risposta-pronta-e-responsabile\/\" \/>\n<meta property=\"og:site_name\" content=\"Radio Touring 104\" \/>\n<meta property=\"article:published_time\" content=\"2024-01-15T12:10:52+00:00\" \/>\n<meta property=\"og:image\" content=\"https:\/\/progettotouring.it\/radiotouring104\/wp-content\/uploads\/sites\/6\/2024\/01\/Versace-Lizzi-SP1.jpeg\" \/>\n\t<meta property=\"og:image:width\" content=\"955\" \/>\n\t<meta property=\"og:image:height\" content=\"650\" \/>\n\t<meta property=\"og:image:type\" content=\"image\/jpeg\" \/>\n<meta name=\"author\" content=\"Sebastiano Plutino\" \/>\n<meta name=\"twitter:card\" content=\"summary_large_image\" \/>\n<meta name=\"twitter:label1\" content=\"Scritto da\" \/>\n\t<meta name=\"twitter:data1\" content=\"Sebastiano Plutino\" \/>\n\t<meta name=\"twitter:label2\" content=\"Tempo di lettura stimato\" \/>\n\t<meta name=\"twitter:data2\" content=\"2 minuti\" \/>\n<script type=\"application\/ld+json\" class=\"yoast-schema-graph\">{\"@context\":\"https:\/\/schema.org\",\"@graph\":[{\"@type\":\"Article\",\"@id\":\"https:\/\/progettotouring.it\/radiotouring104\/2024\/01\/15\/versace-da-metrocity-massima-attenzione-sulla-sp1-locri-gerace-dal-consigliere-lizzi-risposta-pronta-e-responsabile\/#article\",\"isPartOf\":{\"@id\":\"https:\/\/progettotouring.it\/radiotouring104\/2024\/01\/15\/versace-da-metrocity-massima-attenzione-sulla-sp1-locri-gerace-dal-consigliere-lizzi-risposta-pronta-e-responsabile\/\"},\"author\":{\"name\":\"Sebastiano Plutino\",\"@id\":\"https:\/\/progettotouring.it\/radiotouring104\/#\/schema\/person\/78613917f1851f041f7483f5af1d422e\"},\"headline\":\"Versace: &#8220;Da Metrocity massima attenzione sulla Sp1 Locri Gerace. Dal Consigliere Lizzi risposta pronta e responsabile&#8221;\",\"datePublished\":\"2024-01-15T12:10:52+00:00\",\"mainEntityOfPage\":{\"@id\":\"https:\/\/progettotouring.it\/radiotouring104\/2024\/01\/15\/versace-da-metrocity-massima-attenzione-sulla-sp1-locri-gerace-dal-consigliere-lizzi-risposta-pronta-e-responsabile\/\"},\"wordCount\":332,\"publisher\":{\"@id\":\"https:\/\/progettotouring.it\/radiotouring104\/#organization\"},\"image\":{\"@id\":\"https:\/\/progettotouring.it\/radiotouring104\/2024\/01\/15\/versace-da-metrocity-massima-attenzione-sulla-sp1-locri-gerace-dal-consigliere-lizzi-risposta-pronta-e-responsabile\/#primaryimage\"},\"thumbnailUrl\":\"https:\/\/progettotouring.it\/radiotouring104\/wp-content\/uploads\/sites\/6\/2024\/01\/Versace-Lizzi-SP1.jpeg\",\"keywords\":[\"Avv. Carmelo Versace\",\"Consigliere Lizzi\",\"Palazzo Alvaro\",\"SP1 Locri-Gerace\"],\"articleSection\":[\"Home\",\"News\"],\"inLanguage\":\"it-IT\"},{\"@type\":\"WebPage\",\"@id\":\"https:\/\/progettotouring.it\/radiotouring104\/2024\/01\/15\/versace-da-metrocity-massima-attenzione-sulla-sp1-locri-gerace-dal-consigliere-lizzi-risposta-pronta-e-responsabile\/\",\"url\":\"https:\/\/progettotouring.it\/radiotouring104\/2024\/01\/15\/versace-da-metrocity-massima-attenzione-sulla-sp1-locri-gerace-dal-consigliere-lizzi-risposta-pronta-e-responsabile\/\",\"name\":\"Versace: \\\"Da Metrocity massima attenziona su Sp1 Locri Gerace\\\"\",\"isPartOf\":{\"@id\":\"https:\/\/progettotouring.it\/radiotouring104\/#website\"},\"primaryImageOfPage\":{\"@id\":\"https:\/\/progettotouring.it\/radiotouring104\/2024\/01\/15\/versace-da-metrocity-massima-attenzione-sulla-sp1-locri-gerace-dal-consigliere-lizzi-risposta-pronta-e-responsabile\/#primaryimage\"},\"image\":{\"@id\":\"https:\/\/progettotouring.it\/radiotouring104\/2024\/01\/15\/versace-da-metrocity-massima-attenzione-sulla-sp1-locri-gerace-dal-consigliere-lizzi-risposta-pronta-e-responsabile\/#primaryimage\"},\"thumbnailUrl\":\"https:\/\/progettotouring.it\/radiotouring104\/wp-content\/uploads\/sites\/6\/2024\/01\/Versace-Lizzi-SP1.jpeg\",\"datePublished\":\"2024-01-15T12:10:52+00:00\",\"description\":\"Il Vicesindaco Metrocity spegne le polemiche e ribadisce l'impegno di Palazzo Alvaro per la viabilit\u00e0 del comprensorio della Locride\",\"breadcrumb\":{\"@id\":\"https:\/\/progettotouring.it\/radiotouring104\/2024\/01\/15\/versace-da-metrocity-massima-attenzione-sulla-sp1-locri-gerace-dal-consigliere-lizzi-risposta-pronta-e-responsabile\/#breadcrumb\"},\"inLanguage\":\"it-IT\",\"potentialAction\":[{\"@type\":\"ReadAction\",\"target\":[\"https:\/\/progettotouring.it\/radiotouring104\/2024\/01\/15\/versace-da-metrocity-massima-attenzione-sulla-sp1-locri-gerace-dal-consigliere-lizzi-risposta-pronta-e-responsabile\/\"]}]},{\"@type\":\"ImageObject\",\"inLanguage\":\"it-IT\",\"@id\":\"https:\/\/progettotouring.it\/radiotouring104\/2024\/01\/15\/versace-da-metrocity-massima-attenzione-sulla-sp1-locri-gerace-dal-consigliere-lizzi-risposta-pronta-e-responsabile\/#primaryimage\",\"url\":\"https:\/\/progettotouring.it\/radiotouring104\/wp-content\/uploads\/sites\/6\/2024\/01\/Versace-Lizzi-SP1.jpeg\",\"contentUrl\":\"https:\/\/progettotouring.it\/radiotouring104\/wp-content\/uploads\/sites\/6\/2024\/01\/Versace-Lizzi-SP1.jpeg\",\"width\":955,\"height\":650},{\"@type\":\"BreadcrumbList\",\"@id\":\"https:\/\/progettotouring.it\/radiotouring104\/2024\/01\/15\/versace-da-metrocity-massima-attenzione-sulla-sp1-locri-gerace-dal-consigliere-lizzi-risposta-pronta-e-responsabile\/#breadcrumb\",\"itemListElement\":[{\"@type\":\"ListItem\",\"position\":1,\"name\":\"Home\",\"item\":\"https:\/\/progettotouring.it\/radiotouring104\/\"},{\"@type\":\"ListItem\",\"position\":2,\"name\":\"Versace: &#8220;Da Metrocity massima attenzione sulla Sp1 Locri Gerace. Dal Consigliere Lizzi risposta pronta e responsabile&#8221;\"}]},{\"@type\":\"WebSite\",\"@id\":\"https:\/\/progettotouring.it\/radiotouring104\/#website\",\"url\":\"https:\/\/progettotouring.it\/radiotouring104\/\",\"name\":\"Radio Touring 104\",\"description\":\"La prima radio Reggina\",\"publisher\":{\"@id\":\"https:\/\/progettotouring.it\/radiotouring104\/#organization\"},\"potentialAction\":[{\"@type\":\"SearchAction\",\"target\":{\"@type\":\"EntryPoint\",\"urlTemplate\":\"https:\/\/progettotouring.it\/radiotouring104\/?s={search_term_string}\"},\"query-input\":{\"@type\":\"PropertyValueSpecification\",\"valueRequired\":true,\"valueName\":\"search_term_string\"}}],\"inLanguage\":\"it-IT\"},{\"@type\":\"Organization\",\"@id\":\"https:\/\/progettotouring.it\/radiotouring104\/#organization\",\"name\":\"Radio Touring 104\",\"url\":\"https:\/\/progettotouring.it\/radiotouring104\/\",\"logo\":{\"@type\":\"ImageObject\",\"inLanguage\":\"it-IT\",\"@id\":\"https:\/\/progettotouring.it\/radiotouring104\/#\/schema\/logo\/image\/\",\"url\":\"https:\/\/progettotouring.it\/radiotouring104\/wp-content\/uploads\/sites\/6\/2022\/02\/cropped-logo-radio-touring-104.png\",\"contentUrl\":\"https:\/\/progettotouring.it\/radiotouring104\/wp-content\/uploads\/sites\/6\/2022\/02\/cropped-logo-radio-touring-104.png\",\"width\":377,\"height\":182,\"caption\":\"Radio Touring 104\"},\"image\":{\"@id\":\"https:\/\/progettotouring.it\/radiotouring104\/#\/schema\/logo\/image\/\"}},{\"@type\":\"Person\",\"@id\":\"https:\/\/progettotouring.it\/radiotouring104\/#\/schema\/person\/78613917f1851f041f7483f5af1d422e\",\"name\":\"Sebastiano Plutino\",\"image\":{\"@type\":\"ImageObject\",\"inLanguage\":\"it-IT\",\"@id\":\"https:\/\/secure.gravatar.com\/avatar\/0546ffaa9b79224faf9f2a156b67a529ae861d3287c66c1d8ccfdf909bcba78d?s=96&d=mm&r=g\",\"url\":\"https:\/\/secure.gravatar.com\/avatar\/0546ffaa9b79224faf9f2a156b67a529ae861d3287c66c1d8ccfdf909bcba78d?s=96&d=mm&r=g\",\"contentUrl\":\"https:\/\/secure.gravatar.com\/avatar\/0546ffaa9b79224faf9f2a156b67a529ae861d3287c66c1d8ccfdf909bcba78d?s=96&d=mm&r=g\",\"caption\":\"Sebastiano Plutino\"},\"url\":\"https:\/\/progettotouring.it\/radiotouring104\/author\/sebastiano\/\"}]}<\/script>\n<!-- \/ Yoast SEO plugin. -->","yoast_head_json":{"title":"Versace: \"Da Metrocity massima attenziona su Sp1 Locri Gerace\"","description":"Il Vicesindaco Metrocity spegne le polemiche e ribadisce l'impegno di Palazzo Alvaro per la viabilit\u00e0 del comprensorio della Locride","robots":{"index":"index","follow":"follow","max-snippet":"max-snippet:-1","max-image-preview":"max-image-preview:large","max-video-preview":"max-video-preview:-1"},"canonical":"https:\/\/progettotouring.it\/radiotouring104\/2024\/01\/15\/versace-da-metrocity-massima-attenzione-sulla-sp1-locri-gerace-dal-consigliere-lizzi-risposta-pronta-e-responsabile\/","og_locale":"it_IT","og_type":"article","og_title":"Versace: \"Da Metrocity massima attenziona su Sp1 Locri Gerace\"","og_description":"Il Vicesindaco Metrocity spegne le polemiche e ribadisce l'impegno di Palazzo Alvaro per la viabilit\u00e0 del comprensorio della Locride","og_url":"https:\/\/progettotouring.it\/radiotouring104\/2024\/01\/15\/versace-da-metrocity-massima-attenzione-sulla-sp1-locri-gerace-dal-consigliere-lizzi-risposta-pronta-e-responsabile\/","og_site_name":"Radio Touring 104","article_published_time":"2024-01-15T12:10:52+00:00","og_image":[{"width":955,"height":650,"url":"https:\/\/progettotouring.it\/radiotouring104\/wp-content\/uploads\/sites\/6\/2024\/01\/Versace-Lizzi-SP1.jpeg","type":"image\/jpeg"}],"author":"Sebastiano Plutino","twitter_card":"summary_large_image","twitter_misc":{"Scritto da":"Sebastiano Plutino","Tempo di lettura stimato":"2 minuti"},"schema":{"@context":"https:\/\/schema.org","@graph":[{"@type":"Article","@id":"https:\/\/progettotouring.it\/radiotouring104\/2024\/01\/15\/versace-da-metrocity-massima-attenzione-sulla-sp1-locri-gerace-dal-consigliere-lizzi-risposta-pronta-e-responsabile\/#article","isPartOf":{"@id":"https:\/\/progettotouring.it\/radiotouring104\/2024\/01\/15\/versace-da-metrocity-massima-attenzione-sulla-sp1-locri-gerace-dal-consigliere-lizzi-risposta-pronta-e-responsabile\/"},"author":{"name":"Sebastiano Plutino","@id":"https:\/\/progettotouring.it\/radiotouring104\/#\/schema\/person\/78613917f1851f041f7483f5af1d422e"},"headline":"Versace: &#8220;Da Metrocity massima attenzione sulla Sp1 Locri Gerace. Dal Consigliere Lizzi risposta pronta e responsabile&#8221;","datePublished":"2024-01-15T12:10:52+00:00","mainEntityOfPage":{"@id":"https:\/\/progettotouring.it\/radiotouring104\/2024\/01\/15\/versace-da-metrocity-massima-attenzione-sulla-sp1-locri-gerace-dal-consigliere-lizzi-risposta-pronta-e-responsabile\/"},"wordCount":332,"publisher":{"@id":"https:\/\/progettotouring.it\/radiotouring104\/#organization"},"image":{"@id":"https:\/\/progettotouring.it\/radiotouring104\/2024\/01\/15\/versace-da-metrocity-massima-attenzione-sulla-sp1-locri-gerace-dal-consigliere-lizzi-risposta-pronta-e-responsabile\/#primaryimage"},"thumbnailUrl":"https:\/\/progettotouring.it\/radiotouring104\/wp-content\/uploads\/sites\/6\/2024\/01\/Versace-Lizzi-SP1.jpeg","keywords":["Avv. Carmelo Versace","Consigliere Lizzi","Palazzo Alvaro","SP1 Locri-Gerace"],"articleSection":["Home","News"],"inLanguage":"it-IT"},{"@type":"WebPage","@id":"https:\/\/progettotouring.it\/radiotouring104\/2024\/01\/15\/versace-da-metrocity-massima-attenzione-sulla-sp1-locri-gerace-dal-consigliere-lizzi-risposta-pronta-e-responsabile\/","url":"https:\/\/progettotouring.it\/radiotouring104\/2024\/01\/15\/versace-da-metrocity-massima-attenzione-sulla-sp1-locri-gerace-dal-consigliere-lizzi-risposta-pronta-e-responsabile\/","name":"Versace: \"Da Metrocity massima attenziona su Sp1 Locri Gerace\"","isPartOf":{"@id":"https:\/\/progettotouring.it\/radiotouring104\/#website"},"primaryImageOfPage":{"@id":"https:\/\/progettotouring.it\/radiotouring104\/2024\/01\/15\/versace-da-metrocity-massima-attenzione-sulla-sp1-locri-gerace-dal-consigliere-lizzi-risposta-pronta-e-responsabile\/#primaryimage"},"image":{"@id":"https:\/\/progettotouring.it\/radiotouring104\/2024\/01\/15\/versace-da-metrocity-massima-attenzione-sulla-sp1-locri-gerace-dal-consigliere-lizzi-risposta-pronta-e-responsabile\/#primaryimage"},"thumbnailUrl":"https:\/\/progettotouring.it\/radiotouring104\/wp-content\/uploads\/sites\/6\/2024\/01\/Versace-Lizzi-SP1.jpeg","datePublished":"2024-01-15T12:10:52+00:00","description":"Il Vicesindaco Metrocity spegne le polemiche e ribadisce l'impegno di Palazzo Alvaro per la viabilit\u00e0 del comprensorio della Locride","breadcrumb":{"@id":"https:\/\/progettotouring.it\/radiotouring104\/2024\/01\/15\/versace-da-metrocity-massima-attenzione-sulla-sp1-locri-gerace-dal-consigliere-lizzi-risposta-pronta-e-responsabile\/#breadcrumb"},"inLanguage":"it-IT","potentialAction":[{"@type":"ReadAction","target":["https:\/\/progettotouring.it\/radiotouring104\/2024\/01\/15\/versace-da-metrocity-massima-attenzione-sulla-sp1-locri-gerace-dal-consigliere-lizzi-risposta-pronta-e-responsabile\/"]}]},{"@type":"ImageObject","inLanguage":"it-IT","@id":"https:\/\/progettotouring.it\/radiotouring104\/2024\/01\/15\/versace-da-metrocity-massima-attenzione-sulla-sp1-locri-gerace-dal-consigliere-lizzi-risposta-pronta-e-responsabile\/#primaryimage","url":"https:\/\/progettotouring.it\/radiotouring104\/wp-content\/uploads\/sites\/6\/2024\/01\/Versace-Lizzi-SP1.jpeg","contentUrl":"https:\/\/progettotouring.it\/radiotouring104\/wp-content\/uploads\/sites\/6\/2024\/01\/Versace-Lizzi-SP1.jpeg","width":955,"height":650},{"@type":"BreadcrumbList","@id":"https:\/\/progettotouring.it\/radiotouring104\/2024\/01\/15\/versace-da-metrocity-massima-attenzione-sulla-sp1-locri-gerace-dal-consigliere-lizzi-risposta-pronta-e-responsabile\/#breadcrumb","itemListElement":[{"@type":"ListItem","position":1,"name":"Home","item":"https:\/\/progettotouring.it\/radiotouring104\/"},{"@type":"ListItem","position":2,"name":"Versace: &#8220;Da Metrocity massima attenzione sulla Sp1 Locri Gerace. Dal Consigliere Lizzi risposta pronta e responsabile&#8221;"}]},{"@type":"WebSite","@id":"https:\/\/progettotouring.it\/radiotouring104\/#website","url":"https:\/\/progettotouring.it\/radiotouring104\/","name":"Radio Touring 104","description":"La prima radio Reggina","publisher":{"@id":"https:\/\/progettotouring.it\/radiotouring104\/#organization"},"potentialAction":[{"@type":"SearchAction","target":{"@type":"EntryPoint","urlTemplate":"https:\/\/progettotouring.it\/radiotouring104\/?s={search_term_string}"},"query-input":{"@type":"PropertyValueSpecification","valueRequired":true,"valueName":"search_term_string"}}],"inLanguage":"it-IT"},{"@type":"Organization","@id":"https:\/\/progettotouring.it\/radiotouring104\/#organization","name":"Radio Touring 104","url":"https:\/\/progettotouring.it\/radiotouring104\/","logo":{"@type":"ImageObject","inLanguage":"it-IT","@id":"https:\/\/progettotouring.it\/radiotouring104\/#\/schema\/logo\/image\/","url":"https:\/\/progettotouring.it\/radiotouring104\/wp-content\/uploads\/sites\/6\/2022\/02\/cropped-logo-radio-touring-104.png","contentUrl":"https:\/\/progettotouring.it\/radiotouring104\/wp-content\/uploads\/sites\/6\/2022\/02\/cropped-logo-radio-touring-104.png","width":377,"height":182,"caption":"Radio Touring 104"},"image":{"@id":"https:\/\/progettotouring.it\/radiotouring104\/#\/schema\/logo\/image\/"}},{"@type":"Person","@id":"https:\/\/progettotouring.it\/radiotouring104\/#\/schema\/person\/78613917f1851f041f7483f5af1d422e","name":"Sebastiano Plutino","image":{"@type":"ImageObject","inLanguage":"it-IT","@id":"https:\/\/secure.gravatar.com\/avatar\/0546ffaa9b79224faf9f2a156b67a529ae861d3287c66c1d8ccfdf909bcba78d?s=96&d=mm&r=g","url":"https:\/\/secure.gravatar.com\/avatar\/0546ffaa9b79224faf9f2a156b67a529ae861d3287c66c1d8ccfdf909bcba78d?s=96&d=mm&r=g","contentUrl":"https:\/\/secure.gravatar.com\/avatar\/0546ffaa9b79224faf9f2a156b67a529ae861d3287c66c1d8ccfdf909bcba78d?s=96&d=mm&r=g","caption":"Sebastiano Plutino"},"url":"https:\/\/progettotouring.it\/radiotouring104\/author\/sebastiano\/"}]}},"jetpack_publicize_connections":[],"jetpack_featured_media_url":"https:\/\/progettotouring.it\/radiotouring104\/wp-content\/uploads\/sites\/6\/2024\/01\/Versace-Lizzi-SP1.jpeg","jetpack_sharing_enabled":true,"_links":{"self":[{"href":"https:\/\/progettotouring.it\/radiotouring104\/wp-json\/wp\/v2\/posts\/42707","targetHints":{"allow":["GET"]}}],"collection":[{"href":"https:\/\/progettotouring.it\/radiotouring104\/wp-json\/wp\/v2\/posts"}],"about":[{"href":"https:\/\/progettotouring.it\/radiotouring104\/wp-json\/wp\/v2\/types\/post"}],"author":[{"embeddable":true,"href":"https:\/\/progettotouring.it\/radiotouring104\/wp-json\/wp\/v2\/users\/12"}],"replies":[{"embeddable":true,"href":"https:\/\/progettotouring.it\/radiotouring104\/wp-json\/wp\/v2\/comments?post=42707"}],"version-history":[{"count":1,"href":"https:\/\/progettotouring.it\/radiotouring104\/wp-json\/wp\/v2\/posts\/42707\/revisions"}],"predecessor-version":[{"id":42709,"href":"https:\/\/progettotouring.it\/radiotouring104\/wp-json\/wp\/v2\/posts\/42707\/revisions\/42709"}],"wp:featuredmedia":[{"embeddable":true,"href":"https:\/\/progettotouring.it\/radiotouring104\/wp-json\/wp\/v2\/media\/42708"}],"wp:attachment":[{"href":"https:\/\/progettotouring.it\/radiotouring104\/wp-json\/wp\/v2\/media?parent=42707"}],"wp:term":[{"taxonomy":"category","embeddable":true,"href":"https:\/\/progettotouring.it\/radiotouring104\/wp-json\/wp\/v2\/categories?post=42707"},{"taxonomy":"post_tag","embeddable":true,"href":"https:\/\/progettotouring.it\/radiotouring104\/wp-json\/wp\/v2\/tags?post=42707"}],"curies":[{"name":"wp","href":"https:\/\/api.w.org\/{rel}","templated":true}]}}