{"id":42805,"date":"2024-01-17T11:06:58","date_gmt":"2024-01-17T10:06:58","guid":{"rendered":"https:\/\/progettotouring.it\/radiotouring104\/?p=42805"},"modified":"2024-01-17T11:09:11","modified_gmt":"2024-01-17T10:09:11","slug":"motta-s-g-dallambito-territoriale-un-aiuto-alle-famiglie-per-asili-nido-e-scuole-per-linfanzia","status":"publish","type":"post","link":"https:\/\/progettotouring.it\/radiotouring104\/2024\/01\/17\/motta-s-g-dallambito-territoriale-un-aiuto-alle-famiglie-per-asili-nido-e-scuole-per-linfanzia\/","title":{"rendered":"Motta S.G: dall&#8217;ambito territoriale un aiuto alle famiglie per asili nido e scuole per l&#8217;infanzia"},"content":{"rendered":"<p class=\"xmprfx_gmail-MsoNoSpacing\" style=\"text-align: justify\">Curato dall\u2019Ambito Territoriale n\u00b04 con <strong>Comune Capofila Melito Porto Salvo, \u00e8 stato pubblicato l\u2019avviso finalizzato a sostenere economicamente le famiglie per la frequenza dei nidi d\u2019infanzia privati, autorizzati ed accreditati al funzionamento 0-3 anni, nonch\u00e9 delle scuole dell\u2019infanzia 3-6 anni.<\/strong><\/p>\n<p class=\"xmprfx_MsoNormal\" style=\"text-align: justify\">I soggetti beneficiari del contributo sono le famiglie dei bambini residenti nell\u2019<strong>Ambito territoriale n. 4 che Comprendente i comuni<\/strong> di Bagaladi, Bova, Bova Marina, Cardeto, Condofuri, Montebello Jonico, Motta San Giovanni, Roccaforte del Greco, Roghudi e San Lorenzo.<\/p>\n<p class=\"xmprfx_MsoNormal\" style=\"text-align: justify\"><strong>Per poter partecipare all\u2019avviso \u00e8 necessario avere un ISEE in corso di validit\u00e0 non superiore a 35 mila euro<\/strong> e non essere beneficiari di altri rimborsi, sovvenzioni o azioni di supporto erogate dallo stesso titolo.<\/p>\n<p class=\"xmprfx_MsoNormal\" style=\"text-align: justify\">Il contributo concesso alle famiglie, che varier\u00e0 in base al valore della Situazione Economica Equivalente (ISEE) in corso di validit\u00e0, permetter\u00e0 una riduzione del costo della retta (escluso servizio mensa) consentendo cos\u00ec un sostegno economico per la frequenza dei bambini ai nidi d\u2019infanzia ed alle scuole dell\u2019infanzia.<\/p>\n<p class=\"xmprfx_gmail-Default\" style=\"text-align: justify\">Alla conclusione dell\u2019anno scolastico il genitore\/tutore\/affidatario dovr\u00e0 produrre al Servizio sociale del Comune, unitamente alla domanda, le fatture rilasciate dal gestore e la documentazione attestante la tracciabilit\u00e0 del pagamento (versamento bancario o postale ovvero mediante altri sistemi di pagamento tracciabili, \u00e8 escluso il pagamento in contanti). La fattura dovr\u00e0 recare il codice fiscale dell\u2019alunno.<\/p>\n<p class=\"xmprfx_gmail-Default\" style=\"text-align: justify\">Le domande, che saranno accolte fino ad esaurimento delle risorse disponibili,\u00a0dovranno essere presentate entro il prossimo 15 luglio e potranno essere consegnate in modalit\u00e0 cartacea presso l\u2019Ufficio protocollo del Comune (piazza della Municipalit\u00e0 a Motta San Giovanni) o in modalit\u00e0 telematica alla pec\u00a0<a target=\"_self\" rel=\"noopener\">s.comunedimelitodiportosalvo@apogeopec.it<\/a>.<\/p>\n<p class=\"xmprfx_MsoNormal\" style=\"text-align: justify\">Per il comune di Motta San Giovanni sono state ventiquattro le richieste presentate lo scorso anno, tutte ammesse al contributo e in liquidazione in queste settimane per una somma complessiva di quasi 23 mila euro.<\/p>\n<p class=\"xmprfx_gmail-MsoNoSpacing\" style=\"text-align: justify\">Per chiarimenti ed informazioni \u00e8 possibile contattare l\u2019Ufficio Politiche Sociali del Comune di Motta San Giovanni (tel. 0965718108) e scaricare l\u2019avviso e la modulistica dal sito istituzionale (<a href=\"http:\/\/www.comune.mottasangiovanni.rc.it\/\" target=\"_blank\" rel=\"noopener noreferrer\">www.comune.mottasangiovanni.rc.it<\/a>)<\/p>\n","protected":false},"excerpt":{"rendered":"<p>Curato dall\u2019Ambito Territoriale n\u00b04 con Comune Capofila Melito Porto Salvo, \u00e8 stato pubblicato l\u2019avviso finalizzato a sostenere economicamente le famiglie per la frequenza dei nidi d\u2019infanzia privati, autorizzati ed accreditati&hellip;<\/p>\n","protected":false},"author":12,"featured_media":42806,"comment_status":"closed","ping_status":"open","sticky":false,"template":"","format":"standard","meta":{"_jetpack_memberships_contains_paid_content":false,"footnotes":"","jetpack_publicize_message":"","jetpack_publicize_feature_enabled":true,"jetpack_social_post_already_shared":false,"jetpack_social_options":{"image_generator_settings":{"template":"highway","default_image_id":0,"font":"","enabled":false},"version":2}},"categories":[921,196,140],"tags":[26435,4165,17956,26436,4166],"class_list":["post-42805","post","type-post","status-publish","format-standard","has-post-thumbnail","hentry","category-home","category-news","category-reggio-calabria","tag-aiuto-alle-famiglie","tag-asili-nido","tag-motta-s-g","tag-omune-melito-porto-salvo","tag-scuole-infanzia"],"yoast_head":"<!-- This site is optimized with the Yoast SEO plugin v27.2 - https:\/\/yoast.com\/product\/yoast-seo-wordpress\/ -->\n<title>Motta: pubblicato avviso per contributo a nidi e scuole infanzia<\/title>\n<meta name=\"description\" content=\"Pubblicato l\u2019avviso finalizzato a sostenere economicamente le famiglie per la frequenza dei nidi d\u2019infanzia privati\" \/>\n<meta name=\"robots\" content=\"index, follow, max-snippet:-1, max-image-preview:large, max-video-preview:-1\" \/>\n<link rel=\"canonical\" href=\"https:\/\/progettotouring.it\/radiotouring104\/2024\/01\/17\/motta-s-g-dallambito-territoriale-un-aiuto-alle-famiglie-per-asili-nido-e-scuole-per-linfanzia\/\" \/>\n<meta property=\"og:locale\" content=\"it_IT\" \/>\n<meta property=\"og:type\" content=\"article\" \/>\n<meta property=\"og:title\" content=\"Motta: pubblicato avviso per contributo a nidi e scuole infanzia\" \/>\n<meta property=\"og:description\" content=\"Pubblicato l\u2019avviso finalizzato a sostenere economicamente le famiglie per la frequenza dei nidi d\u2019infanzia privati\" \/>\n<meta property=\"og:url\" content=\"https:\/\/progettotouring.it\/radiotouring104\/2024\/01\/17\/motta-s-g-dallambito-territoriale-un-aiuto-alle-famiglie-per-asili-nido-e-scuole-per-linfanzia\/\" \/>\n<meta property=\"og:site_name\" content=\"Radio Touring 104\" \/>\n<meta property=\"article:published_time\" content=\"2024-01-17T10:06:58+00:00\" \/>\n<meta property=\"article:modified_time\" content=\"2024-01-17T10:09:11+00:00\" \/>\n<meta property=\"og:image\" content=\"https:\/\/progettotouring.it\/radiotouring104\/wp-content\/uploads\/sites\/6\/2024\/01\/locandina-contributo-nidi-scuole-infanzia-MOTTA-SG.jpg\" \/>\n\t<meta property=\"og:image:width\" content=\"628\" \/>\n\t<meta property=\"og:image:height\" content=\"894\" \/>\n\t<meta property=\"og:image:type\" content=\"image\/jpeg\" \/>\n<meta name=\"author\" content=\"Sebastiano Plutino\" \/>\n<meta name=\"twitter:card\" content=\"summary_large_image\" \/>\n<meta name=\"twitter:label1\" content=\"Scritto da\" \/>\n\t<meta name=\"twitter:data1\" content=\"Sebastiano Plutino\" \/>\n\t<meta name=\"twitter:label2\" content=\"Tempo di lettura stimato\" \/>\n\t<meta name=\"twitter:data2\" content=\"2 minuti\" \/>\n<script type=\"application\/ld+json\" class=\"yoast-schema-graph\">{\"@context\":\"https:\/\/schema.org\",\"@graph\":[{\"@type\":\"Article\",\"@id\":\"https:\/\/progettotouring.it\/radiotouring104\/2024\/01\/17\/motta-s-g-dallambito-territoriale-un-aiuto-alle-famiglie-per-asili-nido-e-scuole-per-linfanzia\/#article\",\"isPartOf\":{\"@id\":\"https:\/\/progettotouring.it\/radiotouring104\/2024\/01\/17\/motta-s-g-dallambito-territoriale-un-aiuto-alle-famiglie-per-asili-nido-e-scuole-per-linfanzia\/\"},\"author\":{\"name\":\"Sebastiano Plutino\",\"@id\":\"https:\/\/progettotouring.it\/radiotouring104\/#\/schema\/person\/78613917f1851f041f7483f5af1d422e\"},\"headline\":\"Motta S.G: dall&#8217;ambito territoriale un aiuto alle famiglie per asili nido e scuole per l&#8217;infanzia\",\"datePublished\":\"2024-01-17T10:06:58+00:00\",\"dateModified\":\"2024-01-17T10:09:11+00:00\",\"mainEntityOfPage\":{\"@id\":\"https:\/\/progettotouring.it\/radiotouring104\/2024\/01\/17\/motta-s-g-dallambito-territoriale-un-aiuto-alle-famiglie-per-asili-nido-e-scuole-per-linfanzia\/\"},\"wordCount\":351,\"publisher\":{\"@id\":\"https:\/\/progettotouring.it\/radiotouring104\/#organization\"},\"image\":{\"@id\":\"https:\/\/progettotouring.it\/radiotouring104\/2024\/01\/17\/motta-s-g-dallambito-territoriale-un-aiuto-alle-famiglie-per-asili-nido-e-scuole-per-linfanzia\/#primaryimage\"},\"thumbnailUrl\":\"https:\/\/progettotouring.it\/radiotouring104\/wp-content\/uploads\/sites\/6\/2024\/01\/locandina-contributo-nidi-scuole-infanzia-MOTTA-SG.jpg\",\"keywords\":[\"aiuto alle famiglie\",\"asili nido\",\"Motta S.G.\",\"omune Melito Porto Salvo\",\"scuole infanzia\"],\"articleSection\":[\"Home\",\"News\",\"Reggio Calabria\"],\"inLanguage\":\"it-IT\"},{\"@type\":\"WebPage\",\"@id\":\"https:\/\/progettotouring.it\/radiotouring104\/2024\/01\/17\/motta-s-g-dallambito-territoriale-un-aiuto-alle-famiglie-per-asili-nido-e-scuole-per-linfanzia\/\",\"url\":\"https:\/\/progettotouring.it\/radiotouring104\/2024\/01\/17\/motta-s-g-dallambito-territoriale-un-aiuto-alle-famiglie-per-asili-nido-e-scuole-per-linfanzia\/\",\"name\":\"Motta: pubblicato avviso per contributo a nidi e scuole infanzia\",\"isPartOf\":{\"@id\":\"https:\/\/progettotouring.it\/radiotouring104\/#website\"},\"primaryImageOfPage\":{\"@id\":\"https:\/\/progettotouring.it\/radiotouring104\/2024\/01\/17\/motta-s-g-dallambito-territoriale-un-aiuto-alle-famiglie-per-asili-nido-e-scuole-per-linfanzia\/#primaryimage\"},\"image\":{\"@id\":\"https:\/\/progettotouring.it\/radiotouring104\/2024\/01\/17\/motta-s-g-dallambito-territoriale-un-aiuto-alle-famiglie-per-asili-nido-e-scuole-per-linfanzia\/#primaryimage\"},\"thumbnailUrl\":\"https:\/\/progettotouring.it\/radiotouring104\/wp-content\/uploads\/sites\/6\/2024\/01\/locandina-contributo-nidi-scuole-infanzia-MOTTA-SG.jpg\",\"datePublished\":\"2024-01-17T10:06:58+00:00\",\"dateModified\":\"2024-01-17T10:09:11+00:00\",\"description\":\"Pubblicato l\u2019avviso finalizzato a sostenere economicamente le famiglie per la frequenza dei nidi d\u2019infanzia privati\",\"breadcrumb\":{\"@id\":\"https:\/\/progettotouring.it\/radiotouring104\/2024\/01\/17\/motta-s-g-dallambito-territoriale-un-aiuto-alle-famiglie-per-asili-nido-e-scuole-per-linfanzia\/#breadcrumb\"},\"inLanguage\":\"it-IT\",\"potentialAction\":[{\"@type\":\"ReadAction\",\"target\":[\"https:\/\/progettotouring.it\/radiotouring104\/2024\/01\/17\/motta-s-g-dallambito-territoriale-un-aiuto-alle-famiglie-per-asili-nido-e-scuole-per-linfanzia\/\"]}]},{\"@type\":\"ImageObject\",\"inLanguage\":\"it-IT\",\"@id\":\"https:\/\/progettotouring.it\/radiotouring104\/2024\/01\/17\/motta-s-g-dallambito-territoriale-un-aiuto-alle-famiglie-per-asili-nido-e-scuole-per-linfanzia\/#primaryimage\",\"url\":\"https:\/\/progettotouring.it\/radiotouring104\/wp-content\/uploads\/sites\/6\/2024\/01\/locandina-contributo-nidi-scuole-infanzia-MOTTA-SG.jpg\",\"contentUrl\":\"https:\/\/progettotouring.it\/radiotouring104\/wp-content\/uploads\/sites\/6\/2024\/01\/locandina-contributo-nidi-scuole-infanzia-MOTTA-SG.jpg\",\"width\":628,\"height\":894},{\"@type\":\"BreadcrumbList\",\"@id\":\"https:\/\/progettotouring.it\/radiotouring104\/2024\/01\/17\/motta-s-g-dallambito-territoriale-un-aiuto-alle-famiglie-per-asili-nido-e-scuole-per-linfanzia\/#breadcrumb\",\"itemListElement\":[{\"@type\":\"ListItem\",\"position\":1,\"name\":\"Home\",\"item\":\"https:\/\/progettotouring.it\/radiotouring104\/\"},{\"@type\":\"ListItem\",\"position\":2,\"name\":\"Motta S.G: dall&#8217;ambito territoriale un aiuto alle famiglie per asili nido e scuole per l&#8217;infanzia\"}]},{\"@type\":\"WebSite\",\"@id\":\"https:\/\/progettotouring.it\/radiotouring104\/#website\",\"url\":\"https:\/\/progettotouring.it\/radiotouring104\/\",\"name\":\"Radio Touring 104\",\"description\":\"La prima radio Reggina\",\"publisher\":{\"@id\":\"https:\/\/progettotouring.it\/radiotouring104\/#organization\"},\"potentialAction\":[{\"@type\":\"SearchAction\",\"target\":{\"@type\":\"EntryPoint\",\"urlTemplate\":\"https:\/\/progettotouring.it\/radiotouring104\/?s={search_term_string}\"},\"query-input\":{\"@type\":\"PropertyValueSpecification\",\"valueRequired\":true,\"valueName\":\"search_term_string\"}}],\"inLanguage\":\"it-IT\"},{\"@type\":\"Organization\",\"@id\":\"https:\/\/progettotouring.it\/radiotouring104\/#organization\",\"name\":\"Radio Touring 104\",\"url\":\"https:\/\/progettotouring.it\/radiotouring104\/\",\"logo\":{\"@type\":\"ImageObject\",\"inLanguage\":\"it-IT\",\"@id\":\"https:\/\/progettotouring.it\/radiotouring104\/#\/schema\/logo\/image\/\",\"url\":\"https:\/\/progettotouring.it\/radiotouring104\/wp-content\/uploads\/sites\/6\/2022\/02\/cropped-logo-radio-touring-104.png\",\"contentUrl\":\"https:\/\/progettotouring.it\/radiotouring104\/wp-content\/uploads\/sites\/6\/2022\/02\/cropped-logo-radio-touring-104.png\",\"width\":377,\"height\":182,\"caption\":\"Radio Touring 104\"},\"image\":{\"@id\":\"https:\/\/progettotouring.it\/radiotouring104\/#\/schema\/logo\/image\/\"}},{\"@type\":\"Person\",\"@id\":\"https:\/\/progettotouring.it\/radiotouring104\/#\/schema\/person\/78613917f1851f041f7483f5af1d422e\",\"name\":\"Sebastiano Plutino\",\"image\":{\"@type\":\"ImageObject\",\"inLanguage\":\"it-IT\",\"@id\":\"https:\/\/secure.gravatar.com\/avatar\/0546ffaa9b79224faf9f2a156b67a529ae861d3287c66c1d8ccfdf909bcba78d?s=96&d=mm&r=g\",\"url\":\"https:\/\/secure.gravatar.com\/avatar\/0546ffaa9b79224faf9f2a156b67a529ae861d3287c66c1d8ccfdf909bcba78d?s=96&d=mm&r=g\",\"contentUrl\":\"https:\/\/secure.gravatar.com\/avatar\/0546ffaa9b79224faf9f2a156b67a529ae861d3287c66c1d8ccfdf909bcba78d?s=96&d=mm&r=g\",\"caption\":\"Sebastiano Plutino\"},\"url\":\"https:\/\/progettotouring.it\/radiotouring104\/author\/sebastiano\/\"}]}<\/script>\n<!-- \/ Yoast SEO plugin. -->","yoast_head_json":{"title":"Motta: pubblicato avviso per contributo a nidi e scuole infanzia","description":"Pubblicato l\u2019avviso finalizzato a sostenere economicamente le famiglie per la frequenza dei nidi d\u2019infanzia privati","robots":{"index":"index","follow":"follow","max-snippet":"max-snippet:-1","max-image-preview":"max-image-preview:large","max-video-preview":"max-video-preview:-1"},"canonical":"https:\/\/progettotouring.it\/radiotouring104\/2024\/01\/17\/motta-s-g-dallambito-territoriale-un-aiuto-alle-famiglie-per-asili-nido-e-scuole-per-linfanzia\/","og_locale":"it_IT","og_type":"article","og_title":"Motta: pubblicato avviso per contributo a nidi e scuole infanzia","og_description":"Pubblicato l\u2019avviso finalizzato a sostenere economicamente le famiglie per la frequenza dei nidi d\u2019infanzia privati","og_url":"https:\/\/progettotouring.it\/radiotouring104\/2024\/01\/17\/motta-s-g-dallambito-territoriale-un-aiuto-alle-famiglie-per-asili-nido-e-scuole-per-linfanzia\/","og_site_name":"Radio Touring 104","article_published_time":"2024-01-17T10:06:58+00:00","article_modified_time":"2024-01-17T10:09:11+00:00","og_image":[{"width":628,"height":894,"url":"https:\/\/progettotouring.it\/radiotouring104\/wp-content\/uploads\/sites\/6\/2024\/01\/locandina-contributo-nidi-scuole-infanzia-MOTTA-SG.jpg","type":"image\/jpeg"}],"author":"Sebastiano Plutino","twitter_card":"summary_large_image","twitter_misc":{"Scritto da":"Sebastiano Plutino","Tempo di lettura stimato":"2 minuti"},"schema":{"@context":"https:\/\/schema.org","@graph":[{"@type":"Article","@id":"https:\/\/progettotouring.it\/radiotouring104\/2024\/01\/17\/motta-s-g-dallambito-territoriale-un-aiuto-alle-famiglie-per-asili-nido-e-scuole-per-linfanzia\/#article","isPartOf":{"@id":"https:\/\/progettotouring.it\/radiotouring104\/2024\/01\/17\/motta-s-g-dallambito-territoriale-un-aiuto-alle-famiglie-per-asili-nido-e-scuole-per-linfanzia\/"},"author":{"name":"Sebastiano Plutino","@id":"https:\/\/progettotouring.it\/radiotouring104\/#\/schema\/person\/78613917f1851f041f7483f5af1d422e"},"headline":"Motta S.G: dall&#8217;ambito territoriale un aiuto alle famiglie per asili nido e scuole per l&#8217;infanzia","datePublished":"2024-01-17T10:06:58+00:00","dateModified":"2024-01-17T10:09:11+00:00","mainEntityOfPage":{"@id":"https:\/\/progettotouring.it\/radiotouring104\/2024\/01\/17\/motta-s-g-dallambito-territoriale-un-aiuto-alle-famiglie-per-asili-nido-e-scuole-per-linfanzia\/"},"wordCount":351,"publisher":{"@id":"https:\/\/progettotouring.it\/radiotouring104\/#organization"},"image":{"@id":"https:\/\/progettotouring.it\/radiotouring104\/2024\/01\/17\/motta-s-g-dallambito-territoriale-un-aiuto-alle-famiglie-per-asili-nido-e-scuole-per-linfanzia\/#primaryimage"},"thumbnailUrl":"https:\/\/progettotouring.it\/radiotouring104\/wp-content\/uploads\/sites\/6\/2024\/01\/locandina-contributo-nidi-scuole-infanzia-MOTTA-SG.jpg","keywords":["aiuto alle famiglie","asili nido","Motta S.G.","omune Melito Porto Salvo","scuole infanzia"],"articleSection":["Home","News","Reggio Calabria"],"inLanguage":"it-IT"},{"@type":"WebPage","@id":"https:\/\/progettotouring.it\/radiotouring104\/2024\/01\/17\/motta-s-g-dallambito-territoriale-un-aiuto-alle-famiglie-per-asili-nido-e-scuole-per-linfanzia\/","url":"https:\/\/progettotouring.it\/radiotouring104\/2024\/01\/17\/motta-s-g-dallambito-territoriale-un-aiuto-alle-famiglie-per-asili-nido-e-scuole-per-linfanzia\/","name":"Motta: pubblicato avviso per contributo a nidi e scuole infanzia","isPartOf":{"@id":"https:\/\/progettotouring.it\/radiotouring104\/#website"},"primaryImageOfPage":{"@id":"https:\/\/progettotouring.it\/radiotouring104\/2024\/01\/17\/motta-s-g-dallambito-territoriale-un-aiuto-alle-famiglie-per-asili-nido-e-scuole-per-linfanzia\/#primaryimage"},"image":{"@id":"https:\/\/progettotouring.it\/radiotouring104\/2024\/01\/17\/motta-s-g-dallambito-territoriale-un-aiuto-alle-famiglie-per-asili-nido-e-scuole-per-linfanzia\/#primaryimage"},"thumbnailUrl":"https:\/\/progettotouring.it\/radiotouring104\/wp-content\/uploads\/sites\/6\/2024\/01\/locandina-contributo-nidi-scuole-infanzia-MOTTA-SG.jpg","datePublished":"2024-01-17T10:06:58+00:00","dateModified":"2024-01-17T10:09:11+00:00","description":"Pubblicato l\u2019avviso finalizzato a sostenere economicamente le famiglie per la frequenza dei nidi d\u2019infanzia privati","breadcrumb":{"@id":"https:\/\/progettotouring.it\/radiotouring104\/2024\/01\/17\/motta-s-g-dallambito-territoriale-un-aiuto-alle-famiglie-per-asili-nido-e-scuole-per-linfanzia\/#breadcrumb"},"inLanguage":"it-IT","potentialAction":[{"@type":"ReadAction","target":["https:\/\/progettotouring.it\/radiotouring104\/2024\/01\/17\/motta-s-g-dallambito-territoriale-un-aiuto-alle-famiglie-per-asili-nido-e-scuole-per-linfanzia\/"]}]},{"@type":"ImageObject","inLanguage":"it-IT","@id":"https:\/\/progettotouring.it\/radiotouring104\/2024\/01\/17\/motta-s-g-dallambito-territoriale-un-aiuto-alle-famiglie-per-asili-nido-e-scuole-per-linfanzia\/#primaryimage","url":"https:\/\/progettotouring.it\/radiotouring104\/wp-content\/uploads\/sites\/6\/2024\/01\/locandina-contributo-nidi-scuole-infanzia-MOTTA-SG.jpg","contentUrl":"https:\/\/progettotouring.it\/radiotouring104\/wp-content\/uploads\/sites\/6\/2024\/01\/locandina-contributo-nidi-scuole-infanzia-MOTTA-SG.jpg","width":628,"height":894},{"@type":"BreadcrumbList","@id":"https:\/\/progettotouring.it\/radiotouring104\/2024\/01\/17\/motta-s-g-dallambito-territoriale-un-aiuto-alle-famiglie-per-asili-nido-e-scuole-per-linfanzia\/#breadcrumb","itemListElement":[{"@type":"ListItem","position":1,"name":"Home","item":"https:\/\/progettotouring.it\/radiotouring104\/"},{"@type":"ListItem","position":2,"name":"Motta S.G: dall&#8217;ambito territoriale un aiuto alle famiglie per asili nido e scuole per l&#8217;infanzia"}]},{"@type":"WebSite","@id":"https:\/\/progettotouring.it\/radiotouring104\/#website","url":"https:\/\/progettotouring.it\/radiotouring104\/","name":"Radio Touring 104","description":"La prima radio Reggina","publisher":{"@id":"https:\/\/progettotouring.it\/radiotouring104\/#organization"},"potentialAction":[{"@type":"SearchAction","target":{"@type":"EntryPoint","urlTemplate":"https:\/\/progettotouring.it\/radiotouring104\/?s={search_term_string}"},"query-input":{"@type":"PropertyValueSpecification","valueRequired":true,"valueName":"search_term_string"}}],"inLanguage":"it-IT"},{"@type":"Organization","@id":"https:\/\/progettotouring.it\/radiotouring104\/#organization","name":"Radio Touring 104","url":"https:\/\/progettotouring.it\/radiotouring104\/","logo":{"@type":"ImageObject","inLanguage":"it-IT","@id":"https:\/\/progettotouring.it\/radiotouring104\/#\/schema\/logo\/image\/","url":"https:\/\/progettotouring.it\/radiotouring104\/wp-content\/uploads\/sites\/6\/2022\/02\/cropped-logo-radio-touring-104.png","contentUrl":"https:\/\/progettotouring.it\/radiotouring104\/wp-content\/uploads\/sites\/6\/2022\/02\/cropped-logo-radio-touring-104.png","width":377,"height":182,"caption":"Radio Touring 104"},"image":{"@id":"https:\/\/progettotouring.it\/radiotouring104\/#\/schema\/logo\/image\/"}},{"@type":"Person","@id":"https:\/\/progettotouring.it\/radiotouring104\/#\/schema\/person\/78613917f1851f041f7483f5af1d422e","name":"Sebastiano Plutino","image":{"@type":"ImageObject","inLanguage":"it-IT","@id":"https:\/\/secure.gravatar.com\/avatar\/0546ffaa9b79224faf9f2a156b67a529ae861d3287c66c1d8ccfdf909bcba78d?s=96&d=mm&r=g","url":"https:\/\/secure.gravatar.com\/avatar\/0546ffaa9b79224faf9f2a156b67a529ae861d3287c66c1d8ccfdf909bcba78d?s=96&d=mm&r=g","contentUrl":"https:\/\/secure.gravatar.com\/avatar\/0546ffaa9b79224faf9f2a156b67a529ae861d3287c66c1d8ccfdf909bcba78d?s=96&d=mm&r=g","caption":"Sebastiano Plutino"},"url":"https:\/\/progettotouring.it\/radiotouring104\/author\/sebastiano\/"}]}},"jetpack_publicize_connections":[],"jetpack_featured_media_url":"https:\/\/progettotouring.it\/radiotouring104\/wp-content\/uploads\/sites\/6\/2024\/01\/locandina-contributo-nidi-scuole-infanzia-MOTTA-SG.jpg","jetpack_sharing_enabled":true,"_links":{"self":[{"href":"https:\/\/progettotouring.it\/radiotouring104\/wp-json\/wp\/v2\/posts\/42805","targetHints":{"allow":["GET"]}}],"collection":[{"href":"https:\/\/progettotouring.it\/radiotouring104\/wp-json\/wp\/v2\/posts"}],"about":[{"href":"https:\/\/progettotouring.it\/radiotouring104\/wp-json\/wp\/v2\/types\/post"}],"author":[{"embeddable":true,"href":"https:\/\/progettotouring.it\/radiotouring104\/wp-json\/wp\/v2\/users\/12"}],"replies":[{"embeddable":true,"href":"https:\/\/progettotouring.it\/radiotouring104\/wp-json\/wp\/v2\/comments?post=42805"}],"version-history":[{"count":1,"href":"https:\/\/progettotouring.it\/radiotouring104\/wp-json\/wp\/v2\/posts\/42805\/revisions"}],"predecessor-version":[{"id":42807,"href":"https:\/\/progettotouring.it\/radiotouring104\/wp-json\/wp\/v2\/posts\/42805\/revisions\/42807"}],"wp:featuredmedia":[{"embeddable":true,"href":"https:\/\/progettotouring.it\/radiotouring104\/wp-json\/wp\/v2\/media\/42806"}],"wp:attachment":[{"href":"https:\/\/progettotouring.it\/radiotouring104\/wp-json\/wp\/v2\/media?parent=42805"}],"wp:term":[{"taxonomy":"category","embeddable":true,"href":"https:\/\/progettotouring.it\/radiotouring104\/wp-json\/wp\/v2\/categories?post=42805"},{"taxonomy":"post_tag","embeddable":true,"href":"https:\/\/progettotouring.it\/radiotouring104\/wp-json\/wp\/v2\/tags?post=42805"}],"curies":[{"name":"wp","href":"https:\/\/api.w.org\/{rel}","templated":true}]}}