{"id":42816,"date":"2024-01-17T11:51:18","date_gmt":"2024-01-17T10:51:18","guid":{"rendered":"https:\/\/progettotouring.it\/radiotouring104\/?p=42816"},"modified":"2024-01-17T11:51:18","modified_gmt":"2024-01-17T10:51:18","slug":"forestazione-fai-cis-flai-cgil-uila-uil-calabria-incalzano-tempi-certi-per-riqualificazione-del-personale-di-calabria-verde-e-sigla-del-contratto-integrativo-regionale","status":"publish","type":"post","link":"https:\/\/progettotouring.it\/radiotouring104\/2024\/01\/17\/forestazione-fai-cis-flai-cgil-uila-uil-calabria-incalzano-tempi-certi-per-riqualificazione-del-personale-di-calabria-verde-e-sigla-del-contratto-integrativo-regionale\/","title":{"rendered":"Forestazione, Fai Cis-Flai Cgil-Uila Uil Calabria incalzano: \u00abTempi certi per riqualificazione del personale di Calabria Verde e sigla del contratto integrativo regionale\u00bb."},"content":{"rendered":"<p style=\"text-align: justify\">A margine della riunione svolta questa mattina tra le OO.SS. regionali di categoria con la dirigenza dell\u2019azienda Calabria Verde, convocata a seguito della richiesta sindacale dello scorso 10 gennaio, i Segretari Generali Michele Sapia (Fai Cisl), Caterina Vaiti (Flai Cgil) e Pasquale Barbalaco (Uila Uil) in una nota stampa congiunta dichiarano: <em>\u00abNon possiamo certamente dirci soddisfatti da quanto emerso nell\u2019incontro odierno. Nello specifico registriamo che, seppur sono stati posti in essere alcuni adempimenti, le procedure aziendali per la riqualificazione del personale dipendente dell\u2019azienda regionale Calabria Verde, ad oggi, procedono a rilento e senza alcuna certezza in termini di tempistica.<\/em><\/p>\n<p style=\"text-align: justify\"><em>Inoltre, in considerazione della nuova organizzazione dei cantieri, a seguito della recente legge regionale con cui \u00e8 stato approvato il trasferimento a Calabria Verde dei lavoratori forestali dei consorzi di bonifica e passaggio del personale rientrante nel bacino delle leggi regionali n. 40 e n. 15, ci saremmo aspettati dalla dirigenza aziendale la piena attuazione di quanto previsto dalle norme contrattuali di settore, compresa l\u2019applicazione dell\u2019indennit\u00e0 chilometrica, tema previsto dalla contrattazione vigente in materia e peraltro discusso in varie occasioni e riunioni regionali ma senza alcuna definizione.<\/em><\/p>\n<p style=\"text-align: justify\"><em>Riteniamo, inoltre, fondamentale avviare un immediato ricambio generazionale nel settore, e riprendere e concludere in tempi ristetti la trattativa del contratto integrativo regionale, non recepito dal 2019 e praticamente fermo al testo del lontano 2011. Un vero e proprio vulnus per i diritti dei lavoratori idraulico-forestali calabresi.<\/em><\/p>\n<p style=\"text-align: justify\"><em>Non \u00e8 pi\u00f9 possibile attendere<\/em> \u2013<strong> ribadiscono Sapia, Vaiti e Barbalaco<\/strong> <em>\u2013 se si vuole per davvero realizzare una forestazione produttiva, protettiva e preventiva, efficiente e virtuosa, mettendo al centro il lavoro e le professionalit\u00e0 degli addetti. Servono investimenti nel presidio umano, confronto e contrattazione. Ora \u00e8 tempo di praticare, con atti e fatti concreti, quel percorso condiviso e sottoscritto a seguito della mobilitazione regionale unitaria di Fai, Flai, Uila dello scorso maggio 2023.<\/em><\/p>\n<p style=\"text-align: justify\"><em>Non \u00e8 pi\u00f9 procrastinabile un confronto regionale che dia realmente tempi e modalit\u00e0 certe su quelle questioni che interessano l\u2019intero settore forestale calabrese.<\/em><\/p>\n<p style=\"text-align: justify\"><em>Pertanto, a seguito della riunione odierna presso Calabria Verde, riteniamo urgente un incontro con la Regione, sui temi, tra cui il contratto integrativo regionale, la riqualificazione, indennit\u00e0 chilometrica dei lavoratori forestali e della sorveglianza idraulica, su cui ci aspettiamo un tangibile cambio di marcia, risposte immediate e soddisfacenti.<\/em><\/p>\n<p style=\"text-align: justify\"><em>In caso contrario <strong>&#8211;<\/strong><\/em><strong> concludono i segretari regionali Sapia, Vaiti e Barbalaco<\/strong> <em>&#8211; valuteremo tutte le possibili azioni sindacali a tutela degli interessi dei lavoratori\u00bb.<\/em><\/p>\n<p style=\"text-align: justify\">\n<p>&nbsp;<\/p>\n<p><strong>\u00a0<\/strong><\/p>\n","protected":false},"excerpt":{"rendered":"<p>A margine della riunione svolta questa mattina tra le OO.SS. regionali di categoria con la dirigenza dell\u2019azienda Calabria Verde, convocata a seguito della richiesta sindacale dello scorso 10 gennaio, i&hellip;<\/p>\n","protected":false},"author":12,"featured_media":38510,"comment_status":"closed","ping_status":"open","sticky":false,"template":"","format":"standard","meta":{"_jetpack_memberships_contains_paid_content":false,"footnotes":"","jetpack_publicize_message":"","jetpack_publicize_feature_enabled":true,"jetpack_social_post_already_shared":false,"jetpack_social_options":{"image_generator_settings":{"template":"highway","default_image_id":0,"font":"","enabled":false},"version":2}},"categories":[142,921,196],"tags":[13588,15895,10484,4611,13589,9128],"class_list":["post-42816","post","type-post","status-publish","format-standard","has-post-thumbnail","hentry","category-calabria","category-home","category-news","tag-caterina-vaiti","tag-fai-cgil","tag-forestazione","tag-michele-sapia","tag-pasquale-barbalaco","tag-uila-uil"],"yoast_head":"<!-- This site is optimized with the Yoast SEO plugin v27.2 - https:\/\/yoast.com\/product\/yoast-seo-wordpress\/ -->\n<title>Forestazione: svolta riunione Sindacati Calabria Verde<\/title>\n<meta name=\"description\" content=\"La nota congiunta dei Sindacati, a margine della riunione svolta ieri mattina con l&#039;azienda Calabria Verde sul al settore forestale regionale\" \/>\n<meta name=\"robots\" content=\"index, follow, max-snippet:-1, max-image-preview:large, max-video-preview:-1\" \/>\n<link rel=\"canonical\" href=\"https:\/\/progettotouring.it\/radiotouring104\/2024\/01\/17\/forestazione-fai-cis-flai-cgil-uila-uil-calabria-incalzano-tempi-certi-per-riqualificazione-del-personale-di-calabria-verde-e-sigla-del-contratto-integrativo-regionale\/\" \/>\n<meta property=\"og:locale\" content=\"it_IT\" \/>\n<meta property=\"og:type\" content=\"article\" \/>\n<meta property=\"og:title\" content=\"Forestazione: svolta riunione Sindacati Calabria Verde\" \/>\n<meta property=\"og:description\" content=\"La nota congiunta dei Sindacati, a margine della riunione svolta ieri mattina con l&#039;azienda Calabria Verde sul al settore forestale regionale\" \/>\n<meta property=\"og:url\" content=\"https:\/\/progettotouring.it\/radiotouring104\/2024\/01\/17\/forestazione-fai-cis-flai-cgil-uila-uil-calabria-incalzano-tempi-certi-per-riqualificazione-del-personale-di-calabria-verde-e-sigla-del-contratto-integrativo-regionale\/\" \/>\n<meta property=\"og:site_name\" content=\"Radio Touring 104\" \/>\n<meta property=\"article:published_time\" content=\"2024-01-17T10:51:18+00:00\" \/>\n<meta property=\"og:image\" content=\"https:\/\/progettotouring.it\/radiotouring104\/wp-content\/uploads\/sites\/6\/2023\/11\/Sindacati-Cigl.jpg\" \/>\n\t<meta property=\"og:image:width\" content=\"1024\" \/>\n\t<meta property=\"og:image:height\" content=\"768\" \/>\n\t<meta property=\"og:image:type\" content=\"image\/jpeg\" \/>\n<meta name=\"author\" content=\"Sebastiano Plutino\" \/>\n<meta name=\"twitter:card\" content=\"summary_large_image\" \/>\n<meta name=\"twitter:label1\" content=\"Scritto da\" \/>\n\t<meta name=\"twitter:data1\" content=\"Sebastiano Plutino\" \/>\n\t<meta name=\"twitter:label2\" content=\"Tempo di lettura stimato\" \/>\n\t<meta name=\"twitter:data2\" content=\"2 minuti\" \/>\n<script type=\"application\/ld+json\" class=\"yoast-schema-graph\">{\"@context\":\"https:\/\/schema.org\",\"@graph\":[{\"@type\":\"Article\",\"@id\":\"https:\/\/progettotouring.it\/radiotouring104\/2024\/01\/17\/forestazione-fai-cis-flai-cgil-uila-uil-calabria-incalzano-tempi-certi-per-riqualificazione-del-personale-di-calabria-verde-e-sigla-del-contratto-integrativo-regionale\/#article\",\"isPartOf\":{\"@id\":\"https:\/\/progettotouring.it\/radiotouring104\/2024\/01\/17\/forestazione-fai-cis-flai-cgil-uila-uil-calabria-incalzano-tempi-certi-per-riqualificazione-del-personale-di-calabria-verde-e-sigla-del-contratto-integrativo-regionale\/\"},\"author\":{\"name\":\"Sebastiano Plutino\",\"@id\":\"https:\/\/progettotouring.it\/radiotouring104\/#\/schema\/person\/78613917f1851f041f7483f5af1d422e\"},\"headline\":\"Forestazione, Fai Cis-Flai Cgil-Uila Uil Calabria incalzano: \u00abTempi certi per riqualificazione del personale di Calabria Verde e sigla del contratto integrativo regionale\u00bb.\",\"datePublished\":\"2024-01-17T10:51:18+00:00\",\"mainEntityOfPage\":{\"@id\":\"https:\/\/progettotouring.it\/radiotouring104\/2024\/01\/17\/forestazione-fai-cis-flai-cgil-uila-uil-calabria-incalzano-tempi-certi-per-riqualificazione-del-personale-di-calabria-verde-e-sigla-del-contratto-integrativo-regionale\/\"},\"wordCount\":421,\"publisher\":{\"@id\":\"https:\/\/progettotouring.it\/radiotouring104\/#organization\"},\"image\":{\"@id\":\"https:\/\/progettotouring.it\/radiotouring104\/2024\/01\/17\/forestazione-fai-cis-flai-cgil-uila-uil-calabria-incalzano-tempi-certi-per-riqualificazione-del-personale-di-calabria-verde-e-sigla-del-contratto-integrativo-regionale\/#primaryimage\"},\"thumbnailUrl\":\"https:\/\/progettotouring.it\/radiotouring104\/wp-content\/uploads\/sites\/6\/2023\/11\/Sindacati-Cigl.jpg\",\"keywords\":[\"Caterina Vaiti\",\"fai cgil\",\"Forestazione\",\"michele sapia\",\"Pasquale Barbalaco\",\"Uila uil\"],\"articleSection\":[\"Calabria\",\"Home\",\"News\"],\"inLanguage\":\"it-IT\"},{\"@type\":\"WebPage\",\"@id\":\"https:\/\/progettotouring.it\/radiotouring104\/2024\/01\/17\/forestazione-fai-cis-flai-cgil-uila-uil-calabria-incalzano-tempi-certi-per-riqualificazione-del-personale-di-calabria-verde-e-sigla-del-contratto-integrativo-regionale\/\",\"url\":\"https:\/\/progettotouring.it\/radiotouring104\/2024\/01\/17\/forestazione-fai-cis-flai-cgil-uila-uil-calabria-incalzano-tempi-certi-per-riqualificazione-del-personale-di-calabria-verde-e-sigla-del-contratto-integrativo-regionale\/\",\"name\":\"Forestazione: svolta riunione Sindacati Calabria Verde\",\"isPartOf\":{\"@id\":\"https:\/\/progettotouring.it\/radiotouring104\/#website\"},\"primaryImageOfPage\":{\"@id\":\"https:\/\/progettotouring.it\/radiotouring104\/2024\/01\/17\/forestazione-fai-cis-flai-cgil-uila-uil-calabria-incalzano-tempi-certi-per-riqualificazione-del-personale-di-calabria-verde-e-sigla-del-contratto-integrativo-regionale\/#primaryimage\"},\"image\":{\"@id\":\"https:\/\/progettotouring.it\/radiotouring104\/2024\/01\/17\/forestazione-fai-cis-flai-cgil-uila-uil-calabria-incalzano-tempi-certi-per-riqualificazione-del-personale-di-calabria-verde-e-sigla-del-contratto-integrativo-regionale\/#primaryimage\"},\"thumbnailUrl\":\"https:\/\/progettotouring.it\/radiotouring104\/wp-content\/uploads\/sites\/6\/2023\/11\/Sindacati-Cigl.jpg\",\"datePublished\":\"2024-01-17T10:51:18+00:00\",\"description\":\"La nota congiunta dei Sindacati, a margine della riunione svolta ieri mattina con l'azienda Calabria Verde sul al settore forestale regionale\",\"breadcrumb\":{\"@id\":\"https:\/\/progettotouring.it\/radiotouring104\/2024\/01\/17\/forestazione-fai-cis-flai-cgil-uila-uil-calabria-incalzano-tempi-certi-per-riqualificazione-del-personale-di-calabria-verde-e-sigla-del-contratto-integrativo-regionale\/#breadcrumb\"},\"inLanguage\":\"it-IT\",\"potentialAction\":[{\"@type\":\"ReadAction\",\"target\":[\"https:\/\/progettotouring.it\/radiotouring104\/2024\/01\/17\/forestazione-fai-cis-flai-cgil-uila-uil-calabria-incalzano-tempi-certi-per-riqualificazione-del-personale-di-calabria-verde-e-sigla-del-contratto-integrativo-regionale\/\"]}]},{\"@type\":\"ImageObject\",\"inLanguage\":\"it-IT\",\"@id\":\"https:\/\/progettotouring.it\/radiotouring104\/2024\/01\/17\/forestazione-fai-cis-flai-cgil-uila-uil-calabria-incalzano-tempi-certi-per-riqualificazione-del-personale-di-calabria-verde-e-sigla-del-contratto-integrativo-regionale\/#primaryimage\",\"url\":\"https:\/\/progettotouring.it\/radiotouring104\/wp-content\/uploads\/sites\/6\/2023\/11\/Sindacati-Cigl.jpg\",\"contentUrl\":\"https:\/\/progettotouring.it\/radiotouring104\/wp-content\/uploads\/sites\/6\/2023\/11\/Sindacati-Cigl.jpg\",\"width\":1024,\"height\":768},{\"@type\":\"BreadcrumbList\",\"@id\":\"https:\/\/progettotouring.it\/radiotouring104\/2024\/01\/17\/forestazione-fai-cis-flai-cgil-uila-uil-calabria-incalzano-tempi-certi-per-riqualificazione-del-personale-di-calabria-verde-e-sigla-del-contratto-integrativo-regionale\/#breadcrumb\",\"itemListElement\":[{\"@type\":\"ListItem\",\"position\":1,\"name\":\"Home\",\"item\":\"https:\/\/progettotouring.it\/radiotouring104\/\"},{\"@type\":\"ListItem\",\"position\":2,\"name\":\"Forestazione, Fai Cis-Flai Cgil-Uila Uil Calabria incalzano: \u00abTempi certi per riqualificazione del personale di Calabria Verde e sigla del contratto integrativo regionale\u00bb.\"}]},{\"@type\":\"WebSite\",\"@id\":\"https:\/\/progettotouring.it\/radiotouring104\/#website\",\"url\":\"https:\/\/progettotouring.it\/radiotouring104\/\",\"name\":\"Radio Touring 104\",\"description\":\"La prima radio Reggina\",\"publisher\":{\"@id\":\"https:\/\/progettotouring.it\/radiotouring104\/#organization\"},\"potentialAction\":[{\"@type\":\"SearchAction\",\"target\":{\"@type\":\"EntryPoint\",\"urlTemplate\":\"https:\/\/progettotouring.it\/radiotouring104\/?s={search_term_string}\"},\"query-input\":{\"@type\":\"PropertyValueSpecification\",\"valueRequired\":true,\"valueName\":\"search_term_string\"}}],\"inLanguage\":\"it-IT\"},{\"@type\":\"Organization\",\"@id\":\"https:\/\/progettotouring.it\/radiotouring104\/#organization\",\"name\":\"Radio Touring 104\",\"url\":\"https:\/\/progettotouring.it\/radiotouring104\/\",\"logo\":{\"@type\":\"ImageObject\",\"inLanguage\":\"it-IT\",\"@id\":\"https:\/\/progettotouring.it\/radiotouring104\/#\/schema\/logo\/image\/\",\"url\":\"https:\/\/progettotouring.it\/radiotouring104\/wp-content\/uploads\/sites\/6\/2022\/02\/cropped-logo-radio-touring-104.png\",\"contentUrl\":\"https:\/\/progettotouring.it\/radiotouring104\/wp-content\/uploads\/sites\/6\/2022\/02\/cropped-logo-radio-touring-104.png\",\"width\":377,\"height\":182,\"caption\":\"Radio Touring 104\"},\"image\":{\"@id\":\"https:\/\/progettotouring.it\/radiotouring104\/#\/schema\/logo\/image\/\"}},{\"@type\":\"Person\",\"@id\":\"https:\/\/progettotouring.it\/radiotouring104\/#\/schema\/person\/78613917f1851f041f7483f5af1d422e\",\"name\":\"Sebastiano Plutino\",\"image\":{\"@type\":\"ImageObject\",\"inLanguage\":\"it-IT\",\"@id\":\"https:\/\/secure.gravatar.com\/avatar\/0546ffaa9b79224faf9f2a156b67a529ae861d3287c66c1d8ccfdf909bcba78d?s=96&d=mm&r=g\",\"url\":\"https:\/\/secure.gravatar.com\/avatar\/0546ffaa9b79224faf9f2a156b67a529ae861d3287c66c1d8ccfdf909bcba78d?s=96&d=mm&r=g\",\"contentUrl\":\"https:\/\/secure.gravatar.com\/avatar\/0546ffaa9b79224faf9f2a156b67a529ae861d3287c66c1d8ccfdf909bcba78d?s=96&d=mm&r=g\",\"caption\":\"Sebastiano Plutino\"},\"url\":\"https:\/\/progettotouring.it\/radiotouring104\/author\/sebastiano\/\"}]}<\/script>\n<!-- \/ Yoast SEO plugin. -->","yoast_head_json":{"title":"Forestazione: svolta riunione Sindacati Calabria Verde","description":"La nota congiunta dei Sindacati, a margine della riunione svolta ieri mattina con l'azienda Calabria Verde sul al settore forestale regionale","robots":{"index":"index","follow":"follow","max-snippet":"max-snippet:-1","max-image-preview":"max-image-preview:large","max-video-preview":"max-video-preview:-1"},"canonical":"https:\/\/progettotouring.it\/radiotouring104\/2024\/01\/17\/forestazione-fai-cis-flai-cgil-uila-uil-calabria-incalzano-tempi-certi-per-riqualificazione-del-personale-di-calabria-verde-e-sigla-del-contratto-integrativo-regionale\/","og_locale":"it_IT","og_type":"article","og_title":"Forestazione: svolta riunione Sindacati Calabria Verde","og_description":"La nota congiunta dei Sindacati, a margine della riunione svolta ieri mattina con l'azienda Calabria Verde sul al settore forestale regionale","og_url":"https:\/\/progettotouring.it\/radiotouring104\/2024\/01\/17\/forestazione-fai-cis-flai-cgil-uila-uil-calabria-incalzano-tempi-certi-per-riqualificazione-del-personale-di-calabria-verde-e-sigla-del-contratto-integrativo-regionale\/","og_site_name":"Radio Touring 104","article_published_time":"2024-01-17T10:51:18+00:00","og_image":[{"width":1024,"height":768,"url":"https:\/\/progettotouring.it\/radiotouring104\/wp-content\/uploads\/sites\/6\/2023\/11\/Sindacati-Cigl.jpg","type":"image\/jpeg"}],"author":"Sebastiano Plutino","twitter_card":"summary_large_image","twitter_misc":{"Scritto da":"Sebastiano Plutino","Tempo di lettura stimato":"2 minuti"},"schema":{"@context":"https:\/\/schema.org","@graph":[{"@type":"Article","@id":"https:\/\/progettotouring.it\/radiotouring104\/2024\/01\/17\/forestazione-fai-cis-flai-cgil-uila-uil-calabria-incalzano-tempi-certi-per-riqualificazione-del-personale-di-calabria-verde-e-sigla-del-contratto-integrativo-regionale\/#article","isPartOf":{"@id":"https:\/\/progettotouring.it\/radiotouring104\/2024\/01\/17\/forestazione-fai-cis-flai-cgil-uila-uil-calabria-incalzano-tempi-certi-per-riqualificazione-del-personale-di-calabria-verde-e-sigla-del-contratto-integrativo-regionale\/"},"author":{"name":"Sebastiano Plutino","@id":"https:\/\/progettotouring.it\/radiotouring104\/#\/schema\/person\/78613917f1851f041f7483f5af1d422e"},"headline":"Forestazione, Fai Cis-Flai Cgil-Uila Uil Calabria incalzano: \u00abTempi certi per riqualificazione del personale di Calabria Verde e sigla del contratto integrativo regionale\u00bb.","datePublished":"2024-01-17T10:51:18+00:00","mainEntityOfPage":{"@id":"https:\/\/progettotouring.it\/radiotouring104\/2024\/01\/17\/forestazione-fai-cis-flai-cgil-uila-uil-calabria-incalzano-tempi-certi-per-riqualificazione-del-personale-di-calabria-verde-e-sigla-del-contratto-integrativo-regionale\/"},"wordCount":421,"publisher":{"@id":"https:\/\/progettotouring.it\/radiotouring104\/#organization"},"image":{"@id":"https:\/\/progettotouring.it\/radiotouring104\/2024\/01\/17\/forestazione-fai-cis-flai-cgil-uila-uil-calabria-incalzano-tempi-certi-per-riqualificazione-del-personale-di-calabria-verde-e-sigla-del-contratto-integrativo-regionale\/#primaryimage"},"thumbnailUrl":"https:\/\/progettotouring.it\/radiotouring104\/wp-content\/uploads\/sites\/6\/2023\/11\/Sindacati-Cigl.jpg","keywords":["Caterina Vaiti","fai cgil","Forestazione","michele sapia","Pasquale Barbalaco","Uila uil"],"articleSection":["Calabria","Home","News"],"inLanguage":"it-IT"},{"@type":"WebPage","@id":"https:\/\/progettotouring.it\/radiotouring104\/2024\/01\/17\/forestazione-fai-cis-flai-cgil-uila-uil-calabria-incalzano-tempi-certi-per-riqualificazione-del-personale-di-calabria-verde-e-sigla-del-contratto-integrativo-regionale\/","url":"https:\/\/progettotouring.it\/radiotouring104\/2024\/01\/17\/forestazione-fai-cis-flai-cgil-uila-uil-calabria-incalzano-tempi-certi-per-riqualificazione-del-personale-di-calabria-verde-e-sigla-del-contratto-integrativo-regionale\/","name":"Forestazione: svolta riunione Sindacati Calabria Verde","isPartOf":{"@id":"https:\/\/progettotouring.it\/radiotouring104\/#website"},"primaryImageOfPage":{"@id":"https:\/\/progettotouring.it\/radiotouring104\/2024\/01\/17\/forestazione-fai-cis-flai-cgil-uila-uil-calabria-incalzano-tempi-certi-per-riqualificazione-del-personale-di-calabria-verde-e-sigla-del-contratto-integrativo-regionale\/#primaryimage"},"image":{"@id":"https:\/\/progettotouring.it\/radiotouring104\/2024\/01\/17\/forestazione-fai-cis-flai-cgil-uila-uil-calabria-incalzano-tempi-certi-per-riqualificazione-del-personale-di-calabria-verde-e-sigla-del-contratto-integrativo-regionale\/#primaryimage"},"thumbnailUrl":"https:\/\/progettotouring.it\/radiotouring104\/wp-content\/uploads\/sites\/6\/2023\/11\/Sindacati-Cigl.jpg","datePublished":"2024-01-17T10:51:18+00:00","description":"La nota congiunta dei Sindacati, a margine della riunione svolta ieri mattina con l'azienda Calabria Verde sul al settore forestale regionale","breadcrumb":{"@id":"https:\/\/progettotouring.it\/radiotouring104\/2024\/01\/17\/forestazione-fai-cis-flai-cgil-uila-uil-calabria-incalzano-tempi-certi-per-riqualificazione-del-personale-di-calabria-verde-e-sigla-del-contratto-integrativo-regionale\/#breadcrumb"},"inLanguage":"it-IT","potentialAction":[{"@type":"ReadAction","target":["https:\/\/progettotouring.it\/radiotouring104\/2024\/01\/17\/forestazione-fai-cis-flai-cgil-uila-uil-calabria-incalzano-tempi-certi-per-riqualificazione-del-personale-di-calabria-verde-e-sigla-del-contratto-integrativo-regionale\/"]}]},{"@type":"ImageObject","inLanguage":"it-IT","@id":"https:\/\/progettotouring.it\/radiotouring104\/2024\/01\/17\/forestazione-fai-cis-flai-cgil-uila-uil-calabria-incalzano-tempi-certi-per-riqualificazione-del-personale-di-calabria-verde-e-sigla-del-contratto-integrativo-regionale\/#primaryimage","url":"https:\/\/progettotouring.it\/radiotouring104\/wp-content\/uploads\/sites\/6\/2023\/11\/Sindacati-Cigl.jpg","contentUrl":"https:\/\/progettotouring.it\/radiotouring104\/wp-content\/uploads\/sites\/6\/2023\/11\/Sindacati-Cigl.jpg","width":1024,"height":768},{"@type":"BreadcrumbList","@id":"https:\/\/progettotouring.it\/radiotouring104\/2024\/01\/17\/forestazione-fai-cis-flai-cgil-uila-uil-calabria-incalzano-tempi-certi-per-riqualificazione-del-personale-di-calabria-verde-e-sigla-del-contratto-integrativo-regionale\/#breadcrumb","itemListElement":[{"@type":"ListItem","position":1,"name":"Home","item":"https:\/\/progettotouring.it\/radiotouring104\/"},{"@type":"ListItem","position":2,"name":"Forestazione, Fai Cis-Flai Cgil-Uila Uil Calabria incalzano: \u00abTempi certi per riqualificazione del personale di Calabria Verde e sigla del contratto integrativo regionale\u00bb."}]},{"@type":"WebSite","@id":"https:\/\/progettotouring.it\/radiotouring104\/#website","url":"https:\/\/progettotouring.it\/radiotouring104\/","name":"Radio Touring 104","description":"La prima radio Reggina","publisher":{"@id":"https:\/\/progettotouring.it\/radiotouring104\/#organization"},"potentialAction":[{"@type":"SearchAction","target":{"@type":"EntryPoint","urlTemplate":"https:\/\/progettotouring.it\/radiotouring104\/?s={search_term_string}"},"query-input":{"@type":"PropertyValueSpecification","valueRequired":true,"valueName":"search_term_string"}}],"inLanguage":"it-IT"},{"@type":"Organization","@id":"https:\/\/progettotouring.it\/radiotouring104\/#organization","name":"Radio Touring 104","url":"https:\/\/progettotouring.it\/radiotouring104\/","logo":{"@type":"ImageObject","inLanguage":"it-IT","@id":"https:\/\/progettotouring.it\/radiotouring104\/#\/schema\/logo\/image\/","url":"https:\/\/progettotouring.it\/radiotouring104\/wp-content\/uploads\/sites\/6\/2022\/02\/cropped-logo-radio-touring-104.png","contentUrl":"https:\/\/progettotouring.it\/radiotouring104\/wp-content\/uploads\/sites\/6\/2022\/02\/cropped-logo-radio-touring-104.png","width":377,"height":182,"caption":"Radio Touring 104"},"image":{"@id":"https:\/\/progettotouring.it\/radiotouring104\/#\/schema\/logo\/image\/"}},{"@type":"Person","@id":"https:\/\/progettotouring.it\/radiotouring104\/#\/schema\/person\/78613917f1851f041f7483f5af1d422e","name":"Sebastiano Plutino","image":{"@type":"ImageObject","inLanguage":"it-IT","@id":"https:\/\/secure.gravatar.com\/avatar\/0546ffaa9b79224faf9f2a156b67a529ae861d3287c66c1d8ccfdf909bcba78d?s=96&d=mm&r=g","url":"https:\/\/secure.gravatar.com\/avatar\/0546ffaa9b79224faf9f2a156b67a529ae861d3287c66c1d8ccfdf909bcba78d?s=96&d=mm&r=g","contentUrl":"https:\/\/secure.gravatar.com\/avatar\/0546ffaa9b79224faf9f2a156b67a529ae861d3287c66c1d8ccfdf909bcba78d?s=96&d=mm&r=g","caption":"Sebastiano Plutino"},"url":"https:\/\/progettotouring.it\/radiotouring104\/author\/sebastiano\/"}]}},"jetpack_publicize_connections":[],"jetpack_featured_media_url":"https:\/\/progettotouring.it\/radiotouring104\/wp-content\/uploads\/sites\/6\/2023\/11\/Sindacati-Cigl.jpg","jetpack_sharing_enabled":true,"_links":{"self":[{"href":"https:\/\/progettotouring.it\/radiotouring104\/wp-json\/wp\/v2\/posts\/42816","targetHints":{"allow":["GET"]}}],"collection":[{"href":"https:\/\/progettotouring.it\/radiotouring104\/wp-json\/wp\/v2\/posts"}],"about":[{"href":"https:\/\/progettotouring.it\/radiotouring104\/wp-json\/wp\/v2\/types\/post"}],"author":[{"embeddable":true,"href":"https:\/\/progettotouring.it\/radiotouring104\/wp-json\/wp\/v2\/users\/12"}],"replies":[{"embeddable":true,"href":"https:\/\/progettotouring.it\/radiotouring104\/wp-json\/wp\/v2\/comments?post=42816"}],"version-history":[{"count":1,"href":"https:\/\/progettotouring.it\/radiotouring104\/wp-json\/wp\/v2\/posts\/42816\/revisions"}],"predecessor-version":[{"id":42817,"href":"https:\/\/progettotouring.it\/radiotouring104\/wp-json\/wp\/v2\/posts\/42816\/revisions\/42817"}],"wp:featuredmedia":[{"embeddable":true,"href":"https:\/\/progettotouring.it\/radiotouring104\/wp-json\/wp\/v2\/media\/38510"}],"wp:attachment":[{"href":"https:\/\/progettotouring.it\/radiotouring104\/wp-json\/wp\/v2\/media?parent=42816"}],"wp:term":[{"taxonomy":"category","embeddable":true,"href":"https:\/\/progettotouring.it\/radiotouring104\/wp-json\/wp\/v2\/categories?post=42816"},{"taxonomy":"post_tag","embeddable":true,"href":"https:\/\/progettotouring.it\/radiotouring104\/wp-json\/wp\/v2\/tags?post=42816"}],"curies":[{"name":"wp","href":"https:\/\/api.w.org\/{rel}","templated":true}]}}