{"id":42823,"date":"2024-01-17T12:22:03","date_gmt":"2024-01-17T11:22:03","guid":{"rendered":"https:\/\/progettotouring.it\/radiotouring104\/?p=42823"},"modified":"2024-01-18T10:05:12","modified_gmt":"2024-01-18T09:05:12","slug":"laureana-di-borrello-associazione-aida-onlus-compie-20-anni","status":"publish","type":"post","link":"https:\/\/progettotouring.it\/radiotouring104\/2024\/01\/17\/laureana-di-borrello-associazione-aida-onlus-compie-20-anni\/","title":{"rendered":"Laureana di Borrello: associazione &#8220;AIDA Onlus&#8221; compie 20 anni"},"content":{"rendered":"<p class=\"xmprfx_MsoNormal\" style=\"text-align: justify\">Sono passati 20 anni esatti da quel lontano 2004 quando assieme a degli amici con cui condividevamo tante passioni, tra cui quella del sociale, abbiamo dato vita a Laureana di Borrello RC all\u2019 AIDA onlus, Associazione Italiana Diversamente Abili.<\/p>\n<p class=\"xmprfx_MsoNormal\" style=\"text-align: justify\">Venti anni di passione, di amore, di tanto cuore volto alle persone fragili e tanti chilometri in giro per l\u2019Italia per realizzare eventi, convegni, manifestazioni e tanto altro ancora, ricorda il<strong> Presidente<\/strong> e fondatore<strong> Reno Insard\u00e0<i>.<\/i><\/strong><\/p>\n<p class=\"xmprfx_MsoNormal\" style=\"text-align: justify\">Il nostro progetto era chiaro da subito, creare una realt\u00e0 che nel tempo avrebbe dovuto avere rilevanza nazionale e non solo a livello territoriale e cos\u00ec \u00e8 stato. Piano piano tanti amici e tante persone che condividevano il nostro pensiero da ogni parte d\u2019Italia si sono aggregate e sono diventate parte integrante della nostra grande famiglia.<\/p>\n<p class=\"xmprfx_MsoNormal\" style=\"text-align: justify\">Abbiamo riferimenti in quasi tutte le regioni, tra volontari, sostenitori e ragazzi \u201cspeciali\u201d e questo ci consente di poter realizzare i nostri progetti, sensibilizzare l\u2019opinione pubblica su quello che \u00e8 il mondo della disabilit\u00e0 e del terzo settore in genere, poter lottare per i \u201cdiritti negati\u201d a quanti si rivolgono a noi per avere un supporto ed un aiuto concreto nelle loro battaglie.<\/p>\n<p class=\"xmprfx_MsoNormal\" style=\"text-align: justify\">Dopo aver lavorato per quattro anni alla struttura dell\u2019associazione e cominciato da subito a sostenere la ricerca scientifica per le malattie rare, nel 2008 abbiamo realizzato il nostro primo convegno nazionale parlando di <em>\u201csport disabilit\u00e0 e malattie genetiche\u201d<\/em> al quale hanno preso parte il dott.<strong> Mario Melazzini<\/strong> allora presidente di AISLA e l\u2019avv. Luca Pancalli presidente del CIP Comitato Italiano Paralimpico.<\/p>\n<p style=\"text-align: justify\">Nel 2010 abbiamo sposato il problema di una patologia seria e di cui si parlava poco<em>, \u201cil piede diabetico\u201d,<\/em> ed anche qui con medici di spessore nazionale ed internazionale degli ospedali Riuniti di Reggio Calabria, San Filippo Neri di Roma e Bergamo, abbiamo realizzato tre convegni nazionali tra il 2010 ed il 2011 nelle stesse citt\u00e0. Negli anni successivi abbiamo deciso di sostenere altre associazioni ed abbiamo fondato la Nazionale di Calcio Aida Onlus, che scende periodicamente in campo per eventi di beneficenza, raccolta fondi e solidariet\u00e0.<\/p>\n<p class=\"xmprfx_MsoNormal\" style=\"text-align: justify\">Altro compleanno speciale per i dieci anni dalla nascita \u00e8 quello dell\u2019asd AIDA nata nel 2014\u00a0 promossa da AIDA onlus\/odv, una associazione sportiva dilettantistica, per consentire a ragazzi diversamente abili di praticare sport paralimpico. Il nostro pezzo forte \u00e8 il paraarchery, che ha portato atleti a vincere titoli nazionali e internazionali e medaglie paralimpiche. Abbiamo all\u2019interno della nostra polisportiva, tra gli altri anche il motociclismo, tennis tavolo e calcio balilla etc., tutto rigorosamente praticato da ragazzi normodotati e diversamente abili, in modo da fare interagire allo stesso livello le due categorie azzerando le differenze.<\/p>\n<p class=\"xmprfx_MsoNormal\" style=\"text-align: justify\">Negli ultimi anni, nonostante il fermo causa covid abbiamo realizzato un bel progetto finanziato da fondazione Vodafone e fondazione con il sud, portando all\u2019interno delle scuole le attivit\u00e0 paralimpiche, contestualmente ci siamo occupati di sicurezza stradale ed abbattimento delle barriere architettoniche con testimonial importanti che hanno portato nelle scuole nei teatri e auditorium di tutta Italia la loro esperienza di vita, spiegando a migliaia di giovani quanto loro accaduto e come sono riusciti a rimettersi nuovamente in pista\u00a0 e rientrare nel contesto sociale e lavorativo. Tanti personaggi del mondo dello sport, della televisione e dello spettacolo sono al nostro fianco e partecipano volentieri e con passione alle nostre iniziative in prima persona.<\/p>\n<p class=\"xmprfx_MsoNormal\" style=\"text-align: justify\">Lo scorso agosto 2023 abbiamo realizzato il nostro palazzetto dello sport a Cinquefrondi (RC), grazie alla sensibilit\u00e0 del sindaco Michele Conia che ci ha concesso il terreno in comodato gratuito, per poter praticare attivit\u00e0 sportive, ludico ricreative e convegni grazie all\u2019impianto multimediale realizzato nella struttura.<\/p>\n<p class=\"xmprfx_MsoNormal\" style=\"text-align: justify\">L\u2019Aida onlus\/odv e asd aida mantengono orgogliosamente la sede Legale a Laureana di Borrello (RC)\u00a0 mentre quelle organizzative la prima a Roma la seconda a Cinquefrondi.<\/p>\n<p class=\"xmprfx_MsoNormal\" style=\"text-align: justify\">Il 2024 \u00e8 l\u2019anno dei festeggiamenti, per una associazione cos\u00ec longeva ed allo stesso tempo giovane e affiatata, naturalmente non mancheranno le attivit\u00e0 che in questo anno particolare avranno un sapore diverso, il sapore della consapevolezza di essere riusciti nel nostro intento.<\/p>\n","protected":false},"excerpt":{"rendered":"<p>Sono passati 20 anni esatti da quel lontano 2004 quando assieme a degli amici con cui condividevamo tante passioni, tra cui quella del sociale, abbiamo dato vita a Laureana di&hellip;<\/p>\n","protected":false},"author":12,"featured_media":42871,"comment_status":"closed","ping_status":"open","sticky":false,"template":"","format":"standard","meta":{"_jetpack_memberships_contains_paid_content":false,"footnotes":"","jetpack_publicize_message":"","jetpack_publicize_feature_enabled":true,"jetpack_social_post_already_shared":false,"jetpack_social_options":{"image_generator_settings":{"template":"highway","default_image_id":0,"font":"","enabled":false},"version":2}},"categories":[921,196,140],"tags":[26440,19489,1828,26441],"class_list":["post-42823","post","type-post","status-publish","format-standard","has-post-thumbnail","hentry","category-home","category-news","category-reggio-calabria","tag-aida-onlus-compie-20-anni","tag-disabilita","tag-laureana-di-borrello","tag-reno-insarda"],"yoast_head":"<!-- This site is optimized with the Yoast SEO plugin v27.2 - https:\/\/yoast.com\/product\/yoast-seo-wordpress\/ -->\n<title>Laureana di Borrello: associazione &quot;AIDA Onlus&quot; compie 20 anni - Radio Touring 104<\/title>\n<meta name=\"description\" content=\"20 anni fa, nel 2004, la nascita a Laureana di Borrello RC all\u2019 AIDA onlus, Associazione Italiana Diversamente Abili.\" \/>\n<meta name=\"robots\" content=\"index, follow, max-snippet:-1, max-image-preview:large, max-video-preview:-1\" \/>\n<link rel=\"canonical\" href=\"https:\/\/progettotouring.it\/radiotouring104\/2024\/01\/17\/laureana-di-borrello-associazione-aida-onlus-compie-20-anni\/\" \/>\n<meta property=\"og:locale\" content=\"it_IT\" \/>\n<meta property=\"og:type\" content=\"article\" \/>\n<meta property=\"og:title\" content=\"Laureana di Borrello: associazione &quot;AIDA Onlus&quot; compie 20 anni - Radio Touring 104\" \/>\n<meta property=\"og:description\" content=\"20 anni fa, nel 2004, la nascita a Laureana di Borrello RC all\u2019 AIDA onlus, Associazione Italiana Diversamente Abili.\" \/>\n<meta property=\"og:url\" content=\"https:\/\/progettotouring.it\/radiotouring104\/2024\/01\/17\/laureana-di-borrello-associazione-aida-onlus-compie-20-anni\/\" \/>\n<meta property=\"og:site_name\" content=\"Radio Touring 104\" \/>\n<meta property=\"article:published_time\" content=\"2024-01-17T11:22:03+00:00\" \/>\n<meta property=\"article:modified_time\" content=\"2024-01-18T09:05:12+00:00\" \/>\n<meta property=\"og:image\" content=\"https:\/\/progettotouring.it\/radiotouring104\/wp-content\/uploads\/sites\/6\/2024\/01\/Aida-Onlus.jpg\" \/>\n\t<meta property=\"og:image:width\" content=\"333\" \/>\n\t<meta property=\"og:image:height\" content=\"259\" \/>\n\t<meta property=\"og:image:type\" content=\"image\/jpeg\" \/>\n<meta name=\"author\" content=\"Sebastiano Plutino\" \/>\n<meta name=\"twitter:card\" content=\"summary_large_image\" \/>\n<meta name=\"twitter:label1\" content=\"Scritto da\" \/>\n\t<meta name=\"twitter:data1\" content=\"Sebastiano Plutino\" \/>\n\t<meta name=\"twitter:label2\" content=\"Tempo di lettura stimato\" \/>\n\t<meta name=\"twitter:data2\" content=\"3 minuti\" \/>\n<script type=\"application\/ld+json\" class=\"yoast-schema-graph\">{\"@context\":\"https:\/\/schema.org\",\"@graph\":[{\"@type\":\"Article\",\"@id\":\"https:\/\/progettotouring.it\/radiotouring104\/2024\/01\/17\/laureana-di-borrello-associazione-aida-onlus-compie-20-anni\/#article\",\"isPartOf\":{\"@id\":\"https:\/\/progettotouring.it\/radiotouring104\/2024\/01\/17\/laureana-di-borrello-associazione-aida-onlus-compie-20-anni\/\"},\"author\":{\"name\":\"Sebastiano Plutino\",\"@id\":\"https:\/\/progettotouring.it\/radiotouring104\/#\/schema\/person\/78613917f1851f041f7483f5af1d422e\"},\"headline\":\"Laureana di Borrello: associazione &#8220;AIDA Onlus&#8221; compie 20 anni\",\"datePublished\":\"2024-01-17T11:22:03+00:00\",\"dateModified\":\"2024-01-18T09:05:12+00:00\",\"mainEntityOfPage\":{\"@id\":\"https:\/\/progettotouring.it\/radiotouring104\/2024\/01\/17\/laureana-di-borrello-associazione-aida-onlus-compie-20-anni\/\"},\"wordCount\":668,\"publisher\":{\"@id\":\"https:\/\/progettotouring.it\/radiotouring104\/#organization\"},\"image\":{\"@id\":\"https:\/\/progettotouring.it\/radiotouring104\/2024\/01\/17\/laureana-di-borrello-associazione-aida-onlus-compie-20-anni\/#primaryimage\"},\"thumbnailUrl\":\"https:\/\/progettotouring.it\/radiotouring104\/wp-content\/uploads\/sites\/6\/2024\/01\/Aida-Onlus.jpg\",\"keywords\":[\"\\\"AIDA Onlus\\\" compie 20 anni\",\"disabilit\u00e0\",\"laureana di borrello\",\"Reno Insard\u00e0\"],\"articleSection\":[\"Home\",\"News\",\"Reggio Calabria\"],\"inLanguage\":\"it-IT\"},{\"@type\":\"WebPage\",\"@id\":\"https:\/\/progettotouring.it\/radiotouring104\/2024\/01\/17\/laureana-di-borrello-associazione-aida-onlus-compie-20-anni\/\",\"url\":\"https:\/\/progettotouring.it\/radiotouring104\/2024\/01\/17\/laureana-di-borrello-associazione-aida-onlus-compie-20-anni\/\",\"name\":\"Laureana di Borrello: associazione \\\"AIDA Onlus\\\" compie 20 anni - Radio Touring 104\",\"isPartOf\":{\"@id\":\"https:\/\/progettotouring.it\/radiotouring104\/#website\"},\"primaryImageOfPage\":{\"@id\":\"https:\/\/progettotouring.it\/radiotouring104\/2024\/01\/17\/laureana-di-borrello-associazione-aida-onlus-compie-20-anni\/#primaryimage\"},\"image\":{\"@id\":\"https:\/\/progettotouring.it\/radiotouring104\/2024\/01\/17\/laureana-di-borrello-associazione-aida-onlus-compie-20-anni\/#primaryimage\"},\"thumbnailUrl\":\"https:\/\/progettotouring.it\/radiotouring104\/wp-content\/uploads\/sites\/6\/2024\/01\/Aida-Onlus.jpg\",\"datePublished\":\"2024-01-17T11:22:03+00:00\",\"dateModified\":\"2024-01-18T09:05:12+00:00\",\"description\":\"20 anni fa, nel 2004, la nascita a Laureana di Borrello RC all\u2019 AIDA onlus, Associazione Italiana Diversamente Abili.\",\"breadcrumb\":{\"@id\":\"https:\/\/progettotouring.it\/radiotouring104\/2024\/01\/17\/laureana-di-borrello-associazione-aida-onlus-compie-20-anni\/#breadcrumb\"},\"inLanguage\":\"it-IT\",\"potentialAction\":[{\"@type\":\"ReadAction\",\"target\":[\"https:\/\/progettotouring.it\/radiotouring104\/2024\/01\/17\/laureana-di-borrello-associazione-aida-onlus-compie-20-anni\/\"]}]},{\"@type\":\"ImageObject\",\"inLanguage\":\"it-IT\",\"@id\":\"https:\/\/progettotouring.it\/radiotouring104\/2024\/01\/17\/laureana-di-borrello-associazione-aida-onlus-compie-20-anni\/#primaryimage\",\"url\":\"https:\/\/progettotouring.it\/radiotouring104\/wp-content\/uploads\/sites\/6\/2024\/01\/Aida-Onlus.jpg\",\"contentUrl\":\"https:\/\/progettotouring.it\/radiotouring104\/wp-content\/uploads\/sites\/6\/2024\/01\/Aida-Onlus.jpg\",\"width\":333,\"height\":259},{\"@type\":\"BreadcrumbList\",\"@id\":\"https:\/\/progettotouring.it\/radiotouring104\/2024\/01\/17\/laureana-di-borrello-associazione-aida-onlus-compie-20-anni\/#breadcrumb\",\"itemListElement\":[{\"@type\":\"ListItem\",\"position\":1,\"name\":\"Home\",\"item\":\"https:\/\/progettotouring.it\/radiotouring104\/\"},{\"@type\":\"ListItem\",\"position\":2,\"name\":\"Laureana di Borrello: associazione &#8220;AIDA Onlus&#8221; compie 20 anni\"}]},{\"@type\":\"WebSite\",\"@id\":\"https:\/\/progettotouring.it\/radiotouring104\/#website\",\"url\":\"https:\/\/progettotouring.it\/radiotouring104\/\",\"name\":\"Radio Touring 104\",\"description\":\"La prima radio Reggina\",\"publisher\":{\"@id\":\"https:\/\/progettotouring.it\/radiotouring104\/#organization\"},\"potentialAction\":[{\"@type\":\"SearchAction\",\"target\":{\"@type\":\"EntryPoint\",\"urlTemplate\":\"https:\/\/progettotouring.it\/radiotouring104\/?s={search_term_string}\"},\"query-input\":{\"@type\":\"PropertyValueSpecification\",\"valueRequired\":true,\"valueName\":\"search_term_string\"}}],\"inLanguage\":\"it-IT\"},{\"@type\":\"Organization\",\"@id\":\"https:\/\/progettotouring.it\/radiotouring104\/#organization\",\"name\":\"Radio Touring 104\",\"url\":\"https:\/\/progettotouring.it\/radiotouring104\/\",\"logo\":{\"@type\":\"ImageObject\",\"inLanguage\":\"it-IT\",\"@id\":\"https:\/\/progettotouring.it\/radiotouring104\/#\/schema\/logo\/image\/\",\"url\":\"https:\/\/progettotouring.it\/radiotouring104\/wp-content\/uploads\/sites\/6\/2022\/02\/cropped-logo-radio-touring-104.png\",\"contentUrl\":\"https:\/\/progettotouring.it\/radiotouring104\/wp-content\/uploads\/sites\/6\/2022\/02\/cropped-logo-radio-touring-104.png\",\"width\":377,\"height\":182,\"caption\":\"Radio Touring 104\"},\"image\":{\"@id\":\"https:\/\/progettotouring.it\/radiotouring104\/#\/schema\/logo\/image\/\"}},{\"@type\":\"Person\",\"@id\":\"https:\/\/progettotouring.it\/radiotouring104\/#\/schema\/person\/78613917f1851f041f7483f5af1d422e\",\"name\":\"Sebastiano Plutino\",\"image\":{\"@type\":\"ImageObject\",\"inLanguage\":\"it-IT\",\"@id\":\"https:\/\/secure.gravatar.com\/avatar\/0546ffaa9b79224faf9f2a156b67a529ae861d3287c66c1d8ccfdf909bcba78d?s=96&d=mm&r=g\",\"url\":\"https:\/\/secure.gravatar.com\/avatar\/0546ffaa9b79224faf9f2a156b67a529ae861d3287c66c1d8ccfdf909bcba78d?s=96&d=mm&r=g\",\"contentUrl\":\"https:\/\/secure.gravatar.com\/avatar\/0546ffaa9b79224faf9f2a156b67a529ae861d3287c66c1d8ccfdf909bcba78d?s=96&d=mm&r=g\",\"caption\":\"Sebastiano Plutino\"},\"url\":\"https:\/\/progettotouring.it\/radiotouring104\/author\/sebastiano\/\"}]}<\/script>\n<!-- \/ Yoast SEO plugin. -->","yoast_head_json":{"title":"Laureana di Borrello: associazione \"AIDA Onlus\" compie 20 anni - Radio Touring 104","description":"20 anni fa, nel 2004, la nascita a Laureana di Borrello RC all\u2019 AIDA onlus, Associazione Italiana Diversamente Abili.","robots":{"index":"index","follow":"follow","max-snippet":"max-snippet:-1","max-image-preview":"max-image-preview:large","max-video-preview":"max-video-preview:-1"},"canonical":"https:\/\/progettotouring.it\/radiotouring104\/2024\/01\/17\/laureana-di-borrello-associazione-aida-onlus-compie-20-anni\/","og_locale":"it_IT","og_type":"article","og_title":"Laureana di Borrello: associazione \"AIDA Onlus\" compie 20 anni - Radio Touring 104","og_description":"20 anni fa, nel 2004, la nascita a Laureana di Borrello RC all\u2019 AIDA onlus, Associazione Italiana Diversamente Abili.","og_url":"https:\/\/progettotouring.it\/radiotouring104\/2024\/01\/17\/laureana-di-borrello-associazione-aida-onlus-compie-20-anni\/","og_site_name":"Radio Touring 104","article_published_time":"2024-01-17T11:22:03+00:00","article_modified_time":"2024-01-18T09:05:12+00:00","og_image":[{"width":333,"height":259,"url":"https:\/\/progettotouring.it\/radiotouring104\/wp-content\/uploads\/sites\/6\/2024\/01\/Aida-Onlus.jpg","type":"image\/jpeg"}],"author":"Sebastiano Plutino","twitter_card":"summary_large_image","twitter_misc":{"Scritto da":"Sebastiano Plutino","Tempo di lettura stimato":"3 minuti"},"schema":{"@context":"https:\/\/schema.org","@graph":[{"@type":"Article","@id":"https:\/\/progettotouring.it\/radiotouring104\/2024\/01\/17\/laureana-di-borrello-associazione-aida-onlus-compie-20-anni\/#article","isPartOf":{"@id":"https:\/\/progettotouring.it\/radiotouring104\/2024\/01\/17\/laureana-di-borrello-associazione-aida-onlus-compie-20-anni\/"},"author":{"name":"Sebastiano Plutino","@id":"https:\/\/progettotouring.it\/radiotouring104\/#\/schema\/person\/78613917f1851f041f7483f5af1d422e"},"headline":"Laureana di Borrello: associazione &#8220;AIDA Onlus&#8221; compie 20 anni","datePublished":"2024-01-17T11:22:03+00:00","dateModified":"2024-01-18T09:05:12+00:00","mainEntityOfPage":{"@id":"https:\/\/progettotouring.it\/radiotouring104\/2024\/01\/17\/laureana-di-borrello-associazione-aida-onlus-compie-20-anni\/"},"wordCount":668,"publisher":{"@id":"https:\/\/progettotouring.it\/radiotouring104\/#organization"},"image":{"@id":"https:\/\/progettotouring.it\/radiotouring104\/2024\/01\/17\/laureana-di-borrello-associazione-aida-onlus-compie-20-anni\/#primaryimage"},"thumbnailUrl":"https:\/\/progettotouring.it\/radiotouring104\/wp-content\/uploads\/sites\/6\/2024\/01\/Aida-Onlus.jpg","keywords":["\"AIDA Onlus\" compie 20 anni","disabilit\u00e0","laureana di borrello","Reno Insard\u00e0"],"articleSection":["Home","News","Reggio Calabria"],"inLanguage":"it-IT"},{"@type":"WebPage","@id":"https:\/\/progettotouring.it\/radiotouring104\/2024\/01\/17\/laureana-di-borrello-associazione-aida-onlus-compie-20-anni\/","url":"https:\/\/progettotouring.it\/radiotouring104\/2024\/01\/17\/laureana-di-borrello-associazione-aida-onlus-compie-20-anni\/","name":"Laureana di Borrello: associazione \"AIDA Onlus\" compie 20 anni - Radio Touring 104","isPartOf":{"@id":"https:\/\/progettotouring.it\/radiotouring104\/#website"},"primaryImageOfPage":{"@id":"https:\/\/progettotouring.it\/radiotouring104\/2024\/01\/17\/laureana-di-borrello-associazione-aida-onlus-compie-20-anni\/#primaryimage"},"image":{"@id":"https:\/\/progettotouring.it\/radiotouring104\/2024\/01\/17\/laureana-di-borrello-associazione-aida-onlus-compie-20-anni\/#primaryimage"},"thumbnailUrl":"https:\/\/progettotouring.it\/radiotouring104\/wp-content\/uploads\/sites\/6\/2024\/01\/Aida-Onlus.jpg","datePublished":"2024-01-17T11:22:03+00:00","dateModified":"2024-01-18T09:05:12+00:00","description":"20 anni fa, nel 2004, la nascita a Laureana di Borrello RC all\u2019 AIDA onlus, Associazione Italiana Diversamente Abili.","breadcrumb":{"@id":"https:\/\/progettotouring.it\/radiotouring104\/2024\/01\/17\/laureana-di-borrello-associazione-aida-onlus-compie-20-anni\/#breadcrumb"},"inLanguage":"it-IT","potentialAction":[{"@type":"ReadAction","target":["https:\/\/progettotouring.it\/radiotouring104\/2024\/01\/17\/laureana-di-borrello-associazione-aida-onlus-compie-20-anni\/"]}]},{"@type":"ImageObject","inLanguage":"it-IT","@id":"https:\/\/progettotouring.it\/radiotouring104\/2024\/01\/17\/laureana-di-borrello-associazione-aida-onlus-compie-20-anni\/#primaryimage","url":"https:\/\/progettotouring.it\/radiotouring104\/wp-content\/uploads\/sites\/6\/2024\/01\/Aida-Onlus.jpg","contentUrl":"https:\/\/progettotouring.it\/radiotouring104\/wp-content\/uploads\/sites\/6\/2024\/01\/Aida-Onlus.jpg","width":333,"height":259},{"@type":"BreadcrumbList","@id":"https:\/\/progettotouring.it\/radiotouring104\/2024\/01\/17\/laureana-di-borrello-associazione-aida-onlus-compie-20-anni\/#breadcrumb","itemListElement":[{"@type":"ListItem","position":1,"name":"Home","item":"https:\/\/progettotouring.it\/radiotouring104\/"},{"@type":"ListItem","position":2,"name":"Laureana di Borrello: associazione &#8220;AIDA Onlus&#8221; compie 20 anni"}]},{"@type":"WebSite","@id":"https:\/\/progettotouring.it\/radiotouring104\/#website","url":"https:\/\/progettotouring.it\/radiotouring104\/","name":"Radio Touring 104","description":"La prima radio Reggina","publisher":{"@id":"https:\/\/progettotouring.it\/radiotouring104\/#organization"},"potentialAction":[{"@type":"SearchAction","target":{"@type":"EntryPoint","urlTemplate":"https:\/\/progettotouring.it\/radiotouring104\/?s={search_term_string}"},"query-input":{"@type":"PropertyValueSpecification","valueRequired":true,"valueName":"search_term_string"}}],"inLanguage":"it-IT"},{"@type":"Organization","@id":"https:\/\/progettotouring.it\/radiotouring104\/#organization","name":"Radio Touring 104","url":"https:\/\/progettotouring.it\/radiotouring104\/","logo":{"@type":"ImageObject","inLanguage":"it-IT","@id":"https:\/\/progettotouring.it\/radiotouring104\/#\/schema\/logo\/image\/","url":"https:\/\/progettotouring.it\/radiotouring104\/wp-content\/uploads\/sites\/6\/2022\/02\/cropped-logo-radio-touring-104.png","contentUrl":"https:\/\/progettotouring.it\/radiotouring104\/wp-content\/uploads\/sites\/6\/2022\/02\/cropped-logo-radio-touring-104.png","width":377,"height":182,"caption":"Radio Touring 104"},"image":{"@id":"https:\/\/progettotouring.it\/radiotouring104\/#\/schema\/logo\/image\/"}},{"@type":"Person","@id":"https:\/\/progettotouring.it\/radiotouring104\/#\/schema\/person\/78613917f1851f041f7483f5af1d422e","name":"Sebastiano Plutino","image":{"@type":"ImageObject","inLanguage":"it-IT","@id":"https:\/\/secure.gravatar.com\/avatar\/0546ffaa9b79224faf9f2a156b67a529ae861d3287c66c1d8ccfdf909bcba78d?s=96&d=mm&r=g","url":"https:\/\/secure.gravatar.com\/avatar\/0546ffaa9b79224faf9f2a156b67a529ae861d3287c66c1d8ccfdf909bcba78d?s=96&d=mm&r=g","contentUrl":"https:\/\/secure.gravatar.com\/avatar\/0546ffaa9b79224faf9f2a156b67a529ae861d3287c66c1d8ccfdf909bcba78d?s=96&d=mm&r=g","caption":"Sebastiano Plutino"},"url":"https:\/\/progettotouring.it\/radiotouring104\/author\/sebastiano\/"}]}},"jetpack_publicize_connections":[],"jetpack_featured_media_url":"https:\/\/progettotouring.it\/radiotouring104\/wp-content\/uploads\/sites\/6\/2024\/01\/Aida-Onlus.jpg","jetpack_sharing_enabled":true,"_links":{"self":[{"href":"https:\/\/progettotouring.it\/radiotouring104\/wp-json\/wp\/v2\/posts\/42823","targetHints":{"allow":["GET"]}}],"collection":[{"href":"https:\/\/progettotouring.it\/radiotouring104\/wp-json\/wp\/v2\/posts"}],"about":[{"href":"https:\/\/progettotouring.it\/radiotouring104\/wp-json\/wp\/v2\/types\/post"}],"author":[{"embeddable":true,"href":"https:\/\/progettotouring.it\/radiotouring104\/wp-json\/wp\/v2\/users\/12"}],"replies":[{"embeddable":true,"href":"https:\/\/progettotouring.it\/radiotouring104\/wp-json\/wp\/v2\/comments?post=42823"}],"version-history":[{"count":1,"href":"https:\/\/progettotouring.it\/radiotouring104\/wp-json\/wp\/v2\/posts\/42823\/revisions"}],"predecessor-version":[{"id":42824,"href":"https:\/\/progettotouring.it\/radiotouring104\/wp-json\/wp\/v2\/posts\/42823\/revisions\/42824"}],"wp:featuredmedia":[{"embeddable":true,"href":"https:\/\/progettotouring.it\/radiotouring104\/wp-json\/wp\/v2\/media\/42871"}],"wp:attachment":[{"href":"https:\/\/progettotouring.it\/radiotouring104\/wp-json\/wp\/v2\/media?parent=42823"}],"wp:term":[{"taxonomy":"category","embeddable":true,"href":"https:\/\/progettotouring.it\/radiotouring104\/wp-json\/wp\/v2\/categories?post=42823"},{"taxonomy":"post_tag","embeddable":true,"href":"https:\/\/progettotouring.it\/radiotouring104\/wp-json\/wp\/v2\/tags?post=42823"}],"curies":[{"name":"wp","href":"https:\/\/api.w.org\/{rel}","templated":true}]}}