{"id":42830,"date":"2024-01-17T12:48:29","date_gmt":"2024-01-17T11:48:29","guid":{"rendered":"https:\/\/progettotouring.it\/radiotouring104\/?p=42830"},"modified":"2024-01-17T12:48:29","modified_gmt":"2024-01-17T11:48:29","slug":"taurianova-tra-le-5-candidate-per-diventare-capitale-italiana-del-libro-2024","status":"publish","type":"post","link":"https:\/\/progettotouring.it\/radiotouring104\/2024\/01\/17\/taurianova-tra-le-5-candidate-per-diventare-capitale-italiana-del-libro-2024\/","title":{"rendered":"Taurianova tra le 5 candidate per diventare &#8220;Capitale Italiana del Libro 2024&#8221;"},"content":{"rendered":"<p style=\"text-align: justify\"><strong>C\u2019\u00e8 anche Taurianova, unica citt\u00e0 calabrese, tra le cinque finaliste che concorrono al titolo di Capitale italiana del Libro 2024.<\/strong> Lo ha deciso la Commissione incaricata dal ministero della Cultura che, dopo aver fatto una prima valutazione delle candidature presentate e in attesa di sentire in video conferenza gli amministratori delle proposte concorrenti, ha inserito la cittadina del Reggino nella rosa di cui fanno parte anche Grottaferrata, San Mauro Pascoli, Tito e Trapani.<\/p>\n<p style=\"text-align: justify\"><strong>La notizia \u00e8 stata accolta con grande entusiasmo dalla giunta guidata dal sindaco Roy Biasi,<\/strong> gi\u00e0 al lavoro per alzare il livello di coinvolgimento &#8211; pure in questa fase &#8211; della citt\u00e0 e di tutte le istituzioni comunali, per mettere Taurianova nelle condizioni di bissare il successo ottenuto da Vibo Valentia \u2013 che \u00e8 stata Capitale nel 2021 \u2013 e di prendere il testimone che lascer\u00e0 Genova insignita nel 2023.<\/p>\n<p style=\"text-align: justify\">Secondo il cronoprogramma che si \u00e8 dato la Commissione ministeriale guidata dallo scrittore<strong> Pierfranco Bruni<\/strong>, e composta anche da Incoronata Boccia, Gerardo Casale, Antonella Ferrara e Sara Guelmi, i rappresentanti delle 5 finaliste verranno auditi il prossimo 31 gennaio in vista del responso finale atteso nel mese di febbraio.<\/p>\n<p style=\"text-align: justify\"><em>\u00abLa notizia arrivata da Roma<\/em> \u2013 <strong>commenta Maria Fedele, assessore alla Cultura<\/strong> \u2013<em> rappresenta il suggello autorevolissimo di un impegno straordinario e originale che abbiamo portato avanti con costanza, e non senza quel pizzico di sana utopia che \u00e8 tipica dei visionari che operano all\u2019interno di habitat non sempre ottimali, sin dal nostro insediamento che risale al 2020. Il progetto di candidatura che abbiamo presentato \u00e8 infatti la summa che esalta una serie di manifestazioni con protagonista il libro, che abbiamo voluto fossero interconnesse fra loro, creando per\u00f2 un valore aggiunto consistito nella capacit\u00e0 di rivolgersi ad un pubblico giovanile e di un territorio pi\u00f9 vasto di quello comunale, caratteristiche che noi ora vogliamo esaltare ancora di pi\u00f9 in vista della messa a punto di una illustrazione alla Commissione che sar\u00e0 essa stessa un primo moltiplicatore di quella partecipazione della citt\u00e0 che abbiamo gi\u00e0 in mente\u00bb.<\/em><\/p>\n<p style=\"text-align: justify\">E\u2019 ricco il novero degli eventi-incubatori, la cui realizzazione ha convinto la Commissione a credere nelle ulteriori potenzialit\u00e0 della pianificazione messa in atto dal Comune di questo centro che ha poco meno di 15.000 abitanti &#8211;\u00a0 Taurianova Legge, TauriaNoir, Nati per la Cultura, l\u2019App Bibliotaurus, questi alcuni dei titoli e di idee guida organizzati dall\u2019assessorato nell\u2019ambito di una campagna culturale ispirata dalla tenacia politica e dalla creativit\u00e0 non burocratica \u2013 e che ora vivr\u00e0 sotto i riflettori con una angolatura diversa, quella offerta dal rapporto con il libro inteso come oggetto e come giacimento di valori.<\/p>\n<p style=\"text-align: justify\"><em>\u00abSi tratta di un risultato storico<\/em> \u2013 <strong>commenta il sindaco Biasi<\/strong> \u2013<em> che ci consente, gi\u00e0 per il fatto di essere tra le cinque citt\u00e0 finaliste, di dire che il lavoro paga e che i fatti ci danno ragione in quello sforzo quotidiano per rendere sempre pi\u00f9 attrattiva dal punto di vista sociale, economico e culturale la citt\u00e0. Abbiamo agito ispirati dalla necessit\u00e0 che avvertiamo di proporre l\u2019immagine vera di Taurianova e della Calabria, lontana dagli stereotipi del passato, dimostrando che possiamo metterci alle spalle il disfattismo ed essere modello per la speranza delle giovani generazioni\u00bb.<\/em><\/p>\n<p>&nbsp;<\/p>\n<p><strong>\u00a0 \u00a0 \u00a0 \u00a0 \u00a0 \u00a0 \u00a0<\/strong><\/p>\n","protected":false},"excerpt":{"rendered":"<p>C\u2019\u00e8 anche Taurianova, unica citt\u00e0 calabrese, tra le cinque finaliste che concorrono al titolo di Capitale italiana del Libro 2024. Lo ha deciso la Commissione incaricata dal ministero della Cultura&hellip;<\/p>\n","protected":false},"author":12,"featured_media":42831,"comment_status":"closed","ping_status":"open","sticky":false,"template":"","format":"standard","meta":{"_jetpack_memberships_contains_paid_content":false,"footnotes":"","jetpack_publicize_message":"","jetpack_publicize_feature_enabled":true,"jetpack_social_post_already_shared":false,"jetpack_social_options":{"image_generator_settings":{"template":"highway","default_image_id":0,"font":"","enabled":false},"version":2}},"categories":[921,196,140],"tags":[26444,24769,24043,515,26445],"class_list":["post-42830","post","type-post","status-publish","format-standard","has-post-thumbnail","hentry","category-home","category-news","category-reggio-calabria","tag-capitale-italiana-del-libro-2024","tag-maria-fedele","tag-roy-biasi","tag-taurianova","tag-taurianova-tra-5-candidate"],"yoast_head":"<!-- This site is optimized with the Yoast SEO plugin v27.2 - https:\/\/yoast.com\/product\/yoast-seo-wordpress\/ -->\n<title>Taurianova tra le 5 candidate per &quot;Capitale Italiana del Libro 2024&quot;<\/title>\n<meta name=\"description\" content=\"&quot;Premiati per capacit\u00e0 di metterci alle spalle luoghi comuni disfattistici con la cultura&quot;, dichiarano Sindaco Biasi ed assessore Fedele \u00a0\u00a0\u00a0\u00a0\" \/>\n<meta name=\"robots\" content=\"index, follow, max-snippet:-1, max-image-preview:large, max-video-preview:-1\" \/>\n<link rel=\"canonical\" href=\"https:\/\/progettotouring.it\/radiotouring104\/2024\/01\/17\/taurianova-tra-le-5-candidate-per-diventare-capitale-italiana-del-libro-2024\/\" \/>\n<meta property=\"og:locale\" content=\"it_IT\" \/>\n<meta property=\"og:type\" content=\"article\" \/>\n<meta property=\"og:title\" content=\"Taurianova tra le 5 candidate per &quot;Capitale Italiana del Libro 2024&quot;\" \/>\n<meta property=\"og:description\" content=\"&quot;Premiati per capacit\u00e0 di metterci alle spalle luoghi comuni disfattistici con la cultura&quot;, dichiarano Sindaco Biasi ed assessore Fedele \u00a0\u00a0\u00a0\u00a0\" \/>\n<meta property=\"og:url\" content=\"https:\/\/progettotouring.it\/radiotouring104\/2024\/01\/17\/taurianova-tra-le-5-candidate-per-diventare-capitale-italiana-del-libro-2024\/\" \/>\n<meta property=\"og:site_name\" content=\"Radio Touring 104\" \/>\n<meta property=\"article:published_time\" content=\"2024-01-17T11:48:29+00:00\" \/>\n<meta property=\"og:image\" content=\"https:\/\/progettotouring.it\/radiotouring104\/wp-content\/uploads\/sites\/6\/2024\/01\/biasi-fedele-Taurianova-Capitale-Italiana-Libro.jpg\" \/>\n\t<meta property=\"og:image:width\" content=\"671\" \/>\n\t<meta property=\"og:image:height\" content=\"878\" \/>\n\t<meta property=\"og:image:type\" content=\"image\/jpeg\" \/>\n<meta name=\"author\" content=\"Sebastiano Plutino\" \/>\n<meta name=\"twitter:card\" content=\"summary_large_image\" \/>\n<meta name=\"twitter:label1\" content=\"Scritto da\" \/>\n\t<meta name=\"twitter:data1\" content=\"Sebastiano Plutino\" \/>\n\t<meta name=\"twitter:label2\" content=\"Tempo di lettura stimato\" \/>\n\t<meta name=\"twitter:data2\" content=\"3 minuti\" \/>\n<script type=\"application\/ld+json\" class=\"yoast-schema-graph\">{\"@context\":\"https:\/\/schema.org\",\"@graph\":[{\"@type\":\"Article\",\"@id\":\"https:\/\/progettotouring.it\/radiotouring104\/2024\/01\/17\/taurianova-tra-le-5-candidate-per-diventare-capitale-italiana-del-libro-2024\/#article\",\"isPartOf\":{\"@id\":\"https:\/\/progettotouring.it\/radiotouring104\/2024\/01\/17\/taurianova-tra-le-5-candidate-per-diventare-capitale-italiana-del-libro-2024\/\"},\"author\":{\"name\":\"Sebastiano Plutino\",\"@id\":\"https:\/\/progettotouring.it\/radiotouring104\/#\/schema\/person\/78613917f1851f041f7483f5af1d422e\"},\"headline\":\"Taurianova tra le 5 candidate per diventare &#8220;Capitale Italiana del Libro 2024&#8221;\",\"datePublished\":\"2024-01-17T11:48:29+00:00\",\"mainEntityOfPage\":{\"@id\":\"https:\/\/progettotouring.it\/radiotouring104\/2024\/01\/17\/taurianova-tra-le-5-candidate-per-diventare-capitale-italiana-del-libro-2024\/\"},\"wordCount\":527,\"publisher\":{\"@id\":\"https:\/\/progettotouring.it\/radiotouring104\/#organization\"},\"image\":{\"@id\":\"https:\/\/progettotouring.it\/radiotouring104\/2024\/01\/17\/taurianova-tra-le-5-candidate-per-diventare-capitale-italiana-del-libro-2024\/#primaryimage\"},\"thumbnailUrl\":\"https:\/\/progettotouring.it\/radiotouring104\/wp-content\/uploads\/sites\/6\/2024\/01\/biasi-fedele-Taurianova-Capitale-Italiana-Libro.jpg\",\"keywords\":[\"\\\"Capitale Italiana del Libro 2024\\\"\",\"Maria Fedele\",\"Roy Biasi\",\"Taurianova\",\"Taurianova tra 5 candidate\"],\"articleSection\":[\"Home\",\"News\",\"Reggio Calabria\"],\"inLanguage\":\"it-IT\"},{\"@type\":\"WebPage\",\"@id\":\"https:\/\/progettotouring.it\/radiotouring104\/2024\/01\/17\/taurianova-tra-le-5-candidate-per-diventare-capitale-italiana-del-libro-2024\/\",\"url\":\"https:\/\/progettotouring.it\/radiotouring104\/2024\/01\/17\/taurianova-tra-le-5-candidate-per-diventare-capitale-italiana-del-libro-2024\/\",\"name\":\"Taurianova tra le 5 candidate per \\\"Capitale Italiana del Libro 2024\\\"\",\"isPartOf\":{\"@id\":\"https:\/\/progettotouring.it\/radiotouring104\/#website\"},\"primaryImageOfPage\":{\"@id\":\"https:\/\/progettotouring.it\/radiotouring104\/2024\/01\/17\/taurianova-tra-le-5-candidate-per-diventare-capitale-italiana-del-libro-2024\/#primaryimage\"},\"image\":{\"@id\":\"https:\/\/progettotouring.it\/radiotouring104\/2024\/01\/17\/taurianova-tra-le-5-candidate-per-diventare-capitale-italiana-del-libro-2024\/#primaryimage\"},\"thumbnailUrl\":\"https:\/\/progettotouring.it\/radiotouring104\/wp-content\/uploads\/sites\/6\/2024\/01\/biasi-fedele-Taurianova-Capitale-Italiana-Libro.jpg\",\"datePublished\":\"2024-01-17T11:48:29+00:00\",\"description\":\"\\\"Premiati per capacit\u00e0 di metterci alle spalle luoghi comuni disfattistici con la cultura\\\", dichiarano Sindaco Biasi ed assessore Fedele \u00a0\u00a0\u00a0\u00a0\",\"breadcrumb\":{\"@id\":\"https:\/\/progettotouring.it\/radiotouring104\/2024\/01\/17\/taurianova-tra-le-5-candidate-per-diventare-capitale-italiana-del-libro-2024\/#breadcrumb\"},\"inLanguage\":\"it-IT\",\"potentialAction\":[{\"@type\":\"ReadAction\",\"target\":[\"https:\/\/progettotouring.it\/radiotouring104\/2024\/01\/17\/taurianova-tra-le-5-candidate-per-diventare-capitale-italiana-del-libro-2024\/\"]}]},{\"@type\":\"ImageObject\",\"inLanguage\":\"it-IT\",\"@id\":\"https:\/\/progettotouring.it\/radiotouring104\/2024\/01\/17\/taurianova-tra-le-5-candidate-per-diventare-capitale-italiana-del-libro-2024\/#primaryimage\",\"url\":\"https:\/\/progettotouring.it\/radiotouring104\/wp-content\/uploads\/sites\/6\/2024\/01\/biasi-fedele-Taurianova-Capitale-Italiana-Libro.jpg\",\"contentUrl\":\"https:\/\/progettotouring.it\/radiotouring104\/wp-content\/uploads\/sites\/6\/2024\/01\/biasi-fedele-Taurianova-Capitale-Italiana-Libro.jpg\",\"width\":671,\"height\":878},{\"@type\":\"BreadcrumbList\",\"@id\":\"https:\/\/progettotouring.it\/radiotouring104\/2024\/01\/17\/taurianova-tra-le-5-candidate-per-diventare-capitale-italiana-del-libro-2024\/#breadcrumb\",\"itemListElement\":[{\"@type\":\"ListItem\",\"position\":1,\"name\":\"Home\",\"item\":\"https:\/\/progettotouring.it\/radiotouring104\/\"},{\"@type\":\"ListItem\",\"position\":2,\"name\":\"Taurianova tra le 5 candidate per diventare &#8220;Capitale Italiana del Libro 2024&#8221;\"}]},{\"@type\":\"WebSite\",\"@id\":\"https:\/\/progettotouring.it\/radiotouring104\/#website\",\"url\":\"https:\/\/progettotouring.it\/radiotouring104\/\",\"name\":\"Radio Touring 104\",\"description\":\"La prima radio Reggina\",\"publisher\":{\"@id\":\"https:\/\/progettotouring.it\/radiotouring104\/#organization\"},\"potentialAction\":[{\"@type\":\"SearchAction\",\"target\":{\"@type\":\"EntryPoint\",\"urlTemplate\":\"https:\/\/progettotouring.it\/radiotouring104\/?s={search_term_string}\"},\"query-input\":{\"@type\":\"PropertyValueSpecification\",\"valueRequired\":true,\"valueName\":\"search_term_string\"}}],\"inLanguage\":\"it-IT\"},{\"@type\":\"Organization\",\"@id\":\"https:\/\/progettotouring.it\/radiotouring104\/#organization\",\"name\":\"Radio Touring 104\",\"url\":\"https:\/\/progettotouring.it\/radiotouring104\/\",\"logo\":{\"@type\":\"ImageObject\",\"inLanguage\":\"it-IT\",\"@id\":\"https:\/\/progettotouring.it\/radiotouring104\/#\/schema\/logo\/image\/\",\"url\":\"https:\/\/progettotouring.it\/radiotouring104\/wp-content\/uploads\/sites\/6\/2022\/02\/cropped-logo-radio-touring-104.png\",\"contentUrl\":\"https:\/\/progettotouring.it\/radiotouring104\/wp-content\/uploads\/sites\/6\/2022\/02\/cropped-logo-radio-touring-104.png\",\"width\":377,\"height\":182,\"caption\":\"Radio Touring 104\"},\"image\":{\"@id\":\"https:\/\/progettotouring.it\/radiotouring104\/#\/schema\/logo\/image\/\"}},{\"@type\":\"Person\",\"@id\":\"https:\/\/progettotouring.it\/radiotouring104\/#\/schema\/person\/78613917f1851f041f7483f5af1d422e\",\"name\":\"Sebastiano Plutino\",\"image\":{\"@type\":\"ImageObject\",\"inLanguage\":\"it-IT\",\"@id\":\"https:\/\/secure.gravatar.com\/avatar\/0546ffaa9b79224faf9f2a156b67a529ae861d3287c66c1d8ccfdf909bcba78d?s=96&d=mm&r=g\",\"url\":\"https:\/\/secure.gravatar.com\/avatar\/0546ffaa9b79224faf9f2a156b67a529ae861d3287c66c1d8ccfdf909bcba78d?s=96&d=mm&r=g\",\"contentUrl\":\"https:\/\/secure.gravatar.com\/avatar\/0546ffaa9b79224faf9f2a156b67a529ae861d3287c66c1d8ccfdf909bcba78d?s=96&d=mm&r=g\",\"caption\":\"Sebastiano Plutino\"},\"url\":\"https:\/\/progettotouring.it\/radiotouring104\/author\/sebastiano\/\"}]}<\/script>\n<!-- \/ Yoast SEO plugin. -->","yoast_head_json":{"title":"Taurianova tra le 5 candidate per \"Capitale Italiana del Libro 2024\"","description":"\"Premiati per capacit\u00e0 di metterci alle spalle luoghi comuni disfattistici con la cultura\", dichiarano Sindaco Biasi ed assessore Fedele \u00a0\u00a0\u00a0\u00a0","robots":{"index":"index","follow":"follow","max-snippet":"max-snippet:-1","max-image-preview":"max-image-preview:large","max-video-preview":"max-video-preview:-1"},"canonical":"https:\/\/progettotouring.it\/radiotouring104\/2024\/01\/17\/taurianova-tra-le-5-candidate-per-diventare-capitale-italiana-del-libro-2024\/","og_locale":"it_IT","og_type":"article","og_title":"Taurianova tra le 5 candidate per \"Capitale Italiana del Libro 2024\"","og_description":"\"Premiati per capacit\u00e0 di metterci alle spalle luoghi comuni disfattistici con la cultura\", dichiarano Sindaco Biasi ed assessore Fedele \u00a0\u00a0\u00a0\u00a0","og_url":"https:\/\/progettotouring.it\/radiotouring104\/2024\/01\/17\/taurianova-tra-le-5-candidate-per-diventare-capitale-italiana-del-libro-2024\/","og_site_name":"Radio Touring 104","article_published_time":"2024-01-17T11:48:29+00:00","og_image":[{"width":671,"height":878,"url":"https:\/\/progettotouring.it\/radiotouring104\/wp-content\/uploads\/sites\/6\/2024\/01\/biasi-fedele-Taurianova-Capitale-Italiana-Libro.jpg","type":"image\/jpeg"}],"author":"Sebastiano Plutino","twitter_card":"summary_large_image","twitter_misc":{"Scritto da":"Sebastiano Plutino","Tempo di lettura stimato":"3 minuti"},"schema":{"@context":"https:\/\/schema.org","@graph":[{"@type":"Article","@id":"https:\/\/progettotouring.it\/radiotouring104\/2024\/01\/17\/taurianova-tra-le-5-candidate-per-diventare-capitale-italiana-del-libro-2024\/#article","isPartOf":{"@id":"https:\/\/progettotouring.it\/radiotouring104\/2024\/01\/17\/taurianova-tra-le-5-candidate-per-diventare-capitale-italiana-del-libro-2024\/"},"author":{"name":"Sebastiano Plutino","@id":"https:\/\/progettotouring.it\/radiotouring104\/#\/schema\/person\/78613917f1851f041f7483f5af1d422e"},"headline":"Taurianova tra le 5 candidate per diventare &#8220;Capitale Italiana del Libro 2024&#8221;","datePublished":"2024-01-17T11:48:29+00:00","mainEntityOfPage":{"@id":"https:\/\/progettotouring.it\/radiotouring104\/2024\/01\/17\/taurianova-tra-le-5-candidate-per-diventare-capitale-italiana-del-libro-2024\/"},"wordCount":527,"publisher":{"@id":"https:\/\/progettotouring.it\/radiotouring104\/#organization"},"image":{"@id":"https:\/\/progettotouring.it\/radiotouring104\/2024\/01\/17\/taurianova-tra-le-5-candidate-per-diventare-capitale-italiana-del-libro-2024\/#primaryimage"},"thumbnailUrl":"https:\/\/progettotouring.it\/radiotouring104\/wp-content\/uploads\/sites\/6\/2024\/01\/biasi-fedele-Taurianova-Capitale-Italiana-Libro.jpg","keywords":["\"Capitale Italiana del Libro 2024\"","Maria Fedele","Roy Biasi","Taurianova","Taurianova tra 5 candidate"],"articleSection":["Home","News","Reggio Calabria"],"inLanguage":"it-IT"},{"@type":"WebPage","@id":"https:\/\/progettotouring.it\/radiotouring104\/2024\/01\/17\/taurianova-tra-le-5-candidate-per-diventare-capitale-italiana-del-libro-2024\/","url":"https:\/\/progettotouring.it\/radiotouring104\/2024\/01\/17\/taurianova-tra-le-5-candidate-per-diventare-capitale-italiana-del-libro-2024\/","name":"Taurianova tra le 5 candidate per \"Capitale Italiana del Libro 2024\"","isPartOf":{"@id":"https:\/\/progettotouring.it\/radiotouring104\/#website"},"primaryImageOfPage":{"@id":"https:\/\/progettotouring.it\/radiotouring104\/2024\/01\/17\/taurianova-tra-le-5-candidate-per-diventare-capitale-italiana-del-libro-2024\/#primaryimage"},"image":{"@id":"https:\/\/progettotouring.it\/radiotouring104\/2024\/01\/17\/taurianova-tra-le-5-candidate-per-diventare-capitale-italiana-del-libro-2024\/#primaryimage"},"thumbnailUrl":"https:\/\/progettotouring.it\/radiotouring104\/wp-content\/uploads\/sites\/6\/2024\/01\/biasi-fedele-Taurianova-Capitale-Italiana-Libro.jpg","datePublished":"2024-01-17T11:48:29+00:00","description":"\"Premiati per capacit\u00e0 di metterci alle spalle luoghi comuni disfattistici con la cultura\", dichiarano Sindaco Biasi ed assessore Fedele \u00a0\u00a0\u00a0\u00a0","breadcrumb":{"@id":"https:\/\/progettotouring.it\/radiotouring104\/2024\/01\/17\/taurianova-tra-le-5-candidate-per-diventare-capitale-italiana-del-libro-2024\/#breadcrumb"},"inLanguage":"it-IT","potentialAction":[{"@type":"ReadAction","target":["https:\/\/progettotouring.it\/radiotouring104\/2024\/01\/17\/taurianova-tra-le-5-candidate-per-diventare-capitale-italiana-del-libro-2024\/"]}]},{"@type":"ImageObject","inLanguage":"it-IT","@id":"https:\/\/progettotouring.it\/radiotouring104\/2024\/01\/17\/taurianova-tra-le-5-candidate-per-diventare-capitale-italiana-del-libro-2024\/#primaryimage","url":"https:\/\/progettotouring.it\/radiotouring104\/wp-content\/uploads\/sites\/6\/2024\/01\/biasi-fedele-Taurianova-Capitale-Italiana-Libro.jpg","contentUrl":"https:\/\/progettotouring.it\/radiotouring104\/wp-content\/uploads\/sites\/6\/2024\/01\/biasi-fedele-Taurianova-Capitale-Italiana-Libro.jpg","width":671,"height":878},{"@type":"BreadcrumbList","@id":"https:\/\/progettotouring.it\/radiotouring104\/2024\/01\/17\/taurianova-tra-le-5-candidate-per-diventare-capitale-italiana-del-libro-2024\/#breadcrumb","itemListElement":[{"@type":"ListItem","position":1,"name":"Home","item":"https:\/\/progettotouring.it\/radiotouring104\/"},{"@type":"ListItem","position":2,"name":"Taurianova tra le 5 candidate per diventare &#8220;Capitale Italiana del Libro 2024&#8221;"}]},{"@type":"WebSite","@id":"https:\/\/progettotouring.it\/radiotouring104\/#website","url":"https:\/\/progettotouring.it\/radiotouring104\/","name":"Radio Touring 104","description":"La prima radio Reggina","publisher":{"@id":"https:\/\/progettotouring.it\/radiotouring104\/#organization"},"potentialAction":[{"@type":"SearchAction","target":{"@type":"EntryPoint","urlTemplate":"https:\/\/progettotouring.it\/radiotouring104\/?s={search_term_string}"},"query-input":{"@type":"PropertyValueSpecification","valueRequired":true,"valueName":"search_term_string"}}],"inLanguage":"it-IT"},{"@type":"Organization","@id":"https:\/\/progettotouring.it\/radiotouring104\/#organization","name":"Radio Touring 104","url":"https:\/\/progettotouring.it\/radiotouring104\/","logo":{"@type":"ImageObject","inLanguage":"it-IT","@id":"https:\/\/progettotouring.it\/radiotouring104\/#\/schema\/logo\/image\/","url":"https:\/\/progettotouring.it\/radiotouring104\/wp-content\/uploads\/sites\/6\/2022\/02\/cropped-logo-radio-touring-104.png","contentUrl":"https:\/\/progettotouring.it\/radiotouring104\/wp-content\/uploads\/sites\/6\/2022\/02\/cropped-logo-radio-touring-104.png","width":377,"height":182,"caption":"Radio Touring 104"},"image":{"@id":"https:\/\/progettotouring.it\/radiotouring104\/#\/schema\/logo\/image\/"}},{"@type":"Person","@id":"https:\/\/progettotouring.it\/radiotouring104\/#\/schema\/person\/78613917f1851f041f7483f5af1d422e","name":"Sebastiano Plutino","image":{"@type":"ImageObject","inLanguage":"it-IT","@id":"https:\/\/secure.gravatar.com\/avatar\/0546ffaa9b79224faf9f2a156b67a529ae861d3287c66c1d8ccfdf909bcba78d?s=96&d=mm&r=g","url":"https:\/\/secure.gravatar.com\/avatar\/0546ffaa9b79224faf9f2a156b67a529ae861d3287c66c1d8ccfdf909bcba78d?s=96&d=mm&r=g","contentUrl":"https:\/\/secure.gravatar.com\/avatar\/0546ffaa9b79224faf9f2a156b67a529ae861d3287c66c1d8ccfdf909bcba78d?s=96&d=mm&r=g","caption":"Sebastiano Plutino"},"url":"https:\/\/progettotouring.it\/radiotouring104\/author\/sebastiano\/"}]}},"jetpack_publicize_connections":[],"jetpack_featured_media_url":"https:\/\/progettotouring.it\/radiotouring104\/wp-content\/uploads\/sites\/6\/2024\/01\/biasi-fedele-Taurianova-Capitale-Italiana-Libro.jpg","jetpack_sharing_enabled":true,"_links":{"self":[{"href":"https:\/\/progettotouring.it\/radiotouring104\/wp-json\/wp\/v2\/posts\/42830","targetHints":{"allow":["GET"]}}],"collection":[{"href":"https:\/\/progettotouring.it\/radiotouring104\/wp-json\/wp\/v2\/posts"}],"about":[{"href":"https:\/\/progettotouring.it\/radiotouring104\/wp-json\/wp\/v2\/types\/post"}],"author":[{"embeddable":true,"href":"https:\/\/progettotouring.it\/radiotouring104\/wp-json\/wp\/v2\/users\/12"}],"replies":[{"embeddable":true,"href":"https:\/\/progettotouring.it\/radiotouring104\/wp-json\/wp\/v2\/comments?post=42830"}],"version-history":[{"count":2,"href":"https:\/\/progettotouring.it\/radiotouring104\/wp-json\/wp\/v2\/posts\/42830\/revisions"}],"predecessor-version":[{"id":42834,"href":"https:\/\/progettotouring.it\/radiotouring104\/wp-json\/wp\/v2\/posts\/42830\/revisions\/42834"}],"wp:featuredmedia":[{"embeddable":true,"href":"https:\/\/progettotouring.it\/radiotouring104\/wp-json\/wp\/v2\/media\/42831"}],"wp:attachment":[{"href":"https:\/\/progettotouring.it\/radiotouring104\/wp-json\/wp\/v2\/media?parent=42830"}],"wp:term":[{"taxonomy":"category","embeddable":true,"href":"https:\/\/progettotouring.it\/radiotouring104\/wp-json\/wp\/v2\/categories?post=42830"},{"taxonomy":"post_tag","embeddable":true,"href":"https:\/\/progettotouring.it\/radiotouring104\/wp-json\/wp\/v2\/tags?post=42830"}],"curies":[{"name":"wp","href":"https:\/\/api.w.org\/{rel}","templated":true}]}}