{"id":42875,"date":"2024-01-18T10:36:42","date_gmt":"2024-01-18T09:36:42","guid":{"rendered":"https:\/\/progettotouring.it\/radiotouring104\/?p=42875"},"modified":"2024-01-18T10:37:01","modified_gmt":"2024-01-18T09:37:01","slug":"parco-nazionale-dellaspromonte-online-il-video-che-racconta-il-progetto-life-milvus","status":"publish","type":"post","link":"https:\/\/progettotouring.it\/radiotouring104\/2024\/01\/18\/parco-nazionale-dellaspromonte-online-il-video-che-racconta-il-progetto-life-milvus\/","title":{"rendered":"Parco Nazionale dell&#8217;Aspromonte: online il video che racconta il Progetto Life MILVUS"},"content":{"rendered":"<p style=\"text-align: justify\"><strong>Da ieri<\/strong> \u00e8 visibile online, sui nostri canali social e su youtube,<strong> il video<\/strong>, in Italiano, Inglese e Francese, <strong>che racconta il progetto<\/strong> \u201cLIFE MILVUS\u201d<strong> sulle attivit\u00e0 svolte nel Parco Nazionale dell\u2019Aspromonte.<\/strong><\/p>\n<p style=\"text-align: justify\"><strong>Si parte dal primo rilascio di nibbi reali nel Parco Nazionale dell\u2019Aspromont<\/strong>e, la prima liberazione messa in atto per reintrodurre, nell\u2019arco di alcuni anni, questa magnifica specie in Calabria meridionale, dove e\u0300 scomparsa vari decenni or sono. Con poche ed agili battute d\u2019ala, gli otto esemplari sono usciti dalle due voliere di ambientamento che li avevano ospitati per poco piu\u0300 di un mese. Ora volano ora nei dintorni dell\u2019area di rilascio e frequentano di tanto in tanto una mangiatoia che viene rifornita per supportarli in questo primo pe- riodo di liberta\u0300. <strong>I GPS di cui sono muniti permettono al team del LIFE MILVUS di controllarne i movimenti e le tele<\/strong>&#8211; camere installate in zona consentono di osservarli e di leggere gli anelli di identificazione mentre si alimentano<strong>. La liberazione degli otto giovani nibbi reali nel Parco dell\u2019Aspomonte e\u0300 frutto di una straordinaria collaborazione internazionale<\/strong> che ha visto come protagonisti lo staff dell\u2019Ente Parco, istituzioni, associazioni ed ornitologi italiani e svizzeri. L&#8217;importante iniziativa di conservazione viene realizzata grazie al progetto LIFE MILVUS, cofinanziato dalla Commissione Europea, del quale l&#8217;Ente Parco Nazionale dell&#8217;Aspromonte \u00e8 il coordinatore, affiancato da E-Distribuzione S.p.A, da Regione Calabria e dall&#8217;associazione Conservatoire des espaces naturels de Corse (Corsica).<\/p>\n<p style=\"text-align: justify\"><strong>Il nibbio reale, che non nidifica pi\u00f9 in Calabria meridionale da molti decenni, \u00e8 una specie considerata vulnerabile a livello italiano<\/strong>; pur non avendo alcun impatto negativo sulle attivit\u00e0 umane, ha subito una drammatica diminuzione nel secolo scorso principalmente a causa del bracconaggio. Una delle minacce pi\u00f9 gravi per la sua conservazione \u00e8 anche l&#8217;uso di bocconi avvelenati perch\u00e9 il nibbio reale si alimenta principalmente di animali morti e questo importante ruolo ecologico di &#8220;spazzino&#8221; dell&#8217;ambiente naturale, che elimina residui potenzialmente pericolosi e ricicla biomassa, pu\u00f2 costargli la vita. L&#8217;Ente Parco, inoltre, ha in programma varie attivit\u00e0 di sensibilizzazione che puntano a far conoscere il nibbio reale alla popolazione ed a coinvolgerla nella reintroduzione di questo magnifico rapace, che merita di tornare a colorare i cieli dell&#8217;Aspromonte.<\/p>\n<p style=\"text-align: justify\">Per ulteriori informazioni sul progetto LIFE MILVUS <a href=\"http:\/\/www.lifemilvusproject.it\">www.lifemilvusproject.it<\/a><\/p>\n<p style=\"text-align: justify\">Link del video in Italiano: https:\/\/youtu.be\/9Y3mENDPx-8?si=AaPiv4gjaQjmx2xu<\/p>\n<p style=\"text-align: justify\">Link del video in Inglese: https:\/\/youtu.be\/40ZRxMPeORM?si=lrTNVPHabvL2T6Eo<\/p>\n<p style=\"text-align: justify\">Link del video in Francese: https:\/\/youtu.be\/E4yf-PjXFUI?si=hC-S6KIwLiLBZse6<\/p>\n<p>&nbsp;<\/p>\n","protected":false},"excerpt":{"rendered":"<p>Da ieri \u00e8 visibile online, sui nostri canali social e su youtube, il video, in Italiano, Inglese e Francese, che racconta il progetto \u201cLIFE MILVUS\u201d sulle attivit\u00e0 svolte nel Parco&hellip;<\/p>\n","protected":false},"author":12,"featured_media":42876,"comment_status":"closed","ping_status":"open","sticky":false,"template":"","format":"standard","meta":{"_jetpack_memberships_contains_paid_content":false,"footnotes":"","jetpack_publicize_message":"","jetpack_publicize_feature_enabled":true,"jetpack_social_post_already_shared":false,"jetpack_social_options":{"image_generator_settings":{"template":"highway","default_image_id":0,"font":"","enabled":false},"version":2}},"categories":[142,921,196],"tags":[1039,23561,26464],"class_list":["post-42875","post","type-post","status-publish","format-standard","has-post-thumbnail","hentry","category-calabria","category-home","category-news","tag-ente-parco-aspromonte","tag-progetto-life-milvus","tag-rilascio-nibbi-reali"],"yoast_head":"<!-- This site is optimized with the Yoast SEO plugin v27.2 - https:\/\/yoast.com\/product\/yoast-seo-wordpress\/ -->\n<title>Parco Aspromonte: online video che racconta Progetto Life MILVUS<\/title>\n<meta name=\"description\" content=\"Da ieri \u00e8 online, sui canali social e su youtube, il video che racconta il progetto \u201cLIFE MILVUS\u201d sulle attivit\u00e0 svolte nel Parco Aspromonte\" \/>\n<meta name=\"robots\" content=\"index, follow, max-snippet:-1, max-image-preview:large, max-video-preview:-1\" \/>\n<link rel=\"canonical\" href=\"https:\/\/progettotouring.it\/radiotouring104\/2024\/01\/18\/parco-nazionale-dellaspromonte-online-il-video-che-racconta-il-progetto-life-milvus\/\" \/>\n<meta property=\"og:locale\" content=\"it_IT\" \/>\n<meta property=\"og:type\" content=\"article\" \/>\n<meta property=\"og:title\" content=\"Parco Aspromonte: online video che racconta Progetto Life MILVUS\" \/>\n<meta property=\"og:description\" content=\"Da ieri \u00e8 online, sui canali social e su youtube, il video che racconta il progetto \u201cLIFE MILVUS\u201d sulle attivit\u00e0 svolte nel Parco Aspromonte\" \/>\n<meta property=\"og:url\" content=\"https:\/\/progettotouring.it\/radiotouring104\/2024\/01\/18\/parco-nazionale-dellaspromonte-online-il-video-che-racconta-il-progetto-life-milvus\/\" \/>\n<meta property=\"og:site_name\" content=\"Radio Touring 104\" \/>\n<meta property=\"article:published_time\" content=\"2024-01-18T09:36:42+00:00\" \/>\n<meta property=\"article:modified_time\" content=\"2024-01-18T09:37:01+00:00\" \/>\n<meta property=\"og:image\" content=\"https:\/\/progettotouring.it\/radiotouring104\/wp-content\/uploads\/sites\/6\/2024\/01\/Nibbio-reale-ente-Parco-Aspromonte.png\" \/>\n\t<meta property=\"og:image:width\" content=\"1000\" \/>\n\t<meta property=\"og:image:height\" content=\"804\" \/>\n\t<meta property=\"og:image:type\" content=\"image\/png\" \/>\n<meta name=\"author\" content=\"Sebastiano Plutino\" \/>\n<meta name=\"twitter:card\" content=\"summary_large_image\" \/>\n<meta name=\"twitter:label1\" content=\"Scritto da\" \/>\n\t<meta name=\"twitter:data1\" content=\"Sebastiano Plutino\" \/>\n\t<meta name=\"twitter:label2\" content=\"Tempo di lettura stimato\" \/>\n\t<meta name=\"twitter:data2\" content=\"2 minuti\" \/>\n<script type=\"application\/ld+json\" class=\"yoast-schema-graph\">{\"@context\":\"https:\/\/schema.org\",\"@graph\":[{\"@type\":\"Article\",\"@id\":\"https:\/\/progettotouring.it\/radiotouring104\/2024\/01\/18\/parco-nazionale-dellaspromonte-online-il-video-che-racconta-il-progetto-life-milvus\/#article\",\"isPartOf\":{\"@id\":\"https:\/\/progettotouring.it\/radiotouring104\/2024\/01\/18\/parco-nazionale-dellaspromonte-online-il-video-che-racconta-il-progetto-life-milvus\/\"},\"author\":{\"name\":\"Sebastiano Plutino\",\"@id\":\"https:\/\/progettotouring.it\/radiotouring104\/#\/schema\/person\/78613917f1851f041f7483f5af1d422e\"},\"headline\":\"Parco Nazionale dell&#8217;Aspromonte: online il video che racconta il Progetto Life MILVUS\",\"datePublished\":\"2024-01-18T09:36:42+00:00\",\"dateModified\":\"2024-01-18T09:37:01+00:00\",\"mainEntityOfPage\":{\"@id\":\"https:\/\/progettotouring.it\/radiotouring104\/2024\/01\/18\/parco-nazionale-dellaspromonte-online-il-video-che-racconta-il-progetto-life-milvus\/\"},\"wordCount\":427,\"publisher\":{\"@id\":\"https:\/\/progettotouring.it\/radiotouring104\/#organization\"},\"image\":{\"@id\":\"https:\/\/progettotouring.it\/radiotouring104\/2024\/01\/18\/parco-nazionale-dellaspromonte-online-il-video-che-racconta-il-progetto-life-milvus\/#primaryimage\"},\"thumbnailUrl\":\"https:\/\/progettotouring.it\/radiotouring104\/wp-content\/uploads\/sites\/6\/2024\/01\/Nibbio-reale-ente-Parco-Aspromonte.png\",\"keywords\":[\"ente parco aspromonte\",\"progetto \u201cLIFE MILVUS\u201d\",\"rilascio nibbi reali\"],\"articleSection\":[\"Calabria\",\"Home\",\"News\"],\"inLanguage\":\"it-IT\"},{\"@type\":\"WebPage\",\"@id\":\"https:\/\/progettotouring.it\/radiotouring104\/2024\/01\/18\/parco-nazionale-dellaspromonte-online-il-video-che-racconta-il-progetto-life-milvus\/\",\"url\":\"https:\/\/progettotouring.it\/radiotouring104\/2024\/01\/18\/parco-nazionale-dellaspromonte-online-il-video-che-racconta-il-progetto-life-milvus\/\",\"name\":\"Parco Aspromonte: online video che racconta Progetto Life MILVUS\",\"isPartOf\":{\"@id\":\"https:\/\/progettotouring.it\/radiotouring104\/#website\"},\"primaryImageOfPage\":{\"@id\":\"https:\/\/progettotouring.it\/radiotouring104\/2024\/01\/18\/parco-nazionale-dellaspromonte-online-il-video-che-racconta-il-progetto-life-milvus\/#primaryimage\"},\"image\":{\"@id\":\"https:\/\/progettotouring.it\/radiotouring104\/2024\/01\/18\/parco-nazionale-dellaspromonte-online-il-video-che-racconta-il-progetto-life-milvus\/#primaryimage\"},\"thumbnailUrl\":\"https:\/\/progettotouring.it\/radiotouring104\/wp-content\/uploads\/sites\/6\/2024\/01\/Nibbio-reale-ente-Parco-Aspromonte.png\",\"datePublished\":\"2024-01-18T09:36:42+00:00\",\"dateModified\":\"2024-01-18T09:37:01+00:00\",\"description\":\"Da ieri \u00e8 online, sui canali social e su youtube, il video che racconta il progetto \u201cLIFE MILVUS\u201d sulle attivit\u00e0 svolte nel Parco Aspromonte\",\"breadcrumb\":{\"@id\":\"https:\/\/progettotouring.it\/radiotouring104\/2024\/01\/18\/parco-nazionale-dellaspromonte-online-il-video-che-racconta-il-progetto-life-milvus\/#breadcrumb\"},\"inLanguage\":\"it-IT\",\"potentialAction\":[{\"@type\":\"ReadAction\",\"target\":[\"https:\/\/progettotouring.it\/radiotouring104\/2024\/01\/18\/parco-nazionale-dellaspromonte-online-il-video-che-racconta-il-progetto-life-milvus\/\"]}]},{\"@type\":\"ImageObject\",\"inLanguage\":\"it-IT\",\"@id\":\"https:\/\/progettotouring.it\/radiotouring104\/2024\/01\/18\/parco-nazionale-dellaspromonte-online-il-video-che-racconta-il-progetto-life-milvus\/#primaryimage\",\"url\":\"https:\/\/progettotouring.it\/radiotouring104\/wp-content\/uploads\/sites\/6\/2024\/01\/Nibbio-reale-ente-Parco-Aspromonte.png\",\"contentUrl\":\"https:\/\/progettotouring.it\/radiotouring104\/wp-content\/uploads\/sites\/6\/2024\/01\/Nibbio-reale-ente-Parco-Aspromonte.png\",\"width\":1000,\"height\":804},{\"@type\":\"BreadcrumbList\",\"@id\":\"https:\/\/progettotouring.it\/radiotouring104\/2024\/01\/18\/parco-nazionale-dellaspromonte-online-il-video-che-racconta-il-progetto-life-milvus\/#breadcrumb\",\"itemListElement\":[{\"@type\":\"ListItem\",\"position\":1,\"name\":\"Home\",\"item\":\"https:\/\/progettotouring.it\/radiotouring104\/\"},{\"@type\":\"ListItem\",\"position\":2,\"name\":\"Parco Nazionale dell&#8217;Aspromonte: online il video che racconta il Progetto Life MILVUS\"}]},{\"@type\":\"WebSite\",\"@id\":\"https:\/\/progettotouring.it\/radiotouring104\/#website\",\"url\":\"https:\/\/progettotouring.it\/radiotouring104\/\",\"name\":\"Radio Touring 104\",\"description\":\"La prima radio Reggina\",\"publisher\":{\"@id\":\"https:\/\/progettotouring.it\/radiotouring104\/#organization\"},\"potentialAction\":[{\"@type\":\"SearchAction\",\"target\":{\"@type\":\"EntryPoint\",\"urlTemplate\":\"https:\/\/progettotouring.it\/radiotouring104\/?s={search_term_string}\"},\"query-input\":{\"@type\":\"PropertyValueSpecification\",\"valueRequired\":true,\"valueName\":\"search_term_string\"}}],\"inLanguage\":\"it-IT\"},{\"@type\":\"Organization\",\"@id\":\"https:\/\/progettotouring.it\/radiotouring104\/#organization\",\"name\":\"Radio Touring 104\",\"url\":\"https:\/\/progettotouring.it\/radiotouring104\/\",\"logo\":{\"@type\":\"ImageObject\",\"inLanguage\":\"it-IT\",\"@id\":\"https:\/\/progettotouring.it\/radiotouring104\/#\/schema\/logo\/image\/\",\"url\":\"https:\/\/progettotouring.it\/radiotouring104\/wp-content\/uploads\/sites\/6\/2022\/02\/cropped-logo-radio-touring-104.png\",\"contentUrl\":\"https:\/\/progettotouring.it\/radiotouring104\/wp-content\/uploads\/sites\/6\/2022\/02\/cropped-logo-radio-touring-104.png\",\"width\":377,\"height\":182,\"caption\":\"Radio Touring 104\"},\"image\":{\"@id\":\"https:\/\/progettotouring.it\/radiotouring104\/#\/schema\/logo\/image\/\"}},{\"@type\":\"Person\",\"@id\":\"https:\/\/progettotouring.it\/radiotouring104\/#\/schema\/person\/78613917f1851f041f7483f5af1d422e\",\"name\":\"Sebastiano Plutino\",\"image\":{\"@type\":\"ImageObject\",\"inLanguage\":\"it-IT\",\"@id\":\"https:\/\/secure.gravatar.com\/avatar\/0546ffaa9b79224faf9f2a156b67a529ae861d3287c66c1d8ccfdf909bcba78d?s=96&d=mm&r=g\",\"url\":\"https:\/\/secure.gravatar.com\/avatar\/0546ffaa9b79224faf9f2a156b67a529ae861d3287c66c1d8ccfdf909bcba78d?s=96&d=mm&r=g\",\"contentUrl\":\"https:\/\/secure.gravatar.com\/avatar\/0546ffaa9b79224faf9f2a156b67a529ae861d3287c66c1d8ccfdf909bcba78d?s=96&d=mm&r=g\",\"caption\":\"Sebastiano Plutino\"},\"url\":\"https:\/\/progettotouring.it\/radiotouring104\/author\/sebastiano\/\"}]}<\/script>\n<!-- \/ Yoast SEO plugin. -->","yoast_head_json":{"title":"Parco Aspromonte: online video che racconta Progetto Life MILVUS","description":"Da ieri \u00e8 online, sui canali social e su youtube, il video che racconta il progetto \u201cLIFE MILVUS\u201d sulle attivit\u00e0 svolte nel Parco Aspromonte","robots":{"index":"index","follow":"follow","max-snippet":"max-snippet:-1","max-image-preview":"max-image-preview:large","max-video-preview":"max-video-preview:-1"},"canonical":"https:\/\/progettotouring.it\/radiotouring104\/2024\/01\/18\/parco-nazionale-dellaspromonte-online-il-video-che-racconta-il-progetto-life-milvus\/","og_locale":"it_IT","og_type":"article","og_title":"Parco Aspromonte: online video che racconta Progetto Life MILVUS","og_description":"Da ieri \u00e8 online, sui canali social e su youtube, il video che racconta il progetto \u201cLIFE MILVUS\u201d sulle attivit\u00e0 svolte nel Parco Aspromonte","og_url":"https:\/\/progettotouring.it\/radiotouring104\/2024\/01\/18\/parco-nazionale-dellaspromonte-online-il-video-che-racconta-il-progetto-life-milvus\/","og_site_name":"Radio Touring 104","article_published_time":"2024-01-18T09:36:42+00:00","article_modified_time":"2024-01-18T09:37:01+00:00","og_image":[{"width":1000,"height":804,"url":"https:\/\/progettotouring.it\/radiotouring104\/wp-content\/uploads\/sites\/6\/2024\/01\/Nibbio-reale-ente-Parco-Aspromonte.png","type":"image\/png"}],"author":"Sebastiano Plutino","twitter_card":"summary_large_image","twitter_misc":{"Scritto da":"Sebastiano Plutino","Tempo di lettura stimato":"2 minuti"},"schema":{"@context":"https:\/\/schema.org","@graph":[{"@type":"Article","@id":"https:\/\/progettotouring.it\/radiotouring104\/2024\/01\/18\/parco-nazionale-dellaspromonte-online-il-video-che-racconta-il-progetto-life-milvus\/#article","isPartOf":{"@id":"https:\/\/progettotouring.it\/radiotouring104\/2024\/01\/18\/parco-nazionale-dellaspromonte-online-il-video-che-racconta-il-progetto-life-milvus\/"},"author":{"name":"Sebastiano Plutino","@id":"https:\/\/progettotouring.it\/radiotouring104\/#\/schema\/person\/78613917f1851f041f7483f5af1d422e"},"headline":"Parco Nazionale dell&#8217;Aspromonte: online il video che racconta il Progetto Life MILVUS","datePublished":"2024-01-18T09:36:42+00:00","dateModified":"2024-01-18T09:37:01+00:00","mainEntityOfPage":{"@id":"https:\/\/progettotouring.it\/radiotouring104\/2024\/01\/18\/parco-nazionale-dellaspromonte-online-il-video-che-racconta-il-progetto-life-milvus\/"},"wordCount":427,"publisher":{"@id":"https:\/\/progettotouring.it\/radiotouring104\/#organization"},"image":{"@id":"https:\/\/progettotouring.it\/radiotouring104\/2024\/01\/18\/parco-nazionale-dellaspromonte-online-il-video-che-racconta-il-progetto-life-milvus\/#primaryimage"},"thumbnailUrl":"https:\/\/progettotouring.it\/radiotouring104\/wp-content\/uploads\/sites\/6\/2024\/01\/Nibbio-reale-ente-Parco-Aspromonte.png","keywords":["ente parco aspromonte","progetto \u201cLIFE MILVUS\u201d","rilascio nibbi reali"],"articleSection":["Calabria","Home","News"],"inLanguage":"it-IT"},{"@type":"WebPage","@id":"https:\/\/progettotouring.it\/radiotouring104\/2024\/01\/18\/parco-nazionale-dellaspromonte-online-il-video-che-racconta-il-progetto-life-milvus\/","url":"https:\/\/progettotouring.it\/radiotouring104\/2024\/01\/18\/parco-nazionale-dellaspromonte-online-il-video-che-racconta-il-progetto-life-milvus\/","name":"Parco Aspromonte: online video che racconta Progetto Life MILVUS","isPartOf":{"@id":"https:\/\/progettotouring.it\/radiotouring104\/#website"},"primaryImageOfPage":{"@id":"https:\/\/progettotouring.it\/radiotouring104\/2024\/01\/18\/parco-nazionale-dellaspromonte-online-il-video-che-racconta-il-progetto-life-milvus\/#primaryimage"},"image":{"@id":"https:\/\/progettotouring.it\/radiotouring104\/2024\/01\/18\/parco-nazionale-dellaspromonte-online-il-video-che-racconta-il-progetto-life-milvus\/#primaryimage"},"thumbnailUrl":"https:\/\/progettotouring.it\/radiotouring104\/wp-content\/uploads\/sites\/6\/2024\/01\/Nibbio-reale-ente-Parco-Aspromonte.png","datePublished":"2024-01-18T09:36:42+00:00","dateModified":"2024-01-18T09:37:01+00:00","description":"Da ieri \u00e8 online, sui canali social e su youtube, il video che racconta il progetto \u201cLIFE MILVUS\u201d sulle attivit\u00e0 svolte nel Parco Aspromonte","breadcrumb":{"@id":"https:\/\/progettotouring.it\/radiotouring104\/2024\/01\/18\/parco-nazionale-dellaspromonte-online-il-video-che-racconta-il-progetto-life-milvus\/#breadcrumb"},"inLanguage":"it-IT","potentialAction":[{"@type":"ReadAction","target":["https:\/\/progettotouring.it\/radiotouring104\/2024\/01\/18\/parco-nazionale-dellaspromonte-online-il-video-che-racconta-il-progetto-life-milvus\/"]}]},{"@type":"ImageObject","inLanguage":"it-IT","@id":"https:\/\/progettotouring.it\/radiotouring104\/2024\/01\/18\/parco-nazionale-dellaspromonte-online-il-video-che-racconta-il-progetto-life-milvus\/#primaryimage","url":"https:\/\/progettotouring.it\/radiotouring104\/wp-content\/uploads\/sites\/6\/2024\/01\/Nibbio-reale-ente-Parco-Aspromonte.png","contentUrl":"https:\/\/progettotouring.it\/radiotouring104\/wp-content\/uploads\/sites\/6\/2024\/01\/Nibbio-reale-ente-Parco-Aspromonte.png","width":1000,"height":804},{"@type":"BreadcrumbList","@id":"https:\/\/progettotouring.it\/radiotouring104\/2024\/01\/18\/parco-nazionale-dellaspromonte-online-il-video-che-racconta-il-progetto-life-milvus\/#breadcrumb","itemListElement":[{"@type":"ListItem","position":1,"name":"Home","item":"https:\/\/progettotouring.it\/radiotouring104\/"},{"@type":"ListItem","position":2,"name":"Parco Nazionale dell&#8217;Aspromonte: online il video che racconta il Progetto Life MILVUS"}]},{"@type":"WebSite","@id":"https:\/\/progettotouring.it\/radiotouring104\/#website","url":"https:\/\/progettotouring.it\/radiotouring104\/","name":"Radio Touring 104","description":"La prima radio Reggina","publisher":{"@id":"https:\/\/progettotouring.it\/radiotouring104\/#organization"},"potentialAction":[{"@type":"SearchAction","target":{"@type":"EntryPoint","urlTemplate":"https:\/\/progettotouring.it\/radiotouring104\/?s={search_term_string}"},"query-input":{"@type":"PropertyValueSpecification","valueRequired":true,"valueName":"search_term_string"}}],"inLanguage":"it-IT"},{"@type":"Organization","@id":"https:\/\/progettotouring.it\/radiotouring104\/#organization","name":"Radio Touring 104","url":"https:\/\/progettotouring.it\/radiotouring104\/","logo":{"@type":"ImageObject","inLanguage":"it-IT","@id":"https:\/\/progettotouring.it\/radiotouring104\/#\/schema\/logo\/image\/","url":"https:\/\/progettotouring.it\/radiotouring104\/wp-content\/uploads\/sites\/6\/2022\/02\/cropped-logo-radio-touring-104.png","contentUrl":"https:\/\/progettotouring.it\/radiotouring104\/wp-content\/uploads\/sites\/6\/2022\/02\/cropped-logo-radio-touring-104.png","width":377,"height":182,"caption":"Radio Touring 104"},"image":{"@id":"https:\/\/progettotouring.it\/radiotouring104\/#\/schema\/logo\/image\/"}},{"@type":"Person","@id":"https:\/\/progettotouring.it\/radiotouring104\/#\/schema\/person\/78613917f1851f041f7483f5af1d422e","name":"Sebastiano Plutino","image":{"@type":"ImageObject","inLanguage":"it-IT","@id":"https:\/\/secure.gravatar.com\/avatar\/0546ffaa9b79224faf9f2a156b67a529ae861d3287c66c1d8ccfdf909bcba78d?s=96&d=mm&r=g","url":"https:\/\/secure.gravatar.com\/avatar\/0546ffaa9b79224faf9f2a156b67a529ae861d3287c66c1d8ccfdf909bcba78d?s=96&d=mm&r=g","contentUrl":"https:\/\/secure.gravatar.com\/avatar\/0546ffaa9b79224faf9f2a156b67a529ae861d3287c66c1d8ccfdf909bcba78d?s=96&d=mm&r=g","caption":"Sebastiano Plutino"},"url":"https:\/\/progettotouring.it\/radiotouring104\/author\/sebastiano\/"}]}},"jetpack_publicize_connections":[],"jetpack_featured_media_url":"https:\/\/progettotouring.it\/radiotouring104\/wp-content\/uploads\/sites\/6\/2024\/01\/Nibbio-reale-ente-Parco-Aspromonte.png","jetpack_sharing_enabled":true,"_links":{"self":[{"href":"https:\/\/progettotouring.it\/radiotouring104\/wp-json\/wp\/v2\/posts\/42875","targetHints":{"allow":["GET"]}}],"collection":[{"href":"https:\/\/progettotouring.it\/radiotouring104\/wp-json\/wp\/v2\/posts"}],"about":[{"href":"https:\/\/progettotouring.it\/radiotouring104\/wp-json\/wp\/v2\/types\/post"}],"author":[{"embeddable":true,"href":"https:\/\/progettotouring.it\/radiotouring104\/wp-json\/wp\/v2\/users\/12"}],"replies":[{"embeddable":true,"href":"https:\/\/progettotouring.it\/radiotouring104\/wp-json\/wp\/v2\/comments?post=42875"}],"version-history":[{"count":1,"href":"https:\/\/progettotouring.it\/radiotouring104\/wp-json\/wp\/v2\/posts\/42875\/revisions"}],"predecessor-version":[{"id":42877,"href":"https:\/\/progettotouring.it\/radiotouring104\/wp-json\/wp\/v2\/posts\/42875\/revisions\/42877"}],"wp:featuredmedia":[{"embeddable":true,"href":"https:\/\/progettotouring.it\/radiotouring104\/wp-json\/wp\/v2\/media\/42876"}],"wp:attachment":[{"href":"https:\/\/progettotouring.it\/radiotouring104\/wp-json\/wp\/v2\/media?parent=42875"}],"wp:term":[{"taxonomy":"category","embeddable":true,"href":"https:\/\/progettotouring.it\/radiotouring104\/wp-json\/wp\/v2\/categories?post=42875"},{"taxonomy":"post_tag","embeddable":true,"href":"https:\/\/progettotouring.it\/radiotouring104\/wp-json\/wp\/v2\/tags?post=42875"}],"curies":[{"name":"wp","href":"https:\/\/api.w.org\/{rel}","templated":true}]}}