{"id":42878,"date":"2024-01-18T10:44:58","date_gmt":"2024-01-18T09:44:58","guid":{"rendered":"https:\/\/progettotouring.it\/radiotouring104\/?p=42878"},"modified":"2024-01-18T10:58:37","modified_gmt":"2024-01-18T09:58:37","slug":"trenitalia-14-nuovi-assunti-calabresi-hanno-giurato-a-palazzo-s-giorgio","status":"publish","type":"post","link":"https:\/\/progettotouring.it\/radiotouring104\/2024\/01\/18\/trenitalia-14-nuovi-assunti-calabresi-hanno-giurato-a-palazzo-s-giorgio\/","title":{"rendered":"Trenitalia: 14 nuovi assunti calabresi hanno giurato a Palazzo S. Giorgio"},"content":{"rendered":"<p style=\"text-align: justify\"><strong>Si \u00e8 tenuto <\/strong>nel salone dei Lampadari \u201cItalo Falcomat\u00e0\u201d<strong> di palazzo San Giorgio il giuramento del nuovo personale assunto da Trenitalia<\/strong>. <strong>Alla cerimonia per i 14 nuovi assunti ha presenziato il sindaco Giuseppe Falcomat\u00e0.<\/strong><\/p>\n<p style=\"text-align: justify\"><em>\u00abSono felice che questo giuramento sia fatto a palazzo San Giorgio \u2013<\/em><strong> ha chiarito il sindaco &#8211;<\/strong> <em>per me \u00e8 sempre una forte emozione, non solo da sindaco, perch\u00e9 guardando queste divise il richiamo familiare \u00e8 fortissimo. La mia famiglia, come anche tante altre, deve molto a quella che oggi \u00e8 Trenitalia. Con due zii in ferrovia so benissimo cosa significa lavorare per questa grande famiglia. Oggi per voi inizia un percorso nuovo che \u00e8 frutto di sacrifici, studio e di impegno vostro e delle vostre famiglie. Spesso, vedendo qualcuno dei nostri amici, dei colleghi o compagni di scuola, si \u00e8 portati a pensare che la realizzazione lavorativa e professionale possa concretizzarsi se si conosce qualcuno. La vostra presenza qui invece \u00e8 la dimostrazione che il merito, presto o tardi, premia e che nella vita si va avanti perch\u00e9 si sa fare qualcosa e non perch\u00e9 si conosce qualcuno\u00bb.<\/em><\/p>\n<p style=\"text-align: justify\"><em>\u00abOltre al giuramento \u2013<\/em><strong> ha aggiunto il primo cittadino<\/strong><em><strong> &#8211;<\/strong> vi auguro di mettere nel vostro lavoro ci\u00f2 che la nostra Costituzione prevede per tutte le persone che svolgono degli incarichi o servizi pubblici per lo Stato. Vi auguro di farlo con disciplina e onore, come recita la Costituzione, ma anche di metterci dentro tutta la passione che vi ha portato a questo traguardo. Non dimenticate mai le tappe che vi hanno portato qui, ma soprattutto vedete questo non come un punto di arrivo ma come un punto di partenza. Iniziate adesso ma avete capacit\u00e0 e possibilit\u00e0 di fare carriera all\u2019interno delle Ferrovie \u00e8 tantissima e io ve lo auguro di cuore\u00bb.<\/em><\/p>\n","protected":false},"excerpt":{"rendered":"<p>Si \u00e8 tenuto nel salone dei Lampadari \u201cItalo Falcomat\u00e0\u201d di palazzo San Giorgio il giuramento del nuovo personale assunto da Trenitalia. Alla cerimonia per i 14 nuovi assunti ha presenziato&hellip;<\/p>\n","protected":false},"author":12,"featured_media":42884,"comment_status":"closed","ping_status":"open","sticky":false,"template":"","format":"standard","meta":{"_jetpack_memberships_contains_paid_content":false,"footnotes":"","jetpack_publicize_message":"","jetpack_publicize_feature_enabled":true,"jetpack_social_post_already_shared":false,"jetpack_social_options":{"image_generator_settings":{"template":"highway","default_image_id":0,"font":"","enabled":false},"version":2}},"categories":[921,196,140],"tags":[26467,26466,812,26465,26468,7400],"class_list":["post-42878","post","type-post","status-publish","format-standard","has-post-thumbnail","hentry","category-home","category-news","category-reggio-calabria","tag-14-nuovi-assunti-calabresi","tag-giuramento-ferrovieri-calabresi","tag-giuseppe-falcomata","tag-palazzo-s-giorgio","tag-salone-dei-lampadari-italo-falcomata","tag-trenitalia"],"yoast_head":"<!-- This site is optimized with the Yoast SEO plugin v27.2 - https:\/\/yoast.com\/product\/yoast-seo-wordpress\/ -->\n<title>Trenitalia: 14 nuovi assunti hanno giurato a Palazzo S. Giorgio<\/title>\n<meta name=\"description\" content=\"Il giuramento dei nuovi quattordici giovani calabresi che lavoreranno per Trenitalia, si \u00e8 tenuto nel salone dei Lampadari \u201cItalo Falcomat\u00e0\u201d\" \/>\n<meta name=\"robots\" content=\"index, follow, max-snippet:-1, max-image-preview:large, max-video-preview:-1\" \/>\n<link rel=\"canonical\" href=\"https:\/\/progettotouring.it\/radiotouring104\/2024\/01\/18\/trenitalia-14-nuovi-assunti-calabresi-hanno-giurato-a-palazzo-s-giorgio\/\" \/>\n<meta property=\"og:locale\" content=\"it_IT\" \/>\n<meta property=\"og:type\" content=\"article\" \/>\n<meta property=\"og:title\" content=\"Trenitalia: 14 nuovi assunti hanno giurato a Palazzo S. Giorgio\" \/>\n<meta property=\"og:description\" content=\"Il giuramento dei nuovi quattordici giovani calabresi che lavoreranno per Trenitalia, si \u00e8 tenuto nel salone dei Lampadari \u201cItalo Falcomat\u00e0\u201d\" \/>\n<meta property=\"og:url\" content=\"https:\/\/progettotouring.it\/radiotouring104\/2024\/01\/18\/trenitalia-14-nuovi-assunti-calabresi-hanno-giurato-a-palazzo-s-giorgio\/\" \/>\n<meta property=\"og:site_name\" content=\"Radio Touring 104\" \/>\n<meta property=\"article:published_time\" content=\"2024-01-18T09:44:58+00:00\" \/>\n<meta property=\"article:modified_time\" content=\"2024-01-18T09:58:37+00:00\" \/>\n<meta property=\"og:image\" content=\"https:\/\/progettotouring.it\/radiotouring104\/wp-content\/uploads\/sites\/6\/2024\/01\/Palazzo-San-Giorgio-Salone-Lampadari-Reggio-Calabria-Falcomata-Ferrovieri-scaled.jpg\" \/>\n\t<meta property=\"og:image:width\" content=\"2560\" \/>\n\t<meta property=\"og:image:height\" content=\"706\" \/>\n\t<meta property=\"og:image:type\" content=\"image\/jpeg\" \/>\n<meta name=\"author\" content=\"Sebastiano Plutino\" \/>\n<meta name=\"twitter:card\" content=\"summary_large_image\" \/>\n<meta name=\"twitter:label1\" content=\"Scritto da\" \/>\n\t<meta name=\"twitter:data1\" content=\"Sebastiano Plutino\" \/>\n\t<meta name=\"twitter:label2\" content=\"Tempo di lettura stimato\" \/>\n\t<meta name=\"twitter:data2\" content=\"1 minuto\" \/>\n<script type=\"application\/ld+json\" class=\"yoast-schema-graph\">{\"@context\":\"https:\/\/schema.org\",\"@graph\":[{\"@type\":\"Article\",\"@id\":\"https:\/\/progettotouring.it\/radiotouring104\/2024\/01\/18\/trenitalia-14-nuovi-assunti-calabresi-hanno-giurato-a-palazzo-s-giorgio\/#article\",\"isPartOf\":{\"@id\":\"https:\/\/progettotouring.it\/radiotouring104\/2024\/01\/18\/trenitalia-14-nuovi-assunti-calabresi-hanno-giurato-a-palazzo-s-giorgio\/\"},\"author\":{\"name\":\"Sebastiano Plutino\",\"@id\":\"https:\/\/progettotouring.it\/radiotouring104\/#\/schema\/person\/78613917f1851f041f7483f5af1d422e\"},\"headline\":\"Trenitalia: 14 nuovi assunti calabresi hanno giurato a Palazzo S. Giorgio\",\"datePublished\":\"2024-01-18T09:44:58+00:00\",\"dateModified\":\"2024-01-18T09:58:37+00:00\",\"mainEntityOfPage\":{\"@id\":\"https:\/\/progettotouring.it\/radiotouring104\/2024\/01\/18\/trenitalia-14-nuovi-assunti-calabresi-hanno-giurato-a-palazzo-s-giorgio\/\"},\"wordCount\":295,\"publisher\":{\"@id\":\"https:\/\/progettotouring.it\/radiotouring104\/#organization\"},\"image\":{\"@id\":\"https:\/\/progettotouring.it\/radiotouring104\/2024\/01\/18\/trenitalia-14-nuovi-assunti-calabresi-hanno-giurato-a-palazzo-s-giorgio\/#primaryimage\"},\"thumbnailUrl\":\"https:\/\/progettotouring.it\/radiotouring104\/wp-content\/uploads\/sites\/6\/2024\/01\/Palazzo-San-Giorgio-Salone-Lampadari-Reggio-Calabria-Falcomata-Ferrovieri-scaled.jpg\",\"keywords\":[\"14 nuovi assunti calabresi\",\"giuramento ferrovieri calabresi\",\"Giuseppe Falcomat\u00e0\",\"Palazzo S. Giorgio\",\"salone dei Lampadari \u201cItalo Falcomat\u00e0\u201d\",\"trenitalia\"],\"articleSection\":[\"Home\",\"News\",\"Reggio Calabria\"],\"inLanguage\":\"it-IT\"},{\"@type\":\"WebPage\",\"@id\":\"https:\/\/progettotouring.it\/radiotouring104\/2024\/01\/18\/trenitalia-14-nuovi-assunti-calabresi-hanno-giurato-a-palazzo-s-giorgio\/\",\"url\":\"https:\/\/progettotouring.it\/radiotouring104\/2024\/01\/18\/trenitalia-14-nuovi-assunti-calabresi-hanno-giurato-a-palazzo-s-giorgio\/\",\"name\":\"Trenitalia: 14 nuovi assunti hanno giurato a Palazzo S. Giorgio\",\"isPartOf\":{\"@id\":\"https:\/\/progettotouring.it\/radiotouring104\/#website\"},\"primaryImageOfPage\":{\"@id\":\"https:\/\/progettotouring.it\/radiotouring104\/2024\/01\/18\/trenitalia-14-nuovi-assunti-calabresi-hanno-giurato-a-palazzo-s-giorgio\/#primaryimage\"},\"image\":{\"@id\":\"https:\/\/progettotouring.it\/radiotouring104\/2024\/01\/18\/trenitalia-14-nuovi-assunti-calabresi-hanno-giurato-a-palazzo-s-giorgio\/#primaryimage\"},\"thumbnailUrl\":\"https:\/\/progettotouring.it\/radiotouring104\/wp-content\/uploads\/sites\/6\/2024\/01\/Palazzo-San-Giorgio-Salone-Lampadari-Reggio-Calabria-Falcomata-Ferrovieri-scaled.jpg\",\"datePublished\":\"2024-01-18T09:44:58+00:00\",\"dateModified\":\"2024-01-18T09:58:37+00:00\",\"description\":\"Il giuramento dei nuovi quattordici giovani calabresi che lavoreranno per Trenitalia, si \u00e8 tenuto nel salone dei Lampadari \u201cItalo Falcomat\u00e0\u201d\",\"breadcrumb\":{\"@id\":\"https:\/\/progettotouring.it\/radiotouring104\/2024\/01\/18\/trenitalia-14-nuovi-assunti-calabresi-hanno-giurato-a-palazzo-s-giorgio\/#breadcrumb\"},\"inLanguage\":\"it-IT\",\"potentialAction\":[{\"@type\":\"ReadAction\",\"target\":[\"https:\/\/progettotouring.it\/radiotouring104\/2024\/01\/18\/trenitalia-14-nuovi-assunti-calabresi-hanno-giurato-a-palazzo-s-giorgio\/\"]}]},{\"@type\":\"ImageObject\",\"inLanguage\":\"it-IT\",\"@id\":\"https:\/\/progettotouring.it\/radiotouring104\/2024\/01\/18\/trenitalia-14-nuovi-assunti-calabresi-hanno-giurato-a-palazzo-s-giorgio\/#primaryimage\",\"url\":\"https:\/\/progettotouring.it\/radiotouring104\/wp-content\/uploads\/sites\/6\/2024\/01\/Palazzo-San-Giorgio-Salone-Lampadari-Reggio-Calabria-Falcomata-Ferrovieri-scaled.jpg\",\"contentUrl\":\"https:\/\/progettotouring.it\/radiotouring104\/wp-content\/uploads\/sites\/6\/2024\/01\/Palazzo-San-Giorgio-Salone-Lampadari-Reggio-Calabria-Falcomata-Ferrovieri-scaled.jpg\",\"width\":2560,\"height\":706},{\"@type\":\"BreadcrumbList\",\"@id\":\"https:\/\/progettotouring.it\/radiotouring104\/2024\/01\/18\/trenitalia-14-nuovi-assunti-calabresi-hanno-giurato-a-palazzo-s-giorgio\/#breadcrumb\",\"itemListElement\":[{\"@type\":\"ListItem\",\"position\":1,\"name\":\"Home\",\"item\":\"https:\/\/progettotouring.it\/radiotouring104\/\"},{\"@type\":\"ListItem\",\"position\":2,\"name\":\"Trenitalia: 14 nuovi assunti calabresi hanno giurato a Palazzo S. Giorgio\"}]},{\"@type\":\"WebSite\",\"@id\":\"https:\/\/progettotouring.it\/radiotouring104\/#website\",\"url\":\"https:\/\/progettotouring.it\/radiotouring104\/\",\"name\":\"Radio Touring 104\",\"description\":\"La prima radio Reggina\",\"publisher\":{\"@id\":\"https:\/\/progettotouring.it\/radiotouring104\/#organization\"},\"potentialAction\":[{\"@type\":\"SearchAction\",\"target\":{\"@type\":\"EntryPoint\",\"urlTemplate\":\"https:\/\/progettotouring.it\/radiotouring104\/?s={search_term_string}\"},\"query-input\":{\"@type\":\"PropertyValueSpecification\",\"valueRequired\":true,\"valueName\":\"search_term_string\"}}],\"inLanguage\":\"it-IT\"},{\"@type\":\"Organization\",\"@id\":\"https:\/\/progettotouring.it\/radiotouring104\/#organization\",\"name\":\"Radio Touring 104\",\"url\":\"https:\/\/progettotouring.it\/radiotouring104\/\",\"logo\":{\"@type\":\"ImageObject\",\"inLanguage\":\"it-IT\",\"@id\":\"https:\/\/progettotouring.it\/radiotouring104\/#\/schema\/logo\/image\/\",\"url\":\"https:\/\/progettotouring.it\/radiotouring104\/wp-content\/uploads\/sites\/6\/2022\/02\/cropped-logo-radio-touring-104.png\",\"contentUrl\":\"https:\/\/progettotouring.it\/radiotouring104\/wp-content\/uploads\/sites\/6\/2022\/02\/cropped-logo-radio-touring-104.png\",\"width\":377,\"height\":182,\"caption\":\"Radio Touring 104\"},\"image\":{\"@id\":\"https:\/\/progettotouring.it\/radiotouring104\/#\/schema\/logo\/image\/\"}},{\"@type\":\"Person\",\"@id\":\"https:\/\/progettotouring.it\/radiotouring104\/#\/schema\/person\/78613917f1851f041f7483f5af1d422e\",\"name\":\"Sebastiano Plutino\",\"image\":{\"@type\":\"ImageObject\",\"inLanguage\":\"it-IT\",\"@id\":\"https:\/\/secure.gravatar.com\/avatar\/0546ffaa9b79224faf9f2a156b67a529ae861d3287c66c1d8ccfdf909bcba78d?s=96&d=mm&r=g\",\"url\":\"https:\/\/secure.gravatar.com\/avatar\/0546ffaa9b79224faf9f2a156b67a529ae861d3287c66c1d8ccfdf909bcba78d?s=96&d=mm&r=g\",\"contentUrl\":\"https:\/\/secure.gravatar.com\/avatar\/0546ffaa9b79224faf9f2a156b67a529ae861d3287c66c1d8ccfdf909bcba78d?s=96&d=mm&r=g\",\"caption\":\"Sebastiano Plutino\"},\"url\":\"https:\/\/progettotouring.it\/radiotouring104\/author\/sebastiano\/\"}]}<\/script>\n<!-- \/ Yoast SEO plugin. -->","yoast_head_json":{"title":"Trenitalia: 14 nuovi assunti hanno giurato a Palazzo S. Giorgio","description":"Il giuramento dei nuovi quattordici giovani calabresi che lavoreranno per Trenitalia, si \u00e8 tenuto nel salone dei Lampadari \u201cItalo Falcomat\u00e0\u201d","robots":{"index":"index","follow":"follow","max-snippet":"max-snippet:-1","max-image-preview":"max-image-preview:large","max-video-preview":"max-video-preview:-1"},"canonical":"https:\/\/progettotouring.it\/radiotouring104\/2024\/01\/18\/trenitalia-14-nuovi-assunti-calabresi-hanno-giurato-a-palazzo-s-giorgio\/","og_locale":"it_IT","og_type":"article","og_title":"Trenitalia: 14 nuovi assunti hanno giurato a Palazzo S. Giorgio","og_description":"Il giuramento dei nuovi quattordici giovani calabresi che lavoreranno per Trenitalia, si \u00e8 tenuto nel salone dei Lampadari \u201cItalo Falcomat\u00e0\u201d","og_url":"https:\/\/progettotouring.it\/radiotouring104\/2024\/01\/18\/trenitalia-14-nuovi-assunti-calabresi-hanno-giurato-a-palazzo-s-giorgio\/","og_site_name":"Radio Touring 104","article_published_time":"2024-01-18T09:44:58+00:00","article_modified_time":"2024-01-18T09:58:37+00:00","og_image":[{"width":2560,"height":706,"url":"https:\/\/progettotouring.it\/radiotouring104\/wp-content\/uploads\/sites\/6\/2024\/01\/Palazzo-San-Giorgio-Salone-Lampadari-Reggio-Calabria-Falcomata-Ferrovieri-scaled.jpg","type":"image\/jpeg"}],"author":"Sebastiano Plutino","twitter_card":"summary_large_image","twitter_misc":{"Scritto da":"Sebastiano Plutino","Tempo di lettura stimato":"1 minuto"},"schema":{"@context":"https:\/\/schema.org","@graph":[{"@type":"Article","@id":"https:\/\/progettotouring.it\/radiotouring104\/2024\/01\/18\/trenitalia-14-nuovi-assunti-calabresi-hanno-giurato-a-palazzo-s-giorgio\/#article","isPartOf":{"@id":"https:\/\/progettotouring.it\/radiotouring104\/2024\/01\/18\/trenitalia-14-nuovi-assunti-calabresi-hanno-giurato-a-palazzo-s-giorgio\/"},"author":{"name":"Sebastiano Plutino","@id":"https:\/\/progettotouring.it\/radiotouring104\/#\/schema\/person\/78613917f1851f041f7483f5af1d422e"},"headline":"Trenitalia: 14 nuovi assunti calabresi hanno giurato a Palazzo S. Giorgio","datePublished":"2024-01-18T09:44:58+00:00","dateModified":"2024-01-18T09:58:37+00:00","mainEntityOfPage":{"@id":"https:\/\/progettotouring.it\/radiotouring104\/2024\/01\/18\/trenitalia-14-nuovi-assunti-calabresi-hanno-giurato-a-palazzo-s-giorgio\/"},"wordCount":295,"publisher":{"@id":"https:\/\/progettotouring.it\/radiotouring104\/#organization"},"image":{"@id":"https:\/\/progettotouring.it\/radiotouring104\/2024\/01\/18\/trenitalia-14-nuovi-assunti-calabresi-hanno-giurato-a-palazzo-s-giorgio\/#primaryimage"},"thumbnailUrl":"https:\/\/progettotouring.it\/radiotouring104\/wp-content\/uploads\/sites\/6\/2024\/01\/Palazzo-San-Giorgio-Salone-Lampadari-Reggio-Calabria-Falcomata-Ferrovieri-scaled.jpg","keywords":["14 nuovi assunti calabresi","giuramento ferrovieri calabresi","Giuseppe Falcomat\u00e0","Palazzo S. Giorgio","salone dei Lampadari \u201cItalo Falcomat\u00e0\u201d","trenitalia"],"articleSection":["Home","News","Reggio Calabria"],"inLanguage":"it-IT"},{"@type":"WebPage","@id":"https:\/\/progettotouring.it\/radiotouring104\/2024\/01\/18\/trenitalia-14-nuovi-assunti-calabresi-hanno-giurato-a-palazzo-s-giorgio\/","url":"https:\/\/progettotouring.it\/radiotouring104\/2024\/01\/18\/trenitalia-14-nuovi-assunti-calabresi-hanno-giurato-a-palazzo-s-giorgio\/","name":"Trenitalia: 14 nuovi assunti hanno giurato a Palazzo S. Giorgio","isPartOf":{"@id":"https:\/\/progettotouring.it\/radiotouring104\/#website"},"primaryImageOfPage":{"@id":"https:\/\/progettotouring.it\/radiotouring104\/2024\/01\/18\/trenitalia-14-nuovi-assunti-calabresi-hanno-giurato-a-palazzo-s-giorgio\/#primaryimage"},"image":{"@id":"https:\/\/progettotouring.it\/radiotouring104\/2024\/01\/18\/trenitalia-14-nuovi-assunti-calabresi-hanno-giurato-a-palazzo-s-giorgio\/#primaryimage"},"thumbnailUrl":"https:\/\/progettotouring.it\/radiotouring104\/wp-content\/uploads\/sites\/6\/2024\/01\/Palazzo-San-Giorgio-Salone-Lampadari-Reggio-Calabria-Falcomata-Ferrovieri-scaled.jpg","datePublished":"2024-01-18T09:44:58+00:00","dateModified":"2024-01-18T09:58:37+00:00","description":"Il giuramento dei nuovi quattordici giovani calabresi che lavoreranno per Trenitalia, si \u00e8 tenuto nel salone dei Lampadari \u201cItalo Falcomat\u00e0\u201d","breadcrumb":{"@id":"https:\/\/progettotouring.it\/radiotouring104\/2024\/01\/18\/trenitalia-14-nuovi-assunti-calabresi-hanno-giurato-a-palazzo-s-giorgio\/#breadcrumb"},"inLanguage":"it-IT","potentialAction":[{"@type":"ReadAction","target":["https:\/\/progettotouring.it\/radiotouring104\/2024\/01\/18\/trenitalia-14-nuovi-assunti-calabresi-hanno-giurato-a-palazzo-s-giorgio\/"]}]},{"@type":"ImageObject","inLanguage":"it-IT","@id":"https:\/\/progettotouring.it\/radiotouring104\/2024\/01\/18\/trenitalia-14-nuovi-assunti-calabresi-hanno-giurato-a-palazzo-s-giorgio\/#primaryimage","url":"https:\/\/progettotouring.it\/radiotouring104\/wp-content\/uploads\/sites\/6\/2024\/01\/Palazzo-San-Giorgio-Salone-Lampadari-Reggio-Calabria-Falcomata-Ferrovieri-scaled.jpg","contentUrl":"https:\/\/progettotouring.it\/radiotouring104\/wp-content\/uploads\/sites\/6\/2024\/01\/Palazzo-San-Giorgio-Salone-Lampadari-Reggio-Calabria-Falcomata-Ferrovieri-scaled.jpg","width":2560,"height":706},{"@type":"BreadcrumbList","@id":"https:\/\/progettotouring.it\/radiotouring104\/2024\/01\/18\/trenitalia-14-nuovi-assunti-calabresi-hanno-giurato-a-palazzo-s-giorgio\/#breadcrumb","itemListElement":[{"@type":"ListItem","position":1,"name":"Home","item":"https:\/\/progettotouring.it\/radiotouring104\/"},{"@type":"ListItem","position":2,"name":"Trenitalia: 14 nuovi assunti calabresi hanno giurato a Palazzo S. Giorgio"}]},{"@type":"WebSite","@id":"https:\/\/progettotouring.it\/radiotouring104\/#website","url":"https:\/\/progettotouring.it\/radiotouring104\/","name":"Radio Touring 104","description":"La prima radio Reggina","publisher":{"@id":"https:\/\/progettotouring.it\/radiotouring104\/#organization"},"potentialAction":[{"@type":"SearchAction","target":{"@type":"EntryPoint","urlTemplate":"https:\/\/progettotouring.it\/radiotouring104\/?s={search_term_string}"},"query-input":{"@type":"PropertyValueSpecification","valueRequired":true,"valueName":"search_term_string"}}],"inLanguage":"it-IT"},{"@type":"Organization","@id":"https:\/\/progettotouring.it\/radiotouring104\/#organization","name":"Radio Touring 104","url":"https:\/\/progettotouring.it\/radiotouring104\/","logo":{"@type":"ImageObject","inLanguage":"it-IT","@id":"https:\/\/progettotouring.it\/radiotouring104\/#\/schema\/logo\/image\/","url":"https:\/\/progettotouring.it\/radiotouring104\/wp-content\/uploads\/sites\/6\/2022\/02\/cropped-logo-radio-touring-104.png","contentUrl":"https:\/\/progettotouring.it\/radiotouring104\/wp-content\/uploads\/sites\/6\/2022\/02\/cropped-logo-radio-touring-104.png","width":377,"height":182,"caption":"Radio Touring 104"},"image":{"@id":"https:\/\/progettotouring.it\/radiotouring104\/#\/schema\/logo\/image\/"}},{"@type":"Person","@id":"https:\/\/progettotouring.it\/radiotouring104\/#\/schema\/person\/78613917f1851f041f7483f5af1d422e","name":"Sebastiano Plutino","image":{"@type":"ImageObject","inLanguage":"it-IT","@id":"https:\/\/secure.gravatar.com\/avatar\/0546ffaa9b79224faf9f2a156b67a529ae861d3287c66c1d8ccfdf909bcba78d?s=96&d=mm&r=g","url":"https:\/\/secure.gravatar.com\/avatar\/0546ffaa9b79224faf9f2a156b67a529ae861d3287c66c1d8ccfdf909bcba78d?s=96&d=mm&r=g","contentUrl":"https:\/\/secure.gravatar.com\/avatar\/0546ffaa9b79224faf9f2a156b67a529ae861d3287c66c1d8ccfdf909bcba78d?s=96&d=mm&r=g","caption":"Sebastiano Plutino"},"url":"https:\/\/progettotouring.it\/radiotouring104\/author\/sebastiano\/"}]}},"jetpack_publicize_connections":[],"jetpack_featured_media_url":"https:\/\/progettotouring.it\/radiotouring104\/wp-content\/uploads\/sites\/6\/2024\/01\/Palazzo-San-Giorgio-Salone-Lampadari-Reggio-Calabria-Falcomata-Ferrovieri-scaled.jpg","jetpack_sharing_enabled":true,"_links":{"self":[{"href":"https:\/\/progettotouring.it\/radiotouring104\/wp-json\/wp\/v2\/posts\/42878","targetHints":{"allow":["GET"]}}],"collection":[{"href":"https:\/\/progettotouring.it\/radiotouring104\/wp-json\/wp\/v2\/posts"}],"about":[{"href":"https:\/\/progettotouring.it\/radiotouring104\/wp-json\/wp\/v2\/types\/post"}],"author":[{"embeddable":true,"href":"https:\/\/progettotouring.it\/radiotouring104\/wp-json\/wp\/v2\/users\/12"}],"replies":[{"embeddable":true,"href":"https:\/\/progettotouring.it\/radiotouring104\/wp-json\/wp\/v2\/comments?post=42878"}],"version-history":[{"count":3,"href":"https:\/\/progettotouring.it\/radiotouring104\/wp-json\/wp\/v2\/posts\/42878\/revisions"}],"predecessor-version":[{"id":42886,"href":"https:\/\/progettotouring.it\/radiotouring104\/wp-json\/wp\/v2\/posts\/42878\/revisions\/42886"}],"wp:featuredmedia":[{"embeddable":true,"href":"https:\/\/progettotouring.it\/radiotouring104\/wp-json\/wp\/v2\/media\/42884"}],"wp:attachment":[{"href":"https:\/\/progettotouring.it\/radiotouring104\/wp-json\/wp\/v2\/media?parent=42878"}],"wp:term":[{"taxonomy":"category","embeddable":true,"href":"https:\/\/progettotouring.it\/radiotouring104\/wp-json\/wp\/v2\/categories?post=42878"},{"taxonomy":"post_tag","embeddable":true,"href":"https:\/\/progettotouring.it\/radiotouring104\/wp-json\/wp\/v2\/tags?post=42878"}],"curies":[{"name":"wp","href":"https:\/\/api.w.org\/{rel}","templated":true}]}}