{"id":42887,"date":"2024-01-18T11:09:56","date_gmt":"2024-01-18T10:09:56","guid":{"rendered":"https:\/\/progettotouring.it\/radiotouring104\/?p=42887"},"modified":"2024-01-18T11:09:56","modified_gmt":"2024-01-18T10:09:56","slug":"reggio-consegnati-lavori-per-riqualificazione-del-complesso-residenziale-di-vico-neforo","status":"publish","type":"post","link":"https:\/\/progettotouring.it\/radiotouring104\/2024\/01\/18\/reggio-consegnati-lavori-per-riqualificazione-del-complesso-residenziale-di-vico-neforo\/","title":{"rendered":"Reggio: consegnati lavori per riqualificazione del complesso residenziale di Vico Neforo,"},"content":{"rendered":"<p style=\"text-align: justify\"><strong>Sono stati consegnati i lavori per la riqualificazione delle aree comuni del complesso residenziale pubblico di Vico Neforo<\/strong> a San Brunello. L&#8217;avvio dei lavori \u00e8 avvenuto alla presenza del sindaco <strong>Giuseppe Falcomat\u00e0<\/strong>, del vicesindaco<strong> Paolo Brunetti,<\/strong> dell\u2019assessore<strong> Paolo Costantino<\/strong>, del consigliere regionale e gi\u00e0 assessore comunale ai Lavori Pubblici ai tempi dell&#8217;avvio del progetto <strong>Giovanni Muraca<\/strong>, del consigliere delegato<strong> Massimiliano Merenda<\/strong>, del dirigente <strong>Bruno Doldo,<\/strong> del rup<strong> Giovanni Rombo<\/strong>, dei progettisti e dell&#8217;impresa che realizzer\u00e0 l&#8217;intervento.<\/p>\n<p>Nei mesi passati la vasta comunit\u00e0 dei residenti aveva preso parte alle assemblee convocate dall\u2019Amministrazione comunale reggina per illustrare e condividere <strong>i contenuti del progetto, che ha l\u2019obiettivo di migliorare il decoro urbano e i servizi per il quartiere.<\/strong> Un percorso partecipativo di confronto e di dialogo con la comunit\u00e0 dei residenti inaugurato gi\u00e0 qualche anno fa dal sindaco Giuseppe Falcomat\u00e0 e proseguito nel tempo attraverso una serie di assemblee pubbliche.<\/p>\n<p><strong>Il progetto, finanziato alla linea ministeriale<\/strong><em> &#8220;rigenerazione urbana&#8221;<\/em>, <strong>prevede una serie di interventi<\/strong> di riqualificazione dell&#8217;area.<strong> A cominciare dalla<\/strong> pavimentazione del complesso, che sar\u00e0 completamente sostituita, cos\u00ec come tutte le aree comuni, prevedendo la sistemazione e la creazione di nuovi spazi a verde, aree ludiche, spazi per lo sport all&#8217;aperto, un campo da gioco polivalente, un campo da bocce, un&#8217;area giochi per bambini, la riqualificazione dell&#8217;anfiteatro, che sar\u00e0 anche destinato ad attivit\u00e0 teatrali o al cinema all&#8217;aperto, oltre ad un sistema per una migliore regimentazione delle acque piovane ed infine la realizzazione un impianto di videosorveglianza che aumenter\u00e0 la sicurezza di tutto il quartiere.<\/p>\n<p><em>\u00abLa rigenerazione urbana per il quartiere di Vico Neforo<\/em> \u2013<strong> ha chiarito il sindaco Falcomat\u00e0<\/strong> <em>\u2013 \u00e8 stata partecipata insieme ai residenti. Un progetto condiviso insieme a loro e che nasce proprio dopo diverse assemblee che sono state fatte dopo qui, fra le palazzine degli alloggi popolari\u00bb.<\/em><\/p>\n<p><em>\u00abIl progetto vede la luce grazie a un investimento di circa due milioni di euro<\/em> \u2013 <strong>ha concluso il primo cittadino<\/strong> \u2013<em> il cronoprogramma prevede un ciclo di lavori di circa dodici mesi che seguiremo settimanalmente, insieme ai residenti che sono stati i veri protagonisti della realizzazione di questo intervento\u00bb.<\/em><\/p>\n<p><em>\u00abQuello di Vico Neforo a San Brunello \u00e8 uno dei complessi di edilizia popolare pi\u00f9 belli ed importanti della nostra citt\u00e0. E non mi riferisco solo all&#8217;aspetto architettonico, o al fatto che ci vivono centinaia di famiglie, ma al senso di comunit\u00e0 e di appartenenza che si \u00e8 generato tra i cittadini che ci abitano. E&#8217; sempre un piacere tornare a discutere con loro. Soprattutto quando si concretizzano i frutti di questa condivisione\u00bb.<\/em><br \/>\n.<br \/>\n<em>\u00abOggi abbiamo avviato la riqualificazione di questo storico complesso. E la cosa pi\u00f9 bella \u00e8 che in questi anni, durante il periodo della progettazione, abbiamo scelto insieme cosa fare e dove. Sar\u00e0 riqualificata tutta la pavimentazione delle aree esterne, sar\u00e0 sistemato il campetto da calcio, l&#8217;anfiteatro e gli spazi comuni, sar\u00e0 creata un&#8217;area giochi, un campo da bocce ed infine un impianto di videosorveglianza. Da oggi, seguiremo insieme il cantiere, ma so gi\u00e0 che quando i lavori saranno ultimati, saranno proprio i cittadini a prendersi cura di ogni singola mattonella di quel parco. Perch\u00e9 sono stati loro a sceglierla. E&#8217; questo il senso del bene comune, ed \u00e8 proprio vero che l&#8217;ascolto \u00e8 la fase pi\u00f9 importante della progettazione\u00bb.<\/em><\/p>\n","protected":false},"excerpt":{"rendered":"<p>Sono stati consegnati i lavori per la riqualificazione delle aree comuni del complesso residenziale pubblico di Vico Neforo a San Brunello. L&#8217;avvio dei lavori \u00e8 avvenuto alla presenza del sindaco&hellip;<\/p>\n","protected":false},"author":12,"featured_media":42888,"comment_status":"closed","ping_status":"open","sticky":false,"template":"","format":"standard","meta":{"_jetpack_memberships_contains_paid_content":false,"footnotes":"","jetpack_publicize_message":"","jetpack_publicize_feature_enabled":true,"jetpack_social_post_already_shared":false,"jetpack_social_options":{"image_generator_settings":{"template":"highway","default_image_id":0,"font":"","enabled":false},"version":2}},"categories":[921,196,140],"tags":[26475,26474,26471,812,495,26470,26472,26473],"class_list":["post-42887","post","type-post","status-publish","format-standard","has-post-thumbnail","hentry","category-home","category-news","category-reggio-calabria","tag-12-mesi-di-lavori","tag-2-milioni-finanziamento","tag-bruno-doldo","tag-giuseppe-falcomata","tag-paolo-brunetti","tag-paolo-costantino","tag-riqualifiicazione-complesso-residenziale","tag-san-brunello"],"yoast_head":"<!-- This site is optimized with the Yoast SEO plugin v27.2 - https:\/\/yoast.com\/product\/yoast-seo-wordpress\/ -->\n<title>Reggio: ok a riqualificazione complesso residenziale di Vico Neforo<\/title>\n<meta name=\"description\" content=\"Ciclo lavori per 12 mesi ed investimento per 2 mln.\u00a0Falcomat\u00e0: &quot;Un progetto di rigenerazione urbana programmato insieme ai cittadini&quot;\" \/>\n<meta name=\"robots\" content=\"index, follow, max-snippet:-1, max-image-preview:large, max-video-preview:-1\" \/>\n<link rel=\"canonical\" href=\"https:\/\/progettotouring.it\/radiotouring104\/2024\/01\/18\/reggio-consegnati-lavori-per-riqualificazione-del-complesso-residenziale-di-vico-neforo\/\" \/>\n<meta property=\"og:locale\" content=\"it_IT\" \/>\n<meta property=\"og:type\" content=\"article\" \/>\n<meta property=\"og:title\" content=\"Reggio: ok a riqualificazione complesso residenziale di Vico Neforo\" \/>\n<meta property=\"og:description\" content=\"Ciclo lavori per 12 mesi ed investimento per 2 mln.\u00a0Falcomat\u00e0: &quot;Un progetto di rigenerazione urbana programmato insieme ai cittadini&quot;\" \/>\n<meta property=\"og:url\" content=\"https:\/\/progettotouring.it\/radiotouring104\/2024\/01\/18\/reggio-consegnati-lavori-per-riqualificazione-del-complesso-residenziale-di-vico-neforo\/\" \/>\n<meta property=\"og:site_name\" content=\"Radio Touring 104\" \/>\n<meta property=\"article:published_time\" content=\"2024-01-18T10:09:56+00:00\" \/>\n<meta property=\"og:image\" content=\"https:\/\/progettotouring.it\/radiotouring104\/wp-content\/uploads\/sites\/6\/2024\/01\/vico-neforo-San-Brunello.jpeg\" \/>\n\t<meta property=\"og:image:width\" content=\"1600\" \/>\n\t<meta property=\"og:image:height\" content=\"1200\" \/>\n\t<meta property=\"og:image:type\" content=\"image\/jpeg\" \/>\n<meta name=\"author\" content=\"Sebastiano Plutino\" \/>\n<meta name=\"twitter:card\" content=\"summary_large_image\" \/>\n<meta name=\"twitter:label1\" content=\"Scritto da\" \/>\n\t<meta name=\"twitter:data1\" content=\"Sebastiano Plutino\" \/>\n\t<meta name=\"twitter:label2\" content=\"Tempo di lettura stimato\" \/>\n\t<meta name=\"twitter:data2\" content=\"3 minuti\" \/>\n<script type=\"application\/ld+json\" class=\"yoast-schema-graph\">{\"@context\":\"https:\/\/schema.org\",\"@graph\":[{\"@type\":\"Article\",\"@id\":\"https:\/\/progettotouring.it\/radiotouring104\/2024\/01\/18\/reggio-consegnati-lavori-per-riqualificazione-del-complesso-residenziale-di-vico-neforo\/#article\",\"isPartOf\":{\"@id\":\"https:\/\/progettotouring.it\/radiotouring104\/2024\/01\/18\/reggio-consegnati-lavori-per-riqualificazione-del-complesso-residenziale-di-vico-neforo\/\"},\"author\":{\"name\":\"Sebastiano Plutino\",\"@id\":\"https:\/\/progettotouring.it\/radiotouring104\/#\/schema\/person\/78613917f1851f041f7483f5af1d422e\"},\"headline\":\"Reggio: consegnati lavori per riqualificazione del complesso residenziale di Vico Neforo,\",\"datePublished\":\"2024-01-18T10:09:56+00:00\",\"mainEntityOfPage\":{\"@id\":\"https:\/\/progettotouring.it\/radiotouring104\/2024\/01\/18\/reggio-consegnati-lavori-per-riqualificazione-del-complesso-residenziale-di-vico-neforo\/\"},\"wordCount\":543,\"publisher\":{\"@id\":\"https:\/\/progettotouring.it\/radiotouring104\/#organization\"},\"image\":{\"@id\":\"https:\/\/progettotouring.it\/radiotouring104\/2024\/01\/18\/reggio-consegnati-lavori-per-riqualificazione-del-complesso-residenziale-di-vico-neforo\/#primaryimage\"},\"thumbnailUrl\":\"https:\/\/progettotouring.it\/radiotouring104\/wp-content\/uploads\/sites\/6\/2024\/01\/vico-neforo-San-Brunello.jpeg\",\"keywords\":[\"12 mesi di lavori\",\"2 milioni finanziamento\",\"Bruno Doldo\",\"Giuseppe Falcomat\u00e0\",\"Paolo Brunetti\",\"Paolo Costantino\",\"riqualifiicazione complesso residenziale\",\"San Brunello\"],\"articleSection\":[\"Home\",\"News\",\"Reggio Calabria\"],\"inLanguage\":\"it-IT\"},{\"@type\":\"WebPage\",\"@id\":\"https:\/\/progettotouring.it\/radiotouring104\/2024\/01\/18\/reggio-consegnati-lavori-per-riqualificazione-del-complesso-residenziale-di-vico-neforo\/\",\"url\":\"https:\/\/progettotouring.it\/radiotouring104\/2024\/01\/18\/reggio-consegnati-lavori-per-riqualificazione-del-complesso-residenziale-di-vico-neforo\/\",\"name\":\"Reggio: ok a riqualificazione complesso residenziale di Vico Neforo\",\"isPartOf\":{\"@id\":\"https:\/\/progettotouring.it\/radiotouring104\/#website\"},\"primaryImageOfPage\":{\"@id\":\"https:\/\/progettotouring.it\/radiotouring104\/2024\/01\/18\/reggio-consegnati-lavori-per-riqualificazione-del-complesso-residenziale-di-vico-neforo\/#primaryimage\"},\"image\":{\"@id\":\"https:\/\/progettotouring.it\/radiotouring104\/2024\/01\/18\/reggio-consegnati-lavori-per-riqualificazione-del-complesso-residenziale-di-vico-neforo\/#primaryimage\"},\"thumbnailUrl\":\"https:\/\/progettotouring.it\/radiotouring104\/wp-content\/uploads\/sites\/6\/2024\/01\/vico-neforo-San-Brunello.jpeg\",\"datePublished\":\"2024-01-18T10:09:56+00:00\",\"description\":\"Ciclo lavori per 12 mesi ed investimento per 2 mln.\u00a0Falcomat\u00e0: \\\"Un progetto di rigenerazione urbana programmato insieme ai cittadini\\\"\",\"breadcrumb\":{\"@id\":\"https:\/\/progettotouring.it\/radiotouring104\/2024\/01\/18\/reggio-consegnati-lavori-per-riqualificazione-del-complesso-residenziale-di-vico-neforo\/#breadcrumb\"},\"inLanguage\":\"it-IT\",\"potentialAction\":[{\"@type\":\"ReadAction\",\"target\":[\"https:\/\/progettotouring.it\/radiotouring104\/2024\/01\/18\/reggio-consegnati-lavori-per-riqualificazione-del-complesso-residenziale-di-vico-neforo\/\"]}]},{\"@type\":\"ImageObject\",\"inLanguage\":\"it-IT\",\"@id\":\"https:\/\/progettotouring.it\/radiotouring104\/2024\/01\/18\/reggio-consegnati-lavori-per-riqualificazione-del-complesso-residenziale-di-vico-neforo\/#primaryimage\",\"url\":\"https:\/\/progettotouring.it\/radiotouring104\/wp-content\/uploads\/sites\/6\/2024\/01\/vico-neforo-San-Brunello.jpeg\",\"contentUrl\":\"https:\/\/progettotouring.it\/radiotouring104\/wp-content\/uploads\/sites\/6\/2024\/01\/vico-neforo-San-Brunello.jpeg\",\"width\":1600,\"height\":1200},{\"@type\":\"BreadcrumbList\",\"@id\":\"https:\/\/progettotouring.it\/radiotouring104\/2024\/01\/18\/reggio-consegnati-lavori-per-riqualificazione-del-complesso-residenziale-di-vico-neforo\/#breadcrumb\",\"itemListElement\":[{\"@type\":\"ListItem\",\"position\":1,\"name\":\"Home\",\"item\":\"https:\/\/progettotouring.it\/radiotouring104\/\"},{\"@type\":\"ListItem\",\"position\":2,\"name\":\"Reggio: consegnati lavori per riqualificazione del complesso residenziale di Vico Neforo,\"}]},{\"@type\":\"WebSite\",\"@id\":\"https:\/\/progettotouring.it\/radiotouring104\/#website\",\"url\":\"https:\/\/progettotouring.it\/radiotouring104\/\",\"name\":\"Radio Touring 104\",\"description\":\"La prima radio Reggina\",\"publisher\":{\"@id\":\"https:\/\/progettotouring.it\/radiotouring104\/#organization\"},\"potentialAction\":[{\"@type\":\"SearchAction\",\"target\":{\"@type\":\"EntryPoint\",\"urlTemplate\":\"https:\/\/progettotouring.it\/radiotouring104\/?s={search_term_string}\"},\"query-input\":{\"@type\":\"PropertyValueSpecification\",\"valueRequired\":true,\"valueName\":\"search_term_string\"}}],\"inLanguage\":\"it-IT\"},{\"@type\":\"Organization\",\"@id\":\"https:\/\/progettotouring.it\/radiotouring104\/#organization\",\"name\":\"Radio Touring 104\",\"url\":\"https:\/\/progettotouring.it\/radiotouring104\/\",\"logo\":{\"@type\":\"ImageObject\",\"inLanguage\":\"it-IT\",\"@id\":\"https:\/\/progettotouring.it\/radiotouring104\/#\/schema\/logo\/image\/\",\"url\":\"https:\/\/progettotouring.it\/radiotouring104\/wp-content\/uploads\/sites\/6\/2022\/02\/cropped-logo-radio-touring-104.png\",\"contentUrl\":\"https:\/\/progettotouring.it\/radiotouring104\/wp-content\/uploads\/sites\/6\/2022\/02\/cropped-logo-radio-touring-104.png\",\"width\":377,\"height\":182,\"caption\":\"Radio Touring 104\"},\"image\":{\"@id\":\"https:\/\/progettotouring.it\/radiotouring104\/#\/schema\/logo\/image\/\"}},{\"@type\":\"Person\",\"@id\":\"https:\/\/progettotouring.it\/radiotouring104\/#\/schema\/person\/78613917f1851f041f7483f5af1d422e\",\"name\":\"Sebastiano Plutino\",\"image\":{\"@type\":\"ImageObject\",\"inLanguage\":\"it-IT\",\"@id\":\"https:\/\/secure.gravatar.com\/avatar\/0546ffaa9b79224faf9f2a156b67a529ae861d3287c66c1d8ccfdf909bcba78d?s=96&d=mm&r=g\",\"url\":\"https:\/\/secure.gravatar.com\/avatar\/0546ffaa9b79224faf9f2a156b67a529ae861d3287c66c1d8ccfdf909bcba78d?s=96&d=mm&r=g\",\"contentUrl\":\"https:\/\/secure.gravatar.com\/avatar\/0546ffaa9b79224faf9f2a156b67a529ae861d3287c66c1d8ccfdf909bcba78d?s=96&d=mm&r=g\",\"caption\":\"Sebastiano Plutino\"},\"url\":\"https:\/\/progettotouring.it\/radiotouring104\/author\/sebastiano\/\"}]}<\/script>\n<!-- \/ Yoast SEO plugin. -->","yoast_head_json":{"title":"Reggio: ok a riqualificazione complesso residenziale di Vico Neforo","description":"Ciclo lavori per 12 mesi ed investimento per 2 mln.\u00a0Falcomat\u00e0: \"Un progetto di rigenerazione urbana programmato insieme ai cittadini\"","robots":{"index":"index","follow":"follow","max-snippet":"max-snippet:-1","max-image-preview":"max-image-preview:large","max-video-preview":"max-video-preview:-1"},"canonical":"https:\/\/progettotouring.it\/radiotouring104\/2024\/01\/18\/reggio-consegnati-lavori-per-riqualificazione-del-complesso-residenziale-di-vico-neforo\/","og_locale":"it_IT","og_type":"article","og_title":"Reggio: ok a riqualificazione complesso residenziale di Vico Neforo","og_description":"Ciclo lavori per 12 mesi ed investimento per 2 mln.\u00a0Falcomat\u00e0: \"Un progetto di rigenerazione urbana programmato insieme ai cittadini\"","og_url":"https:\/\/progettotouring.it\/radiotouring104\/2024\/01\/18\/reggio-consegnati-lavori-per-riqualificazione-del-complesso-residenziale-di-vico-neforo\/","og_site_name":"Radio Touring 104","article_published_time":"2024-01-18T10:09:56+00:00","og_image":[{"width":1600,"height":1200,"url":"https:\/\/progettotouring.it\/radiotouring104\/wp-content\/uploads\/sites\/6\/2024\/01\/vico-neforo-San-Brunello.jpeg","type":"image\/jpeg"}],"author":"Sebastiano Plutino","twitter_card":"summary_large_image","twitter_misc":{"Scritto da":"Sebastiano Plutino","Tempo di lettura stimato":"3 minuti"},"schema":{"@context":"https:\/\/schema.org","@graph":[{"@type":"Article","@id":"https:\/\/progettotouring.it\/radiotouring104\/2024\/01\/18\/reggio-consegnati-lavori-per-riqualificazione-del-complesso-residenziale-di-vico-neforo\/#article","isPartOf":{"@id":"https:\/\/progettotouring.it\/radiotouring104\/2024\/01\/18\/reggio-consegnati-lavori-per-riqualificazione-del-complesso-residenziale-di-vico-neforo\/"},"author":{"name":"Sebastiano Plutino","@id":"https:\/\/progettotouring.it\/radiotouring104\/#\/schema\/person\/78613917f1851f041f7483f5af1d422e"},"headline":"Reggio: consegnati lavori per riqualificazione del complesso residenziale di Vico Neforo,","datePublished":"2024-01-18T10:09:56+00:00","mainEntityOfPage":{"@id":"https:\/\/progettotouring.it\/radiotouring104\/2024\/01\/18\/reggio-consegnati-lavori-per-riqualificazione-del-complesso-residenziale-di-vico-neforo\/"},"wordCount":543,"publisher":{"@id":"https:\/\/progettotouring.it\/radiotouring104\/#organization"},"image":{"@id":"https:\/\/progettotouring.it\/radiotouring104\/2024\/01\/18\/reggio-consegnati-lavori-per-riqualificazione-del-complesso-residenziale-di-vico-neforo\/#primaryimage"},"thumbnailUrl":"https:\/\/progettotouring.it\/radiotouring104\/wp-content\/uploads\/sites\/6\/2024\/01\/vico-neforo-San-Brunello.jpeg","keywords":["12 mesi di lavori","2 milioni finanziamento","Bruno Doldo","Giuseppe Falcomat\u00e0","Paolo Brunetti","Paolo Costantino","riqualifiicazione complesso residenziale","San Brunello"],"articleSection":["Home","News","Reggio Calabria"],"inLanguage":"it-IT"},{"@type":"WebPage","@id":"https:\/\/progettotouring.it\/radiotouring104\/2024\/01\/18\/reggio-consegnati-lavori-per-riqualificazione-del-complesso-residenziale-di-vico-neforo\/","url":"https:\/\/progettotouring.it\/radiotouring104\/2024\/01\/18\/reggio-consegnati-lavori-per-riqualificazione-del-complesso-residenziale-di-vico-neforo\/","name":"Reggio: ok a riqualificazione complesso residenziale di Vico Neforo","isPartOf":{"@id":"https:\/\/progettotouring.it\/radiotouring104\/#website"},"primaryImageOfPage":{"@id":"https:\/\/progettotouring.it\/radiotouring104\/2024\/01\/18\/reggio-consegnati-lavori-per-riqualificazione-del-complesso-residenziale-di-vico-neforo\/#primaryimage"},"image":{"@id":"https:\/\/progettotouring.it\/radiotouring104\/2024\/01\/18\/reggio-consegnati-lavori-per-riqualificazione-del-complesso-residenziale-di-vico-neforo\/#primaryimage"},"thumbnailUrl":"https:\/\/progettotouring.it\/radiotouring104\/wp-content\/uploads\/sites\/6\/2024\/01\/vico-neforo-San-Brunello.jpeg","datePublished":"2024-01-18T10:09:56+00:00","description":"Ciclo lavori per 12 mesi ed investimento per 2 mln.\u00a0Falcomat\u00e0: \"Un progetto di rigenerazione urbana programmato insieme ai cittadini\"","breadcrumb":{"@id":"https:\/\/progettotouring.it\/radiotouring104\/2024\/01\/18\/reggio-consegnati-lavori-per-riqualificazione-del-complesso-residenziale-di-vico-neforo\/#breadcrumb"},"inLanguage":"it-IT","potentialAction":[{"@type":"ReadAction","target":["https:\/\/progettotouring.it\/radiotouring104\/2024\/01\/18\/reggio-consegnati-lavori-per-riqualificazione-del-complesso-residenziale-di-vico-neforo\/"]}]},{"@type":"ImageObject","inLanguage":"it-IT","@id":"https:\/\/progettotouring.it\/radiotouring104\/2024\/01\/18\/reggio-consegnati-lavori-per-riqualificazione-del-complesso-residenziale-di-vico-neforo\/#primaryimage","url":"https:\/\/progettotouring.it\/radiotouring104\/wp-content\/uploads\/sites\/6\/2024\/01\/vico-neforo-San-Brunello.jpeg","contentUrl":"https:\/\/progettotouring.it\/radiotouring104\/wp-content\/uploads\/sites\/6\/2024\/01\/vico-neforo-San-Brunello.jpeg","width":1600,"height":1200},{"@type":"BreadcrumbList","@id":"https:\/\/progettotouring.it\/radiotouring104\/2024\/01\/18\/reggio-consegnati-lavori-per-riqualificazione-del-complesso-residenziale-di-vico-neforo\/#breadcrumb","itemListElement":[{"@type":"ListItem","position":1,"name":"Home","item":"https:\/\/progettotouring.it\/radiotouring104\/"},{"@type":"ListItem","position":2,"name":"Reggio: consegnati lavori per riqualificazione del complesso residenziale di Vico Neforo,"}]},{"@type":"WebSite","@id":"https:\/\/progettotouring.it\/radiotouring104\/#website","url":"https:\/\/progettotouring.it\/radiotouring104\/","name":"Radio Touring 104","description":"La prima radio Reggina","publisher":{"@id":"https:\/\/progettotouring.it\/radiotouring104\/#organization"},"potentialAction":[{"@type":"SearchAction","target":{"@type":"EntryPoint","urlTemplate":"https:\/\/progettotouring.it\/radiotouring104\/?s={search_term_string}"},"query-input":{"@type":"PropertyValueSpecification","valueRequired":true,"valueName":"search_term_string"}}],"inLanguage":"it-IT"},{"@type":"Organization","@id":"https:\/\/progettotouring.it\/radiotouring104\/#organization","name":"Radio Touring 104","url":"https:\/\/progettotouring.it\/radiotouring104\/","logo":{"@type":"ImageObject","inLanguage":"it-IT","@id":"https:\/\/progettotouring.it\/radiotouring104\/#\/schema\/logo\/image\/","url":"https:\/\/progettotouring.it\/radiotouring104\/wp-content\/uploads\/sites\/6\/2022\/02\/cropped-logo-radio-touring-104.png","contentUrl":"https:\/\/progettotouring.it\/radiotouring104\/wp-content\/uploads\/sites\/6\/2022\/02\/cropped-logo-radio-touring-104.png","width":377,"height":182,"caption":"Radio Touring 104"},"image":{"@id":"https:\/\/progettotouring.it\/radiotouring104\/#\/schema\/logo\/image\/"}},{"@type":"Person","@id":"https:\/\/progettotouring.it\/radiotouring104\/#\/schema\/person\/78613917f1851f041f7483f5af1d422e","name":"Sebastiano Plutino","image":{"@type":"ImageObject","inLanguage":"it-IT","@id":"https:\/\/secure.gravatar.com\/avatar\/0546ffaa9b79224faf9f2a156b67a529ae861d3287c66c1d8ccfdf909bcba78d?s=96&d=mm&r=g","url":"https:\/\/secure.gravatar.com\/avatar\/0546ffaa9b79224faf9f2a156b67a529ae861d3287c66c1d8ccfdf909bcba78d?s=96&d=mm&r=g","contentUrl":"https:\/\/secure.gravatar.com\/avatar\/0546ffaa9b79224faf9f2a156b67a529ae861d3287c66c1d8ccfdf909bcba78d?s=96&d=mm&r=g","caption":"Sebastiano Plutino"},"url":"https:\/\/progettotouring.it\/radiotouring104\/author\/sebastiano\/"}]}},"jetpack_publicize_connections":[],"jetpack_featured_media_url":"https:\/\/progettotouring.it\/radiotouring104\/wp-content\/uploads\/sites\/6\/2024\/01\/vico-neforo-San-Brunello.jpeg","jetpack_sharing_enabled":true,"_links":{"self":[{"href":"https:\/\/progettotouring.it\/radiotouring104\/wp-json\/wp\/v2\/posts\/42887","targetHints":{"allow":["GET"]}}],"collection":[{"href":"https:\/\/progettotouring.it\/radiotouring104\/wp-json\/wp\/v2\/posts"}],"about":[{"href":"https:\/\/progettotouring.it\/radiotouring104\/wp-json\/wp\/v2\/types\/post"}],"author":[{"embeddable":true,"href":"https:\/\/progettotouring.it\/radiotouring104\/wp-json\/wp\/v2\/users\/12"}],"replies":[{"embeddable":true,"href":"https:\/\/progettotouring.it\/radiotouring104\/wp-json\/wp\/v2\/comments?post=42887"}],"version-history":[{"count":2,"href":"https:\/\/progettotouring.it\/radiotouring104\/wp-json\/wp\/v2\/posts\/42887\/revisions"}],"predecessor-version":[{"id":42898,"href":"https:\/\/progettotouring.it\/radiotouring104\/wp-json\/wp\/v2\/posts\/42887\/revisions\/42898"}],"wp:featuredmedia":[{"embeddable":true,"href":"https:\/\/progettotouring.it\/radiotouring104\/wp-json\/wp\/v2\/media\/42888"}],"wp:attachment":[{"href":"https:\/\/progettotouring.it\/radiotouring104\/wp-json\/wp\/v2\/media?parent=42887"}],"wp:term":[{"taxonomy":"category","embeddable":true,"href":"https:\/\/progettotouring.it\/radiotouring104\/wp-json\/wp\/v2\/categories?post=42887"},{"taxonomy":"post_tag","embeddable":true,"href":"https:\/\/progettotouring.it\/radiotouring104\/wp-json\/wp\/v2\/tags?post=42887"}],"curies":[{"name":"wp","href":"https:\/\/api.w.org\/{rel}","templated":true}]}}